{"id":87874,"date":"2020-04-21T18:47:44","date_gmt":"2020-04-21T16:47:44","guid":{"rendered":"https:\/\/www.iemj.org\/la-musique-israelienne-des-annees-70\/"},"modified":"2025-10-03T09:53:36","modified_gmt":"2025-10-03T07:53:36","slug":"la-musique-israelienne-des-annees-70","status":"publish","type":"post","link":"https:\/\/www.iemj.org\/es\/la-musique-israelienne-des-annees-70\/","title":{"rendered":"La m\u00fasica israel\u00ed de los a\u00f1os 70"},"content":{"rendered":"<p>En la serie \u00abLas colecciones del IEMJ\u00bb, le invitamos a descubrir la producci\u00f3n discogr\u00e1fica israel\u00ed de los a\u00f1os 70, en todos sus aspectos vintage y a veces kitsch&#8230;<\/p>\n<p><!--more--><\/p>\n<p>La m\u00fasica israel\u00ed de los a\u00f1os 1970 vio la aparici\u00f3n de muchos artistas como Mike Brant, Ahuva Ozeri, Arik Einstein, Tzipi Shavit, Shimon Bar y de grupos como Hagshash Hahiver, Zadikoff Choir, Lahakat Kav\u00e9r\u00e8t (\u2026)<\/p>\n<p>La producci\u00f3n discogr\u00e1fica de esta \u00e9poca se caracteriza por forros de discos 33 rpm coloreados, vintage, al grafismo singular y de las m\u00fasicas a las sonoridades rock, pop y folk.<\/p>\n<p><img fetchpriority=\"high\" decoding=\"async\" class=\" aligncenter size-full wp-image-28241\" src=\"https:\/\/www.iemj.org\/wp-content\/uploads\/2020\/04\/doc_2_anne_es_70.jpg\" alt=\"doc_2_anne_es_70.jpg\" width=\"937\" height=\"243\" align=\"middle\" srcset=\"https:\/\/www.iemj.org\/wp-content\/uploads\/2020\/04\/doc_2_anne_es_70.jpg 937w, https:\/\/www.iemj.org\/wp-content\/uploads\/2020\/04\/doc_2_anne_es_70-300x78.jpg 300w, https:\/\/www.iemj.org\/wp-content\/uploads\/2020\/04\/doc_2_anne_es_70-768x199.jpg 768w, https:\/\/www.iemj.org\/wp-content\/uploads\/2020\/04\/doc_2_anne_es_70-600x156.jpg 600w\" sizes=\"(max-width: 937px) 100vw, 937px\" \/><\/p>\n<p>Los archivos del IEMJ rebosan de discos editados en los a\u00f1os que provean en su mayor\u00eda de los fondos de archivos de las radios jud\u00edas.<\/p>\n<p>En esta nueva serie de v\u00eddeos consagrada a las colecciones del IEMJ, os proponemos un emblem\u00e1tico montaje audiovisual de la m\u00fasica israel\u00ed de los a\u00f1os 70.<\/p>\n\n\n<figure class=\"wp-block-video\"><video height=\"576\" style=\"aspect-ratio: 720 \/ 576;\" width=\"720\" controls src=\"https:\/\/www.iemj.org\/wp-content\/uploads\/2020\/11\/musique_israelienne_des_annees_70_def.mp4\"><\/video><\/figure>\n\n\n<div class=\"wp-block-image\">\n<figure class=\"aligncenter size-large\"><img decoding=\"async\" width=\"1024\" height=\"133\" src=\"https:\/\/www.iemj.org\/wp-content\/uploads\/2024\/03\/AUDIO-PLAYER-1024x133.png\" alt=\"\" class=\"wp-image-110610\" srcset=\"https:\/\/www.iemj.org\/wp-content\/uploads\/2024\/03\/AUDIO-PLAYER-1024x133.png 1024w, https:\/\/www.iemj.org\/wp-content\/uploads\/2024\/03\/AUDIO-PLAYER-300x39.png 300w, https:\/\/www.iemj.org\/wp-content\/uploads\/2024\/03\/AUDIO-PLAYER-768x100.png 768w, https:\/\/www.iemj.org\/wp-content\/uploads\/2024\/03\/AUDIO-PLAYER-600x78.png 600w, https:\/\/www.iemj.org\/wp-content\/uploads\/2024\/03\/AUDIO-PLAYER.png 1210w\" sizes=\"(max-width: 1024px) 100vw, 1024px\" \/><\/figure>\n<\/div>\n\n\n<div class=\"wp-block-file\"><a id=\"wp-block-file--media-d1a30a46-7872-4747-9a02-3680e3f5b102\" href=\"https:\/\/www.iemj.org\/wp-content\/uploads\/2020\/04\/1_like_a_lion_-_hagshash_hahiver.mp3\">1) Like a lion &#8211; Hagshash Hahiver<\/a><\/div>\n\n\n\n<div class=\"wp-block-file\"><a id=\"wp-block-file--media-2c74c637-8f38-43b1-85c2-7b23e0614c64\" href=\"https:\/\/www.iemj.org\/wp-content\/uploads\/2020\/04\/2_lo_bayom_velo_balayla_-_zadikoff_choir.mp3\">2) Lo bayom velo balayla &#8211; Zadikoff Choir<\/a><\/div>\n\n\n\n<div class=\"wp-block-file\"><a id=\"wp-block-file--media-1b6e5d5f-fe03-4697-9166-bca777ed5401\" href=\"https:\/\/www.iemj.org\/wp-content\/uploads\/2020\/04\/3_sometimes_one_waits_-_entertainer_at_midnight.mp3\">3) Sometimes one waits &#8211; Entertainer at midnight<\/a><\/div>\n\n\n\n<div class=\"wp-block-file\"><a id=\"wp-block-file--media-1f1e03ce-a2f0-41d6-818f-ed3f5d9795d6\" href=\"https:\/\/www.iemj.org\/wp-content\/uploads\/2020\/04\/4_dreams_of_paradise_-_ahuva_ozeri.mp3\">4) Dreams of paradise &#8211; Ahuva Ozeri<\/a><\/div>\n\n\n\n<div class=\"wp-block-file\"><a id=\"wp-block-file--media-fffe0958-d167-4cbe-bdfd-9202a1b15fc8\" href=\"https:\/\/www.iemj.org\/wp-content\/uploads\/2020\/04\/5_sometimes_yes_sometimes_no_-_lahakat_kave_re_t.mp3\">5) Sometimes Yes, Sometimes No &#8211; Lahakat Kaveret<\/a><\/div>\n\n\n\n<div class=\"wp-block-file\"><a id=\"wp-block-file--media-f5874bfa-242a-469f-89d0-9f45332540c6\" href=\"https:\/\/www.iemj.org\/wp-content\/uploads\/2020\/04\/6_gamad_-_tzipi_shavit.mp3\">6) Gamad &#8211; Tzipi Shavit<\/a><\/div>\n","protected":false},"excerpt":{"rendered":"<p>En la serie \u00abLas colecciones del IEMJ\u00bb, le invitamos a descubrir la producci\u00f3n discogr\u00e1fica israel\u00ed de los a\u00f1os 70, en todos sus aspectos vintage y a veces kitsch&#8230;<\/p>\n","protected":false},"author":1052,"featured_media":87875,"comment_status":"closed","ping_status":"closed","sticky":false,"template":"","format":"standard","meta":{"_acf_changed":false,"footnotes":""},"categories":[1532],"tags":[2086],"technique":[],"squelettes":[],"sujet":[],"formation":[],"genre":[],"fonds":[],"tradition":[],"type-de-contenu":[],"interprete-compositeur":[],"frise":[],"type-devenement":[],"tableaux-liens-externes":[],"class_list":["post-87874","post","type-post","status-publish","format-standard","has-post-thumbnail","hentry","category-programas-tv-videos-es","tag-israel-es"],"acf":[],"yoast_head":"<!-- This site is optimized with the Yoast SEO plugin v27.3 - https:\/\/yoast.com\/product\/yoast-seo-wordpress\/ -->\n<title>La m\u00fasica israel\u00ed de los a\u00f1os 70 - Institut Europ\u00e9en des Musiques Juives<\/title>\n<meta name=\"robots\" content=\"index, follow, max-snippet:-1, max-image-preview:large, max-video-preview:-1\" \/>\n<link rel=\"canonical\" href=\"https:\/\/www.iemj.org\/es\/la-musique-israelienne-des-annees-70\/\" \/>\n<meta property=\"og:locale\" content=\"es_ES\" \/>\n<meta property=\"og:type\" content=\"article\" \/>\n<meta property=\"og:title\" content=\"La m\u00fasica israel\u00ed de los a\u00f1os 70 - Institut Europ\u00e9en des Musiques Juives\" \/>\n<meta property=\"og:description\" content=\"En la serie \u00abLas colecciones del IEMJ\u00bb, le invitamos a descubrir la producci\u00f3n discogr\u00e1fica israel\u00ed de los a\u00f1os 70, en todos sus aspectos vintage y a veces kitsch&#8230;\" \/>\n<meta property=\"og:url\" content=\"https:\/\/www.iemj.org\/es\/la-musique-israelienne-des-annees-70\/\" \/>\n<meta property=\"og:site_name\" content=\"Institut Europ\u00e9en des Musiques Juives\" \/>\n<meta property=\"article:publisher\" content=\"https:\/\/www.facebook.com\/MusiquesJuives\/\" \/>\n<meta property=\"article:published_time\" content=\"2020-04-21T16:47:44+00:00\" \/>\n<meta property=\"article:modified_time\" content=\"2025-10-03T07:53:36+00:00\" \/>\n<meta property=\"og:image\" content=\"https:\/\/www.iemj.org\/wp-content\/uploads\/2020\/04\/arton4698-e1618566863283.jpg\" \/>\n\t<meta property=\"og:image:width\" content=\"350\" \/>\n\t<meta property=\"og:image:height\" content=\"350\" \/>\n\t<meta property=\"og:image:type\" content=\"image\/jpeg\" \/>\n<meta name=\"author\" content=\"Lea Couderc\" \/>\n<meta name=\"twitter:card\" content=\"summary_large_image\" \/>\n<meta name=\"twitter:label1\" content=\"Escrito por\" \/>\n\t<meta name=\"twitter:data1\" content=\"Lea Couderc\" \/>\n\t<meta name=\"twitter:label2\" content=\"Tiempo de lectura\" \/>\n\t<meta name=\"twitter:data2\" content=\"2 minutos\" \/>\n<script type=\"application\/ld+json\" class=\"yoast-schema-graph\">{\"@context\":\"https:\\\/\\\/schema.org\",\"@graph\":[{\"@type\":\"Article\",\"@id\":\"https:\\\/\\\/www.iemj.org\\\/es\\\/la-musique-israelienne-des-annees-70\\\/#article\",\"isPartOf\":{\"@id\":\"https:\\\/\\\/www.iemj.org\\\/es\\\/la-musique-israelienne-des-annees-70\\\/\"},\"author\":{\"name\":\"Lea Couderc\",\"@id\":\"https:\\\/\\\/www.iemj.org\\\/es\\\/#\\\/schema\\\/person\\\/e2ad57f2c4be119c7ed8ab79036807a9\"},\"headline\":\"La m\u00fasica israel\u00ed de los a\u00f1os 70\",\"datePublished\":\"2020-04-21T16:47:44+00:00\",\"dateModified\":\"2025-10-03T07:53:36+00:00\",\"mainEntityOfPage\":{\"@id\":\"https:\\\/\\\/www.iemj.org\\\/es\\\/la-musique-israelienne-des-annees-70\\\/\"},\"wordCount\":202,\"publisher\":{\"@id\":\"https:\\\/\\\/www.iemj.org\\\/es\\\/#organization\"},\"image\":{\"@id\":\"https:\\\/\\\/www.iemj.org\\\/es\\\/la-musique-israelienne-des-annees-70\\\/#primaryimage\"},\"thumbnailUrl\":\"https:\\\/\\\/www.iemj.org\\\/wp-content\\\/uploads\\\/2020\\\/04\\\/arton4698-e1618566863283.jpg\",\"keywords\":[\"Israel\"],\"articleSection\":[\"Programas TV \\\/ V\u00eddeos\"],\"inLanguage\":\"es\"},{\"@type\":\"WebPage\",\"@id\":\"https:\\\/\\\/www.iemj.org\\\/es\\\/la-musique-israelienne-des-annees-70\\\/\",\"url\":\"https:\\\/\\\/www.iemj.org\\\/es\\\/la-musique-israelienne-des-annees-70\\\/\",\"name\":\"La m\u00fasica israel\u00ed de los a\u00f1os 70 - Institut Europ\u00e9en des Musiques Juives\",\"isPartOf\":{\"@id\":\"https:\\\/\\\/www.iemj.org\\\/es\\\/#website\"},\"primaryImageOfPage\":{\"@id\":\"https:\\\/\\\/www.iemj.org\\\/es\\\/la-musique-israelienne-des-annees-70\\\/#primaryimage\"},\"image\":{\"@id\":\"https:\\\/\\\/www.iemj.org\\\/es\\\/la-musique-israelienne-des-annees-70\\\/#primaryimage\"},\"thumbnailUrl\":\"https:\\\/\\\/www.iemj.org\\\/wp-content\\\/uploads\\\/2020\\\/04\\\/arton4698-e1618566863283.jpg\",\"datePublished\":\"2020-04-21T16:47:44+00:00\",\"dateModified\":\"2025-10-03T07:53:36+00:00\",\"breadcrumb\":{\"@id\":\"https:\\\/\\\/www.iemj.org\\\/es\\\/la-musique-israelienne-des-annees-70\\\/#breadcrumb\"},\"inLanguage\":\"es\",\"potentialAction\":[{\"@type\":\"ReadAction\",\"target\":[\"https:\\\/\\\/www.iemj.org\\\/es\\\/la-musique-israelienne-des-annees-70\\\/\"]}]},{\"@type\":\"ImageObject\",\"inLanguage\":\"es\",\"@id\":\"https:\\\/\\\/www.iemj.org\\\/es\\\/la-musique-israelienne-des-annees-70\\\/#primaryimage\",\"url\":\"https:\\\/\\\/www.iemj.org\\\/wp-content\\\/uploads\\\/2020\\\/04\\\/arton4698-e1618566863283.jpg\",\"contentUrl\":\"https:\\\/\\\/www.iemj.org\\\/wp-content\\\/uploads\\\/2020\\\/04\\\/arton4698-e1618566863283.jpg\",\"width\":350,\"height\":350},{\"@type\":\"BreadcrumbList\",\"@id\":\"https:\\\/\\\/www.iemj.org\\\/es\\\/la-musique-israelienne-des-annees-70\\\/#breadcrumb\",\"itemListElement\":[{\"@type\":\"ListItem\",\"position\":1,\"name\":\"Accueil\",\"item\":\"https:\\\/\\\/www.iemj.org\\\/es\\\/\"},{\"@type\":\"ListItem\",\"position\":2,\"name\":\"La m\u00fasica israel\u00ed de los a\u00f1os 70\"}]},{\"@type\":\"WebSite\",\"@id\":\"https:\\\/\\\/www.iemj.org\\\/es\\\/#website\",\"url\":\"https:\\\/\\\/www.iemj.org\\\/es\\\/\",\"name\":\"Institut Europ\u00e9en des Musiques Juives\",\"description\":\"Des traditions musicales \u00e0 la port\u00e9e de tous\",\"publisher\":{\"@id\":\"https:\\\/\\\/www.iemj.org\\\/es\\\/#organization\"},\"potentialAction\":[{\"@type\":\"SearchAction\",\"target\":{\"@type\":\"EntryPoint\",\"urlTemplate\":\"https:\\\/\\\/www.iemj.org\\\/es\\\/?s={search_term_string}\"},\"query-input\":{\"@type\":\"PropertyValueSpecification\",\"valueRequired\":true,\"valueName\":\"search_term_string\"}}],\"inLanguage\":\"es\"},{\"@type\":\"Organization\",\"@id\":\"https:\\\/\\\/www.iemj.org\\\/es\\\/#organization\",\"name\":\"Institut Europ\u00e9en des Musiques Juives\",\"url\":\"https:\\\/\\\/www.iemj.org\\\/es\\\/\",\"logo\":{\"@type\":\"ImageObject\",\"inLanguage\":\"es\",\"@id\":\"https:\\\/\\\/www.iemj.org\\\/es\\\/#\\\/schema\\\/logo\\\/image\\\/\",\"url\":\"https:\\\/\\\/www.iemj.org\\\/wp-content\\\/uploads\\\/2021\\\/09\\\/Logo-IEMJ-Paypal.jpg\",\"contentUrl\":\"https:\\\/\\\/www.iemj.org\\\/wp-content\\\/uploads\\\/2021\\\/09\\\/Logo-IEMJ-Paypal.jpg\",\"width\":150,\"height\":50,\"caption\":\"Institut Europ\u00e9en des Musiques Juives\"},\"image\":{\"@id\":\"https:\\\/\\\/www.iemj.org\\\/es\\\/#\\\/schema\\\/logo\\\/image\\\/\"},\"sameAs\":[\"https:\\\/\\\/www.facebook.com\\\/MusiquesJuives\\\/\",\"https:\\\/\\\/www.instagram.com\\\/musiquesjuives\\\/\",\"https:\\\/\\\/www.youtube.com\\\/user\\\/musiquesjuives\"]},{\"@type\":\"Person\",\"@id\":\"https:\\\/\\\/www.iemj.org\\\/es\\\/#\\\/schema\\\/person\\\/e2ad57f2c4be119c7ed8ab79036807a9\",\"name\":\"Lea Couderc\",\"image\":{\"@type\":\"ImageObject\",\"inLanguage\":\"es\",\"@id\":\"https:\\\/\\\/secure.gravatar.com\\\/avatar\\\/46ee021475d60aeff17a7e490b79dea5a5684bb392ab7fd1494027411df8ba23?s=96&d=mm&r=g\",\"url\":\"https:\\\/\\\/secure.gravatar.com\\\/avatar\\\/46ee021475d60aeff17a7e490b79dea5a5684bb392ab7fd1494027411df8ba23?s=96&d=mm&r=g\",\"contentUrl\":\"https:\\\/\\\/secure.gravatar.com\\\/avatar\\\/46ee021475d60aeff17a7e490b79dea5a5684bb392ab7fd1494027411df8ba23?s=96&d=mm&r=g\",\"caption\":\"Lea Couderc\"}}]}<\/script>\n<!-- \/ Yoast SEO plugin. -->","yoast_head_json":{"title":"La m\u00fasica israel\u00ed de los a\u00f1os 70 - Institut Europ\u00e9en des Musiques Juives","robots":{"index":"index","follow":"follow","max-snippet":"max-snippet:-1","max-image-preview":"max-image-preview:large","max-video-preview":"max-video-preview:-1"},"canonical":"https:\/\/www.iemj.org\/es\/la-musique-israelienne-des-annees-70\/","og_locale":"es_ES","og_type":"article","og_title":"La m\u00fasica israel\u00ed de los a\u00f1os 70 - Institut Europ\u00e9en des Musiques Juives","og_description":"En la serie \u00abLas colecciones del IEMJ\u00bb, le invitamos a descubrir la producci\u00f3n discogr\u00e1fica israel\u00ed de los a\u00f1os 70, en todos sus aspectos vintage y a veces kitsch&#8230;","og_url":"https:\/\/www.iemj.org\/es\/la-musique-israelienne-des-annees-70\/","og_site_name":"Institut Europ\u00e9en des Musiques Juives","article_publisher":"https:\/\/www.facebook.com\/MusiquesJuives\/","article_published_time":"2020-04-21T16:47:44+00:00","article_modified_time":"2025-10-03T07:53:36+00:00","og_image":[{"width":350,"height":350,"url":"https:\/\/www.iemj.org\/wp-content\/uploads\/2020\/04\/arton4698-e1618566863283.jpg","type":"image\/jpeg"}],"author":"Lea Couderc","twitter_card":"summary_large_image","twitter_misc":{"Escrito por":"Lea Couderc","Tiempo de lectura":"2 minutos"},"schema":{"@context":"https:\/\/schema.org","@graph":[{"@type":"Article","@id":"https:\/\/www.iemj.org\/es\/la-musique-israelienne-des-annees-70\/#article","isPartOf":{"@id":"https:\/\/www.iemj.org\/es\/la-musique-israelienne-des-annees-70\/"},"author":{"name":"Lea Couderc","@id":"https:\/\/www.iemj.org\/es\/#\/schema\/person\/e2ad57f2c4be119c7ed8ab79036807a9"},"headline":"La m\u00fasica israel\u00ed de los a\u00f1os 70","datePublished":"2020-04-21T16:47:44+00:00","dateModified":"2025-10-03T07:53:36+00:00","mainEntityOfPage":{"@id":"https:\/\/www.iemj.org\/es\/la-musique-israelienne-des-annees-70\/"},"wordCount":202,"publisher":{"@id":"https:\/\/www.iemj.org\/es\/#organization"},"image":{"@id":"https:\/\/www.iemj.org\/es\/la-musique-israelienne-des-annees-70\/#primaryimage"},"thumbnailUrl":"https:\/\/www.iemj.org\/wp-content\/uploads\/2020\/04\/arton4698-e1618566863283.jpg","keywords":["Israel"],"articleSection":["Programas TV \/ V\u00eddeos"],"inLanguage":"es"},{"@type":"WebPage","@id":"https:\/\/www.iemj.org\/es\/la-musique-israelienne-des-annees-70\/","url":"https:\/\/www.iemj.org\/es\/la-musique-israelienne-des-annees-70\/","name":"La m\u00fasica israel\u00ed de los a\u00f1os 70 - Institut Europ\u00e9en des Musiques Juives","isPartOf":{"@id":"https:\/\/www.iemj.org\/es\/#website"},"primaryImageOfPage":{"@id":"https:\/\/www.iemj.org\/es\/la-musique-israelienne-des-annees-70\/#primaryimage"},"image":{"@id":"https:\/\/www.iemj.org\/es\/la-musique-israelienne-des-annees-70\/#primaryimage"},"thumbnailUrl":"https:\/\/www.iemj.org\/wp-content\/uploads\/2020\/04\/arton4698-e1618566863283.jpg","datePublished":"2020-04-21T16:47:44+00:00","dateModified":"2025-10-03T07:53:36+00:00","breadcrumb":{"@id":"https:\/\/www.iemj.org\/es\/la-musique-israelienne-des-annees-70\/#breadcrumb"},"inLanguage":"es","potentialAction":[{"@type":"ReadAction","target":["https:\/\/www.iemj.org\/es\/la-musique-israelienne-des-annees-70\/"]}]},{"@type":"ImageObject","inLanguage":"es","@id":"https:\/\/www.iemj.org\/es\/la-musique-israelienne-des-annees-70\/#primaryimage","url":"https:\/\/www.iemj.org\/wp-content\/uploads\/2020\/04\/arton4698-e1618566863283.jpg","contentUrl":"https:\/\/www.iemj.org\/wp-content\/uploads\/2020\/04\/arton4698-e1618566863283.jpg","width":350,"height":350},{"@type":"BreadcrumbList","@id":"https:\/\/www.iemj.org\/es\/la-musique-israelienne-des-annees-70\/#breadcrumb","itemListElement":[{"@type":"ListItem","position":1,"name":"Accueil","item":"https:\/\/www.iemj.org\/es\/"},{"@type":"ListItem","position":2,"name":"La m\u00fasica israel\u00ed de los a\u00f1os 70"}]},{"@type":"WebSite","@id":"https:\/\/www.iemj.org\/es\/#website","url":"https:\/\/www.iemj.org\/es\/","name":"Institut Europ\u00e9en des Musiques Juives","description":"Des traditions musicales \u00e0 la port\u00e9e de tous","publisher":{"@id":"https:\/\/www.iemj.org\/es\/#organization"},"potentialAction":[{"@type":"SearchAction","target":{"@type":"EntryPoint","urlTemplate":"https:\/\/www.iemj.org\/es\/?s={search_term_string}"},"query-input":{"@type":"PropertyValueSpecification","valueRequired":true,"valueName":"search_term_string"}}],"inLanguage":"es"},{"@type":"Organization","@id":"https:\/\/www.iemj.org\/es\/#organization","name":"Institut Europ\u00e9en des Musiques Juives","url":"https:\/\/www.iemj.org\/es\/","logo":{"@type":"ImageObject","inLanguage":"es","@id":"https:\/\/www.iemj.org\/es\/#\/schema\/logo\/image\/","url":"https:\/\/www.iemj.org\/wp-content\/uploads\/2021\/09\/Logo-IEMJ-Paypal.jpg","contentUrl":"https:\/\/www.iemj.org\/wp-content\/uploads\/2021\/09\/Logo-IEMJ-Paypal.jpg","width":150,"height":50,"caption":"Institut Europ\u00e9en des Musiques Juives"},"image":{"@id":"https:\/\/www.iemj.org\/es\/#\/schema\/logo\/image\/"},"sameAs":["https:\/\/www.facebook.com\/MusiquesJuives\/","https:\/\/www.instagram.com\/musiquesjuives\/","https:\/\/www.youtube.com\/user\/musiquesjuives"]},{"@type":"Person","@id":"https:\/\/www.iemj.org\/es\/#\/schema\/person\/e2ad57f2c4be119c7ed8ab79036807a9","name":"Lea Couderc","image":{"@type":"ImageObject","inLanguage":"es","@id":"https:\/\/secure.gravatar.com\/avatar\/46ee021475d60aeff17a7e490b79dea5a5684bb392ab7fd1494027411df8ba23?s=96&d=mm&r=g","url":"https:\/\/secure.gravatar.com\/avatar\/46ee021475d60aeff17a7e490b79dea5a5684bb392ab7fd1494027411df8ba23?s=96&d=mm&r=g","contentUrl":"https:\/\/secure.gravatar.com\/avatar\/46ee021475d60aeff17a7e490b79dea5a5684bb392ab7fd1494027411df8ba23?s=96&d=mm&r=g","caption":"Lea Couderc"}}]}},"_links":{"self":[{"href":"https:\/\/www.iemj.org\/es\/wp-json\/wp\/v2\/posts\/87874","targetHints":{"allow":["GET"]}}],"collection":[{"href":"https:\/\/www.iemj.org\/es\/wp-json\/wp\/v2\/posts"}],"about":[{"href":"https:\/\/www.iemj.org\/es\/wp-json\/wp\/v2\/types\/post"}],"author":[{"embeddable":true,"href":"https:\/\/www.iemj.org\/es\/wp-json\/wp\/v2\/users\/1052"}],"replies":[{"embeddable":true,"href":"https:\/\/www.iemj.org\/es\/wp-json\/wp\/v2\/comments?post=87874"}],"version-history":[{"count":1,"href":"https:\/\/www.iemj.org\/es\/wp-json\/wp\/v2\/posts\/87874\/revisions"}],"predecessor-version":[{"id":126265,"href":"https:\/\/www.iemj.org\/es\/wp-json\/wp\/v2\/posts\/87874\/revisions\/126265"}],"wp:featuredmedia":[{"embeddable":true,"href":"https:\/\/www.iemj.org\/es\/wp-json\/wp\/v2\/media\/87875"}],"wp:attachment":[{"href":"https:\/\/www.iemj.org\/es\/wp-json\/wp\/v2\/media?parent=87874"}],"wp:term":[{"taxonomy":"category","embeddable":true,"href":"https:\/\/www.iemj.org\/es\/wp-json\/wp\/v2\/categories?post=87874"},{"taxonomy":"post_tag","embeddable":true,"href":"https:\/\/www.iemj.org\/es\/wp-json\/wp\/v2\/tags?post=87874"},{"taxonomy":"technique","embeddable":true,"href":"https:\/\/www.iemj.org\/es\/wp-json\/wp\/v2\/technique?post=87874"},{"taxonomy":"squelettes","embeddable":true,"href":"https:\/\/www.iemj.org\/es\/wp-json\/wp\/v2\/squelettes?post=87874"},{"taxonomy":"sujet","embeddable":true,"href":"https:\/\/www.iemj.org\/es\/wp-json\/wp\/v2\/sujet?post=87874"},{"taxonomy":"formation","embeddable":true,"href":"https:\/\/www.iemj.org\/es\/wp-json\/wp\/v2\/formation?post=87874"},{"taxonomy":"genre","embeddable":true,"href":"https:\/\/www.iemj.org\/es\/wp-json\/wp\/v2\/genre?post=87874"},{"taxonomy":"fonds","embeddable":true,"href":"https:\/\/www.iemj.org\/es\/wp-json\/wp\/v2\/fonds?post=87874"},{"taxonomy":"tradition","embeddable":true,"href":"https:\/\/www.iemj.org\/es\/wp-json\/wp\/v2\/tradition?post=87874"},{"taxonomy":"type-de-contenu","embeddable":true,"href":"https:\/\/www.iemj.org\/es\/wp-json\/wp\/v2\/type-de-contenu?post=87874"},{"taxonomy":"interprete-compositeur","embeddable":true,"href":"https:\/\/www.iemj.org\/es\/wp-json\/wp\/v2\/interprete-compositeur?post=87874"},{"taxonomy":"frise","embeddable":true,"href":"https:\/\/www.iemj.org\/es\/wp-json\/wp\/v2\/frise?post=87874"},{"taxonomy":"type-devenement","embeddable":true,"href":"https:\/\/www.iemj.org\/es\/wp-json\/wp\/v2\/type-devenement?post=87874"},{"taxonomy":"tableaux-liens-externes","embeddable":true,"href":"https:\/\/www.iemj.org\/es\/wp-json\/wp\/v2\/tableaux-liens-externes?post=87874"}],"curies":[{"name":"wp","href":"https:\/\/api.w.org\/{rel}","templated":true}]}}