{"id":87953,"date":"2013-10-17T15:41:24","date_gmt":"2013-10-17T13:41:24","guid":{"rendered":"https:\/\/www.iemj.org\/epstein-brothers\/"},"modified":"2025-08-31T19:43:41","modified_gmt":"2025-08-31T17:43:41","slug":"epstein-brothers","status":"publish","type":"post","link":"https:\/\/www.iemj.org\/es\/epstein-brothers\/","title":{"rendered":"Epstein Brothers"},"content":{"rendered":"<p class=\"TableContents\" style=\"text-align: justify; text-justify: inter-ideograph;\"><span lang=\"ES\">La orquesta de los Hermanos Epstein (tambi\u00e9n conocida bajo el nombre de Epstein Brothers) era un cuarteto musical jud\u00edo originario de los Estados Unidos, que tocaba principalmente m\u00fasica klezmer. <\/span><span lang=\"ES\">Los cuatro hermanos neoyorquinos eran: Max Epstein (1912-2000), Isidore \u201cChi\u201d Epstein (1913-1986), William \u201cWillie\u201d Epstein (1919-1999) y Julius \u201cJulie\u201d Epstein (nacido en 1926).<\/span><\/p>\n<p class=\"TableContents\" style=\"text-align: justify; text-justify: inter-ideograph;\"><span lang=\"ES\">Max empez\u00f3 a tocar viol\u00edn en el momento de la proyecci\u00f3n de las pel\u00edculas mudas, a los 12 a\u00f1os. A los 16 a\u00f1os, se puso a tocar saxof\u00f3n, y luego clarinete. Muy temprano, empez\u00f3 a tocar en cabarets jud\u00edos rumanos y rusos. Su estilo fue influenciado por m\u00fasicos inmigrantes mayores, especialmente Dave Tarras, Naftule Brandwein, y Sam Beckerman, que contribuyeron a ampliar su repertorio para incluir las tradiciones des las generaciones anteriores de <i>klezmorim<\/i> de Europa Oriental.<\/span><\/p>\n<p class=\"TableContents\" style=\"text-align: justify; text-justify: inter-ideograph;\"><span lang=\"ES\">Su hermano, Isidore \u201cChi\u201d Epstein, que tocaba saxof\u00f3n y clarinete, contribuy\u00f3 a despertar el inter\u00e9s de sus hermanos por la m\u00fasica. Willie Epstein se convirti\u00f3 en trompetista yidis l\u00edder de su generaci\u00f3n, gracias a su colaboraci\u00f3n con orquestas jud\u00edas de baile y teatro destacadas. <\/span><span lang=\"ES\">Julie empez\u00f3 a acompa\u00f1ar Max a los 17 a\u00f1os, y pronto gan\u00f3 una reputaci\u00f3n como baterista importante en la m\u00fasica jud\u00eda.<\/span><\/p>\n<p class=\"TableContents\" style=\"text-align: justify; text-justify: inter-ideograph;\"><span lang=\"ES\">Los hermanos Epstein empezaron a tocar juntos a finales de los a\u00f1os 1940, despu\u00e9s de la Segunda Guerra Mundial. En aquella \u00e9poca, su repertorio principalmente constaba de m\u00fasica tradicional jas\u00eddica, tras la inmigraci\u00f3n masiva de jud\u00edos supervivientes de Europa de Este despu\u00e9s del Holocausto. Como grupo, los hermanos Epstein hicieron varias giras en ciudades de Nueva Jersey, de Pennsylvania, de Maryland, de Massachusetts o de Michigan, y tambi\u00e9n en Toronto y Montreal, tocando por dondequiera que hab\u00eda una comunidad jud\u00eda, y en particular para las comunidades Lubavitch (el mayor movimiento jas\u00eddico). Su m\u00fasica era tambi\u00e9n muy popular durante las bodas griegas e italianas.<\/span><\/p>\n<p class=\"TableContents\" style=\"text-align: justify; text-justify: inter-ideograph;\"><span lang=\"ES\">A lo largo de su vida, los hermanos Epstein vivieron de su m\u00fasica, principalmente de entretenimiento, que tocaban en clubes de barrio y salas de recepci\u00f3n de Nueva York.<\/span><\/p>\n<p class=\"TableContents\" style=\"text-align: justify; text-justify: inter-ideograph;\"><span lang=\"ES\">En su haber se encuentran varias grabaciones de m\u00fasica jas\u00eddica bajo los sellos Tikva y Menora. Ya que sab\u00edan leer m\u00fasica, los hermanos no se limitaban a tocar m\u00fasica tradicional jud\u00eda, tocaban tambi\u00e9n m\u00fasica popular de baile y de jazz.<\/span><\/p>\n<p class=\"TableContents\" style=\"text-align: justify; text-justify: inter-ideograph;\"><span lang=\"ES\">A finales de los a\u00f1os 1960, todos se instalaron en Florida, donde fundaron de nuevo su grupo klezmer. Chi falleci\u00f3 en 1986, dejando los tres hermanos siguiendo su tradici\u00f3n musical. A mediados de los a\u00f1os 1990, los 3 hermanos, semi retirados, siguieron dando cuatro a cinco conciertos a la semana en el sur de Florida, y durante ese per\u00edodo, el klezmer vivi\u00f3 un renacimiento en Estados Unidos y en el extranjero. Una vez m\u00e1s, los hermanos Epstein se volvieron portavoces de una tradici\u00f3n que siempre apoyaron a lo largo de los a\u00f1os.<\/span><\/p>\n<p class=\"TableContents\" style=\"text-align: justify; text-justify: inter-ideograph;\"><span lang=\"ES\">En 1996, Max, William y Julie actuaron todos en el documental \u201cA Tickle in the Heart\u201d que relata la vida de los cuatro hermanos. En 1998, obtuvieron el Premio National Heritage otorgado por el National Endowment for the Arts.<\/span><\/p>\n<p class=\"TableContents\" style=\"text-align: justify; text-justify: inter-ideograph;\"><span lang=\"ES\">Tras el fallecimiento de William, el 2 de julio de 1999 y el de Max, el 18 de marzo de 2000 en Ft. Lauderdale, en Florida, Julius Epstein es el \u00faltimo sobreviviente de la orquesta. Hoy en d\u00eda, a\u00fan vive en Ft. Lauderdale, con su esposa Esther.<\/span><\/p>\n\n\n<figure class=\"wp-block-embed is-type-video is-provider-youtube wp-block-embed-youtube wp-embed-aspect-4-3 wp-has-aspect-ratio\"><div class=\"wp-block-embed__wrapper\">\n<iframe title=\"The Epstein Brothers\" width=\"640\" height=\"480\" src=\"https:\/\/www.youtube.com\/embed\/dWo_jdjxXU0?feature=oembed\" frameborder=\"0\" allow=\"accelerometer; autoplay; clipboard-write; encrypted-media; gyroscope; picture-in-picture; web-share\" referrerpolicy=\"strict-origin-when-cross-origin\" allowfullscreen><\/iframe>\n<\/div><figcaption class=\"wp-element-caption\"><strong>Escuchar la entrevista (en ingl\u00e9s) de los hermanos Epstein por Neil.W Levin y Barry Serota para los Milken Archive<\/strong><\/figcaption><\/figure>\n\n\n\n<h2 class=\"wp-block-heading\"><\/h2>\n\n\n<div class=\"wp-block-image\">\n<figure class=\"aligncenter size-large\"><img fetchpriority=\"high\" decoding=\"async\" width=\"1024\" height=\"133\" src=\"https:\/\/www.iemj.org\/wp-content\/uploads\/2024\/03\/AUDIO-PLAYER-1024x133.png\" alt=\"\" class=\"wp-image-110610\" srcset=\"https:\/\/www.iemj.org\/wp-content\/uploads\/2024\/03\/AUDIO-PLAYER-1024x133.png 1024w, https:\/\/www.iemj.org\/wp-content\/uploads\/2024\/03\/AUDIO-PLAYER-300x39.png 300w, https:\/\/www.iemj.org\/wp-content\/uploads\/2024\/03\/AUDIO-PLAYER-768x100.png 768w, https:\/\/www.iemj.org\/wp-content\/uploads\/2024\/03\/AUDIO-PLAYER-600x78.png 600w, https:\/\/www.iemj.org\/wp-content\/uploads\/2024\/03\/AUDIO-PLAYER.png 1210w\" sizes=\"(max-width: 1024px) 100vw, 1024px\" \/><\/figure>\n<\/div>\n\n\n<div class=\"wp-block-file\"><a id=\"wp-block-file--media-32bc05f1-34d2-4703-b5a8-3b74419659af\" href=\"https:\/\/www.iemj.org\/wp-content\/uploads\/2013\/10\/epstein_brothers_silkene_pajamas_epstein_nign.mp3\">Epstein Brothers : Silkene Pajamas &amp; Epstein Nign<\/a><\/div>\n","protected":false},"excerpt":{"rendered":"<p>La orquesta de los Hermanos Epstein (tambi\u00e9n conocida bajo el nombre de Epstein Brothers) era un cuarteto musical jud\u00edo originario de los Estados Unidos, que tocaba principalmente m\u00fasica klezmer. Los<\/p>\n","protected":false},"author":1045,"featured_media":87955,"comment_status":"closed","ping_status":"open","sticky":false,"template":"","format":"standard","meta":{"_acf_changed":false,"footnotes":""},"categories":[1417],"tags":[],"technique":[],"squelettes":[],"sujet":[],"formation":[],"genre":[],"fonds":[],"tradition":[],"type-de-contenu":[],"interprete-compositeur":[],"frise":[],"type-devenement":[],"tableaux-liens-externes":[],"class_list":["post-87953","post","type-post","status-publish","format-standard","has-post-thumbnail","hentry","category-biografias-es"],"acf":[],"yoast_head":"<!-- This site is optimized with the Yoast SEO plugin v27.3 - https:\/\/yoast.com\/product\/yoast-seo-wordpress\/ -->\n<title>Epstein Brothers - Institut Europ\u00e9en des Musiques Juives<\/title>\n<meta name=\"robots\" content=\"index, follow, max-snippet:-1, max-image-preview:large, max-video-preview:-1\" \/>\n<link rel=\"canonical\" href=\"https:\/\/www.iemj.org\/es\/epstein-brothers\/\" \/>\n<meta property=\"og:locale\" content=\"es_ES\" \/>\n<meta property=\"og:type\" content=\"article\" \/>\n<meta property=\"og:title\" content=\"Epstein Brothers - Institut Europ\u00e9en des Musiques Juives\" \/>\n<meta property=\"og:description\" content=\"La orquesta de los Hermanos Epstein (tambi\u00e9n conocida bajo el nombre de Epstein Brothers) era un cuarteto musical jud\u00edo originario de los Estados Unidos, que tocaba principalmente m\u00fasica klezmer. Los\" \/>\n<meta property=\"og:url\" content=\"https:\/\/www.iemj.org\/es\/epstein-brothers\/\" \/>\n<meta property=\"og:site_name\" content=\"Institut Europ\u00e9en des Musiques Juives\" \/>\n<meta property=\"article:publisher\" content=\"https:\/\/www.facebook.com\/MusiquesJuives\/\" \/>\n<meta property=\"article:published_time\" content=\"2013-10-17T13:41:24+00:00\" \/>\n<meta property=\"article:modified_time\" content=\"2025-08-31T17:43:41+00:00\" \/>\n<meta property=\"og:image\" content=\"https:\/\/www.iemj.org\/wp-content\/uploads\/2013\/10\/Logo-bio-Epstein-Brothers-nv-site-e1618240650853.jpg\" \/>\n\t<meta property=\"og:image:width\" content=\"245\" \/>\n\t<meta property=\"og:image:height\" content=\"218\" \/>\n\t<meta property=\"og:image:type\" content=\"image\/jpeg\" \/>\n<meta name=\"author\" content=\"Herv\u00e9 Roten\" \/>\n<meta name=\"twitter:card\" content=\"summary_large_image\" \/>\n<meta name=\"twitter:label1\" content=\"Escrito por\" \/>\n\t<meta name=\"twitter:data1\" content=\"Herv\u00e9 Roten\" \/>\n\t<meta name=\"twitter:label2\" content=\"Tiempo de lectura\" \/>\n\t<meta name=\"twitter:data2\" content=\"4 minutos\" \/>\n<script type=\"application\/ld+json\" class=\"yoast-schema-graph\">{\"@context\":\"https:\\\/\\\/schema.org\",\"@graph\":[{\"@type\":\"Article\",\"@id\":\"https:\\\/\\\/www.iemj.org\\\/es\\\/epstein-brothers\\\/#article\",\"isPartOf\":{\"@id\":\"https:\\\/\\\/www.iemj.org\\\/es\\\/epstein-brothers\\\/\"},\"author\":{\"name\":\"Herv\u00e9 Roten\",\"@id\":\"https:\\\/\\\/www.iemj.org\\\/es\\\/#\\\/schema\\\/person\\\/906134402c29d5c76e7b726261dd4bbd\"},\"headline\":\"Epstein Brothers\",\"datePublished\":\"2013-10-17T13:41:24+00:00\",\"dateModified\":\"2025-08-31T17:43:41+00:00\",\"mainEntityOfPage\":{\"@id\":\"https:\\\/\\\/www.iemj.org\\\/es\\\/epstein-brothers\\\/\"},\"wordCount\":619,\"publisher\":{\"@id\":\"https:\\\/\\\/www.iemj.org\\\/es\\\/#organization\"},\"image\":{\"@id\":\"https:\\\/\\\/www.iemj.org\\\/es\\\/epstein-brothers\\\/#primaryimage\"},\"thumbnailUrl\":\"https:\\\/\\\/www.iemj.org\\\/wp-content\\\/uploads\\\/2013\\\/10\\\/Logo-bio-Epstein-Brothers-nv-site-e1618240650853.jpg\",\"articleSection\":[\"Biograf\u00edas\"],\"inLanguage\":\"es\"},{\"@type\":\"WebPage\",\"@id\":\"https:\\\/\\\/www.iemj.org\\\/es\\\/epstein-brothers\\\/\",\"url\":\"https:\\\/\\\/www.iemj.org\\\/es\\\/epstein-brothers\\\/\",\"name\":\"Epstein Brothers - Institut Europ\u00e9en des Musiques Juives\",\"isPartOf\":{\"@id\":\"https:\\\/\\\/www.iemj.org\\\/es\\\/#website\"},\"primaryImageOfPage\":{\"@id\":\"https:\\\/\\\/www.iemj.org\\\/es\\\/epstein-brothers\\\/#primaryimage\"},\"image\":{\"@id\":\"https:\\\/\\\/www.iemj.org\\\/es\\\/epstein-brothers\\\/#primaryimage\"},\"thumbnailUrl\":\"https:\\\/\\\/www.iemj.org\\\/wp-content\\\/uploads\\\/2013\\\/10\\\/Logo-bio-Epstein-Brothers-nv-site-e1618240650853.jpg\",\"datePublished\":\"2013-10-17T13:41:24+00:00\",\"dateModified\":\"2025-08-31T17:43:41+00:00\",\"breadcrumb\":{\"@id\":\"https:\\\/\\\/www.iemj.org\\\/es\\\/epstein-brothers\\\/#breadcrumb\"},\"inLanguage\":\"es\",\"potentialAction\":[{\"@type\":\"ReadAction\",\"target\":[\"https:\\\/\\\/www.iemj.org\\\/es\\\/epstein-brothers\\\/\"]}]},{\"@type\":\"ImageObject\",\"inLanguage\":\"es\",\"@id\":\"https:\\\/\\\/www.iemj.org\\\/es\\\/epstein-brothers\\\/#primaryimage\",\"url\":\"https:\\\/\\\/www.iemj.org\\\/wp-content\\\/uploads\\\/2013\\\/10\\\/Logo-bio-Epstein-Brothers-nv-site-e1618240650853.jpg\",\"contentUrl\":\"https:\\\/\\\/www.iemj.org\\\/wp-content\\\/uploads\\\/2013\\\/10\\\/Logo-bio-Epstein-Brothers-nv-site-e1618240650853.jpg\",\"width\":245,\"height\":218},{\"@type\":\"BreadcrumbList\",\"@id\":\"https:\\\/\\\/www.iemj.org\\\/es\\\/epstein-brothers\\\/#breadcrumb\",\"itemListElement\":[{\"@type\":\"ListItem\",\"position\":1,\"name\":\"Accueil\",\"item\":\"https:\\\/\\\/www.iemj.org\\\/es\\\/\"},{\"@type\":\"ListItem\",\"position\":2,\"name\":\"Epstein Brothers\"}]},{\"@type\":\"WebSite\",\"@id\":\"https:\\\/\\\/www.iemj.org\\\/es\\\/#website\",\"url\":\"https:\\\/\\\/www.iemj.org\\\/es\\\/\",\"name\":\"Institut Europ\u00e9en des Musiques Juives\",\"description\":\"Des traditions musicales \u00e0 la port\u00e9e de tous\",\"publisher\":{\"@id\":\"https:\\\/\\\/www.iemj.org\\\/es\\\/#organization\"},\"potentialAction\":[{\"@type\":\"SearchAction\",\"target\":{\"@type\":\"EntryPoint\",\"urlTemplate\":\"https:\\\/\\\/www.iemj.org\\\/es\\\/?s={search_term_string}\"},\"query-input\":{\"@type\":\"PropertyValueSpecification\",\"valueRequired\":true,\"valueName\":\"search_term_string\"}}],\"inLanguage\":\"es\"},{\"@type\":\"Organization\",\"@id\":\"https:\\\/\\\/www.iemj.org\\\/es\\\/#organization\",\"name\":\"Institut Europ\u00e9en des Musiques Juives\",\"url\":\"https:\\\/\\\/www.iemj.org\\\/es\\\/\",\"logo\":{\"@type\":\"ImageObject\",\"inLanguage\":\"es\",\"@id\":\"https:\\\/\\\/www.iemj.org\\\/es\\\/#\\\/schema\\\/logo\\\/image\\\/\",\"url\":\"https:\\\/\\\/www.iemj.org\\\/wp-content\\\/uploads\\\/2021\\\/09\\\/Logo-IEMJ-Paypal.jpg\",\"contentUrl\":\"https:\\\/\\\/www.iemj.org\\\/wp-content\\\/uploads\\\/2021\\\/09\\\/Logo-IEMJ-Paypal.jpg\",\"width\":150,\"height\":50,\"caption\":\"Institut Europ\u00e9en des Musiques Juives\"},\"image\":{\"@id\":\"https:\\\/\\\/www.iemj.org\\\/es\\\/#\\\/schema\\\/logo\\\/image\\\/\"},\"sameAs\":[\"https:\\\/\\\/www.facebook.com\\\/MusiquesJuives\\\/\",\"https:\\\/\\\/www.instagram.com\\\/musiquesjuives\\\/\",\"https:\\\/\\\/www.youtube.com\\\/user\\\/musiquesjuives\"]},{\"@type\":\"Person\",\"@id\":\"https:\\\/\\\/www.iemj.org\\\/es\\\/#\\\/schema\\\/person\\\/906134402c29d5c76e7b726261dd4bbd\",\"name\":\"Herv\u00e9 Roten\",\"image\":{\"@type\":\"ImageObject\",\"inLanguage\":\"es\",\"@id\":\"https:\\\/\\\/secure.gravatar.com\\\/avatar\\\/f96ad2db538a26481f18384936b5cd0610c92d390c4dc382209216d455f685ff?s=96&d=mm&r=g\",\"url\":\"https:\\\/\\\/secure.gravatar.com\\\/avatar\\\/f96ad2db538a26481f18384936b5cd0610c92d390c4dc382209216d455f685ff?s=96&d=mm&r=g\",\"contentUrl\":\"https:\\\/\\\/secure.gravatar.com\\\/avatar\\\/f96ad2db538a26481f18384936b5cd0610c92d390c4dc382209216d455f685ff?s=96&d=mm&r=g\",\"caption\":\"Herv\u00e9 Roten\"}}]}<\/script>\n<!-- \/ Yoast SEO plugin. -->","yoast_head_json":{"title":"Epstein Brothers - Institut Europ\u00e9en des Musiques Juives","robots":{"index":"index","follow":"follow","max-snippet":"max-snippet:-1","max-image-preview":"max-image-preview:large","max-video-preview":"max-video-preview:-1"},"canonical":"https:\/\/www.iemj.org\/es\/epstein-brothers\/","og_locale":"es_ES","og_type":"article","og_title":"Epstein Brothers - Institut Europ\u00e9en des Musiques Juives","og_description":"La orquesta de los Hermanos Epstein (tambi\u00e9n conocida bajo el nombre de Epstein Brothers) era un cuarteto musical jud\u00edo originario de los Estados Unidos, que tocaba principalmente m\u00fasica klezmer. Los","og_url":"https:\/\/www.iemj.org\/es\/epstein-brothers\/","og_site_name":"Institut Europ\u00e9en des Musiques Juives","article_publisher":"https:\/\/www.facebook.com\/MusiquesJuives\/","article_published_time":"2013-10-17T13:41:24+00:00","article_modified_time":"2025-08-31T17:43:41+00:00","og_image":[{"width":245,"height":218,"url":"https:\/\/www.iemj.org\/wp-content\/uploads\/2013\/10\/Logo-bio-Epstein-Brothers-nv-site-e1618240650853.jpg","type":"image\/jpeg"}],"author":"Herv\u00e9 Roten","twitter_card":"summary_large_image","twitter_misc":{"Escrito por":"Herv\u00e9 Roten","Tiempo de lectura":"4 minutos"},"schema":{"@context":"https:\/\/schema.org","@graph":[{"@type":"Article","@id":"https:\/\/www.iemj.org\/es\/epstein-brothers\/#article","isPartOf":{"@id":"https:\/\/www.iemj.org\/es\/epstein-brothers\/"},"author":{"name":"Herv\u00e9 Roten","@id":"https:\/\/www.iemj.org\/es\/#\/schema\/person\/906134402c29d5c76e7b726261dd4bbd"},"headline":"Epstein Brothers","datePublished":"2013-10-17T13:41:24+00:00","dateModified":"2025-08-31T17:43:41+00:00","mainEntityOfPage":{"@id":"https:\/\/www.iemj.org\/es\/epstein-brothers\/"},"wordCount":619,"publisher":{"@id":"https:\/\/www.iemj.org\/es\/#organization"},"image":{"@id":"https:\/\/www.iemj.org\/es\/epstein-brothers\/#primaryimage"},"thumbnailUrl":"https:\/\/www.iemj.org\/wp-content\/uploads\/2013\/10\/Logo-bio-Epstein-Brothers-nv-site-e1618240650853.jpg","articleSection":["Biograf\u00edas"],"inLanguage":"es"},{"@type":"WebPage","@id":"https:\/\/www.iemj.org\/es\/epstein-brothers\/","url":"https:\/\/www.iemj.org\/es\/epstein-brothers\/","name":"Epstein Brothers - Institut Europ\u00e9en des Musiques Juives","isPartOf":{"@id":"https:\/\/www.iemj.org\/es\/#website"},"primaryImageOfPage":{"@id":"https:\/\/www.iemj.org\/es\/epstein-brothers\/#primaryimage"},"image":{"@id":"https:\/\/www.iemj.org\/es\/epstein-brothers\/#primaryimage"},"thumbnailUrl":"https:\/\/www.iemj.org\/wp-content\/uploads\/2013\/10\/Logo-bio-Epstein-Brothers-nv-site-e1618240650853.jpg","datePublished":"2013-10-17T13:41:24+00:00","dateModified":"2025-08-31T17:43:41+00:00","breadcrumb":{"@id":"https:\/\/www.iemj.org\/es\/epstein-brothers\/#breadcrumb"},"inLanguage":"es","potentialAction":[{"@type":"ReadAction","target":["https:\/\/www.iemj.org\/es\/epstein-brothers\/"]}]},{"@type":"ImageObject","inLanguage":"es","@id":"https:\/\/www.iemj.org\/es\/epstein-brothers\/#primaryimage","url":"https:\/\/www.iemj.org\/wp-content\/uploads\/2013\/10\/Logo-bio-Epstein-Brothers-nv-site-e1618240650853.jpg","contentUrl":"https:\/\/www.iemj.org\/wp-content\/uploads\/2013\/10\/Logo-bio-Epstein-Brothers-nv-site-e1618240650853.jpg","width":245,"height":218},{"@type":"BreadcrumbList","@id":"https:\/\/www.iemj.org\/es\/epstein-brothers\/#breadcrumb","itemListElement":[{"@type":"ListItem","position":1,"name":"Accueil","item":"https:\/\/www.iemj.org\/es\/"},{"@type":"ListItem","position":2,"name":"Epstein Brothers"}]},{"@type":"WebSite","@id":"https:\/\/www.iemj.org\/es\/#website","url":"https:\/\/www.iemj.org\/es\/","name":"Institut Europ\u00e9en des Musiques Juives","description":"Des traditions musicales \u00e0 la port\u00e9e de tous","publisher":{"@id":"https:\/\/www.iemj.org\/es\/#organization"},"potentialAction":[{"@type":"SearchAction","target":{"@type":"EntryPoint","urlTemplate":"https:\/\/www.iemj.org\/es\/?s={search_term_string}"},"query-input":{"@type":"PropertyValueSpecification","valueRequired":true,"valueName":"search_term_string"}}],"inLanguage":"es"},{"@type":"Organization","@id":"https:\/\/www.iemj.org\/es\/#organization","name":"Institut Europ\u00e9en des Musiques Juives","url":"https:\/\/www.iemj.org\/es\/","logo":{"@type":"ImageObject","inLanguage":"es","@id":"https:\/\/www.iemj.org\/es\/#\/schema\/logo\/image\/","url":"https:\/\/www.iemj.org\/wp-content\/uploads\/2021\/09\/Logo-IEMJ-Paypal.jpg","contentUrl":"https:\/\/www.iemj.org\/wp-content\/uploads\/2021\/09\/Logo-IEMJ-Paypal.jpg","width":150,"height":50,"caption":"Institut Europ\u00e9en des Musiques Juives"},"image":{"@id":"https:\/\/www.iemj.org\/es\/#\/schema\/logo\/image\/"},"sameAs":["https:\/\/www.facebook.com\/MusiquesJuives\/","https:\/\/www.instagram.com\/musiquesjuives\/","https:\/\/www.youtube.com\/user\/musiquesjuives"]},{"@type":"Person","@id":"https:\/\/www.iemj.org\/es\/#\/schema\/person\/906134402c29d5c76e7b726261dd4bbd","name":"Herv\u00e9 Roten","image":{"@type":"ImageObject","inLanguage":"es","@id":"https:\/\/secure.gravatar.com\/avatar\/f96ad2db538a26481f18384936b5cd0610c92d390c4dc382209216d455f685ff?s=96&d=mm&r=g","url":"https:\/\/secure.gravatar.com\/avatar\/f96ad2db538a26481f18384936b5cd0610c92d390c4dc382209216d455f685ff?s=96&d=mm&r=g","contentUrl":"https:\/\/secure.gravatar.com\/avatar\/f96ad2db538a26481f18384936b5cd0610c92d390c4dc382209216d455f685ff?s=96&d=mm&r=g","caption":"Herv\u00e9 Roten"}}]}},"_links":{"self":[{"href":"https:\/\/www.iemj.org\/es\/wp-json\/wp\/v2\/posts\/87953","targetHints":{"allow":["GET"]}}],"collection":[{"href":"https:\/\/www.iemj.org\/es\/wp-json\/wp\/v2\/posts"}],"about":[{"href":"https:\/\/www.iemj.org\/es\/wp-json\/wp\/v2\/types\/post"}],"author":[{"embeddable":true,"href":"https:\/\/www.iemj.org\/es\/wp-json\/wp\/v2\/users\/1045"}],"replies":[{"embeddable":true,"href":"https:\/\/www.iemj.org\/es\/wp-json\/wp\/v2\/comments?post=87953"}],"version-history":[{"count":0,"href":"https:\/\/www.iemj.org\/es\/wp-json\/wp\/v2\/posts\/87953\/revisions"}],"wp:featuredmedia":[{"embeddable":true,"href":"https:\/\/www.iemj.org\/es\/wp-json\/wp\/v2\/media\/87955"}],"wp:attachment":[{"href":"https:\/\/www.iemj.org\/es\/wp-json\/wp\/v2\/media?parent=87953"}],"wp:term":[{"taxonomy":"category","embeddable":true,"href":"https:\/\/www.iemj.org\/es\/wp-json\/wp\/v2\/categories?post=87953"},{"taxonomy":"post_tag","embeddable":true,"href":"https:\/\/www.iemj.org\/es\/wp-json\/wp\/v2\/tags?post=87953"},{"taxonomy":"technique","embeddable":true,"href":"https:\/\/www.iemj.org\/es\/wp-json\/wp\/v2\/technique?post=87953"},{"taxonomy":"squelettes","embeddable":true,"href":"https:\/\/www.iemj.org\/es\/wp-json\/wp\/v2\/squelettes?post=87953"},{"taxonomy":"sujet","embeddable":true,"href":"https:\/\/www.iemj.org\/es\/wp-json\/wp\/v2\/sujet?post=87953"},{"taxonomy":"formation","embeddable":true,"href":"https:\/\/www.iemj.org\/es\/wp-json\/wp\/v2\/formation?post=87953"},{"taxonomy":"genre","embeddable":true,"href":"https:\/\/www.iemj.org\/es\/wp-json\/wp\/v2\/genre?post=87953"},{"taxonomy":"fonds","embeddable":true,"href":"https:\/\/www.iemj.org\/es\/wp-json\/wp\/v2\/fonds?post=87953"},{"taxonomy":"tradition","embeddable":true,"href":"https:\/\/www.iemj.org\/es\/wp-json\/wp\/v2\/tradition?post=87953"},{"taxonomy":"type-de-contenu","embeddable":true,"href":"https:\/\/www.iemj.org\/es\/wp-json\/wp\/v2\/type-de-contenu?post=87953"},{"taxonomy":"interprete-compositeur","embeddable":true,"href":"https:\/\/www.iemj.org\/es\/wp-json\/wp\/v2\/interprete-compositeur?post=87953"},{"taxonomy":"frise","embeddable":true,"href":"https:\/\/www.iemj.org\/es\/wp-json\/wp\/v2\/frise?post=87953"},{"taxonomy":"type-devenement","embeddable":true,"href":"https:\/\/www.iemj.org\/es\/wp-json\/wp\/v2\/type-devenement?post=87953"},{"taxonomy":"tableaux-liens-externes","embeddable":true,"href":"https:\/\/www.iemj.org\/es\/wp-json\/wp\/v2\/tableaux-liens-externes?post=87953"}],"curies":[{"name":"wp","href":"https:\/\/api.w.org\/{rel}","templated":true}]}}