{"id":87972,"date":"2019-11-03T11:50:31","date_gmt":"2019-11-03T10:50:31","guid":{"rendered":"https:\/\/www.iemj.org\/erlanger-jules-1830-1895\/"},"modified":"2025-09-10T10:19:49","modified_gmt":"2025-09-10T08:19:49","slug":"erlanger-jules-1830-1895","status":"publish","type":"post","link":"https:\/\/www.iemj.org\/es\/erlanger-jules-1830-1895\/","title":{"rendered":"Erlanger, Jules (1830-1895)"},"content":{"rendered":"<p class=\"TableContents\" style=\"text-align: justify; text-justify: inter-ideograph;\"><span lang=\"ES\">Hijo de Isra\u00ebl S\u00fcsskind Erlanger, rabino en Wissembourg, y hermano de Michel Erlanger, que ten\u00eda un puesto en el Consistorio de Par\u00eds, Jules Erlanger naci\u00f3 en Wissembourg (Bajo Rin) en 1830 y falleci\u00f3 en Bruselas el 15 de febrero de 1895.<\/span><\/p>\n<p class=\"TableContents\" style=\"text-align: justify; text-justify: inter-ideograph;\"><span lang=\"ES\">Teniendo un don para la m\u00fasica, fue admitido en el Conservatorio de m\u00fasica de Par\u00eds, en la clase de composici\u00f3n de Fromental Hal\u00e9vy, donde obtuvo un acc\u00e9sit en contrapunto y fuga en 1850. Entonces se inclin\u00f3 por la composici\u00f3n y escribi\u00f3 distintas obras para el Th\u00e9\u00e2tre des Bouffes-Parisiens de Jacques Offenbach, en particular: <i>L&#8217;arbre de Robinson<\/i> (1857), <i>Les Dames de Coeur Volant<\/i> (1859) y <i>La Servante \u00e0 Nicolas<\/i> (1861).<\/span><\/p>\n<p><img fetchpriority=\"high\" decoding=\"async\" class=\" alignright  wp-image-25979\" src=\"https:\/\/www.iemj.org\/wp-content\/uploads\/2019\/11\/jules_erlanger_page_titre_recueil_posthume_redim_0_70.jpg\" alt=\"jules_erlanger_page_titre_recueil_posthume_redim_0_70.jpg\" width=\"304\" height=\"444\" align=\"right\" srcset=\"https:\/\/www.iemj.org\/wp-content\/uploads\/2019\/11\/jules_erlanger_page_titre_recueil_posthume_redim_0_70.jpg 420w, https:\/\/www.iemj.org\/wp-content\/uploads\/2019\/11\/jules_erlanger_page_titre_recueil_posthume_redim_0_70-205x300.jpg 205w\" sizes=\"(max-width: 304px) 100vw, 304px\" \/><span style=\"font-size: inherit;\">C<\/span><span lang=\"ES\">ofundador de la Soci\u00e9t\u00e9 des Auteurs et Compositeurs Dramatiques (SACD) y m\u00fasico activo, tambi\u00e9n estaba involucrado en la vida jud\u00eda. As\u00ed fue como particip\u00f3 en la fundaci\u00f3n de la Alianza Israelita Universal en 1860, antes de convertirse en presidente del comit\u00e9 belga de la Alianza, cargo que ocup\u00f3 hasta su muerte. Tambi\u00e9n compuso diferentes piezas el culto israelita, entre las cuales est\u00e1 su salmo 150 \u2013 <i>Allelouya<\/i> \u2013 que fue tocado durante la ceremonia de inauguraci\u00f3n del Templo de la Victoria en 1874.<\/span><\/p>\n<p>Luego, Jules Erlanger abandon\u00f3 su carrera musical para lanzarse en los negocios, s\u00f3lo componiendo m\u00fasica sacra ahora. En 1891, la editorial Durlacher, en Par\u00eds, public\u00f3 su <em>Recueil de dix morceaux \u00e9x\u00e9cut\u00e9s dans les synagogues de France et de Belgique<\/em>. En 1903, ocho a\u00f1os despu\u00e9s de su muerte, cuatro nuevas recopilaciones de Erlanger fueron publicadas en Bruselas, tres de m\u00fasica profana y una de m\u00fasica sacra. La <em>Kedouschah de Moussaph<\/em> para coro a cuatro voces y bar\u00edtono solista interpretada en el CD <a href=\"https:\/\/www.iemj.org\/es\/jacques-offenbach-et-ses-proches-de-la-synagogue-a-lopera\/\">Jacques Offenbach et ses proches<\/a> es un fragmento de esta obra p\u00f3stuma titulada <em>Compositions religieuses pour le culte isra\u00e9lite<\/em>.<\/p>\n<p><a href=\"http:\/\/www.rachelnet.net\/F\/?func=find-c&amp;ccl_term=WRD+%3D+Jules+Erlanger&amp;local_base=iemcg\" target=\"_blank\" rel=\"noopener\">Consultar nuestros archivos sobre Jules Erlanger<\/a><\/p>\n<p class=\"TableContents\" style=\"text-align: justify; text-justify: inter-ideograph;\"><a href=\"https:\/\/www.iemj.org\/es\/produit\/jacques-offenbach-and-friends-from-the-synagogue-to-the-opera\/\" target=\"_blank\" rel=\"noopener\"><span lang=\"ES\">Pedir el <b>CD Jacques Offenbach et ses proches \u2013 De la synagogue \u00e0 l&#8217;op\u00e9ra<\/b> \u2013 Vol.6, Ed. IEMJ, en nuestra tienda en l\u00ednea.<\/span><\/a><\/p>\n\n\n<h2 class=\"wp-block-heading\"><\/h2>\n\n\n<div class=\"wp-block-image\">\n<figure class=\"aligncenter size-large\"><img decoding=\"async\" width=\"1024\" height=\"133\" src=\"https:\/\/www.iemj.org\/wp-content\/uploads\/2024\/03\/AUDIO-PLAYER-1024x133.png\" alt=\"\" class=\"wp-image-110610\" srcset=\"https:\/\/www.iemj.org\/wp-content\/uploads\/2024\/03\/AUDIO-PLAYER-1024x133.png 1024w, https:\/\/www.iemj.org\/wp-content\/uploads\/2024\/03\/AUDIO-PLAYER-300x39.png 300w, https:\/\/www.iemj.org\/wp-content\/uploads\/2024\/03\/AUDIO-PLAYER-768x100.png 768w, https:\/\/www.iemj.org\/wp-content\/uploads\/2024\/03\/AUDIO-PLAYER-600x78.png 600w, https:\/\/www.iemj.org\/wp-content\/uploads\/2024\/03\/AUDIO-PLAYER.png 1210w\" sizes=\"(max-width: 1024px) 100vw, 1024px\" \/><\/figure>\n<\/div>\n\n\n<div class=\"wp-block-file\"><a id=\"wp-block-file--media-43804795-3cb4-451b-ac5a-b0a5b2d196d1\" href=\"https:\/\/www.iemj.org\/wp-content\/uploads\/2019\/10\/06_kedouschah_de_moussaph_jules_erlanger.mp3\">Jules Erlanger &#8211; Kedouschah de Moussaph (Extrait)<\/a><\/div>\n","protected":false},"excerpt":{"rendered":"<p>Hijo de Isra\u00ebl S\u00fcsskind Erlanger, rabino en Wissembourg, y hermano de Michel Erlanger, que ten\u00eda un puesto en el Consistorio de Par\u00eds, Jules Erlanger naci\u00f3 en Wissembourg (Bajo Rin) en<\/p>\n","protected":false},"author":1045,"featured_media":51708,"comment_status":"closed","ping_status":"closed","sticky":false,"template":"","format":"standard","meta":{"_acf_changed":false,"footnotes":""},"categories":[1417],"tags":[],"technique":[],"squelettes":[],"sujet":[],"formation":[],"genre":[],"fonds":[],"tradition":[],"type-de-contenu":[],"interprete-compositeur":[],"frise":[],"type-devenement":[],"tableaux-liens-externes":[],"class_list":["post-87972","post","type-post","status-publish","format-standard","has-post-thumbnail","hentry","category-biografias-es"],"acf":[],"yoast_head":"<!-- This site is optimized with the Yoast SEO plugin v27.3 - https:\/\/yoast.com\/product\/yoast-seo-wordpress\/ -->\n<title>Erlanger, Jules (1830-1895) - Institut Europ\u00e9en des Musiques Juives<\/title>\n<meta name=\"robots\" content=\"index, follow, max-snippet:-1, max-image-preview:large, max-video-preview:-1\" \/>\n<link rel=\"canonical\" href=\"https:\/\/www.iemj.org\/es\/erlanger-jules-1830-1895\/\" \/>\n<meta property=\"og:locale\" content=\"es_ES\" \/>\n<meta property=\"og:type\" content=\"article\" \/>\n<meta property=\"og:title\" content=\"Erlanger, Jules (1830-1895) - Institut Europ\u00e9en des Musiques Juives\" \/>\n<meta property=\"og:description\" content=\"Hijo de Isra\u00ebl S\u00fcsskind Erlanger, rabino en Wissembourg, y hermano de Michel Erlanger, que ten\u00eda un puesto en el Consistorio de Par\u00eds, Jules Erlanger naci\u00f3 en Wissembourg (Bajo Rin) en\" \/>\n<meta property=\"og:url\" content=\"https:\/\/www.iemj.org\/es\/erlanger-jules-1830-1895\/\" \/>\n<meta property=\"og:site_name\" content=\"Institut Europ\u00e9en des Musiques Juives\" \/>\n<meta property=\"article:publisher\" content=\"https:\/\/www.facebook.com\/MusiquesJuives\/\" \/>\n<meta property=\"article:published_time\" content=\"2019-11-03T10:50:31+00:00\" \/>\n<meta property=\"article:modified_time\" content=\"2025-09-10T08:19:49+00:00\" \/>\n<meta property=\"og:image\" content=\"https:\/\/www.iemj.org\/wp-content\/uploads\/2019\/11\/arton4371-e1624978335150.jpg\" \/>\n\t<meta property=\"og:image:width\" content=\"179\" \/>\n\t<meta property=\"og:image:height\" content=\"218\" \/>\n\t<meta property=\"og:image:type\" content=\"image\/jpeg\" \/>\n<meta name=\"author\" content=\"Herv\u00e9 Roten\" \/>\n<meta name=\"twitter:card\" content=\"summary_large_image\" \/>\n<meta name=\"twitter:label1\" content=\"Escrito por\" \/>\n\t<meta name=\"twitter:data1\" content=\"Herv\u00e9 Roten\" \/>\n\t<meta name=\"twitter:label2\" content=\"Tiempo de lectura\" \/>\n\t<meta name=\"twitter:data2\" content=\"3 minutos\" \/>\n<script type=\"application\/ld+json\" class=\"yoast-schema-graph\">{\"@context\":\"https:\\\/\\\/schema.org\",\"@graph\":[{\"@type\":\"Article\",\"@id\":\"https:\\\/\\\/www.iemj.org\\\/es\\\/erlanger-jules-1830-1895\\\/#article\",\"isPartOf\":{\"@id\":\"https:\\\/\\\/www.iemj.org\\\/es\\\/erlanger-jules-1830-1895\\\/\"},\"author\":{\"name\":\"Herv\u00e9 Roten\",\"@id\":\"https:\\\/\\\/www.iemj.org\\\/es\\\/#\\\/schema\\\/person\\\/906134402c29d5c76e7b726261dd4bbd\"},\"headline\":\"Erlanger, Jules (1830-1895)\",\"datePublished\":\"2019-11-03T10:50:31+00:00\",\"dateModified\":\"2025-09-10T08:19:49+00:00\",\"mainEntityOfPage\":{\"@id\":\"https:\\\/\\\/www.iemj.org\\\/es\\\/erlanger-jules-1830-1895\\\/\"},\"wordCount\":350,\"publisher\":{\"@id\":\"https:\\\/\\\/www.iemj.org\\\/es\\\/#organization\"},\"image\":{\"@id\":\"https:\\\/\\\/www.iemj.org\\\/es\\\/erlanger-jules-1830-1895\\\/#primaryimage\"},\"thumbnailUrl\":\"https:\\\/\\\/www.iemj.org\\\/wp-content\\\/uploads\\\/2019\\\/11\\\/arton4371-e1624978335150.jpg\",\"articleSection\":[\"Biograf\u00edas\"],\"inLanguage\":\"es\"},{\"@type\":\"WebPage\",\"@id\":\"https:\\\/\\\/www.iemj.org\\\/es\\\/erlanger-jules-1830-1895\\\/\",\"url\":\"https:\\\/\\\/www.iemj.org\\\/es\\\/erlanger-jules-1830-1895\\\/\",\"name\":\"Erlanger, Jules (1830-1895) - Institut Europ\u00e9en des Musiques Juives\",\"isPartOf\":{\"@id\":\"https:\\\/\\\/www.iemj.org\\\/es\\\/#website\"},\"primaryImageOfPage\":{\"@id\":\"https:\\\/\\\/www.iemj.org\\\/es\\\/erlanger-jules-1830-1895\\\/#primaryimage\"},\"image\":{\"@id\":\"https:\\\/\\\/www.iemj.org\\\/es\\\/erlanger-jules-1830-1895\\\/#primaryimage\"},\"thumbnailUrl\":\"https:\\\/\\\/www.iemj.org\\\/wp-content\\\/uploads\\\/2019\\\/11\\\/arton4371-e1624978335150.jpg\",\"datePublished\":\"2019-11-03T10:50:31+00:00\",\"dateModified\":\"2025-09-10T08:19:49+00:00\",\"breadcrumb\":{\"@id\":\"https:\\\/\\\/www.iemj.org\\\/es\\\/erlanger-jules-1830-1895\\\/#breadcrumb\"},\"inLanguage\":\"es\",\"potentialAction\":[{\"@type\":\"ReadAction\",\"target\":[\"https:\\\/\\\/www.iemj.org\\\/es\\\/erlanger-jules-1830-1895\\\/\"]}]},{\"@type\":\"ImageObject\",\"inLanguage\":\"es\",\"@id\":\"https:\\\/\\\/www.iemj.org\\\/es\\\/erlanger-jules-1830-1895\\\/#primaryimage\",\"url\":\"https:\\\/\\\/www.iemj.org\\\/wp-content\\\/uploads\\\/2019\\\/11\\\/arton4371-e1624978335150.jpg\",\"contentUrl\":\"https:\\\/\\\/www.iemj.org\\\/wp-content\\\/uploads\\\/2019\\\/11\\\/arton4371-e1624978335150.jpg\",\"width\":179,\"height\":218},{\"@type\":\"BreadcrumbList\",\"@id\":\"https:\\\/\\\/www.iemj.org\\\/es\\\/erlanger-jules-1830-1895\\\/#breadcrumb\",\"itemListElement\":[{\"@type\":\"ListItem\",\"position\":1,\"name\":\"Accueil\",\"item\":\"https:\\\/\\\/www.iemj.org\\\/es\\\/\"},{\"@type\":\"ListItem\",\"position\":2,\"name\":\"Erlanger, Jules (1830-1895)\"}]},{\"@type\":\"WebSite\",\"@id\":\"https:\\\/\\\/www.iemj.org\\\/es\\\/#website\",\"url\":\"https:\\\/\\\/www.iemj.org\\\/es\\\/\",\"name\":\"Institut Europ\u00e9en des Musiques Juives\",\"description\":\"Des traditions musicales \u00e0 la port\u00e9e de tous\",\"publisher\":{\"@id\":\"https:\\\/\\\/www.iemj.org\\\/es\\\/#organization\"},\"potentialAction\":[{\"@type\":\"SearchAction\",\"target\":{\"@type\":\"EntryPoint\",\"urlTemplate\":\"https:\\\/\\\/www.iemj.org\\\/es\\\/?s={search_term_string}\"},\"query-input\":{\"@type\":\"PropertyValueSpecification\",\"valueRequired\":true,\"valueName\":\"search_term_string\"}}],\"inLanguage\":\"es\"},{\"@type\":\"Organization\",\"@id\":\"https:\\\/\\\/www.iemj.org\\\/es\\\/#organization\",\"name\":\"Institut Europ\u00e9en des Musiques Juives\",\"url\":\"https:\\\/\\\/www.iemj.org\\\/es\\\/\",\"logo\":{\"@type\":\"ImageObject\",\"inLanguage\":\"es\",\"@id\":\"https:\\\/\\\/www.iemj.org\\\/es\\\/#\\\/schema\\\/logo\\\/image\\\/\",\"url\":\"https:\\\/\\\/www.iemj.org\\\/wp-content\\\/uploads\\\/2021\\\/09\\\/Logo-IEMJ-Paypal.jpg\",\"contentUrl\":\"https:\\\/\\\/www.iemj.org\\\/wp-content\\\/uploads\\\/2021\\\/09\\\/Logo-IEMJ-Paypal.jpg\",\"width\":150,\"height\":50,\"caption\":\"Institut Europ\u00e9en des Musiques Juives\"},\"image\":{\"@id\":\"https:\\\/\\\/www.iemj.org\\\/es\\\/#\\\/schema\\\/logo\\\/image\\\/\"},\"sameAs\":[\"https:\\\/\\\/www.facebook.com\\\/MusiquesJuives\\\/\",\"https:\\\/\\\/www.instagram.com\\\/musiquesjuives\\\/\",\"https:\\\/\\\/www.youtube.com\\\/user\\\/musiquesjuives\"]},{\"@type\":\"Person\",\"@id\":\"https:\\\/\\\/www.iemj.org\\\/es\\\/#\\\/schema\\\/person\\\/906134402c29d5c76e7b726261dd4bbd\",\"name\":\"Herv\u00e9 Roten\",\"image\":{\"@type\":\"ImageObject\",\"inLanguage\":\"es\",\"@id\":\"https:\\\/\\\/secure.gravatar.com\\\/avatar\\\/f96ad2db538a26481f18384936b5cd0610c92d390c4dc382209216d455f685ff?s=96&d=mm&r=g\",\"url\":\"https:\\\/\\\/secure.gravatar.com\\\/avatar\\\/f96ad2db538a26481f18384936b5cd0610c92d390c4dc382209216d455f685ff?s=96&d=mm&r=g\",\"contentUrl\":\"https:\\\/\\\/secure.gravatar.com\\\/avatar\\\/f96ad2db538a26481f18384936b5cd0610c92d390c4dc382209216d455f685ff?s=96&d=mm&r=g\",\"caption\":\"Herv\u00e9 Roten\"}}]}<\/script>\n<!-- \/ Yoast SEO plugin. -->","yoast_head_json":{"title":"Erlanger, Jules (1830-1895) - Institut Europ\u00e9en des Musiques Juives","robots":{"index":"index","follow":"follow","max-snippet":"max-snippet:-1","max-image-preview":"max-image-preview:large","max-video-preview":"max-video-preview:-1"},"canonical":"https:\/\/www.iemj.org\/es\/erlanger-jules-1830-1895\/","og_locale":"es_ES","og_type":"article","og_title":"Erlanger, Jules (1830-1895) - Institut Europ\u00e9en des Musiques Juives","og_description":"Hijo de Isra\u00ebl S\u00fcsskind Erlanger, rabino en Wissembourg, y hermano de Michel Erlanger, que ten\u00eda un puesto en el Consistorio de Par\u00eds, Jules Erlanger naci\u00f3 en Wissembourg (Bajo Rin) en","og_url":"https:\/\/www.iemj.org\/es\/erlanger-jules-1830-1895\/","og_site_name":"Institut Europ\u00e9en des Musiques Juives","article_publisher":"https:\/\/www.facebook.com\/MusiquesJuives\/","article_published_time":"2019-11-03T10:50:31+00:00","article_modified_time":"2025-09-10T08:19:49+00:00","og_image":[{"width":179,"height":218,"url":"https:\/\/www.iemj.org\/wp-content\/uploads\/2019\/11\/arton4371-e1624978335150.jpg","type":"image\/jpeg"}],"author":"Herv\u00e9 Roten","twitter_card":"summary_large_image","twitter_misc":{"Escrito por":"Herv\u00e9 Roten","Tiempo de lectura":"3 minutos"},"schema":{"@context":"https:\/\/schema.org","@graph":[{"@type":"Article","@id":"https:\/\/www.iemj.org\/es\/erlanger-jules-1830-1895\/#article","isPartOf":{"@id":"https:\/\/www.iemj.org\/es\/erlanger-jules-1830-1895\/"},"author":{"name":"Herv\u00e9 Roten","@id":"https:\/\/www.iemj.org\/es\/#\/schema\/person\/906134402c29d5c76e7b726261dd4bbd"},"headline":"Erlanger, Jules (1830-1895)","datePublished":"2019-11-03T10:50:31+00:00","dateModified":"2025-09-10T08:19:49+00:00","mainEntityOfPage":{"@id":"https:\/\/www.iemj.org\/es\/erlanger-jules-1830-1895\/"},"wordCount":350,"publisher":{"@id":"https:\/\/www.iemj.org\/es\/#organization"},"image":{"@id":"https:\/\/www.iemj.org\/es\/erlanger-jules-1830-1895\/#primaryimage"},"thumbnailUrl":"https:\/\/www.iemj.org\/wp-content\/uploads\/2019\/11\/arton4371-e1624978335150.jpg","articleSection":["Biograf\u00edas"],"inLanguage":"es"},{"@type":"WebPage","@id":"https:\/\/www.iemj.org\/es\/erlanger-jules-1830-1895\/","url":"https:\/\/www.iemj.org\/es\/erlanger-jules-1830-1895\/","name":"Erlanger, Jules (1830-1895) - Institut Europ\u00e9en des Musiques Juives","isPartOf":{"@id":"https:\/\/www.iemj.org\/es\/#website"},"primaryImageOfPage":{"@id":"https:\/\/www.iemj.org\/es\/erlanger-jules-1830-1895\/#primaryimage"},"image":{"@id":"https:\/\/www.iemj.org\/es\/erlanger-jules-1830-1895\/#primaryimage"},"thumbnailUrl":"https:\/\/www.iemj.org\/wp-content\/uploads\/2019\/11\/arton4371-e1624978335150.jpg","datePublished":"2019-11-03T10:50:31+00:00","dateModified":"2025-09-10T08:19:49+00:00","breadcrumb":{"@id":"https:\/\/www.iemj.org\/es\/erlanger-jules-1830-1895\/#breadcrumb"},"inLanguage":"es","potentialAction":[{"@type":"ReadAction","target":["https:\/\/www.iemj.org\/es\/erlanger-jules-1830-1895\/"]}]},{"@type":"ImageObject","inLanguage":"es","@id":"https:\/\/www.iemj.org\/es\/erlanger-jules-1830-1895\/#primaryimage","url":"https:\/\/www.iemj.org\/wp-content\/uploads\/2019\/11\/arton4371-e1624978335150.jpg","contentUrl":"https:\/\/www.iemj.org\/wp-content\/uploads\/2019\/11\/arton4371-e1624978335150.jpg","width":179,"height":218},{"@type":"BreadcrumbList","@id":"https:\/\/www.iemj.org\/es\/erlanger-jules-1830-1895\/#breadcrumb","itemListElement":[{"@type":"ListItem","position":1,"name":"Accueil","item":"https:\/\/www.iemj.org\/es\/"},{"@type":"ListItem","position":2,"name":"Erlanger, Jules (1830-1895)"}]},{"@type":"WebSite","@id":"https:\/\/www.iemj.org\/es\/#website","url":"https:\/\/www.iemj.org\/es\/","name":"Institut Europ\u00e9en des Musiques Juives","description":"Des traditions musicales \u00e0 la port\u00e9e de tous","publisher":{"@id":"https:\/\/www.iemj.org\/es\/#organization"},"potentialAction":[{"@type":"SearchAction","target":{"@type":"EntryPoint","urlTemplate":"https:\/\/www.iemj.org\/es\/?s={search_term_string}"},"query-input":{"@type":"PropertyValueSpecification","valueRequired":true,"valueName":"search_term_string"}}],"inLanguage":"es"},{"@type":"Organization","@id":"https:\/\/www.iemj.org\/es\/#organization","name":"Institut Europ\u00e9en des Musiques Juives","url":"https:\/\/www.iemj.org\/es\/","logo":{"@type":"ImageObject","inLanguage":"es","@id":"https:\/\/www.iemj.org\/es\/#\/schema\/logo\/image\/","url":"https:\/\/www.iemj.org\/wp-content\/uploads\/2021\/09\/Logo-IEMJ-Paypal.jpg","contentUrl":"https:\/\/www.iemj.org\/wp-content\/uploads\/2021\/09\/Logo-IEMJ-Paypal.jpg","width":150,"height":50,"caption":"Institut Europ\u00e9en des Musiques Juives"},"image":{"@id":"https:\/\/www.iemj.org\/es\/#\/schema\/logo\/image\/"},"sameAs":["https:\/\/www.facebook.com\/MusiquesJuives\/","https:\/\/www.instagram.com\/musiquesjuives\/","https:\/\/www.youtube.com\/user\/musiquesjuives"]},{"@type":"Person","@id":"https:\/\/www.iemj.org\/es\/#\/schema\/person\/906134402c29d5c76e7b726261dd4bbd","name":"Herv\u00e9 Roten","image":{"@type":"ImageObject","inLanguage":"es","@id":"https:\/\/secure.gravatar.com\/avatar\/f96ad2db538a26481f18384936b5cd0610c92d390c4dc382209216d455f685ff?s=96&d=mm&r=g","url":"https:\/\/secure.gravatar.com\/avatar\/f96ad2db538a26481f18384936b5cd0610c92d390c4dc382209216d455f685ff?s=96&d=mm&r=g","contentUrl":"https:\/\/secure.gravatar.com\/avatar\/f96ad2db538a26481f18384936b5cd0610c92d390c4dc382209216d455f685ff?s=96&d=mm&r=g","caption":"Herv\u00e9 Roten"}}]}},"_links":{"self":[{"href":"https:\/\/www.iemj.org\/es\/wp-json\/wp\/v2\/posts\/87972","targetHints":{"allow":["GET"]}}],"collection":[{"href":"https:\/\/www.iemj.org\/es\/wp-json\/wp\/v2\/posts"}],"about":[{"href":"https:\/\/www.iemj.org\/es\/wp-json\/wp\/v2\/types\/post"}],"author":[{"embeddable":true,"href":"https:\/\/www.iemj.org\/es\/wp-json\/wp\/v2\/users\/1045"}],"replies":[{"embeddable":true,"href":"https:\/\/www.iemj.org\/es\/wp-json\/wp\/v2\/comments?post=87972"}],"version-history":[{"count":0,"href":"https:\/\/www.iemj.org\/es\/wp-json\/wp\/v2\/posts\/87972\/revisions"}],"wp:featuredmedia":[{"embeddable":true,"href":"https:\/\/www.iemj.org\/es\/wp-json\/wp\/v2\/media\/51708"}],"wp:attachment":[{"href":"https:\/\/www.iemj.org\/es\/wp-json\/wp\/v2\/media?parent=87972"}],"wp:term":[{"taxonomy":"category","embeddable":true,"href":"https:\/\/www.iemj.org\/es\/wp-json\/wp\/v2\/categories?post=87972"},{"taxonomy":"post_tag","embeddable":true,"href":"https:\/\/www.iemj.org\/es\/wp-json\/wp\/v2\/tags?post=87972"},{"taxonomy":"technique","embeddable":true,"href":"https:\/\/www.iemj.org\/es\/wp-json\/wp\/v2\/technique?post=87972"},{"taxonomy":"squelettes","embeddable":true,"href":"https:\/\/www.iemj.org\/es\/wp-json\/wp\/v2\/squelettes?post=87972"},{"taxonomy":"sujet","embeddable":true,"href":"https:\/\/www.iemj.org\/es\/wp-json\/wp\/v2\/sujet?post=87972"},{"taxonomy":"formation","embeddable":true,"href":"https:\/\/www.iemj.org\/es\/wp-json\/wp\/v2\/formation?post=87972"},{"taxonomy":"genre","embeddable":true,"href":"https:\/\/www.iemj.org\/es\/wp-json\/wp\/v2\/genre?post=87972"},{"taxonomy":"fonds","embeddable":true,"href":"https:\/\/www.iemj.org\/es\/wp-json\/wp\/v2\/fonds?post=87972"},{"taxonomy":"tradition","embeddable":true,"href":"https:\/\/www.iemj.org\/es\/wp-json\/wp\/v2\/tradition?post=87972"},{"taxonomy":"type-de-contenu","embeddable":true,"href":"https:\/\/www.iemj.org\/es\/wp-json\/wp\/v2\/type-de-contenu?post=87972"},{"taxonomy":"interprete-compositeur","embeddable":true,"href":"https:\/\/www.iemj.org\/es\/wp-json\/wp\/v2\/interprete-compositeur?post=87972"},{"taxonomy":"frise","embeddable":true,"href":"https:\/\/www.iemj.org\/es\/wp-json\/wp\/v2\/frise?post=87972"},{"taxonomy":"type-devenement","embeddable":true,"href":"https:\/\/www.iemj.org\/es\/wp-json\/wp\/v2\/type-devenement?post=87972"},{"taxonomy":"tableaux-liens-externes","embeddable":true,"href":"https:\/\/www.iemj.org\/es\/wp-json\/wp\/v2\/tableaux-liens-externes?post=87972"}],"curies":[{"name":"wp","href":"https:\/\/api.w.org\/{rel}","templated":true}]}}