{"id":88026,"date":"2017-04-26T17:13:45","date_gmt":"2017-04-26T15:13:45","guid":{"rendered":"https:\/\/www.iemj.org\/villers-alphonse-de-vers-1845-apres-1896\/"},"modified":"2022-09-27T17:12:52","modified_gmt":"2022-09-27T15:12:52","slug":"villers-alphonse-de-vers-1845-apres-1896","status":"publish","type":"post","link":"https:\/\/www.iemj.org\/es\/villers-alphonse-de-vers-1845-apres-1896\/","title":{"rendered":"Villers, Alphonse de (Alrededor de 1845-Despu\u00e9s de  1896)"},"content":{"rendered":"<p>No sabemos casi nada de la vida de Alphonse de Villers. Se cita varias veces su nombre en los archivos del Consistorio israelita de Par\u00eds. Parece que naci\u00f3 alrededor de 1845. Fue organista, pero tambi\u00e9n compositor. Sus primeras obras \u2013 <em>Chant triomphal, Op.2<\/em><em> y<\/em> <em>Gavotte, Op.3 <\/em>\u2013 fueron publicadas por Ediciones Hartmann en 1869.<\/p>\n<p>En 1859 (\u00a1cuando s\u00f3lo ten\u00eda 14 o 15 a\u00f1os!), obtuvo un puesto como organista en la sinagoga portuguesa de la calle Lamartine. En 1872, public\u00f3 una colecci\u00f3n musical titulada <em>Recueil des chants traditionnels &amp; lithurgiques composant les offices h\u00e9bra\u00efques du rite oriental<\/em>, en la cual transcribi\u00f3 el oficio del viernes por la noche y de la v\u00edspera de las celebraciones en el rito portugu\u00e9s. Firm\u00f3 la introducci\u00f3n de su recopilaci\u00f3n con su nombre a\u00f1adiendo lo siguiente <em>Ani lo-y\u00e9houdi <\/em>(No soy jud\u00edo). Adem\u00e1s, fue como tal que obtendr\u00e1 en 1874 un puesto como organista de la sinagoga de la calle de la Victoire. Ser\u00e1, en particular, \u00abencargado de tocar el \u00f3rgano los s\u00e1bados y durante las celebraciones\u00bb, su colega Ernest Cahen, organista en el templo de la calle Notre Dame de Nazareth, lo ayudaba durante las bodas.<\/p>\n<p>En un escrito fechado el 26 de noviembre de 1895, Alphonse de Villers expres\u00f3 su frustraci\u00f3n de haber servido en los templos israelitas desde hace 36 a\u00f1os estando muy mal pagado. Subray\u00f3 el hecho de que tuvo que asumir en 1893 las funciones de su colega de Nazareth, Ernest Cahen, fallecido, sin realmente ver su sueldo aumentar. Alphonse de Villers concluy\u00f3 su misiva con las palabras siguientes: \u00abNunca he conocido, a casi 50 a\u00f1os, la satisfacci\u00f3n \u00edntima que debe sentir el hombre honrado viviendo de su trabajo\u2026\u00bb.<\/p>\n<p>Hoy en d\u00eda, la fecha y el lugar de su fallecimiento siguen sin conocerse.<\/p>\n<p><a href=\"http:\/\/www.rachelnet.net\/F\/?func=find-c&amp;ccl_term=WRD+%3D+Alphonse+de+Villers&amp;local_base=iemcg\" target=\"_blank\" rel=\"noopener\">Consultar nuestros archivos sobre Alphonse de Villers<\/a><\/p>\n","protected":false},"excerpt":{"rendered":"<p>No sabemos casi nada de la vida de Alphonse de Villers. Se cita varias veces su nombre en los archivos del Consistorio israelita de Par\u00eds. Parece que naci\u00f3 alrededor de<\/p>\n","protected":false},"author":5,"featured_media":88027,"comment_status":"closed","ping_status":"open","sticky":false,"template":"","format":"standard","meta":{"_acf_changed":false,"footnotes":""},"categories":[1417],"tags":[],"technique":[],"squelettes":[],"sujet":[],"formation":[],"genre":[],"fonds":[],"tradition":[],"type-de-contenu":[],"interprete-compositeur":[],"frise":[],"type-devenement":[],"tableaux-liens-externes":[],"class_list":["post-88026","post","type-post","status-publish","format-standard","has-post-thumbnail","hentry","category-biografias-es"],"acf":[],"yoast_head":"<!-- This site is optimized with the Yoast SEO plugin v27.3 - https:\/\/yoast.com\/product\/yoast-seo-wordpress\/ -->\n<title>Villers, Alphonse de (Alrededor de 1845-Despu\u00e9s de 1896) - Institut Europ\u00e9en des Musiques Juives<\/title>\n<meta name=\"robots\" content=\"index, follow, max-snippet:-1, max-image-preview:large, max-video-preview:-1\" \/>\n<link rel=\"canonical\" href=\"https:\/\/www.iemj.org\/es\/villers-alphonse-de-vers-1845-apres-1896\/\" \/>\n<meta property=\"og:locale\" content=\"es_ES\" \/>\n<meta property=\"og:type\" content=\"article\" \/>\n<meta property=\"og:title\" content=\"Villers, Alphonse de (Alrededor de 1845-Despu\u00e9s de 1896) - Institut Europ\u00e9en des Musiques Juives\" \/>\n<meta property=\"og:description\" content=\"No sabemos casi nada de la vida de Alphonse de Villers. Se cita varias veces su nombre en los archivos del Consistorio israelita de Par\u00eds. Parece que naci\u00f3 alrededor de\" \/>\n<meta property=\"og:url\" content=\"https:\/\/www.iemj.org\/es\/villers-alphonse-de-vers-1845-apres-1896\/\" \/>\n<meta property=\"og:site_name\" content=\"Institut Europ\u00e9en des Musiques Juives\" \/>\n<meta property=\"article:publisher\" content=\"https:\/\/www.facebook.com\/MusiquesJuives\/\" \/>\n<meta property=\"article:published_time\" content=\"2017-04-26T15:13:45+00:00\" \/>\n<meta property=\"article:modified_time\" content=\"2022-09-27T15:12:52+00:00\" \/>\n<meta property=\"og:image\" content=\"https:\/\/www.iemj.org\/wp-content\/uploads\/2017\/04\/arton2261-e1617024969992.jpg\" \/>\n\t<meta property=\"og:image:width\" content=\"139\" \/>\n\t<meta property=\"og:image:height\" content=\"218\" \/>\n\t<meta property=\"og:image:type\" content=\"image\/jpeg\" \/>\n<meta name=\"author\" content=\"Jacqueline ROTEN\" \/>\n<meta name=\"twitter:card\" content=\"summary_large_image\" \/>\n<meta name=\"twitter:label1\" content=\"Escrito por\" \/>\n\t<meta name=\"twitter:data1\" content=\"Jacqueline ROTEN\" \/>\n\t<meta name=\"twitter:label2\" content=\"Tiempo de lectura\" \/>\n\t<meta name=\"twitter:data2\" content=\"2 minutos\" \/>\n<script type=\"application\/ld+json\" class=\"yoast-schema-graph\">{\"@context\":\"https:\\\/\\\/schema.org\",\"@graph\":[{\"@type\":\"Article\",\"@id\":\"https:\\\/\\\/www.iemj.org\\\/es\\\/villers-alphonse-de-vers-1845-apres-1896\\\/#article\",\"isPartOf\":{\"@id\":\"https:\\\/\\\/www.iemj.org\\\/es\\\/villers-alphonse-de-vers-1845-apres-1896\\\/\"},\"author\":{\"name\":\"Jacqueline ROTEN\",\"@id\":\"https:\\\/\\\/www.iemj.org\\\/es\\\/#\\\/schema\\\/person\\\/358e26c18aca017fcc4cc15437f7279c\"},\"headline\":\"Villers, Alphonse de (Alrededor de 1845-Despu\u00e9s de 1896)\",\"datePublished\":\"2017-04-26T15:13:45+00:00\",\"dateModified\":\"2022-09-27T15:12:52+00:00\",\"mainEntityOfPage\":{\"@id\":\"https:\\\/\\\/www.iemj.org\\\/es\\\/villers-alphonse-de-vers-1845-apres-1896\\\/\"},\"wordCount\":314,\"publisher\":{\"@id\":\"https:\\\/\\\/www.iemj.org\\\/es\\\/#organization\"},\"image\":{\"@id\":\"https:\\\/\\\/www.iemj.org\\\/es\\\/villers-alphonse-de-vers-1845-apres-1896\\\/#primaryimage\"},\"thumbnailUrl\":\"https:\\\/\\\/www.iemj.org\\\/wp-content\\\/uploads\\\/2017\\\/04\\\/arton2261-e1617024969992.jpg\",\"articleSection\":[\"Biograf\u00edas\"],\"inLanguage\":\"es\"},{\"@type\":\"WebPage\",\"@id\":\"https:\\\/\\\/www.iemj.org\\\/es\\\/villers-alphonse-de-vers-1845-apres-1896\\\/\",\"url\":\"https:\\\/\\\/www.iemj.org\\\/es\\\/villers-alphonse-de-vers-1845-apres-1896\\\/\",\"name\":\"Villers, Alphonse de (Alrededor de 1845-Despu\u00e9s de 1896) - Institut Europ\u00e9en des Musiques Juives\",\"isPartOf\":{\"@id\":\"https:\\\/\\\/www.iemj.org\\\/es\\\/#website\"},\"primaryImageOfPage\":{\"@id\":\"https:\\\/\\\/www.iemj.org\\\/es\\\/villers-alphonse-de-vers-1845-apres-1896\\\/#primaryimage\"},\"image\":{\"@id\":\"https:\\\/\\\/www.iemj.org\\\/es\\\/villers-alphonse-de-vers-1845-apres-1896\\\/#primaryimage\"},\"thumbnailUrl\":\"https:\\\/\\\/www.iemj.org\\\/wp-content\\\/uploads\\\/2017\\\/04\\\/arton2261-e1617024969992.jpg\",\"datePublished\":\"2017-04-26T15:13:45+00:00\",\"dateModified\":\"2022-09-27T15:12:52+00:00\",\"breadcrumb\":{\"@id\":\"https:\\\/\\\/www.iemj.org\\\/es\\\/villers-alphonse-de-vers-1845-apres-1896\\\/#breadcrumb\"},\"inLanguage\":\"es\",\"potentialAction\":[{\"@type\":\"ReadAction\",\"target\":[\"https:\\\/\\\/www.iemj.org\\\/es\\\/villers-alphonse-de-vers-1845-apres-1896\\\/\"]}]},{\"@type\":\"ImageObject\",\"inLanguage\":\"es\",\"@id\":\"https:\\\/\\\/www.iemj.org\\\/es\\\/villers-alphonse-de-vers-1845-apres-1896\\\/#primaryimage\",\"url\":\"https:\\\/\\\/www.iemj.org\\\/wp-content\\\/uploads\\\/2017\\\/04\\\/arton2261-e1617024969992.jpg\",\"contentUrl\":\"https:\\\/\\\/www.iemj.org\\\/wp-content\\\/uploads\\\/2017\\\/04\\\/arton2261-e1617024969992.jpg\",\"width\":139,\"height\":218},{\"@type\":\"BreadcrumbList\",\"@id\":\"https:\\\/\\\/www.iemj.org\\\/es\\\/villers-alphonse-de-vers-1845-apres-1896\\\/#breadcrumb\",\"itemListElement\":[{\"@type\":\"ListItem\",\"position\":1,\"name\":\"Accueil\",\"item\":\"https:\\\/\\\/www.iemj.org\\\/es\\\/\"},{\"@type\":\"ListItem\",\"position\":2,\"name\":\"Villers, Alphonse de (Alrededor de 1845-Despu\u00e9s de 1896)\"}]},{\"@type\":\"WebSite\",\"@id\":\"https:\\\/\\\/www.iemj.org\\\/es\\\/#website\",\"url\":\"https:\\\/\\\/www.iemj.org\\\/es\\\/\",\"name\":\"Institut Europ\u00e9en des Musiques Juives\",\"description\":\"Des traditions musicales \u00e0 la port\u00e9e de tous\",\"publisher\":{\"@id\":\"https:\\\/\\\/www.iemj.org\\\/es\\\/#organization\"},\"potentialAction\":[{\"@type\":\"SearchAction\",\"target\":{\"@type\":\"EntryPoint\",\"urlTemplate\":\"https:\\\/\\\/www.iemj.org\\\/es\\\/?s={search_term_string}\"},\"query-input\":{\"@type\":\"PropertyValueSpecification\",\"valueRequired\":true,\"valueName\":\"search_term_string\"}}],\"inLanguage\":\"es\"},{\"@type\":\"Organization\",\"@id\":\"https:\\\/\\\/www.iemj.org\\\/es\\\/#organization\",\"name\":\"Institut Europ\u00e9en des Musiques Juives\",\"url\":\"https:\\\/\\\/www.iemj.org\\\/es\\\/\",\"logo\":{\"@type\":\"ImageObject\",\"inLanguage\":\"es\",\"@id\":\"https:\\\/\\\/www.iemj.org\\\/es\\\/#\\\/schema\\\/logo\\\/image\\\/\",\"url\":\"https:\\\/\\\/www.iemj.org\\\/wp-content\\\/uploads\\\/2021\\\/09\\\/Logo-IEMJ-Paypal.jpg\",\"contentUrl\":\"https:\\\/\\\/www.iemj.org\\\/wp-content\\\/uploads\\\/2021\\\/09\\\/Logo-IEMJ-Paypal.jpg\",\"width\":150,\"height\":50,\"caption\":\"Institut Europ\u00e9en des Musiques Juives\"},\"image\":{\"@id\":\"https:\\\/\\\/www.iemj.org\\\/es\\\/#\\\/schema\\\/logo\\\/image\\\/\"},\"sameAs\":[\"https:\\\/\\\/www.facebook.com\\\/MusiquesJuives\\\/\",\"https:\\\/\\\/www.instagram.com\\\/musiquesjuives\\\/\",\"https:\\\/\\\/www.youtube.com\\\/user\\\/musiquesjuives\"]},{\"@type\":\"Person\",\"@id\":\"https:\\\/\\\/www.iemj.org\\\/es\\\/#\\\/schema\\\/person\\\/358e26c18aca017fcc4cc15437f7279c\",\"name\":\"Jacqueline ROTEN\",\"image\":{\"@type\":\"ImageObject\",\"inLanguage\":\"es\",\"@id\":\"https:\\\/\\\/secure.gravatar.com\\\/avatar\\\/5964256d6c6957de3a3505278957e0fb2a35119ac47ea41827a65301213c810b?s=96&d=mm&r=g\",\"url\":\"https:\\\/\\\/secure.gravatar.com\\\/avatar\\\/5964256d6c6957de3a3505278957e0fb2a35119ac47ea41827a65301213c810b?s=96&d=mm&r=g\",\"contentUrl\":\"https:\\\/\\\/secure.gravatar.com\\\/avatar\\\/5964256d6c6957de3a3505278957e0fb2a35119ac47ea41827a65301213c810b?s=96&d=mm&r=g\",\"caption\":\"Jacqueline ROTEN\"}}]}<\/script>\n<!-- \/ Yoast SEO plugin. -->","yoast_head_json":{"title":"Villers, Alphonse de (Alrededor de 1845-Despu\u00e9s de 1896) - Institut Europ\u00e9en des Musiques Juives","robots":{"index":"index","follow":"follow","max-snippet":"max-snippet:-1","max-image-preview":"max-image-preview:large","max-video-preview":"max-video-preview:-1"},"canonical":"https:\/\/www.iemj.org\/es\/villers-alphonse-de-vers-1845-apres-1896\/","og_locale":"es_ES","og_type":"article","og_title":"Villers, Alphonse de (Alrededor de 1845-Despu\u00e9s de 1896) - Institut Europ\u00e9en des Musiques Juives","og_description":"No sabemos casi nada de la vida de Alphonse de Villers. Se cita varias veces su nombre en los archivos del Consistorio israelita de Par\u00eds. Parece que naci\u00f3 alrededor de","og_url":"https:\/\/www.iemj.org\/es\/villers-alphonse-de-vers-1845-apres-1896\/","og_site_name":"Institut Europ\u00e9en des Musiques Juives","article_publisher":"https:\/\/www.facebook.com\/MusiquesJuives\/","article_published_time":"2017-04-26T15:13:45+00:00","article_modified_time":"2022-09-27T15:12:52+00:00","og_image":[{"width":139,"height":218,"url":"https:\/\/www.iemj.org\/wp-content\/uploads\/2017\/04\/arton2261-e1617024969992.jpg","type":"image\/jpeg"}],"author":"Jacqueline ROTEN","twitter_card":"summary_large_image","twitter_misc":{"Escrito por":"Jacqueline ROTEN","Tiempo de lectura":"2 minutos"},"schema":{"@context":"https:\/\/schema.org","@graph":[{"@type":"Article","@id":"https:\/\/www.iemj.org\/es\/villers-alphonse-de-vers-1845-apres-1896\/#article","isPartOf":{"@id":"https:\/\/www.iemj.org\/es\/villers-alphonse-de-vers-1845-apres-1896\/"},"author":{"name":"Jacqueline ROTEN","@id":"https:\/\/www.iemj.org\/es\/#\/schema\/person\/358e26c18aca017fcc4cc15437f7279c"},"headline":"Villers, Alphonse de (Alrededor de 1845-Despu\u00e9s de 1896)","datePublished":"2017-04-26T15:13:45+00:00","dateModified":"2022-09-27T15:12:52+00:00","mainEntityOfPage":{"@id":"https:\/\/www.iemj.org\/es\/villers-alphonse-de-vers-1845-apres-1896\/"},"wordCount":314,"publisher":{"@id":"https:\/\/www.iemj.org\/es\/#organization"},"image":{"@id":"https:\/\/www.iemj.org\/es\/villers-alphonse-de-vers-1845-apres-1896\/#primaryimage"},"thumbnailUrl":"https:\/\/www.iemj.org\/wp-content\/uploads\/2017\/04\/arton2261-e1617024969992.jpg","articleSection":["Biograf\u00edas"],"inLanguage":"es"},{"@type":"WebPage","@id":"https:\/\/www.iemj.org\/es\/villers-alphonse-de-vers-1845-apres-1896\/","url":"https:\/\/www.iemj.org\/es\/villers-alphonse-de-vers-1845-apres-1896\/","name":"Villers, Alphonse de (Alrededor de 1845-Despu\u00e9s de 1896) - Institut Europ\u00e9en des Musiques Juives","isPartOf":{"@id":"https:\/\/www.iemj.org\/es\/#website"},"primaryImageOfPage":{"@id":"https:\/\/www.iemj.org\/es\/villers-alphonse-de-vers-1845-apres-1896\/#primaryimage"},"image":{"@id":"https:\/\/www.iemj.org\/es\/villers-alphonse-de-vers-1845-apres-1896\/#primaryimage"},"thumbnailUrl":"https:\/\/www.iemj.org\/wp-content\/uploads\/2017\/04\/arton2261-e1617024969992.jpg","datePublished":"2017-04-26T15:13:45+00:00","dateModified":"2022-09-27T15:12:52+00:00","breadcrumb":{"@id":"https:\/\/www.iemj.org\/es\/villers-alphonse-de-vers-1845-apres-1896\/#breadcrumb"},"inLanguage":"es","potentialAction":[{"@type":"ReadAction","target":["https:\/\/www.iemj.org\/es\/villers-alphonse-de-vers-1845-apres-1896\/"]}]},{"@type":"ImageObject","inLanguage":"es","@id":"https:\/\/www.iemj.org\/es\/villers-alphonse-de-vers-1845-apres-1896\/#primaryimage","url":"https:\/\/www.iemj.org\/wp-content\/uploads\/2017\/04\/arton2261-e1617024969992.jpg","contentUrl":"https:\/\/www.iemj.org\/wp-content\/uploads\/2017\/04\/arton2261-e1617024969992.jpg","width":139,"height":218},{"@type":"BreadcrumbList","@id":"https:\/\/www.iemj.org\/es\/villers-alphonse-de-vers-1845-apres-1896\/#breadcrumb","itemListElement":[{"@type":"ListItem","position":1,"name":"Accueil","item":"https:\/\/www.iemj.org\/es\/"},{"@type":"ListItem","position":2,"name":"Villers, Alphonse de (Alrededor de 1845-Despu\u00e9s de 1896)"}]},{"@type":"WebSite","@id":"https:\/\/www.iemj.org\/es\/#website","url":"https:\/\/www.iemj.org\/es\/","name":"Institut Europ\u00e9en des Musiques Juives","description":"Des traditions musicales \u00e0 la port\u00e9e de tous","publisher":{"@id":"https:\/\/www.iemj.org\/es\/#organization"},"potentialAction":[{"@type":"SearchAction","target":{"@type":"EntryPoint","urlTemplate":"https:\/\/www.iemj.org\/es\/?s={search_term_string}"},"query-input":{"@type":"PropertyValueSpecification","valueRequired":true,"valueName":"search_term_string"}}],"inLanguage":"es"},{"@type":"Organization","@id":"https:\/\/www.iemj.org\/es\/#organization","name":"Institut Europ\u00e9en des Musiques Juives","url":"https:\/\/www.iemj.org\/es\/","logo":{"@type":"ImageObject","inLanguage":"es","@id":"https:\/\/www.iemj.org\/es\/#\/schema\/logo\/image\/","url":"https:\/\/www.iemj.org\/wp-content\/uploads\/2021\/09\/Logo-IEMJ-Paypal.jpg","contentUrl":"https:\/\/www.iemj.org\/wp-content\/uploads\/2021\/09\/Logo-IEMJ-Paypal.jpg","width":150,"height":50,"caption":"Institut Europ\u00e9en des Musiques Juives"},"image":{"@id":"https:\/\/www.iemj.org\/es\/#\/schema\/logo\/image\/"},"sameAs":["https:\/\/www.facebook.com\/MusiquesJuives\/","https:\/\/www.instagram.com\/musiquesjuives\/","https:\/\/www.youtube.com\/user\/musiquesjuives"]},{"@type":"Person","@id":"https:\/\/www.iemj.org\/es\/#\/schema\/person\/358e26c18aca017fcc4cc15437f7279c","name":"Jacqueline ROTEN","image":{"@type":"ImageObject","inLanguage":"es","@id":"https:\/\/secure.gravatar.com\/avatar\/5964256d6c6957de3a3505278957e0fb2a35119ac47ea41827a65301213c810b?s=96&d=mm&r=g","url":"https:\/\/secure.gravatar.com\/avatar\/5964256d6c6957de3a3505278957e0fb2a35119ac47ea41827a65301213c810b?s=96&d=mm&r=g","contentUrl":"https:\/\/secure.gravatar.com\/avatar\/5964256d6c6957de3a3505278957e0fb2a35119ac47ea41827a65301213c810b?s=96&d=mm&r=g","caption":"Jacqueline ROTEN"}}]}},"_links":{"self":[{"href":"https:\/\/www.iemj.org\/es\/wp-json\/wp\/v2\/posts\/88026","targetHints":{"allow":["GET"]}}],"collection":[{"href":"https:\/\/www.iemj.org\/es\/wp-json\/wp\/v2\/posts"}],"about":[{"href":"https:\/\/www.iemj.org\/es\/wp-json\/wp\/v2\/types\/post"}],"author":[{"embeddable":true,"href":"https:\/\/www.iemj.org\/es\/wp-json\/wp\/v2\/users\/5"}],"replies":[{"embeddable":true,"href":"https:\/\/www.iemj.org\/es\/wp-json\/wp\/v2\/comments?post=88026"}],"version-history":[{"count":0,"href":"https:\/\/www.iemj.org\/es\/wp-json\/wp\/v2\/posts\/88026\/revisions"}],"wp:featuredmedia":[{"embeddable":true,"href":"https:\/\/www.iemj.org\/es\/wp-json\/wp\/v2\/media\/88027"}],"wp:attachment":[{"href":"https:\/\/www.iemj.org\/es\/wp-json\/wp\/v2\/media?parent=88026"}],"wp:term":[{"taxonomy":"category","embeddable":true,"href":"https:\/\/www.iemj.org\/es\/wp-json\/wp\/v2\/categories?post=88026"},{"taxonomy":"post_tag","embeddable":true,"href":"https:\/\/www.iemj.org\/es\/wp-json\/wp\/v2\/tags?post=88026"},{"taxonomy":"technique","embeddable":true,"href":"https:\/\/www.iemj.org\/es\/wp-json\/wp\/v2\/technique?post=88026"},{"taxonomy":"squelettes","embeddable":true,"href":"https:\/\/www.iemj.org\/es\/wp-json\/wp\/v2\/squelettes?post=88026"},{"taxonomy":"sujet","embeddable":true,"href":"https:\/\/www.iemj.org\/es\/wp-json\/wp\/v2\/sujet?post=88026"},{"taxonomy":"formation","embeddable":true,"href":"https:\/\/www.iemj.org\/es\/wp-json\/wp\/v2\/formation?post=88026"},{"taxonomy":"genre","embeddable":true,"href":"https:\/\/www.iemj.org\/es\/wp-json\/wp\/v2\/genre?post=88026"},{"taxonomy":"fonds","embeddable":true,"href":"https:\/\/www.iemj.org\/es\/wp-json\/wp\/v2\/fonds?post=88026"},{"taxonomy":"tradition","embeddable":true,"href":"https:\/\/www.iemj.org\/es\/wp-json\/wp\/v2\/tradition?post=88026"},{"taxonomy":"type-de-contenu","embeddable":true,"href":"https:\/\/www.iemj.org\/es\/wp-json\/wp\/v2\/type-de-contenu?post=88026"},{"taxonomy":"interprete-compositeur","embeddable":true,"href":"https:\/\/www.iemj.org\/es\/wp-json\/wp\/v2\/interprete-compositeur?post=88026"},{"taxonomy":"frise","embeddable":true,"href":"https:\/\/www.iemj.org\/es\/wp-json\/wp\/v2\/frise?post=88026"},{"taxonomy":"type-devenement","embeddable":true,"href":"https:\/\/www.iemj.org\/es\/wp-json\/wp\/v2\/type-devenement?post=88026"},{"taxonomy":"tableaux-liens-externes","embeddable":true,"href":"https:\/\/www.iemj.org\/es\/wp-json\/wp\/v2\/tableaux-liens-externes?post=88026"}],"curies":[{"name":"wp","href":"https:\/\/api.w.org\/{rel}","templated":true}]}}