{"id":88099,"date":"2022-09-28T12:12:54","date_gmt":"2022-09-28T10:12:54","guid":{"rendered":"https:\/\/www.iemj.org\/liemj-present-sur-la-radio-nationale-allemande-deutschlandfunk-kultur\/"},"modified":"2022-09-28T16:08:01","modified_gmt":"2022-09-28T14:08:01","slug":"liemj-present-sur-la-radio-nationale-allemande-deutschlandfunk-kultur","status":"publish","type":"post","link":"https:\/\/www.iemj.org\/es\/liemj-present-sur-la-radio-nationale-allemande-deutschlandfunk-kultur\/","title":{"rendered":"El IEMJ aparece en la radio nacional alemana \u00abDeutschlandfunk Kultur\u00bb"},"content":{"rendered":"<p>Con el fin de dar a conocer el trabajo y los objetivos del Instituto Europeo de M\u00fasicas Jud\u00edas en Alemania, la periodista alemana Bettina Kaps visit\u00f3 la sede del Instituto en Par\u00eds en marzo de 2022.<\/p>\n<p><em>&#8230;Un edificio en la planta baja en el sur de Par\u00eds&#8230; Las letras \u00abIEMJ\u00bb est\u00e1n escritas en la placa de la puerta. Pocos transe\u00fantes sospechan que tras estas siglas y en este discreto lugar se esconde un aut\u00e9ntico joyero: el Instituto Europeo de M\u00fasicas Jud\u00edas.<\/em><\/p>\n<p>L&#8217;article \u00ab<em><span class=\"section-article-head-area-subtitle\">Europ\u00e4isches Institut f\u00fcr J\u00fcdische Musik &#8211; <\/span>Das Ged\u00e4chtnis j\u00fcdischer Musik\u00bb<\/em> ainsi que\u00a0l&#8217;interview r\u00e9alis\u00e9e sur place diffus\u00e9e le 19 ao\u00fbt 2022 sur la radio nationale Deutschlandfunk Kultur, (radio \u00e9quivalente \u00e0 France Culture, en France) sont consultables (en allemand) sur le <a href=\"https:\/\/www.deutschlandfunkkultur.de\/das-gedaechtnis-juedischer-musik-100.html\" target=\"_blank\" rel=\"noopener\">site de la radio Deutschlandfunk Kultur<\/a>.<\/p>\n<p>El art\u00edculo \u00abEurop\u00e4isches Institut f\u00fcr J\u00fcdische Musik &#8211; Das Ged\u00e4chtnis j\u00fcdischer Musik\u00bb, as\u00ed como la entrevista in situ emitida el 19 de agosto de 2022 en la emisora de radio nacional Deutschlandfunk Kultur, pueden consultarse (en alem\u00e1n) en el <a href=\"https:\/\/www.deutschlandfunkkultur.de\/das-gedaechtnis-juedischer-musik-100.html\" target=\"_blank\" rel=\"noopener\">sitio web de la radio Deutschlandfunk Kultur<\/a>.<\/p>\n<p>\u00ab<em>Nuestro Instituto es bastante singular. Queremos preservar, mejorar y difundir todo el patrimonio musical jud\u00edo<\/em>\u00ab, explica el fundador y director del Instituto, Herv\u00e9 Roten.<\/p>\n<h2><\/h2>\n<h3><a href=\"https:\/\/www.deutschlandfunkkultur.de\/das-gedaechtnis-juedischer-musik-100.html\" target=\"_blank\" rel=\"noopener\">Leer y escuchar la entrevista realizada en marzo de 2022, por Bettina Kaps, emitida el 19 de agosto de 2022 &#8211; Sitio web de DeutschlandfunkKultur<\/a><\/h3>\n","protected":false},"excerpt":{"rendered":"<p>Con el fin de dar a conocer el trabajo y los objetivos del Instituto Europeo de M\u00fasicas Jud\u00edas en Alemania, la periodista alemana Bettina Kaps visit\u00f3 la sede del Instituto<\/p>\n","protected":false},"author":5,"featured_media":88091,"comment_status":"closed","ping_status":"closed","sticky":false,"template":"","format":"standard","meta":{"_acf_changed":false,"footnotes":""},"categories":[1613],"tags":[],"technique":[],"squelettes":[],"sujet":[],"formation":[],"genre":[],"fonds":[],"tradition":[],"type-de-contenu":[],"interprete-compositeur":[],"frise":[],"type-devenement":[],"tableaux-liens-externes":[],"class_list":["post-88099","post","type-post","status-publish","format-standard","has-post-thumbnail","hentry","category-revista-de-prensa-es"],"acf":[],"yoast_head":"<!-- This site is optimized with the Yoast SEO plugin v27.3 - https:\/\/yoast.com\/product\/yoast-seo-wordpress\/ -->\n<title>El IEMJ aparece en la radio nacional alemana &quot;Deutschlandfunk Kultur&quot; - Institut Europ\u00e9en des Musiques Juives<\/title>\n<meta name=\"robots\" content=\"index, follow, max-snippet:-1, max-image-preview:large, max-video-preview:-1\" \/>\n<link rel=\"canonical\" href=\"https:\/\/www.iemj.org\/es\/liemj-present-sur-la-radio-nationale-allemande-deutschlandfunk-kultur\/\" \/>\n<meta property=\"og:locale\" content=\"es_ES\" \/>\n<meta property=\"og:type\" content=\"article\" \/>\n<meta property=\"og:title\" content=\"El IEMJ aparece en la radio nacional alemana &quot;Deutschlandfunk Kultur&quot; - Institut Europ\u00e9en des Musiques Juives\" \/>\n<meta property=\"og:description\" content=\"Con el fin de dar a conocer el trabajo y los objetivos del Instituto Europeo de M\u00fasicas Jud\u00edas en Alemania, la periodista alemana Bettina Kaps visit\u00f3 la sede del Instituto\" \/>\n<meta property=\"og:url\" content=\"https:\/\/www.iemj.org\/es\/liemj-present-sur-la-radio-nationale-allemande-deutschlandfunk-kultur\/\" \/>\n<meta property=\"og:site_name\" content=\"Institut Europ\u00e9en des Musiques Juives\" \/>\n<meta property=\"article:publisher\" content=\"https:\/\/www.facebook.com\/MusiquesJuives\/\" \/>\n<meta property=\"article:published_time\" content=\"2022-09-28T10:12:54+00:00\" \/>\n<meta property=\"article:modified_time\" content=\"2022-09-28T14:08:01+00:00\" \/>\n<meta property=\"og:image\" content=\"https:\/\/www.iemj.org\/wp-content\/uploads\/2022\/09\/Emission-radio-allemande-sur-IEMJ-par-Bettina-Kaps_500x500px-1.jpg\" \/>\n\t<meta property=\"og:image:width\" content=\"500\" \/>\n\t<meta property=\"og:image:height\" content=\"500\" \/>\n\t<meta property=\"og:image:type\" content=\"image\/jpeg\" \/>\n<meta name=\"author\" content=\"Jacqueline ROTEN\" \/>\n<meta name=\"twitter:card\" content=\"summary_large_image\" \/>\n<meta name=\"twitter:label1\" content=\"Escrito por\" \/>\n\t<meta name=\"twitter:data1\" content=\"Jacqueline ROTEN\" \/>\n\t<meta name=\"twitter:label2\" content=\"Tiempo de lectura\" \/>\n\t<meta name=\"twitter:data2\" content=\"2 minutos\" \/>\n<script type=\"application\/ld+json\" class=\"yoast-schema-graph\">{\"@context\":\"https:\\\/\\\/schema.org\",\"@graph\":[{\"@type\":\"Article\",\"@id\":\"https:\\\/\\\/www.iemj.org\\\/es\\\/liemj-present-sur-la-radio-nationale-allemande-deutschlandfunk-kultur\\\/#article\",\"isPartOf\":{\"@id\":\"https:\\\/\\\/www.iemj.org\\\/es\\\/liemj-present-sur-la-radio-nationale-allemande-deutschlandfunk-kultur\\\/\"},\"author\":{\"name\":\"Jacqueline ROTEN\",\"@id\":\"https:\\\/\\\/www.iemj.org\\\/es\\\/#\\\/schema\\\/person\\\/358e26c18aca017fcc4cc15437f7279c\"},\"headline\":\"El IEMJ aparece en la radio nacional alemana \u00abDeutschlandfunk Kultur\u00bb\",\"datePublished\":\"2022-09-28T10:12:54+00:00\",\"dateModified\":\"2022-09-28T14:08:01+00:00\",\"mainEntityOfPage\":{\"@id\":\"https:\\\/\\\/www.iemj.org\\\/es\\\/liemj-present-sur-la-radio-nationale-allemande-deutschlandfunk-kultur\\\/\"},\"wordCount\":252,\"publisher\":{\"@id\":\"https:\\\/\\\/www.iemj.org\\\/es\\\/#organization\"},\"image\":{\"@id\":\"https:\\\/\\\/www.iemj.org\\\/es\\\/liemj-present-sur-la-radio-nationale-allemande-deutschlandfunk-kultur\\\/#primaryimage\"},\"thumbnailUrl\":\"https:\\\/\\\/www.iemj.org\\\/wp-content\\\/uploads\\\/2022\\\/09\\\/Emission-radio-allemande-sur-IEMJ-par-Bettina-Kaps_500x500px-1.jpg\",\"articleSection\":[\"Revista de prensa\"],\"inLanguage\":\"es\"},{\"@type\":\"WebPage\",\"@id\":\"https:\\\/\\\/www.iemj.org\\\/es\\\/liemj-present-sur-la-radio-nationale-allemande-deutschlandfunk-kultur\\\/\",\"url\":\"https:\\\/\\\/www.iemj.org\\\/es\\\/liemj-present-sur-la-radio-nationale-allemande-deutschlandfunk-kultur\\\/\",\"name\":\"El IEMJ aparece en la radio nacional alemana \\\"Deutschlandfunk Kultur\\\" - Institut Europ\u00e9en des Musiques Juives\",\"isPartOf\":{\"@id\":\"https:\\\/\\\/www.iemj.org\\\/es\\\/#website\"},\"primaryImageOfPage\":{\"@id\":\"https:\\\/\\\/www.iemj.org\\\/es\\\/liemj-present-sur-la-radio-nationale-allemande-deutschlandfunk-kultur\\\/#primaryimage\"},\"image\":{\"@id\":\"https:\\\/\\\/www.iemj.org\\\/es\\\/liemj-present-sur-la-radio-nationale-allemande-deutschlandfunk-kultur\\\/#primaryimage\"},\"thumbnailUrl\":\"https:\\\/\\\/www.iemj.org\\\/wp-content\\\/uploads\\\/2022\\\/09\\\/Emission-radio-allemande-sur-IEMJ-par-Bettina-Kaps_500x500px-1.jpg\",\"datePublished\":\"2022-09-28T10:12:54+00:00\",\"dateModified\":\"2022-09-28T14:08:01+00:00\",\"breadcrumb\":{\"@id\":\"https:\\\/\\\/www.iemj.org\\\/es\\\/liemj-present-sur-la-radio-nationale-allemande-deutschlandfunk-kultur\\\/#breadcrumb\"},\"inLanguage\":\"es\",\"potentialAction\":[{\"@type\":\"ReadAction\",\"target\":[\"https:\\\/\\\/www.iemj.org\\\/es\\\/liemj-present-sur-la-radio-nationale-allemande-deutschlandfunk-kultur\\\/\"]}]},{\"@type\":\"ImageObject\",\"inLanguage\":\"es\",\"@id\":\"https:\\\/\\\/www.iemj.org\\\/es\\\/liemj-present-sur-la-radio-nationale-allemande-deutschlandfunk-kultur\\\/#primaryimage\",\"url\":\"https:\\\/\\\/www.iemj.org\\\/wp-content\\\/uploads\\\/2022\\\/09\\\/Emission-radio-allemande-sur-IEMJ-par-Bettina-Kaps_500x500px-1.jpg\",\"contentUrl\":\"https:\\\/\\\/www.iemj.org\\\/wp-content\\\/uploads\\\/2022\\\/09\\\/Emission-radio-allemande-sur-IEMJ-par-Bettina-Kaps_500x500px-1.jpg\",\"width\":500,\"height\":500},{\"@type\":\"BreadcrumbList\",\"@id\":\"https:\\\/\\\/www.iemj.org\\\/es\\\/liemj-present-sur-la-radio-nationale-allemande-deutschlandfunk-kultur\\\/#breadcrumb\",\"itemListElement\":[{\"@type\":\"ListItem\",\"position\":1,\"name\":\"Accueil\",\"item\":\"https:\\\/\\\/www.iemj.org\\\/es\\\/\"},{\"@type\":\"ListItem\",\"position\":2,\"name\":\"El IEMJ aparece en la radio nacional alemana \u00abDeutschlandfunk Kultur\u00bb\"}]},{\"@type\":\"WebSite\",\"@id\":\"https:\\\/\\\/www.iemj.org\\\/es\\\/#website\",\"url\":\"https:\\\/\\\/www.iemj.org\\\/es\\\/\",\"name\":\"Institut Europ\u00e9en des Musiques Juives\",\"description\":\"Des traditions musicales \u00e0 la port\u00e9e de tous\",\"publisher\":{\"@id\":\"https:\\\/\\\/www.iemj.org\\\/es\\\/#organization\"},\"potentialAction\":[{\"@type\":\"SearchAction\",\"target\":{\"@type\":\"EntryPoint\",\"urlTemplate\":\"https:\\\/\\\/www.iemj.org\\\/es\\\/?s={search_term_string}\"},\"query-input\":{\"@type\":\"PropertyValueSpecification\",\"valueRequired\":true,\"valueName\":\"search_term_string\"}}],\"inLanguage\":\"es\"},{\"@type\":\"Organization\",\"@id\":\"https:\\\/\\\/www.iemj.org\\\/es\\\/#organization\",\"name\":\"Institut Europ\u00e9en des Musiques Juives\",\"url\":\"https:\\\/\\\/www.iemj.org\\\/es\\\/\",\"logo\":{\"@type\":\"ImageObject\",\"inLanguage\":\"es\",\"@id\":\"https:\\\/\\\/www.iemj.org\\\/es\\\/#\\\/schema\\\/logo\\\/image\\\/\",\"url\":\"https:\\\/\\\/www.iemj.org\\\/wp-content\\\/uploads\\\/2021\\\/09\\\/Logo-IEMJ-Paypal.jpg\",\"contentUrl\":\"https:\\\/\\\/www.iemj.org\\\/wp-content\\\/uploads\\\/2021\\\/09\\\/Logo-IEMJ-Paypal.jpg\",\"width\":150,\"height\":50,\"caption\":\"Institut Europ\u00e9en des Musiques Juives\"},\"image\":{\"@id\":\"https:\\\/\\\/www.iemj.org\\\/es\\\/#\\\/schema\\\/logo\\\/image\\\/\"},\"sameAs\":[\"https:\\\/\\\/www.facebook.com\\\/MusiquesJuives\\\/\",\"https:\\\/\\\/www.instagram.com\\\/musiquesjuives\\\/\",\"https:\\\/\\\/www.youtube.com\\\/user\\\/musiquesjuives\"]},{\"@type\":\"Person\",\"@id\":\"https:\\\/\\\/www.iemj.org\\\/es\\\/#\\\/schema\\\/person\\\/358e26c18aca017fcc4cc15437f7279c\",\"name\":\"Jacqueline ROTEN\",\"image\":{\"@type\":\"ImageObject\",\"inLanguage\":\"es\",\"@id\":\"https:\\\/\\\/secure.gravatar.com\\\/avatar\\\/5964256d6c6957de3a3505278957e0fb2a35119ac47ea41827a65301213c810b?s=96&d=mm&r=g\",\"url\":\"https:\\\/\\\/secure.gravatar.com\\\/avatar\\\/5964256d6c6957de3a3505278957e0fb2a35119ac47ea41827a65301213c810b?s=96&d=mm&r=g\",\"contentUrl\":\"https:\\\/\\\/secure.gravatar.com\\\/avatar\\\/5964256d6c6957de3a3505278957e0fb2a35119ac47ea41827a65301213c810b?s=96&d=mm&r=g\",\"caption\":\"Jacqueline ROTEN\"}}]}<\/script>\n<!-- \/ Yoast SEO plugin. -->","yoast_head_json":{"title":"El IEMJ aparece en la radio nacional alemana \"Deutschlandfunk Kultur\" - Institut Europ\u00e9en des Musiques Juives","robots":{"index":"index","follow":"follow","max-snippet":"max-snippet:-1","max-image-preview":"max-image-preview:large","max-video-preview":"max-video-preview:-1"},"canonical":"https:\/\/www.iemj.org\/es\/liemj-present-sur-la-radio-nationale-allemande-deutschlandfunk-kultur\/","og_locale":"es_ES","og_type":"article","og_title":"El IEMJ aparece en la radio nacional alemana \"Deutschlandfunk Kultur\" - Institut Europ\u00e9en des Musiques Juives","og_description":"Con el fin de dar a conocer el trabajo y los objetivos del Instituto Europeo de M\u00fasicas Jud\u00edas en Alemania, la periodista alemana Bettina Kaps visit\u00f3 la sede del Instituto","og_url":"https:\/\/www.iemj.org\/es\/liemj-present-sur-la-radio-nationale-allemande-deutschlandfunk-kultur\/","og_site_name":"Institut Europ\u00e9en des Musiques Juives","article_publisher":"https:\/\/www.facebook.com\/MusiquesJuives\/","article_published_time":"2022-09-28T10:12:54+00:00","article_modified_time":"2022-09-28T14:08:01+00:00","og_image":[{"width":500,"height":500,"url":"https:\/\/www.iemj.org\/wp-content\/uploads\/2022\/09\/Emission-radio-allemande-sur-IEMJ-par-Bettina-Kaps_500x500px-1.jpg","type":"image\/jpeg"}],"author":"Jacqueline ROTEN","twitter_card":"summary_large_image","twitter_misc":{"Escrito por":"Jacqueline ROTEN","Tiempo de lectura":"2 minutos"},"schema":{"@context":"https:\/\/schema.org","@graph":[{"@type":"Article","@id":"https:\/\/www.iemj.org\/es\/liemj-present-sur-la-radio-nationale-allemande-deutschlandfunk-kultur\/#article","isPartOf":{"@id":"https:\/\/www.iemj.org\/es\/liemj-present-sur-la-radio-nationale-allemande-deutschlandfunk-kultur\/"},"author":{"name":"Jacqueline ROTEN","@id":"https:\/\/www.iemj.org\/es\/#\/schema\/person\/358e26c18aca017fcc4cc15437f7279c"},"headline":"El IEMJ aparece en la radio nacional alemana \u00abDeutschlandfunk Kultur\u00bb","datePublished":"2022-09-28T10:12:54+00:00","dateModified":"2022-09-28T14:08:01+00:00","mainEntityOfPage":{"@id":"https:\/\/www.iemj.org\/es\/liemj-present-sur-la-radio-nationale-allemande-deutschlandfunk-kultur\/"},"wordCount":252,"publisher":{"@id":"https:\/\/www.iemj.org\/es\/#organization"},"image":{"@id":"https:\/\/www.iemj.org\/es\/liemj-present-sur-la-radio-nationale-allemande-deutschlandfunk-kultur\/#primaryimage"},"thumbnailUrl":"https:\/\/www.iemj.org\/wp-content\/uploads\/2022\/09\/Emission-radio-allemande-sur-IEMJ-par-Bettina-Kaps_500x500px-1.jpg","articleSection":["Revista de prensa"],"inLanguage":"es"},{"@type":"WebPage","@id":"https:\/\/www.iemj.org\/es\/liemj-present-sur-la-radio-nationale-allemande-deutschlandfunk-kultur\/","url":"https:\/\/www.iemj.org\/es\/liemj-present-sur-la-radio-nationale-allemande-deutschlandfunk-kultur\/","name":"El IEMJ aparece en la radio nacional alemana \"Deutschlandfunk Kultur\" - Institut Europ\u00e9en des Musiques Juives","isPartOf":{"@id":"https:\/\/www.iemj.org\/es\/#website"},"primaryImageOfPage":{"@id":"https:\/\/www.iemj.org\/es\/liemj-present-sur-la-radio-nationale-allemande-deutschlandfunk-kultur\/#primaryimage"},"image":{"@id":"https:\/\/www.iemj.org\/es\/liemj-present-sur-la-radio-nationale-allemande-deutschlandfunk-kultur\/#primaryimage"},"thumbnailUrl":"https:\/\/www.iemj.org\/wp-content\/uploads\/2022\/09\/Emission-radio-allemande-sur-IEMJ-par-Bettina-Kaps_500x500px-1.jpg","datePublished":"2022-09-28T10:12:54+00:00","dateModified":"2022-09-28T14:08:01+00:00","breadcrumb":{"@id":"https:\/\/www.iemj.org\/es\/liemj-present-sur-la-radio-nationale-allemande-deutschlandfunk-kultur\/#breadcrumb"},"inLanguage":"es","potentialAction":[{"@type":"ReadAction","target":["https:\/\/www.iemj.org\/es\/liemj-present-sur-la-radio-nationale-allemande-deutschlandfunk-kultur\/"]}]},{"@type":"ImageObject","inLanguage":"es","@id":"https:\/\/www.iemj.org\/es\/liemj-present-sur-la-radio-nationale-allemande-deutschlandfunk-kultur\/#primaryimage","url":"https:\/\/www.iemj.org\/wp-content\/uploads\/2022\/09\/Emission-radio-allemande-sur-IEMJ-par-Bettina-Kaps_500x500px-1.jpg","contentUrl":"https:\/\/www.iemj.org\/wp-content\/uploads\/2022\/09\/Emission-radio-allemande-sur-IEMJ-par-Bettina-Kaps_500x500px-1.jpg","width":500,"height":500},{"@type":"BreadcrumbList","@id":"https:\/\/www.iemj.org\/es\/liemj-present-sur-la-radio-nationale-allemande-deutschlandfunk-kultur\/#breadcrumb","itemListElement":[{"@type":"ListItem","position":1,"name":"Accueil","item":"https:\/\/www.iemj.org\/es\/"},{"@type":"ListItem","position":2,"name":"El IEMJ aparece en la radio nacional alemana \u00abDeutschlandfunk Kultur\u00bb"}]},{"@type":"WebSite","@id":"https:\/\/www.iemj.org\/es\/#website","url":"https:\/\/www.iemj.org\/es\/","name":"Institut Europ\u00e9en des Musiques Juives","description":"Des traditions musicales \u00e0 la port\u00e9e de tous","publisher":{"@id":"https:\/\/www.iemj.org\/es\/#organization"},"potentialAction":[{"@type":"SearchAction","target":{"@type":"EntryPoint","urlTemplate":"https:\/\/www.iemj.org\/es\/?s={search_term_string}"},"query-input":{"@type":"PropertyValueSpecification","valueRequired":true,"valueName":"search_term_string"}}],"inLanguage":"es"},{"@type":"Organization","@id":"https:\/\/www.iemj.org\/es\/#organization","name":"Institut Europ\u00e9en des Musiques Juives","url":"https:\/\/www.iemj.org\/es\/","logo":{"@type":"ImageObject","inLanguage":"es","@id":"https:\/\/www.iemj.org\/es\/#\/schema\/logo\/image\/","url":"https:\/\/www.iemj.org\/wp-content\/uploads\/2021\/09\/Logo-IEMJ-Paypal.jpg","contentUrl":"https:\/\/www.iemj.org\/wp-content\/uploads\/2021\/09\/Logo-IEMJ-Paypal.jpg","width":150,"height":50,"caption":"Institut Europ\u00e9en des Musiques Juives"},"image":{"@id":"https:\/\/www.iemj.org\/es\/#\/schema\/logo\/image\/"},"sameAs":["https:\/\/www.facebook.com\/MusiquesJuives\/","https:\/\/www.instagram.com\/musiquesjuives\/","https:\/\/www.youtube.com\/user\/musiquesjuives"]},{"@type":"Person","@id":"https:\/\/www.iemj.org\/es\/#\/schema\/person\/358e26c18aca017fcc4cc15437f7279c","name":"Jacqueline ROTEN","image":{"@type":"ImageObject","inLanguage":"es","@id":"https:\/\/secure.gravatar.com\/avatar\/5964256d6c6957de3a3505278957e0fb2a35119ac47ea41827a65301213c810b?s=96&d=mm&r=g","url":"https:\/\/secure.gravatar.com\/avatar\/5964256d6c6957de3a3505278957e0fb2a35119ac47ea41827a65301213c810b?s=96&d=mm&r=g","contentUrl":"https:\/\/secure.gravatar.com\/avatar\/5964256d6c6957de3a3505278957e0fb2a35119ac47ea41827a65301213c810b?s=96&d=mm&r=g","caption":"Jacqueline ROTEN"}}]}},"_links":{"self":[{"href":"https:\/\/www.iemj.org\/es\/wp-json\/wp\/v2\/posts\/88099","targetHints":{"allow":["GET"]}}],"collection":[{"href":"https:\/\/www.iemj.org\/es\/wp-json\/wp\/v2\/posts"}],"about":[{"href":"https:\/\/www.iemj.org\/es\/wp-json\/wp\/v2\/types\/post"}],"author":[{"embeddable":true,"href":"https:\/\/www.iemj.org\/es\/wp-json\/wp\/v2\/users\/5"}],"replies":[{"embeddable":true,"href":"https:\/\/www.iemj.org\/es\/wp-json\/wp\/v2\/comments?post=88099"}],"version-history":[{"count":0,"href":"https:\/\/www.iemj.org\/es\/wp-json\/wp\/v2\/posts\/88099\/revisions"}],"wp:featuredmedia":[{"embeddable":true,"href":"https:\/\/www.iemj.org\/es\/wp-json\/wp\/v2\/media\/88091"}],"wp:attachment":[{"href":"https:\/\/www.iemj.org\/es\/wp-json\/wp\/v2\/media?parent=88099"}],"wp:term":[{"taxonomy":"category","embeddable":true,"href":"https:\/\/www.iemj.org\/es\/wp-json\/wp\/v2\/categories?post=88099"},{"taxonomy":"post_tag","embeddable":true,"href":"https:\/\/www.iemj.org\/es\/wp-json\/wp\/v2\/tags?post=88099"},{"taxonomy":"technique","embeddable":true,"href":"https:\/\/www.iemj.org\/es\/wp-json\/wp\/v2\/technique?post=88099"},{"taxonomy":"squelettes","embeddable":true,"href":"https:\/\/www.iemj.org\/es\/wp-json\/wp\/v2\/squelettes?post=88099"},{"taxonomy":"sujet","embeddable":true,"href":"https:\/\/www.iemj.org\/es\/wp-json\/wp\/v2\/sujet?post=88099"},{"taxonomy":"formation","embeddable":true,"href":"https:\/\/www.iemj.org\/es\/wp-json\/wp\/v2\/formation?post=88099"},{"taxonomy":"genre","embeddable":true,"href":"https:\/\/www.iemj.org\/es\/wp-json\/wp\/v2\/genre?post=88099"},{"taxonomy":"fonds","embeddable":true,"href":"https:\/\/www.iemj.org\/es\/wp-json\/wp\/v2\/fonds?post=88099"},{"taxonomy":"tradition","embeddable":true,"href":"https:\/\/www.iemj.org\/es\/wp-json\/wp\/v2\/tradition?post=88099"},{"taxonomy":"type-de-contenu","embeddable":true,"href":"https:\/\/www.iemj.org\/es\/wp-json\/wp\/v2\/type-de-contenu?post=88099"},{"taxonomy":"interprete-compositeur","embeddable":true,"href":"https:\/\/www.iemj.org\/es\/wp-json\/wp\/v2\/interprete-compositeur?post=88099"},{"taxonomy":"frise","embeddable":true,"href":"https:\/\/www.iemj.org\/es\/wp-json\/wp\/v2\/frise?post=88099"},{"taxonomy":"type-devenement","embeddable":true,"href":"https:\/\/www.iemj.org\/es\/wp-json\/wp\/v2\/type-devenement?post=88099"},{"taxonomy":"tableaux-liens-externes","embeddable":true,"href":"https:\/\/www.iemj.org\/es\/wp-json\/wp\/v2\/tableaux-liens-externes?post=88099"}],"curies":[{"name":"wp","href":"https:\/\/api.w.org\/{rel}","templated":true}]}}