{"id":88271,"date":"2013-01-09T16:01:24","date_gmt":"2013-01-09T15:01:24","guid":{"rendered":"https:\/\/www.iemj.org\/fuld-leo-1912-1997\/"},"modified":"2022-09-29T17:29:51","modified_gmt":"2022-09-29T15:29:51","slug":"fuld-leo-1912-1997","status":"publish","type":"post","link":"https:\/\/www.iemj.org\/es\/fuld-leo-1912-1997\/","title":{"rendered":"Fuld, Leo (1912-1997)"},"content":{"rendered":"<p>Leo Fuld <span lang=\"ES\">es uno de los \u00faltimos int\u00e9rpretes de canciones populares en yidis. Su carrera empez\u00f3 mucho antes de la Segunda Guerra Mundial y se acab\u00f3 al mismo tiempo que se fallecimiento en 1997. Antes de la Segunda Guerra Mundial, Fuld ya era un artista muy famoso en Europa y en Estados Unidos. Con su voz inmediatamente reconocible, grab\u00f3 numerosos discos en distintas lenguas, en particular en yidis, en ingl\u00e9s, en alem\u00e1n, en franc\u00e9s, en hebreo y en neerland\u00e9s. Se volvi\u00f3 de nuevo famoso en el mundo entero y en los grandes escenarios despu\u00e9s de la guerra. A los 83 a\u00f1os, grab\u00f3 \u201cLa Leyenda\u201d, sin duda su mejor disco, apodado \u201cSgt Pepper de la Musique Yiddish\u201d (Abe Golstein).<\/span><\/p>\n<p class=\"Standard\" style=\"text-align: justify; text-justify: inter-ideograph;\"><span lang=\"ES\">Nacido en 1912 en Rotterdam, Leo Fuld es el tercer de los diez hijos de una familia jud\u00eda humilde. Su padre, Louis Fuld, era corredor de fincas ocasionales. Dotado para el canto, la competencia de Fuld se revel\u00f3 desde ni\u00f1o durante los oficios en la sinagoga. Obtuvo una beca de estudios para el Seminario. Sus padres esperaban que el joven Leo se convirtiera en \u201chazan\u201d, un cantor de sinagoga. A los 16 a\u00f1os, Fuld ya oficiaba en la sinagoga. Al mismo tiempo, cantaba canciones profanas en bares, especialmente en Rotterdam donde empez\u00f3 cantando sesenta canciones por un d\u00f3lar. Despu\u00e9s, sus \u00e9xitos en la escena lo incitaron a presentarse a una prueba en la emisora de radio VARA. Fue inmediatamente contratado y empez\u00f3 junto a Louis Davids. Se fue en 1932 para presentarse a una prueba en Inglaterra, en la BBC. As\u00ed, se convirti\u00f3 en el primer cantante neerland\u00e9s en cantar en la BBC.<\/span><\/p>\n<p class=\"Standard\" style=\"text-align: justify; text-justify: inter-ideograph;\"><span lang=\"ES\">A los 19 a\u00f1os, fue destacado por Jack Hylton, que le contrat\u00f3 para tres a\u00f1os con su famosa orquesta, lo que le llev\u00f3 a actuar en toda la escena del Reino Unido y de Europa Continental.<\/span><\/p>\n<p class=\"Standard\" style=\"text-align: justify; text-justify: inter-ideograph;\"><span lang=\"ES\">En 1936, Clifford C. lo contrat\u00f3 al French Casino de Nueva York, y luego al Teatro Paramount en Broadway.<\/span><\/p>\n<p class=\"Standard\" style=\"text-align: justify; text-justify: inter-ideograph;\"><span lang=\"ES\">Ahora artista de renombre internacional, Fuld empez\u00f3 a traducir sus canciones en yidis y en hebreo y a incluirlas en su repertorio. En el French Casino, su mayor \u00e9xito es \u201cRozinhes mit Mandlen\u201d, y el famoso Al Jolson vuelve cada d\u00eda s\u00f3lo para o\u00edrlo cantar. En 1938, su visa temporal expir\u00f3 y tuvo que regresar a Europa para pedir un nuevo visado. Cogi\u00f3 el \u00faltimo barco antes de que los nazis invadieran los Pa\u00edses Bajos, e inmediatamente ofreci\u00f3 sus servicios al Gobierno Neerland\u00e9s en Exilio. Con Hendrik Willem Van Loon, empez\u00f3 a realizar emisiones en onda corta hacia Holanda y las Indias Orientales Neerlandesas. Flotaron rumores sobre el destino de la poblaci\u00f3n jud\u00eda de Holanda, y, de hecho, casi toda la familia de Leo Fuld fue asesinada por los nazis. En consecuencia, Leo Fuld no tuvo m\u00e1s ganas de enfrentarse al p\u00fablico, dej\u00f3 de cantar.<\/span><\/p>\n<p class=\"Standard\" style=\"text-align: justify; text-justify: inter-ideograph;\"><span lang=\"ES\">Ya que ten\u00eda talento para la escritura, r\u00e1pidamente se volvi\u00f3 uno de los autores m\u00e1s apreciados de Broadway. Escribi\u00f3 para actores como Milton Berle, los hermanos Ritz, Jackie Miles, Jackie Gleason, Jan Murray, Jerry Lewis y Dean Martin, antes de elaborar el programa del Kraft Music Hall. Escribi\u00f3, produjo y puso en escena una comedia musical titulada \u201cFun For Your Money\u201d con la que recorri\u00f3 el pa\u00eds.<\/span><\/p>\n<p class=\"Standard\" style=\"text-align: justify; text-justify: inter-ideograph;\"><span lang=\"ES\">En 1948, regres\u00f3 a Pa\u00edses Bajos como ciudadano estadounidense para tener noticias de su familia. A su llegada, para darle las gracias por sus emisiones de radio durante la guerra, miles de personas lo aclamaron, se le propuso un contrato para cantar en el mayor teatro de Amsterdam. Al quedarse sin cantar desde hac\u00eda m\u00e1s de cinco a\u00f1os, fue petrificado por el miedo, pero el \u00e9xito fue tan grande que su espect\u00e1culo se prolong\u00f3 seis semanas m\u00e1s respecto a lo que estaba previsto. Sinti\u00e9ndose m\u00e1s c\u00f3modo, acept\u00f3 un nuevo contrato en el London Casino donde consigui\u00f3 un gran triunfo.<\/span><\/p>\n<p class=\"Standard\" style=\"text-align: justify; text-justify: inter-ideograph;\"><span lang=\"ES\">Nuevas ofertas de contrato vinieron del mundo entero, y, mientras actuaba con su revista en Par\u00eds, se fue a un peque\u00f1o cabaret yidis donde oy\u00f3 a un superviviente del Gueto de Varsovia cantar una canci\u00f3n que lo conmovi\u00f3 mucho: \u201cWo Ahin Soll Ich Geh&#8217;n\u201d. Fuld se conmovi\u00f3 tanto con esta canci\u00f3n que pidi\u00f3 una copia al compositor, afirm\u00e1ndole que iba a ser un \u00e9xito mundial gracias a \u00e9l. Cumpli\u00f3 su promesa. De vuelta en Inglaterra, escribi\u00f3 la letra y la grab\u00f3 para Decca bajo el t\u00edtulo \u201cWhere Can I Go?\u201d. La canci\u00f3n fue un \u00e9xito en Estados Unidos: Fuld la cant\u00f3 en la tele en los programas de Milton Berle, Perry Como y Frank Sinatra. Tambi\u00e9n esta canci\u00f3n fue grabada por grandes cantantes como Ray Charles y Steve Lawrence y fue admirada por estrellas de la canci\u00f3n como Billy Holliday, Al Jonson y Edith Piaf.<\/span><\/p>\n<p class=\"Standard\" style=\"text-align: justify; text-justify: inter-ideograph;\"><span lang=\"ES\">A partir de 1949, Leo Fuld hizo giras por todo el mundo, al menos cinco. Comparti\u00f3 el escenario del Th\u00e9\u00e2tre de l&#8217;ABC en Par\u00eds durante 10 semanas con Edith Piaf e incluso fue contratado por el Emperador Haile Selassie con ocasi\u00f3n de la boda de su hija en el Palacio Imperial de Ad\u00eds Abeba.<\/span><\/p>\n<p class=\"Standard\" style=\"text-align: justify; text-justify: inter-ideograph;\"><span lang=\"ES\">En 1956, fund\u00f3 su propia discoteca en Nueva York, antes de trasladarla a Las Vegas. Durante su 80e cumplea\u00f1os, regres\u00f3 a Pa\u00edses Bajos. Con el productor Mohamed El-Fers y el arreglista Kees Post, grab\u00f3, a los 84 a\u00f1os, su \u00e1lbum m\u00edtico en yidis \u201cLa Leyenda\u201d. En este \u00e1lbum, Fuld interpreta sus canciones m\u00e1s famosas, pero con un nuevo arreglo oriental.<\/span><\/p>\n<p class=\"Standard\" style=\"text-align: justify; text-justify: inter-ideograph;\"><span lang=\"ES\">A los 84 a\u00f1os, Leo Fuld se cas\u00f3 por tercera vez. Falleci\u00f3 un a\u00f1o m\u00e1s tarde en su residencia en Amsterdam.<\/span><\/p>\n<p><a href=\"http:\/\/www.rachelnet.net\/F\/?func=find-c&amp;ccl_term=WRD+%3D+Leo+Fuld&amp;local_base=iemcg\" target=\"_blank\" rel=\"noopener\">Consultar nuestros archivos sobre Leo Fuld<\/a><\/p>\n<p><iframe title=\"The king of Yiddish Music: Leo Fuld - Where can I go? (Wo Ahin soll Ich Geh&#039;n?)\" width=\"640\" height=\"360\" src=\"https:\/\/www.youtube.com\/embed\/9b3aWebZTk4?feature=oembed\" frameborder=\"0\" allow=\"accelerometer; autoplay; clipboard-write; encrypted-media; gyroscope; picture-in-picture; web-share\" referrerpolicy=\"strict-origin-when-cross-origin\" allowfullscreen><\/iframe><\/p>\n<p><iframe title=\"Leo Fuld - Yaas (Yiddish Song)\" width=\"640\" height=\"480\" src=\"https:\/\/www.youtube.com\/embed\/GrFR6pT4ffc?feature=oembed\" frameborder=\"0\" allow=\"accelerometer; autoplay; clipboard-write; encrypted-media; gyroscope; picture-in-picture; web-share\" referrerpolicy=\"strict-origin-when-cross-origin\" allowfullscreen><\/iframe><\/p>\n<p><iframe title=\"LEO FULD &quot; The king of yiddish songs&quot;\" width=\"640\" height=\"480\" src=\"https:\/\/www.youtube.com\/embed\/pPfG3IE_yNU?feature=oembed\" frameborder=\"0\" allow=\"accelerometer; autoplay; clipboard-write; encrypted-media; gyroscope; picture-in-picture; web-share\" referrerpolicy=\"strict-origin-when-cross-origin\" allowfullscreen><\/iframe><\/p>\n","protected":false},"excerpt":{"rendered":"<p>Leo Fuld es uno de los \u00faltimos int\u00e9rpretes de canciones populares en yidis. Su carrera empez\u00f3 mucho antes de la Segunda Guerra Mundial y se acab\u00f3 al mismo tiempo que<\/p>\n","protected":false},"author":1045,"featured_media":51745,"comment_status":"closed","ping_status":"open","sticky":false,"template":"","format":"standard","meta":{"_acf_changed":false,"footnotes":""},"categories":[1417],"tags":[],"technique":[],"squelettes":[],"sujet":[],"formation":[],"genre":[],"fonds":[],"tradition":[],"type-de-contenu":[],"interprete-compositeur":[],"frise":[],"type-devenement":[],"tableaux-liens-externes":[],"class_list":["post-88271","post","type-post","status-publish","format-standard","has-post-thumbnail","hentry","category-biografias-es"],"acf":[],"yoast_head":"<!-- This site is optimized with the Yoast SEO plugin v27.3 - https:\/\/yoast.com\/product\/yoast-seo-wordpress\/ -->\n<title>Fuld, Leo (1912-1997) - Institut Europ\u00e9en des Musiques Juives<\/title>\n<meta name=\"robots\" content=\"index, follow, max-snippet:-1, max-image-preview:large, max-video-preview:-1\" \/>\n<link rel=\"canonical\" href=\"https:\/\/www.iemj.org\/es\/fuld-leo-1912-1997\/\" \/>\n<meta property=\"og:locale\" content=\"es_ES\" \/>\n<meta property=\"og:type\" content=\"article\" \/>\n<meta property=\"og:title\" content=\"Fuld, Leo (1912-1997) - Institut Europ\u00e9en des Musiques Juives\" \/>\n<meta property=\"og:description\" content=\"Leo Fuld es uno de los \u00faltimos int\u00e9rpretes de canciones populares en yidis. Su carrera empez\u00f3 mucho antes de la Segunda Guerra Mundial y se acab\u00f3 al mismo tiempo que\" \/>\n<meta property=\"og:url\" content=\"https:\/\/www.iemj.org\/es\/fuld-leo-1912-1997\/\" \/>\n<meta property=\"og:site_name\" content=\"Institut Europ\u00e9en des Musiques Juives\" \/>\n<meta property=\"article:publisher\" content=\"https:\/\/www.facebook.com\/MusiquesJuives\/\" \/>\n<meta property=\"article:published_time\" content=\"2013-01-09T15:01:24+00:00\" \/>\n<meta property=\"article:modified_time\" content=\"2022-09-29T15:29:51+00:00\" \/>\n<meta property=\"og:image\" content=\"https:\/\/www.iemj.org\/wp-content\/uploads\/2013\/01\/arton619-e1624980538238.jpg\" \/>\n\t<meta property=\"og:image:width\" content=\"200\" \/>\n\t<meta property=\"og:image:height\" content=\"218\" \/>\n\t<meta property=\"og:image:type\" content=\"image\/jpeg\" \/>\n<meta name=\"author\" content=\"Herv\u00e9 Roten\" \/>\n<meta name=\"twitter:card\" content=\"summary_large_image\" \/>\n<meta name=\"twitter:label1\" content=\"Escrito por\" \/>\n\t<meta name=\"twitter:data1\" content=\"Herv\u00e9 Roten\" \/>\n\t<meta name=\"twitter:label2\" content=\"Tiempo de lectura\" \/>\n\t<meta name=\"twitter:data2\" content=\"5 minutos\" \/>\n<script type=\"application\/ld+json\" class=\"yoast-schema-graph\">{\"@context\":\"https:\\\/\\\/schema.org\",\"@graph\":[{\"@type\":\"Article\",\"@id\":\"https:\\\/\\\/www.iemj.org\\\/es\\\/fuld-leo-1912-1997\\\/#article\",\"isPartOf\":{\"@id\":\"https:\\\/\\\/www.iemj.org\\\/es\\\/fuld-leo-1912-1997\\\/\"},\"author\":{\"name\":\"Herv\u00e9 Roten\",\"@id\":\"https:\\\/\\\/www.iemj.org\\\/es\\\/#\\\/schema\\\/person\\\/906134402c29d5c76e7b726261dd4bbd\"},\"headline\":\"Fuld, Leo (1912-1997)\",\"datePublished\":\"2013-01-09T15:01:24+00:00\",\"dateModified\":\"2022-09-29T15:29:51+00:00\",\"mainEntityOfPage\":{\"@id\":\"https:\\\/\\\/www.iemj.org\\\/es\\\/fuld-leo-1912-1997\\\/\"},\"wordCount\":1005,\"publisher\":{\"@id\":\"https:\\\/\\\/www.iemj.org\\\/es\\\/#organization\"},\"image\":{\"@id\":\"https:\\\/\\\/www.iemj.org\\\/es\\\/fuld-leo-1912-1997\\\/#primaryimage\"},\"thumbnailUrl\":\"https:\\\/\\\/www.iemj.org\\\/wp-content\\\/uploads\\\/2013\\\/01\\\/arton619-e1624980538238.jpg\",\"articleSection\":[\"Biograf\u00edas\"],\"inLanguage\":\"es\"},{\"@type\":\"WebPage\",\"@id\":\"https:\\\/\\\/www.iemj.org\\\/es\\\/fuld-leo-1912-1997\\\/\",\"url\":\"https:\\\/\\\/www.iemj.org\\\/es\\\/fuld-leo-1912-1997\\\/\",\"name\":\"Fuld, Leo (1912-1997) - Institut Europ\u00e9en des Musiques Juives\",\"isPartOf\":{\"@id\":\"https:\\\/\\\/www.iemj.org\\\/es\\\/#website\"},\"primaryImageOfPage\":{\"@id\":\"https:\\\/\\\/www.iemj.org\\\/es\\\/fuld-leo-1912-1997\\\/#primaryimage\"},\"image\":{\"@id\":\"https:\\\/\\\/www.iemj.org\\\/es\\\/fuld-leo-1912-1997\\\/#primaryimage\"},\"thumbnailUrl\":\"https:\\\/\\\/www.iemj.org\\\/wp-content\\\/uploads\\\/2013\\\/01\\\/arton619-e1624980538238.jpg\",\"datePublished\":\"2013-01-09T15:01:24+00:00\",\"dateModified\":\"2022-09-29T15:29:51+00:00\",\"breadcrumb\":{\"@id\":\"https:\\\/\\\/www.iemj.org\\\/es\\\/fuld-leo-1912-1997\\\/#breadcrumb\"},\"inLanguage\":\"es\",\"potentialAction\":[{\"@type\":\"ReadAction\",\"target\":[\"https:\\\/\\\/www.iemj.org\\\/es\\\/fuld-leo-1912-1997\\\/\"]}]},{\"@type\":\"ImageObject\",\"inLanguage\":\"es\",\"@id\":\"https:\\\/\\\/www.iemj.org\\\/es\\\/fuld-leo-1912-1997\\\/#primaryimage\",\"url\":\"https:\\\/\\\/www.iemj.org\\\/wp-content\\\/uploads\\\/2013\\\/01\\\/arton619-e1624980538238.jpg\",\"contentUrl\":\"https:\\\/\\\/www.iemj.org\\\/wp-content\\\/uploads\\\/2013\\\/01\\\/arton619-e1624980538238.jpg\",\"width\":200,\"height\":218},{\"@type\":\"BreadcrumbList\",\"@id\":\"https:\\\/\\\/www.iemj.org\\\/es\\\/fuld-leo-1912-1997\\\/#breadcrumb\",\"itemListElement\":[{\"@type\":\"ListItem\",\"position\":1,\"name\":\"Accueil\",\"item\":\"https:\\\/\\\/www.iemj.org\\\/es\\\/\"},{\"@type\":\"ListItem\",\"position\":2,\"name\":\"Fuld, Leo (1912-1997)\"}]},{\"@type\":\"WebSite\",\"@id\":\"https:\\\/\\\/www.iemj.org\\\/es\\\/#website\",\"url\":\"https:\\\/\\\/www.iemj.org\\\/es\\\/\",\"name\":\"Institut Europ\u00e9en des Musiques Juives\",\"description\":\"Des traditions musicales \u00e0 la port\u00e9e de tous\",\"publisher\":{\"@id\":\"https:\\\/\\\/www.iemj.org\\\/es\\\/#organization\"},\"potentialAction\":[{\"@type\":\"SearchAction\",\"target\":{\"@type\":\"EntryPoint\",\"urlTemplate\":\"https:\\\/\\\/www.iemj.org\\\/es\\\/?s={search_term_string}\"},\"query-input\":{\"@type\":\"PropertyValueSpecification\",\"valueRequired\":true,\"valueName\":\"search_term_string\"}}],\"inLanguage\":\"es\"},{\"@type\":\"Organization\",\"@id\":\"https:\\\/\\\/www.iemj.org\\\/es\\\/#organization\",\"name\":\"Institut Europ\u00e9en des Musiques Juives\",\"url\":\"https:\\\/\\\/www.iemj.org\\\/es\\\/\",\"logo\":{\"@type\":\"ImageObject\",\"inLanguage\":\"es\",\"@id\":\"https:\\\/\\\/www.iemj.org\\\/es\\\/#\\\/schema\\\/logo\\\/image\\\/\",\"url\":\"https:\\\/\\\/www.iemj.org\\\/wp-content\\\/uploads\\\/2021\\\/09\\\/Logo-IEMJ-Paypal.jpg\",\"contentUrl\":\"https:\\\/\\\/www.iemj.org\\\/wp-content\\\/uploads\\\/2021\\\/09\\\/Logo-IEMJ-Paypal.jpg\",\"width\":150,\"height\":50,\"caption\":\"Institut Europ\u00e9en des Musiques Juives\"},\"image\":{\"@id\":\"https:\\\/\\\/www.iemj.org\\\/es\\\/#\\\/schema\\\/logo\\\/image\\\/\"},\"sameAs\":[\"https:\\\/\\\/www.facebook.com\\\/MusiquesJuives\\\/\",\"https:\\\/\\\/www.instagram.com\\\/musiquesjuives\\\/\",\"https:\\\/\\\/www.youtube.com\\\/user\\\/musiquesjuives\"]},{\"@type\":\"Person\",\"@id\":\"https:\\\/\\\/www.iemj.org\\\/es\\\/#\\\/schema\\\/person\\\/906134402c29d5c76e7b726261dd4bbd\",\"name\":\"Herv\u00e9 Roten\",\"image\":{\"@type\":\"ImageObject\",\"inLanguage\":\"es\",\"@id\":\"https:\\\/\\\/secure.gravatar.com\\\/avatar\\\/f96ad2db538a26481f18384936b5cd0610c92d390c4dc382209216d455f685ff?s=96&d=mm&r=g\",\"url\":\"https:\\\/\\\/secure.gravatar.com\\\/avatar\\\/f96ad2db538a26481f18384936b5cd0610c92d390c4dc382209216d455f685ff?s=96&d=mm&r=g\",\"contentUrl\":\"https:\\\/\\\/secure.gravatar.com\\\/avatar\\\/f96ad2db538a26481f18384936b5cd0610c92d390c4dc382209216d455f685ff?s=96&d=mm&r=g\",\"caption\":\"Herv\u00e9 Roten\"}}]}<\/script>\n<!-- \/ Yoast SEO plugin. -->","yoast_head_json":{"title":"Fuld, Leo (1912-1997) - Institut Europ\u00e9en des Musiques Juives","robots":{"index":"index","follow":"follow","max-snippet":"max-snippet:-1","max-image-preview":"max-image-preview:large","max-video-preview":"max-video-preview:-1"},"canonical":"https:\/\/www.iemj.org\/es\/fuld-leo-1912-1997\/","og_locale":"es_ES","og_type":"article","og_title":"Fuld, Leo (1912-1997) - Institut Europ\u00e9en des Musiques Juives","og_description":"Leo Fuld es uno de los \u00faltimos int\u00e9rpretes de canciones populares en yidis. Su carrera empez\u00f3 mucho antes de la Segunda Guerra Mundial y se acab\u00f3 al mismo tiempo que","og_url":"https:\/\/www.iemj.org\/es\/fuld-leo-1912-1997\/","og_site_name":"Institut Europ\u00e9en des Musiques Juives","article_publisher":"https:\/\/www.facebook.com\/MusiquesJuives\/","article_published_time":"2013-01-09T15:01:24+00:00","article_modified_time":"2022-09-29T15:29:51+00:00","og_image":[{"width":200,"height":218,"url":"https:\/\/www.iemj.org\/wp-content\/uploads\/2013\/01\/arton619-e1624980538238.jpg","type":"image\/jpeg"}],"author":"Herv\u00e9 Roten","twitter_card":"summary_large_image","twitter_misc":{"Escrito por":"Herv\u00e9 Roten","Tiempo de lectura":"5 minutos"},"schema":{"@context":"https:\/\/schema.org","@graph":[{"@type":"Article","@id":"https:\/\/www.iemj.org\/es\/fuld-leo-1912-1997\/#article","isPartOf":{"@id":"https:\/\/www.iemj.org\/es\/fuld-leo-1912-1997\/"},"author":{"name":"Herv\u00e9 Roten","@id":"https:\/\/www.iemj.org\/es\/#\/schema\/person\/906134402c29d5c76e7b726261dd4bbd"},"headline":"Fuld, Leo (1912-1997)","datePublished":"2013-01-09T15:01:24+00:00","dateModified":"2022-09-29T15:29:51+00:00","mainEntityOfPage":{"@id":"https:\/\/www.iemj.org\/es\/fuld-leo-1912-1997\/"},"wordCount":1005,"publisher":{"@id":"https:\/\/www.iemj.org\/es\/#organization"},"image":{"@id":"https:\/\/www.iemj.org\/es\/fuld-leo-1912-1997\/#primaryimage"},"thumbnailUrl":"https:\/\/www.iemj.org\/wp-content\/uploads\/2013\/01\/arton619-e1624980538238.jpg","articleSection":["Biograf\u00edas"],"inLanguage":"es"},{"@type":"WebPage","@id":"https:\/\/www.iemj.org\/es\/fuld-leo-1912-1997\/","url":"https:\/\/www.iemj.org\/es\/fuld-leo-1912-1997\/","name":"Fuld, Leo (1912-1997) - Institut Europ\u00e9en des Musiques Juives","isPartOf":{"@id":"https:\/\/www.iemj.org\/es\/#website"},"primaryImageOfPage":{"@id":"https:\/\/www.iemj.org\/es\/fuld-leo-1912-1997\/#primaryimage"},"image":{"@id":"https:\/\/www.iemj.org\/es\/fuld-leo-1912-1997\/#primaryimage"},"thumbnailUrl":"https:\/\/www.iemj.org\/wp-content\/uploads\/2013\/01\/arton619-e1624980538238.jpg","datePublished":"2013-01-09T15:01:24+00:00","dateModified":"2022-09-29T15:29:51+00:00","breadcrumb":{"@id":"https:\/\/www.iemj.org\/es\/fuld-leo-1912-1997\/#breadcrumb"},"inLanguage":"es","potentialAction":[{"@type":"ReadAction","target":["https:\/\/www.iemj.org\/es\/fuld-leo-1912-1997\/"]}]},{"@type":"ImageObject","inLanguage":"es","@id":"https:\/\/www.iemj.org\/es\/fuld-leo-1912-1997\/#primaryimage","url":"https:\/\/www.iemj.org\/wp-content\/uploads\/2013\/01\/arton619-e1624980538238.jpg","contentUrl":"https:\/\/www.iemj.org\/wp-content\/uploads\/2013\/01\/arton619-e1624980538238.jpg","width":200,"height":218},{"@type":"BreadcrumbList","@id":"https:\/\/www.iemj.org\/es\/fuld-leo-1912-1997\/#breadcrumb","itemListElement":[{"@type":"ListItem","position":1,"name":"Accueil","item":"https:\/\/www.iemj.org\/es\/"},{"@type":"ListItem","position":2,"name":"Fuld, Leo (1912-1997)"}]},{"@type":"WebSite","@id":"https:\/\/www.iemj.org\/es\/#website","url":"https:\/\/www.iemj.org\/es\/","name":"Institut Europ\u00e9en des Musiques Juives","description":"Des traditions musicales \u00e0 la port\u00e9e de tous","publisher":{"@id":"https:\/\/www.iemj.org\/es\/#organization"},"potentialAction":[{"@type":"SearchAction","target":{"@type":"EntryPoint","urlTemplate":"https:\/\/www.iemj.org\/es\/?s={search_term_string}"},"query-input":{"@type":"PropertyValueSpecification","valueRequired":true,"valueName":"search_term_string"}}],"inLanguage":"es"},{"@type":"Organization","@id":"https:\/\/www.iemj.org\/es\/#organization","name":"Institut Europ\u00e9en des Musiques Juives","url":"https:\/\/www.iemj.org\/es\/","logo":{"@type":"ImageObject","inLanguage":"es","@id":"https:\/\/www.iemj.org\/es\/#\/schema\/logo\/image\/","url":"https:\/\/www.iemj.org\/wp-content\/uploads\/2021\/09\/Logo-IEMJ-Paypal.jpg","contentUrl":"https:\/\/www.iemj.org\/wp-content\/uploads\/2021\/09\/Logo-IEMJ-Paypal.jpg","width":150,"height":50,"caption":"Institut Europ\u00e9en des Musiques Juives"},"image":{"@id":"https:\/\/www.iemj.org\/es\/#\/schema\/logo\/image\/"},"sameAs":["https:\/\/www.facebook.com\/MusiquesJuives\/","https:\/\/www.instagram.com\/musiquesjuives\/","https:\/\/www.youtube.com\/user\/musiquesjuives"]},{"@type":"Person","@id":"https:\/\/www.iemj.org\/es\/#\/schema\/person\/906134402c29d5c76e7b726261dd4bbd","name":"Herv\u00e9 Roten","image":{"@type":"ImageObject","inLanguage":"es","@id":"https:\/\/secure.gravatar.com\/avatar\/f96ad2db538a26481f18384936b5cd0610c92d390c4dc382209216d455f685ff?s=96&d=mm&r=g","url":"https:\/\/secure.gravatar.com\/avatar\/f96ad2db538a26481f18384936b5cd0610c92d390c4dc382209216d455f685ff?s=96&d=mm&r=g","contentUrl":"https:\/\/secure.gravatar.com\/avatar\/f96ad2db538a26481f18384936b5cd0610c92d390c4dc382209216d455f685ff?s=96&d=mm&r=g","caption":"Herv\u00e9 Roten"}}]}},"_links":{"self":[{"href":"https:\/\/www.iemj.org\/es\/wp-json\/wp\/v2\/posts\/88271","targetHints":{"allow":["GET"]}}],"collection":[{"href":"https:\/\/www.iemj.org\/es\/wp-json\/wp\/v2\/posts"}],"about":[{"href":"https:\/\/www.iemj.org\/es\/wp-json\/wp\/v2\/types\/post"}],"author":[{"embeddable":true,"href":"https:\/\/www.iemj.org\/es\/wp-json\/wp\/v2\/users\/1045"}],"replies":[{"embeddable":true,"href":"https:\/\/www.iemj.org\/es\/wp-json\/wp\/v2\/comments?post=88271"}],"version-history":[{"count":0,"href":"https:\/\/www.iemj.org\/es\/wp-json\/wp\/v2\/posts\/88271\/revisions"}],"wp:featuredmedia":[{"embeddable":true,"href":"https:\/\/www.iemj.org\/es\/wp-json\/wp\/v2\/media\/51745"}],"wp:attachment":[{"href":"https:\/\/www.iemj.org\/es\/wp-json\/wp\/v2\/media?parent=88271"}],"wp:term":[{"taxonomy":"category","embeddable":true,"href":"https:\/\/www.iemj.org\/es\/wp-json\/wp\/v2\/categories?post=88271"},{"taxonomy":"post_tag","embeddable":true,"href":"https:\/\/www.iemj.org\/es\/wp-json\/wp\/v2\/tags?post=88271"},{"taxonomy":"technique","embeddable":true,"href":"https:\/\/www.iemj.org\/es\/wp-json\/wp\/v2\/technique?post=88271"},{"taxonomy":"squelettes","embeddable":true,"href":"https:\/\/www.iemj.org\/es\/wp-json\/wp\/v2\/squelettes?post=88271"},{"taxonomy":"sujet","embeddable":true,"href":"https:\/\/www.iemj.org\/es\/wp-json\/wp\/v2\/sujet?post=88271"},{"taxonomy":"formation","embeddable":true,"href":"https:\/\/www.iemj.org\/es\/wp-json\/wp\/v2\/formation?post=88271"},{"taxonomy":"genre","embeddable":true,"href":"https:\/\/www.iemj.org\/es\/wp-json\/wp\/v2\/genre?post=88271"},{"taxonomy":"fonds","embeddable":true,"href":"https:\/\/www.iemj.org\/es\/wp-json\/wp\/v2\/fonds?post=88271"},{"taxonomy":"tradition","embeddable":true,"href":"https:\/\/www.iemj.org\/es\/wp-json\/wp\/v2\/tradition?post=88271"},{"taxonomy":"type-de-contenu","embeddable":true,"href":"https:\/\/www.iemj.org\/es\/wp-json\/wp\/v2\/type-de-contenu?post=88271"},{"taxonomy":"interprete-compositeur","embeddable":true,"href":"https:\/\/www.iemj.org\/es\/wp-json\/wp\/v2\/interprete-compositeur?post=88271"},{"taxonomy":"frise","embeddable":true,"href":"https:\/\/www.iemj.org\/es\/wp-json\/wp\/v2\/frise?post=88271"},{"taxonomy":"type-devenement","embeddable":true,"href":"https:\/\/www.iemj.org\/es\/wp-json\/wp\/v2\/type-devenement?post=88271"},{"taxonomy":"tableaux-liens-externes","embeddable":true,"href":"https:\/\/www.iemj.org\/es\/wp-json\/wp\/v2\/tableaux-liens-externes?post=88271"}],"curies":[{"name":"wp","href":"https:\/\/api.w.org\/{rel}","templated":true}]}}