{"id":88300,"date":"2019-06-04T16:22:05","date_gmt":"2019-06-04T14:22:05","guid":{"rendered":"https:\/\/www.iemj.org\/gerovitch-eliezer-1844-1914\/"},"modified":"2022-10-03T12:22:37","modified_gmt":"2022-10-03T10:22:37","slug":"gerovitch-eliezer-1844-1914","status":"publish","type":"post","link":"https:\/\/www.iemj.org\/es\/gerovitch-eliezer-1844-1914\/","title":{"rendered":"Gerovitch, Eliezer (1844-1914)"},"content":{"rendered":"<p>Nacido en Kitaigorod, en la provincia de Kiev, en Rusia, en 1844, Eliezer Mordechai ben Yitschak Gerovitch recibi\u00f3 una educaci\u00f3n religiosa en el seno de diversas <em>yeshivot<\/em> (escuelas proponiendo una ense\u00f1anza detallada del Talmud y de la Tor\u00e1). Su erudici\u00f3n religiosa adquirida durante su ni\u00f1ez contribuir\u00e1 mucho a su desarrollo como Compositor de m\u00fasica para la sinagoga a lo largo de los \u00faltimos a\u00f1os de su vida.<\/p>\n<p>Desde la primera infancia, Eliezer Gerovitch mostr\u00f3 aptitudes y un gran aprecio por la m\u00fasica, que no podr\u00e1 desarrollar antes la edad de 18, a causa de la pobreza relativa de su familia. Entonces, se fue a Berditchev, ciudad conocida por la calidad de su Hazanout, para estudiar m\u00fasica, y en particular armon\u00eda. Dotado de una hermosa voz de tenor, estudi\u00f3 canto junto a Moise Spizberg, el primer ministro oficiante de la sinagoga de Berditchev., que finalmente lo contrat\u00f3 como ministro de oficio en su sinagoga. Se familiariz\u00f3 con el repertorio cl\u00e1sico de la sinagoga y con los compositores como <a href=\"https:\/\/www.iemj.org\/es\/sulzer-salomon-1804-1890\/\">Sulzer<\/a>, <a href=\"https:\/\/www.iemj.org\/es\/lewandowski-louis-lazarus-1821-1894\/\" target=\"_blank\" rel=\"noopener\">Lewandowski<\/a>, <a href=\"https:\/\/www.iemj.org\/es\/naumbourg-samuel-1817-1880\/\">Naumbourg<\/a> o Weintraub. <span lang=\"ES\">Despu\u00e9s, ocupar\u00e1 un cargo como cantor en el seno de la sinagoga de Nicolaiev, donde desarrollar\u00e1 su talento de compositor de m\u00fasica sinagogal.<\/span><\/p>\n<p class=\"Standard\" style=\"text-align: justify; text-justify: inter-ideograph;\"><span lang=\"ES\">\u00c1vido de profundizar sus conocimientos musicales, dej\u00f3 su puesto para ir a San Petersburgo, donde estudi\u00f3 canto en el conservatorio. All\u00ed conoci\u00f3 a Rimski-Korsakov con el que mantuvo correspondencia detallada sobre el tema de la m\u00fasica sinagogal y sus v\u00ednculos con la m\u00fasica de la Iglesia greco-ortodoxa.<\/span><\/p>\n<p><strong><img decoding=\"async\" src=\"https:\/\/www.iemj.org\/wp-content\/uploads\/2019\/06\/synagogue_de_rostov.jpg\" alt=\"synagogue_de_rostov.jpg\" data-description=\"&quot;&lt;strong\" \/>Sinagoga de Rostov<\/strong><\/p>\n<p class=\"Standard\" style=\"text-align: justify; text-justify: inter-ideograph;\"><span lang=\"ES\">A pesar de su predisposici\u00f3n para ocupar el puesto ahora vacante, como Hazan en San Petersburgo, prefiri\u00f3 el de Rostov on Don, m\u00e1s adaptado a sus problemas de salud, en cuanto al clima. All\u00ed fue donde sus talentos de composiciones sinagogales emergieron. Compondr\u00e1 sus dos recopilaciones de m\u00fasica sinagogal en seis vol\u00famenes, tres bajo el t\u00edtulo de <i>Shire T&#8217;filoh<\/i> y tres bajo el nombre de <i>Shire Zimroh<\/i>.<\/span><\/p>\n<p class=\"Standard\" style=\"text-align: justify; text-justify: inter-ideograph;\"><span lang=\"ES\">Las obras y la pr\u00e1ctica sinagogal de Gerovitch son conformes a su voluntad de restituir el esp\u00edritu de la tradici\u00f3n de manera m\u00e1s \u201cfiel\u201d, usando arreglos y una armon\u00eda, a menudo modal, lo m\u00e1s cerca posible a la tradici\u00f3n, a pesar del clima de confrontaci\u00f3n de los reformistas que desean introducir en la liturgia compositores de moda, como Haendel y Verdi.<\/span><\/p>\n<p class=\"Standard\" style=\"text-align: justify; text-justify: inter-ideograph;\"><span lang=\"ES\">Admirado por su comunidad por su personalidad y sus realizaciones, Eliezer Gerovitch falleci\u00f3 en Rostov el 8 de octubre de 1914.<\/span><\/p>\n<p><center><strong>&#8212;&#8212;&#8212;&#8212;&#8212;&#8212;&#8212;&#8212;&#8212;&#8212;&#8212;&#8212;&#8212;&#8212;&#8212;&#8212;&#8212;&#8212;&#8212;&#8212;&#8212;&#8212;&#8212;&#8212;&#8212;&#8212;&#8212;&#8212;&#8212;&#8212;&#8211;<\/strong><\/center><\/p>\n<p class=\"Standard\" style=\"text-align: justify; text-justify: inter-ideograph;\"><i><span lang=\"ES\">(Basado en el prefacio de Shirei Tefillah de Gerovitch, redactado por el profesor A. W. Binder, Profesor de m\u00fasica lit\u00fargica, Hebrew Union College)<\/span><\/i><\/p>\n","protected":false},"excerpt":{"rendered":"<p>Nacido en Kitaigorod, en la provincia de Kiev, en Rusia, en 1844, Eliezer Mordechai ben Yitschak Gerovitch recibi\u00f3 una educaci\u00f3n religiosa en el seno de diversas yeshivot (escuelas proponiendo una<\/p>\n","protected":false},"author":5,"featured_media":51773,"comment_status":"closed","ping_status":"open","sticky":false,"template":"","format":"standard","meta":{"_acf_changed":false,"footnotes":""},"categories":[1417],"tags":[],"technique":[],"squelettes":[],"sujet":[],"formation":[],"genre":[],"fonds":[],"tradition":[],"type-de-contenu":[],"interprete-compositeur":[],"frise":[],"type-devenement":[],"tableaux-liens-externes":[],"class_list":["post-88300","post","type-post","status-publish","format-standard","has-post-thumbnail","hentry","category-biografias-es"],"acf":[],"yoast_head":"<!-- This site is optimized with the Yoast SEO plugin v27.3 - https:\/\/yoast.com\/product\/yoast-seo-wordpress\/ -->\n<title>Gerovitch, Eliezer (1844-1914) - Institut Europ\u00e9en des Musiques Juives<\/title>\n<meta name=\"robots\" content=\"index, follow, max-snippet:-1, max-image-preview:large, max-video-preview:-1\" \/>\n<link rel=\"canonical\" href=\"https:\/\/www.iemj.org\/es\/gerovitch-eliezer-1844-1914\/\" \/>\n<meta property=\"og:locale\" content=\"es_ES\" \/>\n<meta property=\"og:type\" content=\"article\" \/>\n<meta property=\"og:title\" content=\"Gerovitch, Eliezer (1844-1914) - Institut Europ\u00e9en des Musiques Juives\" \/>\n<meta property=\"og:description\" content=\"Nacido en Kitaigorod, en la provincia de Kiev, en Rusia, en 1844, Eliezer Mordechai ben Yitschak Gerovitch recibi\u00f3 una educaci\u00f3n religiosa en el seno de diversas yeshivot (escuelas proponiendo una\" \/>\n<meta property=\"og:url\" content=\"https:\/\/www.iemj.org\/es\/gerovitch-eliezer-1844-1914\/\" \/>\n<meta property=\"og:site_name\" content=\"Institut Europ\u00e9en des Musiques Juives\" \/>\n<meta property=\"article:publisher\" content=\"https:\/\/www.facebook.com\/MusiquesJuives\/\" \/>\n<meta property=\"article:published_time\" content=\"2019-06-04T14:22:05+00:00\" \/>\n<meta property=\"article:modified_time\" content=\"2022-10-03T10:22:37+00:00\" \/>\n<meta property=\"og:image\" content=\"https:\/\/www.iemj.org\/wp-content\/uploads\/2019\/06\/arton4198-e1625038067988.jpg\" \/>\n\t<meta property=\"og:image:width\" content=\"153\" \/>\n\t<meta property=\"og:image:height\" content=\"218\" \/>\n\t<meta property=\"og:image:type\" content=\"image\/jpeg\" \/>\n<meta name=\"author\" content=\"Jacqueline ROTEN\" \/>\n<meta name=\"twitter:card\" content=\"summary_large_image\" \/>\n<meta name=\"twitter:label1\" content=\"Escrito por\" \/>\n\t<meta name=\"twitter:data1\" content=\"Jacqueline ROTEN\" \/>\n\t<meta name=\"twitter:label2\" content=\"Tiempo de lectura\" \/>\n\t<meta name=\"twitter:data2\" content=\"3 minutos\" \/>\n<script type=\"application\/ld+json\" class=\"yoast-schema-graph\">{\"@context\":\"https:\\\/\\\/schema.org\",\"@graph\":[{\"@type\":\"Article\",\"@id\":\"https:\\\/\\\/www.iemj.org\\\/es\\\/gerovitch-eliezer-1844-1914\\\/#article\",\"isPartOf\":{\"@id\":\"https:\\\/\\\/www.iemj.org\\\/es\\\/gerovitch-eliezer-1844-1914\\\/\"},\"author\":{\"name\":\"Jacqueline ROTEN\",\"@id\":\"https:\\\/\\\/www.iemj.org\\\/es\\\/#\\\/schema\\\/person\\\/358e26c18aca017fcc4cc15437f7279c\"},\"headline\":\"Gerovitch, Eliezer (1844-1914)\",\"datePublished\":\"2019-06-04T14:22:05+00:00\",\"dateModified\":\"2022-10-03T10:22:37+00:00\",\"mainEntityOfPage\":{\"@id\":\"https:\\\/\\\/www.iemj.org\\\/es\\\/gerovitch-eliezer-1844-1914\\\/\"},\"wordCount\":448,\"publisher\":{\"@id\":\"https:\\\/\\\/www.iemj.org\\\/es\\\/#organization\"},\"image\":{\"@id\":\"https:\\\/\\\/www.iemj.org\\\/es\\\/gerovitch-eliezer-1844-1914\\\/#primaryimage\"},\"thumbnailUrl\":\"https:\\\/\\\/www.iemj.org\\\/wp-content\\\/uploads\\\/2019\\\/06\\\/arton4198-e1625038067988.jpg\",\"articleSection\":[\"Biograf\u00edas\"],\"inLanguage\":\"es\"},{\"@type\":\"WebPage\",\"@id\":\"https:\\\/\\\/www.iemj.org\\\/es\\\/gerovitch-eliezer-1844-1914\\\/\",\"url\":\"https:\\\/\\\/www.iemj.org\\\/es\\\/gerovitch-eliezer-1844-1914\\\/\",\"name\":\"Gerovitch, Eliezer (1844-1914) - Institut Europ\u00e9en des Musiques Juives\",\"isPartOf\":{\"@id\":\"https:\\\/\\\/www.iemj.org\\\/es\\\/#website\"},\"primaryImageOfPage\":{\"@id\":\"https:\\\/\\\/www.iemj.org\\\/es\\\/gerovitch-eliezer-1844-1914\\\/#primaryimage\"},\"image\":{\"@id\":\"https:\\\/\\\/www.iemj.org\\\/es\\\/gerovitch-eliezer-1844-1914\\\/#primaryimage\"},\"thumbnailUrl\":\"https:\\\/\\\/www.iemj.org\\\/wp-content\\\/uploads\\\/2019\\\/06\\\/arton4198-e1625038067988.jpg\",\"datePublished\":\"2019-06-04T14:22:05+00:00\",\"dateModified\":\"2022-10-03T10:22:37+00:00\",\"breadcrumb\":{\"@id\":\"https:\\\/\\\/www.iemj.org\\\/es\\\/gerovitch-eliezer-1844-1914\\\/#breadcrumb\"},\"inLanguage\":\"es\",\"potentialAction\":[{\"@type\":\"ReadAction\",\"target\":[\"https:\\\/\\\/www.iemj.org\\\/es\\\/gerovitch-eliezer-1844-1914\\\/\"]}]},{\"@type\":\"ImageObject\",\"inLanguage\":\"es\",\"@id\":\"https:\\\/\\\/www.iemj.org\\\/es\\\/gerovitch-eliezer-1844-1914\\\/#primaryimage\",\"url\":\"https:\\\/\\\/www.iemj.org\\\/wp-content\\\/uploads\\\/2019\\\/06\\\/arton4198-e1625038067988.jpg\",\"contentUrl\":\"https:\\\/\\\/www.iemj.org\\\/wp-content\\\/uploads\\\/2019\\\/06\\\/arton4198-e1625038067988.jpg\",\"width\":153,\"height\":218},{\"@type\":\"BreadcrumbList\",\"@id\":\"https:\\\/\\\/www.iemj.org\\\/es\\\/gerovitch-eliezer-1844-1914\\\/#breadcrumb\",\"itemListElement\":[{\"@type\":\"ListItem\",\"position\":1,\"name\":\"Accueil\",\"item\":\"https:\\\/\\\/www.iemj.org\\\/es\\\/\"},{\"@type\":\"ListItem\",\"position\":2,\"name\":\"Gerovitch, Eliezer (1844-1914)\"}]},{\"@type\":\"WebSite\",\"@id\":\"https:\\\/\\\/www.iemj.org\\\/es\\\/#website\",\"url\":\"https:\\\/\\\/www.iemj.org\\\/es\\\/\",\"name\":\"Institut Europ\u00e9en des Musiques Juives\",\"description\":\"Des traditions musicales \u00e0 la port\u00e9e de tous\",\"publisher\":{\"@id\":\"https:\\\/\\\/www.iemj.org\\\/es\\\/#organization\"},\"potentialAction\":[{\"@type\":\"SearchAction\",\"target\":{\"@type\":\"EntryPoint\",\"urlTemplate\":\"https:\\\/\\\/www.iemj.org\\\/es\\\/?s={search_term_string}\"},\"query-input\":{\"@type\":\"PropertyValueSpecification\",\"valueRequired\":true,\"valueName\":\"search_term_string\"}}],\"inLanguage\":\"es\"},{\"@type\":\"Organization\",\"@id\":\"https:\\\/\\\/www.iemj.org\\\/es\\\/#organization\",\"name\":\"Institut Europ\u00e9en des Musiques Juives\",\"url\":\"https:\\\/\\\/www.iemj.org\\\/es\\\/\",\"logo\":{\"@type\":\"ImageObject\",\"inLanguage\":\"es\",\"@id\":\"https:\\\/\\\/www.iemj.org\\\/es\\\/#\\\/schema\\\/logo\\\/image\\\/\",\"url\":\"https:\\\/\\\/www.iemj.org\\\/wp-content\\\/uploads\\\/2021\\\/09\\\/Logo-IEMJ-Paypal.jpg\",\"contentUrl\":\"https:\\\/\\\/www.iemj.org\\\/wp-content\\\/uploads\\\/2021\\\/09\\\/Logo-IEMJ-Paypal.jpg\",\"width\":150,\"height\":50,\"caption\":\"Institut Europ\u00e9en des Musiques Juives\"},\"image\":{\"@id\":\"https:\\\/\\\/www.iemj.org\\\/es\\\/#\\\/schema\\\/logo\\\/image\\\/\"},\"sameAs\":[\"https:\\\/\\\/www.facebook.com\\\/MusiquesJuives\\\/\",\"https:\\\/\\\/www.instagram.com\\\/musiquesjuives\\\/\",\"https:\\\/\\\/www.youtube.com\\\/user\\\/musiquesjuives\"]},{\"@type\":\"Person\",\"@id\":\"https:\\\/\\\/www.iemj.org\\\/es\\\/#\\\/schema\\\/person\\\/358e26c18aca017fcc4cc15437f7279c\",\"name\":\"Jacqueline ROTEN\",\"image\":{\"@type\":\"ImageObject\",\"inLanguage\":\"es\",\"@id\":\"https:\\\/\\\/secure.gravatar.com\\\/avatar\\\/5964256d6c6957de3a3505278957e0fb2a35119ac47ea41827a65301213c810b?s=96&d=mm&r=g\",\"url\":\"https:\\\/\\\/secure.gravatar.com\\\/avatar\\\/5964256d6c6957de3a3505278957e0fb2a35119ac47ea41827a65301213c810b?s=96&d=mm&r=g\",\"contentUrl\":\"https:\\\/\\\/secure.gravatar.com\\\/avatar\\\/5964256d6c6957de3a3505278957e0fb2a35119ac47ea41827a65301213c810b?s=96&d=mm&r=g\",\"caption\":\"Jacqueline ROTEN\"}}]}<\/script>\n<!-- \/ Yoast SEO plugin. -->","yoast_head_json":{"title":"Gerovitch, Eliezer (1844-1914) - Institut Europ\u00e9en des Musiques Juives","robots":{"index":"index","follow":"follow","max-snippet":"max-snippet:-1","max-image-preview":"max-image-preview:large","max-video-preview":"max-video-preview:-1"},"canonical":"https:\/\/www.iemj.org\/es\/gerovitch-eliezer-1844-1914\/","og_locale":"es_ES","og_type":"article","og_title":"Gerovitch, Eliezer (1844-1914) - Institut Europ\u00e9en des Musiques Juives","og_description":"Nacido en Kitaigorod, en la provincia de Kiev, en Rusia, en 1844, Eliezer Mordechai ben Yitschak Gerovitch recibi\u00f3 una educaci\u00f3n religiosa en el seno de diversas yeshivot (escuelas proponiendo una","og_url":"https:\/\/www.iemj.org\/es\/gerovitch-eliezer-1844-1914\/","og_site_name":"Institut Europ\u00e9en des Musiques Juives","article_publisher":"https:\/\/www.facebook.com\/MusiquesJuives\/","article_published_time":"2019-06-04T14:22:05+00:00","article_modified_time":"2022-10-03T10:22:37+00:00","og_image":[{"width":153,"height":218,"url":"https:\/\/www.iemj.org\/wp-content\/uploads\/2019\/06\/arton4198-e1625038067988.jpg","type":"image\/jpeg"}],"author":"Jacqueline ROTEN","twitter_card":"summary_large_image","twitter_misc":{"Escrito por":"Jacqueline ROTEN","Tiempo de lectura":"3 minutos"},"schema":{"@context":"https:\/\/schema.org","@graph":[{"@type":"Article","@id":"https:\/\/www.iemj.org\/es\/gerovitch-eliezer-1844-1914\/#article","isPartOf":{"@id":"https:\/\/www.iemj.org\/es\/gerovitch-eliezer-1844-1914\/"},"author":{"name":"Jacqueline ROTEN","@id":"https:\/\/www.iemj.org\/es\/#\/schema\/person\/358e26c18aca017fcc4cc15437f7279c"},"headline":"Gerovitch, Eliezer (1844-1914)","datePublished":"2019-06-04T14:22:05+00:00","dateModified":"2022-10-03T10:22:37+00:00","mainEntityOfPage":{"@id":"https:\/\/www.iemj.org\/es\/gerovitch-eliezer-1844-1914\/"},"wordCount":448,"publisher":{"@id":"https:\/\/www.iemj.org\/es\/#organization"},"image":{"@id":"https:\/\/www.iemj.org\/es\/gerovitch-eliezer-1844-1914\/#primaryimage"},"thumbnailUrl":"https:\/\/www.iemj.org\/wp-content\/uploads\/2019\/06\/arton4198-e1625038067988.jpg","articleSection":["Biograf\u00edas"],"inLanguage":"es"},{"@type":"WebPage","@id":"https:\/\/www.iemj.org\/es\/gerovitch-eliezer-1844-1914\/","url":"https:\/\/www.iemj.org\/es\/gerovitch-eliezer-1844-1914\/","name":"Gerovitch, Eliezer (1844-1914) - Institut Europ\u00e9en des Musiques Juives","isPartOf":{"@id":"https:\/\/www.iemj.org\/es\/#website"},"primaryImageOfPage":{"@id":"https:\/\/www.iemj.org\/es\/gerovitch-eliezer-1844-1914\/#primaryimage"},"image":{"@id":"https:\/\/www.iemj.org\/es\/gerovitch-eliezer-1844-1914\/#primaryimage"},"thumbnailUrl":"https:\/\/www.iemj.org\/wp-content\/uploads\/2019\/06\/arton4198-e1625038067988.jpg","datePublished":"2019-06-04T14:22:05+00:00","dateModified":"2022-10-03T10:22:37+00:00","breadcrumb":{"@id":"https:\/\/www.iemj.org\/es\/gerovitch-eliezer-1844-1914\/#breadcrumb"},"inLanguage":"es","potentialAction":[{"@type":"ReadAction","target":["https:\/\/www.iemj.org\/es\/gerovitch-eliezer-1844-1914\/"]}]},{"@type":"ImageObject","inLanguage":"es","@id":"https:\/\/www.iemj.org\/es\/gerovitch-eliezer-1844-1914\/#primaryimage","url":"https:\/\/www.iemj.org\/wp-content\/uploads\/2019\/06\/arton4198-e1625038067988.jpg","contentUrl":"https:\/\/www.iemj.org\/wp-content\/uploads\/2019\/06\/arton4198-e1625038067988.jpg","width":153,"height":218},{"@type":"BreadcrumbList","@id":"https:\/\/www.iemj.org\/es\/gerovitch-eliezer-1844-1914\/#breadcrumb","itemListElement":[{"@type":"ListItem","position":1,"name":"Accueil","item":"https:\/\/www.iemj.org\/es\/"},{"@type":"ListItem","position":2,"name":"Gerovitch, Eliezer (1844-1914)"}]},{"@type":"WebSite","@id":"https:\/\/www.iemj.org\/es\/#website","url":"https:\/\/www.iemj.org\/es\/","name":"Institut Europ\u00e9en des Musiques Juives","description":"Des traditions musicales \u00e0 la port\u00e9e de tous","publisher":{"@id":"https:\/\/www.iemj.org\/es\/#organization"},"potentialAction":[{"@type":"SearchAction","target":{"@type":"EntryPoint","urlTemplate":"https:\/\/www.iemj.org\/es\/?s={search_term_string}"},"query-input":{"@type":"PropertyValueSpecification","valueRequired":true,"valueName":"search_term_string"}}],"inLanguage":"es"},{"@type":"Organization","@id":"https:\/\/www.iemj.org\/es\/#organization","name":"Institut Europ\u00e9en des Musiques Juives","url":"https:\/\/www.iemj.org\/es\/","logo":{"@type":"ImageObject","inLanguage":"es","@id":"https:\/\/www.iemj.org\/es\/#\/schema\/logo\/image\/","url":"https:\/\/www.iemj.org\/wp-content\/uploads\/2021\/09\/Logo-IEMJ-Paypal.jpg","contentUrl":"https:\/\/www.iemj.org\/wp-content\/uploads\/2021\/09\/Logo-IEMJ-Paypal.jpg","width":150,"height":50,"caption":"Institut Europ\u00e9en des Musiques Juives"},"image":{"@id":"https:\/\/www.iemj.org\/es\/#\/schema\/logo\/image\/"},"sameAs":["https:\/\/www.facebook.com\/MusiquesJuives\/","https:\/\/www.instagram.com\/musiquesjuives\/","https:\/\/www.youtube.com\/user\/musiquesjuives"]},{"@type":"Person","@id":"https:\/\/www.iemj.org\/es\/#\/schema\/person\/358e26c18aca017fcc4cc15437f7279c","name":"Jacqueline ROTEN","image":{"@type":"ImageObject","inLanguage":"es","@id":"https:\/\/secure.gravatar.com\/avatar\/5964256d6c6957de3a3505278957e0fb2a35119ac47ea41827a65301213c810b?s=96&d=mm&r=g","url":"https:\/\/secure.gravatar.com\/avatar\/5964256d6c6957de3a3505278957e0fb2a35119ac47ea41827a65301213c810b?s=96&d=mm&r=g","contentUrl":"https:\/\/secure.gravatar.com\/avatar\/5964256d6c6957de3a3505278957e0fb2a35119ac47ea41827a65301213c810b?s=96&d=mm&r=g","caption":"Jacqueline ROTEN"}}]}},"_links":{"self":[{"href":"https:\/\/www.iemj.org\/es\/wp-json\/wp\/v2\/posts\/88300","targetHints":{"allow":["GET"]}}],"collection":[{"href":"https:\/\/www.iemj.org\/es\/wp-json\/wp\/v2\/posts"}],"about":[{"href":"https:\/\/www.iemj.org\/es\/wp-json\/wp\/v2\/types\/post"}],"author":[{"embeddable":true,"href":"https:\/\/www.iemj.org\/es\/wp-json\/wp\/v2\/users\/5"}],"replies":[{"embeddable":true,"href":"https:\/\/www.iemj.org\/es\/wp-json\/wp\/v2\/comments?post=88300"}],"version-history":[{"count":0,"href":"https:\/\/www.iemj.org\/es\/wp-json\/wp\/v2\/posts\/88300\/revisions"}],"wp:featuredmedia":[{"embeddable":true,"href":"https:\/\/www.iemj.org\/es\/wp-json\/wp\/v2\/media\/51773"}],"wp:attachment":[{"href":"https:\/\/www.iemj.org\/es\/wp-json\/wp\/v2\/media?parent=88300"}],"wp:term":[{"taxonomy":"category","embeddable":true,"href":"https:\/\/www.iemj.org\/es\/wp-json\/wp\/v2\/categories?post=88300"},{"taxonomy":"post_tag","embeddable":true,"href":"https:\/\/www.iemj.org\/es\/wp-json\/wp\/v2\/tags?post=88300"},{"taxonomy":"technique","embeddable":true,"href":"https:\/\/www.iemj.org\/es\/wp-json\/wp\/v2\/technique?post=88300"},{"taxonomy":"squelettes","embeddable":true,"href":"https:\/\/www.iemj.org\/es\/wp-json\/wp\/v2\/squelettes?post=88300"},{"taxonomy":"sujet","embeddable":true,"href":"https:\/\/www.iemj.org\/es\/wp-json\/wp\/v2\/sujet?post=88300"},{"taxonomy":"formation","embeddable":true,"href":"https:\/\/www.iemj.org\/es\/wp-json\/wp\/v2\/formation?post=88300"},{"taxonomy":"genre","embeddable":true,"href":"https:\/\/www.iemj.org\/es\/wp-json\/wp\/v2\/genre?post=88300"},{"taxonomy":"fonds","embeddable":true,"href":"https:\/\/www.iemj.org\/es\/wp-json\/wp\/v2\/fonds?post=88300"},{"taxonomy":"tradition","embeddable":true,"href":"https:\/\/www.iemj.org\/es\/wp-json\/wp\/v2\/tradition?post=88300"},{"taxonomy":"type-de-contenu","embeddable":true,"href":"https:\/\/www.iemj.org\/es\/wp-json\/wp\/v2\/type-de-contenu?post=88300"},{"taxonomy":"interprete-compositeur","embeddable":true,"href":"https:\/\/www.iemj.org\/es\/wp-json\/wp\/v2\/interprete-compositeur?post=88300"},{"taxonomy":"frise","embeddable":true,"href":"https:\/\/www.iemj.org\/es\/wp-json\/wp\/v2\/frise?post=88300"},{"taxonomy":"type-devenement","embeddable":true,"href":"https:\/\/www.iemj.org\/es\/wp-json\/wp\/v2\/type-devenement?post=88300"},{"taxonomy":"tableaux-liens-externes","embeddable":true,"href":"https:\/\/www.iemj.org\/es\/wp-json\/wp\/v2\/tableaux-liens-externes?post=88300"}],"curies":[{"name":"wp","href":"https:\/\/api.w.org\/{rel}","templated":true}]}}