{"id":88361,"date":"2018-04-11T09:55:15","date_gmt":"2018-04-11T07:55:15","guid":{"rendered":"https:\/\/www.iemj.org\/halali-salim-1920-2005\/"},"modified":"2025-09-08T18:14:07","modified_gmt":"2025-09-08T16:14:07","slug":"halali-salim-1920-2005","status":"publish","type":"post","link":"https:\/\/www.iemj.org\/es\/halali-salim-1920-2005\/","title":{"rendered":"Halali, Salim (1920-2005)"},"content":{"rendered":"<p class=\"Standard\" style=\"text-align: justify; text-justify: inter-ideograph;\"><span lang=\"ES\">Salim Halali cuyo verdadero nombre es Simon Halali, era un cantante-int\u00e9rprete de m\u00fasica oriental, nacido el 30 de julio de 1920 en Annaba en Argelia.<\/span><\/p>\n<p class=\"Standard\" style=\"text-align: justify; text-justify: inter-ideograph;\"><span lang=\"ES\">Procedente de una familia jud\u00eda originaria de Suq Ahras, creci\u00f3 junto a sus 9 hermanos antes de irse a Francia cerca de 1937. Fue antes de todo en los clubes parisinos de flamenco se dio a conocer. Su encuentro con el artista argelino de music-hall Mohamed el Kamel fue determinante. \u00c9ste escribi\u00f3 las primeras canciones de Salim Halali como <i>Andaloussia, Sevillane, Ta\u00e2li, Ardja\u00e2 Iebladek, Bine el barah oua el youm, Mounira, Nadira, El ouchq sa\u00efb, El qelb chahik<\/i>&#8230; Despu\u00e9s, Mohamed Iguerbouch\u00e8ne le compuso una cincuentena de canciones.<\/span><\/p>\n<p><img fetchpriority=\"high\" decoding=\"async\" class=\" alignright size-full wp-image-19114\" src=\"https:\/\/www.iemj.org\/wp-content\/uploads\/2018\/04\/doc_2_salim_500px.jpg\" alt=\"doc_2_salim_500px.jpg\" width=\"149\" height=\"700\" align=\"right\" srcset=\"https:\/\/www.iemj.org\/wp-content\/uploads\/2018\/04\/doc_2_salim_500px.jpg 149w, https:\/\/www.iemj.org\/wp-content\/uploads\/2018\/04\/doc_2_salim_500px-64x300.jpg 64w\" sizes=\"(max-width: 149px) 100vw, 149px\" \/>En 1938, Salim Halali empez\u00f3 una gira europea mientras, al mismo tiempo sus discos de flamenco \u00e1rabe tienen un gran \u00e9xito en \u00c1frica del Norte, especialmente las canciones <em>Al ain zarga<\/em>,<em> Mahenni zine <\/em>y <em>Habibti samra<\/em>.<\/p>\n<p>A\u00fan antes de la guerra, Salim Halali actu\u00f3 en el caf\u00e9 Moro de la Gran Mezquita de Par\u00eds, junto a artistas famosos como Ali Sriti e Ibrahim Salah. Kaddour Benghabrit, el fundador y primer rector de la Mezquita, intelectual y m\u00fasico (oud y viol\u00edn) se hizo amigo de Salim Halali, y durante la ocupaci\u00f3n alemana, le ayud\u00f3 a ocultar su origen jud\u00edo proporcion\u00e1ndole un falso certificado de musulm\u00e1n y grabando el nombre de su difunto padre en una sepultura an\u00f3nima del cementerio musulm\u00e1n de Bobigny (Sena&#8211;Saint-Denis). <span class=\"footnote_referrer\"><a role=\"button\" tabindex=\"0\" onclick=\"footnote_moveToReference_88361_1('footnote_plugin_reference_88361_1_1');\" onkeypress=\"footnote_moveToReference_88361_1('footnote_plugin_reference_88361_1_1');\" ><sup id=\"footnote_plugin_tooltip_88361_1_1\" class=\"footnote_plugin_tooltip_text\">[1]<\/sup><\/a><span id=\"footnote_plugin_tooltip_text_88361_1_1\" class=\"footnote_tooltip\">Se cont\u00f3 esa an\u00e9cdota en la pel\u00edcula de Isma\u00ebl Feroukhi <em><a href=\"https:\/\/fr.wikipedia.org\/wiki\/Les_Hommes_libres\" target=\"_blank\" rel=\"noopener\">Les hommes libres<\/a><\/em>.<\/span><\/span><script type=\"text\/javascript\"> jQuery('#footnote_plugin_tooltip_88361_1_1').tooltip({ tip: '#footnote_plugin_tooltip_text_88361_1_1', tipClass: 'footnote_tooltip', effect: 'fade', predelay: 0, fadeInSpeed: 200, delay: 400, fadeOutSpeed: 200, position: 'top center', relative: true, offset: [-7, 0], });<\/script><\/p>\n<p class=\"Standard\" style=\"text-align: justify; text-justify: inter-ideograph;\"><span lang=\"ES\">Despu\u00e9s de la guerra, su m\u00fasica fue muy apreciada en Egipto, especialmente por la gran diva egipcia Oum Kalsoum.<\/span><\/p>\n<p class=\"Standard\" style=\"text-align: justify; text-justify: inter-ideograph;\"><span lang=\"ES\">En 1947, Salim Halali fund\u00f3 en Par\u00eds un cabaret oriental, \u201cIsma\u00eflia Folies\u201d, en una mansi\u00f3n de la prestigiosa avenida Montaigne que pertenec\u00eda a Ferdinand de Lesseps. En 1948, fund\u00f3 otro lugar de entretenimiento, \u201cLe S\u00e9rail\u201d, rue du Colis\u00e9e.<\/span><\/p>\n<p class=\"Standard\" style=\"text-align: justify; text-justify: inter-ideograph;\"><span lang=\"ES\">En 1949, se instal\u00f3 en Marruecos y compr\u00f3 un antiguo caf\u00e9 en el mellah de Casablanca que convirti\u00f3 en cabaret de lujo: \u201cLe Coq d&#8217;Or\u201d. Ese lugar era visitado por familias adineradas del pa\u00eds y dignatarios visitantes. Sin embargo \u201cLe Coq d&#8217;Or\u201d fue destruido en un incendio y Salim volvi\u00f3 a Francia, en Cannes, a principios de los a\u00f1os 60.<\/span><\/p>\n<p class=\"Standard\" style=\"text-align: justify; text-justify: inter-ideograph;\"><span lang=\"ES\">Conocido por su atracci\u00f3n a fiestas animadas y extravagantes, pod\u00eda traer a elefantes en los jardines de su villa. A principios de la d\u00e9cada del 70, su carrera dio un vuelco con un concierto triunfal en la sala Pleyel en Par\u00eds y el lanzamiento de un dico de vinilo en franc\u00e9s. En los a\u00f1os siguientes, actu\u00f3 a menudo en concierto en Par\u00eds, Montreal y Casablanca.<\/span><\/p>\n<p><img decoding=\"async\" class=\"wp-image-19116 alignleft\" src=\"https:\/\/www.iemj.org\/wp-content\/uploads\/2018\/04\/doc_78tre_salim_65.jpg\" alt=\"doc_78tre_salim_65.jpg\" width=\"188\" height=\"194\" align=\"middle\" \/>En <span lang=\"ES\">1993, dej\u00f3 de manera definitiva su carrera y para ir a una residencia de ancianos en Vallauris. Sin embargo dar\u00e1 un \u00faltimo recital con ocasi\u00f3n del a\u00f1o nuevo de 1994, ante la insistancia de su amigo Maurice Wizmam.<\/span><\/p>\n<p class=\"Standard\" style=\"text-align: justify; text-justify: inter-ideograph;\"><span lang=\"ES\">Voluntariamente solitario \u2013 prohib\u00eda las visitas, excepto algunos amigos cercanos \u2013 falleci\u00f3 el 25 de junio de 2005 en Antibes (Alpes Mar\u00edtimos). Conforme a sus \u00faltimos votos, sus cenizas fueron esparcidas en Niza en el jard\u00edn de los recuerdos.<\/span><\/p>\n\n\n<h2 class=\"wp-block-heading\"><\/h2>\n\n\n<div class=\"wp-block-image\">\n<figure class=\"aligncenter size-large\"><img decoding=\"async\" width=\"1024\" height=\"133\" src=\"https:\/\/www.iemj.org\/wp-content\/uploads\/2024\/03\/AUDIO-PLAYER-1024x133.png\" alt=\"\" class=\"wp-image-110610\" srcset=\"https:\/\/www.iemj.org\/wp-content\/uploads\/2024\/03\/AUDIO-PLAYER-1024x133.png 1024w, https:\/\/www.iemj.org\/wp-content\/uploads\/2024\/03\/AUDIO-PLAYER-300x39.png 300w, https:\/\/www.iemj.org\/wp-content\/uploads\/2024\/03\/AUDIO-PLAYER-768x100.png 768w, https:\/\/www.iemj.org\/wp-content\/uploads\/2024\/03\/AUDIO-PLAYER-600x78.png 600w, https:\/\/www.iemj.org\/wp-content\/uploads\/2024\/03\/AUDIO-PLAYER.png 1210w\" sizes=\"(max-width: 1024px) 100vw, 1024px\" \/><\/figure>\n<\/div>\n\n\n<div class=\"wp-block-file\"><a id=\"wp-block-file--media-7abe2a56-5a30-4f15-9574-1c7ad984c869\" href=\"https:\/\/www.iemj.org\/wp-content\/uploads\/2018\/04\/bin_el_berah_wel_youm_extrait_-_salim_halali.mp3\">Bin el berah wel youm (EXTRAIT) &#8211; Salim Halali<\/a><\/div>\n\n\n\n<div class=\"wp-block-file\"><a id=\"wp-block-file--media-ee27268c-23a2-4c03-ae3a-c0d1811383bf\" href=\"https:\/\/www.iemj.org\/wp-content\/uploads\/2018\/04\/sidi_h_bibi_extrait_-_salim_halali.mp3\">Sidi H&#8217;bibi (EXTRAIT) &#8211; Salim Halali<\/a><\/div>\n\n\n\n<div class=\"wp-block-file\"><a id=\"wp-block-file--media-79360722-2a97-4099-80ef-c09abe8f320e\" href=\"https:\/\/www.iemj.org\/wp-content\/uploads\/2018\/04\/mahani_ezzine_extrait_-_salim_halali.mp3\">Mahani Ezzine (EXTRAIT) &#8211; Salim Halali<\/a><\/div>\n\n\n\n<div class=\"wp-block-file\"><a id=\"wp-block-file--media-e331744e-c104-4c14-8fcc-085ccd37fd09\" href=\"https:\/\/www.iemj.org\/wp-content\/uploads\/2018\/04\/ya_qalbi_khali_lhal_extrait_-_salim_halali.mp3\">Ya qalbi khali lhal (EXTRAIT) &#8211; Salim Halali<\/a><\/div>\n\n\n\n<div class=\"wp-block-file\"><a id=\"wp-block-file--media-a65f2e8d-0c4a-4be1-ac67-6bd13f753666\" href=\"https:\/\/www.iemj.org\/wp-content\/uploads\/2018\/04\/el_achaga_extrait_-_salim_halali.mp3\">El Achaga (EXTRAIT) &#8211; Salim Halali<\/a><\/div>\n<div class=\"speaker-mute footnotes_reference_container\"> <div class=\"footnote_container_prepare\"><p><span role=\"button\" tabindex=\"0\" class=\"footnote_reference_container_label pointer\" onclick=\"footnote_expand_collapse_reference_container_88361_1();\">&#x202F;<\/span><span role=\"button\" tabindex=\"0\" class=\"footnote_reference_container_collapse_button\" style=\"display: none;\" onclick=\"footnote_expand_collapse_reference_container_88361_1();\">[<a id=\"footnote_reference_container_collapse_button_88361_1\">+<\/a>]<\/span><\/p><\/div> <div id=\"footnote_references_container_88361_1\" style=\"\"><table class=\"footnotes_table footnote-reference-container\"><caption class=\"accessibility\">References<\/caption> <tbody> \r\n\r\n<tr class=\"footnotes_plugin_reference_row\"> <th scope=\"row\" class=\"footnote_plugin_index_combi pointer\"  onclick=\"footnote_moveToAnchor_88361_1('footnote_plugin_tooltip_88361_1_1');\"><a id=\"footnote_plugin_reference_88361_1_1\" class=\"footnote_backlink\">1<\/a><\/th> <td class=\"footnote_plugin_text\">Se cont\u00f3 esa an\u00e9cdota en la pel\u00edcula de Isma\u00ebl Feroukhi <em><a href=\"https:\/\/fr.wikipedia.org\/wiki\/Les_Hommes_libres\" target=\"_blank\" rel=\"noopener\">Les hommes libres<\/a><\/em>.<\/td><\/tr>\r\n\r\n <\/tbody> <\/table> <\/div><\/div><script type=\"text\/javascript\"> function footnote_expand_reference_container_88361_1() { jQuery('#footnote_references_container_88361_1').show(); jQuery('#footnote_reference_container_collapse_button_88361_1').text('\u2212'); } function footnote_collapse_reference_container_88361_1() { jQuery('#footnote_references_container_88361_1').hide(); jQuery('#footnote_reference_container_collapse_button_88361_1').text('+'); } function footnote_expand_collapse_reference_container_88361_1() { if (jQuery('#footnote_references_container_88361_1').is(':hidden')) { footnote_expand_reference_container_88361_1(); } else { footnote_collapse_reference_container_88361_1(); } } function footnote_moveToReference_88361_1(p_str_TargetID) { footnote_expand_reference_container_88361_1(); var l_obj_Target = jQuery('#' + p_str_TargetID); if (l_obj_Target.length) { jQuery( 'html, body' ).delay( 0 ); jQuery('html, body').animate({ scrollTop: l_obj_Target.offset().top - window.innerHeight * 0.2 }, 380); } } function footnote_moveToAnchor_88361_1(p_str_TargetID) { footnote_expand_reference_container_88361_1(); var l_obj_Target = jQuery('#' + p_str_TargetID); if (l_obj_Target.length) { jQuery( 'html, body' ).delay( 0 ); jQuery('html, body').animate({ scrollTop: l_obj_Target.offset().top - window.innerHeight * 0.2 }, 380); } }<\/script>","protected":false},"excerpt":{"rendered":"<p>Salim Halali cuyo verdadero nombre es Simon Halali, era un cantante-int\u00e9rprete de m\u00fasica oriental, nacido el 30 de julio de 1920 en Annaba en Argelia. Procedente de una familia jud\u00eda<\/p>\n","protected":false},"author":1052,"featured_media":51842,"comment_status":"closed","ping_status":"closed","sticky":false,"template":"","format":"standard","meta":{"_acf_changed":false,"footnotes":""},"categories":[1417],"tags":[],"technique":[],"squelettes":[],"sujet":[],"formation":[],"genre":[],"fonds":[],"tradition":[],"type-de-contenu":[],"interprete-compositeur":[],"frise":[],"type-devenement":[],"tableaux-liens-externes":[],"class_list":["post-88361","post","type-post","status-publish","format-standard","has-post-thumbnail","hentry","category-biografias-es"],"acf":[],"yoast_head":"<!-- This site is optimized with the Yoast SEO plugin v27.3 - https:\/\/yoast.com\/product\/yoast-seo-wordpress\/ -->\n<title>Halali, Salim (1920-2005) - Institut Europ\u00e9en des Musiques Juives<\/title>\n<meta name=\"robots\" content=\"index, follow, max-snippet:-1, max-image-preview:large, max-video-preview:-1\" \/>\n<link rel=\"canonical\" href=\"https:\/\/www.iemj.org\/es\/halali-salim-1920-2005\/\" \/>\n<meta property=\"og:locale\" content=\"es_ES\" \/>\n<meta property=\"og:type\" content=\"article\" \/>\n<meta property=\"og:title\" content=\"Halali, Salim (1920-2005) - Institut Europ\u00e9en des Musiques Juives\" \/>\n<meta property=\"og:description\" content=\"Salim Halali cuyo verdadero nombre es Simon Halali, era un cantante-int\u00e9rprete de m\u00fasica oriental, nacido el 30 de julio de 1920 en Annaba en Argelia. Procedente de una familia jud\u00eda\" \/>\n<meta property=\"og:url\" content=\"https:\/\/www.iemj.org\/es\/halali-salim-1920-2005\/\" \/>\n<meta property=\"og:site_name\" content=\"Institut Europ\u00e9en des Musiques Juives\" \/>\n<meta property=\"article:publisher\" content=\"https:\/\/www.facebook.com\/MusiquesJuives\/\" \/>\n<meta property=\"article:published_time\" content=\"2018-04-11T07:55:15+00:00\" \/>\n<meta property=\"article:modified_time\" content=\"2025-09-08T16:14:07+00:00\" \/>\n<meta property=\"og:image\" content=\"https:\/\/www.iemj.org\/wp-content\/uploads\/2018\/04\/arton3313-e1625041369390.jpg\" \/>\n\t<meta property=\"og:image:width\" content=\"245\" \/>\n\t<meta property=\"og:image:height\" content=\"218\" \/>\n\t<meta property=\"og:image:type\" content=\"image\/jpeg\" \/>\n<meta name=\"author\" content=\"Lea Couderc\" \/>\n<meta name=\"twitter:card\" content=\"summary_large_image\" \/>\n<meta name=\"twitter:label1\" content=\"Escrito por\" \/>\n\t<meta name=\"twitter:data1\" content=\"Lea Couderc\" \/>\n\t<meta name=\"twitter:label2\" content=\"Tiempo de lectura\" \/>\n\t<meta name=\"twitter:data2\" content=\"4 minutos\" \/>\n<script type=\"application\/ld+json\" class=\"yoast-schema-graph\">{\"@context\":\"https:\\\/\\\/schema.org\",\"@graph\":[{\"@type\":\"Article\",\"@id\":\"https:\\\/\\\/www.iemj.org\\\/es\\\/halali-salim-1920-2005\\\/#article\",\"isPartOf\":{\"@id\":\"https:\\\/\\\/www.iemj.org\\\/es\\\/halali-salim-1920-2005\\\/\"},\"author\":{\"name\":\"Lea Couderc\",\"@id\":\"https:\\\/\\\/www.iemj.org\\\/es\\\/#\\\/schema\\\/person\\\/e2ad57f2c4be119c7ed8ab79036807a9\"},\"headline\":\"Halali, Salim (1920-2005)\",\"datePublished\":\"2018-04-11T07:55:15+00:00\",\"dateModified\":\"2025-09-08T16:14:07+00:00\",\"mainEntityOfPage\":{\"@id\":\"https:\\\/\\\/www.iemj.org\\\/es\\\/halali-salim-1920-2005\\\/\"},\"wordCount\":574,\"publisher\":{\"@id\":\"https:\\\/\\\/www.iemj.org\\\/es\\\/#organization\"},\"image\":{\"@id\":\"https:\\\/\\\/www.iemj.org\\\/es\\\/halali-salim-1920-2005\\\/#primaryimage\"},\"thumbnailUrl\":\"https:\\\/\\\/www.iemj.org\\\/wp-content\\\/uploads\\\/2018\\\/04\\\/arton3313-e1625041369390.jpg\",\"articleSection\":[\"Biograf\u00edas\"],\"inLanguage\":\"es\"},{\"@type\":\"WebPage\",\"@id\":\"https:\\\/\\\/www.iemj.org\\\/es\\\/halali-salim-1920-2005\\\/\",\"url\":\"https:\\\/\\\/www.iemj.org\\\/es\\\/halali-salim-1920-2005\\\/\",\"name\":\"Halali, Salim (1920-2005) - Institut Europ\u00e9en des Musiques Juives\",\"isPartOf\":{\"@id\":\"https:\\\/\\\/www.iemj.org\\\/es\\\/#website\"},\"primaryImageOfPage\":{\"@id\":\"https:\\\/\\\/www.iemj.org\\\/es\\\/halali-salim-1920-2005\\\/#primaryimage\"},\"image\":{\"@id\":\"https:\\\/\\\/www.iemj.org\\\/es\\\/halali-salim-1920-2005\\\/#primaryimage\"},\"thumbnailUrl\":\"https:\\\/\\\/www.iemj.org\\\/wp-content\\\/uploads\\\/2018\\\/04\\\/arton3313-e1625041369390.jpg\",\"datePublished\":\"2018-04-11T07:55:15+00:00\",\"dateModified\":\"2025-09-08T16:14:07+00:00\",\"breadcrumb\":{\"@id\":\"https:\\\/\\\/www.iemj.org\\\/es\\\/halali-salim-1920-2005\\\/#breadcrumb\"},\"inLanguage\":\"es\",\"potentialAction\":[{\"@type\":\"ReadAction\",\"target\":[\"https:\\\/\\\/www.iemj.org\\\/es\\\/halali-salim-1920-2005\\\/\"]}]},{\"@type\":\"ImageObject\",\"inLanguage\":\"es\",\"@id\":\"https:\\\/\\\/www.iemj.org\\\/es\\\/halali-salim-1920-2005\\\/#primaryimage\",\"url\":\"https:\\\/\\\/www.iemj.org\\\/wp-content\\\/uploads\\\/2018\\\/04\\\/arton3313-e1625041369390.jpg\",\"contentUrl\":\"https:\\\/\\\/www.iemj.org\\\/wp-content\\\/uploads\\\/2018\\\/04\\\/arton3313-e1625041369390.jpg\",\"width\":245,\"height\":218},{\"@type\":\"BreadcrumbList\",\"@id\":\"https:\\\/\\\/www.iemj.org\\\/es\\\/halali-salim-1920-2005\\\/#breadcrumb\",\"itemListElement\":[{\"@type\":\"ListItem\",\"position\":1,\"name\":\"Accueil\",\"item\":\"https:\\\/\\\/www.iemj.org\\\/es\\\/\"},{\"@type\":\"ListItem\",\"position\":2,\"name\":\"Halali, Salim (1920-2005)\"}]},{\"@type\":\"WebSite\",\"@id\":\"https:\\\/\\\/www.iemj.org\\\/es\\\/#website\",\"url\":\"https:\\\/\\\/www.iemj.org\\\/es\\\/\",\"name\":\"Institut Europ\u00e9en des Musiques Juives\",\"description\":\"Des traditions musicales \u00e0 la port\u00e9e de tous\",\"publisher\":{\"@id\":\"https:\\\/\\\/www.iemj.org\\\/es\\\/#organization\"},\"potentialAction\":[{\"@type\":\"SearchAction\",\"target\":{\"@type\":\"EntryPoint\",\"urlTemplate\":\"https:\\\/\\\/www.iemj.org\\\/es\\\/?s={search_term_string}\"},\"query-input\":{\"@type\":\"PropertyValueSpecification\",\"valueRequired\":true,\"valueName\":\"search_term_string\"}}],\"inLanguage\":\"es\"},{\"@type\":\"Organization\",\"@id\":\"https:\\\/\\\/www.iemj.org\\\/es\\\/#organization\",\"name\":\"Institut Europ\u00e9en des Musiques Juives\",\"url\":\"https:\\\/\\\/www.iemj.org\\\/es\\\/\",\"logo\":{\"@type\":\"ImageObject\",\"inLanguage\":\"es\",\"@id\":\"https:\\\/\\\/www.iemj.org\\\/es\\\/#\\\/schema\\\/logo\\\/image\\\/\",\"url\":\"https:\\\/\\\/www.iemj.org\\\/wp-content\\\/uploads\\\/2021\\\/09\\\/Logo-IEMJ-Paypal.jpg\",\"contentUrl\":\"https:\\\/\\\/www.iemj.org\\\/wp-content\\\/uploads\\\/2021\\\/09\\\/Logo-IEMJ-Paypal.jpg\",\"width\":150,\"height\":50,\"caption\":\"Institut Europ\u00e9en des Musiques Juives\"},\"image\":{\"@id\":\"https:\\\/\\\/www.iemj.org\\\/es\\\/#\\\/schema\\\/logo\\\/image\\\/\"},\"sameAs\":[\"https:\\\/\\\/www.facebook.com\\\/MusiquesJuives\\\/\",\"https:\\\/\\\/www.instagram.com\\\/musiquesjuives\\\/\",\"https:\\\/\\\/www.youtube.com\\\/user\\\/musiquesjuives\"]},{\"@type\":\"Person\",\"@id\":\"https:\\\/\\\/www.iemj.org\\\/es\\\/#\\\/schema\\\/person\\\/e2ad57f2c4be119c7ed8ab79036807a9\",\"name\":\"Lea Couderc\",\"image\":{\"@type\":\"ImageObject\",\"inLanguage\":\"es\",\"@id\":\"https:\\\/\\\/secure.gravatar.com\\\/avatar\\\/46ee021475d60aeff17a7e490b79dea5a5684bb392ab7fd1494027411df8ba23?s=96&d=mm&r=g\",\"url\":\"https:\\\/\\\/secure.gravatar.com\\\/avatar\\\/46ee021475d60aeff17a7e490b79dea5a5684bb392ab7fd1494027411df8ba23?s=96&d=mm&r=g\",\"contentUrl\":\"https:\\\/\\\/secure.gravatar.com\\\/avatar\\\/46ee021475d60aeff17a7e490b79dea5a5684bb392ab7fd1494027411df8ba23?s=96&d=mm&r=g\",\"caption\":\"Lea Couderc\"}}]}<\/script>\n<!-- \/ Yoast SEO plugin. -->","yoast_head_json":{"title":"Halali, Salim (1920-2005) - Institut Europ\u00e9en des Musiques Juives","robots":{"index":"index","follow":"follow","max-snippet":"max-snippet:-1","max-image-preview":"max-image-preview:large","max-video-preview":"max-video-preview:-1"},"canonical":"https:\/\/www.iemj.org\/es\/halali-salim-1920-2005\/","og_locale":"es_ES","og_type":"article","og_title":"Halali, Salim (1920-2005) - Institut Europ\u00e9en des Musiques Juives","og_description":"Salim Halali cuyo verdadero nombre es Simon Halali, era un cantante-int\u00e9rprete de m\u00fasica oriental, nacido el 30 de julio de 1920 en Annaba en Argelia. Procedente de una familia jud\u00eda","og_url":"https:\/\/www.iemj.org\/es\/halali-salim-1920-2005\/","og_site_name":"Institut Europ\u00e9en des Musiques Juives","article_publisher":"https:\/\/www.facebook.com\/MusiquesJuives\/","article_published_time":"2018-04-11T07:55:15+00:00","article_modified_time":"2025-09-08T16:14:07+00:00","og_image":[{"width":245,"height":218,"url":"https:\/\/www.iemj.org\/wp-content\/uploads\/2018\/04\/arton3313-e1625041369390.jpg","type":"image\/jpeg"}],"author":"Lea Couderc","twitter_card":"summary_large_image","twitter_misc":{"Escrito por":"Lea Couderc","Tiempo de lectura":"4 minutos"},"schema":{"@context":"https:\/\/schema.org","@graph":[{"@type":"Article","@id":"https:\/\/www.iemj.org\/es\/halali-salim-1920-2005\/#article","isPartOf":{"@id":"https:\/\/www.iemj.org\/es\/halali-salim-1920-2005\/"},"author":{"name":"Lea Couderc","@id":"https:\/\/www.iemj.org\/es\/#\/schema\/person\/e2ad57f2c4be119c7ed8ab79036807a9"},"headline":"Halali, Salim (1920-2005)","datePublished":"2018-04-11T07:55:15+00:00","dateModified":"2025-09-08T16:14:07+00:00","mainEntityOfPage":{"@id":"https:\/\/www.iemj.org\/es\/halali-salim-1920-2005\/"},"wordCount":574,"publisher":{"@id":"https:\/\/www.iemj.org\/es\/#organization"},"image":{"@id":"https:\/\/www.iemj.org\/es\/halali-salim-1920-2005\/#primaryimage"},"thumbnailUrl":"https:\/\/www.iemj.org\/wp-content\/uploads\/2018\/04\/arton3313-e1625041369390.jpg","articleSection":["Biograf\u00edas"],"inLanguage":"es"},{"@type":"WebPage","@id":"https:\/\/www.iemj.org\/es\/halali-salim-1920-2005\/","url":"https:\/\/www.iemj.org\/es\/halali-salim-1920-2005\/","name":"Halali, Salim (1920-2005) - Institut Europ\u00e9en des Musiques Juives","isPartOf":{"@id":"https:\/\/www.iemj.org\/es\/#website"},"primaryImageOfPage":{"@id":"https:\/\/www.iemj.org\/es\/halali-salim-1920-2005\/#primaryimage"},"image":{"@id":"https:\/\/www.iemj.org\/es\/halali-salim-1920-2005\/#primaryimage"},"thumbnailUrl":"https:\/\/www.iemj.org\/wp-content\/uploads\/2018\/04\/arton3313-e1625041369390.jpg","datePublished":"2018-04-11T07:55:15+00:00","dateModified":"2025-09-08T16:14:07+00:00","breadcrumb":{"@id":"https:\/\/www.iemj.org\/es\/halali-salim-1920-2005\/#breadcrumb"},"inLanguage":"es","potentialAction":[{"@type":"ReadAction","target":["https:\/\/www.iemj.org\/es\/halali-salim-1920-2005\/"]}]},{"@type":"ImageObject","inLanguage":"es","@id":"https:\/\/www.iemj.org\/es\/halali-salim-1920-2005\/#primaryimage","url":"https:\/\/www.iemj.org\/wp-content\/uploads\/2018\/04\/arton3313-e1625041369390.jpg","contentUrl":"https:\/\/www.iemj.org\/wp-content\/uploads\/2018\/04\/arton3313-e1625041369390.jpg","width":245,"height":218},{"@type":"BreadcrumbList","@id":"https:\/\/www.iemj.org\/es\/halali-salim-1920-2005\/#breadcrumb","itemListElement":[{"@type":"ListItem","position":1,"name":"Accueil","item":"https:\/\/www.iemj.org\/es\/"},{"@type":"ListItem","position":2,"name":"Halali, Salim (1920-2005)"}]},{"@type":"WebSite","@id":"https:\/\/www.iemj.org\/es\/#website","url":"https:\/\/www.iemj.org\/es\/","name":"Institut Europ\u00e9en des Musiques Juives","description":"Des traditions musicales \u00e0 la port\u00e9e de tous","publisher":{"@id":"https:\/\/www.iemj.org\/es\/#organization"},"potentialAction":[{"@type":"SearchAction","target":{"@type":"EntryPoint","urlTemplate":"https:\/\/www.iemj.org\/es\/?s={search_term_string}"},"query-input":{"@type":"PropertyValueSpecification","valueRequired":true,"valueName":"search_term_string"}}],"inLanguage":"es"},{"@type":"Organization","@id":"https:\/\/www.iemj.org\/es\/#organization","name":"Institut Europ\u00e9en des Musiques Juives","url":"https:\/\/www.iemj.org\/es\/","logo":{"@type":"ImageObject","inLanguage":"es","@id":"https:\/\/www.iemj.org\/es\/#\/schema\/logo\/image\/","url":"https:\/\/www.iemj.org\/wp-content\/uploads\/2021\/09\/Logo-IEMJ-Paypal.jpg","contentUrl":"https:\/\/www.iemj.org\/wp-content\/uploads\/2021\/09\/Logo-IEMJ-Paypal.jpg","width":150,"height":50,"caption":"Institut Europ\u00e9en des Musiques Juives"},"image":{"@id":"https:\/\/www.iemj.org\/es\/#\/schema\/logo\/image\/"},"sameAs":["https:\/\/www.facebook.com\/MusiquesJuives\/","https:\/\/www.instagram.com\/musiquesjuives\/","https:\/\/www.youtube.com\/user\/musiquesjuives"]},{"@type":"Person","@id":"https:\/\/www.iemj.org\/es\/#\/schema\/person\/e2ad57f2c4be119c7ed8ab79036807a9","name":"Lea Couderc","image":{"@type":"ImageObject","inLanguage":"es","@id":"https:\/\/secure.gravatar.com\/avatar\/46ee021475d60aeff17a7e490b79dea5a5684bb392ab7fd1494027411df8ba23?s=96&d=mm&r=g","url":"https:\/\/secure.gravatar.com\/avatar\/46ee021475d60aeff17a7e490b79dea5a5684bb392ab7fd1494027411df8ba23?s=96&d=mm&r=g","contentUrl":"https:\/\/secure.gravatar.com\/avatar\/46ee021475d60aeff17a7e490b79dea5a5684bb392ab7fd1494027411df8ba23?s=96&d=mm&r=g","caption":"Lea Couderc"}}]}},"_links":{"self":[{"href":"https:\/\/www.iemj.org\/es\/wp-json\/wp\/v2\/posts\/88361","targetHints":{"allow":["GET"]}}],"collection":[{"href":"https:\/\/www.iemj.org\/es\/wp-json\/wp\/v2\/posts"}],"about":[{"href":"https:\/\/www.iemj.org\/es\/wp-json\/wp\/v2\/types\/post"}],"author":[{"embeddable":true,"href":"https:\/\/www.iemj.org\/es\/wp-json\/wp\/v2\/users\/1052"}],"replies":[{"embeddable":true,"href":"https:\/\/www.iemj.org\/es\/wp-json\/wp\/v2\/comments?post=88361"}],"version-history":[{"count":0,"href":"https:\/\/www.iemj.org\/es\/wp-json\/wp\/v2\/posts\/88361\/revisions"}],"wp:featuredmedia":[{"embeddable":true,"href":"https:\/\/www.iemj.org\/es\/wp-json\/wp\/v2\/media\/51842"}],"wp:attachment":[{"href":"https:\/\/www.iemj.org\/es\/wp-json\/wp\/v2\/media?parent=88361"}],"wp:term":[{"taxonomy":"category","embeddable":true,"href":"https:\/\/www.iemj.org\/es\/wp-json\/wp\/v2\/categories?post=88361"},{"taxonomy":"post_tag","embeddable":true,"href":"https:\/\/www.iemj.org\/es\/wp-json\/wp\/v2\/tags?post=88361"},{"taxonomy":"technique","embeddable":true,"href":"https:\/\/www.iemj.org\/es\/wp-json\/wp\/v2\/technique?post=88361"},{"taxonomy":"squelettes","embeddable":true,"href":"https:\/\/www.iemj.org\/es\/wp-json\/wp\/v2\/squelettes?post=88361"},{"taxonomy":"sujet","embeddable":true,"href":"https:\/\/www.iemj.org\/es\/wp-json\/wp\/v2\/sujet?post=88361"},{"taxonomy":"formation","embeddable":true,"href":"https:\/\/www.iemj.org\/es\/wp-json\/wp\/v2\/formation?post=88361"},{"taxonomy":"genre","embeddable":true,"href":"https:\/\/www.iemj.org\/es\/wp-json\/wp\/v2\/genre?post=88361"},{"taxonomy":"fonds","embeddable":true,"href":"https:\/\/www.iemj.org\/es\/wp-json\/wp\/v2\/fonds?post=88361"},{"taxonomy":"tradition","embeddable":true,"href":"https:\/\/www.iemj.org\/es\/wp-json\/wp\/v2\/tradition?post=88361"},{"taxonomy":"type-de-contenu","embeddable":true,"href":"https:\/\/www.iemj.org\/es\/wp-json\/wp\/v2\/type-de-contenu?post=88361"},{"taxonomy":"interprete-compositeur","embeddable":true,"href":"https:\/\/www.iemj.org\/es\/wp-json\/wp\/v2\/interprete-compositeur?post=88361"},{"taxonomy":"frise","embeddable":true,"href":"https:\/\/www.iemj.org\/es\/wp-json\/wp\/v2\/frise?post=88361"},{"taxonomy":"type-devenement","embeddable":true,"href":"https:\/\/www.iemj.org\/es\/wp-json\/wp\/v2\/type-devenement?post=88361"},{"taxonomy":"tableaux-liens-externes","embeddable":true,"href":"https:\/\/www.iemj.org\/es\/wp-json\/wp\/v2\/tableaux-liens-externes?post=88361"}],"curies":[{"name":"wp","href":"https:\/\/api.w.org\/{rel}","templated":true}]}}