{"id":88419,"date":"2017-08-30T16:09:18","date_gmt":"2017-08-30T14:09:18","guid":{"rendered":"https:\/\/www.iemj.org\/haza-ofra-1957-2000\/"},"modified":"2025-09-08T16:15:17","modified_gmt":"2025-09-08T14:15:17","slug":"haza-ofra-1957-2000","status":"publish","type":"post","link":"https:\/\/www.iemj.org\/es\/haza-ofra-1957-2000\/","title":{"rendered":"Haza, Ofra (1957-2000)"},"content":{"rendered":"<p><img fetchpriority=\"high\" decoding=\"async\" class=\" alignright  wp-image-14940\" src=\"https:\/\/www.iemj.org\/wp-content\/uploads\/2017\/08\/doc_2_ofra_500px60.jpg\" alt=\"doc_2_ofra_500px60.jpg\" width=\"236\" height=\"578\" align=\"right\" srcset=\"https:\/\/www.iemj.org\/wp-content\/uploads\/2017\/08\/doc_2_ofra_500px60.jpg 300w, https:\/\/www.iemj.org\/wp-content\/uploads\/2017\/08\/doc_2_ofra_500px60-122x300.jpg 122w\" sizes=\"(max-width: 236px) 100vw, 236px\" \/>Ofra Haza \u05e2\u05e4\u05e8\u05d4 \u05d7\u05d6\u05d4, <span lang=\"ES\">cuyo verdadero nombre es Bat-Sheva Ofra Haza, nacida el 19 de noviembre de 1957 en Tel Aviv y fallecida el 23 de febrero de 2000 en Ramat Gan, era una actriz y cantante israel\u00ed originaria del Yemen.<\/span><\/p>\n<p class=\"Standard\" style=\"text-align: justify; text-justify: inter-ideograph;\"><span lang=\"ES\">Fue a los 12 a\u00f1os que dio sus primeros pasos en una compa\u00f1\u00eda teatral local. Fue talento como cantante fue descubierto por el gerente Bezalel Aloni que organiz\u00f3 muchas producciones alrededor de ella y luego se convirti\u00f3 en su mentor.<\/span><\/p>\n<p class=\"Standard\" style=\"text-align: justify; text-justify: inter-ideograph;\"><span lang=\"ES\">Al final de su servicio militar en 1979, empez\u00f3 una carrera como solista en la escena de la variedad israel\u00ed y a los 19 a\u00f1os, se volvi\u00f3 la primera estrella pop de Israel.<\/span><\/p>\n<p class=\"Standard\" style=\"text-align: justify; text-justify: inter-ideograph;\"><span lang=\"ES\">Nombrada representante de su pa\u00eds en el Festival de Eurovisi\u00f3n del a\u00f1o 1983 con la canci\u00f3n \u201cChai\u201d (traducida al franc\u00e9s con el t\u00edtulo \u201cVa, va, va\u201d y al alem\u00e1n \u201cFrei\u201d) gan\u00f3 el segundo lugar y por consiguiente, se dio a conocer m\u00e1s all\u00e1 de las fronteras israel\u00edes.<\/span><\/p>\n<p class=\"Standard\" style=\"text-align: justify; text-justify: inter-ideograph;\"><span lang=\"ES\">El \u00e1lbum \u201c<i>Yemenite songs<\/i>\u201d y la canci\u00f3n \u201c<i>Im nin&#8217;alu<\/i>\u201d impactaron mucho su carrera, gracias a toques de pop permitiendo encantar a un p\u00fablico m\u00e1s extenso. Luego lanz\u00f3 distintos \u00e1lbumenes destinados a ser exportados, y trabaj\u00f3 con artistas estadounidenses o ingleses como <b>Iggy Pop<\/b>, a d\u00fao en la canci\u00f3n \u201c<i>Daw Da Hiya<\/i>\u201d, o tambi\u00e9n <b>Eric B. &amp; Rakim <\/b>en Paid in Full, canci\u00f3n precursora de la m\u00fasica electr\u00f3nica contempor\u00e1nea.<\/span><\/p>\n<p><img decoding=\"async\" class=\" wp-image-14942 alignleft\" src=\"https:\/\/www.iemj.org\/wp-content\/uploads\/2017\/08\/doc_1_ofra_500px60.jpg\" alt=\"doc_1_ofra_500px60.jpg\" width=\"265\" height=\"167\" align=\"middle\" \/>A lo largo de su carrera, grab\u00f3 uno o dos discos cada a\u00f1o y aport\u00f3 su contribuci\u00f3n a la banda sonora original del dibujo animado \u201cEl P\u00edncipe de Egipto\u201d, y a otras pel\u00edculas tambi\u00e9n.<\/p>\n<p class=\"Standard\" style=\"text-align: justify; text-justify: inter-ideograph;\"><span lang=\"ES\">Su vida se interrumpi\u00f3 de manera brutal, el 23 de febrero de 2000 a los 42 a\u00f1os.<\/span><\/p>\n<p><strong>Fuentes: <\/strong><em><a href=\"https:\/\/es.wikipedia.org\/wiki\/Ofra_Haza\" target=\"_blank\" rel=\"noopener\">Wikipedia<\/a><\/em><\/p>\n<p class=\"Standard\" style=\"text-align: justify; text-justify: inter-ideograph;\"><a href=\"https:\/\/www.discogs.com\/fr\/artist\/32388-Ofra-Haza\" target=\"_blank\" rel=\"noopener\"><span lang=\"ES\" style=\"color: #6666ff;\">Consultar su discograf\u00eda<\/span><\/a><\/p>\n<p class=\"Standard\" style=\"text-align: justify; text-justify: inter-ideograph;\"><a href=\"http:\/\/www.rachelnet.net\/F\/?func=find-c&amp;ccl_term=WRD+%3D+Ofra+Haza&amp;local_base=iemcg\" target=\"_blank\" rel=\"noopener\"><span lang=\"ES\" style=\"color: #6666ff;\">Consultar nuestros archivos sobre Ofra Haza<\/span><\/a><\/p>\n\n\n<h2 class=\"wp-block-heading\"><\/h2>\n\n\n<div class=\"wp-block-image\">\n<figure class=\"aligncenter size-large\"><img decoding=\"async\" width=\"1024\" height=\"133\" src=\"https:\/\/www.iemj.org\/wp-content\/uploads\/2024\/03\/AUDIO-PLAYER-1024x133.png\" alt=\"\" class=\"wp-image-110610\" srcset=\"https:\/\/www.iemj.org\/wp-content\/uploads\/2024\/03\/AUDIO-PLAYER-1024x133.png 1024w, https:\/\/www.iemj.org\/wp-content\/uploads\/2024\/03\/AUDIO-PLAYER-300x39.png 300w, https:\/\/www.iemj.org\/wp-content\/uploads\/2024\/03\/AUDIO-PLAYER-768x100.png 768w, https:\/\/www.iemj.org\/wp-content\/uploads\/2024\/03\/AUDIO-PLAYER-600x78.png 600w, https:\/\/www.iemj.org\/wp-content\/uploads\/2024\/03\/AUDIO-PLAYER.png 1210w\" sizes=\"(max-width: 1024px) 100vw, 1024px\" \/><\/figure>\n<\/div>\n\n\n<div class=\"wp-block-file\"><a id=\"wp-block-file--media-11299034-7fe6-403a-974c-74ac77c32090\" href=\"https:\/\/www.iemj.org\/wp-content\/uploads\/2017\/08\/layla_bichna_an_-_ofra_haza.mp3\">Layla bichna\u2019an &#8211; Ofra Haza<\/a><\/div>\n\n\n\n<div class=\"wp-block-file\"><a id=\"wp-block-file--media-a3e5b59d-5cfd-44e5-9389-43a8609de5be\" href=\"https:\/\/www.iemj.org\/wp-content\/uploads\/2017\/08\/listen_to_the_waves_-_ofra_haza.mp3\">Listen to the waves &#8211; Ofra Haza<\/a><\/div>\n\n\n\n<div class=\"wp-block-file\"><a id=\"wp-block-file--media-f7b3ca27-16f5-4f81-95b8-24d38170249c\" href=\"https:\/\/www.iemj.org\/wp-content\/uploads\/2017\/08\/na_ara_ushma_kineret_-_ofra_haza.mp3\">Na\u2019ara Ushma Kineret &#8211; Ofra Haza<\/a><\/div>\n\n\n\n<div class=\"wp-block-file\"><a id=\"wp-block-file--media-af3f7fbc-595e-4a89-9757-a565e923f554\" href=\"https:\/\/www.iemj.org\/wp-content\/uploads\/2017\/08\/six_in_the_evening_-_ofra_haza.mp3\">Six In The Evening &#8211; Ofra Haza<\/a><\/div>\n\n\n\n<div class=\"wp-block-file\"><a id=\"wp-block-file--media-16f6d210-fee3-479e-98b6-382e33ccbc3c\" href=\"https:\/\/www.iemj.org\/wp-content\/uploads\/2017\/08\/yachilvi_veyachali_-_ofra_haza.mp3\">Yachilvi veyachali &#8211; Ofra Haza<\/a><\/div>\n","protected":false},"excerpt":{"rendered":"<p>Ofra Haza \u05e2\u05e4\u05e8\u05d4 \u05d7\u05d6\u05d4, cuyo verdadero nombre es Bat-Sheva Ofra Haza, nacida el 19 de noviembre de 1957 en Tel Aviv y fallecida el 23 de febrero de 2000 en<\/p>\n","protected":false},"author":1052,"featured_media":88420,"comment_status":"closed","ping_status":"closed","sticky":false,"template":"","format":"standard","meta":{"_acf_changed":false,"footnotes":""},"categories":[1417],"tags":[],"technique":[],"squelettes":[],"sujet":[2135],"formation":[],"genre":[1881],"fonds":[],"tradition":[],"type-de-contenu":[],"interprete-compositeur":[3276],"frise":[],"type-devenement":[],"tableaux-liens-externes":[],"class_list":["post-88419","post","type-post","status-publish","format-standard","has-post-thumbnail","hentry","category-biografias-es","sujet-yemen-es","genre-cancion-israeli-es","interprete-compositeur-ofra-haza-es"],"acf":[],"yoast_head":"<!-- This site is optimized with the Yoast SEO plugin v27.3 - https:\/\/yoast.com\/product\/yoast-seo-wordpress\/ -->\n<title>Haza, Ofra (1957-2000) - Institut Europ\u00e9en des Musiques Juives<\/title>\n<meta name=\"robots\" content=\"index, follow, max-snippet:-1, max-image-preview:large, max-video-preview:-1\" \/>\n<link rel=\"canonical\" href=\"https:\/\/www.iemj.org\/es\/haza-ofra-1957-2000\/\" \/>\n<meta property=\"og:locale\" content=\"es_ES\" \/>\n<meta property=\"og:type\" content=\"article\" \/>\n<meta property=\"og:title\" content=\"Haza, Ofra (1957-2000) - Institut Europ\u00e9en des Musiques Juives\" \/>\n<meta property=\"og:description\" content=\"Ofra Haza \u05e2\u05e4\u05e8\u05d4 \u05d7\u05d6\u05d4, cuyo verdadero nombre es Bat-Sheva Ofra Haza, nacida el 19 de noviembre de 1957 en Tel Aviv y fallecida el 23 de febrero de 2000 en\" \/>\n<meta property=\"og:url\" content=\"https:\/\/www.iemj.org\/es\/haza-ofra-1957-2000\/\" \/>\n<meta property=\"og:site_name\" content=\"Institut Europ\u00e9en des Musiques Juives\" \/>\n<meta property=\"article:publisher\" content=\"https:\/\/www.facebook.com\/MusiquesJuives\/\" \/>\n<meta property=\"article:published_time\" content=\"2017-08-30T14:09:18+00:00\" \/>\n<meta property=\"article:modified_time\" content=\"2025-09-08T14:15:17+00:00\" \/>\n<meta property=\"og:image\" content=\"https:\/\/www.iemj.org\/wp-content\/uploads\/2017\/08\/arton2433-e1617024719914.jpg\" \/>\n\t<meta property=\"og:image:width\" content=\"220\" \/>\n\t<meta property=\"og:image:height\" content=\"218\" \/>\n\t<meta property=\"og:image:type\" content=\"image\/jpeg\" \/>\n<meta name=\"author\" content=\"Lea Couderc\" \/>\n<meta name=\"twitter:card\" content=\"summary_large_image\" \/>\n<meta name=\"twitter:label1\" content=\"Escrito por\" \/>\n\t<meta name=\"twitter:data1\" content=\"Lea Couderc\" \/>\n\t<meta name=\"twitter:label2\" content=\"Tiempo de lectura\" \/>\n\t<meta name=\"twitter:data2\" content=\"3 minutos\" \/>\n<script type=\"application\/ld+json\" class=\"yoast-schema-graph\">{\"@context\":\"https:\\\/\\\/schema.org\",\"@graph\":[{\"@type\":\"Article\",\"@id\":\"https:\\\/\\\/www.iemj.org\\\/es\\\/haza-ofra-1957-2000\\\/#article\",\"isPartOf\":{\"@id\":\"https:\\\/\\\/www.iemj.org\\\/es\\\/haza-ofra-1957-2000\\\/\"},\"author\":{\"name\":\"Lea Couderc\",\"@id\":\"https:\\\/\\\/www.iemj.org\\\/es\\\/#\\\/schema\\\/person\\\/e2ad57f2c4be119c7ed8ab79036807a9\"},\"headline\":\"Haza, Ofra (1957-2000)\",\"datePublished\":\"2017-08-30T14:09:18+00:00\",\"dateModified\":\"2025-09-08T14:15:17+00:00\",\"mainEntityOfPage\":{\"@id\":\"https:\\\/\\\/www.iemj.org\\\/es\\\/haza-ofra-1957-2000\\\/\"},\"wordCount\":343,\"publisher\":{\"@id\":\"https:\\\/\\\/www.iemj.org\\\/es\\\/#organization\"},\"image\":{\"@id\":\"https:\\\/\\\/www.iemj.org\\\/es\\\/haza-ofra-1957-2000\\\/#primaryimage\"},\"thumbnailUrl\":\"https:\\\/\\\/www.iemj.org\\\/wp-content\\\/uploads\\\/2017\\\/08\\\/arton2433-e1617024719914.jpg\",\"articleSection\":[\"Biograf\u00edas\"],\"inLanguage\":\"es\"},{\"@type\":\"WebPage\",\"@id\":\"https:\\\/\\\/www.iemj.org\\\/es\\\/haza-ofra-1957-2000\\\/\",\"url\":\"https:\\\/\\\/www.iemj.org\\\/es\\\/haza-ofra-1957-2000\\\/\",\"name\":\"Haza, Ofra (1957-2000) - Institut Europ\u00e9en des Musiques Juives\",\"isPartOf\":{\"@id\":\"https:\\\/\\\/www.iemj.org\\\/es\\\/#website\"},\"primaryImageOfPage\":{\"@id\":\"https:\\\/\\\/www.iemj.org\\\/es\\\/haza-ofra-1957-2000\\\/#primaryimage\"},\"image\":{\"@id\":\"https:\\\/\\\/www.iemj.org\\\/es\\\/haza-ofra-1957-2000\\\/#primaryimage\"},\"thumbnailUrl\":\"https:\\\/\\\/www.iemj.org\\\/wp-content\\\/uploads\\\/2017\\\/08\\\/arton2433-e1617024719914.jpg\",\"datePublished\":\"2017-08-30T14:09:18+00:00\",\"dateModified\":\"2025-09-08T14:15:17+00:00\",\"breadcrumb\":{\"@id\":\"https:\\\/\\\/www.iemj.org\\\/es\\\/haza-ofra-1957-2000\\\/#breadcrumb\"},\"inLanguage\":\"es\",\"potentialAction\":[{\"@type\":\"ReadAction\",\"target\":[\"https:\\\/\\\/www.iemj.org\\\/es\\\/haza-ofra-1957-2000\\\/\"]}]},{\"@type\":\"ImageObject\",\"inLanguage\":\"es\",\"@id\":\"https:\\\/\\\/www.iemj.org\\\/es\\\/haza-ofra-1957-2000\\\/#primaryimage\",\"url\":\"https:\\\/\\\/www.iemj.org\\\/wp-content\\\/uploads\\\/2017\\\/08\\\/arton2433-e1617024719914.jpg\",\"contentUrl\":\"https:\\\/\\\/www.iemj.org\\\/wp-content\\\/uploads\\\/2017\\\/08\\\/arton2433-e1617024719914.jpg\",\"width\":220,\"height\":218},{\"@type\":\"BreadcrumbList\",\"@id\":\"https:\\\/\\\/www.iemj.org\\\/es\\\/haza-ofra-1957-2000\\\/#breadcrumb\",\"itemListElement\":[{\"@type\":\"ListItem\",\"position\":1,\"name\":\"Accueil\",\"item\":\"https:\\\/\\\/www.iemj.org\\\/es\\\/\"},{\"@type\":\"ListItem\",\"position\":2,\"name\":\"Haza, Ofra (1957-2000)\"}]},{\"@type\":\"WebSite\",\"@id\":\"https:\\\/\\\/www.iemj.org\\\/es\\\/#website\",\"url\":\"https:\\\/\\\/www.iemj.org\\\/es\\\/\",\"name\":\"Institut Europ\u00e9en des Musiques Juives\",\"description\":\"Des traditions musicales \u00e0 la port\u00e9e de tous\",\"publisher\":{\"@id\":\"https:\\\/\\\/www.iemj.org\\\/es\\\/#organization\"},\"potentialAction\":[{\"@type\":\"SearchAction\",\"target\":{\"@type\":\"EntryPoint\",\"urlTemplate\":\"https:\\\/\\\/www.iemj.org\\\/es\\\/?s={search_term_string}\"},\"query-input\":{\"@type\":\"PropertyValueSpecification\",\"valueRequired\":true,\"valueName\":\"search_term_string\"}}],\"inLanguage\":\"es\"},{\"@type\":\"Organization\",\"@id\":\"https:\\\/\\\/www.iemj.org\\\/es\\\/#organization\",\"name\":\"Institut Europ\u00e9en des Musiques Juives\",\"url\":\"https:\\\/\\\/www.iemj.org\\\/es\\\/\",\"logo\":{\"@type\":\"ImageObject\",\"inLanguage\":\"es\",\"@id\":\"https:\\\/\\\/www.iemj.org\\\/es\\\/#\\\/schema\\\/logo\\\/image\\\/\",\"url\":\"https:\\\/\\\/www.iemj.org\\\/wp-content\\\/uploads\\\/2021\\\/09\\\/Logo-IEMJ-Paypal.jpg\",\"contentUrl\":\"https:\\\/\\\/www.iemj.org\\\/wp-content\\\/uploads\\\/2021\\\/09\\\/Logo-IEMJ-Paypal.jpg\",\"width\":150,\"height\":50,\"caption\":\"Institut Europ\u00e9en des Musiques Juives\"},\"image\":{\"@id\":\"https:\\\/\\\/www.iemj.org\\\/es\\\/#\\\/schema\\\/logo\\\/image\\\/\"},\"sameAs\":[\"https:\\\/\\\/www.facebook.com\\\/MusiquesJuives\\\/\",\"https:\\\/\\\/www.instagram.com\\\/musiquesjuives\\\/\",\"https:\\\/\\\/www.youtube.com\\\/user\\\/musiquesjuives\"]},{\"@type\":\"Person\",\"@id\":\"https:\\\/\\\/www.iemj.org\\\/es\\\/#\\\/schema\\\/person\\\/e2ad57f2c4be119c7ed8ab79036807a9\",\"name\":\"Lea Couderc\",\"image\":{\"@type\":\"ImageObject\",\"inLanguage\":\"es\",\"@id\":\"https:\\\/\\\/secure.gravatar.com\\\/avatar\\\/46ee021475d60aeff17a7e490b79dea5a5684bb392ab7fd1494027411df8ba23?s=96&d=mm&r=g\",\"url\":\"https:\\\/\\\/secure.gravatar.com\\\/avatar\\\/46ee021475d60aeff17a7e490b79dea5a5684bb392ab7fd1494027411df8ba23?s=96&d=mm&r=g\",\"contentUrl\":\"https:\\\/\\\/secure.gravatar.com\\\/avatar\\\/46ee021475d60aeff17a7e490b79dea5a5684bb392ab7fd1494027411df8ba23?s=96&d=mm&r=g\",\"caption\":\"Lea Couderc\"}}]}<\/script>\n<!-- \/ Yoast SEO plugin. -->","yoast_head_json":{"title":"Haza, Ofra (1957-2000) - Institut Europ\u00e9en des Musiques Juives","robots":{"index":"index","follow":"follow","max-snippet":"max-snippet:-1","max-image-preview":"max-image-preview:large","max-video-preview":"max-video-preview:-1"},"canonical":"https:\/\/www.iemj.org\/es\/haza-ofra-1957-2000\/","og_locale":"es_ES","og_type":"article","og_title":"Haza, Ofra (1957-2000) - Institut Europ\u00e9en des Musiques Juives","og_description":"Ofra Haza \u05e2\u05e4\u05e8\u05d4 \u05d7\u05d6\u05d4, cuyo verdadero nombre es Bat-Sheva Ofra Haza, nacida el 19 de noviembre de 1957 en Tel Aviv y fallecida el 23 de febrero de 2000 en","og_url":"https:\/\/www.iemj.org\/es\/haza-ofra-1957-2000\/","og_site_name":"Institut Europ\u00e9en des Musiques Juives","article_publisher":"https:\/\/www.facebook.com\/MusiquesJuives\/","article_published_time":"2017-08-30T14:09:18+00:00","article_modified_time":"2025-09-08T14:15:17+00:00","og_image":[{"width":220,"height":218,"url":"https:\/\/www.iemj.org\/wp-content\/uploads\/2017\/08\/arton2433-e1617024719914.jpg","type":"image\/jpeg"}],"author":"Lea Couderc","twitter_card":"summary_large_image","twitter_misc":{"Escrito por":"Lea Couderc","Tiempo de lectura":"3 minutos"},"schema":{"@context":"https:\/\/schema.org","@graph":[{"@type":"Article","@id":"https:\/\/www.iemj.org\/es\/haza-ofra-1957-2000\/#article","isPartOf":{"@id":"https:\/\/www.iemj.org\/es\/haza-ofra-1957-2000\/"},"author":{"name":"Lea Couderc","@id":"https:\/\/www.iemj.org\/es\/#\/schema\/person\/e2ad57f2c4be119c7ed8ab79036807a9"},"headline":"Haza, Ofra (1957-2000)","datePublished":"2017-08-30T14:09:18+00:00","dateModified":"2025-09-08T14:15:17+00:00","mainEntityOfPage":{"@id":"https:\/\/www.iemj.org\/es\/haza-ofra-1957-2000\/"},"wordCount":343,"publisher":{"@id":"https:\/\/www.iemj.org\/es\/#organization"},"image":{"@id":"https:\/\/www.iemj.org\/es\/haza-ofra-1957-2000\/#primaryimage"},"thumbnailUrl":"https:\/\/www.iemj.org\/wp-content\/uploads\/2017\/08\/arton2433-e1617024719914.jpg","articleSection":["Biograf\u00edas"],"inLanguage":"es"},{"@type":"WebPage","@id":"https:\/\/www.iemj.org\/es\/haza-ofra-1957-2000\/","url":"https:\/\/www.iemj.org\/es\/haza-ofra-1957-2000\/","name":"Haza, Ofra (1957-2000) - Institut Europ\u00e9en des Musiques Juives","isPartOf":{"@id":"https:\/\/www.iemj.org\/es\/#website"},"primaryImageOfPage":{"@id":"https:\/\/www.iemj.org\/es\/haza-ofra-1957-2000\/#primaryimage"},"image":{"@id":"https:\/\/www.iemj.org\/es\/haza-ofra-1957-2000\/#primaryimage"},"thumbnailUrl":"https:\/\/www.iemj.org\/wp-content\/uploads\/2017\/08\/arton2433-e1617024719914.jpg","datePublished":"2017-08-30T14:09:18+00:00","dateModified":"2025-09-08T14:15:17+00:00","breadcrumb":{"@id":"https:\/\/www.iemj.org\/es\/haza-ofra-1957-2000\/#breadcrumb"},"inLanguage":"es","potentialAction":[{"@type":"ReadAction","target":["https:\/\/www.iemj.org\/es\/haza-ofra-1957-2000\/"]}]},{"@type":"ImageObject","inLanguage":"es","@id":"https:\/\/www.iemj.org\/es\/haza-ofra-1957-2000\/#primaryimage","url":"https:\/\/www.iemj.org\/wp-content\/uploads\/2017\/08\/arton2433-e1617024719914.jpg","contentUrl":"https:\/\/www.iemj.org\/wp-content\/uploads\/2017\/08\/arton2433-e1617024719914.jpg","width":220,"height":218},{"@type":"BreadcrumbList","@id":"https:\/\/www.iemj.org\/es\/haza-ofra-1957-2000\/#breadcrumb","itemListElement":[{"@type":"ListItem","position":1,"name":"Accueil","item":"https:\/\/www.iemj.org\/es\/"},{"@type":"ListItem","position":2,"name":"Haza, Ofra (1957-2000)"}]},{"@type":"WebSite","@id":"https:\/\/www.iemj.org\/es\/#website","url":"https:\/\/www.iemj.org\/es\/","name":"Institut Europ\u00e9en des Musiques Juives","description":"Des traditions musicales \u00e0 la port\u00e9e de tous","publisher":{"@id":"https:\/\/www.iemj.org\/es\/#organization"},"potentialAction":[{"@type":"SearchAction","target":{"@type":"EntryPoint","urlTemplate":"https:\/\/www.iemj.org\/es\/?s={search_term_string}"},"query-input":{"@type":"PropertyValueSpecification","valueRequired":true,"valueName":"search_term_string"}}],"inLanguage":"es"},{"@type":"Organization","@id":"https:\/\/www.iemj.org\/es\/#organization","name":"Institut Europ\u00e9en des Musiques Juives","url":"https:\/\/www.iemj.org\/es\/","logo":{"@type":"ImageObject","inLanguage":"es","@id":"https:\/\/www.iemj.org\/es\/#\/schema\/logo\/image\/","url":"https:\/\/www.iemj.org\/wp-content\/uploads\/2021\/09\/Logo-IEMJ-Paypal.jpg","contentUrl":"https:\/\/www.iemj.org\/wp-content\/uploads\/2021\/09\/Logo-IEMJ-Paypal.jpg","width":150,"height":50,"caption":"Institut Europ\u00e9en des Musiques Juives"},"image":{"@id":"https:\/\/www.iemj.org\/es\/#\/schema\/logo\/image\/"},"sameAs":["https:\/\/www.facebook.com\/MusiquesJuives\/","https:\/\/www.instagram.com\/musiquesjuives\/","https:\/\/www.youtube.com\/user\/musiquesjuives"]},{"@type":"Person","@id":"https:\/\/www.iemj.org\/es\/#\/schema\/person\/e2ad57f2c4be119c7ed8ab79036807a9","name":"Lea Couderc","image":{"@type":"ImageObject","inLanguage":"es","@id":"https:\/\/secure.gravatar.com\/avatar\/46ee021475d60aeff17a7e490b79dea5a5684bb392ab7fd1494027411df8ba23?s=96&d=mm&r=g","url":"https:\/\/secure.gravatar.com\/avatar\/46ee021475d60aeff17a7e490b79dea5a5684bb392ab7fd1494027411df8ba23?s=96&d=mm&r=g","contentUrl":"https:\/\/secure.gravatar.com\/avatar\/46ee021475d60aeff17a7e490b79dea5a5684bb392ab7fd1494027411df8ba23?s=96&d=mm&r=g","caption":"Lea Couderc"}}]}},"_links":{"self":[{"href":"https:\/\/www.iemj.org\/es\/wp-json\/wp\/v2\/posts\/88419","targetHints":{"allow":["GET"]}}],"collection":[{"href":"https:\/\/www.iemj.org\/es\/wp-json\/wp\/v2\/posts"}],"about":[{"href":"https:\/\/www.iemj.org\/es\/wp-json\/wp\/v2\/types\/post"}],"author":[{"embeddable":true,"href":"https:\/\/www.iemj.org\/es\/wp-json\/wp\/v2\/users\/1052"}],"replies":[{"embeddable":true,"href":"https:\/\/www.iemj.org\/es\/wp-json\/wp\/v2\/comments?post=88419"}],"version-history":[{"count":0,"href":"https:\/\/www.iemj.org\/es\/wp-json\/wp\/v2\/posts\/88419\/revisions"}],"wp:featuredmedia":[{"embeddable":true,"href":"https:\/\/www.iemj.org\/es\/wp-json\/wp\/v2\/media\/88420"}],"wp:attachment":[{"href":"https:\/\/www.iemj.org\/es\/wp-json\/wp\/v2\/media?parent=88419"}],"wp:term":[{"taxonomy":"category","embeddable":true,"href":"https:\/\/www.iemj.org\/es\/wp-json\/wp\/v2\/categories?post=88419"},{"taxonomy":"post_tag","embeddable":true,"href":"https:\/\/www.iemj.org\/es\/wp-json\/wp\/v2\/tags?post=88419"},{"taxonomy":"technique","embeddable":true,"href":"https:\/\/www.iemj.org\/es\/wp-json\/wp\/v2\/technique?post=88419"},{"taxonomy":"squelettes","embeddable":true,"href":"https:\/\/www.iemj.org\/es\/wp-json\/wp\/v2\/squelettes?post=88419"},{"taxonomy":"sujet","embeddable":true,"href":"https:\/\/www.iemj.org\/es\/wp-json\/wp\/v2\/sujet?post=88419"},{"taxonomy":"formation","embeddable":true,"href":"https:\/\/www.iemj.org\/es\/wp-json\/wp\/v2\/formation?post=88419"},{"taxonomy":"genre","embeddable":true,"href":"https:\/\/www.iemj.org\/es\/wp-json\/wp\/v2\/genre?post=88419"},{"taxonomy":"fonds","embeddable":true,"href":"https:\/\/www.iemj.org\/es\/wp-json\/wp\/v2\/fonds?post=88419"},{"taxonomy":"tradition","embeddable":true,"href":"https:\/\/www.iemj.org\/es\/wp-json\/wp\/v2\/tradition?post=88419"},{"taxonomy":"type-de-contenu","embeddable":true,"href":"https:\/\/www.iemj.org\/es\/wp-json\/wp\/v2\/type-de-contenu?post=88419"},{"taxonomy":"interprete-compositeur","embeddable":true,"href":"https:\/\/www.iemj.org\/es\/wp-json\/wp\/v2\/interprete-compositeur?post=88419"},{"taxonomy":"frise","embeddable":true,"href":"https:\/\/www.iemj.org\/es\/wp-json\/wp\/v2\/frise?post=88419"},{"taxonomy":"type-devenement","embeddable":true,"href":"https:\/\/www.iemj.org\/es\/wp-json\/wp\/v2\/type-devenement?post=88419"},{"taxonomy":"tableaux-liens-externes","embeddable":true,"href":"https:\/\/www.iemj.org\/es\/wp-json\/wp\/v2\/tableaux-liens-externes?post=88419"}],"curies":[{"name":"wp","href":"https:\/\/api.w.org\/{rel}","templated":true}]}}