{"id":88567,"date":"2014-11-06T15:09:15","date_gmt":"2014-11-06T14:09:15","guid":{"rendered":"https:\/\/www.iemj.org\/kandel-harry-1885-1943\/"},"modified":"2025-09-02T09:23:22","modified_gmt":"2025-09-02T07:23:22","slug":"kandel-harry-1885-1943","status":"publish","type":"post","link":"https:\/\/www.iemj.org\/es\/kandel-harry-1885-1943\/","title":{"rendered":"Kandel, Harry (1885-1943)"},"content":{"rendered":"<p class=\"Standard\" style=\"text-align: justify; text-justify: inter-ideograph;\"><span lang=\"ES\">Harry Kandel (1885 Le\u00f3polis Galitzia \u2013 1943 Filadelfia, Estados Unidos) fue uno de los pioneros en la m\u00fasica klezmer en Estados Unidos, la m\u00fasica de baile tradicional de los Jud\u00edos de Europa Central. Con su orquesta, que constaba de cornetas, cuatro violines, una flauta, una viola, un tromb\u00f3n, una tuba, un piano, un xil\u00f3fono, y \u00e9l tocaba clarinete, grab\u00f3 muchas piezas exitosas entre 1916 y 1927, y especialmente la muy famosa \u201cA Nakht in Gartn Eydn\u201d. En 1926, grab\u00f3 un popurr\u00ed incluyendo otra pieza muy conocida \u201cDer Shtiler Bulgar\u201d, que fue recapitulada por Ziggy Elman bajo el t\u00edtulo \u201cFralich in Swing\u201d y por Benny Goodman bajo el nombre de \u201cAnd the Angels Sing\u201d.<\/span><\/p>\n<p class=\"Standard\" style=\"text-align: justify; text-justify: inter-ideograph;\"><span lang=\"ES\">\u00danico miembro de una familia de comerciantes de madera en tener talento musical, Kandel estudi\u00f3 en el Conservatorio de M\u00fasica de Odesa, antes de ingresar a la orquesta del ej\u00e9rcito del zar. En 1905, emigr\u00f3 a Estados Unidos donde se instal\u00f3 primero en Nueva York. Como clarinetista del Great Lafayette Band, toc\u00f3 durante giras del music-hall Keith-Orpheum, e hizo apariciones en el Buffalo Bill&#8217;s Wild West Show.<\/span><\/p>\n<p class=\"Standard\" style=\"text-align: justify; text-justify: inter-ideograph;\"><span lang=\"ES\">Mudando a Filadelfia en 1913, particip\u00f3 en diversos conciertos acompa\u00f1ado de la orquesta de John Philip Sousa en Willow Grove Park, primer parque de atracciones de Estados Unidos. En 1916, empez\u00f3 como director de orquesta fundando su grupo, el Harry Kandel&#8217;s Famous Inlet Orchestra, en Atlantic City y toc\u00f3, en primer lugar, m\u00fasica americana tradicional. Eso lo llev\u00f3 a conseguir un contrato con el sello discogr\u00e1fico Victor. En 1917, ante el \u00e9xito de la composici\u00f3n de Abe Schwartz \u201cTantz, tantz, Yiddelekh\u201d, Victor le pidi\u00f3 grabar distintas m\u00fasicas klezmer como \u201cA Freylach fun der Khupe\u201d y \u201cOdessa Bulgarish\u201d. Aunque se dedic\u00f3 principalmente a su carrera fonogr\u00e1fica en el sello Victor, realiz\u00f3 muchas grabaciones para otros sellos, como Okeh y Brunswick. En 1918, bajo el seud\u00f3nimo Polska Orkestra Tancowa, grab\u00f3 distintos polcas y mazurcas.<\/span><\/p>\n<p class=\"Standard\" style=\"text-align: justify; text-justify: inter-ideograph;\"><span lang=\"ES\">En 1924, abri\u00f3 una tienda, la People&#8217;s Talking Machine Company Store, a la que va a dedicarse exclusivamente tres a\u00f1os m\u00e1s tarde, dejando as\u00ed toda producci\u00f3n fonogr\u00e1fica. Aunque dej\u00f3 totalmente de grabar, sigui\u00f3 dando algunos conciertos y toc\u00f3 a veces en la radio de Filadelfia WRAX, con ocasi\u00f3n de shows financiados por su tienda.<\/span><\/p>\n<p><a href=\"https:\/\/en.wikipedia.org\/wiki\/Harry_Kandel\" target=\"_blank\" rel=\"noopener\">M\u00e1s sobre Harry Kandel<\/a><\/p>\n<p><a href=\"http:\/\/www.rachelnet.net\/F\/?func=find-c&amp;ccl_term=WRD+%3D+Harry+Kandel&amp;local_base=iemcg\" target=\"_blank\" rel=\"noopener\">Consultar nuestros archivos sobre Harry Kandel<\/a><\/p>\n\n\n<figure class=\"wp-block-embed is-type-rich is-provider-soundcloud wp-block-embed-soundcloud wp-embed-aspect-4-3 wp-has-aspect-ratio\"><div class=\"wp-block-embed__wrapper\">\n<iframe title=\"Harry Kandel by IEMJ\" width=\"640\" height=\"450\" scrolling=\"no\" frameborder=\"no\" src=\"https:\/\/w.soundcloud.com\/player\/?visual=true&#038;url=https%3A%2F%2Fapi.soundcloud.com%2Fplaylists%2F25512007&#038;show_artwork=true&#038;maxheight=960&#038;maxwidth=640\"><\/iframe>\n<\/div><\/figure>\n\n\n\n<figure class=\"wp-block-embed is-type-video is-provider-youtube wp-block-embed-youtube wp-embed-aspect-4-3 wp-has-aspect-ratio\"><div class=\"wp-block-embed__wrapper\">\n<iframe title=\"\u0422\u0451\u0449\u0438\u043d \u0442\u0430\u043d\u0435\u0446 Schwieger Tanz   Kandel&#039;s Orchestra 1921\" width=\"640\" height=\"480\" src=\"https:\/\/www.youtube.com\/embed\/3cMTEWfeOEs?list=PLx_IKco0CteCxaLgrmULmDW0O0vgg7us-\" frameborder=\"0\" allow=\"accelerometer; autoplay; clipboard-write; encrypted-media; gyroscope; picture-in-picture; web-share\" referrerpolicy=\"strict-origin-when-cross-origin\" allowfullscreen><\/iframe>\n<\/div><figcaption class=\"wp-element-caption\">Harry Kandel&#8217;s Orchestra (lista de reproducci\u00f3n de 6 piezas)<\/figcaption><\/figure>\n\n\n\n<h2 class=\"wp-block-heading\"><\/h2>\n\n\n<div class=\"wp-block-image\">\n<figure class=\"aligncenter size-large\"><img fetchpriority=\"high\" decoding=\"async\" width=\"1024\" height=\"133\" src=\"https:\/\/www.iemj.org\/wp-content\/uploads\/2024\/03\/AUDIO-PLAYER-1024x133.png\" alt=\"\" class=\"wp-image-110610\" srcset=\"https:\/\/www.iemj.org\/wp-content\/uploads\/2024\/03\/AUDIO-PLAYER-1024x133.png 1024w, https:\/\/www.iemj.org\/wp-content\/uploads\/2024\/03\/AUDIO-PLAYER-300x39.png 300w, https:\/\/www.iemj.org\/wp-content\/uploads\/2024\/03\/AUDIO-PLAYER-768x100.png 768w, https:\/\/www.iemj.org\/wp-content\/uploads\/2024\/03\/AUDIO-PLAYER-600x78.png 600w, https:\/\/www.iemj.org\/wp-content\/uploads\/2024\/03\/AUDIO-PLAYER.png 1210w\" sizes=\"(max-width: 1024px) 100vw, 1024px\" \/><\/figure>\n<\/div>\n\n\n<div class=\"wp-block-file\"><a id=\"wp-block-file--media-149d90e7-e871-4e81-90f0-a4e678cbf297\" href=\"https:\/\/www.iemj.org\/wp-content\/uploads\/2014\/01\/15_kandel_s_hora.mp3\">Kandel&#8217;s&#8217; hora<\/a><\/div>\n","protected":false},"excerpt":{"rendered":"<p>Harry Kandel (1885 Le\u00f3polis Galitzia \u2013 1943 Filadelfia, Estados Unidos) fue uno de los pioneros en la m\u00fasica klezmer en Estados Unidos, la m\u00fasica de baile tradicional de los Jud\u00edos<\/p>\n","protected":false},"author":1045,"featured_media":51953,"comment_status":"closed","ping_status":"open","sticky":false,"template":"","format":"standard","meta":{"_acf_changed":false,"footnotes":""},"categories":[1417],"tags":[],"technique":[],"squelettes":[],"sujet":[],"formation":[],"genre":[],"fonds":[],"tradition":[],"type-de-contenu":[],"interprete-compositeur":[],"frise":[],"type-devenement":[],"tableaux-liens-externes":[],"class_list":["post-88567","post","type-post","status-publish","format-standard","has-post-thumbnail","hentry","category-biografias-es"],"acf":[],"yoast_head":"<!-- This site is optimized with the Yoast SEO plugin v27.3 - https:\/\/yoast.com\/product\/yoast-seo-wordpress\/ -->\n<title>Kandel, Harry (1885-1943) - Institut Europ\u00e9en des Musiques Juives<\/title>\n<meta name=\"robots\" content=\"index, follow, max-snippet:-1, max-image-preview:large, max-video-preview:-1\" \/>\n<link rel=\"canonical\" href=\"https:\/\/www.iemj.org\/es\/kandel-harry-1885-1943\/\" \/>\n<meta property=\"og:locale\" content=\"es_ES\" \/>\n<meta property=\"og:type\" content=\"article\" \/>\n<meta property=\"og:title\" content=\"Kandel, Harry (1885-1943) - Institut Europ\u00e9en des Musiques Juives\" \/>\n<meta property=\"og:description\" content=\"Harry Kandel (1885 Le\u00f3polis Galitzia \u2013 1943 Filadelfia, Estados Unidos) fue uno de los pioneros en la m\u00fasica klezmer en Estados Unidos, la m\u00fasica de baile tradicional de los Jud\u00edos\" \/>\n<meta property=\"og:url\" content=\"https:\/\/www.iemj.org\/es\/kandel-harry-1885-1943\/\" \/>\n<meta property=\"og:site_name\" content=\"Institut Europ\u00e9en des Musiques Juives\" \/>\n<meta property=\"article:publisher\" content=\"https:\/\/www.facebook.com\/MusiquesJuives\/\" \/>\n<meta property=\"article:published_time\" content=\"2014-11-06T14:09:15+00:00\" \/>\n<meta property=\"article:modified_time\" content=\"2025-09-02T07:23:22+00:00\" \/>\n<meta property=\"og:image\" content=\"https:\/\/www.iemj.org\/wp-content\/uploads\/2014\/11\/arton827-e1625045956941.jpg\" \/>\n\t<meta property=\"og:image:width\" content=\"153\" \/>\n\t<meta property=\"og:image:height\" content=\"218\" \/>\n\t<meta property=\"og:image:type\" content=\"image\/jpeg\" \/>\n<meta name=\"author\" content=\"Herv\u00e9 Roten\" \/>\n<meta name=\"twitter:card\" content=\"summary_large_image\" \/>\n<meta name=\"twitter:label1\" content=\"Escrito por\" \/>\n\t<meta name=\"twitter:data1\" content=\"Herv\u00e9 Roten\" \/>\n\t<meta name=\"twitter:label2\" content=\"Tiempo de lectura\" \/>\n\t<meta name=\"twitter:data2\" content=\"3 minutos\" \/>\n<script type=\"application\/ld+json\" class=\"yoast-schema-graph\">{\"@context\":\"https:\\\/\\\/schema.org\",\"@graph\":[{\"@type\":\"Article\",\"@id\":\"https:\\\/\\\/www.iemj.org\\\/es\\\/kandel-harry-1885-1943\\\/#article\",\"isPartOf\":{\"@id\":\"https:\\\/\\\/www.iemj.org\\\/es\\\/kandel-harry-1885-1943\\\/\"},\"author\":{\"name\":\"Herv\u00e9 Roten\",\"@id\":\"https:\\\/\\\/www.iemj.org\\\/es\\\/#\\\/schema\\\/person\\\/906134402c29d5c76e7b726261dd4bbd\"},\"headline\":\"Kandel, Harry (1885-1943)\",\"datePublished\":\"2014-11-06T14:09:15+00:00\",\"dateModified\":\"2025-09-02T07:23:22+00:00\",\"mainEntityOfPage\":{\"@id\":\"https:\\\/\\\/www.iemj.org\\\/es\\\/kandel-harry-1885-1943\\\/\"},\"wordCount\":422,\"publisher\":{\"@id\":\"https:\\\/\\\/www.iemj.org\\\/es\\\/#organization\"},\"image\":{\"@id\":\"https:\\\/\\\/www.iemj.org\\\/es\\\/kandel-harry-1885-1943\\\/#primaryimage\"},\"thumbnailUrl\":\"https:\\\/\\\/www.iemj.org\\\/wp-content\\\/uploads\\\/2014\\\/11\\\/arton827-e1625045956941.jpg\",\"articleSection\":[\"Biograf\u00edas\"],\"inLanguage\":\"es\"},{\"@type\":\"WebPage\",\"@id\":\"https:\\\/\\\/www.iemj.org\\\/es\\\/kandel-harry-1885-1943\\\/\",\"url\":\"https:\\\/\\\/www.iemj.org\\\/es\\\/kandel-harry-1885-1943\\\/\",\"name\":\"Kandel, Harry (1885-1943) - Institut Europ\u00e9en des Musiques Juives\",\"isPartOf\":{\"@id\":\"https:\\\/\\\/www.iemj.org\\\/es\\\/#website\"},\"primaryImageOfPage\":{\"@id\":\"https:\\\/\\\/www.iemj.org\\\/es\\\/kandel-harry-1885-1943\\\/#primaryimage\"},\"image\":{\"@id\":\"https:\\\/\\\/www.iemj.org\\\/es\\\/kandel-harry-1885-1943\\\/#primaryimage\"},\"thumbnailUrl\":\"https:\\\/\\\/www.iemj.org\\\/wp-content\\\/uploads\\\/2014\\\/11\\\/arton827-e1625045956941.jpg\",\"datePublished\":\"2014-11-06T14:09:15+00:00\",\"dateModified\":\"2025-09-02T07:23:22+00:00\",\"breadcrumb\":{\"@id\":\"https:\\\/\\\/www.iemj.org\\\/es\\\/kandel-harry-1885-1943\\\/#breadcrumb\"},\"inLanguage\":\"es\",\"potentialAction\":[{\"@type\":\"ReadAction\",\"target\":[\"https:\\\/\\\/www.iemj.org\\\/es\\\/kandel-harry-1885-1943\\\/\"]}]},{\"@type\":\"ImageObject\",\"inLanguage\":\"es\",\"@id\":\"https:\\\/\\\/www.iemj.org\\\/es\\\/kandel-harry-1885-1943\\\/#primaryimage\",\"url\":\"https:\\\/\\\/www.iemj.org\\\/wp-content\\\/uploads\\\/2014\\\/11\\\/arton827-e1625045956941.jpg\",\"contentUrl\":\"https:\\\/\\\/www.iemj.org\\\/wp-content\\\/uploads\\\/2014\\\/11\\\/arton827-e1625045956941.jpg\",\"width\":153,\"height\":218},{\"@type\":\"BreadcrumbList\",\"@id\":\"https:\\\/\\\/www.iemj.org\\\/es\\\/kandel-harry-1885-1943\\\/#breadcrumb\",\"itemListElement\":[{\"@type\":\"ListItem\",\"position\":1,\"name\":\"Accueil\",\"item\":\"https:\\\/\\\/www.iemj.org\\\/es\\\/\"},{\"@type\":\"ListItem\",\"position\":2,\"name\":\"Kandel, Harry (1885-1943)\"}]},{\"@type\":\"WebSite\",\"@id\":\"https:\\\/\\\/www.iemj.org\\\/es\\\/#website\",\"url\":\"https:\\\/\\\/www.iemj.org\\\/es\\\/\",\"name\":\"Institut Europ\u00e9en des Musiques Juives\",\"description\":\"Des traditions musicales \u00e0 la port\u00e9e de tous\",\"publisher\":{\"@id\":\"https:\\\/\\\/www.iemj.org\\\/es\\\/#organization\"},\"potentialAction\":[{\"@type\":\"SearchAction\",\"target\":{\"@type\":\"EntryPoint\",\"urlTemplate\":\"https:\\\/\\\/www.iemj.org\\\/es\\\/?s={search_term_string}\"},\"query-input\":{\"@type\":\"PropertyValueSpecification\",\"valueRequired\":true,\"valueName\":\"search_term_string\"}}],\"inLanguage\":\"es\"},{\"@type\":\"Organization\",\"@id\":\"https:\\\/\\\/www.iemj.org\\\/es\\\/#organization\",\"name\":\"Institut Europ\u00e9en des Musiques Juives\",\"url\":\"https:\\\/\\\/www.iemj.org\\\/es\\\/\",\"logo\":{\"@type\":\"ImageObject\",\"inLanguage\":\"es\",\"@id\":\"https:\\\/\\\/www.iemj.org\\\/es\\\/#\\\/schema\\\/logo\\\/image\\\/\",\"url\":\"https:\\\/\\\/www.iemj.org\\\/wp-content\\\/uploads\\\/2021\\\/09\\\/Logo-IEMJ-Paypal.jpg\",\"contentUrl\":\"https:\\\/\\\/www.iemj.org\\\/wp-content\\\/uploads\\\/2021\\\/09\\\/Logo-IEMJ-Paypal.jpg\",\"width\":150,\"height\":50,\"caption\":\"Institut Europ\u00e9en des Musiques Juives\"},\"image\":{\"@id\":\"https:\\\/\\\/www.iemj.org\\\/es\\\/#\\\/schema\\\/logo\\\/image\\\/\"},\"sameAs\":[\"https:\\\/\\\/www.facebook.com\\\/MusiquesJuives\\\/\",\"https:\\\/\\\/www.instagram.com\\\/musiquesjuives\\\/\",\"https:\\\/\\\/www.youtube.com\\\/user\\\/musiquesjuives\"]},{\"@type\":\"Person\",\"@id\":\"https:\\\/\\\/www.iemj.org\\\/es\\\/#\\\/schema\\\/person\\\/906134402c29d5c76e7b726261dd4bbd\",\"name\":\"Herv\u00e9 Roten\",\"image\":{\"@type\":\"ImageObject\",\"inLanguage\":\"es\",\"@id\":\"https:\\\/\\\/secure.gravatar.com\\\/avatar\\\/f96ad2db538a26481f18384936b5cd0610c92d390c4dc382209216d455f685ff?s=96&d=mm&r=g\",\"url\":\"https:\\\/\\\/secure.gravatar.com\\\/avatar\\\/f96ad2db538a26481f18384936b5cd0610c92d390c4dc382209216d455f685ff?s=96&d=mm&r=g\",\"contentUrl\":\"https:\\\/\\\/secure.gravatar.com\\\/avatar\\\/f96ad2db538a26481f18384936b5cd0610c92d390c4dc382209216d455f685ff?s=96&d=mm&r=g\",\"caption\":\"Herv\u00e9 Roten\"}}]}<\/script>\n<!-- \/ Yoast SEO plugin. -->","yoast_head_json":{"title":"Kandel, Harry (1885-1943) - Institut Europ\u00e9en des Musiques Juives","robots":{"index":"index","follow":"follow","max-snippet":"max-snippet:-1","max-image-preview":"max-image-preview:large","max-video-preview":"max-video-preview:-1"},"canonical":"https:\/\/www.iemj.org\/es\/kandel-harry-1885-1943\/","og_locale":"es_ES","og_type":"article","og_title":"Kandel, Harry (1885-1943) - Institut Europ\u00e9en des Musiques Juives","og_description":"Harry Kandel (1885 Le\u00f3polis Galitzia \u2013 1943 Filadelfia, Estados Unidos) fue uno de los pioneros en la m\u00fasica klezmer en Estados Unidos, la m\u00fasica de baile tradicional de los Jud\u00edos","og_url":"https:\/\/www.iemj.org\/es\/kandel-harry-1885-1943\/","og_site_name":"Institut Europ\u00e9en des Musiques Juives","article_publisher":"https:\/\/www.facebook.com\/MusiquesJuives\/","article_published_time":"2014-11-06T14:09:15+00:00","article_modified_time":"2025-09-02T07:23:22+00:00","og_image":[{"width":153,"height":218,"url":"https:\/\/www.iemj.org\/wp-content\/uploads\/2014\/11\/arton827-e1625045956941.jpg","type":"image\/jpeg"}],"author":"Herv\u00e9 Roten","twitter_card":"summary_large_image","twitter_misc":{"Escrito por":"Herv\u00e9 Roten","Tiempo de lectura":"3 minutos"},"schema":{"@context":"https:\/\/schema.org","@graph":[{"@type":"Article","@id":"https:\/\/www.iemj.org\/es\/kandel-harry-1885-1943\/#article","isPartOf":{"@id":"https:\/\/www.iemj.org\/es\/kandel-harry-1885-1943\/"},"author":{"name":"Herv\u00e9 Roten","@id":"https:\/\/www.iemj.org\/es\/#\/schema\/person\/906134402c29d5c76e7b726261dd4bbd"},"headline":"Kandel, Harry (1885-1943)","datePublished":"2014-11-06T14:09:15+00:00","dateModified":"2025-09-02T07:23:22+00:00","mainEntityOfPage":{"@id":"https:\/\/www.iemj.org\/es\/kandel-harry-1885-1943\/"},"wordCount":422,"publisher":{"@id":"https:\/\/www.iemj.org\/es\/#organization"},"image":{"@id":"https:\/\/www.iemj.org\/es\/kandel-harry-1885-1943\/#primaryimage"},"thumbnailUrl":"https:\/\/www.iemj.org\/wp-content\/uploads\/2014\/11\/arton827-e1625045956941.jpg","articleSection":["Biograf\u00edas"],"inLanguage":"es"},{"@type":"WebPage","@id":"https:\/\/www.iemj.org\/es\/kandel-harry-1885-1943\/","url":"https:\/\/www.iemj.org\/es\/kandel-harry-1885-1943\/","name":"Kandel, Harry (1885-1943) - Institut Europ\u00e9en des Musiques Juives","isPartOf":{"@id":"https:\/\/www.iemj.org\/es\/#website"},"primaryImageOfPage":{"@id":"https:\/\/www.iemj.org\/es\/kandel-harry-1885-1943\/#primaryimage"},"image":{"@id":"https:\/\/www.iemj.org\/es\/kandel-harry-1885-1943\/#primaryimage"},"thumbnailUrl":"https:\/\/www.iemj.org\/wp-content\/uploads\/2014\/11\/arton827-e1625045956941.jpg","datePublished":"2014-11-06T14:09:15+00:00","dateModified":"2025-09-02T07:23:22+00:00","breadcrumb":{"@id":"https:\/\/www.iemj.org\/es\/kandel-harry-1885-1943\/#breadcrumb"},"inLanguage":"es","potentialAction":[{"@type":"ReadAction","target":["https:\/\/www.iemj.org\/es\/kandel-harry-1885-1943\/"]}]},{"@type":"ImageObject","inLanguage":"es","@id":"https:\/\/www.iemj.org\/es\/kandel-harry-1885-1943\/#primaryimage","url":"https:\/\/www.iemj.org\/wp-content\/uploads\/2014\/11\/arton827-e1625045956941.jpg","contentUrl":"https:\/\/www.iemj.org\/wp-content\/uploads\/2014\/11\/arton827-e1625045956941.jpg","width":153,"height":218},{"@type":"BreadcrumbList","@id":"https:\/\/www.iemj.org\/es\/kandel-harry-1885-1943\/#breadcrumb","itemListElement":[{"@type":"ListItem","position":1,"name":"Accueil","item":"https:\/\/www.iemj.org\/es\/"},{"@type":"ListItem","position":2,"name":"Kandel, Harry (1885-1943)"}]},{"@type":"WebSite","@id":"https:\/\/www.iemj.org\/es\/#website","url":"https:\/\/www.iemj.org\/es\/","name":"Institut Europ\u00e9en des Musiques Juives","description":"Des traditions musicales \u00e0 la port\u00e9e de tous","publisher":{"@id":"https:\/\/www.iemj.org\/es\/#organization"},"potentialAction":[{"@type":"SearchAction","target":{"@type":"EntryPoint","urlTemplate":"https:\/\/www.iemj.org\/es\/?s={search_term_string}"},"query-input":{"@type":"PropertyValueSpecification","valueRequired":true,"valueName":"search_term_string"}}],"inLanguage":"es"},{"@type":"Organization","@id":"https:\/\/www.iemj.org\/es\/#organization","name":"Institut Europ\u00e9en des Musiques Juives","url":"https:\/\/www.iemj.org\/es\/","logo":{"@type":"ImageObject","inLanguage":"es","@id":"https:\/\/www.iemj.org\/es\/#\/schema\/logo\/image\/","url":"https:\/\/www.iemj.org\/wp-content\/uploads\/2021\/09\/Logo-IEMJ-Paypal.jpg","contentUrl":"https:\/\/www.iemj.org\/wp-content\/uploads\/2021\/09\/Logo-IEMJ-Paypal.jpg","width":150,"height":50,"caption":"Institut Europ\u00e9en des Musiques Juives"},"image":{"@id":"https:\/\/www.iemj.org\/es\/#\/schema\/logo\/image\/"},"sameAs":["https:\/\/www.facebook.com\/MusiquesJuives\/","https:\/\/www.instagram.com\/musiquesjuives\/","https:\/\/www.youtube.com\/user\/musiquesjuives"]},{"@type":"Person","@id":"https:\/\/www.iemj.org\/es\/#\/schema\/person\/906134402c29d5c76e7b726261dd4bbd","name":"Herv\u00e9 Roten","image":{"@type":"ImageObject","inLanguage":"es","@id":"https:\/\/secure.gravatar.com\/avatar\/f96ad2db538a26481f18384936b5cd0610c92d390c4dc382209216d455f685ff?s=96&d=mm&r=g","url":"https:\/\/secure.gravatar.com\/avatar\/f96ad2db538a26481f18384936b5cd0610c92d390c4dc382209216d455f685ff?s=96&d=mm&r=g","contentUrl":"https:\/\/secure.gravatar.com\/avatar\/f96ad2db538a26481f18384936b5cd0610c92d390c4dc382209216d455f685ff?s=96&d=mm&r=g","caption":"Herv\u00e9 Roten"}}]}},"_links":{"self":[{"href":"https:\/\/www.iemj.org\/es\/wp-json\/wp\/v2\/posts\/88567","targetHints":{"allow":["GET"]}}],"collection":[{"href":"https:\/\/www.iemj.org\/es\/wp-json\/wp\/v2\/posts"}],"about":[{"href":"https:\/\/www.iemj.org\/es\/wp-json\/wp\/v2\/types\/post"}],"author":[{"embeddable":true,"href":"https:\/\/www.iemj.org\/es\/wp-json\/wp\/v2\/users\/1045"}],"replies":[{"embeddable":true,"href":"https:\/\/www.iemj.org\/es\/wp-json\/wp\/v2\/comments?post=88567"}],"version-history":[{"count":0,"href":"https:\/\/www.iemj.org\/es\/wp-json\/wp\/v2\/posts\/88567\/revisions"}],"wp:featuredmedia":[{"embeddable":true,"href":"https:\/\/www.iemj.org\/es\/wp-json\/wp\/v2\/media\/51953"}],"wp:attachment":[{"href":"https:\/\/www.iemj.org\/es\/wp-json\/wp\/v2\/media?parent=88567"}],"wp:term":[{"taxonomy":"category","embeddable":true,"href":"https:\/\/www.iemj.org\/es\/wp-json\/wp\/v2\/categories?post=88567"},{"taxonomy":"post_tag","embeddable":true,"href":"https:\/\/www.iemj.org\/es\/wp-json\/wp\/v2\/tags?post=88567"},{"taxonomy":"technique","embeddable":true,"href":"https:\/\/www.iemj.org\/es\/wp-json\/wp\/v2\/technique?post=88567"},{"taxonomy":"squelettes","embeddable":true,"href":"https:\/\/www.iemj.org\/es\/wp-json\/wp\/v2\/squelettes?post=88567"},{"taxonomy":"sujet","embeddable":true,"href":"https:\/\/www.iemj.org\/es\/wp-json\/wp\/v2\/sujet?post=88567"},{"taxonomy":"formation","embeddable":true,"href":"https:\/\/www.iemj.org\/es\/wp-json\/wp\/v2\/formation?post=88567"},{"taxonomy":"genre","embeddable":true,"href":"https:\/\/www.iemj.org\/es\/wp-json\/wp\/v2\/genre?post=88567"},{"taxonomy":"fonds","embeddable":true,"href":"https:\/\/www.iemj.org\/es\/wp-json\/wp\/v2\/fonds?post=88567"},{"taxonomy":"tradition","embeddable":true,"href":"https:\/\/www.iemj.org\/es\/wp-json\/wp\/v2\/tradition?post=88567"},{"taxonomy":"type-de-contenu","embeddable":true,"href":"https:\/\/www.iemj.org\/es\/wp-json\/wp\/v2\/type-de-contenu?post=88567"},{"taxonomy":"interprete-compositeur","embeddable":true,"href":"https:\/\/www.iemj.org\/es\/wp-json\/wp\/v2\/interprete-compositeur?post=88567"},{"taxonomy":"frise","embeddable":true,"href":"https:\/\/www.iemj.org\/es\/wp-json\/wp\/v2\/frise?post=88567"},{"taxonomy":"type-devenement","embeddable":true,"href":"https:\/\/www.iemj.org\/es\/wp-json\/wp\/v2\/type-devenement?post=88567"},{"taxonomy":"tableaux-liens-externes","embeddable":true,"href":"https:\/\/www.iemj.org\/es\/wp-json\/wp\/v2\/tableaux-liens-externes?post=88567"}],"curies":[{"name":"wp","href":"https:\/\/api.w.org\/{rel}","templated":true}]}}