{"id":88595,"date":"2016-05-18T17:16:36","date_gmt":"2016-05-18T15:16:36","guid":{"rendered":"https:\/\/www.iemj.org\/kirch-albert-1918-2016\/"},"modified":"2025-03-24T12:20:25","modified_gmt":"2025-03-24T11:20:25","slug":"kirch-albert-1918-2016","status":"publish","type":"post","link":"https:\/\/www.iemj.org\/es\/kirch-albert-1918-2016\/","title":{"rendered":"Kirch, Albert (1918-2016)"},"content":{"rendered":"<p class=\"Standard\" style=\"text-align: justify; text-justify: inter-ideograph;\"><span lang=\"ES\">Fallecido el 18 de abril de 2016 a los 98 a\u00f1os, Albert Kirch fue el cantor de la comunidad de Metz por m\u00e1s de 30 a\u00f1os. Este art\u00edculo fue redactado para rendirle homenaje.<\/span><\/p>\n<h3 class=\"Standard\" style=\"text-align: justify; text-justify: inter-ideograph;\"><b><span lang=\"ES\">Escuchar la entrevista a Albert Kirch por Herv\u00e9 Roten al final de la p\u00e1gina<\/span><\/b><\/h3>\n<p><!--more--><\/p>\n<p class=\"Standard\" style=\"text-align: justify; text-justify: inter-ideograph;\"><span lang=\"ES\">Nacido el 1 de noviembre de 1918 en Varsovia, Albert Kirch (Abraham Kirchenbaum) lleg\u00f3 a Metz (en Francia) a los dos.<\/span><\/p>\n<p class=\"Standard\" style=\"text-align: justify; text-justify: inter-ideograph;\"><span lang=\"ES\">En 1932, obtuvo de manera sobresaliente su certificado de estudios en la Escuela Israelita, avenida Paixhans, luego obtuvo una beca para ingresar a la Escuela Rab\u00ednica de Par\u00eds. En 1938, se uni\u00f3 al Seminario Israelita.<\/span><\/p>\n<p class=\"Standard\" style=\"text-align: justify; text-justify: inter-ideograph;\"><span lang=\"ES\">Durante la guerra, fue movilizado de 1939 a 1942. Perdi\u00f3 gran parte de su familia, asesinada en Auschwitz en 1942.<\/span><\/p>\n<p><img fetchpriority=\"high\" decoding=\"async\" class=\"size-full wp-image-10726 alignright\" src=\"https:\/\/www.iemj.org\/wp-content\/uploads\/2016\/05\/doc_1_kirch500px_plus_petit.jpg\" alt=\"doc_1_kirch500px_plus_petit.jpg\" width=\"325\" height=\"253\" align=\"middle\" srcset=\"https:\/\/www.iemj.org\/wp-content\/uploads\/2016\/05\/doc_1_kirch500px_plus_petit.jpg 325w, https:\/\/www.iemj.org\/wp-content\/uploads\/2016\/05\/doc_1_kirch500px_plus_petit-300x234.jpg 300w\" sizes=\"(max-width: 325px) 100vw, 325px\" \/><\/p>\n<p>D<span lang=\"ES\">esmovilizado en julio de 1942 en Clermont-Ferrand, entr\u00f3 en Resistencia en el Cantal, haciendo principalmente documentaci\u00f3n falsa durante el STO (Servicio del Trabajo Obligatorio).<\/span><\/p>\n<p class=\"Standard\" style=\"text-align: justify; text-justify: inter-ideograph;\"><span lang=\"ES\">Profesor de franc\u00e9s en OSE, de 1945 a 1950, prepar\u00f3 a Elie Wiesel para el baccalaur\u00e9at (bachillerato franc\u00e9s) tras haberle ense\u00f1ado franc\u00e9s.<\/span><\/p>\n<p class=\"Standard\" style=\"text-align: justify; text-justify: inter-ideograph;\"><span lang=\"ES\">En 1950, fue contratado como ministro de oficio en Bruselas y en Metz donde ofici\u00f3 junto con Salomon Binn y Jules Ptachek.<\/span><\/p>\n<p class=\"Standard\" style=\"text-align: justify; text-justify: inter-ideograph;\"><span lang=\"ES\">Obtuvo en 1953 el primer Premio de Canto del Conservatorio nacional de Metz.<\/span><\/p>\n<p class=\"Standard\" style=\"text-align: justify; text-justify: inter-ideograph;\"><span lang=\"ES\">Durante 32 a\u00f1os, Albert Kirch ocup\u00f3 el cargo de primer ministro de oficio de Metz, formando as\u00ed generaciones de alumnos para Talmud Tor\u00e1, entre los que figuran los rabinos actuales importantes de Lyon y de Metz.<\/span><\/p>\n<p class=\"Standard\" style=\"text-align: justify; text-justify: inter-ideograph;\"><span lang=\"ES\">Se fue de Metz en 1982 para vivir un a\u00f1o en Israel. De vuelta a Francia, en 1983, sustituy\u00f3 a su suegro M.Cohen, en P\u00e9rigueux, como ministro del culto, cantor y rabino.<\/span><\/p>\n<p><img decoding=\"async\" class=\"wp-image-10728 alignleft\" src=\"https:\/\/www.iemj.org\/wp-content\/uploads\/2016\/05\/doc_2_kirch500px_et_plus_petit.jpg\" alt=\"doc_2_kirch500px_et_plus_petit.jpg\" width=\"190\" height=\"287\" align=\"right\" srcset=\"https:\/\/www.iemj.org\/wp-content\/uploads\/2016\/05\/doc_2_kirch500px_et_plus_petit.jpg 250w, https:\/\/www.iemj.org\/wp-content\/uploads\/2016\/05\/doc_2_kirch500px_et_plus_petit-199x300.jpg 199w\" sizes=\"(max-width: 190px) 100vw, 190px\" \/>De <span lang=\"ES\">2000 a 2001, sustituy\u00f3 al Rabino Charles Lich\u00e9 en la Sinagoga de la plaza de los Vosgos para las celebraciones importantes.<\/span><\/p>\n<p class=\"Standard\" style=\"text-align: justify; text-justify: inter-ideograph;\"><span lang=\"ES\">A los 96 a\u00f1os, el 20 de octubre de 2014, el Gran Rab\u00ed de Francia, Ha\u00efm Korsia lo design\u00f3 oficialmente Rab\u00ed, es decir 69 a\u00f1os despu\u00e9s de la guerra y la interrupci\u00f3n forzada de sus 7 a\u00f1os de estudios de rabinato, en homenaje a su ense\u00f1anza del juda\u00edsmo y a su transmisi\u00f3n de los valores y de la fe jud\u00edos a generaciones de alumnos y de creyentes.<\/span><\/p>\n<p class=\"Standard\" style=\"text-align: justify; text-justify: inter-ideograph;\"><span lang=\"ES\">Albert Kirch falleci\u00f3 el 18 de abril de 2016. Fue enterrado el d\u00eda siguiente en el cementerio de Cronenbourg, en Estrasburgo.<\/span><\/p>\n<ul>\n<li><a href=\"http:\/\/judaisme.sdv.fr\/histoire\/rabbins\/hazanim\/kirch.htm\" target=\"_blank\" rel=\"noopener\">M\u00e1s informaci\u00f3n sobre Albert Kirch<\/a><\/li>\n<li><a href=\"https:\/\/www.iemj.org\/es\/la-source-de-vie-metz-la-renaissance\/\" target=\"_blank\" rel=\"noopener\">Ver fragmentos del programa la Source de Vie: \u201cMetz : La renaissance\u201d, presentado por Josy Eisenberg<\/a><\/li>\n<li><a href=\"https:\/\/www.iemj.org\/es\/sauvegarde-des-archives-musicales-de-la-grande-synagogue-de-metz\/\" target=\"_blank\" rel=\"noopener\">Consultar el fondo de la sinagoga de Metz<\/a><\/li>\n<li><a href=\"http:\/\/www.rachelnet.net\/F\/?func=find-c&amp;ccl_term=WRD+%3D+%09+Albert+Kirch&amp;local_base=iemcg\" target=\"_blank\" rel=\"noopener\">Consultar nuestros archivos sobre Albert Kirch<\/a><\/li>\n<\/ul>\n<p class=\"Standard\" style=\"text-align: justify; text-justify: inter-ideograph;\"><span lang=\"ES\">El 16 de diciembre de 2010, Herv\u00e9 Roten realiz\u00f3 una entrevista a Albert Kirch, antes de que diera una copia de sus archivos musicales al Institut Europ\u00e9en des Musiques Juives.<\/span><\/p>\n\n<div class=\"wp-block-image\">\n<figure class=\"aligncenter size-large\"><img decoding=\"async\" width=\"1024\" height=\"133\" src=\"https:\/\/www.iemj.org\/wp-content\/uploads\/2024\/03\/AUDIO-PLAYER-1024x133.png\" alt=\"\" class=\"wp-image-110610\" srcset=\"https:\/\/www.iemj.org\/wp-content\/uploads\/2024\/03\/AUDIO-PLAYER-1024x133.png 1024w, https:\/\/www.iemj.org\/wp-content\/uploads\/2024\/03\/AUDIO-PLAYER-300x39.png 300w, https:\/\/www.iemj.org\/wp-content\/uploads\/2024\/03\/AUDIO-PLAYER-768x100.png 768w, https:\/\/www.iemj.org\/wp-content\/uploads\/2024\/03\/AUDIO-PLAYER-600x78.png 600w, https:\/\/www.iemj.org\/wp-content\/uploads\/2024\/03\/AUDIO-PLAYER.png 1210w\" sizes=\"(max-width: 1024px) 100vw, 1024px\" \/><\/figure>\n<\/div>\n\n\n<div class=\"wp-block-file\"><a id=\"wp-block-file--media-b9b3380a-a209-449d-840c-204b47d9569f\" href=\"https:\/\/www.iemj.org\/wp-content\/uploads\/2016\/05\/albert_kirch_itv_1def.mp3\">L&#8217;enfance d&#8217;Albert Kirch \u00e0 Metz et ses \u00e9tudes de Rabbinat \u00e0 Paris<\/a><\/div>\n\n\n\n<div class=\"wp-block-file\"><a id=\"wp-block-file--media-206c3534-c6c4-483c-b966-5d202e8706a7\" href=\"https:\/\/www.iemj.org\/wp-content\/uploads\/2016\/05\/albert_kirch_itv_2guerredef.mp3\">Albert Kirch pendant l&#8217;occupation allemande <\/a><\/div>\n","protected":false},"excerpt":{"rendered":"<p>Fallecido el 18 de abril de 2016 a los 98 a\u00f1os, Albert Kirch fue el cantor de la comunidad de Metz por m\u00e1s de 30 a\u00f1os. Este art\u00edculo fue redactado<\/p>\n","protected":false},"author":1052,"featured_media":52005,"comment_status":"closed","ping_status":"open","sticky":false,"template":"","format":"standard","meta":{"_acf_changed":false,"footnotes":""},"categories":[1417],"tags":[],"technique":[],"squelettes":[],"sujet":[2101],"formation":[],"genre":[],"fonds":[],"tradition":[],"type-de-contenu":[],"interprete-compositeur":[],"frise":[],"type-devenement":[],"tableaux-liens-externes":[],"class_list":["post-88595","post","type-post","status-publish","format-standard","has-post-thumbnail","hentry","category-biografias-es","sujet-alsacia-lorena-es"],"acf":[],"yoast_head":"<!-- This site is optimized with the Yoast SEO plugin v27.3 - https:\/\/yoast.com\/product\/yoast-seo-wordpress\/ -->\n<title>Kirch, Albert (1918-2016) - Institut Europ\u00e9en des Musiques Juives<\/title>\n<meta name=\"robots\" content=\"index, follow, max-snippet:-1, max-image-preview:large, max-video-preview:-1\" \/>\n<link rel=\"canonical\" href=\"https:\/\/www.iemj.org\/es\/kirch-albert-1918-2016\/\" \/>\n<meta property=\"og:locale\" content=\"es_ES\" \/>\n<meta property=\"og:type\" content=\"article\" \/>\n<meta property=\"og:title\" content=\"Kirch, Albert (1918-2016) - Institut Europ\u00e9en des Musiques Juives\" \/>\n<meta property=\"og:description\" content=\"Fallecido el 18 de abril de 2016 a los 98 a\u00f1os, Albert Kirch fue el cantor de la comunidad de Metz por m\u00e1s de 30 a\u00f1os. Este art\u00edculo fue redactado\" \/>\n<meta property=\"og:url\" content=\"https:\/\/www.iemj.org\/es\/kirch-albert-1918-2016\/\" \/>\n<meta property=\"og:site_name\" content=\"Institut Europ\u00e9en des Musiques Juives\" \/>\n<meta property=\"article:publisher\" content=\"https:\/\/www.facebook.com\/MusiquesJuives\/\" \/>\n<meta property=\"article:published_time\" content=\"2016-05-18T15:16:36+00:00\" \/>\n<meta property=\"article:modified_time\" content=\"2025-03-24T11:20:25+00:00\" \/>\n<meta property=\"og:image\" content=\"https:\/\/www.iemj.org\/wp-content\/uploads\/2016\/05\/arton1701-e1625047192424.jpg\" \/>\n\t<meta property=\"og:image:width\" content=\"228\" \/>\n\t<meta property=\"og:image:height\" content=\"218\" \/>\n\t<meta property=\"og:image:type\" content=\"image\/jpeg\" \/>\n<meta name=\"author\" content=\"Lea Couderc\" \/>\n<meta name=\"twitter:card\" content=\"summary_large_image\" \/>\n<meta name=\"twitter:label1\" content=\"Escrito por\" \/>\n\t<meta name=\"twitter:data1\" content=\"Lea Couderc\" \/>\n\t<meta name=\"twitter:label2\" content=\"Tiempo de lectura\" \/>\n\t<meta name=\"twitter:data2\" content=\"4 minutos\" \/>\n<script type=\"application\/ld+json\" class=\"yoast-schema-graph\">{\"@context\":\"https:\\\/\\\/schema.org\",\"@graph\":[{\"@type\":\"Article\",\"@id\":\"https:\\\/\\\/www.iemj.org\\\/es\\\/kirch-albert-1918-2016\\\/#article\",\"isPartOf\":{\"@id\":\"https:\\\/\\\/www.iemj.org\\\/es\\\/kirch-albert-1918-2016\\\/\"},\"author\":{\"name\":\"Lea Couderc\",\"@id\":\"https:\\\/\\\/www.iemj.org\\\/es\\\/#\\\/schema\\\/person\\\/e2ad57f2c4be119c7ed8ab79036807a9\"},\"headline\":\"Kirch, Albert (1918-2016)\",\"datePublished\":\"2016-05-18T15:16:36+00:00\",\"dateModified\":\"2025-03-24T11:20:25+00:00\",\"mainEntityOfPage\":{\"@id\":\"https:\\\/\\\/www.iemj.org\\\/es\\\/kirch-albert-1918-2016\\\/\"},\"wordCount\":468,\"publisher\":{\"@id\":\"https:\\\/\\\/www.iemj.org\\\/es\\\/#organization\"},\"image\":{\"@id\":\"https:\\\/\\\/www.iemj.org\\\/es\\\/kirch-albert-1918-2016\\\/#primaryimage\"},\"thumbnailUrl\":\"https:\\\/\\\/www.iemj.org\\\/wp-content\\\/uploads\\\/2016\\\/05\\\/arton1701-e1625047192424.jpg\",\"articleSection\":[\"Biograf\u00edas\"],\"inLanguage\":\"es\"},{\"@type\":\"WebPage\",\"@id\":\"https:\\\/\\\/www.iemj.org\\\/es\\\/kirch-albert-1918-2016\\\/\",\"url\":\"https:\\\/\\\/www.iemj.org\\\/es\\\/kirch-albert-1918-2016\\\/\",\"name\":\"Kirch, Albert (1918-2016) - Institut Europ\u00e9en des Musiques Juives\",\"isPartOf\":{\"@id\":\"https:\\\/\\\/www.iemj.org\\\/es\\\/#website\"},\"primaryImageOfPage\":{\"@id\":\"https:\\\/\\\/www.iemj.org\\\/es\\\/kirch-albert-1918-2016\\\/#primaryimage\"},\"image\":{\"@id\":\"https:\\\/\\\/www.iemj.org\\\/es\\\/kirch-albert-1918-2016\\\/#primaryimage\"},\"thumbnailUrl\":\"https:\\\/\\\/www.iemj.org\\\/wp-content\\\/uploads\\\/2016\\\/05\\\/arton1701-e1625047192424.jpg\",\"datePublished\":\"2016-05-18T15:16:36+00:00\",\"dateModified\":\"2025-03-24T11:20:25+00:00\",\"breadcrumb\":{\"@id\":\"https:\\\/\\\/www.iemj.org\\\/es\\\/kirch-albert-1918-2016\\\/#breadcrumb\"},\"inLanguage\":\"es\",\"potentialAction\":[{\"@type\":\"ReadAction\",\"target\":[\"https:\\\/\\\/www.iemj.org\\\/es\\\/kirch-albert-1918-2016\\\/\"]}]},{\"@type\":\"ImageObject\",\"inLanguage\":\"es\",\"@id\":\"https:\\\/\\\/www.iemj.org\\\/es\\\/kirch-albert-1918-2016\\\/#primaryimage\",\"url\":\"https:\\\/\\\/www.iemj.org\\\/wp-content\\\/uploads\\\/2016\\\/05\\\/arton1701-e1625047192424.jpg\",\"contentUrl\":\"https:\\\/\\\/www.iemj.org\\\/wp-content\\\/uploads\\\/2016\\\/05\\\/arton1701-e1625047192424.jpg\",\"width\":228,\"height\":218},{\"@type\":\"BreadcrumbList\",\"@id\":\"https:\\\/\\\/www.iemj.org\\\/es\\\/kirch-albert-1918-2016\\\/#breadcrumb\",\"itemListElement\":[{\"@type\":\"ListItem\",\"position\":1,\"name\":\"Accueil\",\"item\":\"https:\\\/\\\/www.iemj.org\\\/es\\\/\"},{\"@type\":\"ListItem\",\"position\":2,\"name\":\"Kirch, Albert (1918-2016)\"}]},{\"@type\":\"WebSite\",\"@id\":\"https:\\\/\\\/www.iemj.org\\\/es\\\/#website\",\"url\":\"https:\\\/\\\/www.iemj.org\\\/es\\\/\",\"name\":\"Institut Europ\u00e9en des Musiques Juives\",\"description\":\"Des traditions musicales \u00e0 la port\u00e9e de tous\",\"publisher\":{\"@id\":\"https:\\\/\\\/www.iemj.org\\\/es\\\/#organization\"},\"potentialAction\":[{\"@type\":\"SearchAction\",\"target\":{\"@type\":\"EntryPoint\",\"urlTemplate\":\"https:\\\/\\\/www.iemj.org\\\/es\\\/?s={search_term_string}\"},\"query-input\":{\"@type\":\"PropertyValueSpecification\",\"valueRequired\":true,\"valueName\":\"search_term_string\"}}],\"inLanguage\":\"es\"},{\"@type\":\"Organization\",\"@id\":\"https:\\\/\\\/www.iemj.org\\\/es\\\/#organization\",\"name\":\"Institut Europ\u00e9en des Musiques Juives\",\"url\":\"https:\\\/\\\/www.iemj.org\\\/es\\\/\",\"logo\":{\"@type\":\"ImageObject\",\"inLanguage\":\"es\",\"@id\":\"https:\\\/\\\/www.iemj.org\\\/es\\\/#\\\/schema\\\/logo\\\/image\\\/\",\"url\":\"https:\\\/\\\/www.iemj.org\\\/wp-content\\\/uploads\\\/2021\\\/09\\\/Logo-IEMJ-Paypal.jpg\",\"contentUrl\":\"https:\\\/\\\/www.iemj.org\\\/wp-content\\\/uploads\\\/2021\\\/09\\\/Logo-IEMJ-Paypal.jpg\",\"width\":150,\"height\":50,\"caption\":\"Institut Europ\u00e9en des Musiques Juives\"},\"image\":{\"@id\":\"https:\\\/\\\/www.iemj.org\\\/es\\\/#\\\/schema\\\/logo\\\/image\\\/\"},\"sameAs\":[\"https:\\\/\\\/www.facebook.com\\\/MusiquesJuives\\\/\",\"https:\\\/\\\/www.instagram.com\\\/musiquesjuives\\\/\",\"https:\\\/\\\/www.youtube.com\\\/user\\\/musiquesjuives\"]},{\"@type\":\"Person\",\"@id\":\"https:\\\/\\\/www.iemj.org\\\/es\\\/#\\\/schema\\\/person\\\/e2ad57f2c4be119c7ed8ab79036807a9\",\"name\":\"Lea Couderc\",\"image\":{\"@type\":\"ImageObject\",\"inLanguage\":\"es\",\"@id\":\"https:\\\/\\\/secure.gravatar.com\\\/avatar\\\/46ee021475d60aeff17a7e490b79dea5a5684bb392ab7fd1494027411df8ba23?s=96&d=mm&r=g\",\"url\":\"https:\\\/\\\/secure.gravatar.com\\\/avatar\\\/46ee021475d60aeff17a7e490b79dea5a5684bb392ab7fd1494027411df8ba23?s=96&d=mm&r=g\",\"contentUrl\":\"https:\\\/\\\/secure.gravatar.com\\\/avatar\\\/46ee021475d60aeff17a7e490b79dea5a5684bb392ab7fd1494027411df8ba23?s=96&d=mm&r=g\",\"caption\":\"Lea Couderc\"}}]}<\/script>\n<!-- \/ Yoast SEO plugin. -->","yoast_head_json":{"title":"Kirch, Albert (1918-2016) - Institut Europ\u00e9en des Musiques Juives","robots":{"index":"index","follow":"follow","max-snippet":"max-snippet:-1","max-image-preview":"max-image-preview:large","max-video-preview":"max-video-preview:-1"},"canonical":"https:\/\/www.iemj.org\/es\/kirch-albert-1918-2016\/","og_locale":"es_ES","og_type":"article","og_title":"Kirch, Albert (1918-2016) - Institut Europ\u00e9en des Musiques Juives","og_description":"Fallecido el 18 de abril de 2016 a los 98 a\u00f1os, Albert Kirch fue el cantor de la comunidad de Metz por m\u00e1s de 30 a\u00f1os. Este art\u00edculo fue redactado","og_url":"https:\/\/www.iemj.org\/es\/kirch-albert-1918-2016\/","og_site_name":"Institut Europ\u00e9en des Musiques Juives","article_publisher":"https:\/\/www.facebook.com\/MusiquesJuives\/","article_published_time":"2016-05-18T15:16:36+00:00","article_modified_time":"2025-03-24T11:20:25+00:00","og_image":[{"width":228,"height":218,"url":"https:\/\/www.iemj.org\/wp-content\/uploads\/2016\/05\/arton1701-e1625047192424.jpg","type":"image\/jpeg"}],"author":"Lea Couderc","twitter_card":"summary_large_image","twitter_misc":{"Escrito por":"Lea Couderc","Tiempo de lectura":"4 minutos"},"schema":{"@context":"https:\/\/schema.org","@graph":[{"@type":"Article","@id":"https:\/\/www.iemj.org\/es\/kirch-albert-1918-2016\/#article","isPartOf":{"@id":"https:\/\/www.iemj.org\/es\/kirch-albert-1918-2016\/"},"author":{"name":"Lea Couderc","@id":"https:\/\/www.iemj.org\/es\/#\/schema\/person\/e2ad57f2c4be119c7ed8ab79036807a9"},"headline":"Kirch, Albert (1918-2016)","datePublished":"2016-05-18T15:16:36+00:00","dateModified":"2025-03-24T11:20:25+00:00","mainEntityOfPage":{"@id":"https:\/\/www.iemj.org\/es\/kirch-albert-1918-2016\/"},"wordCount":468,"publisher":{"@id":"https:\/\/www.iemj.org\/es\/#organization"},"image":{"@id":"https:\/\/www.iemj.org\/es\/kirch-albert-1918-2016\/#primaryimage"},"thumbnailUrl":"https:\/\/www.iemj.org\/wp-content\/uploads\/2016\/05\/arton1701-e1625047192424.jpg","articleSection":["Biograf\u00edas"],"inLanguage":"es"},{"@type":"WebPage","@id":"https:\/\/www.iemj.org\/es\/kirch-albert-1918-2016\/","url":"https:\/\/www.iemj.org\/es\/kirch-albert-1918-2016\/","name":"Kirch, Albert (1918-2016) - Institut Europ\u00e9en des Musiques Juives","isPartOf":{"@id":"https:\/\/www.iemj.org\/es\/#website"},"primaryImageOfPage":{"@id":"https:\/\/www.iemj.org\/es\/kirch-albert-1918-2016\/#primaryimage"},"image":{"@id":"https:\/\/www.iemj.org\/es\/kirch-albert-1918-2016\/#primaryimage"},"thumbnailUrl":"https:\/\/www.iemj.org\/wp-content\/uploads\/2016\/05\/arton1701-e1625047192424.jpg","datePublished":"2016-05-18T15:16:36+00:00","dateModified":"2025-03-24T11:20:25+00:00","breadcrumb":{"@id":"https:\/\/www.iemj.org\/es\/kirch-albert-1918-2016\/#breadcrumb"},"inLanguage":"es","potentialAction":[{"@type":"ReadAction","target":["https:\/\/www.iemj.org\/es\/kirch-albert-1918-2016\/"]}]},{"@type":"ImageObject","inLanguage":"es","@id":"https:\/\/www.iemj.org\/es\/kirch-albert-1918-2016\/#primaryimage","url":"https:\/\/www.iemj.org\/wp-content\/uploads\/2016\/05\/arton1701-e1625047192424.jpg","contentUrl":"https:\/\/www.iemj.org\/wp-content\/uploads\/2016\/05\/arton1701-e1625047192424.jpg","width":228,"height":218},{"@type":"BreadcrumbList","@id":"https:\/\/www.iemj.org\/es\/kirch-albert-1918-2016\/#breadcrumb","itemListElement":[{"@type":"ListItem","position":1,"name":"Accueil","item":"https:\/\/www.iemj.org\/es\/"},{"@type":"ListItem","position":2,"name":"Kirch, Albert (1918-2016)"}]},{"@type":"WebSite","@id":"https:\/\/www.iemj.org\/es\/#website","url":"https:\/\/www.iemj.org\/es\/","name":"Institut Europ\u00e9en des Musiques Juives","description":"Des traditions musicales \u00e0 la port\u00e9e de tous","publisher":{"@id":"https:\/\/www.iemj.org\/es\/#organization"},"potentialAction":[{"@type":"SearchAction","target":{"@type":"EntryPoint","urlTemplate":"https:\/\/www.iemj.org\/es\/?s={search_term_string}"},"query-input":{"@type":"PropertyValueSpecification","valueRequired":true,"valueName":"search_term_string"}}],"inLanguage":"es"},{"@type":"Organization","@id":"https:\/\/www.iemj.org\/es\/#organization","name":"Institut Europ\u00e9en des Musiques Juives","url":"https:\/\/www.iemj.org\/es\/","logo":{"@type":"ImageObject","inLanguage":"es","@id":"https:\/\/www.iemj.org\/es\/#\/schema\/logo\/image\/","url":"https:\/\/www.iemj.org\/wp-content\/uploads\/2021\/09\/Logo-IEMJ-Paypal.jpg","contentUrl":"https:\/\/www.iemj.org\/wp-content\/uploads\/2021\/09\/Logo-IEMJ-Paypal.jpg","width":150,"height":50,"caption":"Institut Europ\u00e9en des Musiques Juives"},"image":{"@id":"https:\/\/www.iemj.org\/es\/#\/schema\/logo\/image\/"},"sameAs":["https:\/\/www.facebook.com\/MusiquesJuives\/","https:\/\/www.instagram.com\/musiquesjuives\/","https:\/\/www.youtube.com\/user\/musiquesjuives"]},{"@type":"Person","@id":"https:\/\/www.iemj.org\/es\/#\/schema\/person\/e2ad57f2c4be119c7ed8ab79036807a9","name":"Lea Couderc","image":{"@type":"ImageObject","inLanguage":"es","@id":"https:\/\/secure.gravatar.com\/avatar\/46ee021475d60aeff17a7e490b79dea5a5684bb392ab7fd1494027411df8ba23?s=96&d=mm&r=g","url":"https:\/\/secure.gravatar.com\/avatar\/46ee021475d60aeff17a7e490b79dea5a5684bb392ab7fd1494027411df8ba23?s=96&d=mm&r=g","contentUrl":"https:\/\/secure.gravatar.com\/avatar\/46ee021475d60aeff17a7e490b79dea5a5684bb392ab7fd1494027411df8ba23?s=96&d=mm&r=g","caption":"Lea Couderc"}}]}},"_links":{"self":[{"href":"https:\/\/www.iemj.org\/es\/wp-json\/wp\/v2\/posts\/88595","targetHints":{"allow":["GET"]}}],"collection":[{"href":"https:\/\/www.iemj.org\/es\/wp-json\/wp\/v2\/posts"}],"about":[{"href":"https:\/\/www.iemj.org\/es\/wp-json\/wp\/v2\/types\/post"}],"author":[{"embeddable":true,"href":"https:\/\/www.iemj.org\/es\/wp-json\/wp\/v2\/users\/1052"}],"replies":[{"embeddable":true,"href":"https:\/\/www.iemj.org\/es\/wp-json\/wp\/v2\/comments?post=88595"}],"version-history":[{"count":0,"href":"https:\/\/www.iemj.org\/es\/wp-json\/wp\/v2\/posts\/88595\/revisions"}],"wp:featuredmedia":[{"embeddable":true,"href":"https:\/\/www.iemj.org\/es\/wp-json\/wp\/v2\/media\/52005"}],"wp:attachment":[{"href":"https:\/\/www.iemj.org\/es\/wp-json\/wp\/v2\/media?parent=88595"}],"wp:term":[{"taxonomy":"category","embeddable":true,"href":"https:\/\/www.iemj.org\/es\/wp-json\/wp\/v2\/categories?post=88595"},{"taxonomy":"post_tag","embeddable":true,"href":"https:\/\/www.iemj.org\/es\/wp-json\/wp\/v2\/tags?post=88595"},{"taxonomy":"technique","embeddable":true,"href":"https:\/\/www.iemj.org\/es\/wp-json\/wp\/v2\/technique?post=88595"},{"taxonomy":"squelettes","embeddable":true,"href":"https:\/\/www.iemj.org\/es\/wp-json\/wp\/v2\/squelettes?post=88595"},{"taxonomy":"sujet","embeddable":true,"href":"https:\/\/www.iemj.org\/es\/wp-json\/wp\/v2\/sujet?post=88595"},{"taxonomy":"formation","embeddable":true,"href":"https:\/\/www.iemj.org\/es\/wp-json\/wp\/v2\/formation?post=88595"},{"taxonomy":"genre","embeddable":true,"href":"https:\/\/www.iemj.org\/es\/wp-json\/wp\/v2\/genre?post=88595"},{"taxonomy":"fonds","embeddable":true,"href":"https:\/\/www.iemj.org\/es\/wp-json\/wp\/v2\/fonds?post=88595"},{"taxonomy":"tradition","embeddable":true,"href":"https:\/\/www.iemj.org\/es\/wp-json\/wp\/v2\/tradition?post=88595"},{"taxonomy":"type-de-contenu","embeddable":true,"href":"https:\/\/www.iemj.org\/es\/wp-json\/wp\/v2\/type-de-contenu?post=88595"},{"taxonomy":"interprete-compositeur","embeddable":true,"href":"https:\/\/www.iemj.org\/es\/wp-json\/wp\/v2\/interprete-compositeur?post=88595"},{"taxonomy":"frise","embeddable":true,"href":"https:\/\/www.iemj.org\/es\/wp-json\/wp\/v2\/frise?post=88595"},{"taxonomy":"type-devenement","embeddable":true,"href":"https:\/\/www.iemj.org\/es\/wp-json\/wp\/v2\/type-devenement?post=88595"},{"taxonomy":"tableaux-liens-externes","embeddable":true,"href":"https:\/\/www.iemj.org\/es\/wp-json\/wp\/v2\/tableaux-liens-externes?post=88595"}],"curies":[{"name":"wp","href":"https:\/\/api.w.org\/{rel}","templated":true}]}}