{"id":88626,"date":"2014-05-06T16:20:11","date_gmt":"2014-05-06T14:20:11","guid":{"rendered":"https:\/\/www.iemj.org\/lebas-renee-1917-2009\/"},"modified":"2025-09-01T12:11:39","modified_gmt":"2025-09-01T10:11:39","slug":"lebas-renee-1917-2009","status":"publish","type":"post","link":"https:\/\/www.iemj.org\/es\/lebas-renee-1917-2009\/","title":{"rendered":"Lebas, Ren\u00e9e (1917-2009)"},"content":{"rendered":"<p class=\"Standard\" style=\"text-align: justify; text-justify: inter-ideograph;\"><span lang=\"ES\">Nacida en Par\u00eds el 23 de abril de 1917, Ren\u00e9e Lebas (de soltera Leiba) vivi\u00f3 con sus padres, jud\u00edos rumanos inmigrantes en Francia, y su hermana menor, en el barrio de la Bastille. A finales de los a\u00f1os 1930, se hizo amiga de Nathan Korb, el futuro Francis Lemarque.<\/span><\/p>\n<p class=\"Standard\" style=\"text-align: justify; text-justify: inter-ideograph;\"><span lang=\"ES\">Hasta 1937, va a ejercer distintas profesiones, mecan\u00f3grafa, bailarina, periodista, antes de ganar un concurso de talentos organizado por Radio-Cit\u00e9. Empez\u00f3 as\u00ed su carrera de cantante en el cabaret La Conga, calle de la Fontaine, donde encontrar\u00e1 a Raymond Asso. Grab\u00f3 su primer disco en 1939 y firm\u00f3 un contrato con Path\u00e9 en mayo de 1940.<\/span><\/p>\n<p class=\"Standard\" style=\"text-align: justify; text-justify: inter-ideograph;\"><span lang=\"ES\">En junio de 1940, prohibida por el ocupante nazi, se fue a la zona libre donde actu\u00f3 en Cannes en 1941, acompa\u00f1ada en el escenario por el pianista Michel Emer. Le compuso y le escribi\u00f3 <i>D&#8217;l&#8217;autre c\u00f4t\u00e9 de la rue<\/i> mientras Paul Misraki le propuso crear <i>Insensiblement<\/i>.<\/span><\/p>\n<figure id=\"attachment_6920\" aria-describedby=\"caption-attachment-6920\" style=\"width: 240px\" class=\"wp-caption alignright\"><img fetchpriority=\"high\" decoding=\"async\" class=\"wp-image-6920 size-full\" title=\"Ren\u00e9e Lebas - Pleyel 1954\" src=\"https:\/\/www.iemj.org\/wp-content\/uploads\/2014\/05\/cd_396_couv_siteiemj2.jpg\" alt=\"Ren\u00e9e Lebas - Pleyel 1954\" width=\"240\" height=\"244\" align=\"right\" \/><figcaption id=\"caption-attachment-6920\" class=\"wp-caption-text\"><strong>Ren\u00e9e Lebas &#8211; Pleyel 1954<\/strong><\/figcaption><\/figure>\n<p>En julio de 1942, ah\u00ed empez\u00f3 el drama, su hermana menor y su padre fueron deportados durante la Redada del Vel\u00f3dromo de Invierno. Bajo los consejos de Francis Carco, decidi\u00f3 refugiarse en Suiza, en Lausana.<\/p>\n<p class=\"Standard\" style=\"text-align: justify; text-justify: inter-ideograph;\"><span lang=\"ES\">En 1942, grab\u00f3 <i>Insensiblement<\/i> y <i>D&#8217;l&#8217;autre c\u00f4t\u00e9 de la rue<\/i> que interpret\u00f3 en los programas de radio de Suiza franc\u00f3fona pensando en la situaci\u00f3n en Francia. En 1943, grab\u00f3 <i>14 juillet<\/i> del famoso compositor antinazi Gilles Jean-Vilard y la canci\u00f3n Exil escrita por Fran\u00e7ois Reichenbach que tambi\u00e9n se exili\u00f3 a Suiza.<\/span><\/p>\n<p class=\"Standard\" style=\"text-align: justify; text-justify: inter-ideograph;\"><span lang=\"ES\">A la Liberaci\u00f3n, volvi\u00f3 a Par\u00eds para ser la primera en grabar un disco en estudios parisinos. Decidi\u00f3 actuar en el escenario: en el ABC y en el Th\u00e9\u00e2tre de l&#8217;Etoile en 1946, luego en l&#8217;Europ\u00e9en, y en l&#8217;Alhambra y en Bobino.<\/span><\/p>\n<figure id=\"attachment_6922\" aria-describedby=\"caption-attachment-6922\" style=\"width: 304px\" class=\"wp-caption alignleft\"><img decoding=\"async\" class=\"wp-image-6922\" title=\"Ren\u00e9e Lebas Photo d\u00e9dicac\u00e9e\" src=\"https:\/\/www.iemj.org\/wp-content\/uploads\/2014\/05\/a_1252.jpg\" alt=\"Ren\u00e9e Lebas Photo d\u00e9dicac\u00e9e\" width=\"304\" height=\"389\" align=\"middle\" \/><figcaption id=\"caption-attachment-6922\" class=\"wp-caption-text\"><strong>Ren\u00e9e Lebas &#8211; Foto autografiada<\/strong><\/figcaption><\/figure>\n<p>Se rodear\u00e1 de autores y m\u00fasicos excepcionales, entre los cuales Norbert Glanzberg y Wal-Berg, o tambi\u00e9n Emil Stern que le compondr\u00e1 en 1946 \u00bf<em>O\u00f9 es-tu mon amour<\/em>? (con letra de Eddy Marnay). Esos autores y compositores compondr\u00e1n para ella la canci\u00f3n titulada <em>La Fontaine de Varsovie<\/em> que tiene como tema el Holocausto.<\/p>\n<p class=\"Standard\" style=\"text-align: justify; text-justify: inter-ideograph;\"><span lang=\"ES\">Cre\u00f3 <i>La Mer<\/i> de Charles Trenet a finales de 1945, con Roland Gerbeau. De L\u00e9o Ferr\u00e9, a\u00fan desconocido en 1948, grab\u00f3 <i>Elle tourne&#8230; la Terre<\/i>. Cant\u00f3 los repertorios de Charles Aznavour, Jacques Brel, Francis Carco, Francis Lemarque, Boris Vian. En los a\u00f1os 50, cantar\u00e1<i> Garde l&#8217;Esp\u00e9rance<\/i> con la melod\u00eda de la Hatikva, el himno del Estado de Israel. Grab\u00f3 <i>Trois fois merci <\/i>sin resultado, Jacqueline Fran\u00e7ois lo arregl\u00f3 todo, lo grab\u00f3 y cre\u00f3 un \u00e9xito. Dar\u00e1 su \u00faltimo concierto en 1963 y decidi\u00f3 dedicarse a la producci\u00f3n para cantantes, en particular R\u00e9gine, Serge Lama y Tereza Kesovija.<\/span><\/p>\n<p class=\"Standard\" style=\"text-align: justify; text-justify: inter-ideograph;\"><span lang=\"ES\">Falleci\u00f3 el 18 de diciembre, en el hospital Michel-Ange en Par\u00eds XVIe, y fue enterrada el 21 de diciembre en el cementerio de Montparnasse.<\/span><\/p>\n<p><a href=\"http:\/\/www.rachelnet.net\/F\/?func=find-c&amp;ccl_term=WRD+%3D+Ren%C3%A9e+Lebas&amp;local_base=iemcg\" target=\"_blank\" rel=\"noopener\">Consultar nuestros archivos sobre Ren\u00e9e Lebas<\/a><\/p>\n\n\n<div class=\"wp-block-columns are-vertically-aligned-center is-layout-flex wp-container-core-columns-is-layout-9d6595d7 wp-block-columns-is-layout-flex\">\n<div class=\"wp-block-column is-vertically-aligned-center is-layout-flow wp-block-column-is-layout-flow\">\n<figure class=\"wp-block-embed is-type-video is-provider-youtube wp-block-embed-youtube aligncenter wp-embed-aspect-4-3 wp-has-aspect-ratio\"><div class=\"wp-block-embed__wrapper\">\n<iframe title=\"Ren\u00e9e Lebas &quot; d&#039;l&#039;autre c\u00f4t\u00e9 de la rue &quot; 1942\" width=\"640\" height=\"480\" src=\"https:\/\/www.youtube.com\/embed\/idZFneb88zM?feature=oembed\" frameborder=\"0\" allow=\"accelerometer; autoplay; clipboard-write; encrypted-media; gyroscope; picture-in-picture; web-share\" referrerpolicy=\"strict-origin-when-cross-origin\" allowfullscreen><\/iframe>\n<\/div><figcaption class=\"wp-element-caption\"><strong>Ren\u00e9e Lebas &#8211; D&#8217;l&#8217;autre c\u00f4t\u00e9 de la rue<\/strong><\/figcaption><\/figure>\n\n\n\n<p><\/p>\n<\/div>\n\n\n\n<div class=\"wp-block-column is-vertically-aligned-center is-layout-flow wp-block-column-is-layout-flow\">\n<figure class=\"wp-block-embed is-type-video is-provider-youtube wp-block-embed-youtube wp-embed-aspect-16-9 wp-has-aspect-ratio\"><div class=\"wp-block-embed__wrapper\">\n<iframe title=\"Ren\u00e9e LEBAS Garde l&#039;esp\u00e9rance (Hatikvah)\" width=\"640\" height=\"360\" src=\"https:\/\/www.youtube.com\/embed\/TOMvOfH4nXk?feature=oembed\" frameborder=\"0\" allow=\"accelerometer; autoplay; clipboard-write; encrypted-media; gyroscope; picture-in-picture; web-share\" referrerpolicy=\"strict-origin-when-cross-origin\" allowfullscreen><\/iframe>\n<\/div><figcaption class=\"wp-element-caption\"><strong>Ren\u00e9e Lebas &#8211; Garde l&#8217;esp\u00e9rance<\/strong><\/figcaption><\/figure>\n<\/div>\n<\/div>\n\n\n\n<h2 class=\"wp-block-heading\"><\/h2>\n\n\n<div class=\"wp-block-image\">\n<figure class=\"aligncenter size-large\"><img decoding=\"async\" width=\"1024\" height=\"133\" src=\"https:\/\/www.iemj.org\/wp-content\/uploads\/2024\/03\/AUDIO-PLAYER-1024x133.png\" alt=\"\" class=\"wp-image-110610\" srcset=\"https:\/\/www.iemj.org\/wp-content\/uploads\/2024\/03\/AUDIO-PLAYER-1024x133.png 1024w, https:\/\/www.iemj.org\/wp-content\/uploads\/2024\/03\/AUDIO-PLAYER-300x39.png 300w, https:\/\/www.iemj.org\/wp-content\/uploads\/2024\/03\/AUDIO-PLAYER-768x100.png 768w, https:\/\/www.iemj.org\/wp-content\/uploads\/2024\/03\/AUDIO-PLAYER-600x78.png 600w, https:\/\/www.iemj.org\/wp-content\/uploads\/2024\/03\/AUDIO-PLAYER.png 1210w\" sizes=\"(max-width: 1024px) 100vw, 1024px\" \/><\/figure>\n<\/div>\n\n\n<div class=\"wp-block-file\"><a id=\"wp-block-file--media-f250cfcf-dbab-4be4-b2b8-0368bf12cc0c\" href=\"https:\/\/www.iemj.org\/wp-content\/uploads\/2014\/05\/cd_396_17_mammy-site_iemj.mp3\">Mammy<\/a><\/div>\n\n\n\n<div class=\"wp-block-file\"><a id=\"wp-block-file--media-5cd93fe4-92e9-490c-a134-770d0435d40c\" href=\"https:\/\/www.iemj.org\/wp-content\/uploads\/2014\/05\/cd_396_18_tire_l_aiguille_siteiemj.mp3\">Tire, tire l&#8217;aiguille<\/a><\/div>\n\n\n\n<div class=\"wp-block-file\"><a id=\"wp-block-file--media-b30639e7-0ca9-4021-8eae-c40a0fc2fbe4\" href=\"https:\/\/www.iemj.org\/wp-content\/uploads\/2015\/10\/d78-25_419_02_t.mp3\">Un p\u00eacheur de perles<\/a><\/div>\n","protected":false},"excerpt":{"rendered":"<p>Nacida en Par\u00eds el 23 de abril de 1917, Ren\u00e9e Lebas (de soltera Leiba) vivi\u00f3 con sus padres, jud\u00edos rumanos inmigrantes en Francia, y su hermana menor, en el barrio<\/p>\n","protected":false},"author":1045,"featured_media":88628,"comment_status":"closed","ping_status":"open","sticky":false,"template":"","format":"standard","meta":{"_acf_changed":false,"footnotes":""},"categories":[1417],"tags":[],"technique":[],"squelettes":[],"sujet":[1824],"formation":[],"genre":[1879],"fonds":[],"tradition":[],"type-de-contenu":[],"interprete-compositeur":[],"frise":[],"type-devenement":[],"tableaux-liens-externes":[],"class_list":["post-88626","post","type-post","status-publish","format-standard","has-post-thumbnail","hentry","category-biografias-es","sujet-francia-es","genre-cancion-francesa-es"],"acf":[],"yoast_head":"<!-- This site is optimized with the Yoast SEO plugin v27.3 - https:\/\/yoast.com\/product\/yoast-seo-wordpress\/ -->\n<title>Lebas, Ren\u00e9e (1917-2009) - Institut Europ\u00e9en des Musiques Juives<\/title>\n<meta name=\"robots\" content=\"index, follow, max-snippet:-1, max-image-preview:large, max-video-preview:-1\" \/>\n<link rel=\"canonical\" href=\"https:\/\/www.iemj.org\/es\/lebas-renee-1917-2009\/\" \/>\n<meta property=\"og:locale\" content=\"es_ES\" \/>\n<meta property=\"og:type\" content=\"article\" \/>\n<meta property=\"og:title\" content=\"Lebas, Ren\u00e9e (1917-2009) - Institut Europ\u00e9en des Musiques Juives\" \/>\n<meta property=\"og:description\" content=\"Nacida en Par\u00eds el 23 de abril de 1917, Ren\u00e9e Lebas (de soltera Leiba) vivi\u00f3 con sus padres, jud\u00edos rumanos inmigrantes en Francia, y su hermana menor, en el barrio\" \/>\n<meta property=\"og:url\" content=\"https:\/\/www.iemj.org\/es\/lebas-renee-1917-2009\/\" \/>\n<meta property=\"og:site_name\" content=\"Institut Europ\u00e9en des Musiques Juives\" \/>\n<meta property=\"article:publisher\" content=\"https:\/\/www.facebook.com\/MusiquesJuives\/\" \/>\n<meta property=\"article:published_time\" content=\"2014-05-06T14:20:11+00:00\" \/>\n<meta property=\"article:modified_time\" content=\"2025-09-01T10:11:39+00:00\" \/>\n<meta property=\"og:image\" content=\"https:\/\/www.iemj.org\/wp-content\/uploads\/2014\/05\/logo-bio-Renee-LEBAS-e1617029512893.jpg\" \/>\n\t<meta property=\"og:image:width\" content=\"166\" \/>\n\t<meta property=\"og:image:height\" content=\"218\" \/>\n\t<meta property=\"og:image:type\" content=\"image\/jpeg\" \/>\n<meta name=\"author\" content=\"Herv\u00e9 Roten\" \/>\n<meta name=\"twitter:card\" content=\"summary_large_image\" \/>\n<meta name=\"twitter:label1\" content=\"Escrito por\" \/>\n\t<meta name=\"twitter:data1\" content=\"Herv\u00e9 Roten\" \/>\n\t<meta name=\"twitter:label2\" content=\"Tiempo de lectura\" \/>\n\t<meta name=\"twitter:data2\" content=\"4 minutos\" \/>\n<script type=\"application\/ld+json\" class=\"yoast-schema-graph\">{\"@context\":\"https:\\\/\\\/schema.org\",\"@graph\":[{\"@type\":\"Article\",\"@id\":\"https:\\\/\\\/www.iemj.org\\\/es\\\/lebas-renee-1917-2009\\\/#article\",\"isPartOf\":{\"@id\":\"https:\\\/\\\/www.iemj.org\\\/es\\\/lebas-renee-1917-2009\\\/\"},\"author\":{\"name\":\"Herv\u00e9 Roten\",\"@id\":\"https:\\\/\\\/www.iemj.org\\\/es\\\/#\\\/schema\\\/person\\\/906134402c29d5c76e7b726261dd4bbd\"},\"headline\":\"Lebas, Ren\u00e9e (1917-2009)\",\"datePublished\":\"2014-05-06T14:20:11+00:00\",\"dateModified\":\"2025-09-01T10:11:39+00:00\",\"mainEntityOfPage\":{\"@id\":\"https:\\\/\\\/www.iemj.org\\\/es\\\/lebas-renee-1917-2009\\\/\"},\"wordCount\":548,\"publisher\":{\"@id\":\"https:\\\/\\\/www.iemj.org\\\/es\\\/#organization\"},\"image\":{\"@id\":\"https:\\\/\\\/www.iemj.org\\\/es\\\/lebas-renee-1917-2009\\\/#primaryimage\"},\"thumbnailUrl\":\"https:\\\/\\\/www.iemj.org\\\/wp-content\\\/uploads\\\/2014\\\/05\\\/logo-bio-Renee-LEBAS-e1617029512893.jpg\",\"articleSection\":[\"Biograf\u00edas\"],\"inLanguage\":\"es\"},{\"@type\":\"WebPage\",\"@id\":\"https:\\\/\\\/www.iemj.org\\\/es\\\/lebas-renee-1917-2009\\\/\",\"url\":\"https:\\\/\\\/www.iemj.org\\\/es\\\/lebas-renee-1917-2009\\\/\",\"name\":\"Lebas, Ren\u00e9e (1917-2009) - Institut Europ\u00e9en des Musiques Juives\",\"isPartOf\":{\"@id\":\"https:\\\/\\\/www.iemj.org\\\/es\\\/#website\"},\"primaryImageOfPage\":{\"@id\":\"https:\\\/\\\/www.iemj.org\\\/es\\\/lebas-renee-1917-2009\\\/#primaryimage\"},\"image\":{\"@id\":\"https:\\\/\\\/www.iemj.org\\\/es\\\/lebas-renee-1917-2009\\\/#primaryimage\"},\"thumbnailUrl\":\"https:\\\/\\\/www.iemj.org\\\/wp-content\\\/uploads\\\/2014\\\/05\\\/logo-bio-Renee-LEBAS-e1617029512893.jpg\",\"datePublished\":\"2014-05-06T14:20:11+00:00\",\"dateModified\":\"2025-09-01T10:11:39+00:00\",\"breadcrumb\":{\"@id\":\"https:\\\/\\\/www.iemj.org\\\/es\\\/lebas-renee-1917-2009\\\/#breadcrumb\"},\"inLanguage\":\"es\",\"potentialAction\":[{\"@type\":\"ReadAction\",\"target\":[\"https:\\\/\\\/www.iemj.org\\\/es\\\/lebas-renee-1917-2009\\\/\"]}]},{\"@type\":\"ImageObject\",\"inLanguage\":\"es\",\"@id\":\"https:\\\/\\\/www.iemj.org\\\/es\\\/lebas-renee-1917-2009\\\/#primaryimage\",\"url\":\"https:\\\/\\\/www.iemj.org\\\/wp-content\\\/uploads\\\/2014\\\/05\\\/logo-bio-Renee-LEBAS-e1617029512893.jpg\",\"contentUrl\":\"https:\\\/\\\/www.iemj.org\\\/wp-content\\\/uploads\\\/2014\\\/05\\\/logo-bio-Renee-LEBAS-e1617029512893.jpg\",\"width\":166,\"height\":218},{\"@type\":\"BreadcrumbList\",\"@id\":\"https:\\\/\\\/www.iemj.org\\\/es\\\/lebas-renee-1917-2009\\\/#breadcrumb\",\"itemListElement\":[{\"@type\":\"ListItem\",\"position\":1,\"name\":\"Accueil\",\"item\":\"https:\\\/\\\/www.iemj.org\\\/es\\\/\"},{\"@type\":\"ListItem\",\"position\":2,\"name\":\"Lebas, Ren\u00e9e (1917-2009)\"}]},{\"@type\":\"WebSite\",\"@id\":\"https:\\\/\\\/www.iemj.org\\\/es\\\/#website\",\"url\":\"https:\\\/\\\/www.iemj.org\\\/es\\\/\",\"name\":\"Institut Europ\u00e9en des Musiques Juives\",\"description\":\"Des traditions musicales \u00e0 la port\u00e9e de tous\",\"publisher\":{\"@id\":\"https:\\\/\\\/www.iemj.org\\\/es\\\/#organization\"},\"potentialAction\":[{\"@type\":\"SearchAction\",\"target\":{\"@type\":\"EntryPoint\",\"urlTemplate\":\"https:\\\/\\\/www.iemj.org\\\/es\\\/?s={search_term_string}\"},\"query-input\":{\"@type\":\"PropertyValueSpecification\",\"valueRequired\":true,\"valueName\":\"search_term_string\"}}],\"inLanguage\":\"es\"},{\"@type\":\"Organization\",\"@id\":\"https:\\\/\\\/www.iemj.org\\\/es\\\/#organization\",\"name\":\"Institut Europ\u00e9en des Musiques Juives\",\"url\":\"https:\\\/\\\/www.iemj.org\\\/es\\\/\",\"logo\":{\"@type\":\"ImageObject\",\"inLanguage\":\"es\",\"@id\":\"https:\\\/\\\/www.iemj.org\\\/es\\\/#\\\/schema\\\/logo\\\/image\\\/\",\"url\":\"https:\\\/\\\/www.iemj.org\\\/wp-content\\\/uploads\\\/2021\\\/09\\\/Logo-IEMJ-Paypal.jpg\",\"contentUrl\":\"https:\\\/\\\/www.iemj.org\\\/wp-content\\\/uploads\\\/2021\\\/09\\\/Logo-IEMJ-Paypal.jpg\",\"width\":150,\"height\":50,\"caption\":\"Institut Europ\u00e9en des Musiques Juives\"},\"image\":{\"@id\":\"https:\\\/\\\/www.iemj.org\\\/es\\\/#\\\/schema\\\/logo\\\/image\\\/\"},\"sameAs\":[\"https:\\\/\\\/www.facebook.com\\\/MusiquesJuives\\\/\",\"https:\\\/\\\/www.instagram.com\\\/musiquesjuives\\\/\",\"https:\\\/\\\/www.youtube.com\\\/user\\\/musiquesjuives\"]},{\"@type\":\"Person\",\"@id\":\"https:\\\/\\\/www.iemj.org\\\/es\\\/#\\\/schema\\\/person\\\/906134402c29d5c76e7b726261dd4bbd\",\"name\":\"Herv\u00e9 Roten\",\"image\":{\"@type\":\"ImageObject\",\"inLanguage\":\"es\",\"@id\":\"https:\\\/\\\/secure.gravatar.com\\\/avatar\\\/f96ad2db538a26481f18384936b5cd0610c92d390c4dc382209216d455f685ff?s=96&d=mm&r=g\",\"url\":\"https:\\\/\\\/secure.gravatar.com\\\/avatar\\\/f96ad2db538a26481f18384936b5cd0610c92d390c4dc382209216d455f685ff?s=96&d=mm&r=g\",\"contentUrl\":\"https:\\\/\\\/secure.gravatar.com\\\/avatar\\\/f96ad2db538a26481f18384936b5cd0610c92d390c4dc382209216d455f685ff?s=96&d=mm&r=g\",\"caption\":\"Herv\u00e9 Roten\"}}]}<\/script>\n<!-- \/ Yoast SEO plugin. -->","yoast_head_json":{"title":"Lebas, Ren\u00e9e (1917-2009) - Institut Europ\u00e9en des Musiques Juives","robots":{"index":"index","follow":"follow","max-snippet":"max-snippet:-1","max-image-preview":"max-image-preview:large","max-video-preview":"max-video-preview:-1"},"canonical":"https:\/\/www.iemj.org\/es\/lebas-renee-1917-2009\/","og_locale":"es_ES","og_type":"article","og_title":"Lebas, Ren\u00e9e (1917-2009) - Institut Europ\u00e9en des Musiques Juives","og_description":"Nacida en Par\u00eds el 23 de abril de 1917, Ren\u00e9e Lebas (de soltera Leiba) vivi\u00f3 con sus padres, jud\u00edos rumanos inmigrantes en Francia, y su hermana menor, en el barrio","og_url":"https:\/\/www.iemj.org\/es\/lebas-renee-1917-2009\/","og_site_name":"Institut Europ\u00e9en des Musiques Juives","article_publisher":"https:\/\/www.facebook.com\/MusiquesJuives\/","article_published_time":"2014-05-06T14:20:11+00:00","article_modified_time":"2025-09-01T10:11:39+00:00","og_image":[{"width":166,"height":218,"url":"https:\/\/www.iemj.org\/wp-content\/uploads\/2014\/05\/logo-bio-Renee-LEBAS-e1617029512893.jpg","type":"image\/jpeg"}],"author":"Herv\u00e9 Roten","twitter_card":"summary_large_image","twitter_misc":{"Escrito por":"Herv\u00e9 Roten","Tiempo de lectura":"4 minutos"},"schema":{"@context":"https:\/\/schema.org","@graph":[{"@type":"Article","@id":"https:\/\/www.iemj.org\/es\/lebas-renee-1917-2009\/#article","isPartOf":{"@id":"https:\/\/www.iemj.org\/es\/lebas-renee-1917-2009\/"},"author":{"name":"Herv\u00e9 Roten","@id":"https:\/\/www.iemj.org\/es\/#\/schema\/person\/906134402c29d5c76e7b726261dd4bbd"},"headline":"Lebas, Ren\u00e9e (1917-2009)","datePublished":"2014-05-06T14:20:11+00:00","dateModified":"2025-09-01T10:11:39+00:00","mainEntityOfPage":{"@id":"https:\/\/www.iemj.org\/es\/lebas-renee-1917-2009\/"},"wordCount":548,"publisher":{"@id":"https:\/\/www.iemj.org\/es\/#organization"},"image":{"@id":"https:\/\/www.iemj.org\/es\/lebas-renee-1917-2009\/#primaryimage"},"thumbnailUrl":"https:\/\/www.iemj.org\/wp-content\/uploads\/2014\/05\/logo-bio-Renee-LEBAS-e1617029512893.jpg","articleSection":["Biograf\u00edas"],"inLanguage":"es"},{"@type":"WebPage","@id":"https:\/\/www.iemj.org\/es\/lebas-renee-1917-2009\/","url":"https:\/\/www.iemj.org\/es\/lebas-renee-1917-2009\/","name":"Lebas, Ren\u00e9e (1917-2009) - Institut Europ\u00e9en des Musiques Juives","isPartOf":{"@id":"https:\/\/www.iemj.org\/es\/#website"},"primaryImageOfPage":{"@id":"https:\/\/www.iemj.org\/es\/lebas-renee-1917-2009\/#primaryimage"},"image":{"@id":"https:\/\/www.iemj.org\/es\/lebas-renee-1917-2009\/#primaryimage"},"thumbnailUrl":"https:\/\/www.iemj.org\/wp-content\/uploads\/2014\/05\/logo-bio-Renee-LEBAS-e1617029512893.jpg","datePublished":"2014-05-06T14:20:11+00:00","dateModified":"2025-09-01T10:11:39+00:00","breadcrumb":{"@id":"https:\/\/www.iemj.org\/es\/lebas-renee-1917-2009\/#breadcrumb"},"inLanguage":"es","potentialAction":[{"@type":"ReadAction","target":["https:\/\/www.iemj.org\/es\/lebas-renee-1917-2009\/"]}]},{"@type":"ImageObject","inLanguage":"es","@id":"https:\/\/www.iemj.org\/es\/lebas-renee-1917-2009\/#primaryimage","url":"https:\/\/www.iemj.org\/wp-content\/uploads\/2014\/05\/logo-bio-Renee-LEBAS-e1617029512893.jpg","contentUrl":"https:\/\/www.iemj.org\/wp-content\/uploads\/2014\/05\/logo-bio-Renee-LEBAS-e1617029512893.jpg","width":166,"height":218},{"@type":"BreadcrumbList","@id":"https:\/\/www.iemj.org\/es\/lebas-renee-1917-2009\/#breadcrumb","itemListElement":[{"@type":"ListItem","position":1,"name":"Accueil","item":"https:\/\/www.iemj.org\/es\/"},{"@type":"ListItem","position":2,"name":"Lebas, Ren\u00e9e (1917-2009)"}]},{"@type":"WebSite","@id":"https:\/\/www.iemj.org\/es\/#website","url":"https:\/\/www.iemj.org\/es\/","name":"Institut Europ\u00e9en des Musiques Juives","description":"Des traditions musicales \u00e0 la port\u00e9e de tous","publisher":{"@id":"https:\/\/www.iemj.org\/es\/#organization"},"potentialAction":[{"@type":"SearchAction","target":{"@type":"EntryPoint","urlTemplate":"https:\/\/www.iemj.org\/es\/?s={search_term_string}"},"query-input":{"@type":"PropertyValueSpecification","valueRequired":true,"valueName":"search_term_string"}}],"inLanguage":"es"},{"@type":"Organization","@id":"https:\/\/www.iemj.org\/es\/#organization","name":"Institut Europ\u00e9en des Musiques Juives","url":"https:\/\/www.iemj.org\/es\/","logo":{"@type":"ImageObject","inLanguage":"es","@id":"https:\/\/www.iemj.org\/es\/#\/schema\/logo\/image\/","url":"https:\/\/www.iemj.org\/wp-content\/uploads\/2021\/09\/Logo-IEMJ-Paypal.jpg","contentUrl":"https:\/\/www.iemj.org\/wp-content\/uploads\/2021\/09\/Logo-IEMJ-Paypal.jpg","width":150,"height":50,"caption":"Institut Europ\u00e9en des Musiques Juives"},"image":{"@id":"https:\/\/www.iemj.org\/es\/#\/schema\/logo\/image\/"},"sameAs":["https:\/\/www.facebook.com\/MusiquesJuives\/","https:\/\/www.instagram.com\/musiquesjuives\/","https:\/\/www.youtube.com\/user\/musiquesjuives"]},{"@type":"Person","@id":"https:\/\/www.iemj.org\/es\/#\/schema\/person\/906134402c29d5c76e7b726261dd4bbd","name":"Herv\u00e9 Roten","image":{"@type":"ImageObject","inLanguage":"es","@id":"https:\/\/secure.gravatar.com\/avatar\/f96ad2db538a26481f18384936b5cd0610c92d390c4dc382209216d455f685ff?s=96&d=mm&r=g","url":"https:\/\/secure.gravatar.com\/avatar\/f96ad2db538a26481f18384936b5cd0610c92d390c4dc382209216d455f685ff?s=96&d=mm&r=g","contentUrl":"https:\/\/secure.gravatar.com\/avatar\/f96ad2db538a26481f18384936b5cd0610c92d390c4dc382209216d455f685ff?s=96&d=mm&r=g","caption":"Herv\u00e9 Roten"}}]}},"_links":{"self":[{"href":"https:\/\/www.iemj.org\/es\/wp-json\/wp\/v2\/posts\/88626","targetHints":{"allow":["GET"]}}],"collection":[{"href":"https:\/\/www.iemj.org\/es\/wp-json\/wp\/v2\/posts"}],"about":[{"href":"https:\/\/www.iemj.org\/es\/wp-json\/wp\/v2\/types\/post"}],"author":[{"embeddable":true,"href":"https:\/\/www.iemj.org\/es\/wp-json\/wp\/v2\/users\/1045"}],"replies":[{"embeddable":true,"href":"https:\/\/www.iemj.org\/es\/wp-json\/wp\/v2\/comments?post=88626"}],"version-history":[{"count":0,"href":"https:\/\/www.iemj.org\/es\/wp-json\/wp\/v2\/posts\/88626\/revisions"}],"wp:featuredmedia":[{"embeddable":true,"href":"https:\/\/www.iemj.org\/es\/wp-json\/wp\/v2\/media\/88628"}],"wp:attachment":[{"href":"https:\/\/www.iemj.org\/es\/wp-json\/wp\/v2\/media?parent=88626"}],"wp:term":[{"taxonomy":"category","embeddable":true,"href":"https:\/\/www.iemj.org\/es\/wp-json\/wp\/v2\/categories?post=88626"},{"taxonomy":"post_tag","embeddable":true,"href":"https:\/\/www.iemj.org\/es\/wp-json\/wp\/v2\/tags?post=88626"},{"taxonomy":"technique","embeddable":true,"href":"https:\/\/www.iemj.org\/es\/wp-json\/wp\/v2\/technique?post=88626"},{"taxonomy":"squelettes","embeddable":true,"href":"https:\/\/www.iemj.org\/es\/wp-json\/wp\/v2\/squelettes?post=88626"},{"taxonomy":"sujet","embeddable":true,"href":"https:\/\/www.iemj.org\/es\/wp-json\/wp\/v2\/sujet?post=88626"},{"taxonomy":"formation","embeddable":true,"href":"https:\/\/www.iemj.org\/es\/wp-json\/wp\/v2\/formation?post=88626"},{"taxonomy":"genre","embeddable":true,"href":"https:\/\/www.iemj.org\/es\/wp-json\/wp\/v2\/genre?post=88626"},{"taxonomy":"fonds","embeddable":true,"href":"https:\/\/www.iemj.org\/es\/wp-json\/wp\/v2\/fonds?post=88626"},{"taxonomy":"tradition","embeddable":true,"href":"https:\/\/www.iemj.org\/es\/wp-json\/wp\/v2\/tradition?post=88626"},{"taxonomy":"type-de-contenu","embeddable":true,"href":"https:\/\/www.iemj.org\/es\/wp-json\/wp\/v2\/type-de-contenu?post=88626"},{"taxonomy":"interprete-compositeur","embeddable":true,"href":"https:\/\/www.iemj.org\/es\/wp-json\/wp\/v2\/interprete-compositeur?post=88626"},{"taxonomy":"frise","embeddable":true,"href":"https:\/\/www.iemj.org\/es\/wp-json\/wp\/v2\/frise?post=88626"},{"taxonomy":"type-devenement","embeddable":true,"href":"https:\/\/www.iemj.org\/es\/wp-json\/wp\/v2\/type-devenement?post=88626"},{"taxonomy":"tableaux-liens-externes","embeddable":true,"href":"https:\/\/www.iemj.org\/es\/wp-json\/wp\/v2\/tableaux-liens-externes?post=88626"}],"curies":[{"name":"wp","href":"https:\/\/api.w.org\/{rel}","templated":true}]}}