{"id":88654,"date":"2021-10-11T12:37:41","date_gmt":"2021-10-11T10:37:41","guid":{"rendered":"https:\/\/www.iemj.org\/levin-leibu-1914-1983\/"},"modified":"2022-10-10T15:07:55","modified_gmt":"2022-10-10T13:07:55","slug":"levin-leibu-1914-1983","status":"publish","type":"post","link":"https:\/\/www.iemj.org\/es\/levin-leibu-1914-1983\/","title":{"rendered":"Levin, Leibu (1914-1983)"},"content":{"rendered":"<p class=\"Standard\" style=\"text-align: justify; text-justify: inter-ideograph;\"><b><span lang=\"ES\">Leibu Levin<\/span><\/b><span lang=\"ES\"> naci\u00f3 en Kimpelung, en Bucovina, en 1914. A partir del a\u00f1o 1919, vivi\u00f3 en Czernowitz. Estudi\u00f3 la lengua y la literatura yidis en el seminario del \u201cYiddisher Shul-Farayn\u201d y al mismo tiempo apareci\u00f3 durante recitales de prosa y de poes\u00eda en yidis, a menudo cantando sus propias melod\u00edas. Los primeros conciertos de Levin fueron muy apreciados por el ling\u00fcista y fil\u00f3logo Dr Haim Gininger. En un art\u00edculo largo y elogioso, publicado en la revista literaria de Bucarest \u201cDi Vokh\u201d el 31 de enero de 1935, escribi\u00f3: \u201cLeibu Levin se mostr\u00f3 excelente int\u00e9rprete de la poes\u00eda yidis&#8230; Levin quiz\u00e1s es el primer en interpretar Manger. Nunca antes hab\u00edamos sido tan embriagados por el paisaje y el perfume espec\u00edfico de Manger hasta que Levin relat\u00f3 sus paseos&#8230;\u201d<\/span><\/p>\n<p class=\"Standard\" style=\"text-align: justify; text-justify: inter-ideograph;\"><span lang=\"ES\">Hersh Segal public\u00f3 en 1939 en Czernowitz el peque\u00f1o \u00e1lbum \u201cZeks Shloflider\u201d (\u201cSeis canciones de cuna\u201d), que contiene melod\u00edas de Levin unidas con poemas de I. Manger, H. Leivick, M.-L Halpern, A. Risen y N. Yud, ilustrado por Isiu Sherf. Una de estas canciones titulada \u201cAz du vest batsoln, bruder&#8230;\u201d, de M.-L Halpern, atraves\u00f3 el oc\u00e9ano para convertirse en una canci\u00f3n popular en vida de su compositor.<\/span><\/p>\n<figure id=\"attachment_69308\" aria-describedby=\"caption-attachment-69308\" style=\"width: 300px\" class=\"wp-caption alignright\"><img fetchpriority=\"high\" decoding=\"async\" class=\"wp-image-69308 size-medium\" src=\"https:\/\/www.iemj.org\/wp-content\/uploads\/2021\/10\/Leibu-Levin-a-doite-a-la-Yidisher-shulfarayn-milieu-des-annees-30-a-Czernowitz_250px-hauteur-300x192.jpg\" alt=\"\" width=\"300\" height=\"192\" srcset=\"https:\/\/www.iemj.org\/wp-content\/uploads\/2021\/10\/Leibu-Levin-a-doite-a-la-Yidisher-shulfarayn-milieu-des-annees-30-a-Czernowitz_250px-hauteur-300x192.jpg 300w, https:\/\/www.iemj.org\/wp-content\/uploads\/2021\/10\/Leibu-Levin-a-doite-a-la-Yidisher-shulfarayn-milieu-des-annees-30-a-Czernowitz_250px-hauteur.jpg 391w\" sizes=\"(max-width: 300px) 100vw, 300px\" \/><figcaption id=\"caption-attachment-69308\" class=\"wp-caption-text\"><strong>Leibu Levin a la derecha, en la Yidisher shulfarayn (Uni\u00f3n de las escuelas jud\u00edas), a mediados de los a\u00f1os 30, en Czernowitz<\/strong><\/figcaption><\/figure>\n<p>Leibu Levin dio much\u00edsimos conciertos en Czernowitz, Bucarest y en otras ciudades de Ruman\u00eda. Es un verdadero trovador de la literatura en yidis. Recit\u00f3 las f\u00e1bulas d&#8217;Elieser Steinbarg antes incluso de que fueran publicadas. En Beldz (Besarabia), encontr\u00f3 al folclorista Zelik Barditshever y se volvi\u00f3 el primer artista en interpretar sus canciones en vivo. Las partituras originarias del libro \u201cZelik Barditshever. Lider Mit Nigunim\u201d, publicado por Hersh Segal en Czernowitz en 1939, fueron transcritas tras el canto y la interpretaci\u00f3n de Leibu Levin.<\/p>\n<p class=\"Standard\" style=\"text-align: justify; text-justify: inter-ideograph;\"><span lang=\"ES\">En 1941, cuando estall\u00f3 la guerra entre Alemania y la URSS, Levin fue llamado a servicio y, m\u00e1s tarde, fue enviado a un campo de trabajo en los Urales. En 1942, fue detenido y condenado sin juicio a quince a\u00f1os de prisi\u00f3n. No fue hasta 1956 que fue liberado y por fin \u201crehabilitado\u201d. Actu\u00f3 durante seis a\u00f1os m\u00e1s \u2013 tres de los cuales en compa\u00f1\u00eda de Nechama Lifshitz, &#8211; pero debi\u00f3 de nuevo abandonar la escena, a causa de su salud seriamente afectada por su per\u00edodo en los campos de prisioneros.<\/span><\/p>\n<p class=\"Standard\" style=\"text-align: justify; text-justify: inter-ideograph;\"><span lang=\"ES\">Sin embargo, sigui\u00f3 poniendo m\u00fasica a la poes\u00eda en yidis. En 1972, emigr\u00f3 a Israel. Fue entonces cuando puso m\u00fasica, entre otros, a seis poemas en hebreo. Algunas grabaciones de estas canciones fueron realizadas por Kol Israel en los a\u00f1os 70. Tradujo tambi\u00e9n del alem\u00e1n al yidis todos los poemas de la poetisa de Czernowitz, Selma Meerbaum-Eisinger (una prima de Paul Celan), fallecida en un campo nazi a los 18 a\u00f1os, y puso m\u00fasica a seis de sus poemas. Su \u00faltimo concierto en 1982, en Jerusal\u00e9n, fue tambi\u00e9n grabado por Kol Israel.<\/span><\/p>\n<p>Leibu Levin falleci\u00f3 en 1983, en Herzliya, en Israel, a los 69 a\u00f1os. Dej\u00f3 aproximadamente 80 composiciones creadas a partir de las letras m\u00e1s bonitas de la poes\u00eda en yidis. Las canciones en textos de poes\u00eda en hebreo, con arreglos para piano de Hanan Winternitz, fueron publicadas en 1990 en la Biblioteca musical Nisimov de Tel Aviv.<a href=\"https:\/\/www.iemj.org\/es\/leibu-levin-word-and-melody-yiddish-poetry-set-to-music\/\" target=\"_blank\" rel=\"noopener\">Una antolog\u00eda de 49 canciones extra\u00eddas de la poes\u00eda en yidis, con arreglos para piano de H. Winternitz, fue publicada en 2005 en las ediciones \u201cI. L. Peretz Publications\u201d, en Tel Aviv<\/a>. Esa antolog\u00eda consta de 49 canciones alrededor de poemas procedentes de 21 poetas yidish (I. Manger, H. Leivick, A. Reisen, H. N. Bialik, M.-L Halpern y m\u00e1s), fotos y dibujos. Ruth Levin, la hija del compositor y cantante de fama, escribi\u00f3 el prefacio y el ep\u00edlogo. Todos los textos est\u00e1n escritos en yidis, en ingl\u00e9s y en hebreo.<\/p>\n<p><a href=\"https:\/\/www.iemj.org\/les-faces-cachees-de-la-musique-juive-leibu-levin\/\" target=\"_blank\" rel=\"noopener\">Escuche el programa de radio Les faces cach\u00e9es de la musique juive : Leibu Levin<\/a><\/p>\n\n\n<p><\/p>\n","protected":false},"excerpt":{"rendered":"<p>Leibu Levin naci\u00f3 en Kimpelung, en Bucovina, en 1914. A partir del a\u00f1o 1919, vivi\u00f3 en Czernowitz. Estudi\u00f3 la lengua y la literatura yidis en el seminario del \u201cYiddisher Shul-Farayn\u201d<\/p>\n","protected":false},"author":5,"featured_media":69307,"comment_status":"closed","ping_status":"closed","sticky":false,"template":"","format":"standard","meta":{"_acf_changed":false,"footnotes":""},"categories":[1417],"tags":[],"technique":[],"squelettes":[],"sujet":[],"formation":[],"genre":[],"fonds":[],"tradition":[],"type-de-contenu":[],"interprete-compositeur":[],"frise":[],"type-devenement":[],"tableaux-liens-externes":[],"class_list":["post-88654","post","type-post","status-publish","format-standard","has-post-thumbnail","hentry","category-biografias-es"],"acf":[],"yoast_head":"<!-- This site is optimized with the Yoast SEO plugin v27.3 - https:\/\/yoast.com\/product\/yoast-seo-wordpress\/ -->\n<title>Levin, Leibu (1914-1983) - Institut Europ\u00e9en des Musiques Juives<\/title>\n<meta name=\"robots\" content=\"index, follow, max-snippet:-1, max-image-preview:large, max-video-preview:-1\" \/>\n<link rel=\"canonical\" href=\"https:\/\/www.iemj.org\/es\/levin-leibu-1914-1983\/\" \/>\n<meta property=\"og:locale\" content=\"es_ES\" \/>\n<meta property=\"og:type\" content=\"article\" \/>\n<meta property=\"og:title\" content=\"Levin, Leibu (1914-1983) - Institut Europ\u00e9en des Musiques Juives\" \/>\n<meta property=\"og:description\" content=\"Leibu Levin naci\u00f3 en Kimpelung, en Bucovina, en 1914. A partir del a\u00f1o 1919, vivi\u00f3 en Czernowitz. Estudi\u00f3 la lengua y la literatura yidis en el seminario del \u201cYiddisher Shul-Farayn\u201d\" \/>\n<meta property=\"og:url\" content=\"https:\/\/www.iemj.org\/es\/levin-leibu-1914-1983\/\" \/>\n<meta property=\"og:site_name\" content=\"Institut Europ\u00e9en des Musiques Juives\" \/>\n<meta property=\"article:publisher\" content=\"https:\/\/www.facebook.com\/MusiquesJuives\/\" \/>\n<meta property=\"article:published_time\" content=\"2021-10-11T10:37:41+00:00\" \/>\n<meta property=\"article:modified_time\" content=\"2022-10-10T13:07:55+00:00\" \/>\n<meta property=\"og:image\" content=\"https:\/\/www.iemj.org\/wp-content\/uploads\/2021\/10\/Photo-Bio-Leibu-Levin2_218px-hauteur.jpg\" \/>\n\t<meta property=\"og:image:width\" content=\"157\" \/>\n\t<meta property=\"og:image:height\" content=\"218\" \/>\n\t<meta property=\"og:image:type\" content=\"image\/jpeg\" \/>\n<meta name=\"author\" content=\"Jacqueline ROTEN\" \/>\n<meta name=\"twitter:card\" content=\"summary_large_image\" \/>\n<meta name=\"twitter:label1\" content=\"Escrito por\" \/>\n\t<meta name=\"twitter:data1\" content=\"Jacqueline ROTEN\" \/>\n\t<meta name=\"twitter:label2\" content=\"Tiempo de lectura\" \/>\n\t<meta name=\"twitter:data2\" content=\"4 minutos\" \/>\n<script type=\"application\/ld+json\" class=\"yoast-schema-graph\">{\"@context\":\"https:\\\/\\\/schema.org\",\"@graph\":[{\"@type\":\"Article\",\"@id\":\"https:\\\/\\\/www.iemj.org\\\/es\\\/levin-leibu-1914-1983\\\/#article\",\"isPartOf\":{\"@id\":\"https:\\\/\\\/www.iemj.org\\\/es\\\/levin-leibu-1914-1983\\\/\"},\"author\":{\"name\":\"Jacqueline ROTEN\",\"@id\":\"https:\\\/\\\/www.iemj.org\\\/es\\\/#\\\/schema\\\/person\\\/358e26c18aca017fcc4cc15437f7279c\"},\"headline\":\"Levin, Leibu (1914-1983)\",\"datePublished\":\"2021-10-11T10:37:41+00:00\",\"dateModified\":\"2022-10-10T13:07:55+00:00\",\"mainEntityOfPage\":{\"@id\":\"https:\\\/\\\/www.iemj.org\\\/es\\\/levin-leibu-1914-1983\\\/\"},\"wordCount\":686,\"publisher\":{\"@id\":\"https:\\\/\\\/www.iemj.org\\\/es\\\/#organization\"},\"image\":{\"@id\":\"https:\\\/\\\/www.iemj.org\\\/es\\\/levin-leibu-1914-1983\\\/#primaryimage\"},\"thumbnailUrl\":\"https:\\\/\\\/www.iemj.org\\\/wp-content\\\/uploads\\\/2021\\\/10\\\/Photo-Bio-Leibu-Levin2_218px-hauteur.jpg\",\"articleSection\":[\"Biograf\u00edas\"],\"inLanguage\":\"es\"},{\"@type\":\"WebPage\",\"@id\":\"https:\\\/\\\/www.iemj.org\\\/es\\\/levin-leibu-1914-1983\\\/\",\"url\":\"https:\\\/\\\/www.iemj.org\\\/es\\\/levin-leibu-1914-1983\\\/\",\"name\":\"Levin, Leibu (1914-1983) - Institut Europ\u00e9en des Musiques Juives\",\"isPartOf\":{\"@id\":\"https:\\\/\\\/www.iemj.org\\\/es\\\/#website\"},\"primaryImageOfPage\":{\"@id\":\"https:\\\/\\\/www.iemj.org\\\/es\\\/levin-leibu-1914-1983\\\/#primaryimage\"},\"image\":{\"@id\":\"https:\\\/\\\/www.iemj.org\\\/es\\\/levin-leibu-1914-1983\\\/#primaryimage\"},\"thumbnailUrl\":\"https:\\\/\\\/www.iemj.org\\\/wp-content\\\/uploads\\\/2021\\\/10\\\/Photo-Bio-Leibu-Levin2_218px-hauteur.jpg\",\"datePublished\":\"2021-10-11T10:37:41+00:00\",\"dateModified\":\"2022-10-10T13:07:55+00:00\",\"breadcrumb\":{\"@id\":\"https:\\\/\\\/www.iemj.org\\\/es\\\/levin-leibu-1914-1983\\\/#breadcrumb\"},\"inLanguage\":\"es\",\"potentialAction\":[{\"@type\":\"ReadAction\",\"target\":[\"https:\\\/\\\/www.iemj.org\\\/es\\\/levin-leibu-1914-1983\\\/\"]}]},{\"@type\":\"ImageObject\",\"inLanguage\":\"es\",\"@id\":\"https:\\\/\\\/www.iemj.org\\\/es\\\/levin-leibu-1914-1983\\\/#primaryimage\",\"url\":\"https:\\\/\\\/www.iemj.org\\\/wp-content\\\/uploads\\\/2021\\\/10\\\/Photo-Bio-Leibu-Levin2_218px-hauteur.jpg\",\"contentUrl\":\"https:\\\/\\\/www.iemj.org\\\/wp-content\\\/uploads\\\/2021\\\/10\\\/Photo-Bio-Leibu-Levin2_218px-hauteur.jpg\",\"width\":157,\"height\":218,\"caption\":\"Photo Bio Leibu Levin\"},{\"@type\":\"BreadcrumbList\",\"@id\":\"https:\\\/\\\/www.iemj.org\\\/es\\\/levin-leibu-1914-1983\\\/#breadcrumb\",\"itemListElement\":[{\"@type\":\"ListItem\",\"position\":1,\"name\":\"Accueil\",\"item\":\"https:\\\/\\\/www.iemj.org\\\/es\\\/\"},{\"@type\":\"ListItem\",\"position\":2,\"name\":\"Levin, Leibu (1914-1983)\"}]},{\"@type\":\"WebSite\",\"@id\":\"https:\\\/\\\/www.iemj.org\\\/es\\\/#website\",\"url\":\"https:\\\/\\\/www.iemj.org\\\/es\\\/\",\"name\":\"Institut Europ\u00e9en des Musiques Juives\",\"description\":\"Des traditions musicales \u00e0 la port\u00e9e de tous\",\"publisher\":{\"@id\":\"https:\\\/\\\/www.iemj.org\\\/es\\\/#organization\"},\"potentialAction\":[{\"@type\":\"SearchAction\",\"target\":{\"@type\":\"EntryPoint\",\"urlTemplate\":\"https:\\\/\\\/www.iemj.org\\\/es\\\/?s={search_term_string}\"},\"query-input\":{\"@type\":\"PropertyValueSpecification\",\"valueRequired\":true,\"valueName\":\"search_term_string\"}}],\"inLanguage\":\"es\"},{\"@type\":\"Organization\",\"@id\":\"https:\\\/\\\/www.iemj.org\\\/es\\\/#organization\",\"name\":\"Institut Europ\u00e9en des Musiques Juives\",\"url\":\"https:\\\/\\\/www.iemj.org\\\/es\\\/\",\"logo\":{\"@type\":\"ImageObject\",\"inLanguage\":\"es\",\"@id\":\"https:\\\/\\\/www.iemj.org\\\/es\\\/#\\\/schema\\\/logo\\\/image\\\/\",\"url\":\"https:\\\/\\\/www.iemj.org\\\/wp-content\\\/uploads\\\/2021\\\/09\\\/Logo-IEMJ-Paypal.jpg\",\"contentUrl\":\"https:\\\/\\\/www.iemj.org\\\/wp-content\\\/uploads\\\/2021\\\/09\\\/Logo-IEMJ-Paypal.jpg\",\"width\":150,\"height\":50,\"caption\":\"Institut Europ\u00e9en des Musiques Juives\"},\"image\":{\"@id\":\"https:\\\/\\\/www.iemj.org\\\/es\\\/#\\\/schema\\\/logo\\\/image\\\/\"},\"sameAs\":[\"https:\\\/\\\/www.facebook.com\\\/MusiquesJuives\\\/\",\"https:\\\/\\\/www.instagram.com\\\/musiquesjuives\\\/\",\"https:\\\/\\\/www.youtube.com\\\/user\\\/musiquesjuives\"]},{\"@type\":\"Person\",\"@id\":\"https:\\\/\\\/www.iemj.org\\\/es\\\/#\\\/schema\\\/person\\\/358e26c18aca017fcc4cc15437f7279c\",\"name\":\"Jacqueline ROTEN\",\"image\":{\"@type\":\"ImageObject\",\"inLanguage\":\"es\",\"@id\":\"https:\\\/\\\/secure.gravatar.com\\\/avatar\\\/5964256d6c6957de3a3505278957e0fb2a35119ac47ea41827a65301213c810b?s=96&d=mm&r=g\",\"url\":\"https:\\\/\\\/secure.gravatar.com\\\/avatar\\\/5964256d6c6957de3a3505278957e0fb2a35119ac47ea41827a65301213c810b?s=96&d=mm&r=g\",\"contentUrl\":\"https:\\\/\\\/secure.gravatar.com\\\/avatar\\\/5964256d6c6957de3a3505278957e0fb2a35119ac47ea41827a65301213c810b?s=96&d=mm&r=g\",\"caption\":\"Jacqueline ROTEN\"}}]}<\/script>\n<!-- \/ Yoast SEO plugin. -->","yoast_head_json":{"title":"Levin, Leibu (1914-1983) - Institut Europ\u00e9en des Musiques Juives","robots":{"index":"index","follow":"follow","max-snippet":"max-snippet:-1","max-image-preview":"max-image-preview:large","max-video-preview":"max-video-preview:-1"},"canonical":"https:\/\/www.iemj.org\/es\/levin-leibu-1914-1983\/","og_locale":"es_ES","og_type":"article","og_title":"Levin, Leibu (1914-1983) - Institut Europ\u00e9en des Musiques Juives","og_description":"Leibu Levin naci\u00f3 en Kimpelung, en Bucovina, en 1914. A partir del a\u00f1o 1919, vivi\u00f3 en Czernowitz. Estudi\u00f3 la lengua y la literatura yidis en el seminario del \u201cYiddisher Shul-Farayn\u201d","og_url":"https:\/\/www.iemj.org\/es\/levin-leibu-1914-1983\/","og_site_name":"Institut Europ\u00e9en des Musiques Juives","article_publisher":"https:\/\/www.facebook.com\/MusiquesJuives\/","article_published_time":"2021-10-11T10:37:41+00:00","article_modified_time":"2022-10-10T13:07:55+00:00","og_image":[{"width":157,"height":218,"url":"https:\/\/www.iemj.org\/wp-content\/uploads\/2021\/10\/Photo-Bio-Leibu-Levin2_218px-hauteur.jpg","type":"image\/jpeg"}],"author":"Jacqueline ROTEN","twitter_card":"summary_large_image","twitter_misc":{"Escrito por":"Jacqueline ROTEN","Tiempo de lectura":"4 minutos"},"schema":{"@context":"https:\/\/schema.org","@graph":[{"@type":"Article","@id":"https:\/\/www.iemj.org\/es\/levin-leibu-1914-1983\/#article","isPartOf":{"@id":"https:\/\/www.iemj.org\/es\/levin-leibu-1914-1983\/"},"author":{"name":"Jacqueline ROTEN","@id":"https:\/\/www.iemj.org\/es\/#\/schema\/person\/358e26c18aca017fcc4cc15437f7279c"},"headline":"Levin, Leibu (1914-1983)","datePublished":"2021-10-11T10:37:41+00:00","dateModified":"2022-10-10T13:07:55+00:00","mainEntityOfPage":{"@id":"https:\/\/www.iemj.org\/es\/levin-leibu-1914-1983\/"},"wordCount":686,"publisher":{"@id":"https:\/\/www.iemj.org\/es\/#organization"},"image":{"@id":"https:\/\/www.iemj.org\/es\/levin-leibu-1914-1983\/#primaryimage"},"thumbnailUrl":"https:\/\/www.iemj.org\/wp-content\/uploads\/2021\/10\/Photo-Bio-Leibu-Levin2_218px-hauteur.jpg","articleSection":["Biograf\u00edas"],"inLanguage":"es"},{"@type":"WebPage","@id":"https:\/\/www.iemj.org\/es\/levin-leibu-1914-1983\/","url":"https:\/\/www.iemj.org\/es\/levin-leibu-1914-1983\/","name":"Levin, Leibu (1914-1983) - Institut Europ\u00e9en des Musiques Juives","isPartOf":{"@id":"https:\/\/www.iemj.org\/es\/#website"},"primaryImageOfPage":{"@id":"https:\/\/www.iemj.org\/es\/levin-leibu-1914-1983\/#primaryimage"},"image":{"@id":"https:\/\/www.iemj.org\/es\/levin-leibu-1914-1983\/#primaryimage"},"thumbnailUrl":"https:\/\/www.iemj.org\/wp-content\/uploads\/2021\/10\/Photo-Bio-Leibu-Levin2_218px-hauteur.jpg","datePublished":"2021-10-11T10:37:41+00:00","dateModified":"2022-10-10T13:07:55+00:00","breadcrumb":{"@id":"https:\/\/www.iemj.org\/es\/levin-leibu-1914-1983\/#breadcrumb"},"inLanguage":"es","potentialAction":[{"@type":"ReadAction","target":["https:\/\/www.iemj.org\/es\/levin-leibu-1914-1983\/"]}]},{"@type":"ImageObject","inLanguage":"es","@id":"https:\/\/www.iemj.org\/es\/levin-leibu-1914-1983\/#primaryimage","url":"https:\/\/www.iemj.org\/wp-content\/uploads\/2021\/10\/Photo-Bio-Leibu-Levin2_218px-hauteur.jpg","contentUrl":"https:\/\/www.iemj.org\/wp-content\/uploads\/2021\/10\/Photo-Bio-Leibu-Levin2_218px-hauteur.jpg","width":157,"height":218,"caption":"Photo Bio Leibu Levin"},{"@type":"BreadcrumbList","@id":"https:\/\/www.iemj.org\/es\/levin-leibu-1914-1983\/#breadcrumb","itemListElement":[{"@type":"ListItem","position":1,"name":"Accueil","item":"https:\/\/www.iemj.org\/es\/"},{"@type":"ListItem","position":2,"name":"Levin, Leibu (1914-1983)"}]},{"@type":"WebSite","@id":"https:\/\/www.iemj.org\/es\/#website","url":"https:\/\/www.iemj.org\/es\/","name":"Institut Europ\u00e9en des Musiques Juives","description":"Des traditions musicales \u00e0 la port\u00e9e de tous","publisher":{"@id":"https:\/\/www.iemj.org\/es\/#organization"},"potentialAction":[{"@type":"SearchAction","target":{"@type":"EntryPoint","urlTemplate":"https:\/\/www.iemj.org\/es\/?s={search_term_string}"},"query-input":{"@type":"PropertyValueSpecification","valueRequired":true,"valueName":"search_term_string"}}],"inLanguage":"es"},{"@type":"Organization","@id":"https:\/\/www.iemj.org\/es\/#organization","name":"Institut Europ\u00e9en des Musiques Juives","url":"https:\/\/www.iemj.org\/es\/","logo":{"@type":"ImageObject","inLanguage":"es","@id":"https:\/\/www.iemj.org\/es\/#\/schema\/logo\/image\/","url":"https:\/\/www.iemj.org\/wp-content\/uploads\/2021\/09\/Logo-IEMJ-Paypal.jpg","contentUrl":"https:\/\/www.iemj.org\/wp-content\/uploads\/2021\/09\/Logo-IEMJ-Paypal.jpg","width":150,"height":50,"caption":"Institut Europ\u00e9en des Musiques Juives"},"image":{"@id":"https:\/\/www.iemj.org\/es\/#\/schema\/logo\/image\/"},"sameAs":["https:\/\/www.facebook.com\/MusiquesJuives\/","https:\/\/www.instagram.com\/musiquesjuives\/","https:\/\/www.youtube.com\/user\/musiquesjuives"]},{"@type":"Person","@id":"https:\/\/www.iemj.org\/es\/#\/schema\/person\/358e26c18aca017fcc4cc15437f7279c","name":"Jacqueline ROTEN","image":{"@type":"ImageObject","inLanguage":"es","@id":"https:\/\/secure.gravatar.com\/avatar\/5964256d6c6957de3a3505278957e0fb2a35119ac47ea41827a65301213c810b?s=96&d=mm&r=g","url":"https:\/\/secure.gravatar.com\/avatar\/5964256d6c6957de3a3505278957e0fb2a35119ac47ea41827a65301213c810b?s=96&d=mm&r=g","contentUrl":"https:\/\/secure.gravatar.com\/avatar\/5964256d6c6957de3a3505278957e0fb2a35119ac47ea41827a65301213c810b?s=96&d=mm&r=g","caption":"Jacqueline ROTEN"}}]}},"_links":{"self":[{"href":"https:\/\/www.iemj.org\/es\/wp-json\/wp\/v2\/posts\/88654","targetHints":{"allow":["GET"]}}],"collection":[{"href":"https:\/\/www.iemj.org\/es\/wp-json\/wp\/v2\/posts"}],"about":[{"href":"https:\/\/www.iemj.org\/es\/wp-json\/wp\/v2\/types\/post"}],"author":[{"embeddable":true,"href":"https:\/\/www.iemj.org\/es\/wp-json\/wp\/v2\/users\/5"}],"replies":[{"embeddable":true,"href":"https:\/\/www.iemj.org\/es\/wp-json\/wp\/v2\/comments?post=88654"}],"version-history":[{"count":0,"href":"https:\/\/www.iemj.org\/es\/wp-json\/wp\/v2\/posts\/88654\/revisions"}],"wp:featuredmedia":[{"embeddable":true,"href":"https:\/\/www.iemj.org\/es\/wp-json\/wp\/v2\/media\/69307"}],"wp:attachment":[{"href":"https:\/\/www.iemj.org\/es\/wp-json\/wp\/v2\/media?parent=88654"}],"wp:term":[{"taxonomy":"category","embeddable":true,"href":"https:\/\/www.iemj.org\/es\/wp-json\/wp\/v2\/categories?post=88654"},{"taxonomy":"post_tag","embeddable":true,"href":"https:\/\/www.iemj.org\/es\/wp-json\/wp\/v2\/tags?post=88654"},{"taxonomy":"technique","embeddable":true,"href":"https:\/\/www.iemj.org\/es\/wp-json\/wp\/v2\/technique?post=88654"},{"taxonomy":"squelettes","embeddable":true,"href":"https:\/\/www.iemj.org\/es\/wp-json\/wp\/v2\/squelettes?post=88654"},{"taxonomy":"sujet","embeddable":true,"href":"https:\/\/www.iemj.org\/es\/wp-json\/wp\/v2\/sujet?post=88654"},{"taxonomy":"formation","embeddable":true,"href":"https:\/\/www.iemj.org\/es\/wp-json\/wp\/v2\/formation?post=88654"},{"taxonomy":"genre","embeddable":true,"href":"https:\/\/www.iemj.org\/es\/wp-json\/wp\/v2\/genre?post=88654"},{"taxonomy":"fonds","embeddable":true,"href":"https:\/\/www.iemj.org\/es\/wp-json\/wp\/v2\/fonds?post=88654"},{"taxonomy":"tradition","embeddable":true,"href":"https:\/\/www.iemj.org\/es\/wp-json\/wp\/v2\/tradition?post=88654"},{"taxonomy":"type-de-contenu","embeddable":true,"href":"https:\/\/www.iemj.org\/es\/wp-json\/wp\/v2\/type-de-contenu?post=88654"},{"taxonomy":"interprete-compositeur","embeddable":true,"href":"https:\/\/www.iemj.org\/es\/wp-json\/wp\/v2\/interprete-compositeur?post=88654"},{"taxonomy":"frise","embeddable":true,"href":"https:\/\/www.iemj.org\/es\/wp-json\/wp\/v2\/frise?post=88654"},{"taxonomy":"type-devenement","embeddable":true,"href":"https:\/\/www.iemj.org\/es\/wp-json\/wp\/v2\/type-devenement?post=88654"},{"taxonomy":"tableaux-liens-externes","embeddable":true,"href":"https:\/\/www.iemj.org\/es\/wp-json\/wp\/v2\/tableaux-liens-externes?post=88654"}],"curies":[{"name":"wp","href":"https:\/\/api.w.org\/{rel}","templated":true}]}}