{"id":88724,"date":"2021-01-05T16:58:20","date_gmt":"2021-01-05T15:58:20","guid":{"rendered":"https:\/\/www.iemj.org\/zarai-rika-1938-2020\/"},"modified":"2022-10-10T16:31:51","modified_gmt":"2022-10-10T14:31:51","slug":"zarai-rika-1938-2020","status":"publish","type":"post","link":"https:\/\/www.iemj.org\/es\/zarai-rika-1938-2020\/","title":{"rendered":"Zara\u00ef, Rika (1938 &#8211; 2020)"},"content":{"rendered":"<p>Rika Zara\u00ef, cuyo nombre de nacimiento es Rivka Gozman, naci\u00f3 el 19 de febrero de 1938, en Jerusal\u00e9n, en Palestina (durante el Mandato Brit\u00e1nico de Palestina), de un padre ruso originario de Odesa y de una madre polaca de Wo\u0142o\u017cyn. La juventud de Rika Zara\u00ef fue estudiosa, la muchacha siguiendo al mismo tiempo su escolaridad y sus estudios musicales. A la edad de 7 a\u00f1os, sigui\u00f3 clases de piano, demostr\u00f3 ser particularmente buena. A los 17 a\u00f1os, obtuvo su bachillerato, y el primer premio de piano del conservatorio de Jerusal\u00e9n. Inmediatamente despu\u00e9s, realiz\u00f3 su servicio militar donde est\u00e1 encargada de dirigir una comedia musical, <em>Cinq sur cinq<\/em>, que obtuvo un enorme \u00e9xito entre los soldados, hasta tal punto que el director de uno de los m\u00e1s importantes teatros de Jerusal\u00e9n decidi\u00f3 producir la obra de teatro. El d\u00eda de la audiencia, la cantante que interpretaba el papel principal, estando en misi\u00f3n, Rika la sustituy\u00f3 con poca antelaci\u00f3n, empezando as\u00ed su carrera como cantante a los 19 a\u00f1os. Poco despu\u00e9s, se cas\u00f3 en 1958 con el letrista del espect\u00e1culo, Johanan Zara\u00ef, con quien tuvo una hija, Ya\u00ebl, en 1959.<\/p>\n<p><img decoding=\"async\" class=\"wp-image-30418 alignright\" src=\"https:\/\/www.iemj.org\/wp-content\/uploads\/2021\/01\/1._disque_rika_jeune_fond_rouge.jpg\" alt=\"1._disque_rika_jeune_fond_rouge.jpg\" width=\"198\" height=\"200\" align=\"right\" srcset=\"https:\/\/www.iemj.org\/wp-content\/uploads\/2021\/01\/1._disque_rika_jeune_fond_rouge.jpg 248w, https:\/\/www.iemj.org\/wp-content\/uploads\/2021\/01\/1._disque_rika_jeune_fond_rouge-100x100.jpg 100w\" sizes=\"(max-width: 198px) 100vw, 198px\" \/><\/p>\n<p>Cuando dej\u00f3 el ej\u00e9rcito, Rika Zara\u00ef actu\u00f3 en caf\u00e9-teatros, interpretado traducciones al hebreo de canciones de Trenet, Greco, Aznavour y Brassens. Su talento fue descubierto por un productor teatral que lui sugiri\u00f3 que fuera a Francia para presentarse al director del Olympia, Bruno Coquatrix. \u00c9ste le aconsej\u00f3 que volviera cuando domine el franc\u00e9s. Rika Zara\u00ef, que se hab\u00eda separado de su marido, viv\u00eda momentos dif\u00edciles, debiendo atender las necesitades de su hija a\u00fan joven. Cant\u00f3 en cabar\u00e9s, especialmente en el Caroll\u2019s y la Villa d\u2019Este, durante dos a\u00f1os y medio. Por fin su carrera empez\u00f3 cuando encontr\u00f3 al productor Eddie Barclay, con quien firm\u00f3 un contrato en 1960, con el sello Bel Air, canciones como <em>L\u2019olivier<\/em><em> o<\/em> tambi\u00e9n <em>Hava Naguila<\/em>, que empezaron a transmitirse por radio. Cant\u00f3 tambi\u00e9n en franc\u00e9s cl\u00e1sicos del repertorio israel\u00ed, como <em>Yerushalayim shel zahav<\/em> (Jerusal\u00e9n ciudad de oro) y <em>Halleluyah<\/em> (Gran Premio Eurovisi\u00f3n 1979).<\/p>\n<p>En octubre de 1960, Rika Zara\u00ef actu\u00f3 en Bobino, como preludio a la actuaci\u00f3n de Marcel Amont. En 1961, Bruno Coquatrix, fiel a su palabra, la contrat\u00f3 como primera parte de Jacques Brel en el Olympia. Fue en esta ocasi\u00f3n cuando conoci\u00f3 a Jean-Pierre Magnier, uno de los m\u00fasicos de Brel, que se convertir\u00e1 en su futuro marido. En 1963, encontr\u00f3 de nuevo a Jacques Brel en Bobino, y al grupo m\u00edstico de las \u201cChaussettes noires\u201d en el Olympia. Ese mismo a\u00f1o de 1963, grab\u00f3 <em>Tournez man\u00e8ges<\/em>, y apareci\u00f3 en un Scopitone de Claude Lelouch. En 1964, compuso dos canciones (<em>Le <\/em><em>temps;<\/em> <em>Et pourtant<\/em>) escritas para ella por Charles Aznavour. En 1965, realiz\u00f3 una gran gira, con Gilbert B\u00e9caud en primer plano. Ese mismo a\u00f1o, dej\u00f3 el sello de Eddie Barclay para firmar con Philips, donde grab\u00f3 la m\u00fasica de la canci\u00f3n <em>Prague<\/em>. En 1969, se publicaron sus primeros grandes \u00e9xitos, como <em>Casatschok<\/em>, una adaptaci\u00f3n de la canci\u00f3n rusa <em>Katioucha<\/em>, seguida de m\u00fasicas como <em>Sans chemise, sans pantalon<\/em> ; <em>Alors je chante<\/em><em>\u2026<\/em><\/p>\n<p><img decoding=\"async\" class=\"wp-image-30420 alignleft\" src=\"https:\/\/www.iemj.org\/wp-content\/uploads\/2021\/01\/2._hava_naguila.jpg\" alt=\"2._hava_naguila.jpg\" width=\"201\" height=\"200\" align=\"left\" srcset=\"https:\/\/www.iemj.org\/wp-content\/uploads\/2021\/01\/2._hava_naguila.jpg 251w, https:\/\/www.iemj.org\/wp-content\/uploads\/2021\/01\/2._hava_naguila-150x150.jpg 150w, https:\/\/www.iemj.org\/wp-content\/uploads\/2021\/01\/2._hava_naguila-100x100.jpg 100w\" sizes=\"(max-width: 201px) 100vw, 201px\" \/><\/p>\n<p>En 1969, Rika Zara\u00ef fue v\u00edctima de un grave accidente de coche. Los m\u00e9dicos pensaban que no ser\u00eda m\u00e1s capaz de caminar. Gracias a mucha determinaci\u00f3n y paciencia, y con la ayuda de su amigo Raymond Dextreit, adepto de medicina natural, recuper\u00f3 el uso de sus piernas tras tres largos a\u00f1os. Durante su recuperaci\u00f3n muy dif\u00edcil, ella compuso, a modo de gesto de burla al sufrimiento, la canci\u00f3n <em>Balapapa<\/em>, con letra feliz, que tendr\u00e1 un gran \u00e9xito. Restablecida, encontr\u00f3 el camino de los estudios para grabar nuevos \u00e9xitos como <em>Tante Agathe<\/em>, <em>Ma Poup\u00e9e de France<\/em>, o tambi\u00e9n <em>Sans chemise, sans pantalon<\/em>, y actu\u00f3 muchas veces en el escenario del Olympia. Su carrera fue espectacular con distintos discos de oro.<\/p>\n<p>En 1983, Rika Zara\u00ef public\u00f3 un \u00faltimo disco con Philipps, <em>Tout va tr\u00e8s bien<\/em>, antes de dejar sus actividades art\u00edsticas. Luego se dedic\u00f3 a la promoci\u00f3n de la medicina con plantas publicando una serie de libros, algunos de los cuales como <em>Ma m\u00e9decine naturelle<\/em> (Editions Carr\u00e8re\/Michel Lafon, 1985), fueron grandes \u00e9xitos en las librer\u00edas (\u00a1m\u00e1s de 2 millones quinientos mil ejemplares vendidos en Francia!). Pero su incursi\u00f3n en la medicina natural fue impugnada por el consejo de la orden de farmac\u00e9uticos. El caso, en ese momento, se difundi\u00f3 a gran escala por los medios de comunicaci\u00f3n.<\/p>\n<p><img decoding=\"async\" class=\"wp-image-30422 alignright\" src=\"https:\/\/www.iemj.org\/wp-content\/uploads\/2021\/01\/2bis._rika_zarai.jpg\" alt=\"2bis._rika_zarai.jpg\" width=\"230\" height=\"200\" align=\"right\" \/><\/p>\n<p>En 1985, reanudando con el canto, public\u00f3 un nuevo \u00e1lbum, <em>Sans rancune et sans regret<\/em>, y actu\u00f3 en el Olympia del 22 al 25 de mayo de 1986. De 1987 a 1990, form\u00f3 parte de los invitados del programa de cocina semanal presentado por Fran\u00e7ois Roboth y transmitido por FR3, <em>Quand c\u2019est <\/em><em>bon?<\/em><em>\u2026 Il n\u2019y a pas meilleurs!<\/em> De 1986 a 1990, fue tambi\u00e9n invitada regularmente al programa radiof\u00f3nico <em>Les Grosses T\u00eates<\/em><em> en<\/em> RTL.<\/p>\n<p>Tras doce a\u00f1os de silencio musical, Rika retorn\u00f3 en 2000 con el lanzamiento de un nuevo CD <em>Hava<\/em><em> incluyendo<\/em> nuevas canciones como <em>Ce si\u00e8cle au coeur bris\u00e9<\/em>, <em>Si j\u2019\u00e9tais orientale<\/em>, <em>Hopa<\/em><em> y<\/em> versiones como <em>Le temps des fleurs<\/em> en homenaje a su amiga Dalida ; <em>La yiddishe mama<\/em><em> para<\/em> su mam\u00e1 y el famoso <em>Hava naguila <\/em><em>convertido en<\/em> <em>Oriental Hava<\/em>. Las sonoridades de este \u00e1lbum eran al gusto del d\u00eda, lo que permiti\u00f3 a Rika lanzar el 13 de abril de 2000, esta nueva obra en el Queen, la famosa discoteca de los Campos El\u00edseos en Par\u00eds.<\/p>\n<p><img loading=\"lazy\" decoding=\"async\" class=\"wp-image-30424 alignleft\" src=\"https:\/\/www.iemj.org\/wp-content\/uploads\/2021\/01\/3._rika_zarai_2007.jpg\" alt=\"3._rika_zarai_2007.jpg\" width=\"298\" height=\"200\" align=\"right\" \/><\/p>\n<p>En 2006, public\u00f3 su libro de memorias, <em>L\u2019esp\u00e9rance a toujours raison <\/em><em>(<\/em>Michel Lafon). En 2007, particip\u00f3 en la segunda gira de <em>\u00c2ge Tendre et t\u00eates de bois<\/em><em> por<\/em> toda Francia. luego, en 2008, cumpli\u00f3 sus 50 a\u00f1os de carrera en el \u00e1mbito de la m\u00fasica, con el lanzamiento de un nuevo \u00e1lbum, <em>Quand les hommes<\/em>, mezclando versiones de Georges Brassens y de Yves Duteil, e in\u00e9ditos.<\/p>\n<p>El 3 de junio de 2008, Rika Zara\u00ef fue hospitalizada de urgencia debido a un accidente cerebrovascular. A mediados de julio, pudo volver a su domicilio parisino y empez\u00f3 un proceso de recuperaci\u00f3n. Unos a\u00f1os m\u00e1s tarde, el 3 de octubre de 2013, hizo su aparici\u00f3n televisiva en el noticiero de \u201c13 heures\u201d en TF1 y en el peri\u00f3dico \u201cLe Parisien\u201d con motivo de la publicaci\u00f3n de su doble disco <em>Anthologie 1960-1982<\/em><em> con<\/em> Marianne M\u00e9lodie.<\/p>\n<p><img loading=\"lazy\" decoding=\"async\" class=\"size-full wp-image-30426 alignright\" src=\"https:\/\/www.iemj.org\/wp-content\/uploads\/2021\/01\/4._rika_zarai_2019-2.jpg\" alt=\"4._rika_zarai_2019-2.jpg\" width=\"250\" height=\"197\" align=\"left\" \/><\/p>\n<p>El 31 de diciembre de 2016, Yohanan Zara\u00ef, su primer marido y padre de su hija, falleci\u00f3. En septiembre de 2019, le sello Marianne M\u00e9lodie lanz\u00f3 una recopilaci\u00f3n de sus 100 mejores canciones. El 3 de febrero de 2020, doce a\u00f1os despu\u00e9s de su accidente cerebrovascular, cant\u00f3, en p\u00fablico y en silla de ruedas, <em>Prague<\/em> (une chanson de 1966), durante la difusi\u00f3n del programa \u201cla Nuit de la d\u00e9prime\u201d organizado por Rapha\u00ebl Mezrahi en el Folies Berg\u00e8re en Par\u00eds.<\/p>\n<p>Rika Zara\u00ef muri\u00f3 en Par\u00eds, el mi\u00e9rcoles 23 de diciembre de 2020, a los 82 a\u00f1os.<\/p>\n<p><strong>Fuentes:<\/strong><\/p>\n<p><a href=\"http:\/\/rika.zarai.officiel.free.fr\/\" target=\"_blank\" rel=\"noopener\">Sitio web oficial de Rika Zara\u00ef<\/a><\/p>\n<p><a href=\"https:\/\/es.wikipedia.org\/wiki\/Rika_Zara%C3%AF\" target=\"_blank\" rel=\"noopener\">Wikipedia<\/a>,<\/p>\n<p><a href=\"https:\/\/www.lemonde.fr\/disparitions\/article\/2020\/12\/23\/la-chanteuse-israelienne-rika-zarai-est-morte-a-l-age-de-82-ans_6064332_3382.html\" target=\"_blank\" rel=\"noopener\">Le monde (23 de diciembre de 2020)<\/a><\/p>\n<p><a href=\"https:\/\/akadem.org\/magazine\/2019-2020\/apres-la-shoah-je-n-avais-plus-que-le-chant-25-10-2019-115170_4852.php\" target=\"_blank\" rel=\"noopener\">Akadem<\/a><\/p>\n<p><a href=\"https:\/\/www.iemj.org\/es\/rika-zarai\/\" target=\"_blank\" rel=\"noopener\">Escuchar la lista de reproducci\u00f3n Rika Zara\u00ef<\/a><\/p>\n<p><a href=\"http:\/\/www.rachelnet.net\/F\/?func=find-c&amp;ccl_term=WRD%3DRika+Zarai+sauf+wty%3D%28plage+ou+extrait%29&amp;local_base=iemcg&amp;x=11&amp;y=15\" target=\"_blank\" rel=\"noopener\">Consultar nuestros archivos sobre Rika Zara\u00ef<\/a><\/p>\n","protected":false},"excerpt":{"rendered":"<p>Rika Zara\u00ef, cuyo nombre de nacimiento es Rivka Gozman, naci\u00f3 el 19 de febrero de 1938, en Jerusal\u00e9n, en Palestina (durante el Mandato Brit\u00e1nico de Palestina), de un padre ruso<\/p>\n","protected":false},"author":1045,"featured_media":53616,"comment_status":"closed","ping_status":"closed","sticky":false,"template":"","format":"standard","meta":{"_acf_changed":false,"footnotes":""},"categories":[1417],"tags":[],"technique":[],"squelettes":[],"sujet":[],"formation":[],"genre":[1879,1881],"fonds":[],"tradition":[],"type-de-contenu":[],"interprete-compositeur":[],"frise":[],"type-devenement":[],"tableaux-liens-externes":[],"class_list":["post-88724","post","type-post","status-publish","format-standard","has-post-thumbnail","hentry","category-biografias-es","genre-cancion-francesa-es","genre-cancion-israeli-es"],"acf":[],"yoast_head":"<!-- This site is optimized with the Yoast SEO plugin v27.3 - https:\/\/yoast.com\/product\/yoast-seo-wordpress\/ -->\n<title>Zara\u00ef, Rika (1938 - 2020) - Institut Europ\u00e9en des Musiques Juives<\/title>\n<meta name=\"robots\" content=\"index, follow, max-snippet:-1, max-image-preview:large, max-video-preview:-1\" \/>\n<link rel=\"canonical\" href=\"https:\/\/www.iemj.org\/es\/zarai-rika-1938-2020\/\" \/>\n<meta property=\"og:locale\" content=\"es_ES\" \/>\n<meta property=\"og:type\" content=\"article\" \/>\n<meta property=\"og:title\" content=\"Zara\u00ef, Rika (1938 - 2020) - Institut Europ\u00e9en des Musiques Juives\" \/>\n<meta property=\"og:description\" content=\"Rika Zara\u00ef, cuyo nombre de nacimiento es Rivka Gozman, naci\u00f3 el 19 de febrero de 1938, en Jerusal\u00e9n, en Palestina (durante el Mandato Brit\u00e1nico de Palestina), de un padre ruso\" \/>\n<meta property=\"og:url\" content=\"https:\/\/www.iemj.org\/es\/zarai-rika-1938-2020\/\" \/>\n<meta property=\"og:site_name\" content=\"Institut Europ\u00e9en des Musiques Juives\" \/>\n<meta property=\"article:publisher\" content=\"https:\/\/www.facebook.com\/MusiquesJuives\/\" \/>\n<meta property=\"article:published_time\" content=\"2021-01-05T15:58:20+00:00\" \/>\n<meta property=\"article:modified_time\" content=\"2022-10-10T14:31:51+00:00\" \/>\n<meta property=\"og:image\" content=\"https:\/\/www.iemj.org\/wp-content\/uploads\/2021\/01\/arton4955-e1625477391336.jpg\" \/>\n\t<meta property=\"og:image:width\" content=\"189\" \/>\n\t<meta property=\"og:image:height\" content=\"218\" \/>\n\t<meta property=\"og:image:type\" content=\"image\/jpeg\" \/>\n<meta name=\"author\" content=\"Herv\u00e9 Roten\" \/>\n<meta name=\"twitter:card\" content=\"summary_large_image\" \/>\n<meta name=\"twitter:label1\" content=\"Escrito por\" \/>\n\t<meta name=\"twitter:data1\" content=\"Herv\u00e9 Roten\" \/>\n\t<meta name=\"twitter:label2\" content=\"Tiempo de lectura\" \/>\n\t<meta name=\"twitter:data2\" content=\"7 minutos\" \/>\n<script type=\"application\/ld+json\" class=\"yoast-schema-graph\">{\"@context\":\"https:\\\/\\\/schema.org\",\"@graph\":[{\"@type\":\"Article\",\"@id\":\"https:\\\/\\\/www.iemj.org\\\/es\\\/zarai-rika-1938-2020\\\/#article\",\"isPartOf\":{\"@id\":\"https:\\\/\\\/www.iemj.org\\\/es\\\/zarai-rika-1938-2020\\\/\"},\"author\":{\"name\":\"Herv\u00e9 Roten\",\"@id\":\"https:\\\/\\\/www.iemj.org\\\/es\\\/#\\\/schema\\\/person\\\/906134402c29d5c76e7b726261dd4bbd\"},\"headline\":\"Zara\u00ef, Rika (1938 &#8211; 2020)\",\"datePublished\":\"2021-01-05T15:58:20+00:00\",\"dateModified\":\"2022-10-10T14:31:51+00:00\",\"mainEntityOfPage\":{\"@id\":\"https:\\\/\\\/www.iemj.org\\\/es\\\/zarai-rika-1938-2020\\\/\"},\"wordCount\":1217,\"publisher\":{\"@id\":\"https:\\\/\\\/www.iemj.org\\\/es\\\/#organization\"},\"image\":{\"@id\":\"https:\\\/\\\/www.iemj.org\\\/es\\\/zarai-rika-1938-2020\\\/#primaryimage\"},\"thumbnailUrl\":\"https:\\\/\\\/www.iemj.org\\\/wp-content\\\/uploads\\\/2021\\\/01\\\/arton4955-e1625477391336.jpg\",\"articleSection\":[\"Biograf\u00edas\"],\"inLanguage\":\"es\"},{\"@type\":\"WebPage\",\"@id\":\"https:\\\/\\\/www.iemj.org\\\/es\\\/zarai-rika-1938-2020\\\/\",\"url\":\"https:\\\/\\\/www.iemj.org\\\/es\\\/zarai-rika-1938-2020\\\/\",\"name\":\"Zara\u00ef, Rika (1938 - 2020) - Institut Europ\u00e9en des Musiques Juives\",\"isPartOf\":{\"@id\":\"https:\\\/\\\/www.iemj.org\\\/es\\\/#website\"},\"primaryImageOfPage\":{\"@id\":\"https:\\\/\\\/www.iemj.org\\\/es\\\/zarai-rika-1938-2020\\\/#primaryimage\"},\"image\":{\"@id\":\"https:\\\/\\\/www.iemj.org\\\/es\\\/zarai-rika-1938-2020\\\/#primaryimage\"},\"thumbnailUrl\":\"https:\\\/\\\/www.iemj.org\\\/wp-content\\\/uploads\\\/2021\\\/01\\\/arton4955-e1625477391336.jpg\",\"datePublished\":\"2021-01-05T15:58:20+00:00\",\"dateModified\":\"2022-10-10T14:31:51+00:00\",\"breadcrumb\":{\"@id\":\"https:\\\/\\\/www.iemj.org\\\/es\\\/zarai-rika-1938-2020\\\/#breadcrumb\"},\"inLanguage\":\"es\",\"potentialAction\":[{\"@type\":\"ReadAction\",\"target\":[\"https:\\\/\\\/www.iemj.org\\\/es\\\/zarai-rika-1938-2020\\\/\"]}]},{\"@type\":\"ImageObject\",\"inLanguage\":\"es\",\"@id\":\"https:\\\/\\\/www.iemj.org\\\/es\\\/zarai-rika-1938-2020\\\/#primaryimage\",\"url\":\"https:\\\/\\\/www.iemj.org\\\/wp-content\\\/uploads\\\/2021\\\/01\\\/arton4955-e1625477391336.jpg\",\"contentUrl\":\"https:\\\/\\\/www.iemj.org\\\/wp-content\\\/uploads\\\/2021\\\/01\\\/arton4955-e1625477391336.jpg\",\"width\":189,\"height\":218},{\"@type\":\"BreadcrumbList\",\"@id\":\"https:\\\/\\\/www.iemj.org\\\/es\\\/zarai-rika-1938-2020\\\/#breadcrumb\",\"itemListElement\":[{\"@type\":\"ListItem\",\"position\":1,\"name\":\"Accueil\",\"item\":\"https:\\\/\\\/www.iemj.org\\\/es\\\/\"},{\"@type\":\"ListItem\",\"position\":2,\"name\":\"Zara\u00ef, Rika (1938 &#8211; 2020)\"}]},{\"@type\":\"WebSite\",\"@id\":\"https:\\\/\\\/www.iemj.org\\\/es\\\/#website\",\"url\":\"https:\\\/\\\/www.iemj.org\\\/es\\\/\",\"name\":\"Institut Europ\u00e9en des Musiques Juives\",\"description\":\"Des traditions musicales \u00e0 la port\u00e9e de tous\",\"publisher\":{\"@id\":\"https:\\\/\\\/www.iemj.org\\\/es\\\/#organization\"},\"potentialAction\":[{\"@type\":\"SearchAction\",\"target\":{\"@type\":\"EntryPoint\",\"urlTemplate\":\"https:\\\/\\\/www.iemj.org\\\/es\\\/?s={search_term_string}\"},\"query-input\":{\"@type\":\"PropertyValueSpecification\",\"valueRequired\":true,\"valueName\":\"search_term_string\"}}],\"inLanguage\":\"es\"},{\"@type\":\"Organization\",\"@id\":\"https:\\\/\\\/www.iemj.org\\\/es\\\/#organization\",\"name\":\"Institut Europ\u00e9en des Musiques Juives\",\"url\":\"https:\\\/\\\/www.iemj.org\\\/es\\\/\",\"logo\":{\"@type\":\"ImageObject\",\"inLanguage\":\"es\",\"@id\":\"https:\\\/\\\/www.iemj.org\\\/es\\\/#\\\/schema\\\/logo\\\/image\\\/\",\"url\":\"https:\\\/\\\/www.iemj.org\\\/wp-content\\\/uploads\\\/2021\\\/09\\\/Logo-IEMJ-Paypal.jpg\",\"contentUrl\":\"https:\\\/\\\/www.iemj.org\\\/wp-content\\\/uploads\\\/2021\\\/09\\\/Logo-IEMJ-Paypal.jpg\",\"width\":150,\"height\":50,\"caption\":\"Institut Europ\u00e9en des Musiques Juives\"},\"image\":{\"@id\":\"https:\\\/\\\/www.iemj.org\\\/es\\\/#\\\/schema\\\/logo\\\/image\\\/\"},\"sameAs\":[\"https:\\\/\\\/www.facebook.com\\\/MusiquesJuives\\\/\",\"https:\\\/\\\/www.instagram.com\\\/musiquesjuives\\\/\",\"https:\\\/\\\/www.youtube.com\\\/user\\\/musiquesjuives\"]},{\"@type\":\"Person\",\"@id\":\"https:\\\/\\\/www.iemj.org\\\/es\\\/#\\\/schema\\\/person\\\/906134402c29d5c76e7b726261dd4bbd\",\"name\":\"Herv\u00e9 Roten\",\"image\":{\"@type\":\"ImageObject\",\"inLanguage\":\"es\",\"@id\":\"https:\\\/\\\/secure.gravatar.com\\\/avatar\\\/f96ad2db538a26481f18384936b5cd0610c92d390c4dc382209216d455f685ff?s=96&d=mm&r=g\",\"url\":\"https:\\\/\\\/secure.gravatar.com\\\/avatar\\\/f96ad2db538a26481f18384936b5cd0610c92d390c4dc382209216d455f685ff?s=96&d=mm&r=g\",\"contentUrl\":\"https:\\\/\\\/secure.gravatar.com\\\/avatar\\\/f96ad2db538a26481f18384936b5cd0610c92d390c4dc382209216d455f685ff?s=96&d=mm&r=g\",\"caption\":\"Herv\u00e9 Roten\"}}]}<\/script>\n<!-- \/ Yoast SEO plugin. -->","yoast_head_json":{"title":"Zara\u00ef, Rika (1938 - 2020) - Institut Europ\u00e9en des Musiques Juives","robots":{"index":"index","follow":"follow","max-snippet":"max-snippet:-1","max-image-preview":"max-image-preview:large","max-video-preview":"max-video-preview:-1"},"canonical":"https:\/\/www.iemj.org\/es\/zarai-rika-1938-2020\/","og_locale":"es_ES","og_type":"article","og_title":"Zara\u00ef, Rika (1938 - 2020) - Institut Europ\u00e9en des Musiques Juives","og_description":"Rika Zara\u00ef, cuyo nombre de nacimiento es Rivka Gozman, naci\u00f3 el 19 de febrero de 1938, en Jerusal\u00e9n, en Palestina (durante el Mandato Brit\u00e1nico de Palestina), de un padre ruso","og_url":"https:\/\/www.iemj.org\/es\/zarai-rika-1938-2020\/","og_site_name":"Institut Europ\u00e9en des Musiques Juives","article_publisher":"https:\/\/www.facebook.com\/MusiquesJuives\/","article_published_time":"2021-01-05T15:58:20+00:00","article_modified_time":"2022-10-10T14:31:51+00:00","og_image":[{"width":189,"height":218,"url":"https:\/\/www.iemj.org\/wp-content\/uploads\/2021\/01\/arton4955-e1625477391336.jpg","type":"image\/jpeg"}],"author":"Herv\u00e9 Roten","twitter_card":"summary_large_image","twitter_misc":{"Escrito por":"Herv\u00e9 Roten","Tiempo de lectura":"7 minutos"},"schema":{"@context":"https:\/\/schema.org","@graph":[{"@type":"Article","@id":"https:\/\/www.iemj.org\/es\/zarai-rika-1938-2020\/#article","isPartOf":{"@id":"https:\/\/www.iemj.org\/es\/zarai-rika-1938-2020\/"},"author":{"name":"Herv\u00e9 Roten","@id":"https:\/\/www.iemj.org\/es\/#\/schema\/person\/906134402c29d5c76e7b726261dd4bbd"},"headline":"Zara\u00ef, Rika (1938 &#8211; 2020)","datePublished":"2021-01-05T15:58:20+00:00","dateModified":"2022-10-10T14:31:51+00:00","mainEntityOfPage":{"@id":"https:\/\/www.iemj.org\/es\/zarai-rika-1938-2020\/"},"wordCount":1217,"publisher":{"@id":"https:\/\/www.iemj.org\/es\/#organization"},"image":{"@id":"https:\/\/www.iemj.org\/es\/zarai-rika-1938-2020\/#primaryimage"},"thumbnailUrl":"https:\/\/www.iemj.org\/wp-content\/uploads\/2021\/01\/arton4955-e1625477391336.jpg","articleSection":["Biograf\u00edas"],"inLanguage":"es"},{"@type":"WebPage","@id":"https:\/\/www.iemj.org\/es\/zarai-rika-1938-2020\/","url":"https:\/\/www.iemj.org\/es\/zarai-rika-1938-2020\/","name":"Zara\u00ef, Rika (1938 - 2020) - Institut Europ\u00e9en des Musiques Juives","isPartOf":{"@id":"https:\/\/www.iemj.org\/es\/#website"},"primaryImageOfPage":{"@id":"https:\/\/www.iemj.org\/es\/zarai-rika-1938-2020\/#primaryimage"},"image":{"@id":"https:\/\/www.iemj.org\/es\/zarai-rika-1938-2020\/#primaryimage"},"thumbnailUrl":"https:\/\/www.iemj.org\/wp-content\/uploads\/2021\/01\/arton4955-e1625477391336.jpg","datePublished":"2021-01-05T15:58:20+00:00","dateModified":"2022-10-10T14:31:51+00:00","breadcrumb":{"@id":"https:\/\/www.iemj.org\/es\/zarai-rika-1938-2020\/#breadcrumb"},"inLanguage":"es","potentialAction":[{"@type":"ReadAction","target":["https:\/\/www.iemj.org\/es\/zarai-rika-1938-2020\/"]}]},{"@type":"ImageObject","inLanguage":"es","@id":"https:\/\/www.iemj.org\/es\/zarai-rika-1938-2020\/#primaryimage","url":"https:\/\/www.iemj.org\/wp-content\/uploads\/2021\/01\/arton4955-e1625477391336.jpg","contentUrl":"https:\/\/www.iemj.org\/wp-content\/uploads\/2021\/01\/arton4955-e1625477391336.jpg","width":189,"height":218},{"@type":"BreadcrumbList","@id":"https:\/\/www.iemj.org\/es\/zarai-rika-1938-2020\/#breadcrumb","itemListElement":[{"@type":"ListItem","position":1,"name":"Accueil","item":"https:\/\/www.iemj.org\/es\/"},{"@type":"ListItem","position":2,"name":"Zara\u00ef, Rika (1938 &#8211; 2020)"}]},{"@type":"WebSite","@id":"https:\/\/www.iemj.org\/es\/#website","url":"https:\/\/www.iemj.org\/es\/","name":"Institut Europ\u00e9en des Musiques Juives","description":"Des traditions musicales \u00e0 la port\u00e9e de tous","publisher":{"@id":"https:\/\/www.iemj.org\/es\/#organization"},"potentialAction":[{"@type":"SearchAction","target":{"@type":"EntryPoint","urlTemplate":"https:\/\/www.iemj.org\/es\/?s={search_term_string}"},"query-input":{"@type":"PropertyValueSpecification","valueRequired":true,"valueName":"search_term_string"}}],"inLanguage":"es"},{"@type":"Organization","@id":"https:\/\/www.iemj.org\/es\/#organization","name":"Institut Europ\u00e9en des Musiques Juives","url":"https:\/\/www.iemj.org\/es\/","logo":{"@type":"ImageObject","inLanguage":"es","@id":"https:\/\/www.iemj.org\/es\/#\/schema\/logo\/image\/","url":"https:\/\/www.iemj.org\/wp-content\/uploads\/2021\/09\/Logo-IEMJ-Paypal.jpg","contentUrl":"https:\/\/www.iemj.org\/wp-content\/uploads\/2021\/09\/Logo-IEMJ-Paypal.jpg","width":150,"height":50,"caption":"Institut Europ\u00e9en des Musiques Juives"},"image":{"@id":"https:\/\/www.iemj.org\/es\/#\/schema\/logo\/image\/"},"sameAs":["https:\/\/www.facebook.com\/MusiquesJuives\/","https:\/\/www.instagram.com\/musiquesjuives\/","https:\/\/www.youtube.com\/user\/musiquesjuives"]},{"@type":"Person","@id":"https:\/\/www.iemj.org\/es\/#\/schema\/person\/906134402c29d5c76e7b726261dd4bbd","name":"Herv\u00e9 Roten","image":{"@type":"ImageObject","inLanguage":"es","@id":"https:\/\/secure.gravatar.com\/avatar\/f96ad2db538a26481f18384936b5cd0610c92d390c4dc382209216d455f685ff?s=96&d=mm&r=g","url":"https:\/\/secure.gravatar.com\/avatar\/f96ad2db538a26481f18384936b5cd0610c92d390c4dc382209216d455f685ff?s=96&d=mm&r=g","contentUrl":"https:\/\/secure.gravatar.com\/avatar\/f96ad2db538a26481f18384936b5cd0610c92d390c4dc382209216d455f685ff?s=96&d=mm&r=g","caption":"Herv\u00e9 Roten"}}]}},"_links":{"self":[{"href":"https:\/\/www.iemj.org\/es\/wp-json\/wp\/v2\/posts\/88724","targetHints":{"allow":["GET"]}}],"collection":[{"href":"https:\/\/www.iemj.org\/es\/wp-json\/wp\/v2\/posts"}],"about":[{"href":"https:\/\/www.iemj.org\/es\/wp-json\/wp\/v2\/types\/post"}],"author":[{"embeddable":true,"href":"https:\/\/www.iemj.org\/es\/wp-json\/wp\/v2\/users\/1045"}],"replies":[{"embeddable":true,"href":"https:\/\/www.iemj.org\/es\/wp-json\/wp\/v2\/comments?post=88724"}],"version-history":[{"count":0,"href":"https:\/\/www.iemj.org\/es\/wp-json\/wp\/v2\/posts\/88724\/revisions"}],"wp:featuredmedia":[{"embeddable":true,"href":"https:\/\/www.iemj.org\/es\/wp-json\/wp\/v2\/media\/53616"}],"wp:attachment":[{"href":"https:\/\/www.iemj.org\/es\/wp-json\/wp\/v2\/media?parent=88724"}],"wp:term":[{"taxonomy":"category","embeddable":true,"href":"https:\/\/www.iemj.org\/es\/wp-json\/wp\/v2\/categories?post=88724"},{"taxonomy":"post_tag","embeddable":true,"href":"https:\/\/www.iemj.org\/es\/wp-json\/wp\/v2\/tags?post=88724"},{"taxonomy":"technique","embeddable":true,"href":"https:\/\/www.iemj.org\/es\/wp-json\/wp\/v2\/technique?post=88724"},{"taxonomy":"squelettes","embeddable":true,"href":"https:\/\/www.iemj.org\/es\/wp-json\/wp\/v2\/squelettes?post=88724"},{"taxonomy":"sujet","embeddable":true,"href":"https:\/\/www.iemj.org\/es\/wp-json\/wp\/v2\/sujet?post=88724"},{"taxonomy":"formation","embeddable":true,"href":"https:\/\/www.iemj.org\/es\/wp-json\/wp\/v2\/formation?post=88724"},{"taxonomy":"genre","embeddable":true,"href":"https:\/\/www.iemj.org\/es\/wp-json\/wp\/v2\/genre?post=88724"},{"taxonomy":"fonds","embeddable":true,"href":"https:\/\/www.iemj.org\/es\/wp-json\/wp\/v2\/fonds?post=88724"},{"taxonomy":"tradition","embeddable":true,"href":"https:\/\/www.iemj.org\/es\/wp-json\/wp\/v2\/tradition?post=88724"},{"taxonomy":"type-de-contenu","embeddable":true,"href":"https:\/\/www.iemj.org\/es\/wp-json\/wp\/v2\/type-de-contenu?post=88724"},{"taxonomy":"interprete-compositeur","embeddable":true,"href":"https:\/\/www.iemj.org\/es\/wp-json\/wp\/v2\/interprete-compositeur?post=88724"},{"taxonomy":"frise","embeddable":true,"href":"https:\/\/www.iemj.org\/es\/wp-json\/wp\/v2\/frise?post=88724"},{"taxonomy":"type-devenement","embeddable":true,"href":"https:\/\/www.iemj.org\/es\/wp-json\/wp\/v2\/type-devenement?post=88724"},{"taxonomy":"tableaux-liens-externes","embeddable":true,"href":"https:\/\/www.iemj.org\/es\/wp-json\/wp\/v2\/tableaux-liens-externes?post=88724"}],"curies":[{"name":"wp","href":"https:\/\/api.w.org\/{rel}","templated":true}]}}