{"id":88755,"date":"2014-10-23T16:47:24","date_gmt":"2014-10-23T14:47:24","guid":{"rendered":"https:\/\/www.iemj.org\/zadoc-kahn-genevieve-1914-2001\/"},"modified":"2022-10-10T16:54:35","modified_gmt":"2022-10-10T14:54:35","slug":"zadoc-kahn-genevieve-1914-2001","status":"publish","type":"post","link":"https:\/\/www.iemj.org\/es\/zadoc-kahn-genevieve-1914-2001\/","title":{"rendered":"Zadoc-Kahn, Genevi\u00e8ve (1914-2001)"},"content":{"rendered":"<p>Genevi\u00e8ve Zadoc-Kahn era la nieta del Gran Rab\u00ed Zadoc Kahn y la bisnieta del Gran Rab\u00ed Salomon Ulmann. Durante su juventud no pudo evitar las pruebas dif\u00edciles: hu\u00e9rfana de padre a los 5 a\u00f1os, perdi\u00f3 en 1940 a un hermano querido, muerto en el frente, y m\u00e1s tarde a muchos familiares y amigos muertos en deportaci\u00f3n. Sin embargo, apoyada por una familia numerosa y cari\u00f1osa y por su propia fuerza de car\u00e1cter, permaneci\u00f3 en la memoria de todos sus familiares como una persona llena de humor, positiva, din\u00e1mica y generosa.<\/p>\n<p>Genevi\u00e8ve Zadoc-Kahn realiz\u00f3 sus estudios en el Conservatorio de Par\u00eds, entre otros bajo la direcci\u00f3n de uno de sus primos, el compositor Maurice Franck (1897-1983). Instalada en Boulogne-Billancourt en los a\u00f1os 1950 con su madre, fallecida en 1973, ejerci\u00f3 durante numerosos a\u00f1os como profesora de piano y de m\u00fasica. En 1984, volvi\u00f3 al servicio activo en algunas escuelas de Boulogne-Billancourt para dirigir los ensayos de los alumnos para la creaci\u00f3n de la \u00f3pera para ni\u00f1os <em>La Sorci\u00e8re du placard aux balais <\/em>de Marcel Landowski.<\/p>\n<p>Fue tambi\u00e9n durante casi 40 a\u00f1os la directora de escena de los Musigrains, que son conciertos pedag\u00f3gicos comentados, fundados y por mucho tiempo presentados por Germaine Arbeau-Bonnefoy y que se representaban de 1949 a 1978 en el Teatro de los Campos El\u00edseos. Los Musigrains han visto pasar, con numerosos int\u00e9rpretes de alto nivel, decenas de miles de j\u00f3venes mel\u00f3manos aspirantes. Trabaj\u00f3 all\u00ed hasta su final en 1986.<\/p>\n<p>Socialista comprometida, a menudo asesora los d\u00edas de las elecciones, tambi\u00e9n se involucr\u00f3 en la Liga de Derechos Humanos, y fue la presidenta de la secci\u00f3n de Boulogne al final de su vida.<\/p>\n","protected":false},"excerpt":{"rendered":"<p>Genevi\u00e8ve Zadoc-Kahn era la nieta del Gran Rab\u00ed Zadoc Kahn y la bisnieta del Gran Rab\u00ed Salomon Ulmann. Durante su juventud no pudo evitar las pruebas dif\u00edciles: hu\u00e9rfana de padre<\/p>\n","protected":false},"author":1045,"featured_media":53603,"comment_status":"closed","ping_status":"closed","sticky":false,"template":"","format":"standard","meta":{"_acf_changed":false,"footnotes":""},"categories":[1417],"tags":[],"technique":[],"squelettes":[],"sujet":[1824],"formation":[],"genre":[],"fonds":[],"tradition":[],"type-de-contenu":[],"interprete-compositeur":[],"frise":[],"type-devenement":[],"tableaux-liens-externes":[],"class_list":["post-88755","post","type-post","status-publish","format-standard","has-post-thumbnail","hentry","category-biografias-es","sujet-francia-es"],"acf":[],"yoast_head":"<!-- This site is optimized with the Yoast SEO plugin v27.3 - https:\/\/yoast.com\/product\/yoast-seo-wordpress\/ -->\n<title>Zadoc-Kahn, Genevi\u00e8ve (1914-2001) - Institut Europ\u00e9en des Musiques Juives<\/title>\n<meta name=\"robots\" content=\"index, follow, max-snippet:-1, max-image-preview:large, max-video-preview:-1\" \/>\n<link rel=\"canonical\" href=\"https:\/\/www.iemj.org\/es\/zadoc-kahn-genevieve-1914-2001\/\" \/>\n<meta property=\"og:locale\" content=\"es_ES\" \/>\n<meta property=\"og:type\" content=\"article\" \/>\n<meta property=\"og:title\" content=\"Zadoc-Kahn, Genevi\u00e8ve (1914-2001) - Institut Europ\u00e9en des Musiques Juives\" \/>\n<meta property=\"og:description\" content=\"Genevi\u00e8ve Zadoc-Kahn era la nieta del Gran Rab\u00ed Zadoc Kahn y la bisnieta del Gran Rab\u00ed Salomon Ulmann. Durante su juventud no pudo evitar las pruebas dif\u00edciles: hu\u00e9rfana de padre\" \/>\n<meta property=\"og:url\" content=\"https:\/\/www.iemj.org\/es\/zadoc-kahn-genevieve-1914-2001\/\" \/>\n<meta property=\"og:site_name\" content=\"Institut Europ\u00e9en des Musiques Juives\" \/>\n<meta property=\"article:publisher\" content=\"https:\/\/www.facebook.com\/MusiquesJuives\/\" \/>\n<meta property=\"article:published_time\" content=\"2014-10-23T14:47:24+00:00\" \/>\n<meta property=\"article:modified_time\" content=\"2022-10-10T14:54:35+00:00\" \/>\n<meta property=\"og:image\" content=\"https:\/\/www.iemj.org\/wp-content\/uploads\/2014\/10\/logo-bio-Genevieve-ZADOC-KAHN-e1625476872243.jpg\" \/>\n\t<meta property=\"og:image:width\" content=\"175\" \/>\n\t<meta property=\"og:image:height\" content=\"218\" \/>\n\t<meta property=\"og:image:type\" content=\"image\/jpeg\" \/>\n<meta name=\"author\" content=\"Herv\u00e9 Roten\" \/>\n<meta name=\"twitter:card\" content=\"summary_large_image\" \/>\n<meta name=\"twitter:label1\" content=\"Escrito por\" \/>\n\t<meta name=\"twitter:data1\" content=\"Herv\u00e9 Roten\" \/>\n\t<meta name=\"twitter:label2\" content=\"Tiempo de lectura\" \/>\n\t<meta name=\"twitter:data2\" content=\"2 minutos\" \/>\n<script type=\"application\/ld+json\" class=\"yoast-schema-graph\">{\"@context\":\"https:\\\/\\\/schema.org\",\"@graph\":[{\"@type\":\"Article\",\"@id\":\"https:\\\/\\\/www.iemj.org\\\/es\\\/zadoc-kahn-genevieve-1914-2001\\\/#article\",\"isPartOf\":{\"@id\":\"https:\\\/\\\/www.iemj.org\\\/es\\\/zadoc-kahn-genevieve-1914-2001\\\/\"},\"author\":{\"name\":\"Herv\u00e9 Roten\",\"@id\":\"https:\\\/\\\/www.iemj.org\\\/es\\\/#\\\/schema\\\/person\\\/906134402c29d5c76e7b726261dd4bbd\"},\"headline\":\"Zadoc-Kahn, Genevi\u00e8ve (1914-2001)\",\"datePublished\":\"2014-10-23T14:47:24+00:00\",\"dateModified\":\"2022-10-10T14:54:35+00:00\",\"mainEntityOfPage\":{\"@id\":\"https:\\\/\\\/www.iemj.org\\\/es\\\/zadoc-kahn-genevieve-1914-2001\\\/\"},\"wordCount\":297,\"publisher\":{\"@id\":\"https:\\\/\\\/www.iemj.org\\\/es\\\/#organization\"},\"image\":{\"@id\":\"https:\\\/\\\/www.iemj.org\\\/es\\\/zadoc-kahn-genevieve-1914-2001\\\/#primaryimage\"},\"thumbnailUrl\":\"https:\\\/\\\/www.iemj.org\\\/wp-content\\\/uploads\\\/2014\\\/10\\\/logo-bio-Genevieve-ZADOC-KAHN-e1625476872243.jpg\",\"articleSection\":[\"Biograf\u00edas\"],\"inLanguage\":\"es\"},{\"@type\":\"WebPage\",\"@id\":\"https:\\\/\\\/www.iemj.org\\\/es\\\/zadoc-kahn-genevieve-1914-2001\\\/\",\"url\":\"https:\\\/\\\/www.iemj.org\\\/es\\\/zadoc-kahn-genevieve-1914-2001\\\/\",\"name\":\"Zadoc-Kahn, Genevi\u00e8ve (1914-2001) - Institut Europ\u00e9en des Musiques Juives\",\"isPartOf\":{\"@id\":\"https:\\\/\\\/www.iemj.org\\\/es\\\/#website\"},\"primaryImageOfPage\":{\"@id\":\"https:\\\/\\\/www.iemj.org\\\/es\\\/zadoc-kahn-genevieve-1914-2001\\\/#primaryimage\"},\"image\":{\"@id\":\"https:\\\/\\\/www.iemj.org\\\/es\\\/zadoc-kahn-genevieve-1914-2001\\\/#primaryimage\"},\"thumbnailUrl\":\"https:\\\/\\\/www.iemj.org\\\/wp-content\\\/uploads\\\/2014\\\/10\\\/logo-bio-Genevieve-ZADOC-KAHN-e1625476872243.jpg\",\"datePublished\":\"2014-10-23T14:47:24+00:00\",\"dateModified\":\"2022-10-10T14:54:35+00:00\",\"breadcrumb\":{\"@id\":\"https:\\\/\\\/www.iemj.org\\\/es\\\/zadoc-kahn-genevieve-1914-2001\\\/#breadcrumb\"},\"inLanguage\":\"es\",\"potentialAction\":[{\"@type\":\"ReadAction\",\"target\":[\"https:\\\/\\\/www.iemj.org\\\/es\\\/zadoc-kahn-genevieve-1914-2001\\\/\"]}]},{\"@type\":\"ImageObject\",\"inLanguage\":\"es\",\"@id\":\"https:\\\/\\\/www.iemj.org\\\/es\\\/zadoc-kahn-genevieve-1914-2001\\\/#primaryimage\",\"url\":\"https:\\\/\\\/www.iemj.org\\\/wp-content\\\/uploads\\\/2014\\\/10\\\/logo-bio-Genevieve-ZADOC-KAHN-e1625476872243.jpg\",\"contentUrl\":\"https:\\\/\\\/www.iemj.org\\\/wp-content\\\/uploads\\\/2014\\\/10\\\/logo-bio-Genevieve-ZADOC-KAHN-e1625476872243.jpg\",\"width\":175,\"height\":218},{\"@type\":\"BreadcrumbList\",\"@id\":\"https:\\\/\\\/www.iemj.org\\\/es\\\/zadoc-kahn-genevieve-1914-2001\\\/#breadcrumb\",\"itemListElement\":[{\"@type\":\"ListItem\",\"position\":1,\"name\":\"Accueil\",\"item\":\"https:\\\/\\\/www.iemj.org\\\/es\\\/\"},{\"@type\":\"ListItem\",\"position\":2,\"name\":\"Zadoc-Kahn, Genevi\u00e8ve (1914-2001)\"}]},{\"@type\":\"WebSite\",\"@id\":\"https:\\\/\\\/www.iemj.org\\\/es\\\/#website\",\"url\":\"https:\\\/\\\/www.iemj.org\\\/es\\\/\",\"name\":\"Institut Europ\u00e9en des Musiques Juives\",\"description\":\"Des traditions musicales \u00e0 la port\u00e9e de tous\",\"publisher\":{\"@id\":\"https:\\\/\\\/www.iemj.org\\\/es\\\/#organization\"},\"potentialAction\":[{\"@type\":\"SearchAction\",\"target\":{\"@type\":\"EntryPoint\",\"urlTemplate\":\"https:\\\/\\\/www.iemj.org\\\/es\\\/?s={search_term_string}\"},\"query-input\":{\"@type\":\"PropertyValueSpecification\",\"valueRequired\":true,\"valueName\":\"search_term_string\"}}],\"inLanguage\":\"es\"},{\"@type\":\"Organization\",\"@id\":\"https:\\\/\\\/www.iemj.org\\\/es\\\/#organization\",\"name\":\"Institut Europ\u00e9en des Musiques Juives\",\"url\":\"https:\\\/\\\/www.iemj.org\\\/es\\\/\",\"logo\":{\"@type\":\"ImageObject\",\"inLanguage\":\"es\",\"@id\":\"https:\\\/\\\/www.iemj.org\\\/es\\\/#\\\/schema\\\/logo\\\/image\\\/\",\"url\":\"https:\\\/\\\/www.iemj.org\\\/wp-content\\\/uploads\\\/2021\\\/09\\\/Logo-IEMJ-Paypal.jpg\",\"contentUrl\":\"https:\\\/\\\/www.iemj.org\\\/wp-content\\\/uploads\\\/2021\\\/09\\\/Logo-IEMJ-Paypal.jpg\",\"width\":150,\"height\":50,\"caption\":\"Institut Europ\u00e9en des Musiques Juives\"},\"image\":{\"@id\":\"https:\\\/\\\/www.iemj.org\\\/es\\\/#\\\/schema\\\/logo\\\/image\\\/\"},\"sameAs\":[\"https:\\\/\\\/www.facebook.com\\\/MusiquesJuives\\\/\",\"https:\\\/\\\/www.instagram.com\\\/musiquesjuives\\\/\",\"https:\\\/\\\/www.youtube.com\\\/user\\\/musiquesjuives\"]},{\"@type\":\"Person\",\"@id\":\"https:\\\/\\\/www.iemj.org\\\/es\\\/#\\\/schema\\\/person\\\/906134402c29d5c76e7b726261dd4bbd\",\"name\":\"Herv\u00e9 Roten\",\"image\":{\"@type\":\"ImageObject\",\"inLanguage\":\"es\",\"@id\":\"https:\\\/\\\/secure.gravatar.com\\\/avatar\\\/f96ad2db538a26481f18384936b5cd0610c92d390c4dc382209216d455f685ff?s=96&d=mm&r=g\",\"url\":\"https:\\\/\\\/secure.gravatar.com\\\/avatar\\\/f96ad2db538a26481f18384936b5cd0610c92d390c4dc382209216d455f685ff?s=96&d=mm&r=g\",\"contentUrl\":\"https:\\\/\\\/secure.gravatar.com\\\/avatar\\\/f96ad2db538a26481f18384936b5cd0610c92d390c4dc382209216d455f685ff?s=96&d=mm&r=g\",\"caption\":\"Herv\u00e9 Roten\"}}]}<\/script>\n<!-- \/ Yoast SEO plugin. -->","yoast_head_json":{"title":"Zadoc-Kahn, Genevi\u00e8ve (1914-2001) - Institut Europ\u00e9en des Musiques Juives","robots":{"index":"index","follow":"follow","max-snippet":"max-snippet:-1","max-image-preview":"max-image-preview:large","max-video-preview":"max-video-preview:-1"},"canonical":"https:\/\/www.iemj.org\/es\/zadoc-kahn-genevieve-1914-2001\/","og_locale":"es_ES","og_type":"article","og_title":"Zadoc-Kahn, Genevi\u00e8ve (1914-2001) - Institut Europ\u00e9en des Musiques Juives","og_description":"Genevi\u00e8ve Zadoc-Kahn era la nieta del Gran Rab\u00ed Zadoc Kahn y la bisnieta del Gran Rab\u00ed Salomon Ulmann. Durante su juventud no pudo evitar las pruebas dif\u00edciles: hu\u00e9rfana de padre","og_url":"https:\/\/www.iemj.org\/es\/zadoc-kahn-genevieve-1914-2001\/","og_site_name":"Institut Europ\u00e9en des Musiques Juives","article_publisher":"https:\/\/www.facebook.com\/MusiquesJuives\/","article_published_time":"2014-10-23T14:47:24+00:00","article_modified_time":"2022-10-10T14:54:35+00:00","og_image":[{"width":175,"height":218,"url":"https:\/\/www.iemj.org\/wp-content\/uploads\/2014\/10\/logo-bio-Genevieve-ZADOC-KAHN-e1625476872243.jpg","type":"image\/jpeg"}],"author":"Herv\u00e9 Roten","twitter_card":"summary_large_image","twitter_misc":{"Escrito por":"Herv\u00e9 Roten","Tiempo de lectura":"2 minutos"},"schema":{"@context":"https:\/\/schema.org","@graph":[{"@type":"Article","@id":"https:\/\/www.iemj.org\/es\/zadoc-kahn-genevieve-1914-2001\/#article","isPartOf":{"@id":"https:\/\/www.iemj.org\/es\/zadoc-kahn-genevieve-1914-2001\/"},"author":{"name":"Herv\u00e9 Roten","@id":"https:\/\/www.iemj.org\/es\/#\/schema\/person\/906134402c29d5c76e7b726261dd4bbd"},"headline":"Zadoc-Kahn, Genevi\u00e8ve (1914-2001)","datePublished":"2014-10-23T14:47:24+00:00","dateModified":"2022-10-10T14:54:35+00:00","mainEntityOfPage":{"@id":"https:\/\/www.iemj.org\/es\/zadoc-kahn-genevieve-1914-2001\/"},"wordCount":297,"publisher":{"@id":"https:\/\/www.iemj.org\/es\/#organization"},"image":{"@id":"https:\/\/www.iemj.org\/es\/zadoc-kahn-genevieve-1914-2001\/#primaryimage"},"thumbnailUrl":"https:\/\/www.iemj.org\/wp-content\/uploads\/2014\/10\/logo-bio-Genevieve-ZADOC-KAHN-e1625476872243.jpg","articleSection":["Biograf\u00edas"],"inLanguage":"es"},{"@type":"WebPage","@id":"https:\/\/www.iemj.org\/es\/zadoc-kahn-genevieve-1914-2001\/","url":"https:\/\/www.iemj.org\/es\/zadoc-kahn-genevieve-1914-2001\/","name":"Zadoc-Kahn, Genevi\u00e8ve (1914-2001) - Institut Europ\u00e9en des Musiques Juives","isPartOf":{"@id":"https:\/\/www.iemj.org\/es\/#website"},"primaryImageOfPage":{"@id":"https:\/\/www.iemj.org\/es\/zadoc-kahn-genevieve-1914-2001\/#primaryimage"},"image":{"@id":"https:\/\/www.iemj.org\/es\/zadoc-kahn-genevieve-1914-2001\/#primaryimage"},"thumbnailUrl":"https:\/\/www.iemj.org\/wp-content\/uploads\/2014\/10\/logo-bio-Genevieve-ZADOC-KAHN-e1625476872243.jpg","datePublished":"2014-10-23T14:47:24+00:00","dateModified":"2022-10-10T14:54:35+00:00","breadcrumb":{"@id":"https:\/\/www.iemj.org\/es\/zadoc-kahn-genevieve-1914-2001\/#breadcrumb"},"inLanguage":"es","potentialAction":[{"@type":"ReadAction","target":["https:\/\/www.iemj.org\/es\/zadoc-kahn-genevieve-1914-2001\/"]}]},{"@type":"ImageObject","inLanguage":"es","@id":"https:\/\/www.iemj.org\/es\/zadoc-kahn-genevieve-1914-2001\/#primaryimage","url":"https:\/\/www.iemj.org\/wp-content\/uploads\/2014\/10\/logo-bio-Genevieve-ZADOC-KAHN-e1625476872243.jpg","contentUrl":"https:\/\/www.iemj.org\/wp-content\/uploads\/2014\/10\/logo-bio-Genevieve-ZADOC-KAHN-e1625476872243.jpg","width":175,"height":218},{"@type":"BreadcrumbList","@id":"https:\/\/www.iemj.org\/es\/zadoc-kahn-genevieve-1914-2001\/#breadcrumb","itemListElement":[{"@type":"ListItem","position":1,"name":"Accueil","item":"https:\/\/www.iemj.org\/es\/"},{"@type":"ListItem","position":2,"name":"Zadoc-Kahn, Genevi\u00e8ve (1914-2001)"}]},{"@type":"WebSite","@id":"https:\/\/www.iemj.org\/es\/#website","url":"https:\/\/www.iemj.org\/es\/","name":"Institut Europ\u00e9en des Musiques Juives","description":"Des traditions musicales \u00e0 la port\u00e9e de tous","publisher":{"@id":"https:\/\/www.iemj.org\/es\/#organization"},"potentialAction":[{"@type":"SearchAction","target":{"@type":"EntryPoint","urlTemplate":"https:\/\/www.iemj.org\/es\/?s={search_term_string}"},"query-input":{"@type":"PropertyValueSpecification","valueRequired":true,"valueName":"search_term_string"}}],"inLanguage":"es"},{"@type":"Organization","@id":"https:\/\/www.iemj.org\/es\/#organization","name":"Institut Europ\u00e9en des Musiques Juives","url":"https:\/\/www.iemj.org\/es\/","logo":{"@type":"ImageObject","inLanguage":"es","@id":"https:\/\/www.iemj.org\/es\/#\/schema\/logo\/image\/","url":"https:\/\/www.iemj.org\/wp-content\/uploads\/2021\/09\/Logo-IEMJ-Paypal.jpg","contentUrl":"https:\/\/www.iemj.org\/wp-content\/uploads\/2021\/09\/Logo-IEMJ-Paypal.jpg","width":150,"height":50,"caption":"Institut Europ\u00e9en des Musiques Juives"},"image":{"@id":"https:\/\/www.iemj.org\/es\/#\/schema\/logo\/image\/"},"sameAs":["https:\/\/www.facebook.com\/MusiquesJuives\/","https:\/\/www.instagram.com\/musiquesjuives\/","https:\/\/www.youtube.com\/user\/musiquesjuives"]},{"@type":"Person","@id":"https:\/\/www.iemj.org\/es\/#\/schema\/person\/906134402c29d5c76e7b726261dd4bbd","name":"Herv\u00e9 Roten","image":{"@type":"ImageObject","inLanguage":"es","@id":"https:\/\/secure.gravatar.com\/avatar\/f96ad2db538a26481f18384936b5cd0610c92d390c4dc382209216d455f685ff?s=96&d=mm&r=g","url":"https:\/\/secure.gravatar.com\/avatar\/f96ad2db538a26481f18384936b5cd0610c92d390c4dc382209216d455f685ff?s=96&d=mm&r=g","contentUrl":"https:\/\/secure.gravatar.com\/avatar\/f96ad2db538a26481f18384936b5cd0610c92d390c4dc382209216d455f685ff?s=96&d=mm&r=g","caption":"Herv\u00e9 Roten"}}]}},"_links":{"self":[{"href":"https:\/\/www.iemj.org\/es\/wp-json\/wp\/v2\/posts\/88755","targetHints":{"allow":["GET"]}}],"collection":[{"href":"https:\/\/www.iemj.org\/es\/wp-json\/wp\/v2\/posts"}],"about":[{"href":"https:\/\/www.iemj.org\/es\/wp-json\/wp\/v2\/types\/post"}],"author":[{"embeddable":true,"href":"https:\/\/www.iemj.org\/es\/wp-json\/wp\/v2\/users\/1045"}],"replies":[{"embeddable":true,"href":"https:\/\/www.iemj.org\/es\/wp-json\/wp\/v2\/comments?post=88755"}],"version-history":[{"count":0,"href":"https:\/\/www.iemj.org\/es\/wp-json\/wp\/v2\/posts\/88755\/revisions"}],"wp:featuredmedia":[{"embeddable":true,"href":"https:\/\/www.iemj.org\/es\/wp-json\/wp\/v2\/media\/53603"}],"wp:attachment":[{"href":"https:\/\/www.iemj.org\/es\/wp-json\/wp\/v2\/media?parent=88755"}],"wp:term":[{"taxonomy":"category","embeddable":true,"href":"https:\/\/www.iemj.org\/es\/wp-json\/wp\/v2\/categories?post=88755"},{"taxonomy":"post_tag","embeddable":true,"href":"https:\/\/www.iemj.org\/es\/wp-json\/wp\/v2\/tags?post=88755"},{"taxonomy":"technique","embeddable":true,"href":"https:\/\/www.iemj.org\/es\/wp-json\/wp\/v2\/technique?post=88755"},{"taxonomy":"squelettes","embeddable":true,"href":"https:\/\/www.iemj.org\/es\/wp-json\/wp\/v2\/squelettes?post=88755"},{"taxonomy":"sujet","embeddable":true,"href":"https:\/\/www.iemj.org\/es\/wp-json\/wp\/v2\/sujet?post=88755"},{"taxonomy":"formation","embeddable":true,"href":"https:\/\/www.iemj.org\/es\/wp-json\/wp\/v2\/formation?post=88755"},{"taxonomy":"genre","embeddable":true,"href":"https:\/\/www.iemj.org\/es\/wp-json\/wp\/v2\/genre?post=88755"},{"taxonomy":"fonds","embeddable":true,"href":"https:\/\/www.iemj.org\/es\/wp-json\/wp\/v2\/fonds?post=88755"},{"taxonomy":"tradition","embeddable":true,"href":"https:\/\/www.iemj.org\/es\/wp-json\/wp\/v2\/tradition?post=88755"},{"taxonomy":"type-de-contenu","embeddable":true,"href":"https:\/\/www.iemj.org\/es\/wp-json\/wp\/v2\/type-de-contenu?post=88755"},{"taxonomy":"interprete-compositeur","embeddable":true,"href":"https:\/\/www.iemj.org\/es\/wp-json\/wp\/v2\/interprete-compositeur?post=88755"},{"taxonomy":"frise","embeddable":true,"href":"https:\/\/www.iemj.org\/es\/wp-json\/wp\/v2\/frise?post=88755"},{"taxonomy":"type-devenement","embeddable":true,"href":"https:\/\/www.iemj.org\/es\/wp-json\/wp\/v2\/type-devenement?post=88755"},{"taxonomy":"tableaux-liens-externes","embeddable":true,"href":"https:\/\/www.iemj.org\/es\/wp-json\/wp\/v2\/tableaux-liens-externes?post=88755"}],"curies":[{"name":"wp","href":"https:\/\/api.w.org\/{rel}","templated":true}]}}