{"id":88761,"date":"2017-11-21T17:04:57","date_gmt":"2017-11-21T16:04:57","guid":{"rendered":"https:\/\/www.iemj.org\/macias-enrico-1938\/"},"modified":"2022-10-10T17:48:19","modified_gmt":"2022-10-10T15:48:19","slug":"macias-enrico-1938","status":"publish","type":"post","link":"https:\/\/www.iemj.org\/es\/macias-enrico-1938\/","title":{"rendered":"Macias, Enrico (1938)"},"content":{"rendered":"<p>Enrico Macias es un cantante, m\u00fasico y compositor franc\u00e9s nacido en Constantina en Argelia, el 11 de diciembre de 1938. Su verdadero nombre es Gaston Ghrenassia, es hijo de Sylvain y Suzanne Zaouch, una familia jud\u00eda de m\u00fasicos de maluf.<\/p>\n<p class=\"TableContents\" style=\"text-align: justify; text-justify: inter-ideograph;\"><span lang=\"ES\">Sigui\u00f3 estudiando normalmente mientras se dedicaba a la m\u00fasica que era su pasi\u00f3n, la guitarra en particular.<\/span><\/p>\n<p>Primero profesor en 1956, se uni\u00f3 a la orquesta de <a href=\"https:\/\/www.iemj.org\/es\/cheikh-raymond-1912-1961\/\" target=\"_blank\" rel=\"noopener\"><strong>Cheikh Raymond Leyris<\/strong><\/a>, maestro del maluf en la cual su padre era violinista.<\/p>\n<p class=\"TableContents\" style=\"text-align: justify; text-justify: inter-ideograph;\"><span lang=\"ES\">La muerte de Cheikh Raymond, asesinado en junio de 1961, le llev\u00f3 a irse de Argelia con su esposa Suzy que no es otra que la hija de Cheikh Raymond. Fue en el \u201cVille d&#8217;Algel\u201d, barco que les llev\u00f3 a Francia metropolitana, que compuso con su guitarra \u201c<i>J&#8217;ai quitt\u00e9 mon pays, j&#8217;ai quitt\u00e9 ma maison<\/i>\u201d. La familia se instal\u00f3 en Argenteuil.<\/span><\/p>\n<p class=\"TableContents\" style=\"text-align: justify; text-justify: inter-ideograph;\"><span lang=\"ES\">En Par\u00eds, Enrico trabajaba irregularmente, ganandose la vie con peque\u00f1os trabajos mientras actuaba en cabarets, hasta que fuera descubierto y que hiciera la primera parte de un concierto de<b> Gilbert B\u00e9caud<\/b>.<\/span><\/p>\n<p><img fetchpriority=\"high\" decoding=\"async\" class=\" aligncenter size-full wp-image-16025\" src=\"https:\/\/www.iemj.org\/wp-content\/uploads\/2017\/11\/doc_1_bio_enrico_macias_500px.jpg\" alt=\"doc_1_bio_enrico_macias_500px.jpg\" width=\"500\" height=\"168\" align=\"middle\" srcset=\"https:\/\/www.iemj.org\/wp-content\/uploads\/2017\/11\/doc_1_bio_enrico_macias_500px.jpg 500w, https:\/\/www.iemj.org\/wp-content\/uploads\/2017\/11\/doc_1_bio_enrico_macias_500px-300x101.jpg 300w\" sizes=\"(max-width: 500px) 100vw, 500px\" \/><\/p>\n<p class=\"TableContents\" style=\"text-align: justify; text-justify: inter-ideograph;\"><span lang=\"ES\">Entre los distintos letristas que crearon los textos del repertorio de Macias, <b>Jacques Demarny<\/b> acompa\u00f1\u00f3 una gran parte de la carrera de este int\u00e9rprete (de los a\u00f1os 60 a 80) y fue el autor de la mayor parte de su repertorio (un centenar de canciones).<\/span><\/p>\n<p class=\"TableContents\" style=\"text-align: justify; text-justify: inter-ideograph;\"><span lang=\"ES\">En 1962 sali\u00f3 en televisi\u00f3n en el programa \u201c<i>Cinq colonnes \u00e0 la une<\/i>\u201d para ilustrar en un reportaje sobre los repatriados de Argelia. Su interpretaci\u00f3n de la canci\u00f3n \u201c<i>Adieu Mon pays<\/i>\u201d, se volvi\u00f3 el s\u00edmbolo de exilio de los Pieds-Noirs. Entonces us\u00f3 el seud\u00f3nimo<b> Enrico Macias<\/b>. <b>Path\u00e9 Marconi<\/b> lanz\u00f3 su primer \u00e1lbum en 1963, con la canci\u00f3n principal \u201cEnfants de tous pays\u201d.<\/span><\/p>\n<p class=\"TableContents\" style=\"text-align: justify; text-justify: inter-ideograph;\"><span lang=\"ES\">Reconocido internacionalmente, en 1980 recibi\u00f3 el t\u00edtulo de <i>Cantor de la Paz<\/i> de manos de Kurt Waldheim.<\/span><\/p>\n<p class=\"TableContents\" style=\"text-align: justify; text-justify: inter-ideograph;\"><span lang=\"ES\">En 1985, recibi\u00f3 el t\u00edtulo de <i>Caballero de la Legi\u00f3n de Honor<\/i> de manos del Primer Ministro <b>Laurent Fabius<\/b>. Fue ascendido al rango de <i>oficial<\/i> en abril de 2007.<\/span><\/p>\n<p><strong>Fuentes:<\/strong><br \/>\n<a href=\"https:\/\/es.wikipedia.org\/wiki\/Enrico_Macias\" target=\"_blank\" rel=\"noopener\">Wikipedia<\/a><br \/>\n<a href=\"http:\/\/musique.rfi.fr\/artiste\/chanson\/enrico-macias\" target=\"_blank\" rel=\"noopener\">http:\/\/musique.rfi.fr\/artiste\/chanson\/enrico-macias<\/a><\/p>\n<ul>\n<li><a href=\"https:\/\/www.discogs.com\/fr\/artist\/119715-Enrico-Macias\" target=\"_blank\" rel=\"noopener\">Consultar la discograf\u00eda<\/a><\/li>\n<li><a href=\"https:\/\/www.iemj.org\/es\/des-disques-et-partitions-denrico-macias\/\" target=\"_blank\" rel=\"noopener\">Descubrir los discos y las partituras de Enrico Macias procedentes del fondo Maurice Arrouasse<\/a><\/li>\n<li><a href=\"https:\/\/www.iemj.org\/es\/playlist-speciale-enrico-macias\/\" target=\"_blank\" rel=\"noopener\">Escuchar la lista de reproducci\u00f3n dedicada a Enrico Macias<\/a><\/li>\n<li><a href=\"http:\/\/www.rachelnet.net\/F\/?func=find-c&amp;ccl_term=WRD+%3D+enrico+macias&amp;local_base=iemcg\" target=\"_blank\" rel=\"noopener\">Consultar nuestros archivos sobre Enrico Macias<\/a><\/li>\n<\/ul>\n","protected":false},"excerpt":{"rendered":"<p>Enrico Macias es un cantante, m\u00fasico y compositor franc\u00e9s nacido en Constantina en Argelia, el 11 de diciembre de 1938. Su verdadero nombre es Gaston Ghrenassia, es hijo de Sylvain<\/p>\n","protected":false},"author":1052,"featured_media":52169,"comment_status":"closed","ping_status":"open","sticky":false,"template":"","format":"standard","meta":{"_acf_changed":false,"footnotes":""},"categories":[1417],"tags":[],"technique":[],"squelettes":[],"sujet":[],"formation":[],"genre":[1879,1915],"fonds":[],"tradition":[],"type-de-contenu":[],"interprete-compositeur":[3143],"frise":[],"type-devenement":[],"tableaux-liens-externes":[],"class_list":["post-88761","post","type-post","status-publish","format-standard","has-post-thumbnail","hentry","category-biografias-es","genre-cancion-francesa-es","genre-oriental-es","interprete-compositeur-enrico-macias-es"],"acf":[],"yoast_head":"<!-- This site is optimized with the Yoast SEO plugin v27.3 - https:\/\/yoast.com\/product\/yoast-seo-wordpress\/ -->\n<title>Macias, Enrico (1938) - Institut Europ\u00e9en des Musiques Juives<\/title>\n<meta name=\"robots\" content=\"index, follow, max-snippet:-1, max-image-preview:large, max-video-preview:-1\" \/>\n<link rel=\"canonical\" href=\"https:\/\/www.iemj.org\/es\/macias-enrico-1938\/\" \/>\n<meta property=\"og:locale\" content=\"es_ES\" \/>\n<meta property=\"og:type\" content=\"article\" \/>\n<meta property=\"og:title\" content=\"Macias, Enrico (1938) - Institut Europ\u00e9en des Musiques Juives\" \/>\n<meta property=\"og:description\" content=\"Enrico Macias es un cantante, m\u00fasico y compositor franc\u00e9s nacido en Constantina en Argelia, el 11 de diciembre de 1938. Su verdadero nombre es Gaston Ghrenassia, es hijo de Sylvain\" \/>\n<meta property=\"og:url\" content=\"https:\/\/www.iemj.org\/es\/macias-enrico-1938\/\" \/>\n<meta property=\"og:site_name\" content=\"Institut Europ\u00e9en des Musiques Juives\" \/>\n<meta property=\"article:publisher\" content=\"https:\/\/www.facebook.com\/MusiquesJuives\/\" \/>\n<meta property=\"article:published_time\" content=\"2017-11-21T16:04:57+00:00\" \/>\n<meta property=\"article:modified_time\" content=\"2022-10-10T15:48:19+00:00\" \/>\n<meta property=\"og:image\" content=\"https:\/\/www.iemj.org\/wp-content\/uploads\/2017\/11\/arton2611-e1625058409714.jpg\" \/>\n\t<meta property=\"og:image:width\" content=\"253\" \/>\n\t<meta property=\"og:image:height\" content=\"218\" \/>\n\t<meta property=\"og:image:type\" content=\"image\/jpeg\" \/>\n<meta name=\"author\" content=\"Lea Couderc\" \/>\n<meta name=\"twitter:card\" content=\"summary_large_image\" \/>\n<meta name=\"twitter:label1\" content=\"Escrito por\" \/>\n\t<meta name=\"twitter:data1\" content=\"Lea Couderc\" \/>\n\t<meta name=\"twitter:label2\" content=\"Tiempo de lectura\" \/>\n\t<meta name=\"twitter:data2\" content=\"3 minutos\" \/>\n<script type=\"application\/ld+json\" class=\"yoast-schema-graph\">{\"@context\":\"https:\\\/\\\/schema.org\",\"@graph\":[{\"@type\":\"Article\",\"@id\":\"https:\\\/\\\/www.iemj.org\\\/es\\\/macias-enrico-1938\\\/#article\",\"isPartOf\":{\"@id\":\"https:\\\/\\\/www.iemj.org\\\/es\\\/macias-enrico-1938\\\/\"},\"author\":{\"name\":\"Lea Couderc\",\"@id\":\"https:\\\/\\\/www.iemj.org\\\/es\\\/#\\\/schema\\\/person\\\/e2ad57f2c4be119c7ed8ab79036807a9\"},\"headline\":\"Macias, Enrico (1938)\",\"datePublished\":\"2017-11-21T16:04:57+00:00\",\"dateModified\":\"2022-10-10T15:48:19+00:00\",\"mainEntityOfPage\":{\"@id\":\"https:\\\/\\\/www.iemj.org\\\/es\\\/macias-enrico-1938\\\/\"},\"wordCount\":381,\"publisher\":{\"@id\":\"https:\\\/\\\/www.iemj.org\\\/es\\\/#organization\"},\"image\":{\"@id\":\"https:\\\/\\\/www.iemj.org\\\/es\\\/macias-enrico-1938\\\/#primaryimage\"},\"thumbnailUrl\":\"https:\\\/\\\/www.iemj.org\\\/wp-content\\\/uploads\\\/2017\\\/11\\\/arton2611-e1625058409714.jpg\",\"articleSection\":[\"Biograf\u00edas\"],\"inLanguage\":\"es\"},{\"@type\":\"WebPage\",\"@id\":\"https:\\\/\\\/www.iemj.org\\\/es\\\/macias-enrico-1938\\\/\",\"url\":\"https:\\\/\\\/www.iemj.org\\\/es\\\/macias-enrico-1938\\\/\",\"name\":\"Macias, Enrico (1938) - Institut Europ\u00e9en des Musiques Juives\",\"isPartOf\":{\"@id\":\"https:\\\/\\\/www.iemj.org\\\/es\\\/#website\"},\"primaryImageOfPage\":{\"@id\":\"https:\\\/\\\/www.iemj.org\\\/es\\\/macias-enrico-1938\\\/#primaryimage\"},\"image\":{\"@id\":\"https:\\\/\\\/www.iemj.org\\\/es\\\/macias-enrico-1938\\\/#primaryimage\"},\"thumbnailUrl\":\"https:\\\/\\\/www.iemj.org\\\/wp-content\\\/uploads\\\/2017\\\/11\\\/arton2611-e1625058409714.jpg\",\"datePublished\":\"2017-11-21T16:04:57+00:00\",\"dateModified\":\"2022-10-10T15:48:19+00:00\",\"breadcrumb\":{\"@id\":\"https:\\\/\\\/www.iemj.org\\\/es\\\/macias-enrico-1938\\\/#breadcrumb\"},\"inLanguage\":\"es\",\"potentialAction\":[{\"@type\":\"ReadAction\",\"target\":[\"https:\\\/\\\/www.iemj.org\\\/es\\\/macias-enrico-1938\\\/\"]}]},{\"@type\":\"ImageObject\",\"inLanguage\":\"es\",\"@id\":\"https:\\\/\\\/www.iemj.org\\\/es\\\/macias-enrico-1938\\\/#primaryimage\",\"url\":\"https:\\\/\\\/www.iemj.org\\\/wp-content\\\/uploads\\\/2017\\\/11\\\/arton2611-e1625058409714.jpg\",\"contentUrl\":\"https:\\\/\\\/www.iemj.org\\\/wp-content\\\/uploads\\\/2017\\\/11\\\/arton2611-e1625058409714.jpg\",\"width\":253,\"height\":218},{\"@type\":\"BreadcrumbList\",\"@id\":\"https:\\\/\\\/www.iemj.org\\\/es\\\/macias-enrico-1938\\\/#breadcrumb\",\"itemListElement\":[{\"@type\":\"ListItem\",\"position\":1,\"name\":\"Accueil\",\"item\":\"https:\\\/\\\/www.iemj.org\\\/es\\\/\"},{\"@type\":\"ListItem\",\"position\":2,\"name\":\"Macias, Enrico (1938)\"}]},{\"@type\":\"WebSite\",\"@id\":\"https:\\\/\\\/www.iemj.org\\\/es\\\/#website\",\"url\":\"https:\\\/\\\/www.iemj.org\\\/es\\\/\",\"name\":\"Institut Europ\u00e9en des Musiques Juives\",\"description\":\"Des traditions musicales \u00e0 la port\u00e9e de tous\",\"publisher\":{\"@id\":\"https:\\\/\\\/www.iemj.org\\\/es\\\/#organization\"},\"potentialAction\":[{\"@type\":\"SearchAction\",\"target\":{\"@type\":\"EntryPoint\",\"urlTemplate\":\"https:\\\/\\\/www.iemj.org\\\/es\\\/?s={search_term_string}\"},\"query-input\":{\"@type\":\"PropertyValueSpecification\",\"valueRequired\":true,\"valueName\":\"search_term_string\"}}],\"inLanguage\":\"es\"},{\"@type\":\"Organization\",\"@id\":\"https:\\\/\\\/www.iemj.org\\\/es\\\/#organization\",\"name\":\"Institut Europ\u00e9en des Musiques Juives\",\"url\":\"https:\\\/\\\/www.iemj.org\\\/es\\\/\",\"logo\":{\"@type\":\"ImageObject\",\"inLanguage\":\"es\",\"@id\":\"https:\\\/\\\/www.iemj.org\\\/es\\\/#\\\/schema\\\/logo\\\/image\\\/\",\"url\":\"https:\\\/\\\/www.iemj.org\\\/wp-content\\\/uploads\\\/2021\\\/09\\\/Logo-IEMJ-Paypal.jpg\",\"contentUrl\":\"https:\\\/\\\/www.iemj.org\\\/wp-content\\\/uploads\\\/2021\\\/09\\\/Logo-IEMJ-Paypal.jpg\",\"width\":150,\"height\":50,\"caption\":\"Institut Europ\u00e9en des Musiques Juives\"},\"image\":{\"@id\":\"https:\\\/\\\/www.iemj.org\\\/es\\\/#\\\/schema\\\/logo\\\/image\\\/\"},\"sameAs\":[\"https:\\\/\\\/www.facebook.com\\\/MusiquesJuives\\\/\",\"https:\\\/\\\/www.instagram.com\\\/musiquesjuives\\\/\",\"https:\\\/\\\/www.youtube.com\\\/user\\\/musiquesjuives\"]},{\"@type\":\"Person\",\"@id\":\"https:\\\/\\\/www.iemj.org\\\/es\\\/#\\\/schema\\\/person\\\/e2ad57f2c4be119c7ed8ab79036807a9\",\"name\":\"Lea Couderc\",\"image\":{\"@type\":\"ImageObject\",\"inLanguage\":\"es\",\"@id\":\"https:\\\/\\\/secure.gravatar.com\\\/avatar\\\/46ee021475d60aeff17a7e490b79dea5a5684bb392ab7fd1494027411df8ba23?s=96&d=mm&r=g\",\"url\":\"https:\\\/\\\/secure.gravatar.com\\\/avatar\\\/46ee021475d60aeff17a7e490b79dea5a5684bb392ab7fd1494027411df8ba23?s=96&d=mm&r=g\",\"contentUrl\":\"https:\\\/\\\/secure.gravatar.com\\\/avatar\\\/46ee021475d60aeff17a7e490b79dea5a5684bb392ab7fd1494027411df8ba23?s=96&d=mm&r=g\",\"caption\":\"Lea Couderc\"}}]}<\/script>\n<!-- \/ Yoast SEO plugin. -->","yoast_head_json":{"title":"Macias, Enrico (1938) - Institut Europ\u00e9en des Musiques Juives","robots":{"index":"index","follow":"follow","max-snippet":"max-snippet:-1","max-image-preview":"max-image-preview:large","max-video-preview":"max-video-preview:-1"},"canonical":"https:\/\/www.iemj.org\/es\/macias-enrico-1938\/","og_locale":"es_ES","og_type":"article","og_title":"Macias, Enrico (1938) - Institut Europ\u00e9en des Musiques Juives","og_description":"Enrico Macias es un cantante, m\u00fasico y compositor franc\u00e9s nacido en Constantina en Argelia, el 11 de diciembre de 1938. Su verdadero nombre es Gaston Ghrenassia, es hijo de Sylvain","og_url":"https:\/\/www.iemj.org\/es\/macias-enrico-1938\/","og_site_name":"Institut Europ\u00e9en des Musiques Juives","article_publisher":"https:\/\/www.facebook.com\/MusiquesJuives\/","article_published_time":"2017-11-21T16:04:57+00:00","article_modified_time":"2022-10-10T15:48:19+00:00","og_image":[{"width":253,"height":218,"url":"https:\/\/www.iemj.org\/wp-content\/uploads\/2017\/11\/arton2611-e1625058409714.jpg","type":"image\/jpeg"}],"author":"Lea Couderc","twitter_card":"summary_large_image","twitter_misc":{"Escrito por":"Lea Couderc","Tiempo de lectura":"3 minutos"},"schema":{"@context":"https:\/\/schema.org","@graph":[{"@type":"Article","@id":"https:\/\/www.iemj.org\/es\/macias-enrico-1938\/#article","isPartOf":{"@id":"https:\/\/www.iemj.org\/es\/macias-enrico-1938\/"},"author":{"name":"Lea Couderc","@id":"https:\/\/www.iemj.org\/es\/#\/schema\/person\/e2ad57f2c4be119c7ed8ab79036807a9"},"headline":"Macias, Enrico (1938)","datePublished":"2017-11-21T16:04:57+00:00","dateModified":"2022-10-10T15:48:19+00:00","mainEntityOfPage":{"@id":"https:\/\/www.iemj.org\/es\/macias-enrico-1938\/"},"wordCount":381,"publisher":{"@id":"https:\/\/www.iemj.org\/es\/#organization"},"image":{"@id":"https:\/\/www.iemj.org\/es\/macias-enrico-1938\/#primaryimage"},"thumbnailUrl":"https:\/\/www.iemj.org\/wp-content\/uploads\/2017\/11\/arton2611-e1625058409714.jpg","articleSection":["Biograf\u00edas"],"inLanguage":"es"},{"@type":"WebPage","@id":"https:\/\/www.iemj.org\/es\/macias-enrico-1938\/","url":"https:\/\/www.iemj.org\/es\/macias-enrico-1938\/","name":"Macias, Enrico (1938) - Institut Europ\u00e9en des Musiques Juives","isPartOf":{"@id":"https:\/\/www.iemj.org\/es\/#website"},"primaryImageOfPage":{"@id":"https:\/\/www.iemj.org\/es\/macias-enrico-1938\/#primaryimage"},"image":{"@id":"https:\/\/www.iemj.org\/es\/macias-enrico-1938\/#primaryimage"},"thumbnailUrl":"https:\/\/www.iemj.org\/wp-content\/uploads\/2017\/11\/arton2611-e1625058409714.jpg","datePublished":"2017-11-21T16:04:57+00:00","dateModified":"2022-10-10T15:48:19+00:00","breadcrumb":{"@id":"https:\/\/www.iemj.org\/es\/macias-enrico-1938\/#breadcrumb"},"inLanguage":"es","potentialAction":[{"@type":"ReadAction","target":["https:\/\/www.iemj.org\/es\/macias-enrico-1938\/"]}]},{"@type":"ImageObject","inLanguage":"es","@id":"https:\/\/www.iemj.org\/es\/macias-enrico-1938\/#primaryimage","url":"https:\/\/www.iemj.org\/wp-content\/uploads\/2017\/11\/arton2611-e1625058409714.jpg","contentUrl":"https:\/\/www.iemj.org\/wp-content\/uploads\/2017\/11\/arton2611-e1625058409714.jpg","width":253,"height":218},{"@type":"BreadcrumbList","@id":"https:\/\/www.iemj.org\/es\/macias-enrico-1938\/#breadcrumb","itemListElement":[{"@type":"ListItem","position":1,"name":"Accueil","item":"https:\/\/www.iemj.org\/es\/"},{"@type":"ListItem","position":2,"name":"Macias, Enrico (1938)"}]},{"@type":"WebSite","@id":"https:\/\/www.iemj.org\/es\/#website","url":"https:\/\/www.iemj.org\/es\/","name":"Institut Europ\u00e9en des Musiques Juives","description":"Des traditions musicales \u00e0 la port\u00e9e de tous","publisher":{"@id":"https:\/\/www.iemj.org\/es\/#organization"},"potentialAction":[{"@type":"SearchAction","target":{"@type":"EntryPoint","urlTemplate":"https:\/\/www.iemj.org\/es\/?s={search_term_string}"},"query-input":{"@type":"PropertyValueSpecification","valueRequired":true,"valueName":"search_term_string"}}],"inLanguage":"es"},{"@type":"Organization","@id":"https:\/\/www.iemj.org\/es\/#organization","name":"Institut Europ\u00e9en des Musiques Juives","url":"https:\/\/www.iemj.org\/es\/","logo":{"@type":"ImageObject","inLanguage":"es","@id":"https:\/\/www.iemj.org\/es\/#\/schema\/logo\/image\/","url":"https:\/\/www.iemj.org\/wp-content\/uploads\/2021\/09\/Logo-IEMJ-Paypal.jpg","contentUrl":"https:\/\/www.iemj.org\/wp-content\/uploads\/2021\/09\/Logo-IEMJ-Paypal.jpg","width":150,"height":50,"caption":"Institut Europ\u00e9en des Musiques Juives"},"image":{"@id":"https:\/\/www.iemj.org\/es\/#\/schema\/logo\/image\/"},"sameAs":["https:\/\/www.facebook.com\/MusiquesJuives\/","https:\/\/www.instagram.com\/musiquesjuives\/","https:\/\/www.youtube.com\/user\/musiquesjuives"]},{"@type":"Person","@id":"https:\/\/www.iemj.org\/es\/#\/schema\/person\/e2ad57f2c4be119c7ed8ab79036807a9","name":"Lea Couderc","image":{"@type":"ImageObject","inLanguage":"es","@id":"https:\/\/secure.gravatar.com\/avatar\/46ee021475d60aeff17a7e490b79dea5a5684bb392ab7fd1494027411df8ba23?s=96&d=mm&r=g","url":"https:\/\/secure.gravatar.com\/avatar\/46ee021475d60aeff17a7e490b79dea5a5684bb392ab7fd1494027411df8ba23?s=96&d=mm&r=g","contentUrl":"https:\/\/secure.gravatar.com\/avatar\/46ee021475d60aeff17a7e490b79dea5a5684bb392ab7fd1494027411df8ba23?s=96&d=mm&r=g","caption":"Lea Couderc"}}]}},"_links":{"self":[{"href":"https:\/\/www.iemj.org\/es\/wp-json\/wp\/v2\/posts\/88761","targetHints":{"allow":["GET"]}}],"collection":[{"href":"https:\/\/www.iemj.org\/es\/wp-json\/wp\/v2\/posts"}],"about":[{"href":"https:\/\/www.iemj.org\/es\/wp-json\/wp\/v2\/types\/post"}],"author":[{"embeddable":true,"href":"https:\/\/www.iemj.org\/es\/wp-json\/wp\/v2\/users\/1052"}],"replies":[{"embeddable":true,"href":"https:\/\/www.iemj.org\/es\/wp-json\/wp\/v2\/comments?post=88761"}],"version-history":[{"count":0,"href":"https:\/\/www.iemj.org\/es\/wp-json\/wp\/v2\/posts\/88761\/revisions"}],"wp:featuredmedia":[{"embeddable":true,"href":"https:\/\/www.iemj.org\/es\/wp-json\/wp\/v2\/media\/52169"}],"wp:attachment":[{"href":"https:\/\/www.iemj.org\/es\/wp-json\/wp\/v2\/media?parent=88761"}],"wp:term":[{"taxonomy":"category","embeddable":true,"href":"https:\/\/www.iemj.org\/es\/wp-json\/wp\/v2\/categories?post=88761"},{"taxonomy":"post_tag","embeddable":true,"href":"https:\/\/www.iemj.org\/es\/wp-json\/wp\/v2\/tags?post=88761"},{"taxonomy":"technique","embeddable":true,"href":"https:\/\/www.iemj.org\/es\/wp-json\/wp\/v2\/technique?post=88761"},{"taxonomy":"squelettes","embeddable":true,"href":"https:\/\/www.iemj.org\/es\/wp-json\/wp\/v2\/squelettes?post=88761"},{"taxonomy":"sujet","embeddable":true,"href":"https:\/\/www.iemj.org\/es\/wp-json\/wp\/v2\/sujet?post=88761"},{"taxonomy":"formation","embeddable":true,"href":"https:\/\/www.iemj.org\/es\/wp-json\/wp\/v2\/formation?post=88761"},{"taxonomy":"genre","embeddable":true,"href":"https:\/\/www.iemj.org\/es\/wp-json\/wp\/v2\/genre?post=88761"},{"taxonomy":"fonds","embeddable":true,"href":"https:\/\/www.iemj.org\/es\/wp-json\/wp\/v2\/fonds?post=88761"},{"taxonomy":"tradition","embeddable":true,"href":"https:\/\/www.iemj.org\/es\/wp-json\/wp\/v2\/tradition?post=88761"},{"taxonomy":"type-de-contenu","embeddable":true,"href":"https:\/\/www.iemj.org\/es\/wp-json\/wp\/v2\/type-de-contenu?post=88761"},{"taxonomy":"interprete-compositeur","embeddable":true,"href":"https:\/\/www.iemj.org\/es\/wp-json\/wp\/v2\/interprete-compositeur?post=88761"},{"taxonomy":"frise","embeddable":true,"href":"https:\/\/www.iemj.org\/es\/wp-json\/wp\/v2\/frise?post=88761"},{"taxonomy":"type-devenement","embeddable":true,"href":"https:\/\/www.iemj.org\/es\/wp-json\/wp\/v2\/type-devenement?post=88761"},{"taxonomy":"tableaux-liens-externes","embeddable":true,"href":"https:\/\/www.iemj.org\/es\/wp-json\/wp\/v2\/tableaux-liens-externes?post=88761"}],"curies":[{"name":"wp","href":"https:\/\/api.w.org\/{rel}","templated":true}]}}