{"id":88849,"date":"2018-03-13T14:28:30","date_gmt":"2018-03-13T13:28:30","guid":{"rendered":"https:\/\/www.iemj.org\/messia-danielle-1956-1985\/"},"modified":"2025-09-08T17:29:46","modified_gmt":"2025-09-08T15:29:46","slug":"messia-danielle-1956-1985","status":"publish","type":"post","link":"https:\/\/www.iemj.org\/es\/messia-danielle-1956-1985\/","title":{"rendered":"Messia, Danielle (1956-1985)"},"content":{"rendered":"<p>Danielle <span lang=\"ES\">Messia, nacida Mashiah, el 27 de octubre de 1956, en Tel Aviv-Jaffa en Israel, fue autora, compositora e int\u00e9rprete. En 1958, ten\u00eda 3 a\u00f1os cuando sus padres se instalaron en Francia en la regi\u00f3n parisiense. Danielle fue criada junto con su hermana C\u00e9cile. Su padre dej\u00f3 la familia en 1960 y se fue a vivir en Estados Unidos sin dejar huellas.<\/span><\/p>\n<p class=\"TableContents\" style=\"text-align: justify; text-justify: inter-ideograph;\"><span lang=\"ES\">A principios de los a\u00f1os 70, form\u00f3 parte del grupo folk \u201cGrattons Labeur\u201d que actuaba en la regi\u00f3n de Orl\u00e9ans y en numerosos cafes-cabarets de Breta\u00f1a en compa\u00f1\u00eda de G\u00e9rard Blanchard. Danielle sigui\u00f3 al mismo tiempo clases de historia en la universidad de Orl\u00e9ans. El grupo lanz\u00f3 un disco en 1970, <i>Le Bal des sorciers<\/i>, producido por el sello de Morice B\u00e9nin, ABA.<\/span><\/p>\n<p class=\"TableContents\" style=\"text-align: justify; text-justify: inter-ideograph;\"><span lang=\"ES\">Luego empez\u00f3 una carrera como solista y se fue a Austria, Ruman\u00eda e Italia con su guitarra.<\/span><\/p>\n<p><img fetchpriority=\"high\" decoding=\"async\" class=\"size-full wp-image-16556 alignright\" src=\"https:\/\/www.iemj.org\/wp-content\/uploads\/2018\/03\/doc_messia_2_500px.jpg\" alt=\"doc_messia_2_500px.jpg\" width=\"400\" height=\"244\" align=\"middle\" srcset=\"https:\/\/www.iemj.org\/wp-content\/uploads\/2018\/03\/doc_messia_2_500px.jpg 400w, https:\/\/www.iemj.org\/wp-content\/uploads\/2018\/03\/doc_messia_2_500px-300x183.jpg 300w\" sizes=\"(max-width: 400px) 100vw, 400px\" \/>De <span lang=\"ES\">vuelta en Par\u00eds, a finales de 1978, vivi\u00f3 en la calle de Paradis en una peque\u00f1a habitaci\u00f3n de servicio. Cant\u00f3 en la calle, en el metro, en MJC (Clubs de j\u00f3venes).<\/span><\/p>\n<p class=\"TableContents\" style=\"text-align: justify; text-justify: inter-ideograph;\"><span lang=\"ES\">Fue contratada el mismo a\u00f1o en l\u2019Ecume para las fiestas de fin de a\u00f1o donde tuvo un encuentro decisivo con Eddy Schaff que le ejercit\u00f3 su voz con intenci\u00f3n de hacer una grabaci\u00f3n. Confesar\u00e1 m\u00e1s tarde \u201cMe ense\u00f1\u00f3 a cantar, me ayud\u00f3 a empezar y me inspir\u00f3 confianza\u201d.<\/span><\/p>\n<p class=\"TableContents\" style=\"text-align: justify; text-justify: inter-ideograph;\"><b><span lang=\"ES\">Jean Lavigne<\/span><\/b><span lang=\"ES\"> le hizo grabar su primer disco producido en mil ejemplares, sin embargo nunca se lanzar\u00e1. Tras lo cual invit\u00f3 a doscientos personalidades del show-biz, pero s\u00f3lo vendr\u00e1n dos periodistas, <b>Jacques Vassal<\/b> y <b>Maurice Marouani<\/b> que la se\u00f1alaron a la compa\u00f1\u00eda discogr\u00e1fica Barclay.<\/span><\/p>\n<p class=\"TableContents\" style=\"text-align: justify; text-justify: inter-ideograph;\"><span lang=\"ES\">Su primer disco <i>Il fait soleil<\/i> se public\u00f3 en 1981. Su segundo \u00e1lbum <i>De la main gauche<\/i> fue lanzado el a\u00f1o siguiente, y, el mismo a\u00f1o, se uni\u00f3 a su hermana C\u00e9cile que viv\u00eda en California. En octubre de 1982, actu\u00f3 en la Olympia en el \u00e1mbito de las \u201cOlympiades de la chanson\u201d.<\/span><\/p>\n<p class=\"TableContents\" style=\"text-align: justify; text-justify: inter-ideograph;\"><span lang=\"ES\">En 1984, dej\u00f3 Barclay y firm\u00f3 un contrato con Wea para su tercer disco <i>Carnaval<\/i>, que se public\u00f3 en 1985. Particip\u00f3 en el Printemps de Bourges y en el festival Equinoxe en Breta\u00f1a.<\/span><\/p>\n<p class=\"TableContents\" style=\"text-align: justify; text-justify: inter-ideograph;\"><span lang=\"ES\">En 1985, el c\u00e1ncer volvi\u00f3 y muri\u00f3 de leucemia, que intentaba curar desde 1983. Falleci\u00f3 el 13 de junio de 1985.<\/span><\/p>\n<p class=\"TableContents\" style=\"text-align: justify; text-justify: inter-ideograph;\"><span lang=\"ES\">Un a\u00f1o m\u00e1s tarde, amigos suyos, G\u00e9rard Classe y Georges Nawrocki decidieron lanzar un \u00e1lbum de homenaje <i>Les Mots<\/i> con canciones extra\u00eddas del \u00e1lbum de 1979 nunca difundido y maquetas de estudio. Este disco recibi\u00f3 el gran premio de la Academia Charles Cros \u201cin Memoriam\u201d.<\/span><\/p>\n<p><img decoding=\"async\" class=\" aligncenter size-full wp-image-16558\" src=\"https:\/\/www.iemj.org\/wp-content\/uploads\/2018\/03\/doc_1_messia_500px.jpg\" alt=\"doc_1_messia_500px.jpg\" width=\"600\" height=\"296\" align=\"middle\" srcset=\"https:\/\/www.iemj.org\/wp-content\/uploads\/2018\/03\/doc_1_messia_500px.jpg 600w, https:\/\/www.iemj.org\/wp-content\/uploads\/2018\/03\/doc_1_messia_500px-300x148.jpg 300w\" sizes=\"(max-width: 600px) 100vw, 600px\" \/><\/p>\n<p class=\"TableContents\" style=\"text-align: justify; text-justify: inter-ideograph;\"><span lang=\"ES\">Danielle Messia impact\u00f3 los a\u00f1os 80 con canciones-testigas (<i>Grand-m\u00e8re ghetto<\/i>), canciones premonitarias (<i>Le Paradis des musiciens<\/i>), retratos \u00edntimos (<i>De la main gauche<\/i>)&#8230; Este camino de estrella fugaz fue acompa\u00f1ado por Eddy Schaaf, m\u00fasico que vimos junto a Allain Leprest o tambi\u00e9n Jacques Yvart.<\/span><\/p>\n<p class=\"TableContents\" style=\"text-align: justify; text-justify: inter-ideograph;\"><b><span lang=\"ES\">Jean-Jacques Goldman <\/span><\/b><span lang=\"ES\">le dedic\u00f3 su canci\u00f3n <i>Famille<\/i>, le escribi\u00f3 tambi\u00e9n la m\u00fasica de la canci\u00f3n <i>Le temps des enfants<\/i>.<\/span><\/p>\n<p><strong>Fuentes :<\/strong><br \/>&#8211; <a href=\"https:\/\/fr.wikipedia.org\/wiki\/Danielle_Messia\" target=\"_blank\" rel=\"noopener\">https:\/\/fr.wikipedia.org\/wiki\/Danielle_Messia<\/a><br \/>&#8211; <a href=\"http:\/\/les-mots-de-danielle-messia.over-blog.com\/\" target=\"_blank\" rel=\"noopener\">http:\/\/lesmotsdedaniellemessia.overblog.com\/<\/a><br \/>&#8211; <a href=\"http:\/\/anitta59.blogspot.fr\/2005\/12\/elle-sappelait-danielle-messia.html\" target=\"_blank\" rel=\"noopener\">http:\/\/anitta59.blogspot.fr\/2005\/12\/elle-sappelait-danielle-messia.html<\/a><\/p>\n<p><a href=\"https:\/\/www.discogs.com\/fr\/artist\/588406-Danielle-Messia\" target=\"_blank\" rel=\"noopener\">Consultar su discograf\u00eda<\/a><\/p>\n<p><a href=\"http:\/\/www.rachelnet.net\/F\/?func=find-c&amp;ccl_term=WRD+%3D+Danielle+Messia&amp;local_base=iemcg\" target=\"_blank\" rel=\"noopener\">Consultar nuestros archivos sobre Danielle Messia<\/a><\/p>\n\n\n<figure class=\"wp-block-embed is-type-video is-provider-youtube wp-block-embed-youtube wp-embed-aspect-4-3 wp-has-aspect-ratio\"><div class=\"wp-block-embed__wrapper\">\n<iframe title=\"J&#039;vais m&#039;faire belle - Danielle Messia\" width=\"640\" height=\"480\" src=\"https:\/\/www.youtube.com\/embed\/_9YG5G4FBxs?feature=oembed\" frameborder=\"0\" allow=\"accelerometer; autoplay; clipboard-write; encrypted-media; gyroscope; picture-in-picture; web-share\" referrerpolicy=\"strict-origin-when-cross-origin\" allowfullscreen><\/iframe>\n<\/div><\/figure>\n\n\n\n<h2 class=\"wp-block-heading\"><\/h2>\n\n\n<div class=\"wp-block-image\">\n<figure class=\"aligncenter size-large\"><img decoding=\"async\" width=\"1024\" height=\"133\" src=\"https:\/\/www.iemj.org\/wp-content\/uploads\/2024\/03\/AUDIO-PLAYER-1024x133.png\" alt=\"\" class=\"wp-image-110610\" srcset=\"https:\/\/www.iemj.org\/wp-content\/uploads\/2024\/03\/AUDIO-PLAYER-1024x133.png 1024w, https:\/\/www.iemj.org\/wp-content\/uploads\/2024\/03\/AUDIO-PLAYER-300x39.png 300w, https:\/\/www.iemj.org\/wp-content\/uploads\/2024\/03\/AUDIO-PLAYER-768x100.png 768w, https:\/\/www.iemj.org\/wp-content\/uploads\/2024\/03\/AUDIO-PLAYER-600x78.png 600w, https:\/\/www.iemj.org\/wp-content\/uploads\/2024\/03\/AUDIO-PLAYER.png 1210w\" sizes=\"(max-width: 1024px) 100vw, 1024px\" \/><\/figure>\n<\/div>\n\n\n<div class=\"wp-block-file\"><a id=\"wp-block-file--media-8bc95365-ec7e-472c-8c5a-ad3ce9fe0882\" href=\"https:\/\/www.iemj.org\/wp-content\/uploads\/2018\/03\/canatamanana_extrait_-_danielle_messia.mp3\">Canatamanana (EXTRAIT) &#8211; Danielle Messia<\/a><\/div>\n\n\n\n<div class=\"wp-block-file\"><a id=\"wp-block-file--media-1cdc9b26-a8b0-42f5-a3fb-45920c8dcac1\" href=\"https:\/\/www.iemj.org\/wp-content\/uploads\/2018\/03\/de_la_main_gauche_extrait_-_danielle_messia.mp3\">De la Main gauche (EXTRAIT) &#8211; Danielle Messia<\/a><\/div>\n\n\n\n<div class=\"wp-block-file\"><a id=\"wp-block-file--media-4a8de89e-fc18-40fd-ad4a-da288e84aa0c\" href=\"https:\/\/www.iemj.org\/wp-content\/uploads\/2018\/03\/j_voudrais_m_poser_extrait_-_danielle_messia.mp3\">J&#8217;voudrais m&#8217;poser (EXTRAIT) &#8211; Danielle Messia<\/a><\/div>\n\n\n\n<div class=\"wp-block-file\"><a id=\"wp-block-file--media-85a3b029-f393-4fb3-a69a-939d3863c7c7\" href=\"https:\/\/www.iemj.org\/wp-content\/uploads\/2018\/03\/pourquoi_tu_m_as_abandonne_extrait_-_danielle_messia.mp3\">Pourquoi tu m&#8217;as abandonn\u00e9 (EXTRAIT) &#8211; Danielle Messia<\/a><\/div>\n\n\n\n<div class=\"wp-block-file\"><a id=\"wp-block-file--media-1a9902c9-8401-4fe2-82d1-4b2b4aded9e6\" href=\"https:\/\/www.iemj.org\/wp-content\/uploads\/2018\/03\/safari_extrait_-_danielle_messia.mp3\">Safari (EXTRAIT) &#8211; Danielle Messia<\/a><\/div>\n","protected":false},"excerpt":{"rendered":"<p>Danielle Messia, nacida Mashiah, el 27 de octubre de 1956, en Tel Aviv-Jaffa en Israel, fue autora, compositora e int\u00e9rprete. En 1958, ten\u00eda 3 a\u00f1os cuando sus padres se instalaron<\/p>\n","protected":false},"author":1052,"featured_media":52186,"comment_status":"closed","ping_status":"closed","sticky":false,"template":"","format":"standard","meta":{"_acf_changed":false,"footnotes":""},"categories":[1417],"tags":[],"technique":[],"squelettes":[],"sujet":[],"formation":[],"genre":[1879],"fonds":[],"tradition":[],"type-de-contenu":[],"interprete-compositeur":[3122],"frise":[],"type-devenement":[],"tableaux-liens-externes":[],"class_list":["post-88849","post","type-post","status-publish","format-standard","has-post-thumbnail","hentry","category-biografias-es","genre-cancion-francesa-es","interprete-compositeur-danielle-messia-es"],"acf":[],"yoast_head":"<!-- This site is optimized with the Yoast SEO plugin v27.3 - https:\/\/yoast.com\/product\/yoast-seo-wordpress\/ -->\n<title>Messia, Danielle (1956-1985) - Institut Europ\u00e9en des Musiques Juives<\/title>\n<meta name=\"robots\" content=\"index, follow, max-snippet:-1, max-image-preview:large, max-video-preview:-1\" \/>\n<link rel=\"canonical\" href=\"https:\/\/www.iemj.org\/es\/messia-danielle-1956-1985\/\" \/>\n<meta property=\"og:locale\" content=\"es_ES\" \/>\n<meta property=\"og:type\" content=\"article\" \/>\n<meta property=\"og:title\" content=\"Messia, Danielle (1956-1985) - Institut Europ\u00e9en des Musiques Juives\" \/>\n<meta property=\"og:description\" content=\"Danielle Messia, nacida Mashiah, el 27 de octubre de 1956, en Tel Aviv-Jaffa en Israel, fue autora, compositora e int\u00e9rprete. En 1958, ten\u00eda 3 a\u00f1os cuando sus padres se instalaron\" \/>\n<meta property=\"og:url\" content=\"https:\/\/www.iemj.org\/es\/messia-danielle-1956-1985\/\" \/>\n<meta property=\"og:site_name\" content=\"Institut Europ\u00e9en des Musiques Juives\" \/>\n<meta property=\"article:publisher\" content=\"https:\/\/www.facebook.com\/MusiquesJuives\/\" \/>\n<meta property=\"article:published_time\" content=\"2018-03-13T13:28:30+00:00\" \/>\n<meta property=\"article:modified_time\" content=\"2025-09-08T15:29:46+00:00\" \/>\n<meta property=\"og:image\" content=\"https:\/\/www.iemj.org\/wp-content\/uploads\/2018\/03\/arton2757-e1625058970711.jpg\" \/>\n\t<meta property=\"og:image:width\" content=\"236\" \/>\n\t<meta property=\"og:image:height\" content=\"218\" \/>\n\t<meta property=\"og:image:type\" content=\"image\/jpeg\" \/>\n<meta name=\"author\" content=\"Lea Couderc\" \/>\n<meta name=\"twitter:card\" content=\"summary_large_image\" \/>\n<meta name=\"twitter:label1\" content=\"Escrito por\" \/>\n\t<meta name=\"twitter:data1\" content=\"Lea Couderc\" \/>\n\t<meta name=\"twitter:label2\" content=\"Tiempo de lectura\" \/>\n\t<meta name=\"twitter:data2\" content=\"4 minutos\" \/>\n<script type=\"application\/ld+json\" class=\"yoast-schema-graph\">{\"@context\":\"https:\\\/\\\/schema.org\",\"@graph\":[{\"@type\":\"Article\",\"@id\":\"https:\\\/\\\/www.iemj.org\\\/es\\\/messia-danielle-1956-1985\\\/#article\",\"isPartOf\":{\"@id\":\"https:\\\/\\\/www.iemj.org\\\/es\\\/messia-danielle-1956-1985\\\/\"},\"author\":{\"name\":\"Lea Couderc\",\"@id\":\"https:\\\/\\\/www.iemj.org\\\/es\\\/#\\\/schema\\\/person\\\/e2ad57f2c4be119c7ed8ab79036807a9\"},\"headline\":\"Messia, Danielle (1956-1985)\",\"datePublished\":\"2018-03-13T13:28:30+00:00\",\"dateModified\":\"2025-09-08T15:29:46+00:00\",\"mainEntityOfPage\":{\"@id\":\"https:\\\/\\\/www.iemj.org\\\/es\\\/messia-danielle-1956-1985\\\/\"},\"wordCount\":585,\"publisher\":{\"@id\":\"https:\\\/\\\/www.iemj.org\\\/es\\\/#organization\"},\"image\":{\"@id\":\"https:\\\/\\\/www.iemj.org\\\/es\\\/messia-danielle-1956-1985\\\/#primaryimage\"},\"thumbnailUrl\":\"https:\\\/\\\/www.iemj.org\\\/wp-content\\\/uploads\\\/2018\\\/03\\\/arton2757-e1625058970711.jpg\",\"articleSection\":[\"Biograf\u00edas\"],\"inLanguage\":\"es\"},{\"@type\":\"WebPage\",\"@id\":\"https:\\\/\\\/www.iemj.org\\\/es\\\/messia-danielle-1956-1985\\\/\",\"url\":\"https:\\\/\\\/www.iemj.org\\\/es\\\/messia-danielle-1956-1985\\\/\",\"name\":\"Messia, Danielle (1956-1985) - Institut Europ\u00e9en des Musiques Juives\",\"isPartOf\":{\"@id\":\"https:\\\/\\\/www.iemj.org\\\/es\\\/#website\"},\"primaryImageOfPage\":{\"@id\":\"https:\\\/\\\/www.iemj.org\\\/es\\\/messia-danielle-1956-1985\\\/#primaryimage\"},\"image\":{\"@id\":\"https:\\\/\\\/www.iemj.org\\\/es\\\/messia-danielle-1956-1985\\\/#primaryimage\"},\"thumbnailUrl\":\"https:\\\/\\\/www.iemj.org\\\/wp-content\\\/uploads\\\/2018\\\/03\\\/arton2757-e1625058970711.jpg\",\"datePublished\":\"2018-03-13T13:28:30+00:00\",\"dateModified\":\"2025-09-08T15:29:46+00:00\",\"breadcrumb\":{\"@id\":\"https:\\\/\\\/www.iemj.org\\\/es\\\/messia-danielle-1956-1985\\\/#breadcrumb\"},\"inLanguage\":\"es\",\"potentialAction\":[{\"@type\":\"ReadAction\",\"target\":[\"https:\\\/\\\/www.iemj.org\\\/es\\\/messia-danielle-1956-1985\\\/\"]}]},{\"@type\":\"ImageObject\",\"inLanguage\":\"es\",\"@id\":\"https:\\\/\\\/www.iemj.org\\\/es\\\/messia-danielle-1956-1985\\\/#primaryimage\",\"url\":\"https:\\\/\\\/www.iemj.org\\\/wp-content\\\/uploads\\\/2018\\\/03\\\/arton2757-e1625058970711.jpg\",\"contentUrl\":\"https:\\\/\\\/www.iemj.org\\\/wp-content\\\/uploads\\\/2018\\\/03\\\/arton2757-e1625058970711.jpg\",\"width\":236,\"height\":218},{\"@type\":\"BreadcrumbList\",\"@id\":\"https:\\\/\\\/www.iemj.org\\\/es\\\/messia-danielle-1956-1985\\\/#breadcrumb\",\"itemListElement\":[{\"@type\":\"ListItem\",\"position\":1,\"name\":\"Accueil\",\"item\":\"https:\\\/\\\/www.iemj.org\\\/es\\\/\"},{\"@type\":\"ListItem\",\"position\":2,\"name\":\"Messia, Danielle (1956-1985)\"}]},{\"@type\":\"WebSite\",\"@id\":\"https:\\\/\\\/www.iemj.org\\\/es\\\/#website\",\"url\":\"https:\\\/\\\/www.iemj.org\\\/es\\\/\",\"name\":\"Institut Europ\u00e9en des Musiques Juives\",\"description\":\"Des traditions musicales \u00e0 la port\u00e9e de tous\",\"publisher\":{\"@id\":\"https:\\\/\\\/www.iemj.org\\\/es\\\/#organization\"},\"potentialAction\":[{\"@type\":\"SearchAction\",\"target\":{\"@type\":\"EntryPoint\",\"urlTemplate\":\"https:\\\/\\\/www.iemj.org\\\/es\\\/?s={search_term_string}\"},\"query-input\":{\"@type\":\"PropertyValueSpecification\",\"valueRequired\":true,\"valueName\":\"search_term_string\"}}],\"inLanguage\":\"es\"},{\"@type\":\"Organization\",\"@id\":\"https:\\\/\\\/www.iemj.org\\\/es\\\/#organization\",\"name\":\"Institut Europ\u00e9en des Musiques Juives\",\"url\":\"https:\\\/\\\/www.iemj.org\\\/es\\\/\",\"logo\":{\"@type\":\"ImageObject\",\"inLanguage\":\"es\",\"@id\":\"https:\\\/\\\/www.iemj.org\\\/es\\\/#\\\/schema\\\/logo\\\/image\\\/\",\"url\":\"https:\\\/\\\/www.iemj.org\\\/wp-content\\\/uploads\\\/2021\\\/09\\\/Logo-IEMJ-Paypal.jpg\",\"contentUrl\":\"https:\\\/\\\/www.iemj.org\\\/wp-content\\\/uploads\\\/2021\\\/09\\\/Logo-IEMJ-Paypal.jpg\",\"width\":150,\"height\":50,\"caption\":\"Institut Europ\u00e9en des Musiques Juives\"},\"image\":{\"@id\":\"https:\\\/\\\/www.iemj.org\\\/es\\\/#\\\/schema\\\/logo\\\/image\\\/\"},\"sameAs\":[\"https:\\\/\\\/www.facebook.com\\\/MusiquesJuives\\\/\",\"https:\\\/\\\/www.instagram.com\\\/musiquesjuives\\\/\",\"https:\\\/\\\/www.youtube.com\\\/user\\\/musiquesjuives\"]},{\"@type\":\"Person\",\"@id\":\"https:\\\/\\\/www.iemj.org\\\/es\\\/#\\\/schema\\\/person\\\/e2ad57f2c4be119c7ed8ab79036807a9\",\"name\":\"Lea Couderc\",\"image\":{\"@type\":\"ImageObject\",\"inLanguage\":\"es\",\"@id\":\"https:\\\/\\\/secure.gravatar.com\\\/avatar\\\/46ee021475d60aeff17a7e490b79dea5a5684bb392ab7fd1494027411df8ba23?s=96&d=mm&r=g\",\"url\":\"https:\\\/\\\/secure.gravatar.com\\\/avatar\\\/46ee021475d60aeff17a7e490b79dea5a5684bb392ab7fd1494027411df8ba23?s=96&d=mm&r=g\",\"contentUrl\":\"https:\\\/\\\/secure.gravatar.com\\\/avatar\\\/46ee021475d60aeff17a7e490b79dea5a5684bb392ab7fd1494027411df8ba23?s=96&d=mm&r=g\",\"caption\":\"Lea Couderc\"}}]}<\/script>\n<!-- \/ Yoast SEO plugin. -->","yoast_head_json":{"title":"Messia, Danielle (1956-1985) - Institut Europ\u00e9en des Musiques Juives","robots":{"index":"index","follow":"follow","max-snippet":"max-snippet:-1","max-image-preview":"max-image-preview:large","max-video-preview":"max-video-preview:-1"},"canonical":"https:\/\/www.iemj.org\/es\/messia-danielle-1956-1985\/","og_locale":"es_ES","og_type":"article","og_title":"Messia, Danielle (1956-1985) - Institut Europ\u00e9en des Musiques Juives","og_description":"Danielle Messia, nacida Mashiah, el 27 de octubre de 1956, en Tel Aviv-Jaffa en Israel, fue autora, compositora e int\u00e9rprete. En 1958, ten\u00eda 3 a\u00f1os cuando sus padres se instalaron","og_url":"https:\/\/www.iemj.org\/es\/messia-danielle-1956-1985\/","og_site_name":"Institut Europ\u00e9en des Musiques Juives","article_publisher":"https:\/\/www.facebook.com\/MusiquesJuives\/","article_published_time":"2018-03-13T13:28:30+00:00","article_modified_time":"2025-09-08T15:29:46+00:00","og_image":[{"width":236,"height":218,"url":"https:\/\/www.iemj.org\/wp-content\/uploads\/2018\/03\/arton2757-e1625058970711.jpg","type":"image\/jpeg"}],"author":"Lea Couderc","twitter_card":"summary_large_image","twitter_misc":{"Escrito por":"Lea Couderc","Tiempo de lectura":"4 minutos"},"schema":{"@context":"https:\/\/schema.org","@graph":[{"@type":"Article","@id":"https:\/\/www.iemj.org\/es\/messia-danielle-1956-1985\/#article","isPartOf":{"@id":"https:\/\/www.iemj.org\/es\/messia-danielle-1956-1985\/"},"author":{"name":"Lea Couderc","@id":"https:\/\/www.iemj.org\/es\/#\/schema\/person\/e2ad57f2c4be119c7ed8ab79036807a9"},"headline":"Messia, Danielle (1956-1985)","datePublished":"2018-03-13T13:28:30+00:00","dateModified":"2025-09-08T15:29:46+00:00","mainEntityOfPage":{"@id":"https:\/\/www.iemj.org\/es\/messia-danielle-1956-1985\/"},"wordCount":585,"publisher":{"@id":"https:\/\/www.iemj.org\/es\/#organization"},"image":{"@id":"https:\/\/www.iemj.org\/es\/messia-danielle-1956-1985\/#primaryimage"},"thumbnailUrl":"https:\/\/www.iemj.org\/wp-content\/uploads\/2018\/03\/arton2757-e1625058970711.jpg","articleSection":["Biograf\u00edas"],"inLanguage":"es"},{"@type":"WebPage","@id":"https:\/\/www.iemj.org\/es\/messia-danielle-1956-1985\/","url":"https:\/\/www.iemj.org\/es\/messia-danielle-1956-1985\/","name":"Messia, Danielle (1956-1985) - Institut Europ\u00e9en des Musiques Juives","isPartOf":{"@id":"https:\/\/www.iemj.org\/es\/#website"},"primaryImageOfPage":{"@id":"https:\/\/www.iemj.org\/es\/messia-danielle-1956-1985\/#primaryimage"},"image":{"@id":"https:\/\/www.iemj.org\/es\/messia-danielle-1956-1985\/#primaryimage"},"thumbnailUrl":"https:\/\/www.iemj.org\/wp-content\/uploads\/2018\/03\/arton2757-e1625058970711.jpg","datePublished":"2018-03-13T13:28:30+00:00","dateModified":"2025-09-08T15:29:46+00:00","breadcrumb":{"@id":"https:\/\/www.iemj.org\/es\/messia-danielle-1956-1985\/#breadcrumb"},"inLanguage":"es","potentialAction":[{"@type":"ReadAction","target":["https:\/\/www.iemj.org\/es\/messia-danielle-1956-1985\/"]}]},{"@type":"ImageObject","inLanguage":"es","@id":"https:\/\/www.iemj.org\/es\/messia-danielle-1956-1985\/#primaryimage","url":"https:\/\/www.iemj.org\/wp-content\/uploads\/2018\/03\/arton2757-e1625058970711.jpg","contentUrl":"https:\/\/www.iemj.org\/wp-content\/uploads\/2018\/03\/arton2757-e1625058970711.jpg","width":236,"height":218},{"@type":"BreadcrumbList","@id":"https:\/\/www.iemj.org\/es\/messia-danielle-1956-1985\/#breadcrumb","itemListElement":[{"@type":"ListItem","position":1,"name":"Accueil","item":"https:\/\/www.iemj.org\/es\/"},{"@type":"ListItem","position":2,"name":"Messia, Danielle (1956-1985)"}]},{"@type":"WebSite","@id":"https:\/\/www.iemj.org\/es\/#website","url":"https:\/\/www.iemj.org\/es\/","name":"Institut Europ\u00e9en des Musiques Juives","description":"Des traditions musicales \u00e0 la port\u00e9e de tous","publisher":{"@id":"https:\/\/www.iemj.org\/es\/#organization"},"potentialAction":[{"@type":"SearchAction","target":{"@type":"EntryPoint","urlTemplate":"https:\/\/www.iemj.org\/es\/?s={search_term_string}"},"query-input":{"@type":"PropertyValueSpecification","valueRequired":true,"valueName":"search_term_string"}}],"inLanguage":"es"},{"@type":"Organization","@id":"https:\/\/www.iemj.org\/es\/#organization","name":"Institut Europ\u00e9en des Musiques Juives","url":"https:\/\/www.iemj.org\/es\/","logo":{"@type":"ImageObject","inLanguage":"es","@id":"https:\/\/www.iemj.org\/es\/#\/schema\/logo\/image\/","url":"https:\/\/www.iemj.org\/wp-content\/uploads\/2021\/09\/Logo-IEMJ-Paypal.jpg","contentUrl":"https:\/\/www.iemj.org\/wp-content\/uploads\/2021\/09\/Logo-IEMJ-Paypal.jpg","width":150,"height":50,"caption":"Institut Europ\u00e9en des Musiques Juives"},"image":{"@id":"https:\/\/www.iemj.org\/es\/#\/schema\/logo\/image\/"},"sameAs":["https:\/\/www.facebook.com\/MusiquesJuives\/","https:\/\/www.instagram.com\/musiquesjuives\/","https:\/\/www.youtube.com\/user\/musiquesjuives"]},{"@type":"Person","@id":"https:\/\/www.iemj.org\/es\/#\/schema\/person\/e2ad57f2c4be119c7ed8ab79036807a9","name":"Lea Couderc","image":{"@type":"ImageObject","inLanguage":"es","@id":"https:\/\/secure.gravatar.com\/avatar\/46ee021475d60aeff17a7e490b79dea5a5684bb392ab7fd1494027411df8ba23?s=96&d=mm&r=g","url":"https:\/\/secure.gravatar.com\/avatar\/46ee021475d60aeff17a7e490b79dea5a5684bb392ab7fd1494027411df8ba23?s=96&d=mm&r=g","contentUrl":"https:\/\/secure.gravatar.com\/avatar\/46ee021475d60aeff17a7e490b79dea5a5684bb392ab7fd1494027411df8ba23?s=96&d=mm&r=g","caption":"Lea Couderc"}}]}},"_links":{"self":[{"href":"https:\/\/www.iemj.org\/es\/wp-json\/wp\/v2\/posts\/88849","targetHints":{"allow":["GET"]}}],"collection":[{"href":"https:\/\/www.iemj.org\/es\/wp-json\/wp\/v2\/posts"}],"about":[{"href":"https:\/\/www.iemj.org\/es\/wp-json\/wp\/v2\/types\/post"}],"author":[{"embeddable":true,"href":"https:\/\/www.iemj.org\/es\/wp-json\/wp\/v2\/users\/1052"}],"replies":[{"embeddable":true,"href":"https:\/\/www.iemj.org\/es\/wp-json\/wp\/v2\/comments?post=88849"}],"version-history":[{"count":0,"href":"https:\/\/www.iemj.org\/es\/wp-json\/wp\/v2\/posts\/88849\/revisions"}],"wp:featuredmedia":[{"embeddable":true,"href":"https:\/\/www.iemj.org\/es\/wp-json\/wp\/v2\/media\/52186"}],"wp:attachment":[{"href":"https:\/\/www.iemj.org\/es\/wp-json\/wp\/v2\/media?parent=88849"}],"wp:term":[{"taxonomy":"category","embeddable":true,"href":"https:\/\/www.iemj.org\/es\/wp-json\/wp\/v2\/categories?post=88849"},{"taxonomy":"post_tag","embeddable":true,"href":"https:\/\/www.iemj.org\/es\/wp-json\/wp\/v2\/tags?post=88849"},{"taxonomy":"technique","embeddable":true,"href":"https:\/\/www.iemj.org\/es\/wp-json\/wp\/v2\/technique?post=88849"},{"taxonomy":"squelettes","embeddable":true,"href":"https:\/\/www.iemj.org\/es\/wp-json\/wp\/v2\/squelettes?post=88849"},{"taxonomy":"sujet","embeddable":true,"href":"https:\/\/www.iemj.org\/es\/wp-json\/wp\/v2\/sujet?post=88849"},{"taxonomy":"formation","embeddable":true,"href":"https:\/\/www.iemj.org\/es\/wp-json\/wp\/v2\/formation?post=88849"},{"taxonomy":"genre","embeddable":true,"href":"https:\/\/www.iemj.org\/es\/wp-json\/wp\/v2\/genre?post=88849"},{"taxonomy":"fonds","embeddable":true,"href":"https:\/\/www.iemj.org\/es\/wp-json\/wp\/v2\/fonds?post=88849"},{"taxonomy":"tradition","embeddable":true,"href":"https:\/\/www.iemj.org\/es\/wp-json\/wp\/v2\/tradition?post=88849"},{"taxonomy":"type-de-contenu","embeddable":true,"href":"https:\/\/www.iemj.org\/es\/wp-json\/wp\/v2\/type-de-contenu?post=88849"},{"taxonomy":"interprete-compositeur","embeddable":true,"href":"https:\/\/www.iemj.org\/es\/wp-json\/wp\/v2\/interprete-compositeur?post=88849"},{"taxonomy":"frise","embeddable":true,"href":"https:\/\/www.iemj.org\/es\/wp-json\/wp\/v2\/frise?post=88849"},{"taxonomy":"type-devenement","embeddable":true,"href":"https:\/\/www.iemj.org\/es\/wp-json\/wp\/v2\/type-devenement?post=88849"},{"taxonomy":"tableaux-liens-externes","embeddable":true,"href":"https:\/\/www.iemj.org\/es\/wp-json\/wp\/v2\/tableaux-liens-externes?post=88849"}],"curies":[{"name":"wp","href":"https:\/\/api.w.org\/{rel}","templated":true}]}}