{"id":88927,"date":"2020-09-29T11:30:32","date_gmt":"2020-09-29T09:30:32","guid":{"rendered":"https:\/\/www.iemj.org\/weich-shahak-susana\/"},"modified":"2025-09-10T17:01:01","modified_gmt":"2025-09-10T15:01:01","slug":"weich-shahak-susana","status":"publish","type":"post","link":"https:\/\/www.iemj.org\/es\/weich-shahak-susana\/","title":{"rendered":"Weich-Shahak, Susana"},"content":{"rendered":"<p>Nacida en Argentina, Susana Weich-Shahak vive en Israel desde 1958.<\/p>\n<p>Tras obtener una licenciatura y luego una maestr\u00eda en musicolog\u00eda y piano en el Conservatorio Nacional de Buenos Aires y en la Academia de m\u00fasica de la Universidad de Tel Aviv, obtuvo, en 1986, su Doctorado en musicolog\u00eda en la Universidad de Tel Aviv. Su tesis de doctorado enfocado al estudio de la m\u00fasica de cuatro tribus indias de la selva peruana : \u00ab Yagua, Campa, Mashco y Orej\u00f3n \u00bb se basa en grabaciones de m\u00fasica y de cuentos m\u00edticos recogidos sobre el terreno gracias a\u00a0 subvenciones de la Universidad de Tel Aviv.<\/p>\n<p>Desde 1973, Susana Weich-Shahak\u00a0 dedic\u00f3 sus investigaciones a la tradici\u00f3n musical sefard\u00ed, investigaciones que \u00a0\u00a0empez\u00f3 mayoritariamente en el \u00e1mbito del Centro de investigaciones sobre la m\u00fasica jud\u00eda de la Universidad Hebrea de Jerusal\u00e9n. Durante muchos a\u00f1os, realiz\u00f3 un trabajo de campo importante. Recogiendo una multitud de grabaciones y testimonios, constituy\u00f3 un verdadero cat\u00e1logo, enriquecido con an\u00e1lisis, presentando los tres principales g\u00e9neros del repertorio tradicional judeoespa\u00f1ol a saber los romances, coplas y cantigas. Esos tres g\u00e9neros po\u00e9ticos y musicales demuestran\u00a0 la vitalidad, la riqueza y la variedad de este repertorio. Su trabajo de campo la llev\u00f3 a viajar al seno de distintas comunidades sefard\u00edes presentes en el mundo, en Bulgaria (1993, 1995), en B\u00e9lgica (1995), en Francia (1995), en Grecia (1992), en Macedonia (1993), en Marruecos (1987), en Per\u00fa (1975), en Espa\u00f1a (1993, 1995, 1997), en Turqu\u00eda (1996) y en Israel (1973-2002). Ahora, se pueden encontrar todas sus grabaciones en el cat\u00e1logo de la Fonoteca Nacional de Israel en Jerusal\u00e9n.<\/p>\n<p><img decoding=\"async\" class=\" alignleft  wp-image-29311\" src=\"https:\/\/www.iemj.org\/wp-content\/uploads\/2020\/09\/couv_cd_judeo-spanish_moroccan_songs_for_the_life_cycle_250px_horiz.jpg\" alt=\"couv_cd_judeo-spanish_moroccan_songs_for_the_life_cycle_250px_horiz.jpg\" width=\"200\" height=\"194\" align=\"left\" \/><\/p>\n<p>Durante su larga carrera, ense\u00f1\u00f3 en Israel como Maestra de Conferencias en la Universidad de Tel Aviv (departamento de musicolog\u00eda), en el Seminario de los profesores de m\u00fasica, en la Universidad de Alcal\u00e1 (Departamento de estudios hisp\u00e1nicos, ubicado en Israel), en la Universidad de Haifa (Departamento de m\u00fasica) y en la Universidad Bar Ilan (Centro Salti, dedicado a los estudios en judeoespa\u00f1ol).<\/p>\n<p>De 1987 a 2003, fue responsable de la educaci\u00f3n musical, en el Ministerio de educaci\u00f3n y de cultura (distrito de Tel Aviv).<\/p>\n<p>De 1992 a 1997 y m\u00e1s tarde en 2004, obtuvo en particular por parte del Ministerio espa\u00f1ol de\u00a0 Cultura y Ciencias una beca de investigaci\u00f3n emprendida en el CSIC (Consejo Superior de Investigaciones Cient\u00edficas) en Madrid.<\/p>\n<p><img fetchpriority=\"high\" decoding=\"async\" class=\" alignright size-full wp-image-29313\" src=\"https:\/\/www.iemj.org\/wp-content\/uploads\/2020\/09\/couv_livre_un_vergel_vedre_300px_vertic.jpg\" alt=\"couv_livre_un_vergel_vedre_300px_vertic.jpg\" width=\"211\" height=\"300\" align=\"right\" \/><\/p>\n<p>Realiz\u00f3, de 1998 a 2006, por toda Espa\u00f1a, une importante trabajo de campo incluyendo al mismo tiempo numerosos proyectos interdisciplinarios en el seno de diferentes instituciones universitarias y de investigaci\u00f3n, impartiendo clases y conferencias sobre el tema de la tradici\u00f3n oral sefard\u00ed, que le conceder\u00e1n en 2006, el pretigioso Premio Samuel Toledano por su trabajo de investigaci\u00f3n, de conferencias, de conservaci\u00f3n y de difusi\u00f3n del repertorio musico po\u00e9tico tradicional sefard\u00ed, y en 2016, recibi\u00f3 tambi\u00e9n el <em>\u00d3rder del M\u00e9rito Civil<\/em>, otorgado por el Ministerio espa\u00f1ol de Asuntos Exteriores.<\/p>\n<p>Susana Weich Shahak es autora de numerosas publicaciones (libros, art\u00edculos y discos)<\/p>\n<p><strong>Sus publicaciones :<\/strong><\/p>\n<p>&#8211; <a href=\"https:\/\/www.iemj.org\/es\/ventanas-altas-de-saloniki\/\" target=\"_blank\" rel=\"noopener\"><strong>Ventanas altas de Saloniki<\/strong> &#8211; Canciones sefard\u00edes, coplas y baladas de Sal\u00f3nica<\/a><br \/>&#8211; <a href=\"https:\/\/www.iemj.org\/es\/judeo-spanish-songs-for-the-life-cycle-in-the-eastern-mediterranean-cantares-judeo-espanoles-del-ciclo-de-la-vida-en-el-mediterraneo-oriental\/\" target=\"_blank\" rel=\"noopener\"><strong>Judeo-Spanish Songs for the Life Cycle in the Eastern Mediterranean \/ Cantares Judeo-espanoles del Ciclo de la Vida en el Mediterraneo Oriental<\/strong> -Cantos judeoespa\u00f1oles del Mediterr\u00e1neo Oriental<\/a><\/p>\n<p>&#8211; Traditional Sephardic Songs and Ballads from Morocco, CD. Recordings and notes. Madrid: TECNOSAGA, S.A., 1991.<br \/>&#8211; Traditional Sephardic Songs and Ballads from the Balkan Countries, CD. Recordings and notes. Madrid: TECNOSAGA, S.A.,1993.<br \/>&#8211; Los Cantes de Ester &#8211; Drama Musical para Purim en Sal\u00f3nica, Cassette: Recording and Production. Jerusalem: Renanot, 1994.<br \/>&#8211; Romancero Sefard\u00ed: Twin Ballads in the Sephardic Oral Tradition from Eastern and Western Mediterranean &#8211; (Variantes gemelas en la tradici\u00f3n oral sefard\u00ed del Mediterr\u00e1neo Oriental y Occidental), CD, Serie La tradici\u00f3n Musical en Espa\u00f1a, Research and production (Investigaci\u00f3n y realizaci\u00f3n), Madrid: Tecnosaga, S.A., WKPD-10\/2026, 1998.<br \/>&#8211; Judeo-Spanish Moroccan Songs for the Life Cycle, Anthology of Music Traditions in Israel,5, The Hebrew University of Jerusalem, Jewish Music Research Center, 2001.<br \/>&#8211; Selecci\u00f3n de Romances Sefard\u00edes de Marruecos, CD, Serie La tradici\u00f3n Musical en Espa\u00f1a, Research and production (Investigaci\u00f3n y realizaci\u00f3n), Madrid: Tecnosaga, S.A., WKPD-10\/2068, 2002.<br \/>&#8211; Cancionero Sefard\u00ed de Turqu\u00eda \u2013 Judeo-Spanish Cancionero from Turkey from Bienvenida Aguado Mushabak\u2019s repertoire, collected and commented by S.Weich-Shahak. Madrid: Serie La Tradici\u00f3n Musical en Espa\u00f1a, Tecnosaga, S.A., WKPD-2085 2004.<br \/>&#8211; Voces sefard\u00edes de Sarajevo (Sephardi Voices from Sarajevo), collected and commented by Susana Weich-Shahak, with articles on literary, linguistic and historical aspects by S.G.Armistead, A. Quitana and E.Papo. Serie La tradici\u00f3n musical en Espa\u00f1a. Madrid: Tecnosaga S.A., WKDP-2101, 2007.<\/p>\n<p><a href=\"http:\/\/www.rachelnet.net\/F\/?func=find-c&amp;ccl_term=WRD+%3D+weich+shahak&amp;local_base=iemcg\" target=\"_blank\" rel=\"noopener\">Consultar nuestras colecciones sobre Susana Weich-Shahak<\/a><\/p>\n\n\n<h2 class=\"wp-block-heading\"><\/h2>\n\n\n<div class=\"wp-block-image\">\n<figure class=\"aligncenter size-large\"><img decoding=\"async\" width=\"1024\" height=\"133\" src=\"https:\/\/www.iemj.org\/wp-content\/uploads\/2024\/03\/AUDIO-PLAYER-1024x133.png\" alt=\"\" class=\"wp-image-110610\" srcset=\"https:\/\/www.iemj.org\/wp-content\/uploads\/2024\/03\/AUDIO-PLAYER-1024x133.png 1024w, https:\/\/www.iemj.org\/wp-content\/uploads\/2024\/03\/AUDIO-PLAYER-300x39.png 300w, https:\/\/www.iemj.org\/wp-content\/uploads\/2024\/03\/AUDIO-PLAYER-768x100.png 768w, https:\/\/www.iemj.org\/wp-content\/uploads\/2024\/03\/AUDIO-PLAYER-600x78.png 600w, https:\/\/www.iemj.org\/wp-content\/uploads\/2024\/03\/AUDIO-PLAYER.png 1210w\" sizes=\"(max-width: 1024px) 100vw, 1024px\" \/><\/figure>\n<\/div>\n\n\n<div class=\"wp-block-file\"><a id=\"wp-block-file--media-ffff2b71-7d78-411f-9365-6277bb642d62\" href=\"https:\/\/www.iemj.org\/wp-content\/uploads\/2020\/09\/01_-_levantaivos_el_parido.mp3\">01 &#8211; Levantaivos el parido<\/a><\/div>\n\n\n\n<div class=\"wp-block-file\"><a id=\"wp-block-file--media-a49e45de-37d7-434c-9014-dbb0927b6967\" href=\"https:\/\/www.iemj.org\/wp-content\/uploads\/2020\/09\/02_-_eres_chiquita_y_bonita.mp3\">02 &#8211; Eres chiquita y bonita<\/a><\/div>\n\n\n\n<div class=\"wp-block-file\"><a id=\"wp-block-file--media-c257ea8f-e87b-471e-810e-890ee8b0d656\" href=\"https:\/\/www.iemj.org\/wp-content\/uploads\/2020\/09\/03_-_y_fuerame_a_banar.mp3\">03 &#8211; Y fuerame a banar<\/a><\/div>\n\n\n\n<div class=\"wp-block-file\"><a id=\"wp-block-file--media-8e1ce9cd-7b71-4c6f-bc56-396baec98230\" href=\"https:\/\/www.iemj.org\/wp-content\/uploads\/2020\/09\/04_-_desde_hoy_la_mi_madre.mp3\">04 &#8211; Desde hoy, la mi madre<\/a><\/div>\n\n\n\n<div class=\"wp-block-file\"><a id=\"wp-block-file--media-dca09938-125a-40f4-89d8-7ca962660921\" href=\"https:\/\/www.iemj.org\/wp-content\/uploads\/2020\/09\/05_-_landarico_-_mustafa_pasha_turquie_.mp3\">05 &#8211; Landarico &#8211; Mustafa Pasha (Turquie)<\/a><\/div>\n\n\n\n<div class=\"wp-block-file\"><a id=\"wp-block-file--media-0218bfbb-3028-40d8-8368-ecb1446046eb\" href=\"https:\/\/www.iemj.org\/wp-content\/uploads\/2020\/09\/06_-_las_compras_del_rabino_turquia_.mp3\">06 &#8211; Las compras del rabino (Turquie)<\/a><\/div>\n\n\n\n<div class=\"wp-block-file\"><a id=\"wp-block-file--media-cab5e069-dfc8-4326-b97e-ac26678be895\" href=\"https:\/\/www.iemj.org\/wp-content\/uploads\/2020\/09\/07_-_el_regateo_de_las_consuegras._sofia_bulgaria_.mp3\">07 &#8211; El regateo de las consuegras. Sofia (Bulgarie)<\/a><\/div>\n\n\n\n<div class=\"wp-block-file\"><a id=\"wp-block-file--media-a3df4e2c-f645-47ca-8724-301968f4a450\" href=\"https:\/\/www.iemj.org\/wp-content\/uploads\/2020\/09\/08_-_consejos_a_un_muchacho._salonica_grecia_.mp3\">08 &#8211; Consejos a un muchacho. Salonica (Gr\u00e8ce)<\/a><\/div>\n\n\n\n<div class=\"wp-block-file\"><a id=\"wp-block-file--media-38d5fda5-d5af-408a-a815-5ec95d5f3100\" href=\"https:\/\/www.iemj.org\/wp-content\/uploads\/2020\/09\/09_-_las_tablas_de_la_ley._tetuan_marruecos_.mp3\">09 &#8211; Las tablas de la Ley. Tetuan (Maroc)<\/a><\/div>\n","protected":false},"excerpt":{"rendered":"<p>Nacida en Argentina, Susana Weich-Shahak vive en Israel desde 1958. Tras obtener una licenciatura y luego una maestr\u00eda en musicolog\u00eda y piano en el Conservatorio Nacional de Buenos Aires y<\/p>\n","protected":false},"author":5,"featured_media":53546,"comment_status":"closed","ping_status":"closed","sticky":false,"template":"","format":"standard","meta":{"_acf_changed":false,"footnotes":""},"categories":[1417],"tags":[],"technique":[],"squelettes":[],"sujet":[],"formation":[],"genre":[1889],"fonds":[],"tradition":[],"type-de-contenu":[],"interprete-compositeur":[],"frise":[],"type-devenement":[],"tableaux-liens-externes":[],"class_list":["post-88927","post","type-post","status-publish","format-standard","has-post-thumbnail","hentry","category-biografias-es","genre-judeo-espanol-es"],"acf":[],"yoast_head":"<!-- This site is optimized with the Yoast SEO plugin v27.3 - https:\/\/yoast.com\/product\/yoast-seo-wordpress\/ -->\n<title>Weich-Shahak, Susana - Institut Europ\u00e9en des Musiques Juives<\/title>\n<meta name=\"robots\" content=\"index, follow, max-snippet:-1, max-image-preview:large, max-video-preview:-1\" \/>\n<link rel=\"canonical\" href=\"https:\/\/www.iemj.org\/es\/weich-shahak-susana\/\" \/>\n<meta property=\"og:locale\" content=\"es_ES\" \/>\n<meta property=\"og:type\" content=\"article\" \/>\n<meta property=\"og:title\" content=\"Weich-Shahak, Susana - Institut Europ\u00e9en des Musiques Juives\" \/>\n<meta property=\"og:description\" content=\"Nacida en Argentina, Susana Weich-Shahak vive en Israel desde 1958. Tras obtener una licenciatura y luego una maestr\u00eda en musicolog\u00eda y piano en el Conservatorio Nacional de Buenos Aires y\" \/>\n<meta property=\"og:url\" content=\"https:\/\/www.iemj.org\/es\/weich-shahak-susana\/\" \/>\n<meta property=\"og:site_name\" content=\"Institut Europ\u00e9en des Musiques Juives\" \/>\n<meta property=\"article:publisher\" content=\"https:\/\/www.facebook.com\/MusiquesJuives\/\" \/>\n<meta property=\"article:published_time\" content=\"2020-09-29T09:30:32+00:00\" \/>\n<meta property=\"article:modified_time\" content=\"2025-09-10T15:01:01+00:00\" \/>\n<meta property=\"og:image\" content=\"https:\/\/www.iemj.org\/wp-content\/uploads\/2020\/09\/arton4819-e1625474835694.jpg\" \/>\n\t<meta property=\"og:image:width\" content=\"164\" \/>\n\t<meta property=\"og:image:height\" content=\"218\" \/>\n\t<meta property=\"og:image:type\" content=\"image\/jpeg\" \/>\n<meta name=\"author\" content=\"Jacqueline ROTEN\" \/>\n<meta name=\"twitter:card\" content=\"summary_large_image\" \/>\n<meta name=\"twitter:label1\" content=\"Escrito por\" \/>\n\t<meta name=\"twitter:data1\" content=\"Jacqueline ROTEN\" \/>\n\t<meta name=\"twitter:label2\" content=\"Tiempo de lectura\" \/>\n\t<meta name=\"twitter:data2\" content=\"5 minutos\" \/>\n<script type=\"application\/ld+json\" class=\"yoast-schema-graph\">{\"@context\":\"https:\\\/\\\/schema.org\",\"@graph\":[{\"@type\":\"Article\",\"@id\":\"https:\\\/\\\/www.iemj.org\\\/es\\\/weich-shahak-susana\\\/#article\",\"isPartOf\":{\"@id\":\"https:\\\/\\\/www.iemj.org\\\/es\\\/weich-shahak-susana\\\/\"},\"author\":{\"name\":\"Jacqueline ROTEN\",\"@id\":\"https:\\\/\\\/www.iemj.org\\\/es\\\/#\\\/schema\\\/person\\\/358e26c18aca017fcc4cc15437f7279c\"},\"headline\":\"Weich-Shahak, Susana\",\"datePublished\":\"2020-09-29T09:30:32+00:00\",\"dateModified\":\"2025-09-10T15:01:01+00:00\",\"mainEntityOfPage\":{\"@id\":\"https:\\\/\\\/www.iemj.org\\\/es\\\/weich-shahak-susana\\\/\"},\"wordCount\":853,\"publisher\":{\"@id\":\"https:\\\/\\\/www.iemj.org\\\/es\\\/#organization\"},\"image\":{\"@id\":\"https:\\\/\\\/www.iemj.org\\\/es\\\/weich-shahak-susana\\\/#primaryimage\"},\"thumbnailUrl\":\"https:\\\/\\\/www.iemj.org\\\/wp-content\\\/uploads\\\/2020\\\/09\\\/arton4819-e1625474835694.jpg\",\"articleSection\":[\"Biograf\u00edas\"],\"inLanguage\":\"es\"},{\"@type\":\"WebPage\",\"@id\":\"https:\\\/\\\/www.iemj.org\\\/es\\\/weich-shahak-susana\\\/\",\"url\":\"https:\\\/\\\/www.iemj.org\\\/es\\\/weich-shahak-susana\\\/\",\"name\":\"Weich-Shahak, Susana - Institut Europ\u00e9en des Musiques Juives\",\"isPartOf\":{\"@id\":\"https:\\\/\\\/www.iemj.org\\\/es\\\/#website\"},\"primaryImageOfPage\":{\"@id\":\"https:\\\/\\\/www.iemj.org\\\/es\\\/weich-shahak-susana\\\/#primaryimage\"},\"image\":{\"@id\":\"https:\\\/\\\/www.iemj.org\\\/es\\\/weich-shahak-susana\\\/#primaryimage\"},\"thumbnailUrl\":\"https:\\\/\\\/www.iemj.org\\\/wp-content\\\/uploads\\\/2020\\\/09\\\/arton4819-e1625474835694.jpg\",\"datePublished\":\"2020-09-29T09:30:32+00:00\",\"dateModified\":\"2025-09-10T15:01:01+00:00\",\"breadcrumb\":{\"@id\":\"https:\\\/\\\/www.iemj.org\\\/es\\\/weich-shahak-susana\\\/#breadcrumb\"},\"inLanguage\":\"es\",\"potentialAction\":[{\"@type\":\"ReadAction\",\"target\":[\"https:\\\/\\\/www.iemj.org\\\/es\\\/weich-shahak-susana\\\/\"]}]},{\"@type\":\"ImageObject\",\"inLanguage\":\"es\",\"@id\":\"https:\\\/\\\/www.iemj.org\\\/es\\\/weich-shahak-susana\\\/#primaryimage\",\"url\":\"https:\\\/\\\/www.iemj.org\\\/wp-content\\\/uploads\\\/2020\\\/09\\\/arton4819-e1625474835694.jpg\",\"contentUrl\":\"https:\\\/\\\/www.iemj.org\\\/wp-content\\\/uploads\\\/2020\\\/09\\\/arton4819-e1625474835694.jpg\",\"width\":164,\"height\":218},{\"@type\":\"BreadcrumbList\",\"@id\":\"https:\\\/\\\/www.iemj.org\\\/es\\\/weich-shahak-susana\\\/#breadcrumb\",\"itemListElement\":[{\"@type\":\"ListItem\",\"position\":1,\"name\":\"Accueil\",\"item\":\"https:\\\/\\\/www.iemj.org\\\/es\\\/\"},{\"@type\":\"ListItem\",\"position\":2,\"name\":\"Weich-Shahak, Susana\"}]},{\"@type\":\"WebSite\",\"@id\":\"https:\\\/\\\/www.iemj.org\\\/es\\\/#website\",\"url\":\"https:\\\/\\\/www.iemj.org\\\/es\\\/\",\"name\":\"Institut Europ\u00e9en des Musiques Juives\",\"description\":\"Des traditions musicales \u00e0 la port\u00e9e de tous\",\"publisher\":{\"@id\":\"https:\\\/\\\/www.iemj.org\\\/es\\\/#organization\"},\"potentialAction\":[{\"@type\":\"SearchAction\",\"target\":{\"@type\":\"EntryPoint\",\"urlTemplate\":\"https:\\\/\\\/www.iemj.org\\\/es\\\/?s={search_term_string}\"},\"query-input\":{\"@type\":\"PropertyValueSpecification\",\"valueRequired\":true,\"valueName\":\"search_term_string\"}}],\"inLanguage\":\"es\"},{\"@type\":\"Organization\",\"@id\":\"https:\\\/\\\/www.iemj.org\\\/es\\\/#organization\",\"name\":\"Institut Europ\u00e9en des Musiques Juives\",\"url\":\"https:\\\/\\\/www.iemj.org\\\/es\\\/\",\"logo\":{\"@type\":\"ImageObject\",\"inLanguage\":\"es\",\"@id\":\"https:\\\/\\\/www.iemj.org\\\/es\\\/#\\\/schema\\\/logo\\\/image\\\/\",\"url\":\"https:\\\/\\\/www.iemj.org\\\/wp-content\\\/uploads\\\/2021\\\/09\\\/Logo-IEMJ-Paypal.jpg\",\"contentUrl\":\"https:\\\/\\\/www.iemj.org\\\/wp-content\\\/uploads\\\/2021\\\/09\\\/Logo-IEMJ-Paypal.jpg\",\"width\":150,\"height\":50,\"caption\":\"Institut Europ\u00e9en des Musiques Juives\"},\"image\":{\"@id\":\"https:\\\/\\\/www.iemj.org\\\/es\\\/#\\\/schema\\\/logo\\\/image\\\/\"},\"sameAs\":[\"https:\\\/\\\/www.facebook.com\\\/MusiquesJuives\\\/\",\"https:\\\/\\\/www.instagram.com\\\/musiquesjuives\\\/\",\"https:\\\/\\\/www.youtube.com\\\/user\\\/musiquesjuives\"]},{\"@type\":\"Person\",\"@id\":\"https:\\\/\\\/www.iemj.org\\\/es\\\/#\\\/schema\\\/person\\\/358e26c18aca017fcc4cc15437f7279c\",\"name\":\"Jacqueline ROTEN\",\"image\":{\"@type\":\"ImageObject\",\"inLanguage\":\"es\",\"@id\":\"https:\\\/\\\/secure.gravatar.com\\\/avatar\\\/5964256d6c6957de3a3505278957e0fb2a35119ac47ea41827a65301213c810b?s=96&d=mm&r=g\",\"url\":\"https:\\\/\\\/secure.gravatar.com\\\/avatar\\\/5964256d6c6957de3a3505278957e0fb2a35119ac47ea41827a65301213c810b?s=96&d=mm&r=g\",\"contentUrl\":\"https:\\\/\\\/secure.gravatar.com\\\/avatar\\\/5964256d6c6957de3a3505278957e0fb2a35119ac47ea41827a65301213c810b?s=96&d=mm&r=g\",\"caption\":\"Jacqueline ROTEN\"}}]}<\/script>\n<!-- \/ Yoast SEO plugin. -->","yoast_head_json":{"title":"Weich-Shahak, Susana - Institut Europ\u00e9en des Musiques Juives","robots":{"index":"index","follow":"follow","max-snippet":"max-snippet:-1","max-image-preview":"max-image-preview:large","max-video-preview":"max-video-preview:-1"},"canonical":"https:\/\/www.iemj.org\/es\/weich-shahak-susana\/","og_locale":"es_ES","og_type":"article","og_title":"Weich-Shahak, Susana - Institut Europ\u00e9en des Musiques Juives","og_description":"Nacida en Argentina, Susana Weich-Shahak vive en Israel desde 1958. Tras obtener una licenciatura y luego una maestr\u00eda en musicolog\u00eda y piano en el Conservatorio Nacional de Buenos Aires y","og_url":"https:\/\/www.iemj.org\/es\/weich-shahak-susana\/","og_site_name":"Institut Europ\u00e9en des Musiques Juives","article_publisher":"https:\/\/www.facebook.com\/MusiquesJuives\/","article_published_time":"2020-09-29T09:30:32+00:00","article_modified_time":"2025-09-10T15:01:01+00:00","og_image":[{"width":164,"height":218,"url":"https:\/\/www.iemj.org\/wp-content\/uploads\/2020\/09\/arton4819-e1625474835694.jpg","type":"image\/jpeg"}],"author":"Jacqueline ROTEN","twitter_card":"summary_large_image","twitter_misc":{"Escrito por":"Jacqueline ROTEN","Tiempo de lectura":"5 minutos"},"schema":{"@context":"https:\/\/schema.org","@graph":[{"@type":"Article","@id":"https:\/\/www.iemj.org\/es\/weich-shahak-susana\/#article","isPartOf":{"@id":"https:\/\/www.iemj.org\/es\/weich-shahak-susana\/"},"author":{"name":"Jacqueline ROTEN","@id":"https:\/\/www.iemj.org\/es\/#\/schema\/person\/358e26c18aca017fcc4cc15437f7279c"},"headline":"Weich-Shahak, Susana","datePublished":"2020-09-29T09:30:32+00:00","dateModified":"2025-09-10T15:01:01+00:00","mainEntityOfPage":{"@id":"https:\/\/www.iemj.org\/es\/weich-shahak-susana\/"},"wordCount":853,"publisher":{"@id":"https:\/\/www.iemj.org\/es\/#organization"},"image":{"@id":"https:\/\/www.iemj.org\/es\/weich-shahak-susana\/#primaryimage"},"thumbnailUrl":"https:\/\/www.iemj.org\/wp-content\/uploads\/2020\/09\/arton4819-e1625474835694.jpg","articleSection":["Biograf\u00edas"],"inLanguage":"es"},{"@type":"WebPage","@id":"https:\/\/www.iemj.org\/es\/weich-shahak-susana\/","url":"https:\/\/www.iemj.org\/es\/weich-shahak-susana\/","name":"Weich-Shahak, Susana - Institut Europ\u00e9en des Musiques Juives","isPartOf":{"@id":"https:\/\/www.iemj.org\/es\/#website"},"primaryImageOfPage":{"@id":"https:\/\/www.iemj.org\/es\/weich-shahak-susana\/#primaryimage"},"image":{"@id":"https:\/\/www.iemj.org\/es\/weich-shahak-susana\/#primaryimage"},"thumbnailUrl":"https:\/\/www.iemj.org\/wp-content\/uploads\/2020\/09\/arton4819-e1625474835694.jpg","datePublished":"2020-09-29T09:30:32+00:00","dateModified":"2025-09-10T15:01:01+00:00","breadcrumb":{"@id":"https:\/\/www.iemj.org\/es\/weich-shahak-susana\/#breadcrumb"},"inLanguage":"es","potentialAction":[{"@type":"ReadAction","target":["https:\/\/www.iemj.org\/es\/weich-shahak-susana\/"]}]},{"@type":"ImageObject","inLanguage":"es","@id":"https:\/\/www.iemj.org\/es\/weich-shahak-susana\/#primaryimage","url":"https:\/\/www.iemj.org\/wp-content\/uploads\/2020\/09\/arton4819-e1625474835694.jpg","contentUrl":"https:\/\/www.iemj.org\/wp-content\/uploads\/2020\/09\/arton4819-e1625474835694.jpg","width":164,"height":218},{"@type":"BreadcrumbList","@id":"https:\/\/www.iemj.org\/es\/weich-shahak-susana\/#breadcrumb","itemListElement":[{"@type":"ListItem","position":1,"name":"Accueil","item":"https:\/\/www.iemj.org\/es\/"},{"@type":"ListItem","position":2,"name":"Weich-Shahak, Susana"}]},{"@type":"WebSite","@id":"https:\/\/www.iemj.org\/es\/#website","url":"https:\/\/www.iemj.org\/es\/","name":"Institut Europ\u00e9en des Musiques Juives","description":"Des traditions musicales \u00e0 la port\u00e9e de tous","publisher":{"@id":"https:\/\/www.iemj.org\/es\/#organization"},"potentialAction":[{"@type":"SearchAction","target":{"@type":"EntryPoint","urlTemplate":"https:\/\/www.iemj.org\/es\/?s={search_term_string}"},"query-input":{"@type":"PropertyValueSpecification","valueRequired":true,"valueName":"search_term_string"}}],"inLanguage":"es"},{"@type":"Organization","@id":"https:\/\/www.iemj.org\/es\/#organization","name":"Institut Europ\u00e9en des Musiques Juives","url":"https:\/\/www.iemj.org\/es\/","logo":{"@type":"ImageObject","inLanguage":"es","@id":"https:\/\/www.iemj.org\/es\/#\/schema\/logo\/image\/","url":"https:\/\/www.iemj.org\/wp-content\/uploads\/2021\/09\/Logo-IEMJ-Paypal.jpg","contentUrl":"https:\/\/www.iemj.org\/wp-content\/uploads\/2021\/09\/Logo-IEMJ-Paypal.jpg","width":150,"height":50,"caption":"Institut Europ\u00e9en des Musiques Juives"},"image":{"@id":"https:\/\/www.iemj.org\/es\/#\/schema\/logo\/image\/"},"sameAs":["https:\/\/www.facebook.com\/MusiquesJuives\/","https:\/\/www.instagram.com\/musiquesjuives\/","https:\/\/www.youtube.com\/user\/musiquesjuives"]},{"@type":"Person","@id":"https:\/\/www.iemj.org\/es\/#\/schema\/person\/358e26c18aca017fcc4cc15437f7279c","name":"Jacqueline ROTEN","image":{"@type":"ImageObject","inLanguage":"es","@id":"https:\/\/secure.gravatar.com\/avatar\/5964256d6c6957de3a3505278957e0fb2a35119ac47ea41827a65301213c810b?s=96&d=mm&r=g","url":"https:\/\/secure.gravatar.com\/avatar\/5964256d6c6957de3a3505278957e0fb2a35119ac47ea41827a65301213c810b?s=96&d=mm&r=g","contentUrl":"https:\/\/secure.gravatar.com\/avatar\/5964256d6c6957de3a3505278957e0fb2a35119ac47ea41827a65301213c810b?s=96&d=mm&r=g","caption":"Jacqueline ROTEN"}}]}},"_links":{"self":[{"href":"https:\/\/www.iemj.org\/es\/wp-json\/wp\/v2\/posts\/88927","targetHints":{"allow":["GET"]}}],"collection":[{"href":"https:\/\/www.iemj.org\/es\/wp-json\/wp\/v2\/posts"}],"about":[{"href":"https:\/\/www.iemj.org\/es\/wp-json\/wp\/v2\/types\/post"}],"author":[{"embeddable":true,"href":"https:\/\/www.iemj.org\/es\/wp-json\/wp\/v2\/users\/5"}],"replies":[{"embeddable":true,"href":"https:\/\/www.iemj.org\/es\/wp-json\/wp\/v2\/comments?post=88927"}],"version-history":[{"count":0,"href":"https:\/\/www.iemj.org\/es\/wp-json\/wp\/v2\/posts\/88927\/revisions"}],"wp:featuredmedia":[{"embeddable":true,"href":"https:\/\/www.iemj.org\/es\/wp-json\/wp\/v2\/media\/53546"}],"wp:attachment":[{"href":"https:\/\/www.iemj.org\/es\/wp-json\/wp\/v2\/media?parent=88927"}],"wp:term":[{"taxonomy":"category","embeddable":true,"href":"https:\/\/www.iemj.org\/es\/wp-json\/wp\/v2\/categories?post=88927"},{"taxonomy":"post_tag","embeddable":true,"href":"https:\/\/www.iemj.org\/es\/wp-json\/wp\/v2\/tags?post=88927"},{"taxonomy":"technique","embeddable":true,"href":"https:\/\/www.iemj.org\/es\/wp-json\/wp\/v2\/technique?post=88927"},{"taxonomy":"squelettes","embeddable":true,"href":"https:\/\/www.iemj.org\/es\/wp-json\/wp\/v2\/squelettes?post=88927"},{"taxonomy":"sujet","embeddable":true,"href":"https:\/\/www.iemj.org\/es\/wp-json\/wp\/v2\/sujet?post=88927"},{"taxonomy":"formation","embeddable":true,"href":"https:\/\/www.iemj.org\/es\/wp-json\/wp\/v2\/formation?post=88927"},{"taxonomy":"genre","embeddable":true,"href":"https:\/\/www.iemj.org\/es\/wp-json\/wp\/v2\/genre?post=88927"},{"taxonomy":"fonds","embeddable":true,"href":"https:\/\/www.iemj.org\/es\/wp-json\/wp\/v2\/fonds?post=88927"},{"taxonomy":"tradition","embeddable":true,"href":"https:\/\/www.iemj.org\/es\/wp-json\/wp\/v2\/tradition?post=88927"},{"taxonomy":"type-de-contenu","embeddable":true,"href":"https:\/\/www.iemj.org\/es\/wp-json\/wp\/v2\/type-de-contenu?post=88927"},{"taxonomy":"interprete-compositeur","embeddable":true,"href":"https:\/\/www.iemj.org\/es\/wp-json\/wp\/v2\/interprete-compositeur?post=88927"},{"taxonomy":"frise","embeddable":true,"href":"https:\/\/www.iemj.org\/es\/wp-json\/wp\/v2\/frise?post=88927"},{"taxonomy":"type-devenement","embeddable":true,"href":"https:\/\/www.iemj.org\/es\/wp-json\/wp\/v2\/type-devenement?post=88927"},{"taxonomy":"tableaux-liens-externes","embeddable":true,"href":"https:\/\/www.iemj.org\/es\/wp-json\/wp\/v2\/tableaux-liens-externes?post=88927"}],"curies":[{"name":"wp","href":"https:\/\/api.w.org\/{rel}","templated":true}]}}