{"id":88956,"date":"2019-05-15T16:02:15","date_gmt":"2019-05-15T14:02:15","guid":{"rendered":"https:\/\/www.iemj.org\/strom-yale\/"},"modified":"2024-01-22T17:42:05","modified_gmt":"2024-01-22T16:42:05","slug":"strom-yale","status":"publish","type":"post","link":"https:\/\/www.iemj.org\/es\/strom-yale\/","title":{"rendered":"Strom, Yale"},"content":{"rendered":"<p>Nacido en 1957 en Detroit, en Estados Unidos, Yale (Yitskhok) Strom es un etn\u00f3logo, violinista, compositor, autor, fot\u00f3grafo, profesor y realizador.<\/p>\n<p>Sus padres, que hablaban yidis de origen lituano, alem\u00e1n, ucraniano y bielorruso, lo criaron en el amor de la tradici\u00f3n jud\u00eda. Una educaci\u00f3n a la vez cultural (m\u00fasica, canciones, comida tradicional) y religiosa (iban a la singoga, respetaban kashrut\u2026). Sin embrago los padres de Yale siendo progresistas e impregnados de una conciencia pol\u00edtica, decidieron enviar a su hijo a la escuela p\u00fablica.<\/p>\n<p>A los 8 a\u00f1os, dotado de un maravillo o\u00eddo musical, Yale empez\u00f3 a tomar\u00a0 clases de viol\u00edn por consejos de uno de sus profesores. Sus dos padres tocaban un poco el piano y a su madre le encantaba la m\u00fasica cl\u00e1sica. A su padre, por su parte, le encantaba cantar los nigunim jas\u00eddicos que hab\u00eda escuchado cuando era ni\u00f1o. A los 12 a\u00f1os, Yale se mud\u00f3 con su familia a San Diego. Dos a\u00f1os m\u00e1s tarde, dej\u00f3 de lado un poco su viol\u00edn, prefiriendo estar con sus amigos. Para motivarlo de nuevo, su profesor de m\u00fasica le habl\u00f3 de una orquesta de j\u00f3venes que pronto iba a organizar audiciones. Yale, a quien le gusta la competici\u00f3n, se puso a ejercitarse en el instrumento para entrar en la orquesta. Muy estresado el d\u00eda de audiciones, cre\u00eda que hab\u00eda fracasado. Pero dos semanas despu\u00e9s, una carta le inform\u00f3 que ingresaba a la orquesta. Fue un verdadero toque de atenci\u00f3n. El hecho de tocar con otros j\u00f3venes m\u00fasicos, de trabajar para dar conciertos, le dio de nuevo el gusto por el juego musical, y se ejercit\u00f3 en su instrumento a menudo. Permanecer\u00e1 en esta orquesta durante m\u00e1s o menos 6 a\u00f1os.<\/p>\n<p>En la universit\u00e9, Yale Strom estudi\u00f3 civilisaci\u00f3n estadounidense, y tambi\u00e9n carpinter\u00eda. Pero sinti\u00f3 que no estaba hecho para la artesan\u00eda. Entonces empez\u00f3 estudios de derecho, pero nunca los terminar\u00e1.<\/p>\n<p>A los aproximadamente 23 o 24 a\u00f1os, quiso fundar su propio grupo de m\u00fasica klezmer, pero con un repertorio original. Claro que hubiera podido encontrar melod\u00edas en recopilaciones de partituras ya existentes, pero eso no le interesaba. Necesitaba novedad. Entonces se pregunt\u00f3 si pod\u00eda tomar\u00a0 melod\u00edas jud\u00edas desconocidas en Europa del Este.<\/p>\n<p>Despu\u00e9s de algunas investigaciones, pudo obtener la direcci\u00f3n de un hogar de ancianos jud\u00edo en Zagreb en ex Yugoslavia (hoy en d\u00eda Croacia). En 1981, compr\u00f3 un billete de avi\u00f3n a Viena, y all\u00ed empez\u00f3 su 1era expedici\u00f3n etnogr\u00e1fica. Desde Viena, viaj\u00f3 a Zagreb, y despu\u00e9s de haber caminado 10km, lleg\u00f3 finalmente al hogar de ancianos. Pasar\u00e1 10 d\u00edas recogiendo historias y melod\u00edas con los residentes.<\/p>\n<p>En 1982, fund\u00f3 su orquesta de m\u00fasica klezmer, Hot Pstromi.<\/p>\n<p>En 1984 empez\u00f3 una segunda expedici\u00f3n, siempre son la idea de recoger melod\u00edas jud\u00edas y las historias correspondientes. Durante m\u00e1s de 30 a\u00f1os, efectuar\u00e1 m\u00e1s de 70 viajes de este tipo. Durante una de sus expediciones, descubri\u00f3 partituras de m\u00fasica cantoral en una sinagoga abandonada en Carei en Rumania. Se inspirar\u00e1 en ellas para componer sus piezas para cuarteto de cuerdas <em>\u00ab <\/em><em>In The Memory Of \u2026 <\/em><em>\u00bb<\/em>.<\/p>\n<p>En 1998, mientras era un m\u00fasico klezmer reconocido, se le pidi\u00f3 escribir una sinfon\u00eda para el 50\u00b0 aniversario del estado de Israel. Fue tambi\u00e9n el primer m\u00fasico klezmer en haber tocado en la Asamblea General de las Naciones Unidas.<\/p>\n<p>Con 15 CDs a su nombre, su variedad musical va desde la m\u00fasica tradicional klezmer, hasta la \u00ab nueva \u00bb m\u00fasica jud\u00eda. Desde sus comienzos, compuso sus propias melod\u00edas que combinan m\u00fasica klezmer, nigunim jas\u00eddicos, m\u00fasica roman\u00ed, jazz, m\u00fasica cl\u00e1sica, m\u00fasica de los Balcanes y m\u00fasica sefard\u00ed.<\/p>\n<p>Con 15 CDs a su nombre, su variedad musical va desde la m\u00fasica tradicional klezmer, hasta la \u00ab nueva \u00bb m\u00fasica jud\u00eda. Desde sus comienzos, compuso sus propias melod\u00edas que combinan m\u00fasica klezmer, nigunim jas\u00eddicos, m\u00fasica roman\u00ed, jazz, m\u00fasica cl\u00e1sica, m\u00fasica de los Balcanes y m\u00fasica sefard\u00ed.<br \/>\nHablando yidis, Yale Strom perpetu\u00f3 la tradici\u00f3n de componer nuevas canciones en yidis tratando temas humanitarios o sociales. Tambi\u00e9n toc\u00f3 con m\u00fasicos mundialmente famosos, como <strong>Andy Statman, Alicia Svigals, Mark Dresser, Salman Ahmad \u2026<\/strong><\/p>\n<p>Es autor de 15 libros (etnogr\u00e1ficos, musicol\u00f3gicos, libros de fotos, novelas para ni\u00f1os, m\u00e9todos musicales y partituras). Todos tratando de la cultura jud\u00eda o romani\u00ed <em>The Book of Klezmer: The History, The Music, The Folklore<\/em>, publicado en 2002, es una recopilaci\u00f3n de m\u00e1s de 400 p\u00e1ginas reuniendo fotos originales y partituras que recolect\u00f3 durante sus numerosas expediciones por Europe Central y Oriental. En 2005 public\u00f3 <em>A Wandering Feast: A Journey through the Jewish Culture of Eastern Europe<\/em>, que es a la vez un libro de recetas de cocina y un diario de viaje. Fue tambi\u00e9n el primer en haber publicado una biograf\u00eda del famoso clarinetista klezmer <em>Dave Tarras: The King of Klezmer<\/em>, incluyendo fotos raras y partituras.<\/p>\n<p>Por \u00faltimo, Yale Strom realiz\u00f3 10 documentales, todos recompensados con premios, entre los cuales : <em>The Last Klezmer: Leopold Kozlowski, His Life And Music<\/em> (1994), <em>Klezmer on Fish Street<\/em> (2003) ou <em>A Man From Munkacs: Gypsy Klezmer<\/em> (2005)<\/p>\n<p><em>Sources:<br \/>\n&#8211; <a href=\"https:\/\/www.yiddishbookcenter.org\/collections\/oral-histories\/interviews\/woh-fi-0000888\/yale-yitskhok-strom-2016\" target=\"_blank\" rel=\"noopener\">Yiddish Book Center: Wexler Oral History Project<\/a><br \/>\n&#8211; <a href=\"https:\/\/yalestrom.com\/\" target=\"_blank\" rel=\"noopener\">La p\u00e1gina web de Yale Strom<\/a><\/em><\/p>\n<p><a href=\"http:\/\/www.rachelnet.net\/F\/?func=find-c&amp;ccl_term=WRD+%3D+Yale+Strom&amp;local_base=iemcg\" target=\"_blank\" rel=\"noopener\">Consultar la colecci\u00f3n Yale Strom en nuestros archivos<\/a><\/p>\n<p><a href=\"https:\/\/www.yalestrom.com\/about\" target=\"_blank\" rel=\"noopener\">M\u00e1s informaci\u00f3n sobre Yale Strom<\/a><\/p>\n","protected":false},"excerpt":{"rendered":"<p>Nacido en 1957 en Detroit, en Estados Unidos, Yale (Yitskhok) Strom es un etn\u00f3logo, violinista, compositor, autor, fot\u00f3grafo, profesor y realizador. Sus padres, que hablaban yidis de origen lituano, alem\u00e1n,<\/p>\n","protected":false},"author":1048,"featured_media":53485,"comment_status":"closed","ping_status":"open","sticky":false,"template":"","format":"standard","meta":{"_acf_changed":false,"footnotes":""},"categories":[1417],"tags":[],"technique":[],"squelettes":[],"sujet":[],"formation":[],"genre":[],"fonds":[],"tradition":[],"type-de-contenu":[],"interprete-compositeur":[],"frise":[],"type-devenement":[],"tableaux-liens-externes":[],"class_list":["post-88956","post","type-post","status-publish","format-standard","has-post-thumbnail","hentry","category-biografias-es"],"acf":[],"yoast_head":"<!-- This site is optimized with the Yoast SEO plugin v27.3 - https:\/\/yoast.com\/product\/yoast-seo-wordpress\/ -->\n<title>Strom, Yale - Institut Europ\u00e9en des Musiques Juives<\/title>\n<meta name=\"robots\" content=\"index, follow, max-snippet:-1, max-image-preview:large, max-video-preview:-1\" \/>\n<link rel=\"canonical\" href=\"https:\/\/www.iemj.org\/es\/strom-yale\/\" \/>\n<meta property=\"og:locale\" content=\"es_ES\" \/>\n<meta property=\"og:type\" content=\"article\" \/>\n<meta property=\"og:title\" content=\"Strom, Yale - Institut Europ\u00e9en des Musiques Juives\" \/>\n<meta property=\"og:description\" content=\"Nacido en 1957 en Detroit, en Estados Unidos, Yale (Yitskhok) Strom es un etn\u00f3logo, violinista, compositor, autor, fot\u00f3grafo, profesor y realizador. Sus padres, que hablaban yidis de origen lituano, alem\u00e1n,\" \/>\n<meta property=\"og:url\" content=\"https:\/\/www.iemj.org\/es\/strom-yale\/\" \/>\n<meta property=\"og:site_name\" content=\"Institut Europ\u00e9en des Musiques Juives\" \/>\n<meta property=\"article:publisher\" content=\"https:\/\/www.facebook.com\/MusiquesJuives\/\" \/>\n<meta property=\"article:published_time\" content=\"2019-05-15T14:02:15+00:00\" \/>\n<meta property=\"article:modified_time\" content=\"2024-01-22T16:42:05+00:00\" \/>\n<meta property=\"og:image\" content=\"https:\/\/www.iemj.org\/wp-content\/uploads\/2019\/05\/arton4154-e1625472410931.jpg\" \/>\n\t<meta property=\"og:image:width\" content=\"169\" \/>\n\t<meta property=\"og:image:height\" content=\"218\" \/>\n\t<meta property=\"og:image:type\" content=\"image\/jpeg\" \/>\n<meta name=\"author\" content=\"Jean-Gabriel Davis\" \/>\n<meta name=\"twitter:card\" content=\"summary_large_image\" \/>\n<meta name=\"twitter:label1\" content=\"Escrito por\" \/>\n\t<meta name=\"twitter:data1\" content=\"Jean-Gabriel Davis\" \/>\n\t<meta name=\"twitter:label2\" content=\"Tiempo de lectura\" \/>\n\t<meta name=\"twitter:data2\" content=\"5 minutos\" \/>\n<script type=\"application\/ld+json\" class=\"yoast-schema-graph\">{\"@context\":\"https:\\\/\\\/schema.org\",\"@graph\":[{\"@type\":\"Article\",\"@id\":\"https:\\\/\\\/www.iemj.org\\\/es\\\/strom-yale\\\/#article\",\"isPartOf\":{\"@id\":\"https:\\\/\\\/www.iemj.org\\\/es\\\/strom-yale\\\/\"},\"author\":{\"name\":\"Jean-Gabriel Davis\",\"@id\":\"https:\\\/\\\/www.iemj.org\\\/es\\\/#\\\/schema\\\/person\\\/c9bc1c386a3749579a2d675e72a18666\"},\"headline\":\"Strom, Yale\",\"datePublished\":\"2019-05-15T14:02:15+00:00\",\"dateModified\":\"2024-01-22T16:42:05+00:00\",\"mainEntityOfPage\":{\"@id\":\"https:\\\/\\\/www.iemj.org\\\/es\\\/strom-yale\\\/\"},\"wordCount\":930,\"publisher\":{\"@id\":\"https:\\\/\\\/www.iemj.org\\\/es\\\/#organization\"},\"image\":{\"@id\":\"https:\\\/\\\/www.iemj.org\\\/es\\\/strom-yale\\\/#primaryimage\"},\"thumbnailUrl\":\"https:\\\/\\\/www.iemj.org\\\/wp-content\\\/uploads\\\/2019\\\/05\\\/arton4154-e1625472410931.jpg\",\"articleSection\":[\"Biograf\u00edas\"],\"inLanguage\":\"es\"},{\"@type\":\"WebPage\",\"@id\":\"https:\\\/\\\/www.iemj.org\\\/es\\\/strom-yale\\\/\",\"url\":\"https:\\\/\\\/www.iemj.org\\\/es\\\/strom-yale\\\/\",\"name\":\"Strom, Yale - Institut Europ\u00e9en des Musiques Juives\",\"isPartOf\":{\"@id\":\"https:\\\/\\\/www.iemj.org\\\/es\\\/#website\"},\"primaryImageOfPage\":{\"@id\":\"https:\\\/\\\/www.iemj.org\\\/es\\\/strom-yale\\\/#primaryimage\"},\"image\":{\"@id\":\"https:\\\/\\\/www.iemj.org\\\/es\\\/strom-yale\\\/#primaryimage\"},\"thumbnailUrl\":\"https:\\\/\\\/www.iemj.org\\\/wp-content\\\/uploads\\\/2019\\\/05\\\/arton4154-e1625472410931.jpg\",\"datePublished\":\"2019-05-15T14:02:15+00:00\",\"dateModified\":\"2024-01-22T16:42:05+00:00\",\"breadcrumb\":{\"@id\":\"https:\\\/\\\/www.iemj.org\\\/es\\\/strom-yale\\\/#breadcrumb\"},\"inLanguage\":\"es\",\"potentialAction\":[{\"@type\":\"ReadAction\",\"target\":[\"https:\\\/\\\/www.iemj.org\\\/es\\\/strom-yale\\\/\"]}]},{\"@type\":\"ImageObject\",\"inLanguage\":\"es\",\"@id\":\"https:\\\/\\\/www.iemj.org\\\/es\\\/strom-yale\\\/#primaryimage\",\"url\":\"https:\\\/\\\/www.iemj.org\\\/wp-content\\\/uploads\\\/2019\\\/05\\\/arton4154-e1625472410931.jpg\",\"contentUrl\":\"https:\\\/\\\/www.iemj.org\\\/wp-content\\\/uploads\\\/2019\\\/05\\\/arton4154-e1625472410931.jpg\",\"width\":169,\"height\":218},{\"@type\":\"BreadcrumbList\",\"@id\":\"https:\\\/\\\/www.iemj.org\\\/es\\\/strom-yale\\\/#breadcrumb\",\"itemListElement\":[{\"@type\":\"ListItem\",\"position\":1,\"name\":\"Accueil\",\"item\":\"https:\\\/\\\/www.iemj.org\\\/es\\\/\"},{\"@type\":\"ListItem\",\"position\":2,\"name\":\"Strom, Yale\"}]},{\"@type\":\"WebSite\",\"@id\":\"https:\\\/\\\/www.iemj.org\\\/es\\\/#website\",\"url\":\"https:\\\/\\\/www.iemj.org\\\/es\\\/\",\"name\":\"Institut Europ\u00e9en des Musiques Juives\",\"description\":\"Des traditions musicales \u00e0 la port\u00e9e de tous\",\"publisher\":{\"@id\":\"https:\\\/\\\/www.iemj.org\\\/es\\\/#organization\"},\"potentialAction\":[{\"@type\":\"SearchAction\",\"target\":{\"@type\":\"EntryPoint\",\"urlTemplate\":\"https:\\\/\\\/www.iemj.org\\\/es\\\/?s={search_term_string}\"},\"query-input\":{\"@type\":\"PropertyValueSpecification\",\"valueRequired\":true,\"valueName\":\"search_term_string\"}}],\"inLanguage\":\"es\"},{\"@type\":\"Organization\",\"@id\":\"https:\\\/\\\/www.iemj.org\\\/es\\\/#organization\",\"name\":\"Institut Europ\u00e9en des Musiques Juives\",\"url\":\"https:\\\/\\\/www.iemj.org\\\/es\\\/\",\"logo\":{\"@type\":\"ImageObject\",\"inLanguage\":\"es\",\"@id\":\"https:\\\/\\\/www.iemj.org\\\/es\\\/#\\\/schema\\\/logo\\\/image\\\/\",\"url\":\"https:\\\/\\\/www.iemj.org\\\/wp-content\\\/uploads\\\/2021\\\/09\\\/Logo-IEMJ-Paypal.jpg\",\"contentUrl\":\"https:\\\/\\\/www.iemj.org\\\/wp-content\\\/uploads\\\/2021\\\/09\\\/Logo-IEMJ-Paypal.jpg\",\"width\":150,\"height\":50,\"caption\":\"Institut Europ\u00e9en des Musiques Juives\"},\"image\":{\"@id\":\"https:\\\/\\\/www.iemj.org\\\/es\\\/#\\\/schema\\\/logo\\\/image\\\/\"},\"sameAs\":[\"https:\\\/\\\/www.facebook.com\\\/MusiquesJuives\\\/\",\"https:\\\/\\\/www.instagram.com\\\/musiquesjuives\\\/\",\"https:\\\/\\\/www.youtube.com\\\/user\\\/musiquesjuives\"]},{\"@type\":\"Person\",\"@id\":\"https:\\\/\\\/www.iemj.org\\\/es\\\/#\\\/schema\\\/person\\\/c9bc1c386a3749579a2d675e72a18666\",\"name\":\"Jean-Gabriel Davis\",\"image\":{\"@type\":\"ImageObject\",\"inLanguage\":\"es\",\"@id\":\"https:\\\/\\\/secure.gravatar.com\\\/avatar\\\/2b90d67bdf392c9b3a21fab87c0fa7edaf1fb3a058172a1ffd61033fcec7aec1?s=96&d=mm&r=g\",\"url\":\"https:\\\/\\\/secure.gravatar.com\\\/avatar\\\/2b90d67bdf392c9b3a21fab87c0fa7edaf1fb3a058172a1ffd61033fcec7aec1?s=96&d=mm&r=g\",\"contentUrl\":\"https:\\\/\\\/secure.gravatar.com\\\/avatar\\\/2b90d67bdf392c9b3a21fab87c0fa7edaf1fb3a058172a1ffd61033fcec7aec1?s=96&d=mm&r=g\",\"caption\":\"Jean-Gabriel Davis\"}}]}<\/script>\n<!-- \/ Yoast SEO plugin. -->","yoast_head_json":{"title":"Strom, Yale - Institut Europ\u00e9en des Musiques Juives","robots":{"index":"index","follow":"follow","max-snippet":"max-snippet:-1","max-image-preview":"max-image-preview:large","max-video-preview":"max-video-preview:-1"},"canonical":"https:\/\/www.iemj.org\/es\/strom-yale\/","og_locale":"es_ES","og_type":"article","og_title":"Strom, Yale - Institut Europ\u00e9en des Musiques Juives","og_description":"Nacido en 1957 en Detroit, en Estados Unidos, Yale (Yitskhok) Strom es un etn\u00f3logo, violinista, compositor, autor, fot\u00f3grafo, profesor y realizador. Sus padres, que hablaban yidis de origen lituano, alem\u00e1n,","og_url":"https:\/\/www.iemj.org\/es\/strom-yale\/","og_site_name":"Institut Europ\u00e9en des Musiques Juives","article_publisher":"https:\/\/www.facebook.com\/MusiquesJuives\/","article_published_time":"2019-05-15T14:02:15+00:00","article_modified_time":"2024-01-22T16:42:05+00:00","og_image":[{"width":169,"height":218,"url":"https:\/\/www.iemj.org\/wp-content\/uploads\/2019\/05\/arton4154-e1625472410931.jpg","type":"image\/jpeg"}],"author":"Jean-Gabriel Davis","twitter_card":"summary_large_image","twitter_misc":{"Escrito por":"Jean-Gabriel Davis","Tiempo de lectura":"5 minutos"},"schema":{"@context":"https:\/\/schema.org","@graph":[{"@type":"Article","@id":"https:\/\/www.iemj.org\/es\/strom-yale\/#article","isPartOf":{"@id":"https:\/\/www.iemj.org\/es\/strom-yale\/"},"author":{"name":"Jean-Gabriel Davis","@id":"https:\/\/www.iemj.org\/es\/#\/schema\/person\/c9bc1c386a3749579a2d675e72a18666"},"headline":"Strom, Yale","datePublished":"2019-05-15T14:02:15+00:00","dateModified":"2024-01-22T16:42:05+00:00","mainEntityOfPage":{"@id":"https:\/\/www.iemj.org\/es\/strom-yale\/"},"wordCount":930,"publisher":{"@id":"https:\/\/www.iemj.org\/es\/#organization"},"image":{"@id":"https:\/\/www.iemj.org\/es\/strom-yale\/#primaryimage"},"thumbnailUrl":"https:\/\/www.iemj.org\/wp-content\/uploads\/2019\/05\/arton4154-e1625472410931.jpg","articleSection":["Biograf\u00edas"],"inLanguage":"es"},{"@type":"WebPage","@id":"https:\/\/www.iemj.org\/es\/strom-yale\/","url":"https:\/\/www.iemj.org\/es\/strom-yale\/","name":"Strom, Yale - Institut Europ\u00e9en des Musiques Juives","isPartOf":{"@id":"https:\/\/www.iemj.org\/es\/#website"},"primaryImageOfPage":{"@id":"https:\/\/www.iemj.org\/es\/strom-yale\/#primaryimage"},"image":{"@id":"https:\/\/www.iemj.org\/es\/strom-yale\/#primaryimage"},"thumbnailUrl":"https:\/\/www.iemj.org\/wp-content\/uploads\/2019\/05\/arton4154-e1625472410931.jpg","datePublished":"2019-05-15T14:02:15+00:00","dateModified":"2024-01-22T16:42:05+00:00","breadcrumb":{"@id":"https:\/\/www.iemj.org\/es\/strom-yale\/#breadcrumb"},"inLanguage":"es","potentialAction":[{"@type":"ReadAction","target":["https:\/\/www.iemj.org\/es\/strom-yale\/"]}]},{"@type":"ImageObject","inLanguage":"es","@id":"https:\/\/www.iemj.org\/es\/strom-yale\/#primaryimage","url":"https:\/\/www.iemj.org\/wp-content\/uploads\/2019\/05\/arton4154-e1625472410931.jpg","contentUrl":"https:\/\/www.iemj.org\/wp-content\/uploads\/2019\/05\/arton4154-e1625472410931.jpg","width":169,"height":218},{"@type":"BreadcrumbList","@id":"https:\/\/www.iemj.org\/es\/strom-yale\/#breadcrumb","itemListElement":[{"@type":"ListItem","position":1,"name":"Accueil","item":"https:\/\/www.iemj.org\/es\/"},{"@type":"ListItem","position":2,"name":"Strom, Yale"}]},{"@type":"WebSite","@id":"https:\/\/www.iemj.org\/es\/#website","url":"https:\/\/www.iemj.org\/es\/","name":"Institut Europ\u00e9en des Musiques Juives","description":"Des traditions musicales \u00e0 la port\u00e9e de tous","publisher":{"@id":"https:\/\/www.iemj.org\/es\/#organization"},"potentialAction":[{"@type":"SearchAction","target":{"@type":"EntryPoint","urlTemplate":"https:\/\/www.iemj.org\/es\/?s={search_term_string}"},"query-input":{"@type":"PropertyValueSpecification","valueRequired":true,"valueName":"search_term_string"}}],"inLanguage":"es"},{"@type":"Organization","@id":"https:\/\/www.iemj.org\/es\/#organization","name":"Institut Europ\u00e9en des Musiques Juives","url":"https:\/\/www.iemj.org\/es\/","logo":{"@type":"ImageObject","inLanguage":"es","@id":"https:\/\/www.iemj.org\/es\/#\/schema\/logo\/image\/","url":"https:\/\/www.iemj.org\/wp-content\/uploads\/2021\/09\/Logo-IEMJ-Paypal.jpg","contentUrl":"https:\/\/www.iemj.org\/wp-content\/uploads\/2021\/09\/Logo-IEMJ-Paypal.jpg","width":150,"height":50,"caption":"Institut Europ\u00e9en des Musiques Juives"},"image":{"@id":"https:\/\/www.iemj.org\/es\/#\/schema\/logo\/image\/"},"sameAs":["https:\/\/www.facebook.com\/MusiquesJuives\/","https:\/\/www.instagram.com\/musiquesjuives\/","https:\/\/www.youtube.com\/user\/musiquesjuives"]},{"@type":"Person","@id":"https:\/\/www.iemj.org\/es\/#\/schema\/person\/c9bc1c386a3749579a2d675e72a18666","name":"Jean-Gabriel Davis","image":{"@type":"ImageObject","inLanguage":"es","@id":"https:\/\/secure.gravatar.com\/avatar\/2b90d67bdf392c9b3a21fab87c0fa7edaf1fb3a058172a1ffd61033fcec7aec1?s=96&d=mm&r=g","url":"https:\/\/secure.gravatar.com\/avatar\/2b90d67bdf392c9b3a21fab87c0fa7edaf1fb3a058172a1ffd61033fcec7aec1?s=96&d=mm&r=g","contentUrl":"https:\/\/secure.gravatar.com\/avatar\/2b90d67bdf392c9b3a21fab87c0fa7edaf1fb3a058172a1ffd61033fcec7aec1?s=96&d=mm&r=g","caption":"Jean-Gabriel Davis"}}]}},"_links":{"self":[{"href":"https:\/\/www.iemj.org\/es\/wp-json\/wp\/v2\/posts\/88956","targetHints":{"allow":["GET"]}}],"collection":[{"href":"https:\/\/www.iemj.org\/es\/wp-json\/wp\/v2\/posts"}],"about":[{"href":"https:\/\/www.iemj.org\/es\/wp-json\/wp\/v2\/types\/post"}],"author":[{"embeddable":true,"href":"https:\/\/www.iemj.org\/es\/wp-json\/wp\/v2\/users\/1048"}],"replies":[{"embeddable":true,"href":"https:\/\/www.iemj.org\/es\/wp-json\/wp\/v2\/comments?post=88956"}],"version-history":[{"count":0,"href":"https:\/\/www.iemj.org\/es\/wp-json\/wp\/v2\/posts\/88956\/revisions"}],"wp:featuredmedia":[{"embeddable":true,"href":"https:\/\/www.iemj.org\/es\/wp-json\/wp\/v2\/media\/53485"}],"wp:attachment":[{"href":"https:\/\/www.iemj.org\/es\/wp-json\/wp\/v2\/media?parent=88956"}],"wp:term":[{"taxonomy":"category","embeddable":true,"href":"https:\/\/www.iemj.org\/es\/wp-json\/wp\/v2\/categories?post=88956"},{"taxonomy":"post_tag","embeddable":true,"href":"https:\/\/www.iemj.org\/es\/wp-json\/wp\/v2\/tags?post=88956"},{"taxonomy":"technique","embeddable":true,"href":"https:\/\/www.iemj.org\/es\/wp-json\/wp\/v2\/technique?post=88956"},{"taxonomy":"squelettes","embeddable":true,"href":"https:\/\/www.iemj.org\/es\/wp-json\/wp\/v2\/squelettes?post=88956"},{"taxonomy":"sujet","embeddable":true,"href":"https:\/\/www.iemj.org\/es\/wp-json\/wp\/v2\/sujet?post=88956"},{"taxonomy":"formation","embeddable":true,"href":"https:\/\/www.iemj.org\/es\/wp-json\/wp\/v2\/formation?post=88956"},{"taxonomy":"genre","embeddable":true,"href":"https:\/\/www.iemj.org\/es\/wp-json\/wp\/v2\/genre?post=88956"},{"taxonomy":"fonds","embeddable":true,"href":"https:\/\/www.iemj.org\/es\/wp-json\/wp\/v2\/fonds?post=88956"},{"taxonomy":"tradition","embeddable":true,"href":"https:\/\/www.iemj.org\/es\/wp-json\/wp\/v2\/tradition?post=88956"},{"taxonomy":"type-de-contenu","embeddable":true,"href":"https:\/\/www.iemj.org\/es\/wp-json\/wp\/v2\/type-de-contenu?post=88956"},{"taxonomy":"interprete-compositeur","embeddable":true,"href":"https:\/\/www.iemj.org\/es\/wp-json\/wp\/v2\/interprete-compositeur?post=88956"},{"taxonomy":"frise","embeddable":true,"href":"https:\/\/www.iemj.org\/es\/wp-json\/wp\/v2\/frise?post=88956"},{"taxonomy":"type-devenement","embeddable":true,"href":"https:\/\/www.iemj.org\/es\/wp-json\/wp\/v2\/type-devenement?post=88956"},{"taxonomy":"tableaux-liens-externes","embeddable":true,"href":"https:\/\/www.iemj.org\/es\/wp-json\/wp\/v2\/tableaux-liens-externes?post=88956"}],"curies":[{"name":"wp","href":"https:\/\/api.w.org\/{rel}","templated":true}]}}