{"id":89129,"date":"2018-01-09T16:29:20","date_gmt":"2018-01-09T15:29:20","guid":{"rendered":"https:\/\/www.iemj.org\/staiffi-alberto\/"},"modified":"2022-10-24T15:07:15","modified_gmt":"2022-10-24T13:07:15","slug":"staiffi-alberto","status":"publish","type":"post","link":"https:\/\/www.iemj.org\/es\/staiffi-alberto\/","title":{"rendered":"Sta\u00efffi, Alberto"},"content":{"rendered":"<p>\u201cCh\u00e9rie je t\u2019aime, Ch\u00e9rie je t\u2019adore\u201d (Querida te quiero, Querida te adoro), f\u00f3rmula simple y eficaz que hizo, que hace y que har\u00e1 bailar las masas hasta el agotamiento.<\/p>\n<p class=\"Textbody\" style=\"text-align: justify;\"><span lang=\"ES\" style=\"color: #171717;\">Cuando en 1960, Alberto Staiffi retom\u00f3 a su manera esta canci\u00f3n de tradici\u00f3n magreb\u00ed, se convirti\u00f3 en un himno al baile, al entretenimiento, pero tambi\u00e9n a la nostalgia y al olvido de una Argelia abandonada demasiado temprano dejando con ella la calidez de su capital blanca, de sus calles llenas de fragancias diversas y de m\u00fasicas hechizantes.<\/span><\/p>\n<p>Verdadero \u00e9xito, \u201cMustafa, Ch\u00e9rie je t\u2019aime, Ch\u00e9rie je t\u2019adore\u201d ser\u00e1 la consagraci\u00f3n de una carrera empezada anteriormente en los cabarets parisinos y m\u00e1s precisamente \u201cLe Soleil d\u2019Alg\u00e9rie\u201d junto a artistas reconocidos como Dario Moreno, Henri Genes y sobre todo Sidney Bechet.<\/p>\n<p><span style=\"font-size: inherit;\"><img fetchpriority=\"high\" decoding=\"async\" class=\" alignright size-full wp-image-17725\" src=\"https:\/\/www.iemj.org\/wp-content\/uploads\/2018\/01\/staiffi_je_t_aime_80_.jpg\" alt=\"staiffi_je_t_aime_80_.jpg\" width=\"256\" height=\"253\" align=\"right\" srcset=\"https:\/\/www.iemj.org\/wp-content\/uploads\/2018\/01\/staiffi_je_t_aime_80_.jpg 256w, https:\/\/www.iemj.org\/wp-content\/uploads\/2018\/01\/staiffi_je_t_aime_80_-100x100.jpg 100w\" sizes=\"(max-width: 256px) 100vw, 256px\" \/><\/span><\/p>\n<p>Famoso clarinetista estadounidense (antiguo compa\u00f1ero de viajes del \u201cDuke\u201d Ellington, Louis Armstrong o tambi\u00e9n Jos\u00e9phine Baker), Sidney Bechet se convirti\u00f3 r\u00e1pidamente en amigo, confidente y verdadero hermano mayor para Staiffi. Destacando r\u00e1pidamente el talento de Staiffi, lo present\u00f3 al sello Vogue con el cual \u00e9ste firm\u00f3 un contrato. El punto de partida ser\u00e1 el disco 45 tours (vinilo) \u201cLes oignons\u201d una melod\u00eda famosa del amigo Bechet adaptado al \u00e1rabe y que va a conocer numerosas transmisiones en Europe 1. (emisora de radio)<\/p>\n<p>Desde entonces, Staiffi empez\u00f3 una verdadera carrera con el sello Vogue juntos con otros cantantes prometedores del sello como Johnny Hallyday, Colette RENARD, Jean CONSTANTIN, \u2026 enlazando los \u00e9xitos \u201cFaubourg Montmartre\u201d, \u201cMon pays\u201d, \u201cDu tout ennuy\u00e9\u201d \u2026 Primera consagraci\u00f3n : el Olimpia, donde estuvo acompa\u00f1ado de Colette RENARD y Jean CONSTANTIN.<\/p>\n<p><img decoding=\"async\" class=\" alignleft size-full wp-image-17727\" src=\"https:\/\/www.iemj.org\/wp-content\/uploads\/2018\/01\/affiche_olympia_officielle_85_.jpg\" alt=\"affiche_olympia_officielle_85_.jpg\" width=\"174\" height=\"272\" align=\"left\" \/><\/p>\n<p>Las canciones alegres, r\u00edtmicas, pero tambi\u00e9n nost\u00e1lgicas lo dar\u00e1n a conocer en ambos lados del mediterr\u00e1neo, mezcla de Occidente y de Oriente ofreci\u00e9ndole as\u00ed una gira triunfal en todo el Maghreb y el Medio Oriente.<\/p>\n<p>Sin embargo, los acontecimientos pol\u00edticos que afectaron a Argelia y a Francia lo impactaron. \u201cMustafa (ch\u00e9rie je t\u2019aime, ch\u00e9rie je t\u2019adore)\u201d siendo muy popular en aquella \u00e9poca, hubo rumores que insinuaban que esta canci\u00f3n era el himno del F.L.N. (Frente de Liberaci\u00f3n Nacional). A partir de aquel momento, la carrera de Staiffi se convirti\u00f3 en una pesadilla; fue\u00a0 amenazado, teniendo en cuenta que no interven\u00eda en la pol\u00edtica. Le pidieron que dejara de cantar \u201cMustafa\u201d. El Gobernador General en Argel dio la orden de prohibir la venta del disco \u201cMUSTAFA\u201d y todos los contratos y los conciertos de Staiffi y los Mustafa\u2019s fueron cancelados. Traumatizado, decidi\u00f3 dejar la profesi\u00f3n art\u00edstica.<\/p>\n<p><img decoding=\"async\" class=\" alignright size-full wp-image-17729\" src=\"https:\/\/www.iemj.org\/wp-content\/uploads\/2018\/01\/tape_cinq_recto_80_.jpg\" alt=\"tape_cinq_recto_80_.jpg\" width=\"252\" height=\"256\" align=\"right\" \/><\/p>\n<p>Al cabo de 5 a\u00f1os de silencio, en 1965, vuelta a los or\u00edgenes; Staiffi firm\u00f3 un contrato con Barclay y grab\u00f3 un 45 tours (disco de vinilo) de 4 m\u00fasicas en estrecha colaboraci\u00f3n con su amigo Gabriel Chekroun (autor) : Tape Cinq, Yaholele, Les filles de Boufarik y La Tchouktchouka. Este vinilo tuvo gran \u00e9xito. Sin embargo, las cicatrices a\u00fan abiertas, dej\u00f3 totalmente la profesi\u00f3n y se instal\u00f3 en el sur de Francia, en Montpellier.<\/p>\n<p>Fue en 2001 cuando Barclay\/Universal inform\u00f3 a Staiffi que su canci\u00f3n \u201cTape Cinq\u201d se encontraba en una recopilaci\u00f3n producida por el sello E.M.I. \u201cLa v\u00e9rit\u00e9 \u00e7a c\u2019est une compil\u201d junto a Dalida, Khaled, Alabina, Rachid Taha, etc\u2026 A continuaci\u00f3n, las m\u00fasicas grabadas por Barclay en 1965 fueron publicadas en distintas recopilaciones (France Loisirs, Marianne M\u00e9lodie, Reader\u2019s Digest\u2026). \u201cLa Tchouktchouka\u201d incluso fue usada para la m\u00fasica de la pel\u00edcula \u201cShem\u201d de Caroline Roboh.<\/p>\n<p><img loading=\"lazy\" decoding=\"async\" class=\"size-full wp-image-17733 alignleft\" src=\"https:\/\/www.iemj.org\/wp-content\/uploads\/2018\/01\/sony_music_1_redim.jpg\" alt=\"sony_music_1_redim.jpg\" width=\"234\" height=\"199\" align=\"left\" \/><\/p>\n<p>En este mismo per\u00edodo, se solicit\u00f3 Staiffi para animar un programa titulado \u201cSucc\u00e8s d\u2019hier, succ\u00e8s d\u2019aujourd\u2019hui\u201d (\u00c9xito de ayer, \u00e9xito actual\u201d en una radio local en Montpellier : Radio Aviva. Ese contacto con miles de oyentes lo sumergi\u00f3 de nuevo en el \u00e1mbito art\u00edstico. Lo que no le desagrada.<\/p>\n<p>En 2013, Staiffi grab\u00f3 una nueva canci\u00f3n que se titula \u201cPourquoi m\u2019as tu abandonn\u00e9 \/ A\u00e2lech khallitini ouahdi ?\u201d. (\u00bfPor qu\u00e9 me abandonaste?) Esa canci\u00f3n fue producida en estrecha colaboraci\u00f3n con sus dos mejores amigos Jean-Paul Cara y Gabriel Chekroun.<\/p>\n<p>Hoy en d\u00eda, todas sus canciones producidas por Vogue\/Sony Music y Barclay\/Universal pueden descargarse en internet. Adem\u00e1s, dos CD fueron r\u00e9\u00e9ditas: el disco TAPE CINQ !, producido por Barclay en 1965, y otro CD Best-Of de 20 piezas, que incluye la famosa canci\u00f3n \u201cMustafa (ch\u00e9rie je t\u2019aime, ch\u00e9rie je t\u2019adore)\u201d, producido por Vogue\/Sony Music en 2010.<a href=\"https:\/\/www.jechantemagazine.net\/single-post\/2017\/09\/09\/Staiffi-le-Sultan-du-cha-cha-cha-oriental-\"><img loading=\"lazy\" decoding=\"async\" class=\"size-full wp-image-17731 alignright\" src=\"https:\/\/www.iemj.org\/wp-content\/uploads\/2018\/01\/jose_darmon_recto_1_.jpg\" alt=\"jose_darmon_recto_1_.jpg\" width=\"200\" height=\"198\" align=\"left\" srcset=\"https:\/\/www.iemj.org\/wp-content\/uploads\/2018\/01\/jose_darmon_recto_1_.jpg 200w, https:\/\/www.iemj.org\/wp-content\/uploads\/2018\/01\/jose_darmon_recto_1_-150x150.jpg 150w, https:\/\/www.iemj.org\/wp-content\/uploads\/2018\/01\/jose_darmon_recto_1_-100x100.jpg 100w\" sizes=\"(max-width: 200px) 100vw, 200px\" \/><\/a><\/p>\n<p>* Biograf\u00eda basada en la p\u00e1gina web <a href=\"https:\/\/sites.google.com\/site\/albertostaiffi\/biographie\">de Alberto Sta\u00efffi<\/a><\/p>\n<ul>\n<li><a href=\"https:\/\/sites.google.com\/site\/albertostaiffi\/home\" target=\"_blank\" rel=\"noopener\">Consultar la p\u00e1gina web de Alberto Sta\u00efffi<\/a><\/li>\n<li><a href=\"https:\/\/www.iemj.org\/es\/staiffi-le-roi-du-cha-cha-cha-oriental\/\" target=\"_blank\" rel=\"noopener\">Escuchar el programa de radio dedicado a Alberto Sta\u00efffi<\/a><\/li>\n<li><a href=\"https:\/\/sites.google.com\/site\/albertostaiffi\/videos-youtube\" target=\"_blank\" rel=\"noopener\">Mirar v\u00eddeos de Sta\u00efffi en su canal YouTube<\/a><\/li>\n<li><a href=\"https:\/\/www.jechantemagazine.net\/single-post\/2017\/09\/09\/Staiffi-le-Sultan-du-cha-cha-cha-oriental-\" target=\"_blank\" rel=\"noopener\">\u00a1Leer el art\u00edculo sobre Sta\u00efffi en el n\u00b012 de \u201cJe chante! Magazine\u201d de enero de 2016 dedicado a la canci\u00f3n franco \u00e1rabe<\/a><\/li>\n<\/ul>\n\n\n<p><\/p>\n","protected":false},"excerpt":{"rendered":"<p>\u201cCh\u00e9rie je t\u2019aime, Ch\u00e9rie je t\u2019adore\u201d (Querida te quiero, Querida te adoro), f\u00f3rmula simple y eficaz que hizo, que hace y que har\u00e1 bailar las masas hasta el agotamiento. Cuando<\/p>\n","protected":false},"author":5,"featured_media":53463,"comment_status":"closed","ping_status":"open","sticky":false,"template":"","format":"standard","meta":{"_acf_changed":false,"footnotes":""},"categories":[1417],"tags":[],"technique":[],"squelettes":[],"sujet":[],"formation":[],"genre":[1915],"fonds":[],"tradition":[],"type-de-contenu":[],"interprete-compositeur":[],"frise":[],"type-devenement":[],"tableaux-liens-externes":[],"class_list":["post-89129","post","type-post","status-publish","format-standard","has-post-thumbnail","hentry","category-biografias-es","genre-oriental-es"],"acf":[],"yoast_head":"<!-- This site is optimized with the Yoast SEO plugin v27.3 - https:\/\/yoast.com\/product\/yoast-seo-wordpress\/ -->\n<title>Sta\u00efffi, Alberto - Institut Europ\u00e9en des Musiques Juives<\/title>\n<meta name=\"robots\" content=\"index, follow, max-snippet:-1, max-image-preview:large, max-video-preview:-1\" \/>\n<link rel=\"canonical\" href=\"https:\/\/www.iemj.org\/es\/staiffi-alberto\/\" \/>\n<meta property=\"og:locale\" content=\"es_ES\" \/>\n<meta property=\"og:type\" content=\"article\" \/>\n<meta property=\"og:title\" content=\"Sta\u00efffi, Alberto - Institut Europ\u00e9en des Musiques Juives\" \/>\n<meta property=\"og:description\" content=\"\u201cCh\u00e9rie je t\u2019aime, Ch\u00e9rie je t\u2019adore\u201d (Querida te quiero, Querida te adoro), f\u00f3rmula simple y eficaz que hizo, que hace y que har\u00e1 bailar las masas hasta el agotamiento. Cuando\" \/>\n<meta property=\"og:url\" content=\"https:\/\/www.iemj.org\/es\/staiffi-alberto\/\" \/>\n<meta property=\"og:site_name\" content=\"Institut Europ\u00e9en des Musiques Juives\" \/>\n<meta property=\"article:publisher\" content=\"https:\/\/www.facebook.com\/MusiquesJuives\/\" \/>\n<meta property=\"article:published_time\" content=\"2018-01-09T15:29:20+00:00\" \/>\n<meta property=\"article:modified_time\" content=\"2022-10-24T13:07:15+00:00\" \/>\n<meta property=\"og:image\" content=\"https:\/\/www.iemj.org\/wp-content\/uploads\/2018\/01\/arton3036-e1625471284929.jpg\" \/>\n\t<meta property=\"og:image:width\" content=\"163\" \/>\n\t<meta property=\"og:image:height\" content=\"218\" \/>\n\t<meta property=\"og:image:type\" content=\"image\/jpeg\" \/>\n<meta name=\"author\" content=\"Jacqueline ROTEN\" \/>\n<meta name=\"twitter:card\" content=\"summary_large_image\" \/>\n<meta name=\"twitter:label1\" content=\"Escrito por\" \/>\n\t<meta name=\"twitter:data1\" content=\"Jacqueline ROTEN\" \/>\n\t<meta name=\"twitter:label2\" content=\"Tiempo de lectura\" \/>\n\t<meta name=\"twitter:data2\" content=\"5 minutos\" \/>\n<script type=\"application\/ld+json\" class=\"yoast-schema-graph\">{\"@context\":\"https:\\\/\\\/schema.org\",\"@graph\":[{\"@type\":\"Article\",\"@id\":\"https:\\\/\\\/www.iemj.org\\\/es\\\/staiffi-alberto\\\/#article\",\"isPartOf\":{\"@id\":\"https:\\\/\\\/www.iemj.org\\\/es\\\/staiffi-alberto\\\/\"},\"author\":{\"name\":\"Jacqueline ROTEN\",\"@id\":\"https:\\\/\\\/www.iemj.org\\\/es\\\/#\\\/schema\\\/person\\\/358e26c18aca017fcc4cc15437f7279c\"},\"headline\":\"Sta\u00efffi, Alberto\",\"datePublished\":\"2018-01-09T15:29:20+00:00\",\"dateModified\":\"2022-10-24T13:07:15+00:00\",\"mainEntityOfPage\":{\"@id\":\"https:\\\/\\\/www.iemj.org\\\/es\\\/staiffi-alberto\\\/\"},\"wordCount\":831,\"publisher\":{\"@id\":\"https:\\\/\\\/www.iemj.org\\\/es\\\/#organization\"},\"image\":{\"@id\":\"https:\\\/\\\/www.iemj.org\\\/es\\\/staiffi-alberto\\\/#primaryimage\"},\"thumbnailUrl\":\"https:\\\/\\\/www.iemj.org\\\/wp-content\\\/uploads\\\/2018\\\/01\\\/arton3036-e1625471284929.jpg\",\"articleSection\":[\"Biograf\u00edas\"],\"inLanguage\":\"es\"},{\"@type\":\"WebPage\",\"@id\":\"https:\\\/\\\/www.iemj.org\\\/es\\\/staiffi-alberto\\\/\",\"url\":\"https:\\\/\\\/www.iemj.org\\\/es\\\/staiffi-alberto\\\/\",\"name\":\"Sta\u00efffi, Alberto - Institut Europ\u00e9en des Musiques Juives\",\"isPartOf\":{\"@id\":\"https:\\\/\\\/www.iemj.org\\\/es\\\/#website\"},\"primaryImageOfPage\":{\"@id\":\"https:\\\/\\\/www.iemj.org\\\/es\\\/staiffi-alberto\\\/#primaryimage\"},\"image\":{\"@id\":\"https:\\\/\\\/www.iemj.org\\\/es\\\/staiffi-alberto\\\/#primaryimage\"},\"thumbnailUrl\":\"https:\\\/\\\/www.iemj.org\\\/wp-content\\\/uploads\\\/2018\\\/01\\\/arton3036-e1625471284929.jpg\",\"datePublished\":\"2018-01-09T15:29:20+00:00\",\"dateModified\":\"2022-10-24T13:07:15+00:00\",\"breadcrumb\":{\"@id\":\"https:\\\/\\\/www.iemj.org\\\/es\\\/staiffi-alberto\\\/#breadcrumb\"},\"inLanguage\":\"es\",\"potentialAction\":[{\"@type\":\"ReadAction\",\"target\":[\"https:\\\/\\\/www.iemj.org\\\/es\\\/staiffi-alberto\\\/\"]}]},{\"@type\":\"ImageObject\",\"inLanguage\":\"es\",\"@id\":\"https:\\\/\\\/www.iemj.org\\\/es\\\/staiffi-alberto\\\/#primaryimage\",\"url\":\"https:\\\/\\\/www.iemj.org\\\/wp-content\\\/uploads\\\/2018\\\/01\\\/arton3036-e1625471284929.jpg\",\"contentUrl\":\"https:\\\/\\\/www.iemj.org\\\/wp-content\\\/uploads\\\/2018\\\/01\\\/arton3036-e1625471284929.jpg\",\"width\":163,\"height\":218},{\"@type\":\"BreadcrumbList\",\"@id\":\"https:\\\/\\\/www.iemj.org\\\/es\\\/staiffi-alberto\\\/#breadcrumb\",\"itemListElement\":[{\"@type\":\"ListItem\",\"position\":1,\"name\":\"Accueil\",\"item\":\"https:\\\/\\\/www.iemj.org\\\/es\\\/\"},{\"@type\":\"ListItem\",\"position\":2,\"name\":\"Sta\u00efffi, Alberto\"}]},{\"@type\":\"WebSite\",\"@id\":\"https:\\\/\\\/www.iemj.org\\\/es\\\/#website\",\"url\":\"https:\\\/\\\/www.iemj.org\\\/es\\\/\",\"name\":\"Institut Europ\u00e9en des Musiques Juives\",\"description\":\"Des traditions musicales \u00e0 la port\u00e9e de tous\",\"publisher\":{\"@id\":\"https:\\\/\\\/www.iemj.org\\\/es\\\/#organization\"},\"potentialAction\":[{\"@type\":\"SearchAction\",\"target\":{\"@type\":\"EntryPoint\",\"urlTemplate\":\"https:\\\/\\\/www.iemj.org\\\/es\\\/?s={search_term_string}\"},\"query-input\":{\"@type\":\"PropertyValueSpecification\",\"valueRequired\":true,\"valueName\":\"search_term_string\"}}],\"inLanguage\":\"es\"},{\"@type\":\"Organization\",\"@id\":\"https:\\\/\\\/www.iemj.org\\\/es\\\/#organization\",\"name\":\"Institut Europ\u00e9en des Musiques Juives\",\"url\":\"https:\\\/\\\/www.iemj.org\\\/es\\\/\",\"logo\":{\"@type\":\"ImageObject\",\"inLanguage\":\"es\",\"@id\":\"https:\\\/\\\/www.iemj.org\\\/es\\\/#\\\/schema\\\/logo\\\/image\\\/\",\"url\":\"https:\\\/\\\/www.iemj.org\\\/wp-content\\\/uploads\\\/2021\\\/09\\\/Logo-IEMJ-Paypal.jpg\",\"contentUrl\":\"https:\\\/\\\/www.iemj.org\\\/wp-content\\\/uploads\\\/2021\\\/09\\\/Logo-IEMJ-Paypal.jpg\",\"width\":150,\"height\":50,\"caption\":\"Institut Europ\u00e9en des Musiques Juives\"},\"image\":{\"@id\":\"https:\\\/\\\/www.iemj.org\\\/es\\\/#\\\/schema\\\/logo\\\/image\\\/\"},\"sameAs\":[\"https:\\\/\\\/www.facebook.com\\\/MusiquesJuives\\\/\",\"https:\\\/\\\/www.instagram.com\\\/musiquesjuives\\\/\",\"https:\\\/\\\/www.youtube.com\\\/user\\\/musiquesjuives\"]},{\"@type\":\"Person\",\"@id\":\"https:\\\/\\\/www.iemj.org\\\/es\\\/#\\\/schema\\\/person\\\/358e26c18aca017fcc4cc15437f7279c\",\"name\":\"Jacqueline ROTEN\",\"image\":{\"@type\":\"ImageObject\",\"inLanguage\":\"es\",\"@id\":\"https:\\\/\\\/secure.gravatar.com\\\/avatar\\\/5964256d6c6957de3a3505278957e0fb2a35119ac47ea41827a65301213c810b?s=96&d=mm&r=g\",\"url\":\"https:\\\/\\\/secure.gravatar.com\\\/avatar\\\/5964256d6c6957de3a3505278957e0fb2a35119ac47ea41827a65301213c810b?s=96&d=mm&r=g\",\"contentUrl\":\"https:\\\/\\\/secure.gravatar.com\\\/avatar\\\/5964256d6c6957de3a3505278957e0fb2a35119ac47ea41827a65301213c810b?s=96&d=mm&r=g\",\"caption\":\"Jacqueline ROTEN\"}}]}<\/script>\n<!-- \/ Yoast SEO plugin. -->","yoast_head_json":{"title":"Sta\u00efffi, Alberto - Institut Europ\u00e9en des Musiques Juives","robots":{"index":"index","follow":"follow","max-snippet":"max-snippet:-1","max-image-preview":"max-image-preview:large","max-video-preview":"max-video-preview:-1"},"canonical":"https:\/\/www.iemj.org\/es\/staiffi-alberto\/","og_locale":"es_ES","og_type":"article","og_title":"Sta\u00efffi, Alberto - Institut Europ\u00e9en des Musiques Juives","og_description":"\u201cCh\u00e9rie je t\u2019aime, Ch\u00e9rie je t\u2019adore\u201d (Querida te quiero, Querida te adoro), f\u00f3rmula simple y eficaz que hizo, que hace y que har\u00e1 bailar las masas hasta el agotamiento. Cuando","og_url":"https:\/\/www.iemj.org\/es\/staiffi-alberto\/","og_site_name":"Institut Europ\u00e9en des Musiques Juives","article_publisher":"https:\/\/www.facebook.com\/MusiquesJuives\/","article_published_time":"2018-01-09T15:29:20+00:00","article_modified_time":"2022-10-24T13:07:15+00:00","og_image":[{"width":163,"height":218,"url":"https:\/\/www.iemj.org\/wp-content\/uploads\/2018\/01\/arton3036-e1625471284929.jpg","type":"image\/jpeg"}],"author":"Jacqueline ROTEN","twitter_card":"summary_large_image","twitter_misc":{"Escrito por":"Jacqueline ROTEN","Tiempo de lectura":"5 minutos"},"schema":{"@context":"https:\/\/schema.org","@graph":[{"@type":"Article","@id":"https:\/\/www.iemj.org\/es\/staiffi-alberto\/#article","isPartOf":{"@id":"https:\/\/www.iemj.org\/es\/staiffi-alberto\/"},"author":{"name":"Jacqueline ROTEN","@id":"https:\/\/www.iemj.org\/es\/#\/schema\/person\/358e26c18aca017fcc4cc15437f7279c"},"headline":"Sta\u00efffi, Alberto","datePublished":"2018-01-09T15:29:20+00:00","dateModified":"2022-10-24T13:07:15+00:00","mainEntityOfPage":{"@id":"https:\/\/www.iemj.org\/es\/staiffi-alberto\/"},"wordCount":831,"publisher":{"@id":"https:\/\/www.iemj.org\/es\/#organization"},"image":{"@id":"https:\/\/www.iemj.org\/es\/staiffi-alberto\/#primaryimage"},"thumbnailUrl":"https:\/\/www.iemj.org\/wp-content\/uploads\/2018\/01\/arton3036-e1625471284929.jpg","articleSection":["Biograf\u00edas"],"inLanguage":"es"},{"@type":"WebPage","@id":"https:\/\/www.iemj.org\/es\/staiffi-alberto\/","url":"https:\/\/www.iemj.org\/es\/staiffi-alberto\/","name":"Sta\u00efffi, Alberto - Institut Europ\u00e9en des Musiques Juives","isPartOf":{"@id":"https:\/\/www.iemj.org\/es\/#website"},"primaryImageOfPage":{"@id":"https:\/\/www.iemj.org\/es\/staiffi-alberto\/#primaryimage"},"image":{"@id":"https:\/\/www.iemj.org\/es\/staiffi-alberto\/#primaryimage"},"thumbnailUrl":"https:\/\/www.iemj.org\/wp-content\/uploads\/2018\/01\/arton3036-e1625471284929.jpg","datePublished":"2018-01-09T15:29:20+00:00","dateModified":"2022-10-24T13:07:15+00:00","breadcrumb":{"@id":"https:\/\/www.iemj.org\/es\/staiffi-alberto\/#breadcrumb"},"inLanguage":"es","potentialAction":[{"@type":"ReadAction","target":["https:\/\/www.iemj.org\/es\/staiffi-alberto\/"]}]},{"@type":"ImageObject","inLanguage":"es","@id":"https:\/\/www.iemj.org\/es\/staiffi-alberto\/#primaryimage","url":"https:\/\/www.iemj.org\/wp-content\/uploads\/2018\/01\/arton3036-e1625471284929.jpg","contentUrl":"https:\/\/www.iemj.org\/wp-content\/uploads\/2018\/01\/arton3036-e1625471284929.jpg","width":163,"height":218},{"@type":"BreadcrumbList","@id":"https:\/\/www.iemj.org\/es\/staiffi-alberto\/#breadcrumb","itemListElement":[{"@type":"ListItem","position":1,"name":"Accueil","item":"https:\/\/www.iemj.org\/es\/"},{"@type":"ListItem","position":2,"name":"Sta\u00efffi, Alberto"}]},{"@type":"WebSite","@id":"https:\/\/www.iemj.org\/es\/#website","url":"https:\/\/www.iemj.org\/es\/","name":"Institut Europ\u00e9en des Musiques Juives","description":"Des traditions musicales \u00e0 la port\u00e9e de tous","publisher":{"@id":"https:\/\/www.iemj.org\/es\/#organization"},"potentialAction":[{"@type":"SearchAction","target":{"@type":"EntryPoint","urlTemplate":"https:\/\/www.iemj.org\/es\/?s={search_term_string}"},"query-input":{"@type":"PropertyValueSpecification","valueRequired":true,"valueName":"search_term_string"}}],"inLanguage":"es"},{"@type":"Organization","@id":"https:\/\/www.iemj.org\/es\/#organization","name":"Institut Europ\u00e9en des Musiques Juives","url":"https:\/\/www.iemj.org\/es\/","logo":{"@type":"ImageObject","inLanguage":"es","@id":"https:\/\/www.iemj.org\/es\/#\/schema\/logo\/image\/","url":"https:\/\/www.iemj.org\/wp-content\/uploads\/2021\/09\/Logo-IEMJ-Paypal.jpg","contentUrl":"https:\/\/www.iemj.org\/wp-content\/uploads\/2021\/09\/Logo-IEMJ-Paypal.jpg","width":150,"height":50,"caption":"Institut Europ\u00e9en des Musiques Juives"},"image":{"@id":"https:\/\/www.iemj.org\/es\/#\/schema\/logo\/image\/"},"sameAs":["https:\/\/www.facebook.com\/MusiquesJuives\/","https:\/\/www.instagram.com\/musiquesjuives\/","https:\/\/www.youtube.com\/user\/musiquesjuives"]},{"@type":"Person","@id":"https:\/\/www.iemj.org\/es\/#\/schema\/person\/358e26c18aca017fcc4cc15437f7279c","name":"Jacqueline ROTEN","image":{"@type":"ImageObject","inLanguage":"es","@id":"https:\/\/secure.gravatar.com\/avatar\/5964256d6c6957de3a3505278957e0fb2a35119ac47ea41827a65301213c810b?s=96&d=mm&r=g","url":"https:\/\/secure.gravatar.com\/avatar\/5964256d6c6957de3a3505278957e0fb2a35119ac47ea41827a65301213c810b?s=96&d=mm&r=g","contentUrl":"https:\/\/secure.gravatar.com\/avatar\/5964256d6c6957de3a3505278957e0fb2a35119ac47ea41827a65301213c810b?s=96&d=mm&r=g","caption":"Jacqueline ROTEN"}}]}},"_links":{"self":[{"href":"https:\/\/www.iemj.org\/es\/wp-json\/wp\/v2\/posts\/89129","targetHints":{"allow":["GET"]}}],"collection":[{"href":"https:\/\/www.iemj.org\/es\/wp-json\/wp\/v2\/posts"}],"about":[{"href":"https:\/\/www.iemj.org\/es\/wp-json\/wp\/v2\/types\/post"}],"author":[{"embeddable":true,"href":"https:\/\/www.iemj.org\/es\/wp-json\/wp\/v2\/users\/5"}],"replies":[{"embeddable":true,"href":"https:\/\/www.iemj.org\/es\/wp-json\/wp\/v2\/comments?post=89129"}],"version-history":[{"count":0,"href":"https:\/\/www.iemj.org\/es\/wp-json\/wp\/v2\/posts\/89129\/revisions"}],"wp:featuredmedia":[{"embeddable":true,"href":"https:\/\/www.iemj.org\/es\/wp-json\/wp\/v2\/media\/53463"}],"wp:attachment":[{"href":"https:\/\/www.iemj.org\/es\/wp-json\/wp\/v2\/media?parent=89129"}],"wp:term":[{"taxonomy":"category","embeddable":true,"href":"https:\/\/www.iemj.org\/es\/wp-json\/wp\/v2\/categories?post=89129"},{"taxonomy":"post_tag","embeddable":true,"href":"https:\/\/www.iemj.org\/es\/wp-json\/wp\/v2\/tags?post=89129"},{"taxonomy":"technique","embeddable":true,"href":"https:\/\/www.iemj.org\/es\/wp-json\/wp\/v2\/technique?post=89129"},{"taxonomy":"squelettes","embeddable":true,"href":"https:\/\/www.iemj.org\/es\/wp-json\/wp\/v2\/squelettes?post=89129"},{"taxonomy":"sujet","embeddable":true,"href":"https:\/\/www.iemj.org\/es\/wp-json\/wp\/v2\/sujet?post=89129"},{"taxonomy":"formation","embeddable":true,"href":"https:\/\/www.iemj.org\/es\/wp-json\/wp\/v2\/formation?post=89129"},{"taxonomy":"genre","embeddable":true,"href":"https:\/\/www.iemj.org\/es\/wp-json\/wp\/v2\/genre?post=89129"},{"taxonomy":"fonds","embeddable":true,"href":"https:\/\/www.iemj.org\/es\/wp-json\/wp\/v2\/fonds?post=89129"},{"taxonomy":"tradition","embeddable":true,"href":"https:\/\/www.iemj.org\/es\/wp-json\/wp\/v2\/tradition?post=89129"},{"taxonomy":"type-de-contenu","embeddable":true,"href":"https:\/\/www.iemj.org\/es\/wp-json\/wp\/v2\/type-de-contenu?post=89129"},{"taxonomy":"interprete-compositeur","embeddable":true,"href":"https:\/\/www.iemj.org\/es\/wp-json\/wp\/v2\/interprete-compositeur?post=89129"},{"taxonomy":"frise","embeddable":true,"href":"https:\/\/www.iemj.org\/es\/wp-json\/wp\/v2\/frise?post=89129"},{"taxonomy":"type-devenement","embeddable":true,"href":"https:\/\/www.iemj.org\/es\/wp-json\/wp\/v2\/type-devenement?post=89129"},{"taxonomy":"tableaux-liens-externes","embeddable":true,"href":"https:\/\/www.iemj.org\/es\/wp-json\/wp\/v2\/tableaux-liens-externes?post=89129"}],"curies":[{"name":"wp","href":"https:\/\/api.w.org\/{rel}","templated":true}]}}