{"id":89225,"date":"2019-10-15T15:33:23","date_gmt":"2019-10-15T13:33:23","guid":{"rendered":"https:\/\/www.iemj.org\/meyerbeer-giacomo-1791-1864\/"},"modified":"2025-09-10T10:27:50","modified_gmt":"2025-09-10T08:27:50","slug":"meyerbeer-giacomo-1791-1864","status":"publish","type":"post","link":"https:\/\/www.iemj.org\/es\/meyerbeer-giacomo-1791-1864\/","title":{"rendered":"Meyerbeer, Giacomo (1791-1864)"},"content":{"rendered":"<p>Giacomo Meyerbeer, cuyo verdadero nombre es Jakob Liebmann Meyer Beer, naci\u00f3 el 5 de septiembre de 1791 en Tasdorf, cerca de Berl\u00edn, en una familia jud\u00eda rica. Su padre, Juda Herz Beer (1769-1825) estaba particularmente involucrado en el movimiento de emancipaci\u00f3n y de integraci\u00f3n de los jud\u00edos de Prusia. A principios del siglo XIX, los Jud\u00edos a\u00fan no disfrutaban de la ciudadan\u00eda prusiana; la administraci\u00f3n p\u00fablica les ten\u00edan prohibido, y muchas otras profesiones. As\u00ed, era casi imposible para un Jud\u00edo seguir una carrera en la m\u00fasica sin convertirse.<\/p>\n<p class=\"Standard\" style=\"text-align: justify; text-justify: inter-ideograph;\"><span lang=\"ES\">Desde la infancia, el peque\u00f1o Jakob recibi\u00f3 educaci\u00f3n con profesores particulares: Franz Lauska (1764-1825), profesor de piano en la Corte que le imparti\u00f3 sus primeras lecciones a partir del 1798, luego Muzio Clementi (1752-1832) y Georg Joseph Vogler (1749-1814). A los 10 a\u00f1os, Meyerbeer interpret\u00f3 en vivo el concierto para piano en Re menor de Mozart y adquiri\u00f3 muy r\u00e1pidamente une r\u00e9putation de pianista brillante. De 1803 a 1807, estudi\u00f3 composici\u00f3n con Carl Friedrich Zelter (que ser\u00e1 tambi\u00e9n el profesor de Felix Mendelssohn) y termin\u00f3 el 12 de diciembre de 1803 su primera sonata para piano. Atra\u00eddo por la \u00f3pera, se volvi\u00f3 luego el alumno de Bernhard Anselm Weber (1766-1821), director de orquesta de la \u00d3pera Real de Berl\u00edn en aquel momento. Fue entonces cuando compuso su primera obra esc\u00e9nica, el ballet-pantomima <i>Der Fischer und das Milchm\u00e4dchen<\/i>, que fue creado en el Teatro Real de Berl\u00edn el 26 de marzo de 1810.<\/span><\/p>\n<p><img fetchpriority=\"high\" decoding=\"async\" class=\" alignleft size-full wp-image-25847\" src=\"https:\/\/www.iemj.org\/wp-content\/uploads\/2019\/10\/giacomo_meyerbeer___e_desmaisons__._redim_450px_vertic.jpg\" alt=\"giacomo_meyerbeer___e_desmaisons__._redim_450px_vertic.jpg\" width=\"296\" height=\"450\" align=\"left\" srcset=\"https:\/\/www.iemj.org\/wp-content\/uploads\/2019\/10\/giacomo_meyerbeer___e_desmaisons__._redim_450px_vertic.jpg 296w, https:\/\/www.iemj.org\/wp-content\/uploads\/2019\/10\/giacomo_meyerbeer___e_desmaisons__._redim_450px_vertic-197x300.jpg 197w\" sizes=\"(max-width: 296px) 100vw, 296px\" \/>En 1816 se fue a Italia, donde asisti\u00f3 a una representaci\u00f3n de la \u00f3pera <em>Tancredi<\/em> de Gioachino Rossini (1792-1868). Ese espect\u00e1culo fue una verdadera revelaci\u00f3n. As\u00ed compuso obras de \u00f3pera (<em>Romilda e Costanza<\/em> en 1817, <em>Semiramide riconosciuta<\/em> y <em>Emma di Resburgo<\/em> en 1819, Margherita d\u2019Anjou en 1820, <em>L\u2019esule di Granata<\/em> en 1822 y por fin <em>Il crociato in Egitto<\/em> en 1824) que le aseguraron una reputaci\u00f3n no s\u00f3lo en Italia sino tambi\u00e9n en toda Europa, donde se considera igual de Rossini. Agradecido a Italia donde conoci\u00f3 sus primeros \u00e9xitos, el compositor italianiz\u00f3 su nombre, present\u00e1ndose a partir de ese momento bajo el nombre de Giacomo Meyerbeer.<\/p>\n<p>De 1825 \u00e0 1841, <span lang=\"ES\">la mayor parte de su carrera se desarroll\u00f3 en Par\u00eds. Gracias al apoyo de Luigi Cherubini, empez\u00f3 el 18 de febrero de 1827 una colaboraci\u00f3n fruct\u00edfera con el libretista Eug\u00e8ne Scribe. Su primera obra com\u00fan,<i> Robert le Diable<\/i>, fue creada en la \u00d3pera el 21 de noviembre de 1831 y logr\u00f3 un triunfo. Meyerbeer se volvi\u00f3 miembro extranjero de la Academia de Bellas-Artes de Par\u00eds y fue elevado al grado de Caballero de la Legi\u00f3n de Honor el 19 de enero de 1832.<\/span><\/p>\n<p class=\"Standard\" style=\"text-align: justify; text-justify: inter-ideograph;\"><span lang=\"ES\">En 1840 el fallecimiento del rey de Prusia Federico-Guillermo III y la ascensi\u00f3n al trono de su hijo mayor Federico-Guillermo IV va a ser una oportunidad para Meyerbeer. El nuevo rey va a adoptar medidas mucho m\u00e1s liberales para los Jud\u00edos de Prusia. El 11 de junio de 1842, Federico-Guillermo IV design\u00f3 Meyerbeer <i>Generalmusikdirektor<\/i> (director general de la m\u00fasica) de la \u00d3pera Real de Prusia y supervisor de la m\u00fasica de la Corte Real. En cuanto a la direcci\u00f3n de la m\u00fasica sacra fue confiada a otro compositor de origen jud\u00edo, pero convertido al protestantismo, Felix Mendelssohn (1809-1847).<\/span><\/p>\n<p><img decoding=\"async\" class=\" alignright size-full wp-image-25849\" src=\"https:\/\/www.iemj.org\/wp-content\/uploads\/2019\/10\/meyerbeer-g-l-africaine-piano-chant-ca1925_rognee_redim_450px_vertic.jpg\" alt=\"meyerbeer-g-l-africaine-piano-chant-ca1925_rognee_redim_450px_vertic.jpg\" width=\"339\" height=\"450\" align=\"right\" srcset=\"https:\/\/www.iemj.org\/wp-content\/uploads\/2019\/10\/meyerbeer-g-l-africaine-piano-chant-ca1925_rognee_redim_450px_vertic.jpg 339w, https:\/\/www.iemj.org\/wp-content\/uploads\/2019\/10\/meyerbeer-g-l-africaine-piano-chant-ca1925_rognee_redim_450px_vertic-226x300.jpg 226w\" sizes=\"(max-width: 339px) 100vw, 339px\" \/>\u00c0 partir del 1851, Meyerbeer residir\u00e1 la mayor parte del tiempo en Berl\u00edn con su familia, y participar\u00e1 en la vida art\u00edstica particularmente rica de la ciudad. Todo esto no le impidi\u00f3 viajar a menudo por toda Europa para presentar sus obras.<\/p>\n<p class=\"Standard\" style=\"text-align: justify; text-justify: inter-ideograph;\"><span lang=\"ES\">Muy cansado a causa de su intensa actividad creativa, Meyerbeer muri\u00f3 s\u00fabitamente el 2 de mayo de 1864 en Par\u00eds, mientras supervisaba las repeticiones de su \u00faltima \u00f3pera, <i>L\u2019Africaine<\/i>.<\/span><\/p>\n<p class=\"Standard\" style=\"text-align: justify; text-justify: inter-ideograph;\"><span lang=\"ES\">A lo largo de su vida, Giacomo Meyerbeer nunca neg\u00f3 su pertenencia al judaismo. Celebraba los cumplea\u00f1os de su familia siguiendo el calendario lunar jud\u00edo y, cuando su abuelo muri\u00f3, mientras ten\u00eda 20 a\u00f1os, hab\u00eda hecho la promesa a su madre de vivir respetando las leyes mosaicas. Su obra musical jud\u00eda sin embargo es m\u00ednima: s\u00f3lo conocemos dos composiciones hebreas. La primera es una obra de juventud, un <i>Hallelujah<\/i> para coro y \u00f3rgano escrito en 1815 para la comunidad reformada de Berl\u00edn y cantado en el oratorio de Judah Herz Beer, el padre del compositor.<\/span><\/p>\n<p><img decoding=\"async\" class=\" alignleft size-full wp-image-25851\" src=\"https:\/\/www.iemj.org\/wp-content\/uploads\/2019\/10\/meyerbeer_ouvnoukho_yomar_redim_400px_vertic.jpg\" alt=\"meyerbeer_ouvnoukho_yomar_redim_400px_vertic.jpg\" width=\"304\" height=\"400\" align=\"left\" srcset=\"https:\/\/www.iemj.org\/wp-content\/uploads\/2019\/10\/meyerbeer_ouvnoukho_yomar_redim_400px_vertic.jpg 304w, https:\/\/www.iemj.org\/wp-content\/uploads\/2019\/10\/meyerbeer_ouvnoukho_yomar_redim_400px_vertic-228x300.jpg 228w\" sizes=\"(max-width: 304px) 100vw, 304px\" \/>La segunda, <em>Ouv\u2019noukho<\/em> Yomar, resulta de los trabajos de <a href=\"https:\/\/www.iemj.org\/es\/naumbourg-samuel-1817-1880\/\">Samuel Naumbourg (1817-1880)<\/a>, uno de los principales reformadores del culto hebraico franc\u00e9s en el siglo XIX. En 1846, mientras Naumbourg preparaba la publicaci\u00f3n de una ercopilaci\u00f3n de cantos hebreos en dos vol\u00famenes<em> Zemirot Israel<\/em>, <em>Cantos Religiosos de los Israelitas<\/em>, pidi\u00f3 a Meyerbeer la permisi\u00f3n de a\u00f1adir una de sus composiciones: Oraci\u00f3n de los ni\u00f1os, publicada inicialmente en 1839 para tres voces de mujeres a cappella, antes de ser traducida al alem\u00e1n en 1841 bajo el t\u00edtulo <em>Kindergebet<\/em>. Meyerbeer acept\u00f3 y Naumbourg realiz\u00f3 un arreglo para coro de hombres y ni\u00f1os sobre el texto de la oraci\u00f3n <em>Ouv\u2019noukho<\/em> Yomar, recitada durante la llegada de los rollos de la Tor\u00e1 en el Arca Santa durante los oficios de Shabat y las celebraciones. Esta pieza fue publicada en Par\u00eds en 1847 en el segundo volumen de la recopilaci\u00f3n de Naumbourg que consta de, por lo dem\u00e1s, las piezas de otros compositores como\u00a0<a href=\"https:\/\/www.iemj.org\/es\/halevy-jacques-francois-fromental-elie-1799-1862\/\">Fromental Hal\u00e9vy (1799-1862)<\/a> o tambi\u00e9n <a href=\"https:\/\/www.iemj.org\/es\/alkan-charles-valentin-1813-1888\/\">Charles-Valentin Alkan (1813-1888)<\/a>.<\/p>\n<p><a href=\"https:\/\/www.iemj.org\/es\/produit\/jacques-offenbach-and-friends-from-the-synagogue-to-the-opera\/\" target=\"_blank\" rel=\"noopener\">Pedir el <strong>CD Jacques Offenbach et ses proches \u2013 De la synagogue \u00e0 l\u2019op\u00e9ra<\/strong> \u2013 Vol.6, Ed. IEMJ, en nuestra tienda en l\u00ednea<\/a><\/p>\n<p><a href=\"https:\/\/www.iemj.org\/es\/giacomo-meyerbeer-hallelujah-the-choral-works\/\" target=\"_blank\" rel=\"noopener\">M\u00e1s informaci\u00f3n sobre el CD Giacomo Meyerbeer \u2013 Hallelujah, adquisici\u00f3n de la mediateca Halphen<\/a><\/p>\n\n\n<h2 class=\"wp-block-heading\"><\/h2>\n\n\n<div class=\"wp-block-image\">\n<figure class=\"aligncenter size-large\"><img loading=\"lazy\" decoding=\"async\" width=\"1024\" height=\"133\" src=\"https:\/\/www.iemj.org\/wp-content\/uploads\/2024\/03\/AUDIO-PLAYER-1024x133.png\" alt=\"\" class=\"wp-image-110610\" srcset=\"https:\/\/www.iemj.org\/wp-content\/uploads\/2024\/03\/AUDIO-PLAYER-1024x133.png 1024w, https:\/\/www.iemj.org\/wp-content\/uploads\/2024\/03\/AUDIO-PLAYER-300x39.png 300w, https:\/\/www.iemj.org\/wp-content\/uploads\/2024\/03\/AUDIO-PLAYER-768x100.png 768w, https:\/\/www.iemj.org\/wp-content\/uploads\/2024\/03\/AUDIO-PLAYER-600x78.png 600w, https:\/\/www.iemj.org\/wp-content\/uploads\/2024\/03\/AUDIO-PLAYER.png 1210w\" sizes=\"(max-width: 1024px) 100vw, 1024px\" \/><\/figure>\n<\/div>\n\n\n<div class=\"wp-block-file\"><a id=\"wp-block-file--media-48332af9-4c73-4276-9c83-9ce9e224cc6c\" href=\"https:\/\/www.iemj.org\/wp-content\/uploads\/2019\/10\/mus5_meyerbeer_priere_d_enfants_anne_sofie_von_otter.mp3\">Giacomo Meyerbeer &#8211; Pri\u00e8re d&#8217;enfants &#8211; Anne Sophie von Otter<\/a><\/div>\n\n\n\n<div class=\"wp-block-file\"><a id=\"wp-block-file--media-ca1a7400-36a2-4ec6-9973-ecf2f71c3717\" href=\"https:\/\/www.iemj.org\/wp-content\/uploads\/2019\/10\/mus6_ouvnou_ho_yomar_giacomo_meyerbeer.mp3\">Giacomo Meyerbeer &#8211; Ouvnou&#8217;ho yomar &#8211; La truite lyrique &#8211; direction Hector sabo<\/a><\/div>\n\n\n\n<div class=\"wp-block-file\"><a id=\"wp-block-file--media-9031aa91-032a-458b-ad2a-c271ecca2ecb\" href=\"https:\/\/www.iemj.org\/wp-content\/uploads\/2019\/10\/hallelujah_-_extrait_-_giacomo_meyerbeer_rheinische_kantorei_chistophe_lehmann_hermann_max.mp3\">Hallelujah &#8211; EXTRAIT &#8211; Giacomo Meyerbeer, Rheinische Kantorei, Chistophe Lehmann, Hermann Max<\/a><\/div>\n","protected":false},"excerpt":{"rendered":"<p>Giacomo Meyerbeer, cuyo verdadero nombre es Jakob Liebmann Meyer Beer, naci\u00f3 el 5 de septiembre de 1791 en Tasdorf, cerca de Berl\u00edn, en una familia jud\u00eda rica. Su padre, Juda<\/p>\n","protected":false},"author":1045,"featured_media":89226,"comment_status":"closed","ping_status":"closed","sticky":false,"template":"","format":"standard","meta":{"_acf_changed":false,"footnotes":""},"categories":[1417],"tags":[],"technique":[],"squelettes":[],"sujet":[],"formation":[],"genre":[],"fonds":[],"tradition":[],"type-de-contenu":[],"interprete-compositeur":[],"frise":[],"type-devenement":[],"tableaux-liens-externes":[],"class_list":["post-89225","post","type-post","status-publish","format-standard","has-post-thumbnail","hentry","category-biografias-es"],"acf":[],"yoast_head":"<!-- This site is optimized with the Yoast SEO plugin v27.3 - https:\/\/yoast.com\/product\/yoast-seo-wordpress\/ -->\n<title>Meyerbeer, Giacomo (1791-1864) - Institut Europ\u00e9en des Musiques Juives<\/title>\n<meta name=\"robots\" content=\"index, follow, max-snippet:-1, max-image-preview:large, max-video-preview:-1\" \/>\n<link rel=\"canonical\" href=\"https:\/\/www.iemj.org\/es\/meyerbeer-giacomo-1791-1864\/\" \/>\n<meta property=\"og:locale\" content=\"es_ES\" \/>\n<meta property=\"og:type\" content=\"article\" \/>\n<meta property=\"og:title\" content=\"Meyerbeer, Giacomo (1791-1864) - Institut Europ\u00e9en des Musiques Juives\" \/>\n<meta property=\"og:description\" content=\"Giacomo Meyerbeer, cuyo verdadero nombre es Jakob Liebmann Meyer Beer, naci\u00f3 el 5 de septiembre de 1791 en Tasdorf, cerca de Berl\u00edn, en una familia jud\u00eda rica. Su padre, Juda\" \/>\n<meta property=\"og:url\" content=\"https:\/\/www.iemj.org\/es\/meyerbeer-giacomo-1791-1864\/\" \/>\n<meta property=\"og:site_name\" content=\"Institut Europ\u00e9en des Musiques Juives\" \/>\n<meta property=\"article:publisher\" content=\"https:\/\/www.facebook.com\/MusiquesJuives\/\" \/>\n<meta property=\"article:published_time\" content=\"2019-10-15T13:33:23+00:00\" \/>\n<meta property=\"article:modified_time\" content=\"2025-09-10T08:27:50+00:00\" \/>\n<meta property=\"og:image\" content=\"https:\/\/www.iemj.org\/wp-content\/uploads\/2019\/10\/logo-bio-Giacomo-Meyerbeer-nv-site-e1618410260725.jpg\" \/>\n\t<meta property=\"og:image:width\" content=\"159\" \/>\n\t<meta property=\"og:image:height\" content=\"218\" \/>\n\t<meta property=\"og:image:type\" content=\"image\/jpeg\" \/>\n<meta name=\"author\" content=\"Herv\u00e9 Roten\" \/>\n<meta name=\"twitter:card\" content=\"summary_large_image\" \/>\n<meta name=\"twitter:label1\" content=\"Escrito por\" \/>\n\t<meta name=\"twitter:data1\" content=\"Herv\u00e9 Roten\" \/>\n\t<meta name=\"twitter:label2\" content=\"Tiempo de lectura\" \/>\n\t<meta name=\"twitter:data2\" content=\"6 minutos\" \/>\n<script type=\"application\/ld+json\" class=\"yoast-schema-graph\">{\"@context\":\"https:\\\/\\\/schema.org\",\"@graph\":[{\"@type\":\"Article\",\"@id\":\"https:\\\/\\\/www.iemj.org\\\/es\\\/meyerbeer-giacomo-1791-1864\\\/#article\",\"isPartOf\":{\"@id\":\"https:\\\/\\\/www.iemj.org\\\/es\\\/meyerbeer-giacomo-1791-1864\\\/\"},\"author\":{\"name\":\"Herv\u00e9 Roten\",\"@id\":\"https:\\\/\\\/www.iemj.org\\\/es\\\/#\\\/schema\\\/person\\\/906134402c29d5c76e7b726261dd4bbd\"},\"headline\":\"Meyerbeer, Giacomo (1791-1864)\",\"datePublished\":\"2019-10-15T13:33:23+00:00\",\"dateModified\":\"2025-09-10T08:27:50+00:00\",\"mainEntityOfPage\":{\"@id\":\"https:\\\/\\\/www.iemj.org\\\/es\\\/meyerbeer-giacomo-1791-1864\\\/\"},\"wordCount\":987,\"publisher\":{\"@id\":\"https:\\\/\\\/www.iemj.org\\\/es\\\/#organization\"},\"image\":{\"@id\":\"https:\\\/\\\/www.iemj.org\\\/es\\\/meyerbeer-giacomo-1791-1864\\\/#primaryimage\"},\"thumbnailUrl\":\"https:\\\/\\\/www.iemj.org\\\/wp-content\\\/uploads\\\/2019\\\/10\\\/logo-bio-Giacomo-Meyerbeer-nv-site-e1618410260725.jpg\",\"articleSection\":[\"Biograf\u00edas\"],\"inLanguage\":\"es\"},{\"@type\":\"WebPage\",\"@id\":\"https:\\\/\\\/www.iemj.org\\\/es\\\/meyerbeer-giacomo-1791-1864\\\/\",\"url\":\"https:\\\/\\\/www.iemj.org\\\/es\\\/meyerbeer-giacomo-1791-1864\\\/\",\"name\":\"Meyerbeer, Giacomo (1791-1864) - Institut Europ\u00e9en des Musiques Juives\",\"isPartOf\":{\"@id\":\"https:\\\/\\\/www.iemj.org\\\/es\\\/#website\"},\"primaryImageOfPage\":{\"@id\":\"https:\\\/\\\/www.iemj.org\\\/es\\\/meyerbeer-giacomo-1791-1864\\\/#primaryimage\"},\"image\":{\"@id\":\"https:\\\/\\\/www.iemj.org\\\/es\\\/meyerbeer-giacomo-1791-1864\\\/#primaryimage\"},\"thumbnailUrl\":\"https:\\\/\\\/www.iemj.org\\\/wp-content\\\/uploads\\\/2019\\\/10\\\/logo-bio-Giacomo-Meyerbeer-nv-site-e1618410260725.jpg\",\"datePublished\":\"2019-10-15T13:33:23+00:00\",\"dateModified\":\"2025-09-10T08:27:50+00:00\",\"breadcrumb\":{\"@id\":\"https:\\\/\\\/www.iemj.org\\\/es\\\/meyerbeer-giacomo-1791-1864\\\/#breadcrumb\"},\"inLanguage\":\"es\",\"potentialAction\":[{\"@type\":\"ReadAction\",\"target\":[\"https:\\\/\\\/www.iemj.org\\\/es\\\/meyerbeer-giacomo-1791-1864\\\/\"]}]},{\"@type\":\"ImageObject\",\"inLanguage\":\"es\",\"@id\":\"https:\\\/\\\/www.iemj.org\\\/es\\\/meyerbeer-giacomo-1791-1864\\\/#primaryimage\",\"url\":\"https:\\\/\\\/www.iemj.org\\\/wp-content\\\/uploads\\\/2019\\\/10\\\/logo-bio-Giacomo-Meyerbeer-nv-site-e1618410260725.jpg\",\"contentUrl\":\"https:\\\/\\\/www.iemj.org\\\/wp-content\\\/uploads\\\/2019\\\/10\\\/logo-bio-Giacomo-Meyerbeer-nv-site-e1618410260725.jpg\",\"width\":159,\"height\":218},{\"@type\":\"BreadcrumbList\",\"@id\":\"https:\\\/\\\/www.iemj.org\\\/es\\\/meyerbeer-giacomo-1791-1864\\\/#breadcrumb\",\"itemListElement\":[{\"@type\":\"ListItem\",\"position\":1,\"name\":\"Accueil\",\"item\":\"https:\\\/\\\/www.iemj.org\\\/es\\\/\"},{\"@type\":\"ListItem\",\"position\":2,\"name\":\"Meyerbeer, Giacomo (1791-1864)\"}]},{\"@type\":\"WebSite\",\"@id\":\"https:\\\/\\\/www.iemj.org\\\/es\\\/#website\",\"url\":\"https:\\\/\\\/www.iemj.org\\\/es\\\/\",\"name\":\"Institut Europ\u00e9en des Musiques Juives\",\"description\":\"Des traditions musicales \u00e0 la port\u00e9e de tous\",\"publisher\":{\"@id\":\"https:\\\/\\\/www.iemj.org\\\/es\\\/#organization\"},\"potentialAction\":[{\"@type\":\"SearchAction\",\"target\":{\"@type\":\"EntryPoint\",\"urlTemplate\":\"https:\\\/\\\/www.iemj.org\\\/es\\\/?s={search_term_string}\"},\"query-input\":{\"@type\":\"PropertyValueSpecification\",\"valueRequired\":true,\"valueName\":\"search_term_string\"}}],\"inLanguage\":\"es\"},{\"@type\":\"Organization\",\"@id\":\"https:\\\/\\\/www.iemj.org\\\/es\\\/#organization\",\"name\":\"Institut Europ\u00e9en des Musiques Juives\",\"url\":\"https:\\\/\\\/www.iemj.org\\\/es\\\/\",\"logo\":{\"@type\":\"ImageObject\",\"inLanguage\":\"es\",\"@id\":\"https:\\\/\\\/www.iemj.org\\\/es\\\/#\\\/schema\\\/logo\\\/image\\\/\",\"url\":\"https:\\\/\\\/www.iemj.org\\\/wp-content\\\/uploads\\\/2021\\\/09\\\/Logo-IEMJ-Paypal.jpg\",\"contentUrl\":\"https:\\\/\\\/www.iemj.org\\\/wp-content\\\/uploads\\\/2021\\\/09\\\/Logo-IEMJ-Paypal.jpg\",\"width\":150,\"height\":50,\"caption\":\"Institut Europ\u00e9en des Musiques Juives\"},\"image\":{\"@id\":\"https:\\\/\\\/www.iemj.org\\\/es\\\/#\\\/schema\\\/logo\\\/image\\\/\"},\"sameAs\":[\"https:\\\/\\\/www.facebook.com\\\/MusiquesJuives\\\/\",\"https:\\\/\\\/www.instagram.com\\\/musiquesjuives\\\/\",\"https:\\\/\\\/www.youtube.com\\\/user\\\/musiquesjuives\"]},{\"@type\":\"Person\",\"@id\":\"https:\\\/\\\/www.iemj.org\\\/es\\\/#\\\/schema\\\/person\\\/906134402c29d5c76e7b726261dd4bbd\",\"name\":\"Herv\u00e9 Roten\",\"image\":{\"@type\":\"ImageObject\",\"inLanguage\":\"es\",\"@id\":\"https:\\\/\\\/secure.gravatar.com\\\/avatar\\\/f96ad2db538a26481f18384936b5cd0610c92d390c4dc382209216d455f685ff?s=96&d=mm&r=g\",\"url\":\"https:\\\/\\\/secure.gravatar.com\\\/avatar\\\/f96ad2db538a26481f18384936b5cd0610c92d390c4dc382209216d455f685ff?s=96&d=mm&r=g\",\"contentUrl\":\"https:\\\/\\\/secure.gravatar.com\\\/avatar\\\/f96ad2db538a26481f18384936b5cd0610c92d390c4dc382209216d455f685ff?s=96&d=mm&r=g\",\"caption\":\"Herv\u00e9 Roten\"}}]}<\/script>\n<!-- \/ Yoast SEO plugin. -->","yoast_head_json":{"title":"Meyerbeer, Giacomo (1791-1864) - Institut Europ\u00e9en des Musiques Juives","robots":{"index":"index","follow":"follow","max-snippet":"max-snippet:-1","max-image-preview":"max-image-preview:large","max-video-preview":"max-video-preview:-1"},"canonical":"https:\/\/www.iemj.org\/es\/meyerbeer-giacomo-1791-1864\/","og_locale":"es_ES","og_type":"article","og_title":"Meyerbeer, Giacomo (1791-1864) - Institut Europ\u00e9en des Musiques Juives","og_description":"Giacomo Meyerbeer, cuyo verdadero nombre es Jakob Liebmann Meyer Beer, naci\u00f3 el 5 de septiembre de 1791 en Tasdorf, cerca de Berl\u00edn, en una familia jud\u00eda rica. Su padre, Juda","og_url":"https:\/\/www.iemj.org\/es\/meyerbeer-giacomo-1791-1864\/","og_site_name":"Institut Europ\u00e9en des Musiques Juives","article_publisher":"https:\/\/www.facebook.com\/MusiquesJuives\/","article_published_time":"2019-10-15T13:33:23+00:00","article_modified_time":"2025-09-10T08:27:50+00:00","og_image":[{"width":159,"height":218,"url":"https:\/\/www.iemj.org\/wp-content\/uploads\/2019\/10\/logo-bio-Giacomo-Meyerbeer-nv-site-e1618410260725.jpg","type":"image\/jpeg"}],"author":"Herv\u00e9 Roten","twitter_card":"summary_large_image","twitter_misc":{"Escrito por":"Herv\u00e9 Roten","Tiempo de lectura":"6 minutos"},"schema":{"@context":"https:\/\/schema.org","@graph":[{"@type":"Article","@id":"https:\/\/www.iemj.org\/es\/meyerbeer-giacomo-1791-1864\/#article","isPartOf":{"@id":"https:\/\/www.iemj.org\/es\/meyerbeer-giacomo-1791-1864\/"},"author":{"name":"Herv\u00e9 Roten","@id":"https:\/\/www.iemj.org\/es\/#\/schema\/person\/906134402c29d5c76e7b726261dd4bbd"},"headline":"Meyerbeer, Giacomo (1791-1864)","datePublished":"2019-10-15T13:33:23+00:00","dateModified":"2025-09-10T08:27:50+00:00","mainEntityOfPage":{"@id":"https:\/\/www.iemj.org\/es\/meyerbeer-giacomo-1791-1864\/"},"wordCount":987,"publisher":{"@id":"https:\/\/www.iemj.org\/es\/#organization"},"image":{"@id":"https:\/\/www.iemj.org\/es\/meyerbeer-giacomo-1791-1864\/#primaryimage"},"thumbnailUrl":"https:\/\/www.iemj.org\/wp-content\/uploads\/2019\/10\/logo-bio-Giacomo-Meyerbeer-nv-site-e1618410260725.jpg","articleSection":["Biograf\u00edas"],"inLanguage":"es"},{"@type":"WebPage","@id":"https:\/\/www.iemj.org\/es\/meyerbeer-giacomo-1791-1864\/","url":"https:\/\/www.iemj.org\/es\/meyerbeer-giacomo-1791-1864\/","name":"Meyerbeer, Giacomo (1791-1864) - Institut Europ\u00e9en des Musiques Juives","isPartOf":{"@id":"https:\/\/www.iemj.org\/es\/#website"},"primaryImageOfPage":{"@id":"https:\/\/www.iemj.org\/es\/meyerbeer-giacomo-1791-1864\/#primaryimage"},"image":{"@id":"https:\/\/www.iemj.org\/es\/meyerbeer-giacomo-1791-1864\/#primaryimage"},"thumbnailUrl":"https:\/\/www.iemj.org\/wp-content\/uploads\/2019\/10\/logo-bio-Giacomo-Meyerbeer-nv-site-e1618410260725.jpg","datePublished":"2019-10-15T13:33:23+00:00","dateModified":"2025-09-10T08:27:50+00:00","breadcrumb":{"@id":"https:\/\/www.iemj.org\/es\/meyerbeer-giacomo-1791-1864\/#breadcrumb"},"inLanguage":"es","potentialAction":[{"@type":"ReadAction","target":["https:\/\/www.iemj.org\/es\/meyerbeer-giacomo-1791-1864\/"]}]},{"@type":"ImageObject","inLanguage":"es","@id":"https:\/\/www.iemj.org\/es\/meyerbeer-giacomo-1791-1864\/#primaryimage","url":"https:\/\/www.iemj.org\/wp-content\/uploads\/2019\/10\/logo-bio-Giacomo-Meyerbeer-nv-site-e1618410260725.jpg","contentUrl":"https:\/\/www.iemj.org\/wp-content\/uploads\/2019\/10\/logo-bio-Giacomo-Meyerbeer-nv-site-e1618410260725.jpg","width":159,"height":218},{"@type":"BreadcrumbList","@id":"https:\/\/www.iemj.org\/es\/meyerbeer-giacomo-1791-1864\/#breadcrumb","itemListElement":[{"@type":"ListItem","position":1,"name":"Accueil","item":"https:\/\/www.iemj.org\/es\/"},{"@type":"ListItem","position":2,"name":"Meyerbeer, Giacomo (1791-1864)"}]},{"@type":"WebSite","@id":"https:\/\/www.iemj.org\/es\/#website","url":"https:\/\/www.iemj.org\/es\/","name":"Institut Europ\u00e9en des Musiques Juives","description":"Des traditions musicales \u00e0 la port\u00e9e de tous","publisher":{"@id":"https:\/\/www.iemj.org\/es\/#organization"},"potentialAction":[{"@type":"SearchAction","target":{"@type":"EntryPoint","urlTemplate":"https:\/\/www.iemj.org\/es\/?s={search_term_string}"},"query-input":{"@type":"PropertyValueSpecification","valueRequired":true,"valueName":"search_term_string"}}],"inLanguage":"es"},{"@type":"Organization","@id":"https:\/\/www.iemj.org\/es\/#organization","name":"Institut Europ\u00e9en des Musiques Juives","url":"https:\/\/www.iemj.org\/es\/","logo":{"@type":"ImageObject","inLanguage":"es","@id":"https:\/\/www.iemj.org\/es\/#\/schema\/logo\/image\/","url":"https:\/\/www.iemj.org\/wp-content\/uploads\/2021\/09\/Logo-IEMJ-Paypal.jpg","contentUrl":"https:\/\/www.iemj.org\/wp-content\/uploads\/2021\/09\/Logo-IEMJ-Paypal.jpg","width":150,"height":50,"caption":"Institut Europ\u00e9en des Musiques Juives"},"image":{"@id":"https:\/\/www.iemj.org\/es\/#\/schema\/logo\/image\/"},"sameAs":["https:\/\/www.facebook.com\/MusiquesJuives\/","https:\/\/www.instagram.com\/musiquesjuives\/","https:\/\/www.youtube.com\/user\/musiquesjuives"]},{"@type":"Person","@id":"https:\/\/www.iemj.org\/es\/#\/schema\/person\/906134402c29d5c76e7b726261dd4bbd","name":"Herv\u00e9 Roten","image":{"@type":"ImageObject","inLanguage":"es","@id":"https:\/\/secure.gravatar.com\/avatar\/f96ad2db538a26481f18384936b5cd0610c92d390c4dc382209216d455f685ff?s=96&d=mm&r=g","url":"https:\/\/secure.gravatar.com\/avatar\/f96ad2db538a26481f18384936b5cd0610c92d390c4dc382209216d455f685ff?s=96&d=mm&r=g","contentUrl":"https:\/\/secure.gravatar.com\/avatar\/f96ad2db538a26481f18384936b5cd0610c92d390c4dc382209216d455f685ff?s=96&d=mm&r=g","caption":"Herv\u00e9 Roten"}}]}},"_links":{"self":[{"href":"https:\/\/www.iemj.org\/es\/wp-json\/wp\/v2\/posts\/89225","targetHints":{"allow":["GET"]}}],"collection":[{"href":"https:\/\/www.iemj.org\/es\/wp-json\/wp\/v2\/posts"}],"about":[{"href":"https:\/\/www.iemj.org\/es\/wp-json\/wp\/v2\/types\/post"}],"author":[{"embeddable":true,"href":"https:\/\/www.iemj.org\/es\/wp-json\/wp\/v2\/users\/1045"}],"replies":[{"embeddable":true,"href":"https:\/\/www.iemj.org\/es\/wp-json\/wp\/v2\/comments?post=89225"}],"version-history":[{"count":0,"href":"https:\/\/www.iemj.org\/es\/wp-json\/wp\/v2\/posts\/89225\/revisions"}],"wp:featuredmedia":[{"embeddable":true,"href":"https:\/\/www.iemj.org\/es\/wp-json\/wp\/v2\/media\/89226"}],"wp:attachment":[{"href":"https:\/\/www.iemj.org\/es\/wp-json\/wp\/v2\/media?parent=89225"}],"wp:term":[{"taxonomy":"category","embeddable":true,"href":"https:\/\/www.iemj.org\/es\/wp-json\/wp\/v2\/categories?post=89225"},{"taxonomy":"post_tag","embeddable":true,"href":"https:\/\/www.iemj.org\/es\/wp-json\/wp\/v2\/tags?post=89225"},{"taxonomy":"technique","embeddable":true,"href":"https:\/\/www.iemj.org\/es\/wp-json\/wp\/v2\/technique?post=89225"},{"taxonomy":"squelettes","embeddable":true,"href":"https:\/\/www.iemj.org\/es\/wp-json\/wp\/v2\/squelettes?post=89225"},{"taxonomy":"sujet","embeddable":true,"href":"https:\/\/www.iemj.org\/es\/wp-json\/wp\/v2\/sujet?post=89225"},{"taxonomy":"formation","embeddable":true,"href":"https:\/\/www.iemj.org\/es\/wp-json\/wp\/v2\/formation?post=89225"},{"taxonomy":"genre","embeddable":true,"href":"https:\/\/www.iemj.org\/es\/wp-json\/wp\/v2\/genre?post=89225"},{"taxonomy":"fonds","embeddable":true,"href":"https:\/\/www.iemj.org\/es\/wp-json\/wp\/v2\/fonds?post=89225"},{"taxonomy":"tradition","embeddable":true,"href":"https:\/\/www.iemj.org\/es\/wp-json\/wp\/v2\/tradition?post=89225"},{"taxonomy":"type-de-contenu","embeddable":true,"href":"https:\/\/www.iemj.org\/es\/wp-json\/wp\/v2\/type-de-contenu?post=89225"},{"taxonomy":"interprete-compositeur","embeddable":true,"href":"https:\/\/www.iemj.org\/es\/wp-json\/wp\/v2\/interprete-compositeur?post=89225"},{"taxonomy":"frise","embeddable":true,"href":"https:\/\/www.iemj.org\/es\/wp-json\/wp\/v2\/frise?post=89225"},{"taxonomy":"type-devenement","embeddable":true,"href":"https:\/\/www.iemj.org\/es\/wp-json\/wp\/v2\/type-devenement?post=89225"},{"taxonomy":"tableaux-liens-externes","embeddable":true,"href":"https:\/\/www.iemj.org\/es\/wp-json\/wp\/v2\/tableaux-liens-externes?post=89225"}],"curies":[{"name":"wp","href":"https:\/\/api.w.org\/{rel}","templated":true}]}}