{"id":89268,"date":"2015-09-18T19:09:53","date_gmt":"2015-09-18T17:09:53","guid":{"rendered":"https:\/\/www.iemj.org\/sebban-zabulon-1911-1983\/"},"modified":"2022-10-27T11:48:26","modified_gmt":"2022-10-27T09:48:26","slug":"sebban-zabulon-1911-1983","status":"publish","type":"post","link":"https:\/\/www.iemj.org\/es\/sebban-zabulon-1911-1983\/","title":{"rendered":"Sebban, Zabulon (1911-1983)"},"content":{"rendered":"<p class=\"Standard\" style=\"text-align: justify;\"><span lang=\"ES\">Nacido el 11 de diciembre de 1911 en G\u00e9ryville, cerca de Oran (Argelia), Zabulon Sebban tuvo una vida completa. Con su esposa, Odette Rachel Cherqui, tuvo siete hijos y fue, durante m\u00e1s de treinta a\u00f1os, comerciante y empresario en Argel.<\/span><\/p>\n<p class=\"Standard\" style=\"text-align: justify;\"><span lang=\"ES\">Durante su adolescencia, suigi\u00f3 el Seminario rab\u00ednico \u201cEts Ha\u00efm\u201d de Argel, con condisc\u00edpulos los futuros grandes rabinos Meyer Ja\u00efs (Par\u00eds), y Simon Morali (Nancy y luego Niza). Gracias a sus maestros (el gran Rab\u00ed Dayan Isaac Hanoune, los grandes Rabinos Loufrani e Isaac Morali), hab\u00eda adquirido un conocimiento profundo de los textos y el gusto de los estudios.<\/span><\/p>\n<p><img fetchpriority=\"high\" decoding=\"async\" class=\" alignright  wp-image-7956\" src=\"https:\/\/www.iemj.org\/wp-content\/uploads\/2015\/09\/zabulon_sebban_rabbin_luneville_1961-redimensionne_petit.jpg\" alt=\"zabulon_sebban_rabbin_luneville_1961-redimensionne_petit.jpg\" width=\"222\" height=\"296\" align=\"right\" data-description=\"Zabulon Sebban- Lun\u00e9ville 1961\" srcset=\"https:\/\/www.iemj.org\/wp-content\/uploads\/2015\/09\/zabulon_sebban_rabbin_luneville_1961-redimensionne_petit.jpg 240w, https:\/\/www.iemj.org\/wp-content\/uploads\/2015\/09\/zabulon_sebban_rabbin_luneville_1961-redimensionne_petit-225x300.jpg 225w\" sizes=\"(max-width: 222px) 100vw, 222px\" \/><\/p>\n<p>Hazan voluntario de 1927 a 1961 en la Gran Sinagoga de Argel, y luego en la peque\u00f1a sinagoga de la calle Santa, dominaba la liturgia tradicional. Cantar compartir y ense\u00f1ar al mismo tiempo, era lo que hac\u00eda en particular, cuando expresaba, por el silencio o el ritmo, tal o cual palabra (hasta una s\u00edlaba) en una frase, que se mostraba especialmente importante para una mejor comprensi\u00f3n de la oraci\u00f3n. Su voz calma, c\u00e1lida y modulada, nos dejaba entrever los or\u00edgenes de las melod\u00edas: Espa\u00f1a, Portugal, Marruecos, Argel&#8230;<\/p>\n<p class=\"Standard\" style=\"text-align: justify;\"><span lang=\"ES\">Responsable de la coordinaci\u00f3n de los Talmud-Torah de Argel, amenazado por el FLN, tuvo que irse a Francia metropolitana para empezar una nueva vida. Sucesivamente, se convertir\u00e1 en ministro del Culto y Capell\u00e1n militar de las c\u00e1rceles en Lun\u00e9ville (1961 a 1970), luego en Antibes, y obtendr\u00e1 el puesto de Rab\u00ed en Dijon (1971 a 1978).<\/span><\/p>\n<p><a href=\"http:\/\/www.rachelnet.net\/F\/?func=direct&amp;local_base=CFMCG&amp;doc_number=000224578\"><img decoding=\"async\" class=\" alignleft  wp-image-7960\" src=\"https:\/\/www.iemj.org\/wp-content\/uploads\/2015\/09\/capture-19.jpg\" alt=\"capture-19.jpg\" width=\"325\" height=\"317\" align=\"left\" \/><\/a><\/p>\n<p class=\"Standard\" style=\"text-align: justify;\"><span lang=\"ES\">Los \u00faltimos a\u00f1os de su vida, estaba terminando un trabajo notable que fue objeto de un libro \u201cRimonim Ba-Pard\u00e8s\u201d, \u201cVerger des granad\u00e9s\u201d (Ediciones del Palio), abordando temas importantes de la cultura, de la filosof\u00eda, de la vida jud\u00eda. Este libro fue puesto en l\u00ednea por la Alianza Israelita Universal en la red de las bibliotecas Rachel.<\/span><\/p>\n<p class=\"Standard\" style=\"text-align: justify;\"><span lang=\"ES\">Los cantos consultables en esa biograf\u00eda fueron grabados en su hogar y dan testimonio de lo que le gustaba transmitir.<\/span><\/p>\n<p class=\"Standard\" style=\"text-align: justify;\"><span lang=\"ES\">Zabulon Sebban falleci\u00f3 en Par\u00eds el 13 de octubre de 1983. Est\u00e1 enterrado en Lun\u00e9ville, acompa\u00f1ado por su esposa en febrero de 1996.<\/span><\/p>\n<ul>\n<li><a href=\"https:\/\/www.iemj.org\/es\/le-chant-des-prieres-dans-le-rite-algerois\/\" target=\"_blank\" rel=\"noopener\">Escuchar la lista de reproducci\u00f3n: El canto de las oraciones en el rito argelino, interpretado por Zabulon Sebban<\/a><\/li>\n<li><a href=\"http:\/\/www.rachelnet.net\/media\/aiu\/livres\/FR_AIU_L_RQU1272.pdf\" target=\"_blank\" rel=\"noopener\">Consultar el libro Rimonim Ba-Pard\u00e8<\/a><\/li>\n<li><a href=\"http:\/\/www.rachelnet.net\/F\/?func=find-c&amp;ccl_term=WRD+%3D+La+vie+est+un+vaste+chant&amp;local_base=iemcg\" target=\"_blank\" rel=\"noopener\">Consultar el folleto del CD \u201cLa vie est un vaste chant\u201d<\/a><\/li>\n<li><a href=\"http:\/\/www.rachelnet.net\/F\/?func=find-c&amp;ccl_term=WRD+%3D+Zabulon+Sebban&amp;local_base=iemcg\" target=\"_blank\" rel=\"noopener\">Consultar nuestros archivos sobre Zabulon Sebban<\/a><\/li>\n<li><a href=\"https:\/\/www.iemj.org\/wp-content\/uploads\/2015\/09\/zabulon_sebban-chants_du_cd_499.pdf\" target=\"_blank\" rel=\"noopener\">M\u00e1s informaci\u00f3n sobre el CD : Recueil de chants h\u00e9bra\u00efques \u2013 La vie est un vaste chant<\/a><\/li>\n<\/ul>\n\n\n<p><\/p>\n","protected":false},"excerpt":{"rendered":"<p>Nacido el 11 de diciembre de 1911 en G\u00e9ryville, cerca de Oran (Argelia), Zabulon Sebban tuvo una vida completa. Con su esposa, Odette Rachel Cherqui, tuvo siete hijos y fue,<\/p>\n","protected":false},"author":1045,"featured_media":52494,"comment_status":"closed","ping_status":"open","sticky":false,"template":"","format":"standard","meta":{"_acf_changed":false,"footnotes":""},"categories":[1417],"tags":[],"technique":[],"squelettes":[],"sujet":[2094,1811],"formation":[],"genre":[1890],"fonds":[],"tradition":[1965],"type-de-contenu":[],"interprete-compositeur":[3314],"frise":[],"type-devenement":[],"tableaux-liens-externes":[],"class_list":["post-89268","post","type-post","status-publish","format-standard","has-post-thumbnail","hentry","category-biografias-es","sujet-acentos-biblicos-teamim-es","sujet-parachot-es","genre-liturgia-es","tradition-rito-sefardi-es","interprete-compositeur-zabulon-sebban-es"],"acf":[],"yoast_head":"<!-- This site is optimized with the Yoast SEO plugin v27.3 - https:\/\/yoast.com\/product\/yoast-seo-wordpress\/ -->\n<title>Sebban, Zabulon (1911-1983) - Institut Europ\u00e9en des Musiques Juives<\/title>\n<meta name=\"robots\" content=\"index, follow, max-snippet:-1, max-image-preview:large, max-video-preview:-1\" \/>\n<link rel=\"canonical\" href=\"https:\/\/www.iemj.org\/es\/sebban-zabulon-1911-1983\/\" \/>\n<meta property=\"og:locale\" content=\"es_ES\" \/>\n<meta property=\"og:type\" content=\"article\" \/>\n<meta property=\"og:title\" content=\"Sebban, Zabulon (1911-1983) - Institut Europ\u00e9en des Musiques Juives\" \/>\n<meta property=\"og:description\" content=\"Nacido el 11 de diciembre de 1911 en G\u00e9ryville, cerca de Oran (Argelia), Zabulon Sebban tuvo una vida completa. Con su esposa, Odette Rachel Cherqui, tuvo siete hijos y fue,\" \/>\n<meta property=\"og:url\" content=\"https:\/\/www.iemj.org\/es\/sebban-zabulon-1911-1983\/\" \/>\n<meta property=\"og:site_name\" content=\"Institut Europ\u00e9en des Musiques Juives\" \/>\n<meta property=\"article:publisher\" content=\"https:\/\/www.facebook.com\/MusiquesJuives\/\" \/>\n<meta property=\"article:published_time\" content=\"2015-09-18T17:09:53+00:00\" \/>\n<meta property=\"article:modified_time\" content=\"2022-10-27T09:48:26+00:00\" \/>\n<meta property=\"og:image\" content=\"https:\/\/www.iemj.org\/wp-content\/uploads\/2015\/09\/arton1125-e1625066451673.jpg\" \/>\n\t<meta property=\"og:image:width\" content=\"164\" \/>\n\t<meta property=\"og:image:height\" content=\"218\" \/>\n\t<meta property=\"og:image:type\" content=\"image\/jpeg\" \/>\n<meta name=\"author\" content=\"Herv\u00e9 Roten\" \/>\n<meta name=\"twitter:card\" content=\"summary_large_image\" \/>\n<meta name=\"twitter:label1\" content=\"Escrito por\" \/>\n\t<meta name=\"twitter:data1\" content=\"Herv\u00e9 Roten\" \/>\n\t<meta name=\"twitter:label2\" content=\"Tiempo de lectura\" \/>\n\t<meta name=\"twitter:data2\" content=\"3 minutos\" \/>\n<script type=\"application\/ld+json\" class=\"yoast-schema-graph\">{\"@context\":\"https:\\\/\\\/schema.org\",\"@graph\":[{\"@type\":\"Article\",\"@id\":\"https:\\\/\\\/www.iemj.org\\\/es\\\/sebban-zabulon-1911-1983\\\/#article\",\"isPartOf\":{\"@id\":\"https:\\\/\\\/www.iemj.org\\\/es\\\/sebban-zabulon-1911-1983\\\/\"},\"author\":{\"name\":\"Herv\u00e9 Roten\",\"@id\":\"https:\\\/\\\/www.iemj.org\\\/es\\\/#\\\/schema\\\/person\\\/906134402c29d5c76e7b726261dd4bbd\"},\"headline\":\"Sebban, Zabulon (1911-1983)\",\"datePublished\":\"2015-09-18T17:09:53+00:00\",\"dateModified\":\"2022-10-27T09:48:26+00:00\",\"mainEntityOfPage\":{\"@id\":\"https:\\\/\\\/www.iemj.org\\\/es\\\/sebban-zabulon-1911-1983\\\/\"},\"wordCount\":425,\"publisher\":{\"@id\":\"https:\\\/\\\/www.iemj.org\\\/es\\\/#organization\"},\"image\":{\"@id\":\"https:\\\/\\\/www.iemj.org\\\/es\\\/sebban-zabulon-1911-1983\\\/#primaryimage\"},\"thumbnailUrl\":\"https:\\\/\\\/www.iemj.org\\\/wp-content\\\/uploads\\\/2015\\\/09\\\/arton1125-e1625066451673.jpg\",\"articleSection\":[\"Biograf\u00edas\"],\"inLanguage\":\"es\"},{\"@type\":\"WebPage\",\"@id\":\"https:\\\/\\\/www.iemj.org\\\/es\\\/sebban-zabulon-1911-1983\\\/\",\"url\":\"https:\\\/\\\/www.iemj.org\\\/es\\\/sebban-zabulon-1911-1983\\\/\",\"name\":\"Sebban, Zabulon (1911-1983) - Institut Europ\u00e9en des Musiques Juives\",\"isPartOf\":{\"@id\":\"https:\\\/\\\/www.iemj.org\\\/es\\\/#website\"},\"primaryImageOfPage\":{\"@id\":\"https:\\\/\\\/www.iemj.org\\\/es\\\/sebban-zabulon-1911-1983\\\/#primaryimage\"},\"image\":{\"@id\":\"https:\\\/\\\/www.iemj.org\\\/es\\\/sebban-zabulon-1911-1983\\\/#primaryimage\"},\"thumbnailUrl\":\"https:\\\/\\\/www.iemj.org\\\/wp-content\\\/uploads\\\/2015\\\/09\\\/arton1125-e1625066451673.jpg\",\"datePublished\":\"2015-09-18T17:09:53+00:00\",\"dateModified\":\"2022-10-27T09:48:26+00:00\",\"breadcrumb\":{\"@id\":\"https:\\\/\\\/www.iemj.org\\\/es\\\/sebban-zabulon-1911-1983\\\/#breadcrumb\"},\"inLanguage\":\"es\",\"potentialAction\":[{\"@type\":\"ReadAction\",\"target\":[\"https:\\\/\\\/www.iemj.org\\\/es\\\/sebban-zabulon-1911-1983\\\/\"]}]},{\"@type\":\"ImageObject\",\"inLanguage\":\"es\",\"@id\":\"https:\\\/\\\/www.iemj.org\\\/es\\\/sebban-zabulon-1911-1983\\\/#primaryimage\",\"url\":\"https:\\\/\\\/www.iemj.org\\\/wp-content\\\/uploads\\\/2015\\\/09\\\/arton1125-e1625066451673.jpg\",\"contentUrl\":\"https:\\\/\\\/www.iemj.org\\\/wp-content\\\/uploads\\\/2015\\\/09\\\/arton1125-e1625066451673.jpg\",\"width\":164,\"height\":218},{\"@type\":\"BreadcrumbList\",\"@id\":\"https:\\\/\\\/www.iemj.org\\\/es\\\/sebban-zabulon-1911-1983\\\/#breadcrumb\",\"itemListElement\":[{\"@type\":\"ListItem\",\"position\":1,\"name\":\"Accueil\",\"item\":\"https:\\\/\\\/www.iemj.org\\\/es\\\/\"},{\"@type\":\"ListItem\",\"position\":2,\"name\":\"Sebban, Zabulon (1911-1983)\"}]},{\"@type\":\"WebSite\",\"@id\":\"https:\\\/\\\/www.iemj.org\\\/es\\\/#website\",\"url\":\"https:\\\/\\\/www.iemj.org\\\/es\\\/\",\"name\":\"Institut Europ\u00e9en des Musiques Juives\",\"description\":\"Des traditions musicales \u00e0 la port\u00e9e de tous\",\"publisher\":{\"@id\":\"https:\\\/\\\/www.iemj.org\\\/es\\\/#organization\"},\"potentialAction\":[{\"@type\":\"SearchAction\",\"target\":{\"@type\":\"EntryPoint\",\"urlTemplate\":\"https:\\\/\\\/www.iemj.org\\\/es\\\/?s={search_term_string}\"},\"query-input\":{\"@type\":\"PropertyValueSpecification\",\"valueRequired\":true,\"valueName\":\"search_term_string\"}}],\"inLanguage\":\"es\"},{\"@type\":\"Organization\",\"@id\":\"https:\\\/\\\/www.iemj.org\\\/es\\\/#organization\",\"name\":\"Institut Europ\u00e9en des Musiques Juives\",\"url\":\"https:\\\/\\\/www.iemj.org\\\/es\\\/\",\"logo\":{\"@type\":\"ImageObject\",\"inLanguage\":\"es\",\"@id\":\"https:\\\/\\\/www.iemj.org\\\/es\\\/#\\\/schema\\\/logo\\\/image\\\/\",\"url\":\"https:\\\/\\\/www.iemj.org\\\/wp-content\\\/uploads\\\/2021\\\/09\\\/Logo-IEMJ-Paypal.jpg\",\"contentUrl\":\"https:\\\/\\\/www.iemj.org\\\/wp-content\\\/uploads\\\/2021\\\/09\\\/Logo-IEMJ-Paypal.jpg\",\"width\":150,\"height\":50,\"caption\":\"Institut Europ\u00e9en des Musiques Juives\"},\"image\":{\"@id\":\"https:\\\/\\\/www.iemj.org\\\/es\\\/#\\\/schema\\\/logo\\\/image\\\/\"},\"sameAs\":[\"https:\\\/\\\/www.facebook.com\\\/MusiquesJuives\\\/\",\"https:\\\/\\\/www.instagram.com\\\/musiquesjuives\\\/\",\"https:\\\/\\\/www.youtube.com\\\/user\\\/musiquesjuives\"]},{\"@type\":\"Person\",\"@id\":\"https:\\\/\\\/www.iemj.org\\\/es\\\/#\\\/schema\\\/person\\\/906134402c29d5c76e7b726261dd4bbd\",\"name\":\"Herv\u00e9 Roten\",\"image\":{\"@type\":\"ImageObject\",\"inLanguage\":\"es\",\"@id\":\"https:\\\/\\\/secure.gravatar.com\\\/avatar\\\/f96ad2db538a26481f18384936b5cd0610c92d390c4dc382209216d455f685ff?s=96&d=mm&r=g\",\"url\":\"https:\\\/\\\/secure.gravatar.com\\\/avatar\\\/f96ad2db538a26481f18384936b5cd0610c92d390c4dc382209216d455f685ff?s=96&d=mm&r=g\",\"contentUrl\":\"https:\\\/\\\/secure.gravatar.com\\\/avatar\\\/f96ad2db538a26481f18384936b5cd0610c92d390c4dc382209216d455f685ff?s=96&d=mm&r=g\",\"caption\":\"Herv\u00e9 Roten\"}}]}<\/script>\n<!-- \/ Yoast SEO plugin. -->","yoast_head_json":{"title":"Sebban, Zabulon (1911-1983) - Institut Europ\u00e9en des Musiques Juives","robots":{"index":"index","follow":"follow","max-snippet":"max-snippet:-1","max-image-preview":"max-image-preview:large","max-video-preview":"max-video-preview:-1"},"canonical":"https:\/\/www.iemj.org\/es\/sebban-zabulon-1911-1983\/","og_locale":"es_ES","og_type":"article","og_title":"Sebban, Zabulon (1911-1983) - Institut Europ\u00e9en des Musiques Juives","og_description":"Nacido el 11 de diciembre de 1911 en G\u00e9ryville, cerca de Oran (Argelia), Zabulon Sebban tuvo una vida completa. Con su esposa, Odette Rachel Cherqui, tuvo siete hijos y fue,","og_url":"https:\/\/www.iemj.org\/es\/sebban-zabulon-1911-1983\/","og_site_name":"Institut Europ\u00e9en des Musiques Juives","article_publisher":"https:\/\/www.facebook.com\/MusiquesJuives\/","article_published_time":"2015-09-18T17:09:53+00:00","article_modified_time":"2022-10-27T09:48:26+00:00","og_image":[{"width":164,"height":218,"url":"https:\/\/www.iemj.org\/wp-content\/uploads\/2015\/09\/arton1125-e1625066451673.jpg","type":"image\/jpeg"}],"author":"Herv\u00e9 Roten","twitter_card":"summary_large_image","twitter_misc":{"Escrito por":"Herv\u00e9 Roten","Tiempo de lectura":"3 minutos"},"schema":{"@context":"https:\/\/schema.org","@graph":[{"@type":"Article","@id":"https:\/\/www.iemj.org\/es\/sebban-zabulon-1911-1983\/#article","isPartOf":{"@id":"https:\/\/www.iemj.org\/es\/sebban-zabulon-1911-1983\/"},"author":{"name":"Herv\u00e9 Roten","@id":"https:\/\/www.iemj.org\/es\/#\/schema\/person\/906134402c29d5c76e7b726261dd4bbd"},"headline":"Sebban, Zabulon (1911-1983)","datePublished":"2015-09-18T17:09:53+00:00","dateModified":"2022-10-27T09:48:26+00:00","mainEntityOfPage":{"@id":"https:\/\/www.iemj.org\/es\/sebban-zabulon-1911-1983\/"},"wordCount":425,"publisher":{"@id":"https:\/\/www.iemj.org\/es\/#organization"},"image":{"@id":"https:\/\/www.iemj.org\/es\/sebban-zabulon-1911-1983\/#primaryimage"},"thumbnailUrl":"https:\/\/www.iemj.org\/wp-content\/uploads\/2015\/09\/arton1125-e1625066451673.jpg","articleSection":["Biograf\u00edas"],"inLanguage":"es"},{"@type":"WebPage","@id":"https:\/\/www.iemj.org\/es\/sebban-zabulon-1911-1983\/","url":"https:\/\/www.iemj.org\/es\/sebban-zabulon-1911-1983\/","name":"Sebban, Zabulon (1911-1983) - Institut Europ\u00e9en des Musiques Juives","isPartOf":{"@id":"https:\/\/www.iemj.org\/es\/#website"},"primaryImageOfPage":{"@id":"https:\/\/www.iemj.org\/es\/sebban-zabulon-1911-1983\/#primaryimage"},"image":{"@id":"https:\/\/www.iemj.org\/es\/sebban-zabulon-1911-1983\/#primaryimage"},"thumbnailUrl":"https:\/\/www.iemj.org\/wp-content\/uploads\/2015\/09\/arton1125-e1625066451673.jpg","datePublished":"2015-09-18T17:09:53+00:00","dateModified":"2022-10-27T09:48:26+00:00","breadcrumb":{"@id":"https:\/\/www.iemj.org\/es\/sebban-zabulon-1911-1983\/#breadcrumb"},"inLanguage":"es","potentialAction":[{"@type":"ReadAction","target":["https:\/\/www.iemj.org\/es\/sebban-zabulon-1911-1983\/"]}]},{"@type":"ImageObject","inLanguage":"es","@id":"https:\/\/www.iemj.org\/es\/sebban-zabulon-1911-1983\/#primaryimage","url":"https:\/\/www.iemj.org\/wp-content\/uploads\/2015\/09\/arton1125-e1625066451673.jpg","contentUrl":"https:\/\/www.iemj.org\/wp-content\/uploads\/2015\/09\/arton1125-e1625066451673.jpg","width":164,"height":218},{"@type":"BreadcrumbList","@id":"https:\/\/www.iemj.org\/es\/sebban-zabulon-1911-1983\/#breadcrumb","itemListElement":[{"@type":"ListItem","position":1,"name":"Accueil","item":"https:\/\/www.iemj.org\/es\/"},{"@type":"ListItem","position":2,"name":"Sebban, Zabulon (1911-1983)"}]},{"@type":"WebSite","@id":"https:\/\/www.iemj.org\/es\/#website","url":"https:\/\/www.iemj.org\/es\/","name":"Institut Europ\u00e9en des Musiques Juives","description":"Des traditions musicales \u00e0 la port\u00e9e de tous","publisher":{"@id":"https:\/\/www.iemj.org\/es\/#organization"},"potentialAction":[{"@type":"SearchAction","target":{"@type":"EntryPoint","urlTemplate":"https:\/\/www.iemj.org\/es\/?s={search_term_string}"},"query-input":{"@type":"PropertyValueSpecification","valueRequired":true,"valueName":"search_term_string"}}],"inLanguage":"es"},{"@type":"Organization","@id":"https:\/\/www.iemj.org\/es\/#organization","name":"Institut Europ\u00e9en des Musiques Juives","url":"https:\/\/www.iemj.org\/es\/","logo":{"@type":"ImageObject","inLanguage":"es","@id":"https:\/\/www.iemj.org\/es\/#\/schema\/logo\/image\/","url":"https:\/\/www.iemj.org\/wp-content\/uploads\/2021\/09\/Logo-IEMJ-Paypal.jpg","contentUrl":"https:\/\/www.iemj.org\/wp-content\/uploads\/2021\/09\/Logo-IEMJ-Paypal.jpg","width":150,"height":50,"caption":"Institut Europ\u00e9en des Musiques Juives"},"image":{"@id":"https:\/\/www.iemj.org\/es\/#\/schema\/logo\/image\/"},"sameAs":["https:\/\/www.facebook.com\/MusiquesJuives\/","https:\/\/www.instagram.com\/musiquesjuives\/","https:\/\/www.youtube.com\/user\/musiquesjuives"]},{"@type":"Person","@id":"https:\/\/www.iemj.org\/es\/#\/schema\/person\/906134402c29d5c76e7b726261dd4bbd","name":"Herv\u00e9 Roten","image":{"@type":"ImageObject","inLanguage":"es","@id":"https:\/\/secure.gravatar.com\/avatar\/f96ad2db538a26481f18384936b5cd0610c92d390c4dc382209216d455f685ff?s=96&d=mm&r=g","url":"https:\/\/secure.gravatar.com\/avatar\/f96ad2db538a26481f18384936b5cd0610c92d390c4dc382209216d455f685ff?s=96&d=mm&r=g","contentUrl":"https:\/\/secure.gravatar.com\/avatar\/f96ad2db538a26481f18384936b5cd0610c92d390c4dc382209216d455f685ff?s=96&d=mm&r=g","caption":"Herv\u00e9 Roten"}}]}},"_links":{"self":[{"href":"https:\/\/www.iemj.org\/es\/wp-json\/wp\/v2\/posts\/89268","targetHints":{"allow":["GET"]}}],"collection":[{"href":"https:\/\/www.iemj.org\/es\/wp-json\/wp\/v2\/posts"}],"about":[{"href":"https:\/\/www.iemj.org\/es\/wp-json\/wp\/v2\/types\/post"}],"author":[{"embeddable":true,"href":"https:\/\/www.iemj.org\/es\/wp-json\/wp\/v2\/users\/1045"}],"replies":[{"embeddable":true,"href":"https:\/\/www.iemj.org\/es\/wp-json\/wp\/v2\/comments?post=89268"}],"version-history":[{"count":0,"href":"https:\/\/www.iemj.org\/es\/wp-json\/wp\/v2\/posts\/89268\/revisions"}],"wp:featuredmedia":[{"embeddable":true,"href":"https:\/\/www.iemj.org\/es\/wp-json\/wp\/v2\/media\/52494"}],"wp:attachment":[{"href":"https:\/\/www.iemj.org\/es\/wp-json\/wp\/v2\/media?parent=89268"}],"wp:term":[{"taxonomy":"category","embeddable":true,"href":"https:\/\/www.iemj.org\/es\/wp-json\/wp\/v2\/categories?post=89268"},{"taxonomy":"post_tag","embeddable":true,"href":"https:\/\/www.iemj.org\/es\/wp-json\/wp\/v2\/tags?post=89268"},{"taxonomy":"technique","embeddable":true,"href":"https:\/\/www.iemj.org\/es\/wp-json\/wp\/v2\/technique?post=89268"},{"taxonomy":"squelettes","embeddable":true,"href":"https:\/\/www.iemj.org\/es\/wp-json\/wp\/v2\/squelettes?post=89268"},{"taxonomy":"sujet","embeddable":true,"href":"https:\/\/www.iemj.org\/es\/wp-json\/wp\/v2\/sujet?post=89268"},{"taxonomy":"formation","embeddable":true,"href":"https:\/\/www.iemj.org\/es\/wp-json\/wp\/v2\/formation?post=89268"},{"taxonomy":"genre","embeddable":true,"href":"https:\/\/www.iemj.org\/es\/wp-json\/wp\/v2\/genre?post=89268"},{"taxonomy":"fonds","embeddable":true,"href":"https:\/\/www.iemj.org\/es\/wp-json\/wp\/v2\/fonds?post=89268"},{"taxonomy":"tradition","embeddable":true,"href":"https:\/\/www.iemj.org\/es\/wp-json\/wp\/v2\/tradition?post=89268"},{"taxonomy":"type-de-contenu","embeddable":true,"href":"https:\/\/www.iemj.org\/es\/wp-json\/wp\/v2\/type-de-contenu?post=89268"},{"taxonomy":"interprete-compositeur","embeddable":true,"href":"https:\/\/www.iemj.org\/es\/wp-json\/wp\/v2\/interprete-compositeur?post=89268"},{"taxonomy":"frise","embeddable":true,"href":"https:\/\/www.iemj.org\/es\/wp-json\/wp\/v2\/frise?post=89268"},{"taxonomy":"type-devenement","embeddable":true,"href":"https:\/\/www.iemj.org\/es\/wp-json\/wp\/v2\/type-devenement?post=89268"},{"taxonomy":"tableaux-liens-externes","embeddable":true,"href":"https:\/\/www.iemj.org\/es\/wp-json\/wp\/v2\/tableaux-liens-externes?post=89268"}],"curies":[{"name":"wp","href":"https:\/\/api.w.org\/{rel}","templated":true}]}}