{"id":89287,"date":"2016-09-20T17:58:27","date_gmt":"2016-09-20T15:58:27","guid":{"rendered":"https:\/\/www.iemj.org\/schonberg-arnold-1874-1951\/"},"modified":"2025-03-24T11:21:53","modified_gmt":"2025-03-24T10:21:53","slug":"schonberg-arnold-1874-1951","status":"publish","type":"post","link":"https:\/\/www.iemj.org\/es\/schonberg-arnold-1874-1951\/","title":{"rendered":"Sch\u00f6nberg, Arnold (1874-1951)"},"content":{"rendered":"<p>M\u00fasico, pintor y teorista genial, Arnold Sch\u00f6nberg \u2013 o Schoenberg \u2013 naci\u00f3 el 13 de septiembre de 1874 en Viena, y falleci\u00f3 el 13 de julio de 1951 en Los Angeles (Estados Unidos).<\/p>\n<p>Autodidacta (s\u00f3lo recibi\u00f3 lecciones de contrapunto de Alexander von Zemlinsky), fund\u00f3 con sus alumnos Alban Berg y Anton Webern la segunda escuela de Viena, antes de instalarse en Berl\u00edn para ense\u00f1ar m\u00fasica. Pedagogo y teorista de renombre mundial, Sch\u00f6nberg tambi\u00e9n tuvo como alumnos Hanns Eisler, Egon Wellesz, Otto Klemperer, Theodor Adorno, Viktor Ullmann, Winfried Zillig, Max Deutsch, Ren\u00e9 Leibowitz, Nikos Skalkottas, Josef Rufer, Roberto Gerhard y John Cage.<\/p>\n<p>Dos siglos despu\u00e9s de Jean-S\u00e9bastien Bach y Jean-Philippe Rameau, que ya hab\u00edan sentado los cimientos de la m\u00fasica tonal, Arnold Sch\u00f6nberg emancip\u00f3 la m\u00fasica de la tonalidad e invent\u00f3 el dodecafonismo, una t\u00e9cnica de composici\u00f3n musical basada en el uso de doce notas de la gama crom\u00e1tica (do, do #, re, re#\u2026 si), de manera no jer\u00e1rquica.<\/p>\n<p>El dodecafonismo, teorizado, y desarrollado por Sch\u00f6nberg a partir del 1923, dar\u00e1 luz a la m\u00fasica serial. La serie dodecaf\u00f3nica fue entonces concebida como una sucesi\u00f3n permitiendo la escucha de cada uno de los doce sonidos, sin que ninguno se repita. El orden establecido as\u00ed forma una serie inmutable de intervalos, que sostiene todo el desarrollo de la obra.<\/p>\n<p>La serie, creada de esta manera, puede presentarse bajo distintas formas:<\/p>\n<ul>\n<li>\u2022 en su forma original (Grundgestalt) llamada tambi\u00e9n forma recta<br \/>\n\u2022 en recurrencia (la serie empieza por el fialn) llamada tambi\u00e9n forma retr\u00f3grada<br \/>\n\u2022 en sentido contrario (se imitan todos los intervalos en movimiento contrario, es decir que un intervalo descendiente se vuelve ascendente y viceversa) llamada tambi\u00e9n forma espejo<br \/>\n\u2022 en recurrencia del sentido contrario llamada tambi\u00e9n forma espejo retr\u00f3grada<br \/>\nEstas cuatro formas pueden transportarse a los doce sonidos de la gama crom\u00e1tica, lo que crea 4 x 12, es decir 48 series utilizables por el material compositivo a partir de una misma estructura original.<\/li>\n<\/ul>\n<p><a href=\"https:\/\/es.wikipedia.org\/wiki\/Arnold_Sch%C3%B6nberg\" target=\"_blank\" rel=\"noopener\">M\u00e1s informaci\u00f3n<\/a><\/p>\n<p><strong>SCHONBERG ET LE JUDAISME<\/strong><br \/>\nFragmento del art\u00edculo \u00ab Sch\u00f6nberg ou le juda\u00efsme du remord \u00bb, Revista Esprit nomade, M\u00fasica cl\u00e1sica.<\/p>\n<p>Despu\u00e9s de haberse convertido, como Mahler, para escapar al antisemitismo furioso de Austria y con la esperanza de integrarse mejor en la sociedad vienesa, Sch\u00f6nberg buscar\u00e1 su identidad y Dios. En 1923, Sch\u00f6nberg estaba pensando sobre el juda\u00edsmo. Por cierto, al mes de agosto de 1924, su segundo matrimonio ser\u00e1 bendecido, cas\u00e1ndose con Gertrud Kolisch, la hermana de uno de sus alumnos, par el pastor del templo luterano de M\u00f6dling. Pero su desarrollo interno lo llev\u00f3, en 1927, a redactar una tragedia: Le chemin biblique. Se qued\u00f3 inedito, y se presentar\u00e1 por primera vez con ocasi\u00f3n de Wiener Festwochen de la primavera de 2001.<\/p>\n<p>Cuando emigr\u00f3, Sch\u00f6nberg se fue a Paris. El 30 de julio de 1933, all\u00ed se reintegr\u00f3 en la religi\u00f3n jud\u00eda de manera solemne. El documento rab\u00ednico acreditativo de ese proceso, y presentado en el Palacio Fanto, lleva la firma de un testigo prestigioso: Marc Chagall.<\/p>\n<p>Por lo tanto, una espiritualidad ampliada domin\u00f3 su trabajo creativo:<br \/>\n&#8211;<\/p>\n<p>Por lo tanto, una espiritualidad ampliada domin\u00f3 su trabajo creativo:<br \/>\n\u2013 1938: composici\u00f3n de un Kol Nidre, encargado por un rabino de Los Angeles.<br \/>\n\u2013 1942: Oda a Napole\u00f3n, basado en un texto de Byron texto agresivo contra Hitler<br \/>\n\u2013 1947: visita de un superviviente del gueto de Varsovia. Su conversaci\u00f3n con este hombre generar\u00e1 la escritura de Un superviviente de Varsovia.<br \/>\nEsa contribuci\u00f3n de Sch\u00f6nberg a la lucha contra todas las formas de tiran\u00eda va acompa\u00f1ada de un inter\u00e9s importante por la creaci\u00f3n del Estado de Israel.<br \/>\n\u2013 1950: empez\u00f3 la redacci\u00f3n de Salmos modernos, une serie de diecis\u00e9is poemas con un contenido filos\u00f3fico expresando \u00ablos problemas religiosos de nuestros contempor\u00e1neos\u00bb. A causa de su muerte, el trabajo quedar\u00e1 inacabada.<br \/>\nComo quedar\u00e1 eternamente incompleta la \u00f3pera Moises y Aaron, y el oratorio L\u2019\u00c9chelle de Jacob por los cuales trabaj\u00f3, en discontinuo, de 1915 a 1944.<\/p>\n<p>Sch\u00f6nberg permaneci\u00f3, a lo largo de toda su vida, un hombre dividido entre fe y religi\u00f3n a pesar de su inconformismo declarado. Fue un fiel a los mandatos y a la ley de la Biblia. Su m\u00fasica necesita un orden superior y est\u00e1 llena de tradiciones, de l\u00edmites morales et f\u00edsicos con sus propios mandatos creativos que podemos comparar con los diez mandamientos (interdicci\u00f3n de repetici\u00f3n, interdicci\u00f3n de apuntar por otro lado sino en la serie impuesta, contrapunto exacerbado, creaci\u00f3n a partir de una arcilla casi \u00fanica: la serie y que se extiende de manera arborescente\u2026).<\/p>\n<p><a href=\"https:\/\/www.iemj.org\/es\/loeuvre-juive-darnold-schonberg\/\" target=\"_blank\" rel=\"noopener\">Escuchar el programa de radio L\u2019oeuvre juive de Sch\u00f6nberg, producido y presentado por Herv\u00e9 Roten, y con Danielle Cohen-Levinas como invitada.<\/a><\/p>\n<p><a href=\"http:\/\/www.rachelnet.net\/F\/5M7FAAL74I6NBRJQT2JKBHHIMCD9TNLNHBGNE9JVQ3I2EXIP1B-01364?func=find-c&amp;ccl_term=WRD+%3D+Arnold+ET+WRD+%3D+Schoenberg+OU+WRD+%3D+Sch%C3%B6nberg+SAUF+WRD+%3D+Schoenberg%2C+J.+SAUF+WRD+%3D+Schoenberg%2C+I.+SAUF+WRD+%3D+Shenhar%2C+Yitzhak+%281902-1957%29+SAUF+WRD+%3D+%D7%A9%D7%A0%D7%94%D7%A8%2C+%D7%99%D7%A6%D7%97%D7%A7&amp;local_base=iemcg\" target=\"_blank\" rel=\"noopener\">Consultar nuestros archivos sobre Arnold Sch\u00f6nberg<\/a><\/p>\n","protected":false},"excerpt":{"rendered":"<p>M\u00fasico, pintor y teorista genial, Arnold Sch\u00f6nberg \u2013 o Schoenberg \u2013 naci\u00f3 el 13 de septiembre de 1874 en Viena, y falleci\u00f3 el 13 de julio de 1951 en Los<\/p>\n","protected":false},"author":1045,"featured_media":52482,"comment_status":"closed","ping_status":"closed","sticky":false,"template":"","format":"standard","meta":{"_acf_changed":false,"footnotes":""},"categories":[1417],"tags":[],"technique":[],"squelettes":[],"sujet":[],"formation":[],"genre":[],"fonds":[],"tradition":[],"type-de-contenu":[],"interprete-compositeur":[3089],"frise":[],"type-devenement":[],"tableaux-liens-externes":[],"class_list":["post-89287","post","type-post","status-publish","format-standard","has-post-thumbnail","hentry","category-biografias-es","interprete-compositeur-arnold-schonberg-es"],"acf":[],"yoast_head":"<!-- This site is optimized with the Yoast SEO plugin v27.3 - https:\/\/yoast.com\/product\/yoast-seo-wordpress\/ -->\n<title>Sch\u00f6nberg, Arnold (1874-1951) - Institut Europ\u00e9en des Musiques Juives<\/title>\n<meta name=\"robots\" content=\"index, follow, max-snippet:-1, max-image-preview:large, max-video-preview:-1\" \/>\n<link rel=\"canonical\" href=\"https:\/\/www.iemj.org\/es\/schonberg-arnold-1874-1951\/\" \/>\n<meta property=\"og:locale\" content=\"es_ES\" \/>\n<meta property=\"og:type\" content=\"article\" \/>\n<meta property=\"og:title\" content=\"Sch\u00f6nberg, Arnold (1874-1951) - Institut Europ\u00e9en des Musiques Juives\" \/>\n<meta property=\"og:description\" content=\"M\u00fasico, pintor y teorista genial, Arnold Sch\u00f6nberg \u2013 o Schoenberg \u2013 naci\u00f3 el 13 de septiembre de 1874 en Viena, y falleci\u00f3 el 13 de julio de 1951 en Los\" \/>\n<meta property=\"og:url\" content=\"https:\/\/www.iemj.org\/es\/schonberg-arnold-1874-1951\/\" \/>\n<meta property=\"og:site_name\" content=\"Institut Europ\u00e9en des Musiques Juives\" \/>\n<meta property=\"article:publisher\" content=\"https:\/\/www.facebook.com\/MusiquesJuives\/\" \/>\n<meta property=\"article:published_time\" content=\"2016-09-20T15:58:27+00:00\" \/>\n<meta property=\"article:modified_time\" content=\"2025-03-24T10:21:53+00:00\" \/>\n<meta property=\"og:image\" content=\"https:\/\/www.iemj.org\/wp-content\/uploads\/2016\/09\/arton1857-e1625065862694.jpg\" \/>\n\t<meta property=\"og:image:width\" content=\"173\" \/>\n\t<meta property=\"og:image:height\" content=\"218\" \/>\n\t<meta property=\"og:image:type\" content=\"image\/jpeg\" \/>\n<meta name=\"author\" content=\"Herv\u00e9 Roten\" \/>\n<meta name=\"twitter:card\" content=\"summary_large_image\" \/>\n<meta name=\"twitter:label1\" content=\"Escrito por\" \/>\n\t<meta name=\"twitter:data1\" content=\"Herv\u00e9 Roten\" \/>\n\t<meta name=\"twitter:label2\" content=\"Tiempo de lectura\" \/>\n\t<meta name=\"twitter:data2\" content=\"5 minutos\" \/>\n<script type=\"application\/ld+json\" class=\"yoast-schema-graph\">{\"@context\":\"https:\\\/\\\/schema.org\",\"@graph\":[{\"@type\":\"Article\",\"@id\":\"https:\\\/\\\/www.iemj.org\\\/es\\\/schonberg-arnold-1874-1951\\\/#article\",\"isPartOf\":{\"@id\":\"https:\\\/\\\/www.iemj.org\\\/es\\\/schonberg-arnold-1874-1951\\\/\"},\"author\":{\"name\":\"Herv\u00e9 Roten\",\"@id\":\"https:\\\/\\\/www.iemj.org\\\/es\\\/#\\\/schema\\\/person\\\/906134402c29d5c76e7b726261dd4bbd\"},\"headline\":\"Sch\u00f6nberg, Arnold (1874-1951)\",\"datePublished\":\"2016-09-20T15:58:27+00:00\",\"dateModified\":\"2025-03-24T10:21:53+00:00\",\"mainEntityOfPage\":{\"@id\":\"https:\\\/\\\/www.iemj.org\\\/es\\\/schonberg-arnold-1874-1951\\\/\"},\"wordCount\":819,\"publisher\":{\"@id\":\"https:\\\/\\\/www.iemj.org\\\/es\\\/#organization\"},\"image\":{\"@id\":\"https:\\\/\\\/www.iemj.org\\\/es\\\/schonberg-arnold-1874-1951\\\/#primaryimage\"},\"thumbnailUrl\":\"https:\\\/\\\/www.iemj.org\\\/wp-content\\\/uploads\\\/2016\\\/09\\\/arton1857-e1625065862694.jpg\",\"articleSection\":[\"Biograf\u00edas\"],\"inLanguage\":\"es\"},{\"@type\":\"WebPage\",\"@id\":\"https:\\\/\\\/www.iemj.org\\\/es\\\/schonberg-arnold-1874-1951\\\/\",\"url\":\"https:\\\/\\\/www.iemj.org\\\/es\\\/schonberg-arnold-1874-1951\\\/\",\"name\":\"Sch\u00f6nberg, Arnold (1874-1951) - Institut Europ\u00e9en des Musiques Juives\",\"isPartOf\":{\"@id\":\"https:\\\/\\\/www.iemj.org\\\/es\\\/#website\"},\"primaryImageOfPage\":{\"@id\":\"https:\\\/\\\/www.iemj.org\\\/es\\\/schonberg-arnold-1874-1951\\\/#primaryimage\"},\"image\":{\"@id\":\"https:\\\/\\\/www.iemj.org\\\/es\\\/schonberg-arnold-1874-1951\\\/#primaryimage\"},\"thumbnailUrl\":\"https:\\\/\\\/www.iemj.org\\\/wp-content\\\/uploads\\\/2016\\\/09\\\/arton1857-e1625065862694.jpg\",\"datePublished\":\"2016-09-20T15:58:27+00:00\",\"dateModified\":\"2025-03-24T10:21:53+00:00\",\"breadcrumb\":{\"@id\":\"https:\\\/\\\/www.iemj.org\\\/es\\\/schonberg-arnold-1874-1951\\\/#breadcrumb\"},\"inLanguage\":\"es\",\"potentialAction\":[{\"@type\":\"ReadAction\",\"target\":[\"https:\\\/\\\/www.iemj.org\\\/es\\\/schonberg-arnold-1874-1951\\\/\"]}]},{\"@type\":\"ImageObject\",\"inLanguage\":\"es\",\"@id\":\"https:\\\/\\\/www.iemj.org\\\/es\\\/schonberg-arnold-1874-1951\\\/#primaryimage\",\"url\":\"https:\\\/\\\/www.iemj.org\\\/wp-content\\\/uploads\\\/2016\\\/09\\\/arton1857-e1625065862694.jpg\",\"contentUrl\":\"https:\\\/\\\/www.iemj.org\\\/wp-content\\\/uploads\\\/2016\\\/09\\\/arton1857-e1625065862694.jpg\",\"width\":173,\"height\":218},{\"@type\":\"BreadcrumbList\",\"@id\":\"https:\\\/\\\/www.iemj.org\\\/es\\\/schonberg-arnold-1874-1951\\\/#breadcrumb\",\"itemListElement\":[{\"@type\":\"ListItem\",\"position\":1,\"name\":\"Accueil\",\"item\":\"https:\\\/\\\/www.iemj.org\\\/es\\\/\"},{\"@type\":\"ListItem\",\"position\":2,\"name\":\"Sch\u00f6nberg, Arnold (1874-1951)\"}]},{\"@type\":\"WebSite\",\"@id\":\"https:\\\/\\\/www.iemj.org\\\/es\\\/#website\",\"url\":\"https:\\\/\\\/www.iemj.org\\\/es\\\/\",\"name\":\"Institut Europ\u00e9en des Musiques Juives\",\"description\":\"Des traditions musicales \u00e0 la port\u00e9e de tous\",\"publisher\":{\"@id\":\"https:\\\/\\\/www.iemj.org\\\/es\\\/#organization\"},\"potentialAction\":[{\"@type\":\"SearchAction\",\"target\":{\"@type\":\"EntryPoint\",\"urlTemplate\":\"https:\\\/\\\/www.iemj.org\\\/es\\\/?s={search_term_string}\"},\"query-input\":{\"@type\":\"PropertyValueSpecification\",\"valueRequired\":true,\"valueName\":\"search_term_string\"}}],\"inLanguage\":\"es\"},{\"@type\":\"Organization\",\"@id\":\"https:\\\/\\\/www.iemj.org\\\/es\\\/#organization\",\"name\":\"Institut Europ\u00e9en des Musiques Juives\",\"url\":\"https:\\\/\\\/www.iemj.org\\\/es\\\/\",\"logo\":{\"@type\":\"ImageObject\",\"inLanguage\":\"es\",\"@id\":\"https:\\\/\\\/www.iemj.org\\\/es\\\/#\\\/schema\\\/logo\\\/image\\\/\",\"url\":\"https:\\\/\\\/www.iemj.org\\\/wp-content\\\/uploads\\\/2021\\\/09\\\/Logo-IEMJ-Paypal.jpg\",\"contentUrl\":\"https:\\\/\\\/www.iemj.org\\\/wp-content\\\/uploads\\\/2021\\\/09\\\/Logo-IEMJ-Paypal.jpg\",\"width\":150,\"height\":50,\"caption\":\"Institut Europ\u00e9en des Musiques Juives\"},\"image\":{\"@id\":\"https:\\\/\\\/www.iemj.org\\\/es\\\/#\\\/schema\\\/logo\\\/image\\\/\"},\"sameAs\":[\"https:\\\/\\\/www.facebook.com\\\/MusiquesJuives\\\/\",\"https:\\\/\\\/www.instagram.com\\\/musiquesjuives\\\/\",\"https:\\\/\\\/www.youtube.com\\\/user\\\/musiquesjuives\"]},{\"@type\":\"Person\",\"@id\":\"https:\\\/\\\/www.iemj.org\\\/es\\\/#\\\/schema\\\/person\\\/906134402c29d5c76e7b726261dd4bbd\",\"name\":\"Herv\u00e9 Roten\",\"image\":{\"@type\":\"ImageObject\",\"inLanguage\":\"es\",\"@id\":\"https:\\\/\\\/secure.gravatar.com\\\/avatar\\\/f96ad2db538a26481f18384936b5cd0610c92d390c4dc382209216d455f685ff?s=96&d=mm&r=g\",\"url\":\"https:\\\/\\\/secure.gravatar.com\\\/avatar\\\/f96ad2db538a26481f18384936b5cd0610c92d390c4dc382209216d455f685ff?s=96&d=mm&r=g\",\"contentUrl\":\"https:\\\/\\\/secure.gravatar.com\\\/avatar\\\/f96ad2db538a26481f18384936b5cd0610c92d390c4dc382209216d455f685ff?s=96&d=mm&r=g\",\"caption\":\"Herv\u00e9 Roten\"}}]}<\/script>\n<!-- \/ Yoast SEO plugin. -->","yoast_head_json":{"title":"Sch\u00f6nberg, Arnold (1874-1951) - Institut Europ\u00e9en des Musiques Juives","robots":{"index":"index","follow":"follow","max-snippet":"max-snippet:-1","max-image-preview":"max-image-preview:large","max-video-preview":"max-video-preview:-1"},"canonical":"https:\/\/www.iemj.org\/es\/schonberg-arnold-1874-1951\/","og_locale":"es_ES","og_type":"article","og_title":"Sch\u00f6nberg, Arnold (1874-1951) - Institut Europ\u00e9en des Musiques Juives","og_description":"M\u00fasico, pintor y teorista genial, Arnold Sch\u00f6nberg \u2013 o Schoenberg \u2013 naci\u00f3 el 13 de septiembre de 1874 en Viena, y falleci\u00f3 el 13 de julio de 1951 en Los","og_url":"https:\/\/www.iemj.org\/es\/schonberg-arnold-1874-1951\/","og_site_name":"Institut Europ\u00e9en des Musiques Juives","article_publisher":"https:\/\/www.facebook.com\/MusiquesJuives\/","article_published_time":"2016-09-20T15:58:27+00:00","article_modified_time":"2025-03-24T10:21:53+00:00","og_image":[{"width":173,"height":218,"url":"https:\/\/www.iemj.org\/wp-content\/uploads\/2016\/09\/arton1857-e1625065862694.jpg","type":"image\/jpeg"}],"author":"Herv\u00e9 Roten","twitter_card":"summary_large_image","twitter_misc":{"Escrito por":"Herv\u00e9 Roten","Tiempo de lectura":"5 minutos"},"schema":{"@context":"https:\/\/schema.org","@graph":[{"@type":"Article","@id":"https:\/\/www.iemj.org\/es\/schonberg-arnold-1874-1951\/#article","isPartOf":{"@id":"https:\/\/www.iemj.org\/es\/schonberg-arnold-1874-1951\/"},"author":{"name":"Herv\u00e9 Roten","@id":"https:\/\/www.iemj.org\/es\/#\/schema\/person\/906134402c29d5c76e7b726261dd4bbd"},"headline":"Sch\u00f6nberg, Arnold (1874-1951)","datePublished":"2016-09-20T15:58:27+00:00","dateModified":"2025-03-24T10:21:53+00:00","mainEntityOfPage":{"@id":"https:\/\/www.iemj.org\/es\/schonberg-arnold-1874-1951\/"},"wordCount":819,"publisher":{"@id":"https:\/\/www.iemj.org\/es\/#organization"},"image":{"@id":"https:\/\/www.iemj.org\/es\/schonberg-arnold-1874-1951\/#primaryimage"},"thumbnailUrl":"https:\/\/www.iemj.org\/wp-content\/uploads\/2016\/09\/arton1857-e1625065862694.jpg","articleSection":["Biograf\u00edas"],"inLanguage":"es"},{"@type":"WebPage","@id":"https:\/\/www.iemj.org\/es\/schonberg-arnold-1874-1951\/","url":"https:\/\/www.iemj.org\/es\/schonberg-arnold-1874-1951\/","name":"Sch\u00f6nberg, Arnold (1874-1951) - Institut Europ\u00e9en des Musiques Juives","isPartOf":{"@id":"https:\/\/www.iemj.org\/es\/#website"},"primaryImageOfPage":{"@id":"https:\/\/www.iemj.org\/es\/schonberg-arnold-1874-1951\/#primaryimage"},"image":{"@id":"https:\/\/www.iemj.org\/es\/schonberg-arnold-1874-1951\/#primaryimage"},"thumbnailUrl":"https:\/\/www.iemj.org\/wp-content\/uploads\/2016\/09\/arton1857-e1625065862694.jpg","datePublished":"2016-09-20T15:58:27+00:00","dateModified":"2025-03-24T10:21:53+00:00","breadcrumb":{"@id":"https:\/\/www.iemj.org\/es\/schonberg-arnold-1874-1951\/#breadcrumb"},"inLanguage":"es","potentialAction":[{"@type":"ReadAction","target":["https:\/\/www.iemj.org\/es\/schonberg-arnold-1874-1951\/"]}]},{"@type":"ImageObject","inLanguage":"es","@id":"https:\/\/www.iemj.org\/es\/schonberg-arnold-1874-1951\/#primaryimage","url":"https:\/\/www.iemj.org\/wp-content\/uploads\/2016\/09\/arton1857-e1625065862694.jpg","contentUrl":"https:\/\/www.iemj.org\/wp-content\/uploads\/2016\/09\/arton1857-e1625065862694.jpg","width":173,"height":218},{"@type":"BreadcrumbList","@id":"https:\/\/www.iemj.org\/es\/schonberg-arnold-1874-1951\/#breadcrumb","itemListElement":[{"@type":"ListItem","position":1,"name":"Accueil","item":"https:\/\/www.iemj.org\/es\/"},{"@type":"ListItem","position":2,"name":"Sch\u00f6nberg, Arnold (1874-1951)"}]},{"@type":"WebSite","@id":"https:\/\/www.iemj.org\/es\/#website","url":"https:\/\/www.iemj.org\/es\/","name":"Institut Europ\u00e9en des Musiques Juives","description":"Des traditions musicales \u00e0 la port\u00e9e de tous","publisher":{"@id":"https:\/\/www.iemj.org\/es\/#organization"},"potentialAction":[{"@type":"SearchAction","target":{"@type":"EntryPoint","urlTemplate":"https:\/\/www.iemj.org\/es\/?s={search_term_string}"},"query-input":{"@type":"PropertyValueSpecification","valueRequired":true,"valueName":"search_term_string"}}],"inLanguage":"es"},{"@type":"Organization","@id":"https:\/\/www.iemj.org\/es\/#organization","name":"Institut Europ\u00e9en des Musiques Juives","url":"https:\/\/www.iemj.org\/es\/","logo":{"@type":"ImageObject","inLanguage":"es","@id":"https:\/\/www.iemj.org\/es\/#\/schema\/logo\/image\/","url":"https:\/\/www.iemj.org\/wp-content\/uploads\/2021\/09\/Logo-IEMJ-Paypal.jpg","contentUrl":"https:\/\/www.iemj.org\/wp-content\/uploads\/2021\/09\/Logo-IEMJ-Paypal.jpg","width":150,"height":50,"caption":"Institut Europ\u00e9en des Musiques Juives"},"image":{"@id":"https:\/\/www.iemj.org\/es\/#\/schema\/logo\/image\/"},"sameAs":["https:\/\/www.facebook.com\/MusiquesJuives\/","https:\/\/www.instagram.com\/musiquesjuives\/","https:\/\/www.youtube.com\/user\/musiquesjuives"]},{"@type":"Person","@id":"https:\/\/www.iemj.org\/es\/#\/schema\/person\/906134402c29d5c76e7b726261dd4bbd","name":"Herv\u00e9 Roten","image":{"@type":"ImageObject","inLanguage":"es","@id":"https:\/\/secure.gravatar.com\/avatar\/f96ad2db538a26481f18384936b5cd0610c92d390c4dc382209216d455f685ff?s=96&d=mm&r=g","url":"https:\/\/secure.gravatar.com\/avatar\/f96ad2db538a26481f18384936b5cd0610c92d390c4dc382209216d455f685ff?s=96&d=mm&r=g","contentUrl":"https:\/\/secure.gravatar.com\/avatar\/f96ad2db538a26481f18384936b5cd0610c92d390c4dc382209216d455f685ff?s=96&d=mm&r=g","caption":"Herv\u00e9 Roten"}}]}},"_links":{"self":[{"href":"https:\/\/www.iemj.org\/es\/wp-json\/wp\/v2\/posts\/89287","targetHints":{"allow":["GET"]}}],"collection":[{"href":"https:\/\/www.iemj.org\/es\/wp-json\/wp\/v2\/posts"}],"about":[{"href":"https:\/\/www.iemj.org\/es\/wp-json\/wp\/v2\/types\/post"}],"author":[{"embeddable":true,"href":"https:\/\/www.iemj.org\/es\/wp-json\/wp\/v2\/users\/1045"}],"replies":[{"embeddable":true,"href":"https:\/\/www.iemj.org\/es\/wp-json\/wp\/v2\/comments?post=89287"}],"version-history":[{"count":0,"href":"https:\/\/www.iemj.org\/es\/wp-json\/wp\/v2\/posts\/89287\/revisions"}],"wp:featuredmedia":[{"embeddable":true,"href":"https:\/\/www.iemj.org\/es\/wp-json\/wp\/v2\/media\/52482"}],"wp:attachment":[{"href":"https:\/\/www.iemj.org\/es\/wp-json\/wp\/v2\/media?parent=89287"}],"wp:term":[{"taxonomy":"category","embeddable":true,"href":"https:\/\/www.iemj.org\/es\/wp-json\/wp\/v2\/categories?post=89287"},{"taxonomy":"post_tag","embeddable":true,"href":"https:\/\/www.iemj.org\/es\/wp-json\/wp\/v2\/tags?post=89287"},{"taxonomy":"technique","embeddable":true,"href":"https:\/\/www.iemj.org\/es\/wp-json\/wp\/v2\/technique?post=89287"},{"taxonomy":"squelettes","embeddable":true,"href":"https:\/\/www.iemj.org\/es\/wp-json\/wp\/v2\/squelettes?post=89287"},{"taxonomy":"sujet","embeddable":true,"href":"https:\/\/www.iemj.org\/es\/wp-json\/wp\/v2\/sujet?post=89287"},{"taxonomy":"formation","embeddable":true,"href":"https:\/\/www.iemj.org\/es\/wp-json\/wp\/v2\/formation?post=89287"},{"taxonomy":"genre","embeddable":true,"href":"https:\/\/www.iemj.org\/es\/wp-json\/wp\/v2\/genre?post=89287"},{"taxonomy":"fonds","embeddable":true,"href":"https:\/\/www.iemj.org\/es\/wp-json\/wp\/v2\/fonds?post=89287"},{"taxonomy":"tradition","embeddable":true,"href":"https:\/\/www.iemj.org\/es\/wp-json\/wp\/v2\/tradition?post=89287"},{"taxonomy":"type-de-contenu","embeddable":true,"href":"https:\/\/www.iemj.org\/es\/wp-json\/wp\/v2\/type-de-contenu?post=89287"},{"taxonomy":"interprete-compositeur","embeddable":true,"href":"https:\/\/www.iemj.org\/es\/wp-json\/wp\/v2\/interprete-compositeur?post=89287"},{"taxonomy":"frise","embeddable":true,"href":"https:\/\/www.iemj.org\/es\/wp-json\/wp\/v2\/frise?post=89287"},{"taxonomy":"type-devenement","embeddable":true,"href":"https:\/\/www.iemj.org\/es\/wp-json\/wp\/v2\/type-devenement?post=89287"},{"taxonomy":"tableaux-liens-externes","embeddable":true,"href":"https:\/\/www.iemj.org\/es\/wp-json\/wp\/v2\/tableaux-liens-externes?post=89287"}],"curies":[{"name":"wp","href":"https:\/\/api.w.org\/{rel}","templated":true}]}}