{"id":89325,"date":"2018-10-02T15:10:13","date_gmt":"2018-10-02T13:10:13","guid":{"rendered":"https:\/\/www.iemj.org\/sabo-hector\/"},"modified":"2025-02-13T17:12:36","modified_gmt":"2025-02-13T16:12:36","slug":"sabo-hector","status":"publish","type":"post","link":"https:\/\/www.iemj.org\/es\/sabo-hector\/","title":{"rendered":"Sabo, Hector"},"content":{"rendered":"<p>Hector Sabo es m\u00fasico compositor (piano, \u00f3rgano, clavec\u00edn) y director de coro, actualmente responsable de la direcci\u00f3n musical de los coros en la Gran Sinagoga de Estrasburgo. Est\u00e1 tambi\u00e9n detr\u00e1s de distintos conjuntos vocales e instrumentales como el <strong>Conjunto<\/strong> Simplemente Tango y el <strong>Conjunto<\/strong> Vocal Hebra\u00efca.<\/p>\n<p>Originario de Buenos Aires, Argentina, Hector Sabo est\u00e1 impregnado de la tradici\u00f3n musical sinagogal de origen europeo, desde su infancia. Fue con su abuelo David Sabo, cantor de sinagoga en Checoslovaquia y luego en Mois\u00e9s Ville en Argentina y por \u00faltimo en Jaffa en Israel, que se nutri\u00f3 de esta tradici\u00f3n milenaria. Tras una estancia de tres a\u00f1os en Israel, sigui\u00f3 una formaci\u00f3n completa de m\u00fasico cl\u00e1sico en Buenos Aires \u2013 piano, \u00f3rgano, clavec\u00edn \u2013 y luego en la Universidad Nacional de La Plata \u2013 composici\u00f3n y direcci\u00f3n de orquesta \u2013 mientras trabajaba como director de coros y organista en distintas sinagogas de la capital argentina y como m\u00fasico de orquesta y jefe de canto en la \u00f3pera.<\/p>\n<p>En 1987, vino a Francia a fin de completar su formaci\u00f3n. Despu\u00e9s de haber obtenido un Primer Premio en direcci\u00f3n de orquesta en el Conservatorio de Rueil-Malmaison, particip\u00f3 en diversas formaciones de direcci\u00f3n de coros y orquesta en Par\u00eds, Saumur, Aix-en-Provence, Poitiers, luego en Viena en Austria y en Siena en Italia. Dirigi\u00f3 un n\u00famero importante de conciertos en Francia, en Europa, en Argentina. En 1991, fue nombrado coordinador art\u00edstico y t\u00e9cnico en la Orquesta Filarm\u00f3nica de Estrasburgo ; de 1988 a 2007, fue responsable de la direcci\u00f3n musical de los coros en la Gran Sinagoga de Estrasburgo.<\/p>\n<p>En otros \u00e1mbitos musicales, fue pianista, arreglista y director musical del conjunto <em>Simplemente Tango durante<\/em> 12 a\u00f1os. Dirigi\u00f3 diferentes producciones de \u00f3pera con orquesta para la asociaci\u00f3n Op\u00e9ra Piano. Por \u00faltimo, dirigi\u00f3 y toc\u00f3 \u00f3rgano, clavec\u00edn y piano en diversas formaciones vocales e instrumentales. Tambi\u00e9n particip\u00f3 en muchas grabaciones de CDs con distintos asociados. Despu\u00e9s de haber creado y dirigido distintos conjuntos vocales e instrumentales en Par\u00eds entre 1988 y 1991, se instal\u00f3 en Estrasburgo y fund\u00f3 en 1996 el conjunto coral <em>Les Polyphonies H\u00e9bra\u00efques de Strasbourg<\/em>, en el seno de la Universidad de Humanidades de Estrasburgo, donde obtuvo un D.E.A. (Diploma de Estudios Avanzados) en M\u00fasica y Musicolog\u00eda.<\/p>\n<p>En 2006, fund\u00f3 el Conjunto<em> Vocal Hebra\u00efca<\/em>, para la m\u00fasica de 1 por voces, de 4 a 9 solistas. En 2007, fue nombrado Director Musical y Art\u00edstico del Coro Jud\u00edo de Francia, bajo los auspicios del Consistorio Israelita de Par\u00eds\/Ile-de-France. El mismo a\u00f1o, fue nombrado profesor titular de Formaci\u00f3n Musical en el Conservatorio de Estrasburgo. La actividad musical de Hector Sabo se completa con la publicaci\u00f3n de art\u00edculos y con conferencias sobre la m\u00fasica jud\u00eda, lo que se convirti\u00f3, con los a\u00f1os, en su especialidad. Fue solicitado en 2016 por la Universidad de Estrasburgo para redactar un art\u00edculo sobre la m\u00fasica jud\u00eda en el \u00ab Dictionnaire de Strasbourg, laboratoire de l\u2019Europe, 1880\/1930 \u00bb, publicado en octubre de 2017. Ese mismo a\u00f1o, fue solicitado por Radio Juda\u00efca de Estrasburgo para presentar una serie de 40 programas sobre la m\u00fasica hebrea. M\u00e1s tarde, su primer libro sobre la historia de la m\u00fasica jud\u00eda narra una vida llena de investigaciones y descubrimientos sobre las m\u00fasicas hebreas. Su actividad lo llev\u00f3 a viajar por Francia, Am\u00e9rica y Europa : Buenos Aires, Nueva York, Girona, Roma, Siena, Bruselas, Arlon, Gand, Lausana, Basilea, Z\u00farich, Worms, Maguncia, Sarrebruck, Berl\u00edn, Viena, Londres, San Petersburgo\u2026 Finalmente, cada a\u00f1o presenta nuevos espect\u00e1culos en torno a temas relacionados con su especialidad : los v\u00ednculos entre la m\u00fasica hebrea y la m\u00fasica occidental en Europa y en Am\u00e9rica.<\/p>\n<p><a href=\"https:\/\/www.iemj.org\/es\/fonds-hector-sabo\/\" target=\"_blank\" rel=\"noopener\">Consultar el fondo Hector Sabo<\/a><\/p>\n<p><a href=\"https:\/\/www.iemj.org\/es\/categorie\/ecouter-voir\/emissions-de-radio\/emissions-hector-sabo\/\" target=\"_blank\" rel=\"noopener\">Escuchar los programas de radio : Ledor Vador, presentados por Hector Sabo<\/a><\/p>\n<p><a href=\"https:\/\/www.polyphonies67.com\/qui-sommes-nous\" target=\"_blank\" rel=\"noopener\">Consultar la p\u00e1gina web : Les Polyphonies H\u00e9bra\u00efques de Strasbourg<\/a><\/p>\n<p><iframe src=\"https:\/\/www.youtube.com\/embed\/R_AZZo0hlK8?start=74\" width=\"560\" height=\"315\" frameborder=\"0\" allowfullscreen=\"allowfullscreen\"><\/iframe><\/p>\n","protected":false},"excerpt":{"rendered":"<p>Hector Sabo es m\u00fasico compositor (piano, \u00f3rgano, clavec\u00edn) y director de coro, actualmente responsable de la direcci\u00f3n musical de los coros en la Gran Sinagoga de Estrasburgo. Est\u00e1 tambi\u00e9n detr\u00e1s<\/p>\n","protected":false},"author":1052,"featured_media":89326,"comment_status":"closed","ping_status":"open","sticky":false,"template":"","format":"standard","meta":{"_acf_changed":false,"footnotes":""},"categories":[1417],"tags":[],"technique":[],"squelettes":[],"sujet":[],"formation":[],"genre":[],"fonds":[],"tradition":[],"type-de-contenu":[],"interprete-compositeur":[],"frise":[],"type-devenement":[],"tableaux-liens-externes":[],"class_list":["post-89325","post","type-post","status-publish","format-standard","has-post-thumbnail","hentry","category-biografias-es"],"acf":[],"yoast_head":"<!-- This site is optimized with the Yoast SEO plugin v27.3 - https:\/\/yoast.com\/product\/yoast-seo-wordpress\/ -->\n<title>Sabo, Hector - Institut Europ\u00e9en des Musiques Juives<\/title>\n<meta name=\"robots\" content=\"index, follow, max-snippet:-1, max-image-preview:large, max-video-preview:-1\" \/>\n<link rel=\"canonical\" href=\"https:\/\/www.iemj.org\/es\/sabo-hector\/\" \/>\n<meta property=\"og:locale\" content=\"es_ES\" \/>\n<meta property=\"og:type\" content=\"article\" \/>\n<meta property=\"og:title\" content=\"Sabo, Hector - Institut Europ\u00e9en des Musiques Juives\" \/>\n<meta property=\"og:description\" content=\"Hector Sabo es m\u00fasico compositor (piano, \u00f3rgano, clavec\u00edn) y director de coro, actualmente responsable de la direcci\u00f3n musical de los coros en la Gran Sinagoga de Estrasburgo. Est\u00e1 tambi\u00e9n detr\u00e1s\" \/>\n<meta property=\"og:url\" content=\"https:\/\/www.iemj.org\/es\/sabo-hector\/\" \/>\n<meta property=\"og:site_name\" content=\"Institut Europ\u00e9en des Musiques Juives\" \/>\n<meta property=\"article:publisher\" content=\"https:\/\/www.facebook.com\/MusiquesJuives\/\" \/>\n<meta property=\"article:published_time\" content=\"2018-10-02T13:10:13+00:00\" \/>\n<meta property=\"article:modified_time\" content=\"2025-02-13T16:12:36+00:00\" \/>\n<meta property=\"og:image\" content=\"https:\/\/www.iemj.org\/wp-content\/uploads\/2018\/10\/arton3641-e1617023696838.jpg\" \/>\n\t<meta property=\"og:image:width\" content=\"164\" \/>\n\t<meta property=\"og:image:height\" content=\"218\" \/>\n\t<meta property=\"og:image:type\" content=\"image\/jpeg\" \/>\n<meta name=\"author\" content=\"Lea Couderc\" \/>\n<meta name=\"twitter:card\" content=\"summary_large_image\" \/>\n<meta name=\"twitter:label1\" content=\"Escrito por\" \/>\n\t<meta name=\"twitter:data1\" content=\"Lea Couderc\" \/>\n\t<meta name=\"twitter:label2\" content=\"Tiempo de lectura\" \/>\n\t<meta name=\"twitter:data2\" content=\"4 minutos\" \/>\n<script type=\"application\/ld+json\" class=\"yoast-schema-graph\">{\"@context\":\"https:\\\/\\\/schema.org\",\"@graph\":[{\"@type\":\"Article\",\"@id\":\"https:\\\/\\\/www.iemj.org\\\/es\\\/sabo-hector\\\/#article\",\"isPartOf\":{\"@id\":\"https:\\\/\\\/www.iemj.org\\\/es\\\/sabo-hector\\\/\"},\"author\":{\"name\":\"Lea Couderc\",\"@id\":\"https:\\\/\\\/www.iemj.org\\\/es\\\/#\\\/schema\\\/person\\\/e2ad57f2c4be119c7ed8ab79036807a9\"},\"headline\":\"Sabo, Hector\",\"datePublished\":\"2018-10-02T13:10:13+00:00\",\"dateModified\":\"2025-02-13T16:12:36+00:00\",\"mainEntityOfPage\":{\"@id\":\"https:\\\/\\\/www.iemj.org\\\/es\\\/sabo-hector\\\/\"},\"wordCount\":674,\"publisher\":{\"@id\":\"https:\\\/\\\/www.iemj.org\\\/es\\\/#organization\"},\"image\":{\"@id\":\"https:\\\/\\\/www.iemj.org\\\/es\\\/sabo-hector\\\/#primaryimage\"},\"thumbnailUrl\":\"https:\\\/\\\/www.iemj.org\\\/wp-content\\\/uploads\\\/2018\\\/10\\\/arton3641-e1617023696838.jpg\",\"articleSection\":[\"Biograf\u00edas\"],\"inLanguage\":\"es\"},{\"@type\":\"WebPage\",\"@id\":\"https:\\\/\\\/www.iemj.org\\\/es\\\/sabo-hector\\\/\",\"url\":\"https:\\\/\\\/www.iemj.org\\\/es\\\/sabo-hector\\\/\",\"name\":\"Sabo, Hector - Institut Europ\u00e9en des Musiques Juives\",\"isPartOf\":{\"@id\":\"https:\\\/\\\/www.iemj.org\\\/es\\\/#website\"},\"primaryImageOfPage\":{\"@id\":\"https:\\\/\\\/www.iemj.org\\\/es\\\/sabo-hector\\\/#primaryimage\"},\"image\":{\"@id\":\"https:\\\/\\\/www.iemj.org\\\/es\\\/sabo-hector\\\/#primaryimage\"},\"thumbnailUrl\":\"https:\\\/\\\/www.iemj.org\\\/wp-content\\\/uploads\\\/2018\\\/10\\\/arton3641-e1617023696838.jpg\",\"datePublished\":\"2018-10-02T13:10:13+00:00\",\"dateModified\":\"2025-02-13T16:12:36+00:00\",\"breadcrumb\":{\"@id\":\"https:\\\/\\\/www.iemj.org\\\/es\\\/sabo-hector\\\/#breadcrumb\"},\"inLanguage\":\"es\",\"potentialAction\":[{\"@type\":\"ReadAction\",\"target\":[\"https:\\\/\\\/www.iemj.org\\\/es\\\/sabo-hector\\\/\"]}]},{\"@type\":\"ImageObject\",\"inLanguage\":\"es\",\"@id\":\"https:\\\/\\\/www.iemj.org\\\/es\\\/sabo-hector\\\/#primaryimage\",\"url\":\"https:\\\/\\\/www.iemj.org\\\/wp-content\\\/uploads\\\/2018\\\/10\\\/arton3641-e1617023696838.jpg\",\"contentUrl\":\"https:\\\/\\\/www.iemj.org\\\/wp-content\\\/uploads\\\/2018\\\/10\\\/arton3641-e1617023696838.jpg\",\"width\":164,\"height\":218},{\"@type\":\"BreadcrumbList\",\"@id\":\"https:\\\/\\\/www.iemj.org\\\/es\\\/sabo-hector\\\/#breadcrumb\",\"itemListElement\":[{\"@type\":\"ListItem\",\"position\":1,\"name\":\"Accueil\",\"item\":\"https:\\\/\\\/www.iemj.org\\\/es\\\/\"},{\"@type\":\"ListItem\",\"position\":2,\"name\":\"Sabo, Hector\"}]},{\"@type\":\"WebSite\",\"@id\":\"https:\\\/\\\/www.iemj.org\\\/es\\\/#website\",\"url\":\"https:\\\/\\\/www.iemj.org\\\/es\\\/\",\"name\":\"Institut Europ\u00e9en des Musiques Juives\",\"description\":\"Des traditions musicales \u00e0 la port\u00e9e de tous\",\"publisher\":{\"@id\":\"https:\\\/\\\/www.iemj.org\\\/es\\\/#organization\"},\"potentialAction\":[{\"@type\":\"SearchAction\",\"target\":{\"@type\":\"EntryPoint\",\"urlTemplate\":\"https:\\\/\\\/www.iemj.org\\\/es\\\/?s={search_term_string}\"},\"query-input\":{\"@type\":\"PropertyValueSpecification\",\"valueRequired\":true,\"valueName\":\"search_term_string\"}}],\"inLanguage\":\"es\"},{\"@type\":\"Organization\",\"@id\":\"https:\\\/\\\/www.iemj.org\\\/es\\\/#organization\",\"name\":\"Institut Europ\u00e9en des Musiques Juives\",\"url\":\"https:\\\/\\\/www.iemj.org\\\/es\\\/\",\"logo\":{\"@type\":\"ImageObject\",\"inLanguage\":\"es\",\"@id\":\"https:\\\/\\\/www.iemj.org\\\/es\\\/#\\\/schema\\\/logo\\\/image\\\/\",\"url\":\"https:\\\/\\\/www.iemj.org\\\/wp-content\\\/uploads\\\/2021\\\/09\\\/Logo-IEMJ-Paypal.jpg\",\"contentUrl\":\"https:\\\/\\\/www.iemj.org\\\/wp-content\\\/uploads\\\/2021\\\/09\\\/Logo-IEMJ-Paypal.jpg\",\"width\":150,\"height\":50,\"caption\":\"Institut Europ\u00e9en des Musiques Juives\"},\"image\":{\"@id\":\"https:\\\/\\\/www.iemj.org\\\/es\\\/#\\\/schema\\\/logo\\\/image\\\/\"},\"sameAs\":[\"https:\\\/\\\/www.facebook.com\\\/MusiquesJuives\\\/\",\"https:\\\/\\\/www.instagram.com\\\/musiquesjuives\\\/\",\"https:\\\/\\\/www.youtube.com\\\/user\\\/musiquesjuives\"]},{\"@type\":\"Person\",\"@id\":\"https:\\\/\\\/www.iemj.org\\\/es\\\/#\\\/schema\\\/person\\\/e2ad57f2c4be119c7ed8ab79036807a9\",\"name\":\"Lea Couderc\",\"image\":{\"@type\":\"ImageObject\",\"inLanguage\":\"es\",\"@id\":\"https:\\\/\\\/secure.gravatar.com\\\/avatar\\\/46ee021475d60aeff17a7e490b79dea5a5684bb392ab7fd1494027411df8ba23?s=96&d=mm&r=g\",\"url\":\"https:\\\/\\\/secure.gravatar.com\\\/avatar\\\/46ee021475d60aeff17a7e490b79dea5a5684bb392ab7fd1494027411df8ba23?s=96&d=mm&r=g\",\"contentUrl\":\"https:\\\/\\\/secure.gravatar.com\\\/avatar\\\/46ee021475d60aeff17a7e490b79dea5a5684bb392ab7fd1494027411df8ba23?s=96&d=mm&r=g\",\"caption\":\"Lea Couderc\"}}]}<\/script>\n<!-- \/ Yoast SEO plugin. -->","yoast_head_json":{"title":"Sabo, Hector - Institut Europ\u00e9en des Musiques Juives","robots":{"index":"index","follow":"follow","max-snippet":"max-snippet:-1","max-image-preview":"max-image-preview:large","max-video-preview":"max-video-preview:-1"},"canonical":"https:\/\/www.iemj.org\/es\/sabo-hector\/","og_locale":"es_ES","og_type":"article","og_title":"Sabo, Hector - Institut Europ\u00e9en des Musiques Juives","og_description":"Hector Sabo es m\u00fasico compositor (piano, \u00f3rgano, clavec\u00edn) y director de coro, actualmente responsable de la direcci\u00f3n musical de los coros en la Gran Sinagoga de Estrasburgo. Est\u00e1 tambi\u00e9n detr\u00e1s","og_url":"https:\/\/www.iemj.org\/es\/sabo-hector\/","og_site_name":"Institut Europ\u00e9en des Musiques Juives","article_publisher":"https:\/\/www.facebook.com\/MusiquesJuives\/","article_published_time":"2018-10-02T13:10:13+00:00","article_modified_time":"2025-02-13T16:12:36+00:00","og_image":[{"width":164,"height":218,"url":"https:\/\/www.iemj.org\/wp-content\/uploads\/2018\/10\/arton3641-e1617023696838.jpg","type":"image\/jpeg"}],"author":"Lea Couderc","twitter_card":"summary_large_image","twitter_misc":{"Escrito por":"Lea Couderc","Tiempo de lectura":"4 minutos"},"schema":{"@context":"https:\/\/schema.org","@graph":[{"@type":"Article","@id":"https:\/\/www.iemj.org\/es\/sabo-hector\/#article","isPartOf":{"@id":"https:\/\/www.iemj.org\/es\/sabo-hector\/"},"author":{"name":"Lea Couderc","@id":"https:\/\/www.iemj.org\/es\/#\/schema\/person\/e2ad57f2c4be119c7ed8ab79036807a9"},"headline":"Sabo, Hector","datePublished":"2018-10-02T13:10:13+00:00","dateModified":"2025-02-13T16:12:36+00:00","mainEntityOfPage":{"@id":"https:\/\/www.iemj.org\/es\/sabo-hector\/"},"wordCount":674,"publisher":{"@id":"https:\/\/www.iemj.org\/es\/#organization"},"image":{"@id":"https:\/\/www.iemj.org\/es\/sabo-hector\/#primaryimage"},"thumbnailUrl":"https:\/\/www.iemj.org\/wp-content\/uploads\/2018\/10\/arton3641-e1617023696838.jpg","articleSection":["Biograf\u00edas"],"inLanguage":"es"},{"@type":"WebPage","@id":"https:\/\/www.iemj.org\/es\/sabo-hector\/","url":"https:\/\/www.iemj.org\/es\/sabo-hector\/","name":"Sabo, Hector - Institut Europ\u00e9en des Musiques Juives","isPartOf":{"@id":"https:\/\/www.iemj.org\/es\/#website"},"primaryImageOfPage":{"@id":"https:\/\/www.iemj.org\/es\/sabo-hector\/#primaryimage"},"image":{"@id":"https:\/\/www.iemj.org\/es\/sabo-hector\/#primaryimage"},"thumbnailUrl":"https:\/\/www.iemj.org\/wp-content\/uploads\/2018\/10\/arton3641-e1617023696838.jpg","datePublished":"2018-10-02T13:10:13+00:00","dateModified":"2025-02-13T16:12:36+00:00","breadcrumb":{"@id":"https:\/\/www.iemj.org\/es\/sabo-hector\/#breadcrumb"},"inLanguage":"es","potentialAction":[{"@type":"ReadAction","target":["https:\/\/www.iemj.org\/es\/sabo-hector\/"]}]},{"@type":"ImageObject","inLanguage":"es","@id":"https:\/\/www.iemj.org\/es\/sabo-hector\/#primaryimage","url":"https:\/\/www.iemj.org\/wp-content\/uploads\/2018\/10\/arton3641-e1617023696838.jpg","contentUrl":"https:\/\/www.iemj.org\/wp-content\/uploads\/2018\/10\/arton3641-e1617023696838.jpg","width":164,"height":218},{"@type":"BreadcrumbList","@id":"https:\/\/www.iemj.org\/es\/sabo-hector\/#breadcrumb","itemListElement":[{"@type":"ListItem","position":1,"name":"Accueil","item":"https:\/\/www.iemj.org\/es\/"},{"@type":"ListItem","position":2,"name":"Sabo, Hector"}]},{"@type":"WebSite","@id":"https:\/\/www.iemj.org\/es\/#website","url":"https:\/\/www.iemj.org\/es\/","name":"Institut Europ\u00e9en des Musiques Juives","description":"Des traditions musicales \u00e0 la port\u00e9e de tous","publisher":{"@id":"https:\/\/www.iemj.org\/es\/#organization"},"potentialAction":[{"@type":"SearchAction","target":{"@type":"EntryPoint","urlTemplate":"https:\/\/www.iemj.org\/es\/?s={search_term_string}"},"query-input":{"@type":"PropertyValueSpecification","valueRequired":true,"valueName":"search_term_string"}}],"inLanguage":"es"},{"@type":"Organization","@id":"https:\/\/www.iemj.org\/es\/#organization","name":"Institut Europ\u00e9en des Musiques Juives","url":"https:\/\/www.iemj.org\/es\/","logo":{"@type":"ImageObject","inLanguage":"es","@id":"https:\/\/www.iemj.org\/es\/#\/schema\/logo\/image\/","url":"https:\/\/www.iemj.org\/wp-content\/uploads\/2021\/09\/Logo-IEMJ-Paypal.jpg","contentUrl":"https:\/\/www.iemj.org\/wp-content\/uploads\/2021\/09\/Logo-IEMJ-Paypal.jpg","width":150,"height":50,"caption":"Institut Europ\u00e9en des Musiques Juives"},"image":{"@id":"https:\/\/www.iemj.org\/es\/#\/schema\/logo\/image\/"},"sameAs":["https:\/\/www.facebook.com\/MusiquesJuives\/","https:\/\/www.instagram.com\/musiquesjuives\/","https:\/\/www.youtube.com\/user\/musiquesjuives"]},{"@type":"Person","@id":"https:\/\/www.iemj.org\/es\/#\/schema\/person\/e2ad57f2c4be119c7ed8ab79036807a9","name":"Lea Couderc","image":{"@type":"ImageObject","inLanguage":"es","@id":"https:\/\/secure.gravatar.com\/avatar\/46ee021475d60aeff17a7e490b79dea5a5684bb392ab7fd1494027411df8ba23?s=96&d=mm&r=g","url":"https:\/\/secure.gravatar.com\/avatar\/46ee021475d60aeff17a7e490b79dea5a5684bb392ab7fd1494027411df8ba23?s=96&d=mm&r=g","contentUrl":"https:\/\/secure.gravatar.com\/avatar\/46ee021475d60aeff17a7e490b79dea5a5684bb392ab7fd1494027411df8ba23?s=96&d=mm&r=g","caption":"Lea Couderc"}}]}},"_links":{"self":[{"href":"https:\/\/www.iemj.org\/es\/wp-json\/wp\/v2\/posts\/89325","targetHints":{"allow":["GET"]}}],"collection":[{"href":"https:\/\/www.iemj.org\/es\/wp-json\/wp\/v2\/posts"}],"about":[{"href":"https:\/\/www.iemj.org\/es\/wp-json\/wp\/v2\/types\/post"}],"author":[{"embeddable":true,"href":"https:\/\/www.iemj.org\/es\/wp-json\/wp\/v2\/users\/1052"}],"replies":[{"embeddable":true,"href":"https:\/\/www.iemj.org\/es\/wp-json\/wp\/v2\/comments?post=89325"}],"version-history":[{"count":0,"href":"https:\/\/www.iemj.org\/es\/wp-json\/wp\/v2\/posts\/89325\/revisions"}],"wp:featuredmedia":[{"embeddable":true,"href":"https:\/\/www.iemj.org\/es\/wp-json\/wp\/v2\/media\/89326"}],"wp:attachment":[{"href":"https:\/\/www.iemj.org\/es\/wp-json\/wp\/v2\/media?parent=89325"}],"wp:term":[{"taxonomy":"category","embeddable":true,"href":"https:\/\/www.iemj.org\/es\/wp-json\/wp\/v2\/categories?post=89325"},{"taxonomy":"post_tag","embeddable":true,"href":"https:\/\/www.iemj.org\/es\/wp-json\/wp\/v2\/tags?post=89325"},{"taxonomy":"technique","embeddable":true,"href":"https:\/\/www.iemj.org\/es\/wp-json\/wp\/v2\/technique?post=89325"},{"taxonomy":"squelettes","embeddable":true,"href":"https:\/\/www.iemj.org\/es\/wp-json\/wp\/v2\/squelettes?post=89325"},{"taxonomy":"sujet","embeddable":true,"href":"https:\/\/www.iemj.org\/es\/wp-json\/wp\/v2\/sujet?post=89325"},{"taxonomy":"formation","embeddable":true,"href":"https:\/\/www.iemj.org\/es\/wp-json\/wp\/v2\/formation?post=89325"},{"taxonomy":"genre","embeddable":true,"href":"https:\/\/www.iemj.org\/es\/wp-json\/wp\/v2\/genre?post=89325"},{"taxonomy":"fonds","embeddable":true,"href":"https:\/\/www.iemj.org\/es\/wp-json\/wp\/v2\/fonds?post=89325"},{"taxonomy":"tradition","embeddable":true,"href":"https:\/\/www.iemj.org\/es\/wp-json\/wp\/v2\/tradition?post=89325"},{"taxonomy":"type-de-contenu","embeddable":true,"href":"https:\/\/www.iemj.org\/es\/wp-json\/wp\/v2\/type-de-contenu?post=89325"},{"taxonomy":"interprete-compositeur","embeddable":true,"href":"https:\/\/www.iemj.org\/es\/wp-json\/wp\/v2\/interprete-compositeur?post=89325"},{"taxonomy":"frise","embeddable":true,"href":"https:\/\/www.iemj.org\/es\/wp-json\/wp\/v2\/frise?post=89325"},{"taxonomy":"type-devenement","embeddable":true,"href":"https:\/\/www.iemj.org\/es\/wp-json\/wp\/v2\/type-devenement?post=89325"},{"taxonomy":"tableaux-liens-externes","embeddable":true,"href":"https:\/\/www.iemj.org\/es\/wp-json\/wp\/v2\/tableaux-liens-externes?post=89325"}],"curies":[{"name":"wp","href":"https:\/\/api.w.org\/{rel}","templated":true}]}}