{"id":89339,"date":"2022-01-24T12:19:58","date_gmt":"2022-01-24T11:19:58","guid":{"rendered":"https:\/\/www.iemj.org\/rubin-ruth-1906-2000\/"},"modified":"2024-03-13T13:02:05","modified_gmt":"2024-03-13T12:02:05","slug":"rubin-ruth-1906-2000","status":"publish","type":"post","link":"https:\/\/www.iemj.org\/es\/rubin-ruth-1906-2000\/","title":{"rendered":"Rubin, Ruth (1906-2000)"},"content":{"rendered":"<p>Ruth Rubin, de nombre original Rifkele Royzenblatt (o Rivke Rosenblatt) naci\u00f3 en Montreal en 1906. Proveniente de una familia originaria de Besarabia, se cri\u00f3 en un \u00e1mbito literario y musical. Hablaba yidis en casa, franc\u00e9s e ingl\u00e9s en la escuela. Esa costumbre multiling\u00fce perfeccion\u00f3 su percepci\u00f3n de las expresiones populares, en t\u00e9rminos de diferencias y similitudes. Estudi\u00f3 en la escuela p\u00fablica y en la <em>Peretz Yiddish School donde<\/em> empez\u00f3 a cantar en p\u00fablico. Fue en esa misma escuela que se apasionar\u00e1 mucho por la visita, en 1915, del autor, folclorista y m\u00e1s tarde recopilador de cantos populares yiddish, Sholem Aleichem (1859-1916).<\/p>\n<p>A principios de los a\u00f1os 1920, se estableci\u00f3 en Nueva York donde se desarrollaba una actividad cultural, musical y teatral en yidis muy fuerte. Fue a finales de esta d\u00e9cada que public\u00f3 sus primeras recopilaciones de poesia en yidis.<\/p>\n<p>En 1932 se cas\u00f3 con Harry Rubin.<\/p>\n<p>Alrededor de 1935, Ruth Rubin decidi\u00f3 volverse folclorista de la cultura yiddish. As\u00ed encontr\u00f3 al eminente universitario y escritor <strong>Haim Zhitlowsky<\/strong> (1865-1943), que la apoy\u00f3 en lo que iba a ser su misi\u00f3n por el resto de su vida. Entonces se embarc\u00f3 en numerosas investigaciones sobre la canci\u00f3n yiddish.<\/p>\n<p>En 1937 se convirti\u00f3 en madre de un hijo, Michael.<\/p>\n<p class=\"Textbody\" style=\"text-align: justify;\"><span lang=\"ES\" style=\"color: #171717;\">En los a\u00f1os 1940, public\u00f3 art\u00edculos en el seno de distintos peri\u00f3dicos, e imparti\u00f3 al mismo tiempo clases de m\u00fasica y de poes\u00eda en las escuelas Yiddish de Nueva York.<\/span><\/p>\n<p>Durante la Segunda Guerra Mundial, Ruth Rubin realiz\u00f3 la traducci\u00f3n de diarios \u00edntimos recogidos en guetos y campos de concentraci\u00f3n. Cuando se termin\u00f3 la guerra, la realidad sobre los campos de concentraci\u00f3n ahora p\u00fablica fortaleci\u00f3 su determinaci\u00f3n de preservar la gran expresi\u00f3n cultural del pueblo jud\u00edo de Europa y de Este que habla yidis. Empez\u00f3 entonces grabaciones de campo en Nueva York, Toronto y Montreal, y luego en otras partes de Am\u00e9rica del Norte, donde empez\u00f3 tambi\u00e9n conferencias-conciertos. Al mismo tiempo, sigui\u00f3 sus investigaciones sobre la lengua yidis y su historia, junto al famoso universitario y ling\u00fcista de la lengua yiddish, Max Weinreinch.<\/p>\n<p align=\"left\"><img fetchpriority=\"high\" decoding=\"async\" class=\" wp-image-78370 alignleft\" src=\"https:\/\/www.iemj.org\/wp-content\/uploads\/2022\/01\/partition-2-300x233.jpg\" alt=\"\" width=\"412\" height=\"320\" srcset=\"https:\/\/www.iemj.org\/wp-content\/uploads\/2022\/01\/partition-2-300x233.jpg 300w, https:\/\/www.iemj.org\/wp-content\/uploads\/2022\/01\/partition-2-1024x794.jpg 1024w, https:\/\/www.iemj.org\/wp-content\/uploads\/2022\/01\/partition-2-768x596.jpg 768w, https:\/\/www.iemj.org\/wp-content\/uploads\/2022\/01\/partition-2-1536x1192.jpg 1536w, https:\/\/www.iemj.org\/wp-content\/uploads\/2022\/01\/partition-2-2048x1589.jpg 2048w, https:\/\/www.iemj.org\/wp-content\/uploads\/2022\/01\/partition-2-600x466.jpg 600w\" sizes=\"(max-width: 412px) 100vw, 412px\" \/><\/p>\n<p class=\"TableContents\" style=\"text-align: center;\" align=\"center\"><b><span lang=\"ES\">Zog Nit Keynmol, incluyendo una traducci\u00f3n al ingl\u00e9s que se puede cantar por Ruth Rubin, publicado en abril-mayo de 1963<\/span><\/b><\/p>\n<p>Como folclorista americana, trabaj\u00f3 con diversas instituciones americanas dedicadas a los folklores musicales. Encontr\u00f3 a muchas personas relacionados con este \u00e1mbito, cuyo Willard Rhodes, Paul Robeson, o Pete Seeger. Se involucr\u00f3 tambi\u00e9n como miembro dirigente del <em>Jewish Music Forum y<\/em> del <em>National Jewish Music Council. Por fin<\/em>, en Israel, mantuvo una comunicaci\u00f3n importante con otros folcloristas de renombre, como Edith Gerson-Kiwi, Moshe Gorali, o Karel Salomon.<\/p>\n<p>A trav\u00e9s de los a\u00f1os, particip\u00f3 en un n\u00famero importante de conferencias y ayud\u00f3 a numerosos peri\u00f3dicos, antes de publicar sus mayores investigaciones. Cant\u00f3 tambi\u00e9n en el<em> New York\u2019s Town Hall y en el<\/em> <em>Carnegie Hall<\/em>. Por fin, en 1945, empez\u00f3 a grabar discos con <em>Folkways Records<\/em>. Cada vez m\u00e1s ocupada como conferenciante-cantante, apareci\u00f3 en sinagogas, iglesias, institutos, grupos de investigaci\u00f3n y otros centros comunitarios.<\/p>\n<p>Su hijo Michael falleci\u00f3 s\u00fabitamente en 1959. M\u00e1s tarde su marido se enferm\u00f3 y falleci\u00f3 a su vez en 1971. A pesar de todo, poco a poco, la dedicaci\u00f3n intensa de Ruth Rubin a la canci\u00f3n Yiddish prevaleci\u00f3, y re empez\u00f3 sus actividades, con a\u00fan m\u00e1s intensidad, y sigui\u00f3 de nuevo creyendo en la vida y en la humanidad. En sus libros, su talento como poetisa le ayud\u00f3 a proponer traducciones sensibles de canciones en yidis. Eso se demuestra en particular en su libro <em>Voices of a People: The Story of the Yiddish Folk Song<\/em>, en el que explora los contextos hist\u00f3ricos, los or\u00edgenes y el sentido particular de las palabras. En todas sus publicaciones, considera las letras de las canciones folcl\u00f3ricas como la literatura yiddish.<span style=\"color: #171717;\"><span style=\"font-family: Roboto, sans-serif;\"><span style=\"font-size: medium;\"><img decoding=\"async\" class=\" wp-image-78299 alignright\" src=\"https:\/\/www.iemj.org\/wp-content\/uploads\/2022\/01\/L_493_VIG-197x300.jpg\" alt=\"\" width=\"227\" height=\"346\" srcset=\"https:\/\/www.iemj.org\/wp-content\/uploads\/2022\/01\/L_493_VIG-197x300.jpg 197w, https:\/\/www.iemj.org\/wp-content\/uploads\/2022\/01\/L_493_VIG.jpg 263w\" sizes=\"(max-width: 227px) 100vw, 227px\" \/><\/span><\/span><\/span><\/p>\n<p>Sigui\u00f3 ense\u00f1ando, en Nueva York y tambi\u00e9n en muchas ciudades de Estados Unidos y de Canad\u00e1. Alcanz\u00f3 el t\u00edtulo de Doctora en filosof\u00eda en 1976. En 1983, la obtenci\u00f3n de becas universitarias le permiti\u00f3 preparar una nueva antolog\u00eda de canciones folcl\u00f3ricas yiddish, tomando como base equipo no publicado, proveniente s\u00f3lo de sus investigaciones de campo. A trav\u00e9s de los a\u00f1os, don\u00f3 sus colecciones, en cintas, y documentos manuscritos, a diferentes bibliotecas y centros de archivos, en Estados Unidos, en Canad\u00e1 y en Israel. Estos archivos constituyen hoy un n\u00famero importante de fondos para la investigaci\u00f3n.<\/p>\n<p>Como incansable, colectora, escritora, conferenciante, profesora, cantante, y fuente de inspiraci\u00f3n para otros en este \u00e1mbito, Ruth Rubin consider\u00f3 su investigaci\u00f3n en el folclore yiddish como una responsabilidad seria dando sentido a su vida, una fuente de orgullo y de satisfacci\u00f3n.<\/p>\n<p>Reconociendo las variantes dial\u00e9cticas del yiddish, se esforz\u00f3 por preservar algunas distinciones, al moldear la ling\u00fc\u00edstica, para contribuir mejor al folclore. Tambi\u00e9n siempre tuvo en cuenta que la melod\u00eda no conoce fronteras ni de tiempo, ni de lugar, ni de persona, y que existen elementos no musicales importantes en una expresi\u00f3n musical folcl\u00f3rica.<\/p>\n<p>Entre otros premios, recibi\u00f3 el <em>Yiddish Folk Arts Program Lifetime Achievement Award<\/em>, en reconocimiento de su contribuci\u00f3n importante para la cultura yidis.<em><span style=\"color: #171717;\"><span style=\"font-family: Roboto, sans-serif;\"><span style=\"font-size: medium;\">\u00a0Award<\/span><\/span><\/span><\/em><span style=\"color: #171717;\"><span style=\"font-family: Roboto, sans-serif;\"><span style=\"font-size: medium;\">, en reconnaissance de sa grande contribution pour la culture yiddish.<\/span><\/span><\/span><\/p>\n<p>Ruth Rubin cuenta entre los mayores coleccionistas y especialistas del yiddish, con <strong><a href=\"https:\/\/www.iemj.org\/es\/beregovski-moisei-iakovlevich-1892-1961\/\" target=\"_blank\" rel=\"noopener\">Moshe Beregovski<\/a><\/strong> (1892\u20131961) y <strong>Yehuda Leyb Cahan<\/strong> (1881-1937). Por fin sus investigaciones sobre los v\u00ednculos entre la m\u00fasica y los textos ponen su trabajo en la l\u00ednea directa del fundador de la musicolog\u00eda jud\u00eda <strong>Abraham Z. Idelsohn<\/strong> (1882-1938).<\/p>\n\n\n<figure class=\"wp-block-gallery has-nested-images columns-default is-cropped wp-block-gallery-1 is-layout-flex wp-block-gallery-is-layout-flex\">\n<figure class=\"wp-block-image size-large\"><img decoding=\"async\" width=\"197\" height=\"300\" data-id=\"82463\" src=\"https:\/\/www.iemj.org\/wp-content\/uploads\/2022\/04\/beregovski.jpg\" alt=\"beregovski\" class=\"wp-image-82463\"\/><figcaption class=\"wp-element-caption\"><strong>Moshe Beregovski<\/strong><\/figcaption><\/figure>\n\n\n\n<figure class=\"wp-block-image size-large\"><img loading=\"lazy\" decoding=\"async\" width=\"260\" height=\"300\" data-id=\"82458\" src=\"https:\/\/www.iemj.org\/wp-content\/uploads\/2022\/04\/Yehuda-Leyb-Cahan.jpg\" alt=\"Yehuda Leyb Cahan\" class=\"wp-image-82458\"\/><figcaption class=\"wp-element-caption\"><strong>Yehuda Leyb Cahan<\/strong><\/figcaption><\/figure>\n\n\n\n<figure class=\"wp-block-image size-large\"><img loading=\"lazy\" decoding=\"async\" width=\"238\" height=\"300\" data-id=\"82453\" src=\"https:\/\/www.iemj.org\/wp-content\/uploads\/2022\/04\/idelsohn.jpg\" alt=\"idelsohn\" class=\"wp-image-82453\"\/><figcaption class=\"wp-element-caption\"><strong>Abraham Z. Idelsohn<\/strong><\/figcaption><\/figure>\n<\/figure>\n\n\n<p class=\"Textbody\"><span lang=\"ES\">Ruth Rubin muri\u00f3 el 11 de junio de 2000 en Nueva York, a los 93 a\u00f1os.<\/span><\/p>\n<p class=\"Textbody\"><i><span lang=\"ES\">Fuentes<\/span><\/i><span lang=\"ES\">:<\/span><\/p>\n<p><em style=\"font-size: revert; background-color: var(--bs-body-bg); color: var(--bs-body-color); font-family: var(--bs-body-font-family); font-weight: var(--bs-body-font-weight); text-align: var(--bs-body-text-align);\">ces:<\/em><\/p>\n<p><a href=\"https:\/\/ruthrubin.yivo.org\/exhibits\/show\/ruth-rubin-sound-archive\/who-was-ruth-rubin\/irene-heskes-s-biography-of-ru\"><em>Irene Heskes de la p\u00e1gina web the Ruth Rubin legacy<\/em><\/a><\/p>\n\n\n<div class=\"wp-block-columns are-vertically-aligned-center is-layout-flex wp-container-core-columns-is-layout-9d6595d7 wp-block-columns-is-layout-flex\">\n<div class=\"wp-block-column is-vertically-aligned-center is-layout-flow wp-block-column-is-layout-flow\">\n<figure class=\"wp-block-embed alignleft is-type-video is-provider-youtube wp-block-embed-youtube wp-embed-aspect-16-9 wp-has-aspect-ratio\"><div class=\"wp-block-embed__wrapper\">\n<iframe title=\"Ruth Rubin Performs &quot;Hot zikh mir di zip tsezipt&quot;\" width=\"640\" height=\"360\" src=\"https:\/\/www.youtube.com\/embed\/s1SVXtFpDAU?feature=oembed\" frameborder=\"0\" allow=\"accelerometer; autoplay; clipboard-write; encrypted-media; gyroscope; picture-in-picture; web-share\" referrerpolicy=\"strict-origin-when-cross-origin\" allowfullscreen><\/iframe>\n<\/div><\/figure>\n<\/div>\n\n\n\n<div class=\"wp-block-column is-vertically-aligned-center is-layout-flow wp-block-column-is-layout-flow\">\n<figure class=\"wp-block-embed is-type-video is-provider-youtube wp-block-embed-youtube wp-embed-aspect-16-9 wp-has-aspect-ratio\"><div class=\"wp-block-embed__wrapper\">\n<iframe title=\"Ruth Rubin, \u00ab Oy  Chanukah \u00bb\" width=\"640\" height=\"360\" src=\"https:\/\/www.youtube.com\/embed\/ihFYho42ruk?feature=oembed\" frameborder=\"0\" allow=\"accelerometer; autoplay; clipboard-write; encrypted-media; gyroscope; picture-in-picture; web-share\" referrerpolicy=\"strict-origin-when-cross-origin\" allowfullscreen><\/iframe>\n<\/div><\/figure>\n<\/div>\n<\/div>\n\n\n\n<div class=\"wp-block-columns is-layout-flex wp-container-core-columns-is-layout-9d6595d7 wp-block-columns-is-layout-flex\">\n<div class=\"wp-block-column is-layout-flow wp-block-column-is-layout-flow\">\n<p><a href=\"https:\/\/ruthrubin.yivo.org\/exhibits\/show\/ruth-rubin-sound-archive\/home\" target=\"_blank\" rel=\"noreferrer noopener\"><em>Ver la p\u00e1gina web The Ruth Rubin Legacy, que incluye entre otros sus grabaciones de campo<\/em><\/a><\/p>\n<\/div>\n<\/div>\n\n\n\n<p><\/p>\n","protected":false},"excerpt":{"rendered":"<p>Ruth Rubin, de nombre original Rifkele Royzenblatt (o Rivke Rosenblatt) naci\u00f3 en Montreal en 1906. Proveniente de una familia originaria de Besarabia, se cri\u00f3 en un \u00e1mbito literario y musical.<\/p>\n","protected":false},"author":1048,"featured_media":78287,"comment_status":"closed","ping_status":"closed","sticky":false,"template":"","format":"standard","meta":{"_acf_changed":false,"footnotes":""},"categories":[1417],"tags":[],"technique":[],"squelettes":[],"sujet":[],"formation":[],"genre":[1863],"fonds":[],"tradition":[],"type-de-contenu":[],"interprete-compositeur":[],"frise":[],"type-devenement":[],"tableaux-liens-externes":[],"class_list":["post-89339","post","type-post","status-publish","format-standard","has-post-thumbnail","hentry","category-biografias-es","genre-yiddish-es"],"acf":[],"yoast_head":"<!-- This site is optimized with the Yoast SEO plugin v27.3 - https:\/\/yoast.com\/product\/yoast-seo-wordpress\/ -->\n<title>Rubin, Ruth (1906-2000) - Institut Europ\u00e9en des Musiques Juives<\/title>\n<meta name=\"robots\" content=\"index, follow, max-snippet:-1, max-image-preview:large, max-video-preview:-1\" \/>\n<link rel=\"canonical\" href=\"https:\/\/www.iemj.org\/es\/rubin-ruth-1906-2000\/\" \/>\n<meta property=\"og:locale\" content=\"es_ES\" \/>\n<meta property=\"og:type\" content=\"article\" \/>\n<meta property=\"og:title\" content=\"Rubin, Ruth (1906-2000) - Institut Europ\u00e9en des Musiques Juives\" \/>\n<meta property=\"og:description\" content=\"Ruth Rubin, de nombre original Rifkele Royzenblatt (o Rivke Rosenblatt) naci\u00f3 en Montreal en 1906. Proveniente de una familia originaria de Besarabia, se cri\u00f3 en un \u00e1mbito literario y musical.\" \/>\n<meta property=\"og:url\" content=\"https:\/\/www.iemj.org\/es\/rubin-ruth-1906-2000\/\" \/>\n<meta property=\"og:site_name\" content=\"Institut Europ\u00e9en des Musiques Juives\" \/>\n<meta property=\"article:publisher\" content=\"https:\/\/www.facebook.com\/MusiquesJuives\/\" \/>\n<meta property=\"article:published_time\" content=\"2022-01-24T11:19:58+00:00\" \/>\n<meta property=\"article:modified_time\" content=\"2024-03-13T12:02:05+00:00\" \/>\n<meta property=\"og:image\" content=\"https:\/\/www.iemj.org\/wp-content\/uploads\/2022\/01\/logo-e1643020710299.jpg\" \/>\n\t<meta property=\"og:image:width\" content=\"180\" \/>\n\t<meta property=\"og:image:height\" content=\"256\" \/>\n\t<meta property=\"og:image:type\" content=\"image\/jpeg\" \/>\n<meta name=\"author\" content=\"Jean-Gabriel Davis\" \/>\n<meta name=\"twitter:card\" content=\"summary_large_image\" \/>\n<meta name=\"twitter:label1\" content=\"Escrito por\" \/>\n\t<meta name=\"twitter:data1\" content=\"Jean-Gabriel Davis\" \/>\n\t<meta name=\"twitter:label2\" content=\"Tiempo de lectura\" \/>\n\t<meta name=\"twitter:data2\" content=\"7 minutos\" \/>\n<script type=\"application\/ld+json\" class=\"yoast-schema-graph\">{\"@context\":\"https:\\\/\\\/schema.org\",\"@graph\":[{\"@type\":\"Article\",\"@id\":\"https:\\\/\\\/www.iemj.org\\\/es\\\/rubin-ruth-1906-2000\\\/#article\",\"isPartOf\":{\"@id\":\"https:\\\/\\\/www.iemj.org\\\/es\\\/rubin-ruth-1906-2000\\\/\"},\"author\":{\"name\":\"Jean-Gabriel Davis\",\"@id\":\"https:\\\/\\\/www.iemj.org\\\/es\\\/#\\\/schema\\\/person\\\/c9bc1c386a3749579a2d675e72a18666\"},\"headline\":\"Rubin, Ruth (1906-2000)\",\"datePublished\":\"2022-01-24T11:19:58+00:00\",\"dateModified\":\"2024-03-13T12:02:05+00:00\",\"mainEntityOfPage\":{\"@id\":\"https:\\\/\\\/www.iemj.org\\\/es\\\/rubin-ruth-1906-2000\\\/\"},\"wordCount\":1020,\"publisher\":{\"@id\":\"https:\\\/\\\/www.iemj.org\\\/es\\\/#organization\"},\"image\":{\"@id\":\"https:\\\/\\\/www.iemj.org\\\/es\\\/rubin-ruth-1906-2000\\\/#primaryimage\"},\"thumbnailUrl\":\"https:\\\/\\\/www.iemj.org\\\/wp-content\\\/uploads\\\/2022\\\/01\\\/logo-e1643020710299.jpg\",\"articleSection\":[\"Biograf\u00edas\"],\"inLanguage\":\"es\"},{\"@type\":\"WebPage\",\"@id\":\"https:\\\/\\\/www.iemj.org\\\/es\\\/rubin-ruth-1906-2000\\\/\",\"url\":\"https:\\\/\\\/www.iemj.org\\\/es\\\/rubin-ruth-1906-2000\\\/\",\"name\":\"Rubin, Ruth (1906-2000) - Institut Europ\u00e9en des Musiques Juives\",\"isPartOf\":{\"@id\":\"https:\\\/\\\/www.iemj.org\\\/es\\\/#website\"},\"primaryImageOfPage\":{\"@id\":\"https:\\\/\\\/www.iemj.org\\\/es\\\/rubin-ruth-1906-2000\\\/#primaryimage\"},\"image\":{\"@id\":\"https:\\\/\\\/www.iemj.org\\\/es\\\/rubin-ruth-1906-2000\\\/#primaryimage\"},\"thumbnailUrl\":\"https:\\\/\\\/www.iemj.org\\\/wp-content\\\/uploads\\\/2022\\\/01\\\/logo-e1643020710299.jpg\",\"datePublished\":\"2022-01-24T11:19:58+00:00\",\"dateModified\":\"2024-03-13T12:02:05+00:00\",\"breadcrumb\":{\"@id\":\"https:\\\/\\\/www.iemj.org\\\/es\\\/rubin-ruth-1906-2000\\\/#breadcrumb\"},\"inLanguage\":\"es\",\"potentialAction\":[{\"@type\":\"ReadAction\",\"target\":[\"https:\\\/\\\/www.iemj.org\\\/es\\\/rubin-ruth-1906-2000\\\/\"]}]},{\"@type\":\"ImageObject\",\"inLanguage\":\"es\",\"@id\":\"https:\\\/\\\/www.iemj.org\\\/es\\\/rubin-ruth-1906-2000\\\/#primaryimage\",\"url\":\"https:\\\/\\\/www.iemj.org\\\/wp-content\\\/uploads\\\/2022\\\/01\\\/logo-e1643020710299.jpg\",\"contentUrl\":\"https:\\\/\\\/www.iemj.org\\\/wp-content\\\/uploads\\\/2022\\\/01\\\/logo-e1643020710299.jpg\",\"width\":180,\"height\":256},{\"@type\":\"BreadcrumbList\",\"@id\":\"https:\\\/\\\/www.iemj.org\\\/es\\\/rubin-ruth-1906-2000\\\/#breadcrumb\",\"itemListElement\":[{\"@type\":\"ListItem\",\"position\":1,\"name\":\"Accueil\",\"item\":\"https:\\\/\\\/www.iemj.org\\\/es\\\/\"},{\"@type\":\"ListItem\",\"position\":2,\"name\":\"Rubin, Ruth (1906-2000)\"}]},{\"@type\":\"WebSite\",\"@id\":\"https:\\\/\\\/www.iemj.org\\\/es\\\/#website\",\"url\":\"https:\\\/\\\/www.iemj.org\\\/es\\\/\",\"name\":\"Institut Europ\u00e9en des Musiques Juives\",\"description\":\"Des traditions musicales \u00e0 la port\u00e9e de tous\",\"publisher\":{\"@id\":\"https:\\\/\\\/www.iemj.org\\\/es\\\/#organization\"},\"potentialAction\":[{\"@type\":\"SearchAction\",\"target\":{\"@type\":\"EntryPoint\",\"urlTemplate\":\"https:\\\/\\\/www.iemj.org\\\/es\\\/?s={search_term_string}\"},\"query-input\":{\"@type\":\"PropertyValueSpecification\",\"valueRequired\":true,\"valueName\":\"search_term_string\"}}],\"inLanguage\":\"es\"},{\"@type\":\"Organization\",\"@id\":\"https:\\\/\\\/www.iemj.org\\\/es\\\/#organization\",\"name\":\"Institut Europ\u00e9en des Musiques Juives\",\"url\":\"https:\\\/\\\/www.iemj.org\\\/es\\\/\",\"logo\":{\"@type\":\"ImageObject\",\"inLanguage\":\"es\",\"@id\":\"https:\\\/\\\/www.iemj.org\\\/es\\\/#\\\/schema\\\/logo\\\/image\\\/\",\"url\":\"https:\\\/\\\/www.iemj.org\\\/wp-content\\\/uploads\\\/2021\\\/09\\\/Logo-IEMJ-Paypal.jpg\",\"contentUrl\":\"https:\\\/\\\/www.iemj.org\\\/wp-content\\\/uploads\\\/2021\\\/09\\\/Logo-IEMJ-Paypal.jpg\",\"width\":150,\"height\":50,\"caption\":\"Institut Europ\u00e9en des Musiques Juives\"},\"image\":{\"@id\":\"https:\\\/\\\/www.iemj.org\\\/es\\\/#\\\/schema\\\/logo\\\/image\\\/\"},\"sameAs\":[\"https:\\\/\\\/www.facebook.com\\\/MusiquesJuives\\\/\",\"https:\\\/\\\/www.instagram.com\\\/musiquesjuives\\\/\",\"https:\\\/\\\/www.youtube.com\\\/user\\\/musiquesjuives\"]},{\"@type\":\"Person\",\"@id\":\"https:\\\/\\\/www.iemj.org\\\/es\\\/#\\\/schema\\\/person\\\/c9bc1c386a3749579a2d675e72a18666\",\"name\":\"Jean-Gabriel Davis\",\"image\":{\"@type\":\"ImageObject\",\"inLanguage\":\"es\",\"@id\":\"https:\\\/\\\/secure.gravatar.com\\\/avatar\\\/2b90d67bdf392c9b3a21fab87c0fa7edaf1fb3a058172a1ffd61033fcec7aec1?s=96&d=mm&r=g\",\"url\":\"https:\\\/\\\/secure.gravatar.com\\\/avatar\\\/2b90d67bdf392c9b3a21fab87c0fa7edaf1fb3a058172a1ffd61033fcec7aec1?s=96&d=mm&r=g\",\"contentUrl\":\"https:\\\/\\\/secure.gravatar.com\\\/avatar\\\/2b90d67bdf392c9b3a21fab87c0fa7edaf1fb3a058172a1ffd61033fcec7aec1?s=96&d=mm&r=g\",\"caption\":\"Jean-Gabriel Davis\"}}]}<\/script>\n<!-- \/ Yoast SEO plugin. -->","yoast_head_json":{"title":"Rubin, Ruth (1906-2000) - Institut Europ\u00e9en des Musiques Juives","robots":{"index":"index","follow":"follow","max-snippet":"max-snippet:-1","max-image-preview":"max-image-preview:large","max-video-preview":"max-video-preview:-1"},"canonical":"https:\/\/www.iemj.org\/es\/rubin-ruth-1906-2000\/","og_locale":"es_ES","og_type":"article","og_title":"Rubin, Ruth (1906-2000) - Institut Europ\u00e9en des Musiques Juives","og_description":"Ruth Rubin, de nombre original Rifkele Royzenblatt (o Rivke Rosenblatt) naci\u00f3 en Montreal en 1906. Proveniente de una familia originaria de Besarabia, se cri\u00f3 en un \u00e1mbito literario y musical.","og_url":"https:\/\/www.iemj.org\/es\/rubin-ruth-1906-2000\/","og_site_name":"Institut Europ\u00e9en des Musiques Juives","article_publisher":"https:\/\/www.facebook.com\/MusiquesJuives\/","article_published_time":"2022-01-24T11:19:58+00:00","article_modified_time":"2024-03-13T12:02:05+00:00","og_image":[{"width":180,"height":256,"url":"https:\/\/www.iemj.org\/wp-content\/uploads\/2022\/01\/logo-e1643020710299.jpg","type":"image\/jpeg"}],"author":"Jean-Gabriel Davis","twitter_card":"summary_large_image","twitter_misc":{"Escrito por":"Jean-Gabriel Davis","Tiempo de lectura":"7 minutos"},"schema":{"@context":"https:\/\/schema.org","@graph":[{"@type":"Article","@id":"https:\/\/www.iemj.org\/es\/rubin-ruth-1906-2000\/#article","isPartOf":{"@id":"https:\/\/www.iemj.org\/es\/rubin-ruth-1906-2000\/"},"author":{"name":"Jean-Gabriel Davis","@id":"https:\/\/www.iemj.org\/es\/#\/schema\/person\/c9bc1c386a3749579a2d675e72a18666"},"headline":"Rubin, Ruth (1906-2000)","datePublished":"2022-01-24T11:19:58+00:00","dateModified":"2024-03-13T12:02:05+00:00","mainEntityOfPage":{"@id":"https:\/\/www.iemj.org\/es\/rubin-ruth-1906-2000\/"},"wordCount":1020,"publisher":{"@id":"https:\/\/www.iemj.org\/es\/#organization"},"image":{"@id":"https:\/\/www.iemj.org\/es\/rubin-ruth-1906-2000\/#primaryimage"},"thumbnailUrl":"https:\/\/www.iemj.org\/wp-content\/uploads\/2022\/01\/logo-e1643020710299.jpg","articleSection":["Biograf\u00edas"],"inLanguage":"es"},{"@type":"WebPage","@id":"https:\/\/www.iemj.org\/es\/rubin-ruth-1906-2000\/","url":"https:\/\/www.iemj.org\/es\/rubin-ruth-1906-2000\/","name":"Rubin, Ruth (1906-2000) - Institut Europ\u00e9en des Musiques Juives","isPartOf":{"@id":"https:\/\/www.iemj.org\/es\/#website"},"primaryImageOfPage":{"@id":"https:\/\/www.iemj.org\/es\/rubin-ruth-1906-2000\/#primaryimage"},"image":{"@id":"https:\/\/www.iemj.org\/es\/rubin-ruth-1906-2000\/#primaryimage"},"thumbnailUrl":"https:\/\/www.iemj.org\/wp-content\/uploads\/2022\/01\/logo-e1643020710299.jpg","datePublished":"2022-01-24T11:19:58+00:00","dateModified":"2024-03-13T12:02:05+00:00","breadcrumb":{"@id":"https:\/\/www.iemj.org\/es\/rubin-ruth-1906-2000\/#breadcrumb"},"inLanguage":"es","potentialAction":[{"@type":"ReadAction","target":["https:\/\/www.iemj.org\/es\/rubin-ruth-1906-2000\/"]}]},{"@type":"ImageObject","inLanguage":"es","@id":"https:\/\/www.iemj.org\/es\/rubin-ruth-1906-2000\/#primaryimage","url":"https:\/\/www.iemj.org\/wp-content\/uploads\/2022\/01\/logo-e1643020710299.jpg","contentUrl":"https:\/\/www.iemj.org\/wp-content\/uploads\/2022\/01\/logo-e1643020710299.jpg","width":180,"height":256},{"@type":"BreadcrumbList","@id":"https:\/\/www.iemj.org\/es\/rubin-ruth-1906-2000\/#breadcrumb","itemListElement":[{"@type":"ListItem","position":1,"name":"Accueil","item":"https:\/\/www.iemj.org\/es\/"},{"@type":"ListItem","position":2,"name":"Rubin, Ruth (1906-2000)"}]},{"@type":"WebSite","@id":"https:\/\/www.iemj.org\/es\/#website","url":"https:\/\/www.iemj.org\/es\/","name":"Institut Europ\u00e9en des Musiques Juives","description":"Des traditions musicales \u00e0 la port\u00e9e de tous","publisher":{"@id":"https:\/\/www.iemj.org\/es\/#organization"},"potentialAction":[{"@type":"SearchAction","target":{"@type":"EntryPoint","urlTemplate":"https:\/\/www.iemj.org\/es\/?s={search_term_string}"},"query-input":{"@type":"PropertyValueSpecification","valueRequired":true,"valueName":"search_term_string"}}],"inLanguage":"es"},{"@type":"Organization","@id":"https:\/\/www.iemj.org\/es\/#organization","name":"Institut Europ\u00e9en des Musiques Juives","url":"https:\/\/www.iemj.org\/es\/","logo":{"@type":"ImageObject","inLanguage":"es","@id":"https:\/\/www.iemj.org\/es\/#\/schema\/logo\/image\/","url":"https:\/\/www.iemj.org\/wp-content\/uploads\/2021\/09\/Logo-IEMJ-Paypal.jpg","contentUrl":"https:\/\/www.iemj.org\/wp-content\/uploads\/2021\/09\/Logo-IEMJ-Paypal.jpg","width":150,"height":50,"caption":"Institut Europ\u00e9en des Musiques Juives"},"image":{"@id":"https:\/\/www.iemj.org\/es\/#\/schema\/logo\/image\/"},"sameAs":["https:\/\/www.facebook.com\/MusiquesJuives\/","https:\/\/www.instagram.com\/musiquesjuives\/","https:\/\/www.youtube.com\/user\/musiquesjuives"]},{"@type":"Person","@id":"https:\/\/www.iemj.org\/es\/#\/schema\/person\/c9bc1c386a3749579a2d675e72a18666","name":"Jean-Gabriel Davis","image":{"@type":"ImageObject","inLanguage":"es","@id":"https:\/\/secure.gravatar.com\/avatar\/2b90d67bdf392c9b3a21fab87c0fa7edaf1fb3a058172a1ffd61033fcec7aec1?s=96&d=mm&r=g","url":"https:\/\/secure.gravatar.com\/avatar\/2b90d67bdf392c9b3a21fab87c0fa7edaf1fb3a058172a1ffd61033fcec7aec1?s=96&d=mm&r=g","contentUrl":"https:\/\/secure.gravatar.com\/avatar\/2b90d67bdf392c9b3a21fab87c0fa7edaf1fb3a058172a1ffd61033fcec7aec1?s=96&d=mm&r=g","caption":"Jean-Gabriel Davis"}}]}},"_links":{"self":[{"href":"https:\/\/www.iemj.org\/es\/wp-json\/wp\/v2\/posts\/89339","targetHints":{"allow":["GET"]}}],"collection":[{"href":"https:\/\/www.iemj.org\/es\/wp-json\/wp\/v2\/posts"}],"about":[{"href":"https:\/\/www.iemj.org\/es\/wp-json\/wp\/v2\/types\/post"}],"author":[{"embeddable":true,"href":"https:\/\/www.iemj.org\/es\/wp-json\/wp\/v2\/users\/1048"}],"replies":[{"embeddable":true,"href":"https:\/\/www.iemj.org\/es\/wp-json\/wp\/v2\/comments?post=89339"}],"version-history":[{"count":0,"href":"https:\/\/www.iemj.org\/es\/wp-json\/wp\/v2\/posts\/89339\/revisions"}],"wp:featuredmedia":[{"embeddable":true,"href":"https:\/\/www.iemj.org\/es\/wp-json\/wp\/v2\/media\/78287"}],"wp:attachment":[{"href":"https:\/\/www.iemj.org\/es\/wp-json\/wp\/v2\/media?parent=89339"}],"wp:term":[{"taxonomy":"category","embeddable":true,"href":"https:\/\/www.iemj.org\/es\/wp-json\/wp\/v2\/categories?post=89339"},{"taxonomy":"post_tag","embeddable":true,"href":"https:\/\/www.iemj.org\/es\/wp-json\/wp\/v2\/tags?post=89339"},{"taxonomy":"technique","embeddable":true,"href":"https:\/\/www.iemj.org\/es\/wp-json\/wp\/v2\/technique?post=89339"},{"taxonomy":"squelettes","embeddable":true,"href":"https:\/\/www.iemj.org\/es\/wp-json\/wp\/v2\/squelettes?post=89339"},{"taxonomy":"sujet","embeddable":true,"href":"https:\/\/www.iemj.org\/es\/wp-json\/wp\/v2\/sujet?post=89339"},{"taxonomy":"formation","embeddable":true,"href":"https:\/\/www.iemj.org\/es\/wp-json\/wp\/v2\/formation?post=89339"},{"taxonomy":"genre","embeddable":true,"href":"https:\/\/www.iemj.org\/es\/wp-json\/wp\/v2\/genre?post=89339"},{"taxonomy":"fonds","embeddable":true,"href":"https:\/\/www.iemj.org\/es\/wp-json\/wp\/v2\/fonds?post=89339"},{"taxonomy":"tradition","embeddable":true,"href":"https:\/\/www.iemj.org\/es\/wp-json\/wp\/v2\/tradition?post=89339"},{"taxonomy":"type-de-contenu","embeddable":true,"href":"https:\/\/www.iemj.org\/es\/wp-json\/wp\/v2\/type-de-contenu?post=89339"},{"taxonomy":"interprete-compositeur","embeddable":true,"href":"https:\/\/www.iemj.org\/es\/wp-json\/wp\/v2\/interprete-compositeur?post=89339"},{"taxonomy":"frise","embeddable":true,"href":"https:\/\/www.iemj.org\/es\/wp-json\/wp\/v2\/frise?post=89339"},{"taxonomy":"type-devenement","embeddable":true,"href":"https:\/\/www.iemj.org\/es\/wp-json\/wp\/v2\/type-devenement?post=89339"},{"taxonomy":"tableaux-liens-externes","embeddable":true,"href":"https:\/\/www.iemj.org\/es\/wp-json\/wp\/v2\/tableaux-liens-externes?post=89339"}],"curies":[{"name":"wp","href":"https:\/\/api.w.org\/{rel}","templated":true}]}}