{"id":89367,"date":"2019-06-18T18:03:00","date_gmt":"2019-06-18T16:03:00","guid":{"rendered":"https:\/\/www.iemj.org\/ozeri-ahuva-1948-2016\/"},"modified":"2022-10-27T16:21:41","modified_gmt":"2022-10-27T14:21:41","slug":"ozeri-ahuva-1948-2016","status":"publish","type":"post","link":"https:\/\/www.iemj.org\/es\/ozeri-ahuva-1948-2016\/","title":{"rendered":"Ozeri, Ahuva (1948-2016)"},"content":{"rendered":"<p>Ahuva Ozeri (\u05d0\u05d4\u05d5\u05d1\u05d4 \u05e2\u05d5\u05d6\u05e8\u05d9) naci\u00f3 el 3 de marzo de 1948 en Tel Aviv en una familia jud\u00eda yemen\u00ed. Su padre falleci\u00f3 cuando ten\u00eda cuatro a\u00f1os. Ten\u00eda siete hermanos.<\/p>\n<p>Empez\u00f3 su carrera como cantante en los a\u00f1os 1960. \u00bfSu particularidad ? Se acompa\u00f1aba con el Bulbul Tarang, un instrumento de m\u00fasica indio de cuerda pulsada y de teclado, cuyo aprendi\u00f3 a tocar con Ravi Shankar. En 1975, public\u00f3 su primer \u00e1lbum <em>O\u00f9 est le soldat ?, sus<\/em> canciones abordando el tema de la guerra de Kippur. Este primer \u00e1lbum obtuvo un enorme \u00e9xito y tendr\u00e1 muchos otros.<\/p>\n<p><img decoding=\"async\" class=\" alignright size-full wp-image-24349\" src=\"https:\/\/www.iemj.org\/wp-content\/uploads\/2019\/06\/ahuva_ozeri_avec_son_bulbul_tarang_redim.jpg\" alt=\"ahuva_ozeri_avec_son_bulbul_tarang_redim.jpg\" width=\"270\" height=\"168\" align=\"right\" \/><\/p>\n<p>Artista reconocida, compuso muchas canciones y trabaj\u00f3 como entrenadora vocal para artistas famosos como Zohar Argov, Daklon, Yoav Itshak, el grupo Hadag Nahash, o m\u00e1s recientemente Saguiv Cohen que ayud\u00f3 a\u00a0 darse a conocer en la escena musical israel\u00ed.<\/p>\n<p>Zohar Argov dio testimonio de su aprendizaje junto a Ahuva Ozeri :<\/p>\n<p>\u201cCuando quise desarrollar mi voz, quer\u00eda aprender con los mejores, entonces me fui a ver a la famosa cantante Ahuva Ozeri. La segu\u00eda en todos sus conciertos para aprender de sus representaciones en el escenario, le cant\u00e9 en privado pregunt\u00e1ndole si cantaba sin desafinar ? Ella me pregunt\u00f3 : \u00bfqu\u00e9 quieres de m\u00ed ? Le contest\u00e9 : quiero que me ense\u00f1es a cantar\u2026 \u201d<\/p>\n<p><img fetchpriority=\"high\" decoding=\"async\" class=\" alignleft size-full wp-image-24351\" src=\"https:\/\/www.iemj.org\/wp-content\/uploads\/2019\/06\/ahuva_ozeri_couv_recadree_redim.jpg\" alt=\"ahuva_ozeri_couv_recadree_redim.jpg\" width=\"230\" height=\"225\" align=\"left\" \/><\/p>\n<p>En 2000, Ahuva Ozeri padec\u00eda un c\u00e1ncer de laringe. Fue sometida a distintas operaciones quir\u00fargicas. A pesar de la p\u00e9rdida de sus cuerdas vocales,\u00a0 sigui\u00f3 publicando m\u00fasicas, incluyendo seis nuevos \u00e1lbumes, entre los cuales <em>Sticker Song <\/em><em>con<\/em> Hadag Nahash en 2008 y <em>Maalei Demama<\/em> (Salida del silencio) su \u00faltimo trabajo publicado en 2013, en el que escribi\u00f3 y compuso\u00a0 canciones interpretadas por artistas como Berry Sakharof, Ehud Banai y Chava Alberstein.<\/p>\n<p>Ahuva Ozeri falleci\u00f3 a causa de un c\u00e1ncer el 13 de diciembre de 2016 en el centre m\u00e9dico Cheva de Ram\u00e2t Gan, en Israel, a los 68 a\u00f1os. Cuando muri\u00f3, el Primer ministro Benjamin Netanyahu la calific\u00f3 de \u201cpionera de la m\u00fasica mediterr\u00e1nea en Israel\u201d. Miri Regev, ministra israel\u00ed de Cultura y de\u00a0 Deportes, tuite\u00f3 : \u201cLa corona de una cultura israel\u00ed renovada se cay\u00f3 hoy. Ahuva (que significa \u201cquerido\u201d en hebreo), descanse en paz. Le aseguro que su voz nunca quedar\u00e1 silenciada para siempre. \u201d<\/p>\n<p><img decoding=\"async\" class=\" alignright size-full wp-image-24353\" src=\"https:\/\/www.iemj.org\/wp-content\/uploads\/2019\/06\/ahuva_ozeri_redim.jpg\" alt=\"ahuva_ozeri_redim.jpg\" width=\"250\" height=\"187\" align=\"right\" \/><\/p>\n<p>Yuli Edelstein, el presidente de la Kn\u00e9set, la calific\u00f3 de \u201cfigura \u00fanica que mezcl\u00f3 de menera sorprendente Este y Oeste en sus melod\u00edas y sus letras\u201d, a\u00f1adiendo que \u201csu dedicaci\u00f3n a su trabjo a pesar de los desaf\u00edos es una fuente de inspiraci\u00f3n. \u00bb<\/p>\n<p>En 2008, Ahuva Ozeri recibi\u00f3 un premio de la Sociedad de los autores, compositores y editores de m\u00fasica en Israel (ACUM). Era \u201cuna madre fundadora de la m\u00fasica mizrahi\u201d seg\u00fan la emisora de radio <em>Arutz Cheva <\/em><em>y<\/em> \u201cuna pionera de la m\u00fasica israel\u00cd\u201d, seg\u00fan el <em>Times of Israel<\/em>. Se le dedic\u00f3 un documental, creado por el cineasta israel\u00ed Uri Barbash.<\/p>\n<p><strong>Sources :<\/strong><br \/>\nWikipedia : <a href=\"https:\/\/en.wikipedia.org\/wiki\/Ahuva_Ozeri\">https:\/\/en.wikipedia.org\/wiki\/Ahuva_Ozeri<\/a><br \/>\nTimes of Israel : <a href=\"https:\/\/fr.timesofisrael.com\/ahuva-ozeri-chanteuse-mizrahie-pionniere-est-morte-a-68-ans\/\">https:\/\/fr.timesofisrael.com\/ahuva-ozeri-chanteuse-mizrahie-pionniere-est-morte-a-68-ans\/<\/a><br \/>\nIsrael Hayom : <a href=\"http:\/\/www.israelhayom.com\/site\/newsletter_article.php?id=38771\">http:\/\/www.israelhayom.com\/site\/newsletter_article.php?id=38771<\/a><\/p>\n<p><a href=\"https:\/\/www.iemj.org\/es\/la-musique-de-la-legendaire-ahuva-ozeri\/\" target=\"_blank\" rel=\"noopener\">Escuchar la lista de reproducci\u00f3n de las canciones m\u00e1s bonitas de Ahuva Ozeri<\/a><\/p>\n<p><iframe src=\"https:\/\/www.youtube.com\/embed\/oISiyEdnijc\" width=\"600\" height=\"350\" frameborder=\"0\" allowfullscreen=\"allowfullscreen\"><\/iframe><\/p>\n<p>Programa de radio Studio Qualita a continuaci\u00f3n<\/p>\n<p><iframe src=\"https:\/\/www.youtube.com\/embed\/DvAOvZT0KOU\" width=\"600\" height=\"300\" frameborder=\"0\" allowfullscreen=\"allowfullscreen\"><\/iframe><\/p>\n","protected":false},"excerpt":{"rendered":"<p>Ahuva Ozeri (\u05d0\u05d4\u05d5\u05d1\u05d4 \u05e2\u05d5\u05d6\u05e8\u05d9) naci\u00f3 el 3 de marzo de 1948 en Tel Aviv en una familia jud\u00eda yemen\u00ed. Su padre falleci\u00f3 cuando ten\u00eda cuatro a\u00f1os. Ten\u00eda siete hermanos. Empez\u00f3<\/p>\n","protected":false},"author":5,"featured_media":52373,"comment_status":"closed","ping_status":"open","sticky":false,"template":"","format":"standard","meta":{"_acf_changed":false,"footnotes":""},"categories":[1417],"tags":[],"technique":[],"squelettes":[],"sujet":[],"formation":[],"genre":[1915],"fonds":[],"tradition":[],"type-de-contenu":[],"interprete-compositeur":[],"frise":[],"type-devenement":[],"tableaux-liens-externes":[],"class_list":["post-89367","post","type-post","status-publish","format-standard","has-post-thumbnail","hentry","category-biografias-es","genre-oriental-es"],"acf":[],"yoast_head":"<!-- This site is optimized with the Yoast SEO plugin v27.3 - https:\/\/yoast.com\/product\/yoast-seo-wordpress\/ -->\n<title>Ozeri, Ahuva (1948-2016) - Institut Europ\u00e9en des Musiques Juives<\/title>\n<meta name=\"robots\" content=\"index, follow, max-snippet:-1, max-image-preview:large, max-video-preview:-1\" \/>\n<link rel=\"canonical\" href=\"https:\/\/www.iemj.org\/es\/ozeri-ahuva-1948-2016\/\" \/>\n<meta property=\"og:locale\" content=\"es_ES\" \/>\n<meta property=\"og:type\" content=\"article\" \/>\n<meta property=\"og:title\" content=\"Ozeri, Ahuva (1948-2016) - Institut Europ\u00e9en des Musiques Juives\" \/>\n<meta property=\"og:description\" content=\"Ahuva Ozeri (\u05d0\u05d4\u05d5\u05d1\u05d4 \u05e2\u05d5\u05d6\u05e8\u05d9) naci\u00f3 el 3 de marzo de 1948 en Tel Aviv en una familia jud\u00eda yemen\u00ed. Su padre falleci\u00f3 cuando ten\u00eda cuatro a\u00f1os. Ten\u00eda siete hermanos. Empez\u00f3\" \/>\n<meta property=\"og:url\" content=\"https:\/\/www.iemj.org\/es\/ozeri-ahuva-1948-2016\/\" \/>\n<meta property=\"og:site_name\" content=\"Institut Europ\u00e9en des Musiques Juives\" \/>\n<meta property=\"article:publisher\" content=\"https:\/\/www.facebook.com\/MusiquesJuives\/\" \/>\n<meta property=\"article:published_time\" content=\"2019-06-18T16:03:00+00:00\" \/>\n<meta property=\"article:modified_time\" content=\"2022-10-27T14:21:41+00:00\" \/>\n<meta property=\"og:image\" content=\"https:\/\/www.iemj.org\/wp-content\/uploads\/2019\/06\/arton4217-e1625062945479.jpg\" \/>\n\t<meta property=\"og:image:width\" content=\"271\" \/>\n\t<meta property=\"og:image:height\" content=\"218\" \/>\n\t<meta property=\"og:image:type\" content=\"image\/jpeg\" \/>\n<meta name=\"author\" content=\"Jacqueline ROTEN\" \/>\n<meta name=\"twitter:card\" content=\"summary_large_image\" \/>\n<meta name=\"twitter:label1\" content=\"Escrito por\" \/>\n\t<meta name=\"twitter:data1\" content=\"Jacqueline ROTEN\" \/>\n\t<meta name=\"twitter:label2\" content=\"Tiempo de lectura\" \/>\n\t<meta name=\"twitter:data2\" content=\"3 minutos\" \/>\n<script type=\"application\/ld+json\" class=\"yoast-schema-graph\">{\"@context\":\"https:\\\/\\\/schema.org\",\"@graph\":[{\"@type\":\"Article\",\"@id\":\"https:\\\/\\\/www.iemj.org\\\/es\\\/ozeri-ahuva-1948-2016\\\/#article\",\"isPartOf\":{\"@id\":\"https:\\\/\\\/www.iemj.org\\\/es\\\/ozeri-ahuva-1948-2016\\\/\"},\"author\":{\"name\":\"Jacqueline ROTEN\",\"@id\":\"https:\\\/\\\/www.iemj.org\\\/es\\\/#\\\/schema\\\/person\\\/358e26c18aca017fcc4cc15437f7279c\"},\"headline\":\"Ozeri, Ahuva (1948-2016)\",\"datePublished\":\"2019-06-18T16:03:00+00:00\",\"dateModified\":\"2022-10-27T14:21:41+00:00\",\"mainEntityOfPage\":{\"@id\":\"https:\\\/\\\/www.iemj.org\\\/es\\\/ozeri-ahuva-1948-2016\\\/\"},\"wordCount\":538,\"publisher\":{\"@id\":\"https:\\\/\\\/www.iemj.org\\\/es\\\/#organization\"},\"image\":{\"@id\":\"https:\\\/\\\/www.iemj.org\\\/es\\\/ozeri-ahuva-1948-2016\\\/#primaryimage\"},\"thumbnailUrl\":\"https:\\\/\\\/www.iemj.org\\\/wp-content\\\/uploads\\\/2019\\\/06\\\/arton4217-e1625062945479.jpg\",\"articleSection\":[\"Biograf\u00edas\"],\"inLanguage\":\"es\"},{\"@type\":\"WebPage\",\"@id\":\"https:\\\/\\\/www.iemj.org\\\/es\\\/ozeri-ahuva-1948-2016\\\/\",\"url\":\"https:\\\/\\\/www.iemj.org\\\/es\\\/ozeri-ahuva-1948-2016\\\/\",\"name\":\"Ozeri, Ahuva (1948-2016) - Institut Europ\u00e9en des Musiques Juives\",\"isPartOf\":{\"@id\":\"https:\\\/\\\/www.iemj.org\\\/es\\\/#website\"},\"primaryImageOfPage\":{\"@id\":\"https:\\\/\\\/www.iemj.org\\\/es\\\/ozeri-ahuva-1948-2016\\\/#primaryimage\"},\"image\":{\"@id\":\"https:\\\/\\\/www.iemj.org\\\/es\\\/ozeri-ahuva-1948-2016\\\/#primaryimage\"},\"thumbnailUrl\":\"https:\\\/\\\/www.iemj.org\\\/wp-content\\\/uploads\\\/2019\\\/06\\\/arton4217-e1625062945479.jpg\",\"datePublished\":\"2019-06-18T16:03:00+00:00\",\"dateModified\":\"2022-10-27T14:21:41+00:00\",\"breadcrumb\":{\"@id\":\"https:\\\/\\\/www.iemj.org\\\/es\\\/ozeri-ahuva-1948-2016\\\/#breadcrumb\"},\"inLanguage\":\"es\",\"potentialAction\":[{\"@type\":\"ReadAction\",\"target\":[\"https:\\\/\\\/www.iemj.org\\\/es\\\/ozeri-ahuva-1948-2016\\\/\"]}]},{\"@type\":\"ImageObject\",\"inLanguage\":\"es\",\"@id\":\"https:\\\/\\\/www.iemj.org\\\/es\\\/ozeri-ahuva-1948-2016\\\/#primaryimage\",\"url\":\"https:\\\/\\\/www.iemj.org\\\/wp-content\\\/uploads\\\/2019\\\/06\\\/arton4217-e1625062945479.jpg\",\"contentUrl\":\"https:\\\/\\\/www.iemj.org\\\/wp-content\\\/uploads\\\/2019\\\/06\\\/arton4217-e1625062945479.jpg\",\"width\":271,\"height\":218},{\"@type\":\"BreadcrumbList\",\"@id\":\"https:\\\/\\\/www.iemj.org\\\/es\\\/ozeri-ahuva-1948-2016\\\/#breadcrumb\",\"itemListElement\":[{\"@type\":\"ListItem\",\"position\":1,\"name\":\"Accueil\",\"item\":\"https:\\\/\\\/www.iemj.org\\\/es\\\/\"},{\"@type\":\"ListItem\",\"position\":2,\"name\":\"Ozeri, Ahuva (1948-2016)\"}]},{\"@type\":\"WebSite\",\"@id\":\"https:\\\/\\\/www.iemj.org\\\/es\\\/#website\",\"url\":\"https:\\\/\\\/www.iemj.org\\\/es\\\/\",\"name\":\"Institut Europ\u00e9en des Musiques Juives\",\"description\":\"Des traditions musicales \u00e0 la port\u00e9e de tous\",\"publisher\":{\"@id\":\"https:\\\/\\\/www.iemj.org\\\/es\\\/#organization\"},\"potentialAction\":[{\"@type\":\"SearchAction\",\"target\":{\"@type\":\"EntryPoint\",\"urlTemplate\":\"https:\\\/\\\/www.iemj.org\\\/es\\\/?s={search_term_string}\"},\"query-input\":{\"@type\":\"PropertyValueSpecification\",\"valueRequired\":true,\"valueName\":\"search_term_string\"}}],\"inLanguage\":\"es\"},{\"@type\":\"Organization\",\"@id\":\"https:\\\/\\\/www.iemj.org\\\/es\\\/#organization\",\"name\":\"Institut Europ\u00e9en des Musiques Juives\",\"url\":\"https:\\\/\\\/www.iemj.org\\\/es\\\/\",\"logo\":{\"@type\":\"ImageObject\",\"inLanguage\":\"es\",\"@id\":\"https:\\\/\\\/www.iemj.org\\\/es\\\/#\\\/schema\\\/logo\\\/image\\\/\",\"url\":\"https:\\\/\\\/www.iemj.org\\\/wp-content\\\/uploads\\\/2021\\\/09\\\/Logo-IEMJ-Paypal.jpg\",\"contentUrl\":\"https:\\\/\\\/www.iemj.org\\\/wp-content\\\/uploads\\\/2021\\\/09\\\/Logo-IEMJ-Paypal.jpg\",\"width\":150,\"height\":50,\"caption\":\"Institut Europ\u00e9en des Musiques Juives\"},\"image\":{\"@id\":\"https:\\\/\\\/www.iemj.org\\\/es\\\/#\\\/schema\\\/logo\\\/image\\\/\"},\"sameAs\":[\"https:\\\/\\\/www.facebook.com\\\/MusiquesJuives\\\/\",\"https:\\\/\\\/www.instagram.com\\\/musiquesjuives\\\/\",\"https:\\\/\\\/www.youtube.com\\\/user\\\/musiquesjuives\"]},{\"@type\":\"Person\",\"@id\":\"https:\\\/\\\/www.iemj.org\\\/es\\\/#\\\/schema\\\/person\\\/358e26c18aca017fcc4cc15437f7279c\",\"name\":\"Jacqueline ROTEN\",\"image\":{\"@type\":\"ImageObject\",\"inLanguage\":\"es\",\"@id\":\"https:\\\/\\\/secure.gravatar.com\\\/avatar\\\/5964256d6c6957de3a3505278957e0fb2a35119ac47ea41827a65301213c810b?s=96&d=mm&r=g\",\"url\":\"https:\\\/\\\/secure.gravatar.com\\\/avatar\\\/5964256d6c6957de3a3505278957e0fb2a35119ac47ea41827a65301213c810b?s=96&d=mm&r=g\",\"contentUrl\":\"https:\\\/\\\/secure.gravatar.com\\\/avatar\\\/5964256d6c6957de3a3505278957e0fb2a35119ac47ea41827a65301213c810b?s=96&d=mm&r=g\",\"caption\":\"Jacqueline ROTEN\"}}]}<\/script>\n<!-- \/ Yoast SEO plugin. -->","yoast_head_json":{"title":"Ozeri, Ahuva (1948-2016) - Institut Europ\u00e9en des Musiques Juives","robots":{"index":"index","follow":"follow","max-snippet":"max-snippet:-1","max-image-preview":"max-image-preview:large","max-video-preview":"max-video-preview:-1"},"canonical":"https:\/\/www.iemj.org\/es\/ozeri-ahuva-1948-2016\/","og_locale":"es_ES","og_type":"article","og_title":"Ozeri, Ahuva (1948-2016) - Institut Europ\u00e9en des Musiques Juives","og_description":"Ahuva Ozeri (\u05d0\u05d4\u05d5\u05d1\u05d4 \u05e2\u05d5\u05d6\u05e8\u05d9) naci\u00f3 el 3 de marzo de 1948 en Tel Aviv en una familia jud\u00eda yemen\u00ed. Su padre falleci\u00f3 cuando ten\u00eda cuatro a\u00f1os. Ten\u00eda siete hermanos. Empez\u00f3","og_url":"https:\/\/www.iemj.org\/es\/ozeri-ahuva-1948-2016\/","og_site_name":"Institut Europ\u00e9en des Musiques Juives","article_publisher":"https:\/\/www.facebook.com\/MusiquesJuives\/","article_published_time":"2019-06-18T16:03:00+00:00","article_modified_time":"2022-10-27T14:21:41+00:00","og_image":[{"width":271,"height":218,"url":"https:\/\/www.iemj.org\/wp-content\/uploads\/2019\/06\/arton4217-e1625062945479.jpg","type":"image\/jpeg"}],"author":"Jacqueline ROTEN","twitter_card":"summary_large_image","twitter_misc":{"Escrito por":"Jacqueline ROTEN","Tiempo de lectura":"3 minutos"},"schema":{"@context":"https:\/\/schema.org","@graph":[{"@type":"Article","@id":"https:\/\/www.iemj.org\/es\/ozeri-ahuva-1948-2016\/#article","isPartOf":{"@id":"https:\/\/www.iemj.org\/es\/ozeri-ahuva-1948-2016\/"},"author":{"name":"Jacqueline ROTEN","@id":"https:\/\/www.iemj.org\/es\/#\/schema\/person\/358e26c18aca017fcc4cc15437f7279c"},"headline":"Ozeri, Ahuva (1948-2016)","datePublished":"2019-06-18T16:03:00+00:00","dateModified":"2022-10-27T14:21:41+00:00","mainEntityOfPage":{"@id":"https:\/\/www.iemj.org\/es\/ozeri-ahuva-1948-2016\/"},"wordCount":538,"publisher":{"@id":"https:\/\/www.iemj.org\/es\/#organization"},"image":{"@id":"https:\/\/www.iemj.org\/es\/ozeri-ahuva-1948-2016\/#primaryimage"},"thumbnailUrl":"https:\/\/www.iemj.org\/wp-content\/uploads\/2019\/06\/arton4217-e1625062945479.jpg","articleSection":["Biograf\u00edas"],"inLanguage":"es"},{"@type":"WebPage","@id":"https:\/\/www.iemj.org\/es\/ozeri-ahuva-1948-2016\/","url":"https:\/\/www.iemj.org\/es\/ozeri-ahuva-1948-2016\/","name":"Ozeri, Ahuva (1948-2016) - Institut Europ\u00e9en des Musiques Juives","isPartOf":{"@id":"https:\/\/www.iemj.org\/es\/#website"},"primaryImageOfPage":{"@id":"https:\/\/www.iemj.org\/es\/ozeri-ahuva-1948-2016\/#primaryimage"},"image":{"@id":"https:\/\/www.iemj.org\/es\/ozeri-ahuva-1948-2016\/#primaryimage"},"thumbnailUrl":"https:\/\/www.iemj.org\/wp-content\/uploads\/2019\/06\/arton4217-e1625062945479.jpg","datePublished":"2019-06-18T16:03:00+00:00","dateModified":"2022-10-27T14:21:41+00:00","breadcrumb":{"@id":"https:\/\/www.iemj.org\/es\/ozeri-ahuva-1948-2016\/#breadcrumb"},"inLanguage":"es","potentialAction":[{"@type":"ReadAction","target":["https:\/\/www.iemj.org\/es\/ozeri-ahuva-1948-2016\/"]}]},{"@type":"ImageObject","inLanguage":"es","@id":"https:\/\/www.iemj.org\/es\/ozeri-ahuva-1948-2016\/#primaryimage","url":"https:\/\/www.iemj.org\/wp-content\/uploads\/2019\/06\/arton4217-e1625062945479.jpg","contentUrl":"https:\/\/www.iemj.org\/wp-content\/uploads\/2019\/06\/arton4217-e1625062945479.jpg","width":271,"height":218},{"@type":"BreadcrumbList","@id":"https:\/\/www.iemj.org\/es\/ozeri-ahuva-1948-2016\/#breadcrumb","itemListElement":[{"@type":"ListItem","position":1,"name":"Accueil","item":"https:\/\/www.iemj.org\/es\/"},{"@type":"ListItem","position":2,"name":"Ozeri, Ahuva (1948-2016)"}]},{"@type":"WebSite","@id":"https:\/\/www.iemj.org\/es\/#website","url":"https:\/\/www.iemj.org\/es\/","name":"Institut Europ\u00e9en des Musiques Juives","description":"Des traditions musicales \u00e0 la port\u00e9e de tous","publisher":{"@id":"https:\/\/www.iemj.org\/es\/#organization"},"potentialAction":[{"@type":"SearchAction","target":{"@type":"EntryPoint","urlTemplate":"https:\/\/www.iemj.org\/es\/?s={search_term_string}"},"query-input":{"@type":"PropertyValueSpecification","valueRequired":true,"valueName":"search_term_string"}}],"inLanguage":"es"},{"@type":"Organization","@id":"https:\/\/www.iemj.org\/es\/#organization","name":"Institut Europ\u00e9en des Musiques Juives","url":"https:\/\/www.iemj.org\/es\/","logo":{"@type":"ImageObject","inLanguage":"es","@id":"https:\/\/www.iemj.org\/es\/#\/schema\/logo\/image\/","url":"https:\/\/www.iemj.org\/wp-content\/uploads\/2021\/09\/Logo-IEMJ-Paypal.jpg","contentUrl":"https:\/\/www.iemj.org\/wp-content\/uploads\/2021\/09\/Logo-IEMJ-Paypal.jpg","width":150,"height":50,"caption":"Institut Europ\u00e9en des Musiques Juives"},"image":{"@id":"https:\/\/www.iemj.org\/es\/#\/schema\/logo\/image\/"},"sameAs":["https:\/\/www.facebook.com\/MusiquesJuives\/","https:\/\/www.instagram.com\/musiquesjuives\/","https:\/\/www.youtube.com\/user\/musiquesjuives"]},{"@type":"Person","@id":"https:\/\/www.iemj.org\/es\/#\/schema\/person\/358e26c18aca017fcc4cc15437f7279c","name":"Jacqueline ROTEN","image":{"@type":"ImageObject","inLanguage":"es","@id":"https:\/\/secure.gravatar.com\/avatar\/5964256d6c6957de3a3505278957e0fb2a35119ac47ea41827a65301213c810b?s=96&d=mm&r=g","url":"https:\/\/secure.gravatar.com\/avatar\/5964256d6c6957de3a3505278957e0fb2a35119ac47ea41827a65301213c810b?s=96&d=mm&r=g","contentUrl":"https:\/\/secure.gravatar.com\/avatar\/5964256d6c6957de3a3505278957e0fb2a35119ac47ea41827a65301213c810b?s=96&d=mm&r=g","caption":"Jacqueline ROTEN"}}]}},"_links":{"self":[{"href":"https:\/\/www.iemj.org\/es\/wp-json\/wp\/v2\/posts\/89367","targetHints":{"allow":["GET"]}}],"collection":[{"href":"https:\/\/www.iemj.org\/es\/wp-json\/wp\/v2\/posts"}],"about":[{"href":"https:\/\/www.iemj.org\/es\/wp-json\/wp\/v2\/types\/post"}],"author":[{"embeddable":true,"href":"https:\/\/www.iemj.org\/es\/wp-json\/wp\/v2\/users\/5"}],"replies":[{"embeddable":true,"href":"https:\/\/www.iemj.org\/es\/wp-json\/wp\/v2\/comments?post=89367"}],"version-history":[{"count":0,"href":"https:\/\/www.iemj.org\/es\/wp-json\/wp\/v2\/posts\/89367\/revisions"}],"wp:featuredmedia":[{"embeddable":true,"href":"https:\/\/www.iemj.org\/es\/wp-json\/wp\/v2\/media\/52373"}],"wp:attachment":[{"href":"https:\/\/www.iemj.org\/es\/wp-json\/wp\/v2\/media?parent=89367"}],"wp:term":[{"taxonomy":"category","embeddable":true,"href":"https:\/\/www.iemj.org\/es\/wp-json\/wp\/v2\/categories?post=89367"},{"taxonomy":"post_tag","embeddable":true,"href":"https:\/\/www.iemj.org\/es\/wp-json\/wp\/v2\/tags?post=89367"},{"taxonomy":"technique","embeddable":true,"href":"https:\/\/www.iemj.org\/es\/wp-json\/wp\/v2\/technique?post=89367"},{"taxonomy":"squelettes","embeddable":true,"href":"https:\/\/www.iemj.org\/es\/wp-json\/wp\/v2\/squelettes?post=89367"},{"taxonomy":"sujet","embeddable":true,"href":"https:\/\/www.iemj.org\/es\/wp-json\/wp\/v2\/sujet?post=89367"},{"taxonomy":"formation","embeddable":true,"href":"https:\/\/www.iemj.org\/es\/wp-json\/wp\/v2\/formation?post=89367"},{"taxonomy":"genre","embeddable":true,"href":"https:\/\/www.iemj.org\/es\/wp-json\/wp\/v2\/genre?post=89367"},{"taxonomy":"fonds","embeddable":true,"href":"https:\/\/www.iemj.org\/es\/wp-json\/wp\/v2\/fonds?post=89367"},{"taxonomy":"tradition","embeddable":true,"href":"https:\/\/www.iemj.org\/es\/wp-json\/wp\/v2\/tradition?post=89367"},{"taxonomy":"type-de-contenu","embeddable":true,"href":"https:\/\/www.iemj.org\/es\/wp-json\/wp\/v2\/type-de-contenu?post=89367"},{"taxonomy":"interprete-compositeur","embeddable":true,"href":"https:\/\/www.iemj.org\/es\/wp-json\/wp\/v2\/interprete-compositeur?post=89367"},{"taxonomy":"frise","embeddable":true,"href":"https:\/\/www.iemj.org\/es\/wp-json\/wp\/v2\/frise?post=89367"},{"taxonomy":"type-devenement","embeddable":true,"href":"https:\/\/www.iemj.org\/es\/wp-json\/wp\/v2\/type-devenement?post=89367"},{"taxonomy":"tableaux-liens-externes","embeddable":true,"href":"https:\/\/www.iemj.org\/es\/wp-json\/wp\/v2\/tableaux-liens-externes?post=89367"}],"curies":[{"name":"wp","href":"https:\/\/api.w.org\/{rel}","templated":true}]}}