{"id":89391,"date":"2018-04-16T15:20:13","date_gmt":"2018-04-16T13:20:13","guid":{"rendered":"https:\/\/www.iemj.org\/nardi-nahum-1901-1977\/"},"modified":"2025-09-08T18:24:17","modified_gmt":"2025-09-08T16:24:17","slug":"nardi-nahum-1901-1977","status":"publish","type":"post","link":"https:\/\/www.iemj.org\/es\/nardi-nahum-1901-1977\/","title":{"rendered":"Nardi, Nahum (1901-1977)"},"content":{"rendered":"<p class=\"Standard\" style=\"text-align: justify;\"><span lang=\"ES\">Atra\u00eddo por la m\u00fasica, Nahum Nardi empez\u00f3 a estudiar piano a los siete a\u00f1os, para luego seguir estudiando en el Conservatorio de Kiev, donde se gradu\u00f3 en 1919. Estudi\u00f3 luego en el Conservatorio de Varsovia y en la Academia de M\u00fasica de Viena en 1922. Nahum Nardi empez\u00f3 a actuar con un repertorio cl\u00e1sico por toda Europa. En 1923, se fue a Palestina y sigui\u00f3 tocando, mezclando m\u00fasica cl\u00e1sica con m\u00fasicas tradicionales, como canciones folcl\u00f3ricas rusas, melod\u00edas jas\u00eddicas y canciones hebreas. Al mismo tiempo que su carrera como concertista, trabaj\u00f3 tambi\u00e9n como profesor de piano. Fue en este per\u00edodo, siguiendo los consejos de Itamar Ben-Avi, que la familia Narodietzky decidi\u00f3 cambiar de apellido, eligiendo Nardi.<\/span><\/p>\n<p>En mayo de 1929, Nardi y el violinista Moshe Weisbord, que acompa\u00f1a con piano, fueron de gira por Europa. Mientras visitaban el centro de la comunidad jud\u00eda de Berl\u00edn, Nardi encontr\u00f3 a la cantante yemen\u00ed <a href=\"https:\/\/www.iemj.org\/es\/zefira-bracha-1910-1990\/\" target=\"_blank\" rel=\"noopener\">Bracha Zefira<\/a>, por entonces estudiante en Berl\u00edn. Se casaron y a continuaci\u00f3n tendr\u00e1n una hija, Na\u2019ama (1931-1989). Nahum Nardi y Bracha Zefira empezaron una serie de conciertos en comunidades jud\u00edas de Polonia, Alemania, Letonia, B\u00e9lgica, Holanda y Francia. En septiembre de 1929, Nardi y Zefira volvieron a Palestina y siguieron actuando durante conciertos. En 1931, dieron distintos conciertos en Egipto, en Alejandr\u00eda y en el Cairo, donde actuar\u00e1n de nuevo cinco a\u00f1os m\u00e1s tarde. En 1936, durante la ceremonia de apertura de <em>The Palestine Broadcasting Service<\/em>, dieron un concierto que les permitir\u00e1 recibir felicitationes por parte de los cr\u00edticos. Al a\u00f1o siguiente grabaron distintas canciones con <em>Columbia Records\u00a0 y<\/em> empezaron una gira por Estados Unidos, patrocinada por el sello.<\/p>\n<p><img decoding=\"async\" class=\" alignleft size-full wp-image-18942\" src=\"https:\/\/www.iemj.org\/wp-content\/uploads\/2018\/04\/nahum_nardi_2.jpg\" alt=\"nahum_nardi_2.jpg\" width=\"148\" height=\"200\" align=\"left\" \/><\/p>\n<p>A su regreso a Palestina, la pareja se enfrent\u00f3 a tensiones, en parte debido a una pelea profesional. El conflicto, seg\u00fan Zefira, empez\u00f3 a partir del momento en que Nardi dej\u00f3 de incluir otras canciones que no fueran las suyas en sus presentaciones. Se separaron finalmente en febrero de 1939, a pesar de que siguieron ocasionalmente actuando juntos hasta julio del mismo a\u00f1o. Su conflicto alcanz\u00f3 su punto m\u00e1ximo durante una demanda presentada por Nardi contra Zefira por cuestiones de derechos sobre sus canciones, juicio que perdi\u00f3.<\/p>\n<p>El trabajo de Zefira en la recopilaci\u00f3n de las melod\u00edas y de las canciones de los residentes \u00e1rabes palestinos locales y de las comunidades jud\u00edas del Yemen, de Persia, de Bujar\u00e1 y de la comunidad sefard\u00ed, tuvo una gran influencia en la evoluci\u00f3n musical de Nardi. Durante los a\u00f1os que pasaron juntos, Nardi arregl\u00f3 las melod\u00edas cantadas por Zefira, dando una nueva interpretaci\u00f3n, y componiendo nuevas con el mismo esp\u00edritu. Canciones como <em>Aley Giv\u2019a<\/em>, <em>Yesh Li Gan <\/em>et <em>Ben Nahar Prat<\/em>, provienen de melod\u00edas \u00e1rabes. Pero Nardi las revitaliz\u00f3 creando un estilo \u00fanico de acompa\u00f1amiento al piano.<\/p>\n<p>Despu\u00e9s de su separaci\u00f3n, Nardi reencontr\u00f3 la m\u00fasica cl\u00e1sica, pero las cr\u00edticas son dispares. Poco a poco, se retir\u00f3 de los escenarios. Se dedic\u00f3 m\u00e1s a la composici\u00f3n, al acompa\u00f1amiento, y a la formaci\u00f3n de cantantes para interpretar sus canciones. En 1947, represent\u00f3 a Israel en el \u00ab Congreso mundial de la m\u00fasica y del sonido \u00bb en Par\u00eds, y su m\u00fasica fue acogida favorablemebte. En 1949, el canal de televisi\u00f3n estadounidence NBC transmiti\u00f3 un espect\u00e1culo sobre la vida y la obra de Nardi. A lo largo del mismo a\u00f1o, Nardi compuso el resto del ballet Mapala<em> Venitzahon que<\/em> se estren\u00f3 en Madison Square Garden en Nueva York.<\/p>\n<p><img fetchpriority=\"high\" decoding=\"async\" class=\" alignright size-full wp-image-18944\" src=\"https:\/\/www.iemj.org\/wp-content\/uploads\/2018\/04\/d78-25_476a_couv.jpg\" alt=\"d78-25_476a_couv.jpg\" width=\"300\" height=\"298\" align=\"right\" \/><\/p>\n<p>Nardi cre\u00f3 tambi\u00e9n un coro de chicas e invit\u00f3 a la cantante Ahuva Tsadok para que actuara. En 1955, Nahum Nardi se cas\u00f3 con Ahuva Tsadok, con quien tendr\u00e1 un hijo, Yair. Ambos esposos actuaron durante un concierto por todo Israel, y en 1956 empezaron una larga gira por Estados Unidos, en particular por la famosa sala del Carnegie Hall. Despu\u00e9s de tres a\u00f1os de matrimonio, la pareja divorci\u00f3. Nardi sigui\u00f3 trabajando con otras cantantes, entre las cuales Miryam Ya\u2019akobi, que acompa\u00f1\u00f3 durante sus conciertos en Israel y Estados Unidos.<\/p>\n<p>La labor de Nardi con cantantes yemen\u00edes fue particularmente importante durante su carrera, probablemente debido a su voluntad de escribir una m\u00fasica que sea una mezcla de Oriente y Occidente. Las cantantes yemen\u00edes con las que trabaj\u00f3 son Bracha Zefira, Shoshana Damari, Esther Gamli\u2019elit, Hanna Aharoni, Ahuva Tsadok y Miryam Ya\u2019akovi. Toc\u00f3 tambi\u00e9n con cantantes de or\u00edgenes diversos, como Sarah Ye\u2019ari y Marta Schlamme, con un resultado musical algo diferente.<\/p>\n<p><img decoding=\"async\" class=\" alignleft size-full wp-image-18946\" src=\"https:\/\/www.iemj.org\/wp-content\/uploads\/2018\/04\/p_3236_vig.jpg\" alt=\"p_3236_vig.jpg\" width=\"283\" height=\"400\" align=\"left\" \/><\/p>\n<p>En una entrevista radiof\u00f3nica, Nardi confes\u00f3 haber compuesto 1.111 canciones. Entre las cuales trescientos son canciones para ni\u00f1os, incluyendo 80 basadas en poemas de Hayim Nachman Bialik. La cooperaci\u00f3n de Nardi con Bialik empez\u00f3 cuando el compositor invit\u00f3 al poeta a un concierto para que pudiera o\u00edr la m\u00fasica que compuso gracias a sus textos. A continuaci\u00f3n, Nardi sigui\u00f3 escribiendo nuevas melod\u00edas basadas en las canciones infantiles de Bialik, y el entusiasmo de \u00e9ste alent\u00f3 Nardi a seguir. Tras la muerte de Bialik, Nardi puso en m\u00fasica todas las canciones infantiles de su amigo poeta. Nardi compuso tambi\u00e9n canciones para ni\u00f1os de otros poetas, como Levin Kipnis y musicaliz\u00f3 poemas de otros autores, como\u00a0 Natan Alterman <em>(Shir Ha\u2019avoda)<\/em>, Ya\u2019akov Pichman <em>(Al Na Tagidi Li Shalom)<\/em>, Alexander Pen <em>(Shishi Admat Hasharon)<\/em>.<\/p>\n<p>Nardi escirbi\u00f3 tambi\u00e9n m\u00fasica para teatro, como la obra <em>Megilat Esther representada<\/em> en el teatro Erets-Yisraeli de Gnessin en 1928, o <em>Bamitbakh <\/em>de Shalom Aleikhem representada en el teatro Habimah en 1947. En el \u00e1mbito de la m\u00fasica culta, Nardi compuso distinas piezas para piano, como <em>Fantasia Lemahol y<\/em> <em>Yeled Li Nitan que<\/em> se basa en la melod\u00eda de un romance sefard\u00ed. Entre sus obras, tambi\u00e9n se puede citar <em>24 variaciones para orquesta<\/em>, <em>Suite para fagot y clarinete<\/em>, Mezcla<em> yemenita<\/em>, <em>La suite de pastor<\/em>, <em>Concierto para trompeta<\/em>, <em>Suite oriental para voces, violonchelo y clarinete<\/em>, y distintas cantatas.<\/p>\n<p>En mayo de 1958, Nardi recibi\u00f3 el premio Alconi. Aparte de Bialik, su trabajo fue tambi\u00e9n apreciado por celebridades como el poeta Shaul Tchernichovsky o el f\u00edsico Albert Einstein. Durante los \u00faltimos a\u00f1os de su vida, Nardi se eclips\u00f3 de los escenarios y vivi\u00f3 por su cuenta en Tel Aviv.<\/p>\n<p>Nahum Nardi muri\u00f3 en Tel Aviv en 1977 a causa de m\u00faltiples ataques cerebrales. Su funeral fue oficialmente organizado por el alcalde de Tel Aviv, Shlomo Lahat. Tras su muerte, los miembres de su familia, Rahel y Eran Nardi, recogieron su obra, incluyendo especialmente partituras y grabaciones, que dieron para los archivos musicales de la Universidad de Tel Aviv. En septiembre de 2005, le consejo municipal de Tel Aviv erigi\u00f3 une placa conmemorativa en honor a Nardi en la calle Kalonymus, donde Nardi vivi\u00f3 los \u00faltimos a\u00f1os de su vida. Durante el centenario de Tel Aviv, el consejo decidi\u00f3 otorgar su nombre a una calle.<\/p>\n<p class=\"Textbody\" style=\"text-align: justify;\"><span lang=\"ES\" style=\"color: #171717;\">Art\u00edculo traducido del ingl\u00e9s y arreglado gracias a la biograf\u00eda<\/span><span lang=\"ES\"><span style=\"color: #3b4395; text-decoration: none; text-underline: none;\"> de <a href=\"https:\/\/jewish-music.huji.ac.il\/content\/nahum-nardi\">Nahum Nardi<\/a><\/span><span style=\"color: #171717;\">, <\/span><span style=\"color: #3b4395; text-decoration: none; text-underline: none;\">Jewish Music <\/span><span style=\"color: #3b4395; text-decoration: none; text-underline: none;\">Research Centre<\/span><span style=\"color: #171717;\">, 2018.<\/span><\/span><\/p>\n<p>Leer<a href=\"https:\/\/www.iemj.org\/es\/zefira-bracha-1910-1990\/\"> la biograf\u00eda de Bracha Zefira<\/a><\/p>\n<p><iframe src=\"https:\/\/www.youtube.com\/embed\/XoeDCZ8C4ho?rel=0\" width=\"560\" height=\"315\" frameborder=\"0\" allowfullscreen=\"allowfullscreen\"><\/iframe><\/p>\n<p>Nahum Nardi y Bracha Zefira interpretando <em><strong>Shir Ha\u2019avoda Vehamlacha<\/strong><\/em><\/p>\n<p><strong><em><br \/><img loading=\"lazy\" decoding=\"async\" class=\" aligncenter size-full wp-image-18948\" src=\"https:\/\/www.iemj.org\/wp-content\/uploads\/2018\/04\/nardi_33.jpg\" alt=\"nardi_33.jpg\" width=\"400\" height=\"300\" align=\"middle\" \/><br \/><\/em><\/strong><\/p>\n\n\n<h2 class=\"wp-block-heading\"><\/h2>\n\n\n<div class=\"wp-block-image\">\n<figure class=\"aligncenter size-large\"><img loading=\"lazy\" decoding=\"async\" width=\"1024\" height=\"133\" src=\"https:\/\/www.iemj.org\/wp-content\/uploads\/2024\/03\/AUDIO-PLAYER-1024x133.png\" alt=\"\" class=\"wp-image-110610\" srcset=\"https:\/\/www.iemj.org\/wp-content\/uploads\/2024\/03\/AUDIO-PLAYER-1024x133.png 1024w, https:\/\/www.iemj.org\/wp-content\/uploads\/2024\/03\/AUDIO-PLAYER-300x39.png 300w, https:\/\/www.iemj.org\/wp-content\/uploads\/2024\/03\/AUDIO-PLAYER-768x100.png 768w, https:\/\/www.iemj.org\/wp-content\/uploads\/2024\/03\/AUDIO-PLAYER-600x78.png 600w, https:\/\/www.iemj.org\/wp-content\/uploads\/2024\/03\/AUDIO-PLAYER.png 1210w\" sizes=\"(max-width: 1024px) 100vw, 1024px\" \/><\/figure>\n<\/div>\n\n\n<div class=\"wp-block-file\"><a id=\"wp-block-file--media-92e53b9e-e189-4491-a7c1-28161dd8fec8\" href=\"https:\/\/www.iemj.org\/wp-content\/uploads\/2018\/04\/al_tiruni_tzadok.mp3\">Al Tiruni, Nardi\/Tsadok (Extrait)<\/a><\/div>\n\n\n\n<div class=\"wp-block-file\"><a id=\"wp-block-file--media-b77c6000-67cf-447f-8e02-c1073b1cf494\" href=\"https:\/\/www.iemj.org\/wp-content\/uploads\/2018\/04\/gina_li_schlamme.mp3\">Gina Li, Nardi\/Schlamme (Extrait)<\/a><\/div>\n\n\n\n<div class=\"wp-block-file\"><a id=\"wp-block-file--media-a00a3bff-5b68-4462-964f-99fd6a95c7b3\" href=\"https:\/\/www.iemj.org\/wp-content\/uploads\/2018\/04\/adarim_tzefira.mp3\">Adarim, Nardi\/Tzefira (Extrait)<\/a><\/div>\n","protected":false},"excerpt":{"rendered":"<p>Atra\u00eddo por la m\u00fasica, Nahum Nardi empez\u00f3 a estudiar piano a los siete a\u00f1os, para luego seguir estudiando en el Conservatorio de Kiev, donde se gradu\u00f3 en 1919. Estudi\u00f3 luego<\/p>\n","protected":false},"author":1048,"featured_media":89392,"comment_status":"closed","ping_status":"closed","sticky":false,"template":"","format":"standard","meta":{"_acf_changed":false,"footnotes":""},"categories":[1417],"tags":[],"technique":[],"squelettes":[],"sujet":[],"formation":[],"genre":[],"fonds":[],"tradition":[],"type-de-contenu":[],"interprete-compositeur":[],"frise":[],"type-devenement":[],"tableaux-liens-externes":[],"class_list":["post-89391","post","type-post","status-publish","format-standard","has-post-thumbnail","hentry","category-biografias-es"],"acf":[],"yoast_head":"<!-- This site is optimized with the Yoast SEO plugin v27.3 - https:\/\/yoast.com\/product\/yoast-seo-wordpress\/ -->\n<title>Nardi, Nahum (1901-1977) - Institut Europ\u00e9en des Musiques Juives<\/title>\n<meta name=\"robots\" content=\"index, follow, max-snippet:-1, max-image-preview:large, max-video-preview:-1\" \/>\n<link rel=\"canonical\" href=\"https:\/\/www.iemj.org\/es\/nardi-nahum-1901-1977\/\" \/>\n<meta property=\"og:locale\" content=\"es_ES\" \/>\n<meta property=\"og:type\" content=\"article\" \/>\n<meta property=\"og:title\" content=\"Nardi, Nahum (1901-1977) - Institut Europ\u00e9en des Musiques Juives\" \/>\n<meta property=\"og:description\" content=\"Atra\u00eddo por la m\u00fasica, Nahum Nardi empez\u00f3 a estudiar piano a los siete a\u00f1os, para luego seguir estudiando en el Conservatorio de Kiev, donde se gradu\u00f3 en 1919. Estudi\u00f3 luego\" \/>\n<meta property=\"og:url\" content=\"https:\/\/www.iemj.org\/es\/nardi-nahum-1901-1977\/\" \/>\n<meta property=\"og:site_name\" content=\"Institut Europ\u00e9en des Musiques Juives\" \/>\n<meta property=\"article:publisher\" content=\"https:\/\/www.facebook.com\/MusiquesJuives\/\" \/>\n<meta property=\"article:published_time\" content=\"2018-04-16T13:20:13+00:00\" \/>\n<meta property=\"article:modified_time\" content=\"2025-09-08T16:24:17+00:00\" \/>\n<meta property=\"og:image\" content=\"https:\/\/www.iemj.org\/wp-content\/uploads\/2018\/04\/arton3280-e1617023890439.jpg\" \/>\n\t<meta property=\"og:image:width\" content=\"160\" \/>\n\t<meta property=\"og:image:height\" content=\"218\" \/>\n\t<meta property=\"og:image:type\" content=\"image\/jpeg\" \/>\n<meta name=\"author\" content=\"Jean-Gabriel Davis\" \/>\n<meta name=\"twitter:card\" content=\"summary_large_image\" \/>\n<meta name=\"twitter:label1\" content=\"Escrito por\" \/>\n\t<meta name=\"twitter:data1\" content=\"Jean-Gabriel Davis\" \/>\n\t<meta name=\"twitter:label2\" content=\"Tiempo de lectura\" \/>\n\t<meta name=\"twitter:data2\" content=\"7 minutos\" \/>\n<script type=\"application\/ld+json\" class=\"yoast-schema-graph\">{\"@context\":\"https:\\\/\\\/schema.org\",\"@graph\":[{\"@type\":\"Article\",\"@id\":\"https:\\\/\\\/www.iemj.org\\\/es\\\/nardi-nahum-1901-1977\\\/#article\",\"isPartOf\":{\"@id\":\"https:\\\/\\\/www.iemj.org\\\/es\\\/nardi-nahum-1901-1977\\\/\"},\"author\":{\"name\":\"Jean-Gabriel Davis\",\"@id\":\"https:\\\/\\\/www.iemj.org\\\/es\\\/#\\\/schema\\\/person\\\/c9bc1c386a3749579a2d675e72a18666\"},\"headline\":\"Nardi, Nahum (1901-1977)\",\"datePublished\":\"2018-04-16T13:20:13+00:00\",\"dateModified\":\"2025-09-08T16:24:17+00:00\",\"mainEntityOfPage\":{\"@id\":\"https:\\\/\\\/www.iemj.org\\\/es\\\/nardi-nahum-1901-1977\\\/\"},\"wordCount\":1226,\"publisher\":{\"@id\":\"https:\\\/\\\/www.iemj.org\\\/es\\\/#organization\"},\"image\":{\"@id\":\"https:\\\/\\\/www.iemj.org\\\/es\\\/nardi-nahum-1901-1977\\\/#primaryimage\"},\"thumbnailUrl\":\"https:\\\/\\\/www.iemj.org\\\/wp-content\\\/uploads\\\/2018\\\/04\\\/arton3280-e1617023890439.jpg\",\"articleSection\":[\"Biograf\u00edas\"],\"inLanguage\":\"es\"},{\"@type\":\"WebPage\",\"@id\":\"https:\\\/\\\/www.iemj.org\\\/es\\\/nardi-nahum-1901-1977\\\/\",\"url\":\"https:\\\/\\\/www.iemj.org\\\/es\\\/nardi-nahum-1901-1977\\\/\",\"name\":\"Nardi, Nahum (1901-1977) - Institut Europ\u00e9en des Musiques Juives\",\"isPartOf\":{\"@id\":\"https:\\\/\\\/www.iemj.org\\\/es\\\/#website\"},\"primaryImageOfPage\":{\"@id\":\"https:\\\/\\\/www.iemj.org\\\/es\\\/nardi-nahum-1901-1977\\\/#primaryimage\"},\"image\":{\"@id\":\"https:\\\/\\\/www.iemj.org\\\/es\\\/nardi-nahum-1901-1977\\\/#primaryimage\"},\"thumbnailUrl\":\"https:\\\/\\\/www.iemj.org\\\/wp-content\\\/uploads\\\/2018\\\/04\\\/arton3280-e1617023890439.jpg\",\"datePublished\":\"2018-04-16T13:20:13+00:00\",\"dateModified\":\"2025-09-08T16:24:17+00:00\",\"breadcrumb\":{\"@id\":\"https:\\\/\\\/www.iemj.org\\\/es\\\/nardi-nahum-1901-1977\\\/#breadcrumb\"},\"inLanguage\":\"es\",\"potentialAction\":[{\"@type\":\"ReadAction\",\"target\":[\"https:\\\/\\\/www.iemj.org\\\/es\\\/nardi-nahum-1901-1977\\\/\"]}]},{\"@type\":\"ImageObject\",\"inLanguage\":\"es\",\"@id\":\"https:\\\/\\\/www.iemj.org\\\/es\\\/nardi-nahum-1901-1977\\\/#primaryimage\",\"url\":\"https:\\\/\\\/www.iemj.org\\\/wp-content\\\/uploads\\\/2018\\\/04\\\/arton3280-e1617023890439.jpg\",\"contentUrl\":\"https:\\\/\\\/www.iemj.org\\\/wp-content\\\/uploads\\\/2018\\\/04\\\/arton3280-e1617023890439.jpg\",\"width\":160,\"height\":218},{\"@type\":\"BreadcrumbList\",\"@id\":\"https:\\\/\\\/www.iemj.org\\\/es\\\/nardi-nahum-1901-1977\\\/#breadcrumb\",\"itemListElement\":[{\"@type\":\"ListItem\",\"position\":1,\"name\":\"Accueil\",\"item\":\"https:\\\/\\\/www.iemj.org\\\/es\\\/\"},{\"@type\":\"ListItem\",\"position\":2,\"name\":\"Nardi, Nahum (1901-1977)\"}]},{\"@type\":\"WebSite\",\"@id\":\"https:\\\/\\\/www.iemj.org\\\/es\\\/#website\",\"url\":\"https:\\\/\\\/www.iemj.org\\\/es\\\/\",\"name\":\"Institut Europ\u00e9en des Musiques Juives\",\"description\":\"Des traditions musicales \u00e0 la port\u00e9e de tous\",\"publisher\":{\"@id\":\"https:\\\/\\\/www.iemj.org\\\/es\\\/#organization\"},\"potentialAction\":[{\"@type\":\"SearchAction\",\"target\":{\"@type\":\"EntryPoint\",\"urlTemplate\":\"https:\\\/\\\/www.iemj.org\\\/es\\\/?s={search_term_string}\"},\"query-input\":{\"@type\":\"PropertyValueSpecification\",\"valueRequired\":true,\"valueName\":\"search_term_string\"}}],\"inLanguage\":\"es\"},{\"@type\":\"Organization\",\"@id\":\"https:\\\/\\\/www.iemj.org\\\/es\\\/#organization\",\"name\":\"Institut Europ\u00e9en des Musiques Juives\",\"url\":\"https:\\\/\\\/www.iemj.org\\\/es\\\/\",\"logo\":{\"@type\":\"ImageObject\",\"inLanguage\":\"es\",\"@id\":\"https:\\\/\\\/www.iemj.org\\\/es\\\/#\\\/schema\\\/logo\\\/image\\\/\",\"url\":\"https:\\\/\\\/www.iemj.org\\\/wp-content\\\/uploads\\\/2021\\\/09\\\/Logo-IEMJ-Paypal.jpg\",\"contentUrl\":\"https:\\\/\\\/www.iemj.org\\\/wp-content\\\/uploads\\\/2021\\\/09\\\/Logo-IEMJ-Paypal.jpg\",\"width\":150,\"height\":50,\"caption\":\"Institut Europ\u00e9en des Musiques Juives\"},\"image\":{\"@id\":\"https:\\\/\\\/www.iemj.org\\\/es\\\/#\\\/schema\\\/logo\\\/image\\\/\"},\"sameAs\":[\"https:\\\/\\\/www.facebook.com\\\/MusiquesJuives\\\/\",\"https:\\\/\\\/www.instagram.com\\\/musiquesjuives\\\/\",\"https:\\\/\\\/www.youtube.com\\\/user\\\/musiquesjuives\"]},{\"@type\":\"Person\",\"@id\":\"https:\\\/\\\/www.iemj.org\\\/es\\\/#\\\/schema\\\/person\\\/c9bc1c386a3749579a2d675e72a18666\",\"name\":\"Jean-Gabriel Davis\",\"image\":{\"@type\":\"ImageObject\",\"inLanguage\":\"es\",\"@id\":\"https:\\\/\\\/secure.gravatar.com\\\/avatar\\\/2b90d67bdf392c9b3a21fab87c0fa7edaf1fb3a058172a1ffd61033fcec7aec1?s=96&d=mm&r=g\",\"url\":\"https:\\\/\\\/secure.gravatar.com\\\/avatar\\\/2b90d67bdf392c9b3a21fab87c0fa7edaf1fb3a058172a1ffd61033fcec7aec1?s=96&d=mm&r=g\",\"contentUrl\":\"https:\\\/\\\/secure.gravatar.com\\\/avatar\\\/2b90d67bdf392c9b3a21fab87c0fa7edaf1fb3a058172a1ffd61033fcec7aec1?s=96&d=mm&r=g\",\"caption\":\"Jean-Gabriel Davis\"}}]}<\/script>\n<!-- \/ Yoast SEO plugin. -->","yoast_head_json":{"title":"Nardi, Nahum (1901-1977) - Institut Europ\u00e9en des Musiques Juives","robots":{"index":"index","follow":"follow","max-snippet":"max-snippet:-1","max-image-preview":"max-image-preview:large","max-video-preview":"max-video-preview:-1"},"canonical":"https:\/\/www.iemj.org\/es\/nardi-nahum-1901-1977\/","og_locale":"es_ES","og_type":"article","og_title":"Nardi, Nahum (1901-1977) - Institut Europ\u00e9en des Musiques Juives","og_description":"Atra\u00eddo por la m\u00fasica, Nahum Nardi empez\u00f3 a estudiar piano a los siete a\u00f1os, para luego seguir estudiando en el Conservatorio de Kiev, donde se gradu\u00f3 en 1919. Estudi\u00f3 luego","og_url":"https:\/\/www.iemj.org\/es\/nardi-nahum-1901-1977\/","og_site_name":"Institut Europ\u00e9en des Musiques Juives","article_publisher":"https:\/\/www.facebook.com\/MusiquesJuives\/","article_published_time":"2018-04-16T13:20:13+00:00","article_modified_time":"2025-09-08T16:24:17+00:00","og_image":[{"width":160,"height":218,"url":"https:\/\/www.iemj.org\/wp-content\/uploads\/2018\/04\/arton3280-e1617023890439.jpg","type":"image\/jpeg"}],"author":"Jean-Gabriel Davis","twitter_card":"summary_large_image","twitter_misc":{"Escrito por":"Jean-Gabriel Davis","Tiempo de lectura":"7 minutos"},"schema":{"@context":"https:\/\/schema.org","@graph":[{"@type":"Article","@id":"https:\/\/www.iemj.org\/es\/nardi-nahum-1901-1977\/#article","isPartOf":{"@id":"https:\/\/www.iemj.org\/es\/nardi-nahum-1901-1977\/"},"author":{"name":"Jean-Gabriel Davis","@id":"https:\/\/www.iemj.org\/es\/#\/schema\/person\/c9bc1c386a3749579a2d675e72a18666"},"headline":"Nardi, Nahum (1901-1977)","datePublished":"2018-04-16T13:20:13+00:00","dateModified":"2025-09-08T16:24:17+00:00","mainEntityOfPage":{"@id":"https:\/\/www.iemj.org\/es\/nardi-nahum-1901-1977\/"},"wordCount":1226,"publisher":{"@id":"https:\/\/www.iemj.org\/es\/#organization"},"image":{"@id":"https:\/\/www.iemj.org\/es\/nardi-nahum-1901-1977\/#primaryimage"},"thumbnailUrl":"https:\/\/www.iemj.org\/wp-content\/uploads\/2018\/04\/arton3280-e1617023890439.jpg","articleSection":["Biograf\u00edas"],"inLanguage":"es"},{"@type":"WebPage","@id":"https:\/\/www.iemj.org\/es\/nardi-nahum-1901-1977\/","url":"https:\/\/www.iemj.org\/es\/nardi-nahum-1901-1977\/","name":"Nardi, Nahum (1901-1977) - Institut Europ\u00e9en des Musiques Juives","isPartOf":{"@id":"https:\/\/www.iemj.org\/es\/#website"},"primaryImageOfPage":{"@id":"https:\/\/www.iemj.org\/es\/nardi-nahum-1901-1977\/#primaryimage"},"image":{"@id":"https:\/\/www.iemj.org\/es\/nardi-nahum-1901-1977\/#primaryimage"},"thumbnailUrl":"https:\/\/www.iemj.org\/wp-content\/uploads\/2018\/04\/arton3280-e1617023890439.jpg","datePublished":"2018-04-16T13:20:13+00:00","dateModified":"2025-09-08T16:24:17+00:00","breadcrumb":{"@id":"https:\/\/www.iemj.org\/es\/nardi-nahum-1901-1977\/#breadcrumb"},"inLanguage":"es","potentialAction":[{"@type":"ReadAction","target":["https:\/\/www.iemj.org\/es\/nardi-nahum-1901-1977\/"]}]},{"@type":"ImageObject","inLanguage":"es","@id":"https:\/\/www.iemj.org\/es\/nardi-nahum-1901-1977\/#primaryimage","url":"https:\/\/www.iemj.org\/wp-content\/uploads\/2018\/04\/arton3280-e1617023890439.jpg","contentUrl":"https:\/\/www.iemj.org\/wp-content\/uploads\/2018\/04\/arton3280-e1617023890439.jpg","width":160,"height":218},{"@type":"BreadcrumbList","@id":"https:\/\/www.iemj.org\/es\/nardi-nahum-1901-1977\/#breadcrumb","itemListElement":[{"@type":"ListItem","position":1,"name":"Accueil","item":"https:\/\/www.iemj.org\/es\/"},{"@type":"ListItem","position":2,"name":"Nardi, Nahum (1901-1977)"}]},{"@type":"WebSite","@id":"https:\/\/www.iemj.org\/es\/#website","url":"https:\/\/www.iemj.org\/es\/","name":"Institut Europ\u00e9en des Musiques Juives","description":"Des traditions musicales \u00e0 la port\u00e9e de tous","publisher":{"@id":"https:\/\/www.iemj.org\/es\/#organization"},"potentialAction":[{"@type":"SearchAction","target":{"@type":"EntryPoint","urlTemplate":"https:\/\/www.iemj.org\/es\/?s={search_term_string}"},"query-input":{"@type":"PropertyValueSpecification","valueRequired":true,"valueName":"search_term_string"}}],"inLanguage":"es"},{"@type":"Organization","@id":"https:\/\/www.iemj.org\/es\/#organization","name":"Institut Europ\u00e9en des Musiques Juives","url":"https:\/\/www.iemj.org\/es\/","logo":{"@type":"ImageObject","inLanguage":"es","@id":"https:\/\/www.iemj.org\/es\/#\/schema\/logo\/image\/","url":"https:\/\/www.iemj.org\/wp-content\/uploads\/2021\/09\/Logo-IEMJ-Paypal.jpg","contentUrl":"https:\/\/www.iemj.org\/wp-content\/uploads\/2021\/09\/Logo-IEMJ-Paypal.jpg","width":150,"height":50,"caption":"Institut Europ\u00e9en des Musiques Juives"},"image":{"@id":"https:\/\/www.iemj.org\/es\/#\/schema\/logo\/image\/"},"sameAs":["https:\/\/www.facebook.com\/MusiquesJuives\/","https:\/\/www.instagram.com\/musiquesjuives\/","https:\/\/www.youtube.com\/user\/musiquesjuives"]},{"@type":"Person","@id":"https:\/\/www.iemj.org\/es\/#\/schema\/person\/c9bc1c386a3749579a2d675e72a18666","name":"Jean-Gabriel Davis","image":{"@type":"ImageObject","inLanguage":"es","@id":"https:\/\/secure.gravatar.com\/avatar\/2b90d67bdf392c9b3a21fab87c0fa7edaf1fb3a058172a1ffd61033fcec7aec1?s=96&d=mm&r=g","url":"https:\/\/secure.gravatar.com\/avatar\/2b90d67bdf392c9b3a21fab87c0fa7edaf1fb3a058172a1ffd61033fcec7aec1?s=96&d=mm&r=g","contentUrl":"https:\/\/secure.gravatar.com\/avatar\/2b90d67bdf392c9b3a21fab87c0fa7edaf1fb3a058172a1ffd61033fcec7aec1?s=96&d=mm&r=g","caption":"Jean-Gabriel Davis"}}]}},"_links":{"self":[{"href":"https:\/\/www.iemj.org\/es\/wp-json\/wp\/v2\/posts\/89391","targetHints":{"allow":["GET"]}}],"collection":[{"href":"https:\/\/www.iemj.org\/es\/wp-json\/wp\/v2\/posts"}],"about":[{"href":"https:\/\/www.iemj.org\/es\/wp-json\/wp\/v2\/types\/post"}],"author":[{"embeddable":true,"href":"https:\/\/www.iemj.org\/es\/wp-json\/wp\/v2\/users\/1048"}],"replies":[{"embeddable":true,"href":"https:\/\/www.iemj.org\/es\/wp-json\/wp\/v2\/comments?post=89391"}],"version-history":[{"count":0,"href":"https:\/\/www.iemj.org\/es\/wp-json\/wp\/v2\/posts\/89391\/revisions"}],"wp:featuredmedia":[{"embeddable":true,"href":"https:\/\/www.iemj.org\/es\/wp-json\/wp\/v2\/media\/89392"}],"wp:attachment":[{"href":"https:\/\/www.iemj.org\/es\/wp-json\/wp\/v2\/media?parent=89391"}],"wp:term":[{"taxonomy":"category","embeddable":true,"href":"https:\/\/www.iemj.org\/es\/wp-json\/wp\/v2\/categories?post=89391"},{"taxonomy":"post_tag","embeddable":true,"href":"https:\/\/www.iemj.org\/es\/wp-json\/wp\/v2\/tags?post=89391"},{"taxonomy":"technique","embeddable":true,"href":"https:\/\/www.iemj.org\/es\/wp-json\/wp\/v2\/technique?post=89391"},{"taxonomy":"squelettes","embeddable":true,"href":"https:\/\/www.iemj.org\/es\/wp-json\/wp\/v2\/squelettes?post=89391"},{"taxonomy":"sujet","embeddable":true,"href":"https:\/\/www.iemj.org\/es\/wp-json\/wp\/v2\/sujet?post=89391"},{"taxonomy":"formation","embeddable":true,"href":"https:\/\/www.iemj.org\/es\/wp-json\/wp\/v2\/formation?post=89391"},{"taxonomy":"genre","embeddable":true,"href":"https:\/\/www.iemj.org\/es\/wp-json\/wp\/v2\/genre?post=89391"},{"taxonomy":"fonds","embeddable":true,"href":"https:\/\/www.iemj.org\/es\/wp-json\/wp\/v2\/fonds?post=89391"},{"taxonomy":"tradition","embeddable":true,"href":"https:\/\/www.iemj.org\/es\/wp-json\/wp\/v2\/tradition?post=89391"},{"taxonomy":"type-de-contenu","embeddable":true,"href":"https:\/\/www.iemj.org\/es\/wp-json\/wp\/v2\/type-de-contenu?post=89391"},{"taxonomy":"interprete-compositeur","embeddable":true,"href":"https:\/\/www.iemj.org\/es\/wp-json\/wp\/v2\/interprete-compositeur?post=89391"},{"taxonomy":"frise","embeddable":true,"href":"https:\/\/www.iemj.org\/es\/wp-json\/wp\/v2\/frise?post=89391"},{"taxonomy":"type-devenement","embeddable":true,"href":"https:\/\/www.iemj.org\/es\/wp-json\/wp\/v2\/type-devenement?post=89391"},{"taxonomy":"tableaux-liens-externes","embeddable":true,"href":"https:\/\/www.iemj.org\/es\/wp-json\/wp\/v2\/tableaux-liens-externes?post=89391"}],"curies":[{"name":"wp","href":"https:\/\/api.w.org\/{rel}","templated":true}]}}