{"id":89607,"date":"2018-04-17T11:08:56","date_gmt":"2018-04-17T09:08:56","guid":{"rendered":"https:\/\/www.iemj.org\/so-we-dance-les-danses-folkloriques-israeliennes\/"},"modified":"2025-09-08T18:39:29","modified_gmt":"2025-09-08T16:39:29","slug":"so-we-dance-les-danses-folkloriques-israeliennes","status":"publish","type":"post","link":"https:\/\/www.iemj.org\/es\/so-we-dance-les-danses-folkloriques-israeliennes\/","title":{"rendered":"So We Dance, Los bailes folcl\u00f3ricos israel\u00edes"},"content":{"rendered":"<h3>\u00a0<\/h3>\n<p>Publicada en los a\u00f1os 1950 en Nueva York por Reena Records Corporaci\u00f3n, esta colecci\u00f3n que contiene tres 78 giras no es s\u00f3lo un placer para los o\u00eddos, sino tambi\u00e9n nos\u00a0 da ganas de mover los pies, como lo sugiere una de las canciones titulada <em>Hach Baregel<\/em>.<\/p>\n<p>Los tres discos 78 giras incluyen 8 canciones, que se convirtieron para aglunas de ellas en esenciales del folclore israel\u00ed. Las letras de algunas de estas canciones, como <em>Al Tiruni<\/em>, o <em>El Ginat Egoz<\/em>, se inspiran en la Biblia, especialmente en el Cantar de los Cantares, y hablan de amor en los vi\u00f1edos y jardines floridos en el fondo de los valles.<\/p>\n<p><img fetchpriority=\"high\" decoding=\"async\" class=\" alignleft size-full wp-image-19229\" src=\"https:\/\/www.iemj.org\/wp-content\/uploads\/2018\/04\/d78-25_476a_couv-2.jpg\" alt=\"d78-25_476a_couv-2.jpg\" width=\"300\" height=\"298\" align=\"left\" srcset=\"https:\/\/www.iemj.org\/wp-content\/uploads\/2018\/04\/d78-25_476a_couv-2.jpg 300w, https:\/\/www.iemj.org\/wp-content\/uploads\/2018\/04\/d78-25_476a_couv-2-150x150.jpg 150w, https:\/\/www.iemj.org\/wp-content\/uploads\/2018\/04\/d78-25_476a_couv-2-100x100.jpg 100w\" sizes=\"(max-width: 300px) 100vw, 300px\" \/><\/p>\n<p>La cantante de estos discos <strong>Ahuva Tsadok<\/strong> naci\u00f3 en 1928 en Tel Aviv de padres yemen\u00edes. Est\u00e1 acompa\u00f1ada al piano por el compositor y arreglista <strong>Nachum Nardi<\/strong>, nacido en 1901 en Kiev. Cabe se\u00f1alar que \u00e9ste acompa\u00f1\u00f3 a la cantante yemen\u00ed Brakha Tzefira en sus inicios. Nachum Nardi tambi\u00e9n cre\u00f3 un coro de chicas en el que Ahuva Tsadok era cantante solista. M\u00e1s tarde ella se convirti\u00f3 en la compa\u00f1era de Nardi en el escenario, y en la vida.<br \/>En esta colecci\u00f3n, <strong>Ahuva Tsadok<\/strong> tambi\u00e9n est\u00e1 acompa\u00f1ada por otros instrumentistas cuyos nombres no aparecen, por desgracia.<\/p>\n<p><img decoding=\"async\" class=\" aligncenter size-full wp-image-19231\" src=\"https:\/\/www.iemj.org\/wp-content\/uploads\/2018\/04\/so_we_dance-2.jpg\" alt=\"so_we_dance-2.jpg\" width=\"815\" height=\"457\" align=\"middle\" srcset=\"https:\/\/www.iemj.org\/wp-content\/uploads\/2018\/04\/so_we_dance-2.jpg 815w, https:\/\/www.iemj.org\/wp-content\/uploads\/2018\/04\/so_we_dance-2-300x168.jpg 300w, https:\/\/www.iemj.org\/wp-content\/uploads\/2018\/04\/so_we_dance-2-768x431.jpg 768w, https:\/\/www.iemj.org\/wp-content\/uploads\/2018\/04\/so_we_dance-2-600x336.jpg 600w\" sizes=\"(max-width: 815px) 100vw, 815px\" \/><\/p>\n<p>Esa colecci\u00f3n suntuosa inclu\u00eda tambi\u00e9n instrucciones sobre los distintos pasos de baile, redactadas por<strong> Avraham Elber<\/strong>. Por desgracia, ese documento no estaba presente en la colleci\u00f3n cuando la recibimos.<\/p>\n<p>Sin embargo, gracias a nuestro equipo de digitalizaci\u00f3n de discos 78 giras, ahora il nos es\u00a0 posible disfrutar plenamente de esta m\u00fasica de los pioneros.<\/p>\n<p id=\"tw-target-text\" class=\"tw-data-text tw-text-large tw-ta\" dir=\"ltr\" data-placeholder=\"Traduction\"><span class=\"Y2IQFc\" lang=\"es\">\u00a1buena escucha!<\/span><\/p>\n<p><a href=\"https:\/\/www.iemj.org\/es\/nardi-nahum-1901-1977\/\" target=\"_blank\" rel=\"noopener\">Leer la biograf\u00eda de Nahum Nardi<\/a><\/p>\n\n\n<h2 class=\"wp-block-heading\"><\/h2>\n\n\n<div class=\"wp-block-image\">\n<figure class=\"aligncenter size-large\"><img decoding=\"async\" width=\"1024\" height=\"133\" src=\"https:\/\/www.iemj.org\/wp-content\/uploads\/2024\/03\/AUDIO-PLAYER-1024x133.png\" alt=\"\" class=\"wp-image-110610\" srcset=\"https:\/\/www.iemj.org\/wp-content\/uploads\/2024\/03\/AUDIO-PLAYER-1024x133.png 1024w, https:\/\/www.iemj.org\/wp-content\/uploads\/2024\/03\/AUDIO-PLAYER-300x39.png 300w, https:\/\/www.iemj.org\/wp-content\/uploads\/2024\/03\/AUDIO-PLAYER-768x100.png 768w, https:\/\/www.iemj.org\/wp-content\/uploads\/2024\/03\/AUDIO-PLAYER-600x78.png 600w, https:\/\/www.iemj.org\/wp-content\/uploads\/2024\/03\/AUDIO-PLAYER.png 1210w\" sizes=\"(max-width: 1024px) 100vw, 1024px\" \/><\/figure>\n<\/div>\n\n\n<div class=\"wp-block-file\"><a id=\"wp-block-file--media-81e949bf-51f6-4cc3-b728-131af247ba37\" href=\"https:\/\/www.iemj.org\/wp-content\/uploads\/2018\/04\/d78-25_476a_01.mp3\">El ginat egoz<\/a><\/div>\n\n\n\n<div class=\"wp-block-file\"><a id=\"wp-block-file--media-9fd5570f-75f3-4972-8772-bc3c199dc652\" href=\"https:\/\/www.iemj.org\/wp-content\/uploads\/2018\/04\/d78-25_476b_03.mp3\">Al tiruni<\/a><\/div>\n\n\n\n<div class=\"wp-block-file\"><a id=\"wp-block-file--media-4eacd002-79f2-4ed5-832f-bb787ff313fa\" href=\"https:\/\/www.iemj.org\/wp-content\/uploads\/2018\/04\/d78-25_476c_03.mp3\">Hach baregel<\/a><\/div>\n\n\n\n<div class=\"wp-block-file\"><a id=\"wp-block-file--media-5f89f4aa-12f2-482b-9fbc-36105358d312\" href=\"https:\/\/www.iemj.org\/wp-content\/uploads\/2018\/04\/d78-25_476b_01-2.mp3\">Bo Dodi<\/a><\/div>\n\n\n\n<div class=\"wp-block-file\"><a id=\"wp-block-file--media-14092f43-ded4-4e5b-8609-3f1201924816\" href=\"https:\/\/www.iemj.org\/wp-content\/uploads\/2018\/04\/d78-25_476a_02-2.mp3\">Ana halach dodech<\/a><\/div>\n","protected":false},"excerpt":{"rendered":"<p>\u00a0 Publicada en los a\u00f1os 1950 en Nueva York por Reena Records Corporaci\u00f3n, esta colecci\u00f3n que contiene tres 78 giras no es s\u00f3lo un placer para los o\u00eddos, sino tambi\u00e9n<\/p>\n","protected":false},"author":1048,"featured_media":89608,"comment_status":"closed","ping_status":"closed","sticky":false,"template":"","format":"standard","meta":{"_acf_changed":false,"footnotes":""},"categories":[1566],"tags":[],"technique":[],"squelettes":[],"sujet":[],"formation":[],"genre":[],"fonds":[],"tradition":[],"type-de-contenu":[],"interprete-compositeur":[],"frise":[],"type-devenement":[],"tableaux-liens-externes":[],"class_list":["post-89607","post","type-post","status-publish","format-standard","has-post-thumbnail","hentry","category-imprescindibles-es"],"acf":[],"yoast_head":"<!-- This site is optimized with the Yoast SEO plugin v27.3 - https:\/\/yoast.com\/product\/yoast-seo-wordpress\/ -->\n<title>So We Dance, Los bailes folcl\u00f3ricos israel\u00edes - Institut Europ\u00e9en des Musiques Juives<\/title>\n<meta name=\"robots\" content=\"index, follow, max-snippet:-1, max-image-preview:large, max-video-preview:-1\" \/>\n<link rel=\"canonical\" href=\"https:\/\/www.iemj.org\/es\/so-we-dance-les-danses-folkloriques-israeliennes\/\" \/>\n<meta property=\"og:locale\" content=\"es_ES\" \/>\n<meta property=\"og:type\" content=\"article\" \/>\n<meta property=\"og:title\" content=\"So We Dance, Los bailes folcl\u00f3ricos israel\u00edes - Institut Europ\u00e9en des Musiques Juives\" \/>\n<meta property=\"og:description\" content=\"\u00a0 Publicada en los a\u00f1os 1950 en Nueva York por Reena Records Corporaci\u00f3n, esta colecci\u00f3n que contiene tres 78 giras no es s\u00f3lo un placer para los o\u00eddos, sino tambi\u00e9n\" \/>\n<meta property=\"og:url\" content=\"https:\/\/www.iemj.org\/es\/so-we-dance-les-danses-folkloriques-israeliennes\/\" \/>\n<meta property=\"og:site_name\" content=\"Institut Europ\u00e9en des Musiques Juives\" \/>\n<meta property=\"article:publisher\" content=\"https:\/\/www.facebook.com\/MusiquesJuives\/\" \/>\n<meta property=\"article:published_time\" content=\"2018-04-17T09:08:56+00:00\" \/>\n<meta property=\"article:modified_time\" content=\"2025-09-08T16:39:29+00:00\" \/>\n<meta property=\"og:image\" content=\"https:\/\/www.iemj.org\/wp-content\/uploads\/2018\/04\/arton3335-e1618738084723.jpg\" \/>\n\t<meta property=\"og:image:width\" content=\"350\" \/>\n\t<meta property=\"og:image:height\" content=\"363\" \/>\n\t<meta property=\"og:image:type\" content=\"image\/jpeg\" \/>\n<meta name=\"author\" content=\"Jean-Gabriel Davis\" \/>\n<meta name=\"twitter:card\" content=\"summary_large_image\" \/>\n<meta name=\"twitter:label1\" content=\"Escrito por\" \/>\n\t<meta name=\"twitter:data1\" content=\"Jean-Gabriel Davis\" \/>\n\t<meta name=\"twitter:label2\" content=\"Tiempo de lectura\" \/>\n\t<meta name=\"twitter:data2\" content=\"3 minutos\" \/>\n<script type=\"application\/ld+json\" class=\"yoast-schema-graph\">{\"@context\":\"https:\\\/\\\/schema.org\",\"@graph\":[{\"@type\":\"Article\",\"@id\":\"https:\\\/\\\/www.iemj.org\\\/es\\\/so-we-dance-les-danses-folkloriques-israeliennes\\\/#article\",\"isPartOf\":{\"@id\":\"https:\\\/\\\/www.iemj.org\\\/es\\\/so-we-dance-les-danses-folkloriques-israeliennes\\\/\"},\"author\":{\"name\":\"Jean-Gabriel Davis\",\"@id\":\"https:\\\/\\\/www.iemj.org\\\/es\\\/#\\\/schema\\\/person\\\/c9bc1c386a3749579a2d675e72a18666\"},\"headline\":\"So We Dance, Los bailes folcl\u00f3ricos israel\u00edes\",\"datePublished\":\"2018-04-17T09:08:56+00:00\",\"dateModified\":\"2025-09-08T16:39:29+00:00\",\"mainEntityOfPage\":{\"@id\":\"https:\\\/\\\/www.iemj.org\\\/es\\\/so-we-dance-les-danses-folkloriques-israeliennes\\\/\"},\"wordCount\":303,\"publisher\":{\"@id\":\"https:\\\/\\\/www.iemj.org\\\/es\\\/#organization\"},\"image\":{\"@id\":\"https:\\\/\\\/www.iemj.org\\\/es\\\/so-we-dance-les-danses-folkloriques-israeliennes\\\/#primaryimage\"},\"thumbnailUrl\":\"https:\\\/\\\/www.iemj.org\\\/wp-content\\\/uploads\\\/2018\\\/04\\\/arton3335-e1618738084723.jpg\",\"articleSection\":[\"Imprescindibles\"],\"inLanguage\":\"es\"},{\"@type\":\"WebPage\",\"@id\":\"https:\\\/\\\/www.iemj.org\\\/es\\\/so-we-dance-les-danses-folkloriques-israeliennes\\\/\",\"url\":\"https:\\\/\\\/www.iemj.org\\\/es\\\/so-we-dance-les-danses-folkloriques-israeliennes\\\/\",\"name\":\"So We Dance, Los bailes folcl\u00f3ricos israel\u00edes - Institut Europ\u00e9en des Musiques Juives\",\"isPartOf\":{\"@id\":\"https:\\\/\\\/www.iemj.org\\\/es\\\/#website\"},\"primaryImageOfPage\":{\"@id\":\"https:\\\/\\\/www.iemj.org\\\/es\\\/so-we-dance-les-danses-folkloriques-israeliennes\\\/#primaryimage\"},\"image\":{\"@id\":\"https:\\\/\\\/www.iemj.org\\\/es\\\/so-we-dance-les-danses-folkloriques-israeliennes\\\/#primaryimage\"},\"thumbnailUrl\":\"https:\\\/\\\/www.iemj.org\\\/wp-content\\\/uploads\\\/2018\\\/04\\\/arton3335-e1618738084723.jpg\",\"datePublished\":\"2018-04-17T09:08:56+00:00\",\"dateModified\":\"2025-09-08T16:39:29+00:00\",\"breadcrumb\":{\"@id\":\"https:\\\/\\\/www.iemj.org\\\/es\\\/so-we-dance-les-danses-folkloriques-israeliennes\\\/#breadcrumb\"},\"inLanguage\":\"es\",\"potentialAction\":[{\"@type\":\"ReadAction\",\"target\":[\"https:\\\/\\\/www.iemj.org\\\/es\\\/so-we-dance-les-danses-folkloriques-israeliennes\\\/\"]}]},{\"@type\":\"ImageObject\",\"inLanguage\":\"es\",\"@id\":\"https:\\\/\\\/www.iemj.org\\\/es\\\/so-we-dance-les-danses-folkloriques-israeliennes\\\/#primaryimage\",\"url\":\"https:\\\/\\\/www.iemj.org\\\/wp-content\\\/uploads\\\/2018\\\/04\\\/arton3335-e1618738084723.jpg\",\"contentUrl\":\"https:\\\/\\\/www.iemj.org\\\/wp-content\\\/uploads\\\/2018\\\/04\\\/arton3335-e1618738084723.jpg\",\"width\":350,\"height\":363},{\"@type\":\"BreadcrumbList\",\"@id\":\"https:\\\/\\\/www.iemj.org\\\/es\\\/so-we-dance-les-danses-folkloriques-israeliennes\\\/#breadcrumb\",\"itemListElement\":[{\"@type\":\"ListItem\",\"position\":1,\"name\":\"Accueil\",\"item\":\"https:\\\/\\\/www.iemj.org\\\/es\\\/\"},{\"@type\":\"ListItem\",\"position\":2,\"name\":\"So We Dance, Los bailes folcl\u00f3ricos israel\u00edes\"}]},{\"@type\":\"WebSite\",\"@id\":\"https:\\\/\\\/www.iemj.org\\\/es\\\/#website\",\"url\":\"https:\\\/\\\/www.iemj.org\\\/es\\\/\",\"name\":\"Institut Europ\u00e9en des Musiques Juives\",\"description\":\"Des traditions musicales \u00e0 la port\u00e9e de tous\",\"publisher\":{\"@id\":\"https:\\\/\\\/www.iemj.org\\\/es\\\/#organization\"},\"potentialAction\":[{\"@type\":\"SearchAction\",\"target\":{\"@type\":\"EntryPoint\",\"urlTemplate\":\"https:\\\/\\\/www.iemj.org\\\/es\\\/?s={search_term_string}\"},\"query-input\":{\"@type\":\"PropertyValueSpecification\",\"valueRequired\":true,\"valueName\":\"search_term_string\"}}],\"inLanguage\":\"es\"},{\"@type\":\"Organization\",\"@id\":\"https:\\\/\\\/www.iemj.org\\\/es\\\/#organization\",\"name\":\"Institut Europ\u00e9en des Musiques Juives\",\"url\":\"https:\\\/\\\/www.iemj.org\\\/es\\\/\",\"logo\":{\"@type\":\"ImageObject\",\"inLanguage\":\"es\",\"@id\":\"https:\\\/\\\/www.iemj.org\\\/es\\\/#\\\/schema\\\/logo\\\/image\\\/\",\"url\":\"https:\\\/\\\/www.iemj.org\\\/wp-content\\\/uploads\\\/2021\\\/09\\\/Logo-IEMJ-Paypal.jpg\",\"contentUrl\":\"https:\\\/\\\/www.iemj.org\\\/wp-content\\\/uploads\\\/2021\\\/09\\\/Logo-IEMJ-Paypal.jpg\",\"width\":150,\"height\":50,\"caption\":\"Institut Europ\u00e9en des Musiques Juives\"},\"image\":{\"@id\":\"https:\\\/\\\/www.iemj.org\\\/es\\\/#\\\/schema\\\/logo\\\/image\\\/\"},\"sameAs\":[\"https:\\\/\\\/www.facebook.com\\\/MusiquesJuives\\\/\",\"https:\\\/\\\/www.instagram.com\\\/musiquesjuives\\\/\",\"https:\\\/\\\/www.youtube.com\\\/user\\\/musiquesjuives\"]},{\"@type\":\"Person\",\"@id\":\"https:\\\/\\\/www.iemj.org\\\/es\\\/#\\\/schema\\\/person\\\/c9bc1c386a3749579a2d675e72a18666\",\"name\":\"Jean-Gabriel Davis\",\"image\":{\"@type\":\"ImageObject\",\"inLanguage\":\"es\",\"@id\":\"https:\\\/\\\/secure.gravatar.com\\\/avatar\\\/2b90d67bdf392c9b3a21fab87c0fa7edaf1fb3a058172a1ffd61033fcec7aec1?s=96&d=mm&r=g\",\"url\":\"https:\\\/\\\/secure.gravatar.com\\\/avatar\\\/2b90d67bdf392c9b3a21fab87c0fa7edaf1fb3a058172a1ffd61033fcec7aec1?s=96&d=mm&r=g\",\"contentUrl\":\"https:\\\/\\\/secure.gravatar.com\\\/avatar\\\/2b90d67bdf392c9b3a21fab87c0fa7edaf1fb3a058172a1ffd61033fcec7aec1?s=96&d=mm&r=g\",\"caption\":\"Jean-Gabriel Davis\"}}]}<\/script>\n<!-- \/ Yoast SEO plugin. -->","yoast_head_json":{"title":"So We Dance, Los bailes folcl\u00f3ricos israel\u00edes - Institut Europ\u00e9en des Musiques Juives","robots":{"index":"index","follow":"follow","max-snippet":"max-snippet:-1","max-image-preview":"max-image-preview:large","max-video-preview":"max-video-preview:-1"},"canonical":"https:\/\/www.iemj.org\/es\/so-we-dance-les-danses-folkloriques-israeliennes\/","og_locale":"es_ES","og_type":"article","og_title":"So We Dance, Los bailes folcl\u00f3ricos israel\u00edes - Institut Europ\u00e9en des Musiques Juives","og_description":"\u00a0 Publicada en los a\u00f1os 1950 en Nueva York por Reena Records Corporaci\u00f3n, esta colecci\u00f3n que contiene tres 78 giras no es s\u00f3lo un placer para los o\u00eddos, sino tambi\u00e9n","og_url":"https:\/\/www.iemj.org\/es\/so-we-dance-les-danses-folkloriques-israeliennes\/","og_site_name":"Institut Europ\u00e9en des Musiques Juives","article_publisher":"https:\/\/www.facebook.com\/MusiquesJuives\/","article_published_time":"2018-04-17T09:08:56+00:00","article_modified_time":"2025-09-08T16:39:29+00:00","og_image":[{"width":350,"height":363,"url":"https:\/\/www.iemj.org\/wp-content\/uploads\/2018\/04\/arton3335-e1618738084723.jpg","type":"image\/jpeg"}],"author":"Jean-Gabriel Davis","twitter_card":"summary_large_image","twitter_misc":{"Escrito por":"Jean-Gabriel Davis","Tiempo de lectura":"3 minutos"},"schema":{"@context":"https:\/\/schema.org","@graph":[{"@type":"Article","@id":"https:\/\/www.iemj.org\/es\/so-we-dance-les-danses-folkloriques-israeliennes\/#article","isPartOf":{"@id":"https:\/\/www.iemj.org\/es\/so-we-dance-les-danses-folkloriques-israeliennes\/"},"author":{"name":"Jean-Gabriel Davis","@id":"https:\/\/www.iemj.org\/es\/#\/schema\/person\/c9bc1c386a3749579a2d675e72a18666"},"headline":"So We Dance, Los bailes folcl\u00f3ricos israel\u00edes","datePublished":"2018-04-17T09:08:56+00:00","dateModified":"2025-09-08T16:39:29+00:00","mainEntityOfPage":{"@id":"https:\/\/www.iemj.org\/es\/so-we-dance-les-danses-folkloriques-israeliennes\/"},"wordCount":303,"publisher":{"@id":"https:\/\/www.iemj.org\/es\/#organization"},"image":{"@id":"https:\/\/www.iemj.org\/es\/so-we-dance-les-danses-folkloriques-israeliennes\/#primaryimage"},"thumbnailUrl":"https:\/\/www.iemj.org\/wp-content\/uploads\/2018\/04\/arton3335-e1618738084723.jpg","articleSection":["Imprescindibles"],"inLanguage":"es"},{"@type":"WebPage","@id":"https:\/\/www.iemj.org\/es\/so-we-dance-les-danses-folkloriques-israeliennes\/","url":"https:\/\/www.iemj.org\/es\/so-we-dance-les-danses-folkloriques-israeliennes\/","name":"So We Dance, Los bailes folcl\u00f3ricos israel\u00edes - Institut Europ\u00e9en des Musiques Juives","isPartOf":{"@id":"https:\/\/www.iemj.org\/es\/#website"},"primaryImageOfPage":{"@id":"https:\/\/www.iemj.org\/es\/so-we-dance-les-danses-folkloriques-israeliennes\/#primaryimage"},"image":{"@id":"https:\/\/www.iemj.org\/es\/so-we-dance-les-danses-folkloriques-israeliennes\/#primaryimage"},"thumbnailUrl":"https:\/\/www.iemj.org\/wp-content\/uploads\/2018\/04\/arton3335-e1618738084723.jpg","datePublished":"2018-04-17T09:08:56+00:00","dateModified":"2025-09-08T16:39:29+00:00","breadcrumb":{"@id":"https:\/\/www.iemj.org\/es\/so-we-dance-les-danses-folkloriques-israeliennes\/#breadcrumb"},"inLanguage":"es","potentialAction":[{"@type":"ReadAction","target":["https:\/\/www.iemj.org\/es\/so-we-dance-les-danses-folkloriques-israeliennes\/"]}]},{"@type":"ImageObject","inLanguage":"es","@id":"https:\/\/www.iemj.org\/es\/so-we-dance-les-danses-folkloriques-israeliennes\/#primaryimage","url":"https:\/\/www.iemj.org\/wp-content\/uploads\/2018\/04\/arton3335-e1618738084723.jpg","contentUrl":"https:\/\/www.iemj.org\/wp-content\/uploads\/2018\/04\/arton3335-e1618738084723.jpg","width":350,"height":363},{"@type":"BreadcrumbList","@id":"https:\/\/www.iemj.org\/es\/so-we-dance-les-danses-folkloriques-israeliennes\/#breadcrumb","itemListElement":[{"@type":"ListItem","position":1,"name":"Accueil","item":"https:\/\/www.iemj.org\/es\/"},{"@type":"ListItem","position":2,"name":"So We Dance, Los bailes folcl\u00f3ricos israel\u00edes"}]},{"@type":"WebSite","@id":"https:\/\/www.iemj.org\/es\/#website","url":"https:\/\/www.iemj.org\/es\/","name":"Institut Europ\u00e9en des Musiques Juives","description":"Des traditions musicales \u00e0 la port\u00e9e de tous","publisher":{"@id":"https:\/\/www.iemj.org\/es\/#organization"},"potentialAction":[{"@type":"SearchAction","target":{"@type":"EntryPoint","urlTemplate":"https:\/\/www.iemj.org\/es\/?s={search_term_string}"},"query-input":{"@type":"PropertyValueSpecification","valueRequired":true,"valueName":"search_term_string"}}],"inLanguage":"es"},{"@type":"Organization","@id":"https:\/\/www.iemj.org\/es\/#organization","name":"Institut Europ\u00e9en des Musiques Juives","url":"https:\/\/www.iemj.org\/es\/","logo":{"@type":"ImageObject","inLanguage":"es","@id":"https:\/\/www.iemj.org\/es\/#\/schema\/logo\/image\/","url":"https:\/\/www.iemj.org\/wp-content\/uploads\/2021\/09\/Logo-IEMJ-Paypal.jpg","contentUrl":"https:\/\/www.iemj.org\/wp-content\/uploads\/2021\/09\/Logo-IEMJ-Paypal.jpg","width":150,"height":50,"caption":"Institut Europ\u00e9en des Musiques Juives"},"image":{"@id":"https:\/\/www.iemj.org\/es\/#\/schema\/logo\/image\/"},"sameAs":["https:\/\/www.facebook.com\/MusiquesJuives\/","https:\/\/www.instagram.com\/musiquesjuives\/","https:\/\/www.youtube.com\/user\/musiquesjuives"]},{"@type":"Person","@id":"https:\/\/www.iemj.org\/es\/#\/schema\/person\/c9bc1c386a3749579a2d675e72a18666","name":"Jean-Gabriel Davis","image":{"@type":"ImageObject","inLanguage":"es","@id":"https:\/\/secure.gravatar.com\/avatar\/2b90d67bdf392c9b3a21fab87c0fa7edaf1fb3a058172a1ffd61033fcec7aec1?s=96&d=mm&r=g","url":"https:\/\/secure.gravatar.com\/avatar\/2b90d67bdf392c9b3a21fab87c0fa7edaf1fb3a058172a1ffd61033fcec7aec1?s=96&d=mm&r=g","contentUrl":"https:\/\/secure.gravatar.com\/avatar\/2b90d67bdf392c9b3a21fab87c0fa7edaf1fb3a058172a1ffd61033fcec7aec1?s=96&d=mm&r=g","caption":"Jean-Gabriel Davis"}}]}},"_links":{"self":[{"href":"https:\/\/www.iemj.org\/es\/wp-json\/wp\/v2\/posts\/89607","targetHints":{"allow":["GET"]}}],"collection":[{"href":"https:\/\/www.iemj.org\/es\/wp-json\/wp\/v2\/posts"}],"about":[{"href":"https:\/\/www.iemj.org\/es\/wp-json\/wp\/v2\/types\/post"}],"author":[{"embeddable":true,"href":"https:\/\/www.iemj.org\/es\/wp-json\/wp\/v2\/users\/1048"}],"replies":[{"embeddable":true,"href":"https:\/\/www.iemj.org\/es\/wp-json\/wp\/v2\/comments?post=89607"}],"version-history":[{"count":0,"href":"https:\/\/www.iemj.org\/es\/wp-json\/wp\/v2\/posts\/89607\/revisions"}],"wp:featuredmedia":[{"embeddable":true,"href":"https:\/\/www.iemj.org\/es\/wp-json\/wp\/v2\/media\/89608"}],"wp:attachment":[{"href":"https:\/\/www.iemj.org\/es\/wp-json\/wp\/v2\/media?parent=89607"}],"wp:term":[{"taxonomy":"category","embeddable":true,"href":"https:\/\/www.iemj.org\/es\/wp-json\/wp\/v2\/categories?post=89607"},{"taxonomy":"post_tag","embeddable":true,"href":"https:\/\/www.iemj.org\/es\/wp-json\/wp\/v2\/tags?post=89607"},{"taxonomy":"technique","embeddable":true,"href":"https:\/\/www.iemj.org\/es\/wp-json\/wp\/v2\/technique?post=89607"},{"taxonomy":"squelettes","embeddable":true,"href":"https:\/\/www.iemj.org\/es\/wp-json\/wp\/v2\/squelettes?post=89607"},{"taxonomy":"sujet","embeddable":true,"href":"https:\/\/www.iemj.org\/es\/wp-json\/wp\/v2\/sujet?post=89607"},{"taxonomy":"formation","embeddable":true,"href":"https:\/\/www.iemj.org\/es\/wp-json\/wp\/v2\/formation?post=89607"},{"taxonomy":"genre","embeddable":true,"href":"https:\/\/www.iemj.org\/es\/wp-json\/wp\/v2\/genre?post=89607"},{"taxonomy":"fonds","embeddable":true,"href":"https:\/\/www.iemj.org\/es\/wp-json\/wp\/v2\/fonds?post=89607"},{"taxonomy":"tradition","embeddable":true,"href":"https:\/\/www.iemj.org\/es\/wp-json\/wp\/v2\/tradition?post=89607"},{"taxonomy":"type-de-contenu","embeddable":true,"href":"https:\/\/www.iemj.org\/es\/wp-json\/wp\/v2\/type-de-contenu?post=89607"},{"taxonomy":"interprete-compositeur","embeddable":true,"href":"https:\/\/www.iemj.org\/es\/wp-json\/wp\/v2\/interprete-compositeur?post=89607"},{"taxonomy":"frise","embeddable":true,"href":"https:\/\/www.iemj.org\/es\/wp-json\/wp\/v2\/frise?post=89607"},{"taxonomy":"type-devenement","embeddable":true,"href":"https:\/\/www.iemj.org\/es\/wp-json\/wp\/v2\/type-devenement?post=89607"},{"taxonomy":"tableaux-liens-externes","embeddable":true,"href":"https:\/\/www.iemj.org\/es\/wp-json\/wp\/v2\/tableaux-liens-externes?post=89607"}],"curies":[{"name":"wp","href":"https:\/\/api.w.org\/{rel}","templated":true}]}}