{"id":89655,"date":"2017-12-13T10:48:17","date_gmt":"2017-12-13T09:48:17","guid":{"rendered":"https:\/\/www.iemj.org\/le-33-trs-adama-de-la-chanteuse-iraelienne-ofra-haza\/"},"modified":"2022-11-03T16:57:42","modified_gmt":"2022-11-03T15:57:42","slug":"le-33-trs-adama-de-la-chanteuse-iraelienne-ofra-haza","status":"publish","type":"post","link":"https:\/\/www.iemj.org\/es\/le-33-trs-adama-de-la-chanteuse-iraelienne-ofra-haza\/","title":{"rendered":"El 33 RPM \u201cAdama\u201d de la cantante israel\u00ed Ofra Haza"},"content":{"rendered":"<h3>Transl\u00facido y colorido<\/h3>\n<p>Este disco 33 giras 30cm de Ofra Haza fue publicado en 1985 por el sello israel\u00ed Hed<em>-Arzi<\/em><em>.<\/em><\/p>\n<p>Este disco 33 giras 30cm de Ofra Haza fue publicado en 1985 por el sello israel\u00ed Hed<em>-Arzi<\/em><em>.<\/em><br \/>Se trata de un disco particular y bastante raro : es, en efecto, transl\u00facido y colorido. Llamamos este tipo de vinilo un <em>disco<\/em><em> de color<\/em><em> que<\/em> no debe confundirse con los <em>picture disc<\/em><em> que<\/em> llevan una imagen directamente impresa en los surcos.<\/p>\n<p><strong>Peque\u00f1o recordatorio:<\/strong><\/p>\n<p>El material utilizado para la fabricaci\u00f3n de los discos : el policloruro de vinilo o PVC (especie de pl\u00e1stico derivado del petr\u00f3leo) es, originalmente, incoloro y para obtener una goma negra, hay que a\u00f1adir una gran cantidad de colorante.<br \/>En cuanto a los discos de color que no sean negros (rojo, azul, verde\u2026) se necesita una menor cantidad de colorante.<\/p>\n<p><img fetchpriority=\"high\" decoding=\"async\" class=\" alignright  wp-image-17156\" src=\"https:\/\/www.iemj.org\/wp-content\/uploads\/2017\/12\/transparence_du_disque_500px.jpg\" alt=\"transparence_du_disque_500px.jpg\" width=\"173\" height=\"307\" align=\"right\" srcset=\"https:\/\/www.iemj.org\/wp-content\/uploads\/2017\/12\/transparence_du_disque_500px.jpg 240w, https:\/\/www.iemj.org\/wp-content\/uploads\/2017\/12\/transparence_du_disque_500px-169x300.jpg 169w\" sizes=\"(max-width: 173px) 100vw, 173px\" \/><\/p>\n<p>El vinilo negro fue mayoritariamente usado porque permite detectar mejor las bandas musicales en la superficie del disco.<\/p>\n<p>Los vinilos coloridos aparecieron alrededor del 1977, casi 100 a\u00f1os despu\u00e9s de la invenci\u00f3n del disco.<\/p>\n<p>En general, los vinilos de color se reservan para las ediciones limitadas, ya que es dif\u00edcil reencontrar exactamente el mismo color a medida de los distintos prensados y ba\u00f1os. La existencia de los vinilos de color tambi\u00e9n alent\u00f3 a los coleccionistas a conseguir un disco lo antes posible, desde su aparici\u00f3n, para evitar la escasez de la edici\u00f3n de colecci\u00f3n.<\/p>\n<p><strong>Actualmente poseemos en nuestras colecciones uno de estos ejemplares raros<\/strong> con otro ejemplar de la versi\u00f3n m\u00e1s sencilla y com\u00fan, el disco de vinilo negro.<\/p>\n<p><img decoding=\"async\" class=\" aligncenter size-full wp-image-17158\" src=\"https:\/\/www.iemj.org\/wp-content\/uploads\/2017\/12\/les_deux_disques_500px.jpg\" alt=\"les_deux_disques_500px.jpg\" width=\"500\" height=\"281\" align=\"middle\" srcset=\"https:\/\/www.iemj.org\/wp-content\/uploads\/2017\/12\/les_deux_disques_500px.jpg 500w, https:\/\/www.iemj.org\/wp-content\/uploads\/2017\/12\/les_deux_disques_500px-300x169.jpg 300w\" sizes=\"(max-width: 500px) 100vw, 500px\" \/><\/p>\n<p class=\"Textbody\" style=\"text-align: justify;\"><span lang=\"ES\" style=\"color: #171717;\">En general, la publicaci\u00f3n de estos vinilos de color segu\u00eda con un prensado cl\u00e1sico usando vinilo negro. En aquella \u00e9poca, s\u00f3lo los 45 giras y 33 giras se editaban con colores, pero no era el caso del maxi 45 giras.<\/span><\/p>\n<p><strong>Fuentes:<\/strong><\/p>\n<p><a href=\"https:\/\/waxbuyers.club\/les-differents-types-de-disques-vinyles\/\">\u2013 Los distintos tipos de discos de vinilo \u2013 Waxbuyers.club<\/a><br \/>\u2013 <a href=\"https:\/\/lescopainsd-abord.over-blog.com\/article-les-disques-vinyle-de-couleur-et-les-picture-discs-par-nath-didile-110114010.html\">Los discos de vinilo de color y los picture-discs por Nath-Didile \u2013 Les copains d\u2019abord<\/a><br \/><a href=\"https:\/\/www.vinyle-actu.fr\/differents-types-de-vinyles\/\">\u2013 Distintos tipos de vinilos, junio de 2015 \u2013 Vinyles Actu<\/a><\/p>\n<p><a href=\"https:\/\/www.iemj.org\/es\/haza-ofra-1957-2000\/\" target=\"_blank\" rel=\"noopener\">Consultar la biograf\u00eda de Ofra Haza<\/a><br \/><a href=\"http:\/\/www.rachelnet.net\/F\/?func=find-c&amp;ccl_term=WRD+%3D+Haza+ET+WRD+%3D+Adama&amp;local_base=iemcg\" target=\"_blank\" rel=\"noopener\">Consultar la hoja informativa de este disco<\/a><\/p>\n<p><strong>Descubra 5 fragmentos de este disco en el v\u00eddeo siguiente:<\/strong><\/p>\n\n\n<figure class=\"wp-block-embed is-type-video is-provider-youtube wp-block-embed-youtube wp-embed-aspect-4-3 wp-has-aspect-ratio\"><div class=\"wp-block-embed__wrapper\">\n<iframe title=\"Adama (earth) - Ofra Haza\" width=\"640\" height=\"480\" src=\"https:\/\/www.youtube.com\/embed\/w66Z-unQVZU?feature=oembed\" frameborder=\"0\" allow=\"accelerometer; autoplay; clipboard-write; encrypted-media; gyroscope; picture-in-picture; web-share\" referrerpolicy=\"strict-origin-when-cross-origin\" allowfullscreen><\/iframe>\n<\/div><\/figure>\n","protected":false},"excerpt":{"rendered":"<p>Transl\u00facido y colorido Este disco 33 giras 30cm de Ofra Haza fue publicado en 1985 por el sello israel\u00ed Hed-Arzi. Este disco 33 giras 30cm de Ofra Haza fue publicado<\/p>\n","protected":false},"author":1052,"featured_media":89656,"comment_status":"closed","ping_status":"open","sticky":false,"template":"","format":"standard","meta":{"_acf_changed":false,"footnotes":""},"categories":[1566],"tags":[],"technique":[],"squelettes":[],"sujet":[],"formation":[],"genre":[1881],"fonds":[],"tradition":[],"type-de-contenu":[],"interprete-compositeur":[],"frise":[],"type-devenement":[],"tableaux-liens-externes":[],"class_list":["post-89655","post","type-post","status-publish","format-standard","has-post-thumbnail","hentry","category-imprescindibles-es","genre-cancion-israeli-es"],"acf":[],"yoast_head":"<!-- This site is optimized with the Yoast SEO plugin v27.3 - https:\/\/yoast.com\/product\/yoast-seo-wordpress\/ -->\n<title>El 33 RPM \u201cAdama\u201d de la cantante israel\u00ed Ofra Haza - Institut Europ\u00e9en des Musiques Juives<\/title>\n<meta name=\"robots\" content=\"index, follow, max-snippet:-1, max-image-preview:large, max-video-preview:-1\" \/>\n<link rel=\"canonical\" href=\"https:\/\/www.iemj.org\/es\/le-33-trs-adama-de-la-chanteuse-iraelienne-ofra-haza\/\" \/>\n<meta property=\"og:locale\" content=\"es_ES\" \/>\n<meta property=\"og:type\" content=\"article\" \/>\n<meta property=\"og:title\" content=\"El 33 RPM \u201cAdama\u201d de la cantante israel\u00ed Ofra Haza - Institut Europ\u00e9en des Musiques Juives\" \/>\n<meta property=\"og:description\" content=\"Transl\u00facido y colorido Este disco 33 giras 30cm de Ofra Haza fue publicado en 1985 por el sello israel\u00ed Hed-Arzi. Este disco 33 giras 30cm de Ofra Haza fue publicado\" \/>\n<meta property=\"og:url\" content=\"https:\/\/www.iemj.org\/es\/le-33-trs-adama-de-la-chanteuse-iraelienne-ofra-haza\/\" \/>\n<meta property=\"og:site_name\" content=\"Institut Europ\u00e9en des Musiques Juives\" \/>\n<meta property=\"article:publisher\" content=\"https:\/\/www.facebook.com\/MusiquesJuives\/\" \/>\n<meta property=\"article:published_time\" content=\"2017-12-13T09:48:17+00:00\" \/>\n<meta property=\"article:modified_time\" content=\"2022-11-03T15:57:42+00:00\" \/>\n<meta property=\"og:image\" content=\"https:\/\/www.iemj.org\/wp-content\/uploads\/2017\/12\/arton2876-e1618748089440.jpg\" \/>\n\t<meta property=\"og:image:width\" content=\"350\" \/>\n\t<meta property=\"og:image:height\" content=\"395\" \/>\n\t<meta property=\"og:image:type\" content=\"image\/jpeg\" \/>\n<meta name=\"author\" content=\"Lea Couderc\" \/>\n<meta name=\"twitter:card\" content=\"summary_large_image\" \/>\n<meta name=\"twitter:label1\" content=\"Escrito por\" \/>\n\t<meta name=\"twitter:data1\" content=\"Lea Couderc\" \/>\n\t<meta name=\"twitter:label2\" content=\"Tiempo de lectura\" \/>\n\t<meta name=\"twitter:data2\" content=\"3 minutos\" \/>\n<script type=\"application\/ld+json\" class=\"yoast-schema-graph\">{\"@context\":\"https:\\\/\\\/schema.org\",\"@graph\":[{\"@type\":\"Article\",\"@id\":\"https:\\\/\\\/www.iemj.org\\\/es\\\/le-33-trs-adama-de-la-chanteuse-iraelienne-ofra-haza\\\/#article\",\"isPartOf\":{\"@id\":\"https:\\\/\\\/www.iemj.org\\\/es\\\/le-33-trs-adama-de-la-chanteuse-iraelienne-ofra-haza\\\/\"},\"author\":{\"name\":\"Lea Couderc\",\"@id\":\"https:\\\/\\\/www.iemj.org\\\/es\\\/#\\\/schema\\\/person\\\/e2ad57f2c4be119c7ed8ab79036807a9\"},\"headline\":\"El 33 RPM \u201cAdama\u201d de la cantante israel\u00ed Ofra Haza\",\"datePublished\":\"2017-12-13T09:48:17+00:00\",\"dateModified\":\"2022-11-03T15:57:42+00:00\",\"mainEntityOfPage\":{\"@id\":\"https:\\\/\\\/www.iemj.org\\\/es\\\/le-33-trs-adama-de-la-chanteuse-iraelienne-ofra-haza\\\/\"},\"wordCount\":383,\"publisher\":{\"@id\":\"https:\\\/\\\/www.iemj.org\\\/es\\\/#organization\"},\"image\":{\"@id\":\"https:\\\/\\\/www.iemj.org\\\/es\\\/le-33-trs-adama-de-la-chanteuse-iraelienne-ofra-haza\\\/#primaryimage\"},\"thumbnailUrl\":\"https:\\\/\\\/www.iemj.org\\\/wp-content\\\/uploads\\\/2017\\\/12\\\/arton2876-e1618748089440.jpg\",\"articleSection\":[\"Imprescindibles\"],\"inLanguage\":\"es\"},{\"@type\":\"WebPage\",\"@id\":\"https:\\\/\\\/www.iemj.org\\\/es\\\/le-33-trs-adama-de-la-chanteuse-iraelienne-ofra-haza\\\/\",\"url\":\"https:\\\/\\\/www.iemj.org\\\/es\\\/le-33-trs-adama-de-la-chanteuse-iraelienne-ofra-haza\\\/\",\"name\":\"El 33 RPM \u201cAdama\u201d de la cantante israel\u00ed Ofra Haza - Institut Europ\u00e9en des Musiques Juives\",\"isPartOf\":{\"@id\":\"https:\\\/\\\/www.iemj.org\\\/es\\\/#website\"},\"primaryImageOfPage\":{\"@id\":\"https:\\\/\\\/www.iemj.org\\\/es\\\/le-33-trs-adama-de-la-chanteuse-iraelienne-ofra-haza\\\/#primaryimage\"},\"image\":{\"@id\":\"https:\\\/\\\/www.iemj.org\\\/es\\\/le-33-trs-adama-de-la-chanteuse-iraelienne-ofra-haza\\\/#primaryimage\"},\"thumbnailUrl\":\"https:\\\/\\\/www.iemj.org\\\/wp-content\\\/uploads\\\/2017\\\/12\\\/arton2876-e1618748089440.jpg\",\"datePublished\":\"2017-12-13T09:48:17+00:00\",\"dateModified\":\"2022-11-03T15:57:42+00:00\",\"breadcrumb\":{\"@id\":\"https:\\\/\\\/www.iemj.org\\\/es\\\/le-33-trs-adama-de-la-chanteuse-iraelienne-ofra-haza\\\/#breadcrumb\"},\"inLanguage\":\"es\",\"potentialAction\":[{\"@type\":\"ReadAction\",\"target\":[\"https:\\\/\\\/www.iemj.org\\\/es\\\/le-33-trs-adama-de-la-chanteuse-iraelienne-ofra-haza\\\/\"]}]},{\"@type\":\"ImageObject\",\"inLanguage\":\"es\",\"@id\":\"https:\\\/\\\/www.iemj.org\\\/es\\\/le-33-trs-adama-de-la-chanteuse-iraelienne-ofra-haza\\\/#primaryimage\",\"url\":\"https:\\\/\\\/www.iemj.org\\\/wp-content\\\/uploads\\\/2017\\\/12\\\/arton2876-e1618748089440.jpg\",\"contentUrl\":\"https:\\\/\\\/www.iemj.org\\\/wp-content\\\/uploads\\\/2017\\\/12\\\/arton2876-e1618748089440.jpg\",\"width\":350,\"height\":395},{\"@type\":\"BreadcrumbList\",\"@id\":\"https:\\\/\\\/www.iemj.org\\\/es\\\/le-33-trs-adama-de-la-chanteuse-iraelienne-ofra-haza\\\/#breadcrumb\",\"itemListElement\":[{\"@type\":\"ListItem\",\"position\":1,\"name\":\"Accueil\",\"item\":\"https:\\\/\\\/www.iemj.org\\\/es\\\/\"},{\"@type\":\"ListItem\",\"position\":2,\"name\":\"El 33 RPM \u201cAdama\u201d de la cantante israel\u00ed Ofra Haza\"}]},{\"@type\":\"WebSite\",\"@id\":\"https:\\\/\\\/www.iemj.org\\\/es\\\/#website\",\"url\":\"https:\\\/\\\/www.iemj.org\\\/es\\\/\",\"name\":\"Institut Europ\u00e9en des Musiques Juives\",\"description\":\"Des traditions musicales \u00e0 la port\u00e9e de tous\",\"publisher\":{\"@id\":\"https:\\\/\\\/www.iemj.org\\\/es\\\/#organization\"},\"potentialAction\":[{\"@type\":\"SearchAction\",\"target\":{\"@type\":\"EntryPoint\",\"urlTemplate\":\"https:\\\/\\\/www.iemj.org\\\/es\\\/?s={search_term_string}\"},\"query-input\":{\"@type\":\"PropertyValueSpecification\",\"valueRequired\":true,\"valueName\":\"search_term_string\"}}],\"inLanguage\":\"es\"},{\"@type\":\"Organization\",\"@id\":\"https:\\\/\\\/www.iemj.org\\\/es\\\/#organization\",\"name\":\"Institut Europ\u00e9en des Musiques Juives\",\"url\":\"https:\\\/\\\/www.iemj.org\\\/es\\\/\",\"logo\":{\"@type\":\"ImageObject\",\"inLanguage\":\"es\",\"@id\":\"https:\\\/\\\/www.iemj.org\\\/es\\\/#\\\/schema\\\/logo\\\/image\\\/\",\"url\":\"https:\\\/\\\/www.iemj.org\\\/wp-content\\\/uploads\\\/2021\\\/09\\\/Logo-IEMJ-Paypal.jpg\",\"contentUrl\":\"https:\\\/\\\/www.iemj.org\\\/wp-content\\\/uploads\\\/2021\\\/09\\\/Logo-IEMJ-Paypal.jpg\",\"width\":150,\"height\":50,\"caption\":\"Institut Europ\u00e9en des Musiques Juives\"},\"image\":{\"@id\":\"https:\\\/\\\/www.iemj.org\\\/es\\\/#\\\/schema\\\/logo\\\/image\\\/\"},\"sameAs\":[\"https:\\\/\\\/www.facebook.com\\\/MusiquesJuives\\\/\",\"https:\\\/\\\/www.instagram.com\\\/musiquesjuives\\\/\",\"https:\\\/\\\/www.youtube.com\\\/user\\\/musiquesjuives\"]},{\"@type\":\"Person\",\"@id\":\"https:\\\/\\\/www.iemj.org\\\/es\\\/#\\\/schema\\\/person\\\/e2ad57f2c4be119c7ed8ab79036807a9\",\"name\":\"Lea Couderc\",\"image\":{\"@type\":\"ImageObject\",\"inLanguage\":\"es\",\"@id\":\"https:\\\/\\\/secure.gravatar.com\\\/avatar\\\/46ee021475d60aeff17a7e490b79dea5a5684bb392ab7fd1494027411df8ba23?s=96&d=mm&r=g\",\"url\":\"https:\\\/\\\/secure.gravatar.com\\\/avatar\\\/46ee021475d60aeff17a7e490b79dea5a5684bb392ab7fd1494027411df8ba23?s=96&d=mm&r=g\",\"contentUrl\":\"https:\\\/\\\/secure.gravatar.com\\\/avatar\\\/46ee021475d60aeff17a7e490b79dea5a5684bb392ab7fd1494027411df8ba23?s=96&d=mm&r=g\",\"caption\":\"Lea Couderc\"}}]}<\/script>\n<!-- \/ Yoast SEO plugin. -->","yoast_head_json":{"title":"El 33 RPM \u201cAdama\u201d de la cantante israel\u00ed Ofra Haza - Institut Europ\u00e9en des Musiques Juives","robots":{"index":"index","follow":"follow","max-snippet":"max-snippet:-1","max-image-preview":"max-image-preview:large","max-video-preview":"max-video-preview:-1"},"canonical":"https:\/\/www.iemj.org\/es\/le-33-trs-adama-de-la-chanteuse-iraelienne-ofra-haza\/","og_locale":"es_ES","og_type":"article","og_title":"El 33 RPM \u201cAdama\u201d de la cantante israel\u00ed Ofra Haza - Institut Europ\u00e9en des Musiques Juives","og_description":"Transl\u00facido y colorido Este disco 33 giras 30cm de Ofra Haza fue publicado en 1985 por el sello israel\u00ed Hed-Arzi. Este disco 33 giras 30cm de Ofra Haza fue publicado","og_url":"https:\/\/www.iemj.org\/es\/le-33-trs-adama-de-la-chanteuse-iraelienne-ofra-haza\/","og_site_name":"Institut Europ\u00e9en des Musiques Juives","article_publisher":"https:\/\/www.facebook.com\/MusiquesJuives\/","article_published_time":"2017-12-13T09:48:17+00:00","article_modified_time":"2022-11-03T15:57:42+00:00","og_image":[{"width":350,"height":395,"url":"https:\/\/www.iemj.org\/wp-content\/uploads\/2017\/12\/arton2876-e1618748089440.jpg","type":"image\/jpeg"}],"author":"Lea Couderc","twitter_card":"summary_large_image","twitter_misc":{"Escrito por":"Lea Couderc","Tiempo de lectura":"3 minutos"},"schema":{"@context":"https:\/\/schema.org","@graph":[{"@type":"Article","@id":"https:\/\/www.iemj.org\/es\/le-33-trs-adama-de-la-chanteuse-iraelienne-ofra-haza\/#article","isPartOf":{"@id":"https:\/\/www.iemj.org\/es\/le-33-trs-adama-de-la-chanteuse-iraelienne-ofra-haza\/"},"author":{"name":"Lea Couderc","@id":"https:\/\/www.iemj.org\/es\/#\/schema\/person\/e2ad57f2c4be119c7ed8ab79036807a9"},"headline":"El 33 RPM \u201cAdama\u201d de la cantante israel\u00ed Ofra Haza","datePublished":"2017-12-13T09:48:17+00:00","dateModified":"2022-11-03T15:57:42+00:00","mainEntityOfPage":{"@id":"https:\/\/www.iemj.org\/es\/le-33-trs-adama-de-la-chanteuse-iraelienne-ofra-haza\/"},"wordCount":383,"publisher":{"@id":"https:\/\/www.iemj.org\/es\/#organization"},"image":{"@id":"https:\/\/www.iemj.org\/es\/le-33-trs-adama-de-la-chanteuse-iraelienne-ofra-haza\/#primaryimage"},"thumbnailUrl":"https:\/\/www.iemj.org\/wp-content\/uploads\/2017\/12\/arton2876-e1618748089440.jpg","articleSection":["Imprescindibles"],"inLanguage":"es"},{"@type":"WebPage","@id":"https:\/\/www.iemj.org\/es\/le-33-trs-adama-de-la-chanteuse-iraelienne-ofra-haza\/","url":"https:\/\/www.iemj.org\/es\/le-33-trs-adama-de-la-chanteuse-iraelienne-ofra-haza\/","name":"El 33 RPM \u201cAdama\u201d de la cantante israel\u00ed Ofra Haza - Institut Europ\u00e9en des Musiques Juives","isPartOf":{"@id":"https:\/\/www.iemj.org\/es\/#website"},"primaryImageOfPage":{"@id":"https:\/\/www.iemj.org\/es\/le-33-trs-adama-de-la-chanteuse-iraelienne-ofra-haza\/#primaryimage"},"image":{"@id":"https:\/\/www.iemj.org\/es\/le-33-trs-adama-de-la-chanteuse-iraelienne-ofra-haza\/#primaryimage"},"thumbnailUrl":"https:\/\/www.iemj.org\/wp-content\/uploads\/2017\/12\/arton2876-e1618748089440.jpg","datePublished":"2017-12-13T09:48:17+00:00","dateModified":"2022-11-03T15:57:42+00:00","breadcrumb":{"@id":"https:\/\/www.iemj.org\/es\/le-33-trs-adama-de-la-chanteuse-iraelienne-ofra-haza\/#breadcrumb"},"inLanguage":"es","potentialAction":[{"@type":"ReadAction","target":["https:\/\/www.iemj.org\/es\/le-33-trs-adama-de-la-chanteuse-iraelienne-ofra-haza\/"]}]},{"@type":"ImageObject","inLanguage":"es","@id":"https:\/\/www.iemj.org\/es\/le-33-trs-adama-de-la-chanteuse-iraelienne-ofra-haza\/#primaryimage","url":"https:\/\/www.iemj.org\/wp-content\/uploads\/2017\/12\/arton2876-e1618748089440.jpg","contentUrl":"https:\/\/www.iemj.org\/wp-content\/uploads\/2017\/12\/arton2876-e1618748089440.jpg","width":350,"height":395},{"@type":"BreadcrumbList","@id":"https:\/\/www.iemj.org\/es\/le-33-trs-adama-de-la-chanteuse-iraelienne-ofra-haza\/#breadcrumb","itemListElement":[{"@type":"ListItem","position":1,"name":"Accueil","item":"https:\/\/www.iemj.org\/es\/"},{"@type":"ListItem","position":2,"name":"El 33 RPM \u201cAdama\u201d de la cantante israel\u00ed Ofra Haza"}]},{"@type":"WebSite","@id":"https:\/\/www.iemj.org\/es\/#website","url":"https:\/\/www.iemj.org\/es\/","name":"Institut Europ\u00e9en des Musiques Juives","description":"Des traditions musicales \u00e0 la port\u00e9e de tous","publisher":{"@id":"https:\/\/www.iemj.org\/es\/#organization"},"potentialAction":[{"@type":"SearchAction","target":{"@type":"EntryPoint","urlTemplate":"https:\/\/www.iemj.org\/es\/?s={search_term_string}"},"query-input":{"@type":"PropertyValueSpecification","valueRequired":true,"valueName":"search_term_string"}}],"inLanguage":"es"},{"@type":"Organization","@id":"https:\/\/www.iemj.org\/es\/#organization","name":"Institut Europ\u00e9en des Musiques Juives","url":"https:\/\/www.iemj.org\/es\/","logo":{"@type":"ImageObject","inLanguage":"es","@id":"https:\/\/www.iemj.org\/es\/#\/schema\/logo\/image\/","url":"https:\/\/www.iemj.org\/wp-content\/uploads\/2021\/09\/Logo-IEMJ-Paypal.jpg","contentUrl":"https:\/\/www.iemj.org\/wp-content\/uploads\/2021\/09\/Logo-IEMJ-Paypal.jpg","width":150,"height":50,"caption":"Institut Europ\u00e9en des Musiques Juives"},"image":{"@id":"https:\/\/www.iemj.org\/es\/#\/schema\/logo\/image\/"},"sameAs":["https:\/\/www.facebook.com\/MusiquesJuives\/","https:\/\/www.instagram.com\/musiquesjuives\/","https:\/\/www.youtube.com\/user\/musiquesjuives"]},{"@type":"Person","@id":"https:\/\/www.iemj.org\/es\/#\/schema\/person\/e2ad57f2c4be119c7ed8ab79036807a9","name":"Lea Couderc","image":{"@type":"ImageObject","inLanguage":"es","@id":"https:\/\/secure.gravatar.com\/avatar\/46ee021475d60aeff17a7e490b79dea5a5684bb392ab7fd1494027411df8ba23?s=96&d=mm&r=g","url":"https:\/\/secure.gravatar.com\/avatar\/46ee021475d60aeff17a7e490b79dea5a5684bb392ab7fd1494027411df8ba23?s=96&d=mm&r=g","contentUrl":"https:\/\/secure.gravatar.com\/avatar\/46ee021475d60aeff17a7e490b79dea5a5684bb392ab7fd1494027411df8ba23?s=96&d=mm&r=g","caption":"Lea Couderc"}}]}},"_links":{"self":[{"href":"https:\/\/www.iemj.org\/es\/wp-json\/wp\/v2\/posts\/89655","targetHints":{"allow":["GET"]}}],"collection":[{"href":"https:\/\/www.iemj.org\/es\/wp-json\/wp\/v2\/posts"}],"about":[{"href":"https:\/\/www.iemj.org\/es\/wp-json\/wp\/v2\/types\/post"}],"author":[{"embeddable":true,"href":"https:\/\/www.iemj.org\/es\/wp-json\/wp\/v2\/users\/1052"}],"replies":[{"embeddable":true,"href":"https:\/\/www.iemj.org\/es\/wp-json\/wp\/v2\/comments?post=89655"}],"version-history":[{"count":0,"href":"https:\/\/www.iemj.org\/es\/wp-json\/wp\/v2\/posts\/89655\/revisions"}],"wp:featuredmedia":[{"embeddable":true,"href":"https:\/\/www.iemj.org\/es\/wp-json\/wp\/v2\/media\/89656"}],"wp:attachment":[{"href":"https:\/\/www.iemj.org\/es\/wp-json\/wp\/v2\/media?parent=89655"}],"wp:term":[{"taxonomy":"category","embeddable":true,"href":"https:\/\/www.iemj.org\/es\/wp-json\/wp\/v2\/categories?post=89655"},{"taxonomy":"post_tag","embeddable":true,"href":"https:\/\/www.iemj.org\/es\/wp-json\/wp\/v2\/tags?post=89655"},{"taxonomy":"technique","embeddable":true,"href":"https:\/\/www.iemj.org\/es\/wp-json\/wp\/v2\/technique?post=89655"},{"taxonomy":"squelettes","embeddable":true,"href":"https:\/\/www.iemj.org\/es\/wp-json\/wp\/v2\/squelettes?post=89655"},{"taxonomy":"sujet","embeddable":true,"href":"https:\/\/www.iemj.org\/es\/wp-json\/wp\/v2\/sujet?post=89655"},{"taxonomy":"formation","embeddable":true,"href":"https:\/\/www.iemj.org\/es\/wp-json\/wp\/v2\/formation?post=89655"},{"taxonomy":"genre","embeddable":true,"href":"https:\/\/www.iemj.org\/es\/wp-json\/wp\/v2\/genre?post=89655"},{"taxonomy":"fonds","embeddable":true,"href":"https:\/\/www.iemj.org\/es\/wp-json\/wp\/v2\/fonds?post=89655"},{"taxonomy":"tradition","embeddable":true,"href":"https:\/\/www.iemj.org\/es\/wp-json\/wp\/v2\/tradition?post=89655"},{"taxonomy":"type-de-contenu","embeddable":true,"href":"https:\/\/www.iemj.org\/es\/wp-json\/wp\/v2\/type-de-contenu?post=89655"},{"taxonomy":"interprete-compositeur","embeddable":true,"href":"https:\/\/www.iemj.org\/es\/wp-json\/wp\/v2\/interprete-compositeur?post=89655"},{"taxonomy":"frise","embeddable":true,"href":"https:\/\/www.iemj.org\/es\/wp-json\/wp\/v2\/frise?post=89655"},{"taxonomy":"type-devenement","embeddable":true,"href":"https:\/\/www.iemj.org\/es\/wp-json\/wp\/v2\/type-devenement?post=89655"},{"taxonomy":"tableaux-liens-externes","embeddable":true,"href":"https:\/\/www.iemj.org\/es\/wp-json\/wp\/v2\/tableaux-liens-externes?post=89655"}],"curies":[{"name":"wp","href":"https:\/\/api.w.org\/{rel}","templated":true}]}}