{"id":89881,"date":"2022-11-14T17:35:48","date_gmt":"2022-11-14T16:35:48","guid":{"rendered":"https:\/\/www.iemj.org\/des-prieres-sur-lair-de-la-marseillaise\/"},"modified":"2022-11-17T12:22:36","modified_gmt":"2022-11-17T11:22:36","slug":"des-prieres-sur-lair-de-la-marseillaise","status":"publish","type":"post","link":"https:\/\/www.iemj.org\/es\/des-prieres-sur-lair-de-la-marseillaise\/","title":{"rendered":"\u00a1Oraciones al son de La Marsellesa!"},"content":{"rendered":"<p>La liturgia jud\u00eda est\u00e1 llena de sorpresas. En 1993, mientras coordinaba las actividades de la Asociaci\u00f3n Yuval para la preservaci\u00f3n de las tradiciones musicales jud\u00edas, bajo la direcci\u00f3n del music\u00f3logo Israel Adler, me contact\u00f3 la productora de France Culture, Marie-Dominique Arrighi, que estaba preparando una serie de programas de radio sobre el tema de la integraci\u00f3n y la adquisici\u00f3n de la nacionalidad francesa <span class=\"footnote_referrer\"><a role=\"button\" tabindex=\"0\" onclick=\"footnote_moveToReference_89881_1('footnote_plugin_reference_89881_1_1');\" onkeypress=\"footnote_moveToReference_89881_1('footnote_plugin_reference_89881_1_1');\" ><sup id=\"footnote_plugin_tooltip_89881_1_1\" class=\"footnote_plugin_tooltip_text\">[1]<\/sup><\/a><span id=\"footnote_plugin_tooltip_text_89881_1_1\" class=\"footnote_tooltip\">Los cuatro programas semanales <em>Nuits magn\u00e9tiques<\/em> de Marie-Dominique Arrighi sobre el tema \u00abConvertirse en franc\u00e9s\u00bb se emitieron en France Culture a partir del 20 de abril de 1993.<\/span><\/span><script type=\"text\/javascript\"> jQuery('#footnote_plugin_tooltip_89881_1_1').tooltip({ tip: '#footnote_plugin_tooltip_text_89881_1_1', tipClass: 'footnote_tooltip', effect: 'fade', predelay: 0, fadeInSpeed: 200, delay: 400, fadeOutSpeed: 200, position: 'top center', relative: true, offset: [-7, 0], });<\/script>.<\/p>\n<p>Durante una entrevista con el profesor Ady Steg, presidente de la Alliance Isra\u00e9lite Universelle, \u00e9ste le hab\u00eda se\u00f1alado que la emancipaci\u00f3n de los jud\u00edos de Europa del Este se hab\u00eda logrado gracias a la Revoluci\u00f3n Francesa y a las conquistas napole\u00f3nicas. Los jud\u00edos ortodoxos y jas\u00eddicos, entonces libres de expresarse fuera de los guetos, habr\u00edan rendido homenaje a sus liberadores utilizando la m\u00fasica de la Marsellesa para cantar algunas de sus oraciones.<\/p>\n<figure id=\"attachment_89855\" aria-describedby=\"caption-attachment-89855\" style=\"width: 300px\" class=\"wp-caption alignright\"><img fetchpriority=\"high\" decoding=\"async\" class=\"wp-image-89855 size-medium\" src=\"https:\/\/www.iemj.org\/wp-content\/uploads\/2022\/11\/Rouget-des-Lisle-chantant-la-Marseillaise-pour-la-1ere-fois_peinture-dIsidore-Pils-1849-300x242.jpg\" alt=\"\" width=\"300\" height=\"242\" srcset=\"https:\/\/www.iemj.org\/wp-content\/uploads\/2022\/11\/Rouget-des-Lisle-chantant-la-Marseillaise-pour-la-1ere-fois_peinture-dIsidore-Pils-1849-300x242.jpg 300w, https:\/\/www.iemj.org\/wp-content\/uploads\/2022\/11\/Rouget-des-Lisle-chantant-la-Marseillaise-pour-la-1ere-fois_peinture-dIsidore-Pils-1849.jpg 500w\" sizes=\"(max-width: 300px) 100vw, 300px\" \/><figcaption id=\"caption-attachment-89855\" class=\"wp-caption-text\"><strong>Rouget de Lisle cantando la Marsellesa por primera vez (cuadro de Isidore Pils, 1849)<\/strong><\/figcaption><\/figure>\n<p>Si bien es cierto que hay varias marchas napole\u00f3nicas en la m\u00fasica jas\u00eddica, nunca hab\u00eda encontrado una melod\u00eda tan emblem\u00e1tica como la Marsellesa. Tras una investigaci\u00f3n en los c\u00edrculos lubavitch parisinos, result\u00f3 que un <em>piyyut<\/em> matutino de Shabat, <em>Haaderet vehaemuna<\/em>, se cantaba efectivamente con la primera parte de la melod\u00eda marsellesa. Intrigado por este pr\u00e9stamo poco corriente, pregunt\u00e9 a mi informante por el origen de esta melod\u00eda. Seg\u00fan \u00e9l, su introducci\u00f3n en la liturgia era relativamente reciente, pero no pudo darme m\u00e1s detalles.<\/p>\n<p>Me puse en contacto con la comunidad de Lubavitch de Jerusal\u00e9n a trav\u00e9s de Israel Adler, Yaakov Mazor y Gila Flam, la actual directora de los Archivos Nacionales de Sonido de Israel. Tras una breve investigaci\u00f3n, pudieron obtener las siguientes explicaciones. En 1973, cuando el movimiento Habad todav\u00eda no estaba muy desarrollado en <img decoding=\"async\" class=\" wp-image-89850 alignleft\" src=\"https:\/\/www.iemj.org\/wp-content\/uploads\/2022\/11\/Le-Rabbi-de-loubavitch-259x300.jpg\" alt=\"\" width=\"224\" height=\"259\" srcset=\"https:\/\/www.iemj.org\/wp-content\/uploads\/2022\/11\/Le-Rabbi-de-loubavitch-259x300.jpg 259w, https:\/\/www.iemj.org\/wp-content\/uploads\/2022\/11\/Le-Rabbi-de-loubavitch.jpg 498w\" sizes=\"(max-width: 224px) 100vw, 224px\" \/>Francia, un centenar de jud\u00edos franceses fueron a Nueva York para las fiestas de Tishri a ver al <strong>Rebe de Lubavitch<\/strong>. Este \u00faltimo, que conoc\u00eda especialmente bien Francia, ya que hab\u00eda estudiado en la Sorbona durante varios a\u00f1os, les dio una c\u00e1lida bienvenida. Y durante las <em>hakafot<\/em> (procesiones) de Simhat Torah, los reuni\u00f3 a su alrededor y comenz\u00f3 a cantar la oraci\u00f3n <em>Haaderet Vehaemuna<\/em> al son de la Marsellesa. Los franceses no pod\u00edan creer lo que o\u00edan, pero se dieron cuenta de que el Rebe estaba cantando la Marsellesa. Se unieron al canto del Rebe con una alegr\u00eda a\u00fan mayor. Inmediatamente despu\u00e9s de las <em>hakafot<\/em>, muchos grupos de <em>jasidim<\/em> se reunieron en torno a uno de los franceses que se situaba en el centro, ense\u00f1ando la Marsellesa a los que deseaban aprender este nuevo <em>niggun<\/em>. Los cantos y los bailes aumentaron en la casa del Rebe, y pronto los cantos se extendieron a las calles de los alrededores durante toda la noche, ya que cada vez m\u00e1s gente se un\u00eda al interminable baile.<\/p>\n<p><strong>Audio 1: La Marsellesa cantada por los Lubavitch. Extracto del programa <em>Nuits magn\u00e9tiques<\/em> de Marie-Dominique Arrighi emitido en France Culture el 20 de abril de 1993<\/strong><\/p>\n<audio class=\"wp-audio-shortcode\" id=\"audio-89881-1\" preload=\"none\" style=\"width: 100%;\" controls=\"controls\"><source type=\"audio\/mpeg\" src=\"https:\/\/www.iemj.org\/wp-content\/uploads\/2022\/11\/00_La-Marseillaise-hassidique-Loubavitch_Extrait-de-lemission-Nuits-magnetiques-de-Marie-Dominique-Arrighi-diffusee-sur-France-Culture-le-20-avril-1993.mp3?_=1\" \/><a href=\"https:\/\/www.iemj.org\/wp-content\/uploads\/2022\/11\/00_La-Marseillaise-hassidique-Loubavitch_Extrait-de-lemission-Nuits-magnetiques-de-Marie-Dominique-Arrighi-diffusee-sur-France-Culture-le-20-avril-1993.mp3\">https:\/\/www.iemj.org\/wp-content\/uploads\/2022\/11\/00_La-Marseillaise-hassidique-Loubavitch_Extrait-de-lemission-Nuits-magnetiques-de-Marie-Dominique-Arrighi-diffusee-sur-France-Culture-le-20-avril-1993.mp3<\/a><\/audio>\n<p>As\u00ed, desde 1973, el piyyut <em>Haaderet vehaemuna<\/em> se canta los s\u00e1bados por la ma\u00f1ana y los d\u00edas festivos al son de la Marsellesa. M\u00e1s tarde, el Rebe justific\u00f3 su decisi\u00f3n se\u00f1alando que el himno de Lubavitch U<em>faratsta<\/em> (Difundir\u00e1s; G\u00e9nesis 28:14) se correspond\u00eda estrechamente con el anagrama de la palabra <em>Tsarfat<\/em>, que significa \u00abFrancia\u00bb en hebreo. Por lo tanto, estos dos t\u00e9rminos manten\u00edan una relaci\u00f3n profunda y armoniosa. Adem\u00e1s, seg\u00fan la <em>Gematria<\/em> (un proceso numerol\u00f3gico para interpretar los textos hebreos), el total de sus letras es 770&#8230; \u00a1un n\u00famero que se corresponde con el de la casa del Rebe en Nueva York (770 Eastern Parkway, Brooklyn)!<\/p>\n<p><strong>Audio 2 : <em>Ufaratsta<\/em>, Himno del Lubavitch<\/strong><\/p>\n<audio class=\"wp-audio-shortcode\" id=\"audio-89881-2\" preload=\"none\" style=\"width: 100%;\" controls=\"controls\"><source type=\"audio\/mpeg\" src=\"https:\/\/www.iemj.org\/wp-content\/uploads\/2022\/11\/02_Oufaratsta_Hymne-des-Loubavitch-1.mp3?_=2\" \/><a href=\"https:\/\/www.iemj.org\/wp-content\/uploads\/2022\/11\/02_Oufaratsta_Hymne-des-Loubavitch-1.mp3\">https:\/\/www.iemj.org\/wp-content\/uploads\/2022\/11\/02_Oufaratsta_Hymne-des-Loubavitch-1.mp3<\/a><\/audio>\n<figure id=\"attachment_89860\" aria-describedby=\"caption-attachment-89860\" style=\"width: 202px\" class=\"wp-caption alignright\"><img decoding=\"async\" class=\"wp-image-89860 size-medium\" src=\"https:\/\/www.iemj.org\/wp-content\/uploads\/2022\/11\/Djerba_Syna-La-Ghriba_1994-09_DR-H-Roten_redim-202x300.jpg\" alt=\"\" width=\"202\" height=\"300\" srcset=\"https:\/\/www.iemj.org\/wp-content\/uploads\/2022\/11\/Djerba_Syna-La-Ghriba_1994-09_DR-H-Roten_redim-202x300.jpg 202w, https:\/\/www.iemj.org\/wp-content\/uploads\/2022\/11\/Djerba_Syna-La-Ghriba_1994-09_DR-H-Roten_redim.jpg 337w\" sizes=\"(max-width: 202px) 100vw, 202px\" \/><figcaption id=\"caption-attachment-89860\" class=\"wp-caption-text\"><strong>Djerba, Sinagoga de la Ghriba &#8211; Septiembre de 1994 (\u00a9 H. Roten)<\/strong><\/figcaption><\/figure>\n<p>O\u00edr a los lubavitch cantar la Marsellesa en hebreo es una paradoja a\u00fan mayor cuando se sabe que el fundador del movimiento de los Habad, el rabino Schneur Zalman de Lyadi (1745-1813) -el nieto espiritual del Baal Shem Tov- se puso deliberadamente del lado de los rusos contra las invasiones napole\u00f3nicas, que juzgaba peligrosas para el juda\u00edsmo ortodoxo. Por otra parte, la letra b\u00e9lica de este himno no lo predispon\u00eda realmente a acompa\u00f1ar el canto de una oraci\u00f3n. Pero para los <em>jasidim<\/em>, toda melod\u00eda, ya sea la m\u00e1s impura o la m\u00e1s banal, contiene una chispa divina que puede ser liberada por la <em>devequt<\/em><span class=\"footnote_referrer\"><a role=\"button\" tabindex=\"0\" onclick=\"footnote_moveToReference_89881_1('footnote_plugin_reference_89881_1_2');\" onkeypress=\"footnote_moveToReference_89881_1('footnote_plugin_reference_89881_1_2');\" ><sup id=\"footnote_plugin_tooltip_89881_1_2\" class=\"footnote_plugin_tooltip_text\">[2]<\/sup><\/a><span id=\"footnote_plugin_tooltip_text_89881_1_2\" class=\"footnote_tooltip\">Un estado de total adhesi\u00f3n a Dios en todos los actos de la vida cotidiana.<\/span><\/span><script type=\"text\/javascript\"> jQuery('#footnote_plugin_tooltip_89881_1_2').tooltip({ tip: '#footnote_plugin_tooltip_text_89881_1_2', tipClass: 'footnote_tooltip', effect: 'fade', predelay: 0, fadeInSpeed: 200, delay: 400, fadeOutSpeed: 200, position: 'top center', relative: true, offset: [-7, 0], });<\/script>.<\/p>\n<p>Esta investigaci\u00f3n sobre el uso de la Marsellesa en las oraciones revel\u00f3 la existencia de una segunda grabaci\u00f3n procedente de la isla de Djerba (T\u00fanez). Tras una visita de funcionarios franceses a la isla, la comunidad jud\u00eda honr\u00f3 a sus hu\u00e9spedes cantando su himno nacional. La melod\u00eda se record\u00f3 m\u00e1s tarde y se convirti\u00f3 en la base de un <em>piyyut<\/em> que todav\u00eda se canta en los servicios. La entonaci\u00f3n oriental se ha entrelazado con la melod\u00eda original, dando a esta Marsellesa un aspecto original y sorprendente.<\/p>\n<p><strong>Audio 3: Piyyut djerbiano cantado en \u00e1rabe con la melod\u00eda de La Marsellesa<\/strong><\/p>\n<audio class=\"wp-audio-shortcode\" id=\"audio-89881-3\" preload=\"none\" style=\"width: 100%;\" controls=\"controls\"><source type=\"audio\/mpeg\" src=\"https:\/\/www.iemj.org\/wp-content\/uploads\/2022\/11\/03_Piyyout-djerbien-chante-en-arabe-sur-lair-de-La-Marseillaise.mp3?_=3\" \/><a href=\"https:\/\/www.iemj.org\/wp-content\/uploads\/2022\/11\/03_Piyyout-djerbien-chante-en-arabe-sur-lair-de-La-Marseillaise.mp3\">https:\/\/www.iemj.org\/wp-content\/uploads\/2022\/11\/03_Piyyout-djerbien-chante-en-arabe-sur-lair-de-La-Marseillaise.mp3<\/a><\/audio>\n<p>Por \u00faltimo, recientemente, mi amigo Jo\u00ebl Rochard, presidente del Cercle Bernard Lazare, me envi\u00f3 un correo electr\u00f3nico titulado <em>Rouget de Lisle au secours d&#8217;Ibn Gabirol<\/em>. En \u00e9l explicaba que \u201csu nieto Samuel, de 11 a\u00f1os, se esforzaba por aprender la oraci\u00f3n de Adon Olam. Le expliqu\u00e9 que este poema lit\u00fargico se puede cantar con diversas melod\u00edas. Cada uno puede elegir la melod\u00eda que quiera.<\/p>\n<p>Una hora despu\u00e9s su nieto conoc\u00eda el Adon Olam de memoria.\u201d<\/p>\n<p>Suger\u00ed la Marsellesa. Le gust\u00f3 la idea.<\/p>\n<p>Una hora despu\u00e9s su nieto conoc\u00eda el Adon Olam de memoria.\u201d<\/p>\n<p>\u00a1Debo admitir que he intentado hacer lo mismo. Funciona perfectamente!<\/p>\n<h3><a href=\"http:\/\/www.rachelnet.net\/F\/?func=find-c&amp;ccl_term=WRD+%3D+Marseillaise&amp;local_base=iemcg\" target=\"_blank\" rel=\"noopener\">Consultar otros documentos sobre la Marsellesa en nuestras colecciones<\/a><\/h3>\n<p>\u00a0<\/p>\n\n\n<figure class=\"wp-block-embed is-type-video is-provider-youtube wp-block-embed-youtube wp-embed-aspect-4-3 wp-has-aspect-ratio\"><div class=\"wp-block-embed__wrapper\">\n<iframe title=\"\u05d4\u05e8\u05d1\u05d9 \u05d1\u05d9\u05e7\u05e9 \u05d4\u05d0\u05d3\u05e8\u05ea \u05d5\u05d4\u05d0\u05de\u05d5\u05e0\u05d4 \u05d1\u05e0\u05d9\u05d2\u05d5\u05df \u05d4\u05d4\u05de\u05e0\u05d5\u05df \u05d4\u05e6\u05e8\u05e4\u05ea\u05d9\" width=\"640\" height=\"480\" src=\"https:\/\/www.youtube.com\/embed\/uNTYoTpHZ5c?feature=oembed\" frameborder=\"0\" allow=\"accelerometer; autoplay; clipboard-write; encrypted-media; gyroscope; picture-in-picture; web-share\" referrerpolicy=\"strict-origin-when-cross-origin\" allowfullscreen><\/iframe>\n<\/div><figcaption class=\"wp-element-caption\"><strong>Ver un extracto en v\u00eddeo de la Marsellesa cantada por el rabino Menajem Mendel Schneerson y sus seguidores<\/strong><\/figcaption><\/figure>\n\n\n\n<p><\/p>\n\n\n\n<figure class=\"wp-block-video\"><video height=\"576\" style=\"aspect-ratio: 720 \/ 576;\" width=\"720\" controls src=\"https:\/\/www.iemj.org\/wp-content\/uploads\/2022\/11\/Torah-times_Pourquoi-les-Loubavitch-chantent-il-La-Marseillaise-tous-les-samedi-matins.mp4\"><\/video><figcaption class=\"wp-element-caption\"><strong>Mirar el fragmento de v\u00eddeo \u00ab\u00bfPor qu\u00e9 los Lubavitch cantan la Marsellesa todos los s\u00e1bados por la ma\u00f1ana?<\/strong><\/figcaption><\/figure>\n<div class=\"speaker-mute footnotes_reference_container\"> <div class=\"footnote_container_prepare\"><p><span role=\"button\" tabindex=\"0\" class=\"footnote_reference_container_label pointer\" onclick=\"footnote_expand_collapse_reference_container_89881_1();\">&#x202F;<\/span><span role=\"button\" tabindex=\"0\" class=\"footnote_reference_container_collapse_button\" style=\"display: none;\" onclick=\"footnote_expand_collapse_reference_container_89881_1();\">[<a id=\"footnote_reference_container_collapse_button_89881_1\">+<\/a>]<\/span><\/p><\/div> <div id=\"footnote_references_container_89881_1\" style=\"\"><table class=\"footnotes_table footnote-reference-container\"><caption class=\"accessibility\">References<\/caption> <tbody> \r\n\r\n<tr class=\"footnotes_plugin_reference_row\"> <th scope=\"row\" class=\"footnote_plugin_index_combi pointer\"  onclick=\"footnote_moveToAnchor_89881_1('footnote_plugin_tooltip_89881_1_1');\"><a id=\"footnote_plugin_reference_89881_1_1\" class=\"footnote_backlink\">1<\/a><\/th> <td class=\"footnote_plugin_text\">Los cuatro programas semanales <em>Nuits magn\u00e9tiques<\/em> de Marie-Dominique Arrighi sobre el tema \u00abConvertirse en franc\u00e9s\u00bb se emitieron en France Culture a partir del 20 de abril de 1993.<\/td><\/tr>\r\n\r\n<tr class=\"footnotes_plugin_reference_row\"> <th scope=\"row\" class=\"footnote_plugin_index_combi pointer\"  onclick=\"footnote_moveToAnchor_89881_1('footnote_plugin_tooltip_89881_1_2');\"><a id=\"footnote_plugin_reference_89881_1_2\" class=\"footnote_backlink\">2<\/a><\/th> <td class=\"footnote_plugin_text\">Un estado de total adhesi\u00f3n a Dios en todos los actos de la vida cotidiana.<\/td><\/tr>\r\n\r\n <\/tbody> <\/table> <\/div><\/div><script type=\"text\/javascript\"> function footnote_expand_reference_container_89881_1() { jQuery('#footnote_references_container_89881_1').show(); jQuery('#footnote_reference_container_collapse_button_89881_1').text('\u2212'); } function footnote_collapse_reference_container_89881_1() { jQuery('#footnote_references_container_89881_1').hide(); jQuery('#footnote_reference_container_collapse_button_89881_1').text('+'); } function footnote_expand_collapse_reference_container_89881_1() { if (jQuery('#footnote_references_container_89881_1').is(':hidden')) { footnote_expand_reference_container_89881_1(); } else { footnote_collapse_reference_container_89881_1(); } } function footnote_moveToReference_89881_1(p_str_TargetID) { footnote_expand_reference_container_89881_1(); var l_obj_Target = jQuery('#' + p_str_TargetID); if (l_obj_Target.length) { jQuery( 'html, body' ).delay( 0 ); jQuery('html, body').animate({ scrollTop: l_obj_Target.offset().top - window.innerHeight * 0.2 }, 380); } } function footnote_moveToAnchor_89881_1(p_str_TargetID) { footnote_expand_reference_container_89881_1(); var l_obj_Target = jQuery('#' + p_str_TargetID); if (l_obj_Target.length) { jQuery( 'html, body' ).delay( 0 ); jQuery('html, body').animate({ scrollTop: l_obj_Target.offset().top - window.innerHeight * 0.2 }, 380); } }<\/script>","protected":false},"excerpt":{"rendered":"<p>La liturgia jud\u00eda est\u00e1 llena de sorpresas. En 1993, mientras coordinaba las actividades de la Asociaci\u00f3n Yuval para la preservaci\u00f3n de las tradiciones musicales jud\u00edas, bajo la direcci\u00f3n del music\u00f3logo<\/p>\n","protected":false},"author":5,"featured_media":89848,"comment_status":"closed","ping_status":"closed","sticky":false,"template":"","format":"standard","meta":{"_acf_changed":false,"footnotes":""},"categories":[1408,1411,1412],"tags":[],"technique":[],"squelettes":[],"sujet":[],"formation":[],"genre":[],"fonds":[],"tradition":[],"type-de-contenu":[],"interprete-compositeur":[],"frise":[],"type-devenement":[],"tableaux-liens-externes":[],"class_list":["post-89881","post","type-post","status-publish","format-standard","has-post-thumbnail","hentry","category-articulos-de-fondo-es","category-musica-liturgica-es","category-musica-secular-es"],"acf":[],"yoast_head":"<!-- This site is optimized with the Yoast SEO plugin v27.3 - https:\/\/yoast.com\/product\/yoast-seo-wordpress\/ -->\n<title>\u00a1Oraciones al son de La Marsellesa! - Institut Europ\u00e9en des Musiques Juives<\/title>\n<meta name=\"robots\" content=\"index, follow, max-snippet:-1, max-image-preview:large, max-video-preview:-1\" \/>\n<link rel=\"canonical\" href=\"https:\/\/www.iemj.org\/es\/des-prieres-sur-lair-de-la-marseillaise\/\" \/>\n<meta property=\"og:locale\" content=\"es_ES\" \/>\n<meta property=\"og:type\" content=\"article\" \/>\n<meta property=\"og:title\" content=\"\u00a1Oraciones al son de La Marsellesa! - Institut Europ\u00e9en des Musiques Juives\" \/>\n<meta property=\"og:description\" content=\"La liturgia jud\u00eda est\u00e1 llena de sorpresas. En 1993, mientras coordinaba las actividades de la Asociaci\u00f3n Yuval para la preservaci\u00f3n de las tradiciones musicales jud\u00edas, bajo la direcci\u00f3n del music\u00f3logo\" \/>\n<meta property=\"og:url\" content=\"https:\/\/www.iemj.org\/es\/des-prieres-sur-lair-de-la-marseillaise\/\" \/>\n<meta property=\"og:site_name\" content=\"Institut Europ\u00e9en des Musiques Juives\" \/>\n<meta property=\"article:publisher\" content=\"https:\/\/www.facebook.com\/MusiquesJuives\/\" \/>\n<meta property=\"article:published_time\" content=\"2022-11-14T16:35:48+00:00\" \/>\n<meta property=\"article:modified_time\" content=\"2022-11-17T11:22:36+00:00\" \/>\n<meta property=\"og:image\" content=\"https:\/\/www.iemj.org\/wp-content\/uploads\/2022\/11\/Logo-article.jpg\" \/>\n\t<meta property=\"og:image:width\" content=\"500\" \/>\n\t<meta property=\"og:image:height\" content=\"500\" \/>\n\t<meta property=\"og:image:type\" content=\"image\/jpeg\" \/>\n<meta name=\"author\" content=\"Jacqueline ROTEN\" \/>\n<meta name=\"twitter:card\" content=\"summary_large_image\" \/>\n<meta name=\"twitter:label1\" content=\"Escrito por\" \/>\n\t<meta name=\"twitter:data1\" content=\"Jacqueline ROTEN\" \/>\n\t<meta name=\"twitter:label2\" content=\"Tiempo de lectura\" \/>\n\t<meta name=\"twitter:data2\" content=\"6 minutos\" \/>\n<script type=\"application\/ld+json\" class=\"yoast-schema-graph\">{\"@context\":\"https:\\\/\\\/schema.org\",\"@graph\":[{\"@type\":\"Article\",\"@id\":\"https:\\\/\\\/www.iemj.org\\\/es\\\/des-prieres-sur-lair-de-la-marseillaise\\\/#article\",\"isPartOf\":{\"@id\":\"https:\\\/\\\/www.iemj.org\\\/es\\\/des-prieres-sur-lair-de-la-marseillaise\\\/\"},\"author\":{\"name\":\"Jacqueline ROTEN\",\"@id\":\"https:\\\/\\\/www.iemj.org\\\/es\\\/#\\\/schema\\\/person\\\/358e26c18aca017fcc4cc15437f7279c\"},\"headline\":\"\u00a1Oraciones al son de La Marsellesa!\",\"datePublished\":\"2022-11-14T16:35:48+00:00\",\"dateModified\":\"2022-11-17T11:22:36+00:00\",\"mainEntityOfPage\":{\"@id\":\"https:\\\/\\\/www.iemj.org\\\/es\\\/des-prieres-sur-lair-de-la-marseillaise\\\/\"},\"wordCount\":1158,\"publisher\":{\"@id\":\"https:\\\/\\\/www.iemj.org\\\/es\\\/#organization\"},\"image\":{\"@id\":\"https:\\\/\\\/www.iemj.org\\\/es\\\/des-prieres-sur-lair-de-la-marseillaise\\\/#primaryimage\"},\"thumbnailUrl\":\"https:\\\/\\\/www.iemj.org\\\/wp-content\\\/uploads\\\/2022\\\/11\\\/Logo-article.jpg\",\"articleSection\":[\"Art\u00edculos de fondo\",\"M\u00fasica lit\u00fargica\",\"M\u00fasica secular\"],\"inLanguage\":\"es\"},{\"@type\":\"WebPage\",\"@id\":\"https:\\\/\\\/www.iemj.org\\\/es\\\/des-prieres-sur-lair-de-la-marseillaise\\\/\",\"url\":\"https:\\\/\\\/www.iemj.org\\\/es\\\/des-prieres-sur-lair-de-la-marseillaise\\\/\",\"name\":\"\u00a1Oraciones al son de La Marsellesa! - Institut Europ\u00e9en des Musiques Juives\",\"isPartOf\":{\"@id\":\"https:\\\/\\\/www.iemj.org\\\/es\\\/#website\"},\"primaryImageOfPage\":{\"@id\":\"https:\\\/\\\/www.iemj.org\\\/es\\\/des-prieres-sur-lair-de-la-marseillaise\\\/#primaryimage\"},\"image\":{\"@id\":\"https:\\\/\\\/www.iemj.org\\\/es\\\/des-prieres-sur-lair-de-la-marseillaise\\\/#primaryimage\"},\"thumbnailUrl\":\"https:\\\/\\\/www.iemj.org\\\/wp-content\\\/uploads\\\/2022\\\/11\\\/Logo-article.jpg\",\"datePublished\":\"2022-11-14T16:35:48+00:00\",\"dateModified\":\"2022-11-17T11:22:36+00:00\",\"breadcrumb\":{\"@id\":\"https:\\\/\\\/www.iemj.org\\\/es\\\/des-prieres-sur-lair-de-la-marseillaise\\\/#breadcrumb\"},\"inLanguage\":\"es\",\"potentialAction\":[{\"@type\":\"ReadAction\",\"target\":[\"https:\\\/\\\/www.iemj.org\\\/es\\\/des-prieres-sur-lair-de-la-marseillaise\\\/\"]}]},{\"@type\":\"ImageObject\",\"inLanguage\":\"es\",\"@id\":\"https:\\\/\\\/www.iemj.org\\\/es\\\/des-prieres-sur-lair-de-la-marseillaise\\\/#primaryimage\",\"url\":\"https:\\\/\\\/www.iemj.org\\\/wp-content\\\/uploads\\\/2022\\\/11\\\/Logo-article.jpg\",\"contentUrl\":\"https:\\\/\\\/www.iemj.org\\\/wp-content\\\/uploads\\\/2022\\\/11\\\/Logo-article.jpg\",\"width\":500,\"height\":500},{\"@type\":\"BreadcrumbList\",\"@id\":\"https:\\\/\\\/www.iemj.org\\\/es\\\/des-prieres-sur-lair-de-la-marseillaise\\\/#breadcrumb\",\"itemListElement\":[{\"@type\":\"ListItem\",\"position\":1,\"name\":\"Accueil\",\"item\":\"https:\\\/\\\/www.iemj.org\\\/es\\\/\"},{\"@type\":\"ListItem\",\"position\":2,\"name\":\"\u00a1Oraciones al son de La Marsellesa!\"}]},{\"@type\":\"WebSite\",\"@id\":\"https:\\\/\\\/www.iemj.org\\\/es\\\/#website\",\"url\":\"https:\\\/\\\/www.iemj.org\\\/es\\\/\",\"name\":\"Institut Europ\u00e9en des Musiques Juives\",\"description\":\"Des traditions musicales \u00e0 la port\u00e9e de tous\",\"publisher\":{\"@id\":\"https:\\\/\\\/www.iemj.org\\\/es\\\/#organization\"},\"potentialAction\":[{\"@type\":\"SearchAction\",\"target\":{\"@type\":\"EntryPoint\",\"urlTemplate\":\"https:\\\/\\\/www.iemj.org\\\/es\\\/?s={search_term_string}\"},\"query-input\":{\"@type\":\"PropertyValueSpecification\",\"valueRequired\":true,\"valueName\":\"search_term_string\"}}],\"inLanguage\":\"es\"},{\"@type\":\"Organization\",\"@id\":\"https:\\\/\\\/www.iemj.org\\\/es\\\/#organization\",\"name\":\"Institut Europ\u00e9en des Musiques Juives\",\"url\":\"https:\\\/\\\/www.iemj.org\\\/es\\\/\",\"logo\":{\"@type\":\"ImageObject\",\"inLanguage\":\"es\",\"@id\":\"https:\\\/\\\/www.iemj.org\\\/es\\\/#\\\/schema\\\/logo\\\/image\\\/\",\"url\":\"https:\\\/\\\/www.iemj.org\\\/wp-content\\\/uploads\\\/2021\\\/09\\\/Logo-IEMJ-Paypal.jpg\",\"contentUrl\":\"https:\\\/\\\/www.iemj.org\\\/wp-content\\\/uploads\\\/2021\\\/09\\\/Logo-IEMJ-Paypal.jpg\",\"width\":150,\"height\":50,\"caption\":\"Institut Europ\u00e9en des Musiques Juives\"},\"image\":{\"@id\":\"https:\\\/\\\/www.iemj.org\\\/es\\\/#\\\/schema\\\/logo\\\/image\\\/\"},\"sameAs\":[\"https:\\\/\\\/www.facebook.com\\\/MusiquesJuives\\\/\",\"https:\\\/\\\/www.instagram.com\\\/musiquesjuives\\\/\",\"https:\\\/\\\/www.youtube.com\\\/user\\\/musiquesjuives\"]},{\"@type\":\"Person\",\"@id\":\"https:\\\/\\\/www.iemj.org\\\/es\\\/#\\\/schema\\\/person\\\/358e26c18aca017fcc4cc15437f7279c\",\"name\":\"Jacqueline ROTEN\",\"image\":{\"@type\":\"ImageObject\",\"inLanguage\":\"es\",\"@id\":\"https:\\\/\\\/secure.gravatar.com\\\/avatar\\\/5964256d6c6957de3a3505278957e0fb2a35119ac47ea41827a65301213c810b?s=96&d=mm&r=g\",\"url\":\"https:\\\/\\\/secure.gravatar.com\\\/avatar\\\/5964256d6c6957de3a3505278957e0fb2a35119ac47ea41827a65301213c810b?s=96&d=mm&r=g\",\"contentUrl\":\"https:\\\/\\\/secure.gravatar.com\\\/avatar\\\/5964256d6c6957de3a3505278957e0fb2a35119ac47ea41827a65301213c810b?s=96&d=mm&r=g\",\"caption\":\"Jacqueline ROTEN\"}}]}<\/script>\n<!-- \/ Yoast SEO plugin. -->","yoast_head_json":{"title":"\u00a1Oraciones al son de La Marsellesa! - Institut Europ\u00e9en des Musiques Juives","robots":{"index":"index","follow":"follow","max-snippet":"max-snippet:-1","max-image-preview":"max-image-preview:large","max-video-preview":"max-video-preview:-1"},"canonical":"https:\/\/www.iemj.org\/es\/des-prieres-sur-lair-de-la-marseillaise\/","og_locale":"es_ES","og_type":"article","og_title":"\u00a1Oraciones al son de La Marsellesa! - Institut Europ\u00e9en des Musiques Juives","og_description":"La liturgia jud\u00eda est\u00e1 llena de sorpresas. En 1993, mientras coordinaba las actividades de la Asociaci\u00f3n Yuval para la preservaci\u00f3n de las tradiciones musicales jud\u00edas, bajo la direcci\u00f3n del music\u00f3logo","og_url":"https:\/\/www.iemj.org\/es\/des-prieres-sur-lair-de-la-marseillaise\/","og_site_name":"Institut Europ\u00e9en des Musiques Juives","article_publisher":"https:\/\/www.facebook.com\/MusiquesJuives\/","article_published_time":"2022-11-14T16:35:48+00:00","article_modified_time":"2022-11-17T11:22:36+00:00","og_image":[{"width":500,"height":500,"url":"https:\/\/www.iemj.org\/wp-content\/uploads\/2022\/11\/Logo-article.jpg","type":"image\/jpeg"}],"author":"Jacqueline ROTEN","twitter_card":"summary_large_image","twitter_misc":{"Escrito por":"Jacqueline ROTEN","Tiempo de lectura":"6 minutos"},"schema":{"@context":"https:\/\/schema.org","@graph":[{"@type":"Article","@id":"https:\/\/www.iemj.org\/es\/des-prieres-sur-lair-de-la-marseillaise\/#article","isPartOf":{"@id":"https:\/\/www.iemj.org\/es\/des-prieres-sur-lair-de-la-marseillaise\/"},"author":{"name":"Jacqueline ROTEN","@id":"https:\/\/www.iemj.org\/es\/#\/schema\/person\/358e26c18aca017fcc4cc15437f7279c"},"headline":"\u00a1Oraciones al son de La Marsellesa!","datePublished":"2022-11-14T16:35:48+00:00","dateModified":"2022-11-17T11:22:36+00:00","mainEntityOfPage":{"@id":"https:\/\/www.iemj.org\/es\/des-prieres-sur-lair-de-la-marseillaise\/"},"wordCount":1158,"publisher":{"@id":"https:\/\/www.iemj.org\/es\/#organization"},"image":{"@id":"https:\/\/www.iemj.org\/es\/des-prieres-sur-lair-de-la-marseillaise\/#primaryimage"},"thumbnailUrl":"https:\/\/www.iemj.org\/wp-content\/uploads\/2022\/11\/Logo-article.jpg","articleSection":["Art\u00edculos de fondo","M\u00fasica lit\u00fargica","M\u00fasica secular"],"inLanguage":"es"},{"@type":"WebPage","@id":"https:\/\/www.iemj.org\/es\/des-prieres-sur-lair-de-la-marseillaise\/","url":"https:\/\/www.iemj.org\/es\/des-prieres-sur-lair-de-la-marseillaise\/","name":"\u00a1Oraciones al son de La Marsellesa! - Institut Europ\u00e9en des Musiques Juives","isPartOf":{"@id":"https:\/\/www.iemj.org\/es\/#website"},"primaryImageOfPage":{"@id":"https:\/\/www.iemj.org\/es\/des-prieres-sur-lair-de-la-marseillaise\/#primaryimage"},"image":{"@id":"https:\/\/www.iemj.org\/es\/des-prieres-sur-lair-de-la-marseillaise\/#primaryimage"},"thumbnailUrl":"https:\/\/www.iemj.org\/wp-content\/uploads\/2022\/11\/Logo-article.jpg","datePublished":"2022-11-14T16:35:48+00:00","dateModified":"2022-11-17T11:22:36+00:00","breadcrumb":{"@id":"https:\/\/www.iemj.org\/es\/des-prieres-sur-lair-de-la-marseillaise\/#breadcrumb"},"inLanguage":"es","potentialAction":[{"@type":"ReadAction","target":["https:\/\/www.iemj.org\/es\/des-prieres-sur-lair-de-la-marseillaise\/"]}]},{"@type":"ImageObject","inLanguage":"es","@id":"https:\/\/www.iemj.org\/es\/des-prieres-sur-lair-de-la-marseillaise\/#primaryimage","url":"https:\/\/www.iemj.org\/wp-content\/uploads\/2022\/11\/Logo-article.jpg","contentUrl":"https:\/\/www.iemj.org\/wp-content\/uploads\/2022\/11\/Logo-article.jpg","width":500,"height":500},{"@type":"BreadcrumbList","@id":"https:\/\/www.iemj.org\/es\/des-prieres-sur-lair-de-la-marseillaise\/#breadcrumb","itemListElement":[{"@type":"ListItem","position":1,"name":"Accueil","item":"https:\/\/www.iemj.org\/es\/"},{"@type":"ListItem","position":2,"name":"\u00a1Oraciones al son de La Marsellesa!"}]},{"@type":"WebSite","@id":"https:\/\/www.iemj.org\/es\/#website","url":"https:\/\/www.iemj.org\/es\/","name":"Institut Europ\u00e9en des Musiques Juives","description":"Des traditions musicales \u00e0 la port\u00e9e de tous","publisher":{"@id":"https:\/\/www.iemj.org\/es\/#organization"},"potentialAction":[{"@type":"SearchAction","target":{"@type":"EntryPoint","urlTemplate":"https:\/\/www.iemj.org\/es\/?s={search_term_string}"},"query-input":{"@type":"PropertyValueSpecification","valueRequired":true,"valueName":"search_term_string"}}],"inLanguage":"es"},{"@type":"Organization","@id":"https:\/\/www.iemj.org\/es\/#organization","name":"Institut Europ\u00e9en des Musiques Juives","url":"https:\/\/www.iemj.org\/es\/","logo":{"@type":"ImageObject","inLanguage":"es","@id":"https:\/\/www.iemj.org\/es\/#\/schema\/logo\/image\/","url":"https:\/\/www.iemj.org\/wp-content\/uploads\/2021\/09\/Logo-IEMJ-Paypal.jpg","contentUrl":"https:\/\/www.iemj.org\/wp-content\/uploads\/2021\/09\/Logo-IEMJ-Paypal.jpg","width":150,"height":50,"caption":"Institut Europ\u00e9en des Musiques Juives"},"image":{"@id":"https:\/\/www.iemj.org\/es\/#\/schema\/logo\/image\/"},"sameAs":["https:\/\/www.facebook.com\/MusiquesJuives\/","https:\/\/www.instagram.com\/musiquesjuives\/","https:\/\/www.youtube.com\/user\/musiquesjuives"]},{"@type":"Person","@id":"https:\/\/www.iemj.org\/es\/#\/schema\/person\/358e26c18aca017fcc4cc15437f7279c","name":"Jacqueline ROTEN","image":{"@type":"ImageObject","inLanguage":"es","@id":"https:\/\/secure.gravatar.com\/avatar\/5964256d6c6957de3a3505278957e0fb2a35119ac47ea41827a65301213c810b?s=96&d=mm&r=g","url":"https:\/\/secure.gravatar.com\/avatar\/5964256d6c6957de3a3505278957e0fb2a35119ac47ea41827a65301213c810b?s=96&d=mm&r=g","contentUrl":"https:\/\/secure.gravatar.com\/avatar\/5964256d6c6957de3a3505278957e0fb2a35119ac47ea41827a65301213c810b?s=96&d=mm&r=g","caption":"Jacqueline ROTEN"}}]}},"_links":{"self":[{"href":"https:\/\/www.iemj.org\/es\/wp-json\/wp\/v2\/posts\/89881","targetHints":{"allow":["GET"]}}],"collection":[{"href":"https:\/\/www.iemj.org\/es\/wp-json\/wp\/v2\/posts"}],"about":[{"href":"https:\/\/www.iemj.org\/es\/wp-json\/wp\/v2\/types\/post"}],"author":[{"embeddable":true,"href":"https:\/\/www.iemj.org\/es\/wp-json\/wp\/v2\/users\/5"}],"replies":[{"embeddable":true,"href":"https:\/\/www.iemj.org\/es\/wp-json\/wp\/v2\/comments?post=89881"}],"version-history":[{"count":0,"href":"https:\/\/www.iemj.org\/es\/wp-json\/wp\/v2\/posts\/89881\/revisions"}],"wp:featuredmedia":[{"embeddable":true,"href":"https:\/\/www.iemj.org\/es\/wp-json\/wp\/v2\/media\/89848"}],"wp:attachment":[{"href":"https:\/\/www.iemj.org\/es\/wp-json\/wp\/v2\/media?parent=89881"}],"wp:term":[{"taxonomy":"category","embeddable":true,"href":"https:\/\/www.iemj.org\/es\/wp-json\/wp\/v2\/categories?post=89881"},{"taxonomy":"post_tag","embeddable":true,"href":"https:\/\/www.iemj.org\/es\/wp-json\/wp\/v2\/tags?post=89881"},{"taxonomy":"technique","embeddable":true,"href":"https:\/\/www.iemj.org\/es\/wp-json\/wp\/v2\/technique?post=89881"},{"taxonomy":"squelettes","embeddable":true,"href":"https:\/\/www.iemj.org\/es\/wp-json\/wp\/v2\/squelettes?post=89881"},{"taxonomy":"sujet","embeddable":true,"href":"https:\/\/www.iemj.org\/es\/wp-json\/wp\/v2\/sujet?post=89881"},{"taxonomy":"formation","embeddable":true,"href":"https:\/\/www.iemj.org\/es\/wp-json\/wp\/v2\/formation?post=89881"},{"taxonomy":"genre","embeddable":true,"href":"https:\/\/www.iemj.org\/es\/wp-json\/wp\/v2\/genre?post=89881"},{"taxonomy":"fonds","embeddable":true,"href":"https:\/\/www.iemj.org\/es\/wp-json\/wp\/v2\/fonds?post=89881"},{"taxonomy":"tradition","embeddable":true,"href":"https:\/\/www.iemj.org\/es\/wp-json\/wp\/v2\/tradition?post=89881"},{"taxonomy":"type-de-contenu","embeddable":true,"href":"https:\/\/www.iemj.org\/es\/wp-json\/wp\/v2\/type-de-contenu?post=89881"},{"taxonomy":"interprete-compositeur","embeddable":true,"href":"https:\/\/www.iemj.org\/es\/wp-json\/wp\/v2\/interprete-compositeur?post=89881"},{"taxonomy":"frise","embeddable":true,"href":"https:\/\/www.iemj.org\/es\/wp-json\/wp\/v2\/frise?post=89881"},{"taxonomy":"type-devenement","embeddable":true,"href":"https:\/\/www.iemj.org\/es\/wp-json\/wp\/v2\/type-devenement?post=89881"},{"taxonomy":"tableaux-liens-externes","embeddable":true,"href":"https:\/\/www.iemj.org\/es\/wp-json\/wp\/v2\/tableaux-liens-externes?post=89881"}],"curies":[{"name":"wp","href":"https:\/\/api.w.org\/{rel}","templated":true}]}}