{"id":90610,"date":"2022-11-14T12:24:10","date_gmt":"2022-11-14T11:24:10","guid":{"rendered":"https:\/\/www.iemj.org\/conference-les-traditions-musicales-de-la-communaute-juive-hispano-portugaise-a-partir-du-xixe-siecle-par-herve-roten\/"},"modified":"2023-01-23T12:46:43","modified_gmt":"2023-01-23T11:46:43","slug":"conference-la-musique-synagogale-a-bordeaux-du-temple-de-la-rue-causserouge-1812-a-linauguration-de-la-grande-synagogue-1882-par-herve-roten","status":"publish","type":"post","link":"https:\/\/www.iemj.org\/es\/conference-la-musique-synagogale-a-bordeaux-du-temple-de-la-rue-causserouge-1812-a-linauguration-de-la-grande-synagogue-1882-par-herve-roten\/","title":{"rendered":"Conferencia: La m\u00fasica sinagogal en Burdeos: del templo de la calle Causserouge (1812) a la inauguraci\u00f3n de la Gran Sinagoga (1882), por Herv\u00e9 Roten"},"content":{"rendered":"<p>El Consistoire Isra\u00e9lite de la Gironde organiza una serie de actos y actividades culturales para celebrar el 140 aniversario de la Gran Sinagoga de Burdeos y conmemorar la presencia de la comunidad jud\u00eda en la ciudad y en la regi\u00f3n desde la Edad Media.<\/p>\n<hr \/>\n<p><strong>Comunicaci\u00f3n de Herv\u00e9 Roten<\/strong><\/p>\n<p>En 1812 se inaugur\u00f3 el primer templo consistorial israelita franc\u00e9s de rito portugu\u00e9s en la calle Causserouge de Burdeos. La inauguraci\u00f3n de este edificio marc\u00f3 el inicio de una profunda reforma del culto musical que continu\u00f3 a lo largo del siglo XIX y culmin\u00f3 con la inauguraci\u00f3n de la Gran Sinagoga de Burdeos en 1882.<\/p>\n<p>La conferencia de Herv\u00e9 Roten, ilustrada con numerosos ejemplos musicales, nos permitir\u00e1 seguir la evoluci\u00f3n de la liturgia bordelesa con la introducci\u00f3n de nuevas pr\u00e1cticas vocales e instrumentales, especialmente la introducci\u00f3n del \u00f3rgano en ciertas ceremonias oficiales hasta su implantaci\u00f3n definitiva en el culto regular de la nueva Gran Sinagoga.<\/p>\n<p>Un viaje musical a trav\u00e9s del tiempo&#8230;<\/p>\n<p><strong>Programa<\/strong><\/p>\n<p><span dir=\"ltr\" role=\"presentation\">Moderador: Michel Cardoze, periodista y escritor.<\/span><\/p>\n<p><span dir=\"ltr\" role=\"presentation\">\u2022<\/span> \u00abHistoria de la presencia jud\u00eda en Burdeos\u00bb, por Michel Cardoze.<br role=\"presentation\" \/><span dir=\"ltr\" role=\"presentation\">\u2022<\/span> \u00abEvoluci\u00f3n de la comunidad jud\u00eda de Burdeos a trav\u00e9s de su patrimonio\u00bb, por Dominique Jarrass\u00e9, profesor em\u00e9rito de historia del arte contempor\u00e1neo, Universidad de Burdeos Montaigne y \u00c9cole du Louvre.<br role=\"presentation\" \/><span dir=\"ltr\" role=\"presentation\">\u2022<\/span> \u00abLa contribuci\u00f3n de la comunidad jud\u00eda al desarrollo de la Gironda en el siglo XVIII\u00bb, por Michel Figeac, profesor de historia moderna en la Universidad de Burdeos-Montaigne.<br role=\"presentation\" \/><span dir=\"ltr\" role=\"presentation\">\u2022<\/span><strong> \u00ab<span dir=\"ltr\" role=\"presentation\">Conferencia: La m\u00fasica sinagogal en Burdeos: del templo de la calle Causserouge (1812) a la inauguraci\u00f3n de la Gran Sinagoga (1882), por Herv\u00e9 Roten\u00bb<\/span><span dir=\"ltr\" role=\"presentation\">, par<\/span> <span dir=\"ltr\" role=\"presentation\">Herv\u00e9 Roten<\/span><span dir=\"ltr\" role=\"presentation\">, directeur de l\u2019Institut europ\u00e9en des musiques <\/span><span dir=\"ltr\" role=\"presentation\">juives, docteur en musicologie, Universit\u00e9 de Paris IV-Sorbonne.<\/span><\/strong><br role=\"presentation\" \/><span dir=\"ltr\" role=\"presentation\">\u2022 \u00abDevastaciones y reparaciones: la Gran Sinagoga frente al genocidio y el etnocidio\u00bb, por Carole Lem\u00e9e, profesora, antrop\u00f3loga, Facultad de Antropolog\u00eda Social &#8211; Etnolog\u00eda de la Universidad de Burdeos, investigadora en la UMR Passages.<\/span><\/p>\n<p><a href=\"https:\/\/www.iemj.org\/wp-content\/uploads\/2022\/11\/Dossier-Presse-140-ans-de-la-Gde-Synagogue-de-Bordeaux.pdf\" target=\"_blank\" rel=\"noopener\">Descargar el dossier de prensa del evento<\/a><\/p>\n<p><a href=\"https:\/\/www.iemj.org\/evenement\/une-communaute-dans-la-cite-les-40-ans-de-grande-synagogue-de-bordeaux\/\" target=\"_blank\" rel=\"noopener\">Ver el evento en la Agenda del IEMJ<\/a><\/p>\n<h2 id=\"4-eael-table-of-content\" class=\"tribe-events-single-section-title eael-heading-content\">LOCALIZACI\u00d3N<\/h2>\n<dl>\n<dd class=\"tribe-venue\"><a href=\"https:\/\/www.iemj.org\/lieu\/le-capc-musee-dart-contemporain-de-bordeaux\/\">Le CAPC \u2013 mus\u00e9e d\u2019Art contemporain de Bordeaux,<\/a><\/dd>\n<dd class=\"tribe-venue-location\">\n<address class=\"tribe-events-address\"><span class=\"tribe-address\"><span class=\"tribe-street-address\">7 Rue Ferrere<\/span><br \/>\n<span class=\"tribe-locality\">Bordeaux<\/span><span class=\"tribe-delimiter\">,<\/span>\u00a0<span class=\"tribe-postal-code\">33000<\/span>\u00a0<span class=\"tribe-country-name\">France<\/span><\/span><\/address>\n<address><span dir=\"ltr\" role=\"presentation\">CONTACTO<\/span><br role=\"presentation\" \/>RESERVACI\u00d3N<br role=\"presentation\" \/><span dir=\"ltr\" role=\"presentation\">ACIG<\/span><br role=\"presentation\" \/><span dir=\"ltr\" role=\"presentation\">213 rue Sainte-Catherine 33000 Bordeaux<\/span><br role=\"presentation\" \/><span dir=\"ltr\" role=\"presentation\"><a href=\"mailto:acig33@gmail.com\" target=\"_blank\" rel=\"noopener\">acig33@gmail.com<\/a> \u2022 T. +33 5 56 91 79 39<\/span><br role=\"presentation\" \/><a href=\"https:\/\/communautejuiveaquitaine.fr\/\" target=\"_blank\" rel=\"noopener\"><span dir=\"ltr\" role=\"presentation\">www.communautejuiveaquitaine.fr<\/span><\/a><br role=\"presentation\" \/><span dir=\"ltr\" role=\"presentation\">Consistoire de Bordeaux<\/span><\/address>\n<\/dd>\n<\/dl>\n","protected":false},"excerpt":{"rendered":"<p>El Consistoire Isra\u00e9lite de la Gironde organiza una serie de actos y actividades culturales para celebrar el 140 aniversario de la Gran Sinagoga de Burdeos y conmemorar la presencia de<\/p>\n","protected":false},"author":5,"featured_media":89797,"comment_status":"closed","ping_status":"closed","sticky":false,"template":"","format":"standard","meta":{"_acf_changed":false,"footnotes":""},"categories":[1384,1372],"tags":[],"technique":[],"squelettes":[],"sujet":[],"formation":[],"genre":[],"fonds":[],"tradition":[],"type-de-contenu":[],"interprete-compositeur":[],"frise":[],"type-devenement":[],"tableaux-liens-externes":[],"class_list":["post-90610","post","type-post","status-publish","format-standard","has-post-thumbnail","hentry","category-clases-conferencias-es","category-manifestaciones-es"],"acf":[],"yoast_head":"<!-- This site is optimized with the Yoast SEO plugin v27.3 - https:\/\/yoast.com\/product\/yoast-seo-wordpress\/ -->\n<title>Conferencia: La m\u00fasica sinagogal en Burdeos: del templo de la calle Causserouge (1812) a la inauguraci\u00f3n de la Gran Sinagoga (1882), por Herv\u00e9 Roten - Institut Europ\u00e9en des Musiques Juives<\/title>\n<meta name=\"robots\" content=\"index, follow, max-snippet:-1, max-image-preview:large, max-video-preview:-1\" \/>\n<link rel=\"canonical\" href=\"https:\/\/www.iemj.org\/es\/conference-la-musique-synagogale-a-bordeaux-du-temple-de-la-rue-causserouge-1812-a-linauguration-de-la-grande-synagogue-1882-par-herve-roten\/\" \/>\n<meta property=\"og:locale\" content=\"es_ES\" \/>\n<meta property=\"og:type\" content=\"article\" \/>\n<meta property=\"og:title\" content=\"Conferencia: La m\u00fasica sinagogal en Burdeos: del templo de la calle Causserouge (1812) a la inauguraci\u00f3n de la Gran Sinagoga (1882), por Herv\u00e9 Roten - Institut Europ\u00e9en des Musiques Juives\" \/>\n<meta property=\"og:description\" content=\"El Consistoire Isra\u00e9lite de la Gironde organiza una serie de actos y actividades culturales para celebrar el 140 aniversario de la Gran Sinagoga de Burdeos y conmemorar la presencia de\" \/>\n<meta property=\"og:url\" content=\"https:\/\/www.iemj.org\/es\/conference-la-musique-synagogale-a-bordeaux-du-temple-de-la-rue-causserouge-1812-a-linauguration-de-la-grande-synagogue-1882-par-herve-roten\/\" \/>\n<meta property=\"og:site_name\" content=\"Institut Europ\u00e9en des Musiques Juives\" \/>\n<meta property=\"article:publisher\" content=\"https:\/\/www.facebook.com\/MusiquesJuives\/\" \/>\n<meta property=\"article:published_time\" content=\"2022-11-14T11:24:10+00:00\" \/>\n<meta property=\"article:modified_time\" content=\"2023-01-23T11:46:43+00:00\" \/>\n<meta property=\"og:image\" content=\"https:\/\/www.iemj.org\/wp-content\/uploads\/2022\/11\/Gde-Synagogue-de-Bordeaux.jpg\" \/>\n\t<meta property=\"og:image:width\" content=\"500\" \/>\n\t<meta property=\"og:image:height\" content=\"338\" \/>\n\t<meta property=\"og:image:type\" content=\"image\/jpeg\" \/>\n<meta name=\"author\" content=\"Jacqueline ROTEN\" \/>\n<meta name=\"twitter:card\" content=\"summary_large_image\" \/>\n<meta name=\"twitter:label1\" content=\"Escrito por\" \/>\n\t<meta name=\"twitter:data1\" content=\"Jacqueline ROTEN\" \/>\n\t<meta name=\"twitter:label2\" content=\"Tiempo de lectura\" \/>\n\t<meta name=\"twitter:data2\" content=\"2 minutos\" \/>\n<script type=\"application\/ld+json\" class=\"yoast-schema-graph\">{\"@context\":\"https:\\\/\\\/schema.org\",\"@graph\":[{\"@type\":\"Article\",\"@id\":\"https:\\\/\\\/www.iemj.org\\\/es\\\/conference-la-musique-synagogale-a-bordeaux-du-temple-de-la-rue-causserouge-1812-a-linauguration-de-la-grande-synagogue-1882-par-herve-roten\\\/#article\",\"isPartOf\":{\"@id\":\"https:\\\/\\\/www.iemj.org\\\/es\\\/conference-la-musique-synagogale-a-bordeaux-du-temple-de-la-rue-causserouge-1812-a-linauguration-de-la-grande-synagogue-1882-par-herve-roten\\\/\"},\"author\":{\"name\":\"Jacqueline ROTEN\",\"@id\":\"https:\\\/\\\/www.iemj.org\\\/es\\\/#\\\/schema\\\/person\\\/358e26c18aca017fcc4cc15437f7279c\"},\"headline\":\"Conferencia: La m\u00fasica sinagogal en Burdeos: del templo de la calle Causserouge (1812) a la inauguraci\u00f3n de la Gran Sinagoga (1882), por Herv\u00e9 Roten\",\"datePublished\":\"2022-11-14T11:24:10+00:00\",\"dateModified\":\"2023-01-23T11:46:43+00:00\",\"mainEntityOfPage\":{\"@id\":\"https:\\\/\\\/www.iemj.org\\\/es\\\/conference-la-musique-synagogale-a-bordeaux-du-temple-de-la-rue-causserouge-1812-a-linauguration-de-la-grande-synagogue-1882-par-herve-roten\\\/\"},\"wordCount\":404,\"publisher\":{\"@id\":\"https:\\\/\\\/www.iemj.org\\\/es\\\/#organization\"},\"image\":{\"@id\":\"https:\\\/\\\/www.iemj.org\\\/es\\\/conference-la-musique-synagogale-a-bordeaux-du-temple-de-la-rue-causserouge-1812-a-linauguration-de-la-grande-synagogue-1882-par-herve-roten\\\/#primaryimage\"},\"thumbnailUrl\":\"https:\\\/\\\/www.iemj.org\\\/wp-content\\\/uploads\\\/2022\\\/11\\\/Gde-Synagogue-de-Bordeaux.jpg\",\"articleSection\":[\"Clases \\\/ Conferencias\",\"Manifestaciones\"],\"inLanguage\":\"es\"},{\"@type\":\"WebPage\",\"@id\":\"https:\\\/\\\/www.iemj.org\\\/es\\\/conference-la-musique-synagogale-a-bordeaux-du-temple-de-la-rue-causserouge-1812-a-linauguration-de-la-grande-synagogue-1882-par-herve-roten\\\/\",\"url\":\"https:\\\/\\\/www.iemj.org\\\/es\\\/conference-la-musique-synagogale-a-bordeaux-du-temple-de-la-rue-causserouge-1812-a-linauguration-de-la-grande-synagogue-1882-par-herve-roten\\\/\",\"name\":\"Conferencia: La m\u00fasica sinagogal en Burdeos: del templo de la calle Causserouge (1812) a la inauguraci\u00f3n de la Gran Sinagoga (1882), por Herv\u00e9 Roten - Institut Europ\u00e9en des Musiques Juives\",\"isPartOf\":{\"@id\":\"https:\\\/\\\/www.iemj.org\\\/es\\\/#website\"},\"primaryImageOfPage\":{\"@id\":\"https:\\\/\\\/www.iemj.org\\\/es\\\/conference-la-musique-synagogale-a-bordeaux-du-temple-de-la-rue-causserouge-1812-a-linauguration-de-la-grande-synagogue-1882-par-herve-roten\\\/#primaryimage\"},\"image\":{\"@id\":\"https:\\\/\\\/www.iemj.org\\\/es\\\/conference-la-musique-synagogale-a-bordeaux-du-temple-de-la-rue-causserouge-1812-a-linauguration-de-la-grande-synagogue-1882-par-herve-roten\\\/#primaryimage\"},\"thumbnailUrl\":\"https:\\\/\\\/www.iemj.org\\\/wp-content\\\/uploads\\\/2022\\\/11\\\/Gde-Synagogue-de-Bordeaux.jpg\",\"datePublished\":\"2022-11-14T11:24:10+00:00\",\"dateModified\":\"2023-01-23T11:46:43+00:00\",\"breadcrumb\":{\"@id\":\"https:\\\/\\\/www.iemj.org\\\/es\\\/conference-la-musique-synagogale-a-bordeaux-du-temple-de-la-rue-causserouge-1812-a-linauguration-de-la-grande-synagogue-1882-par-herve-roten\\\/#breadcrumb\"},\"inLanguage\":\"es\",\"potentialAction\":[{\"@type\":\"ReadAction\",\"target\":[\"https:\\\/\\\/www.iemj.org\\\/es\\\/conference-la-musique-synagogale-a-bordeaux-du-temple-de-la-rue-causserouge-1812-a-linauguration-de-la-grande-synagogue-1882-par-herve-roten\\\/\"]}]},{\"@type\":\"ImageObject\",\"inLanguage\":\"es\",\"@id\":\"https:\\\/\\\/www.iemj.org\\\/es\\\/conference-la-musique-synagogale-a-bordeaux-du-temple-de-la-rue-causserouge-1812-a-linauguration-de-la-grande-synagogue-1882-par-herve-roten\\\/#primaryimage\",\"url\":\"https:\\\/\\\/www.iemj.org\\\/wp-content\\\/uploads\\\/2022\\\/11\\\/Gde-Synagogue-de-Bordeaux.jpg\",\"contentUrl\":\"https:\\\/\\\/www.iemj.org\\\/wp-content\\\/uploads\\\/2022\\\/11\\\/Gde-Synagogue-de-Bordeaux.jpg\",\"width\":500,\"height\":338},{\"@type\":\"BreadcrumbList\",\"@id\":\"https:\\\/\\\/www.iemj.org\\\/es\\\/conference-la-musique-synagogale-a-bordeaux-du-temple-de-la-rue-causserouge-1812-a-linauguration-de-la-grande-synagogue-1882-par-herve-roten\\\/#breadcrumb\",\"itemListElement\":[{\"@type\":\"ListItem\",\"position\":1,\"name\":\"Accueil\",\"item\":\"https:\\\/\\\/www.iemj.org\\\/es\\\/\"},{\"@type\":\"ListItem\",\"position\":2,\"name\":\"Conferencia: La m\u00fasica sinagogal en Burdeos: del templo de la calle Causserouge (1812) a la inauguraci\u00f3n de la Gran Sinagoga (1882), por Herv\u00e9 Roten\"}]},{\"@type\":\"WebSite\",\"@id\":\"https:\\\/\\\/www.iemj.org\\\/es\\\/#website\",\"url\":\"https:\\\/\\\/www.iemj.org\\\/es\\\/\",\"name\":\"Institut Europ\u00e9en des Musiques Juives\",\"description\":\"Des traditions musicales \u00e0 la port\u00e9e de tous\",\"publisher\":{\"@id\":\"https:\\\/\\\/www.iemj.org\\\/es\\\/#organization\"},\"potentialAction\":[{\"@type\":\"SearchAction\",\"target\":{\"@type\":\"EntryPoint\",\"urlTemplate\":\"https:\\\/\\\/www.iemj.org\\\/es\\\/?s={search_term_string}\"},\"query-input\":{\"@type\":\"PropertyValueSpecification\",\"valueRequired\":true,\"valueName\":\"search_term_string\"}}],\"inLanguage\":\"es\"},{\"@type\":\"Organization\",\"@id\":\"https:\\\/\\\/www.iemj.org\\\/es\\\/#organization\",\"name\":\"Institut Europ\u00e9en des Musiques Juives\",\"url\":\"https:\\\/\\\/www.iemj.org\\\/es\\\/\",\"logo\":{\"@type\":\"ImageObject\",\"inLanguage\":\"es\",\"@id\":\"https:\\\/\\\/www.iemj.org\\\/es\\\/#\\\/schema\\\/logo\\\/image\\\/\",\"url\":\"https:\\\/\\\/www.iemj.org\\\/wp-content\\\/uploads\\\/2021\\\/09\\\/Logo-IEMJ-Paypal.jpg\",\"contentUrl\":\"https:\\\/\\\/www.iemj.org\\\/wp-content\\\/uploads\\\/2021\\\/09\\\/Logo-IEMJ-Paypal.jpg\",\"width\":150,\"height\":50,\"caption\":\"Institut Europ\u00e9en des Musiques Juives\"},\"image\":{\"@id\":\"https:\\\/\\\/www.iemj.org\\\/es\\\/#\\\/schema\\\/logo\\\/image\\\/\"},\"sameAs\":[\"https:\\\/\\\/www.facebook.com\\\/MusiquesJuives\\\/\",\"https:\\\/\\\/www.instagram.com\\\/musiquesjuives\\\/\",\"https:\\\/\\\/www.youtube.com\\\/user\\\/musiquesjuives\"]},{\"@type\":\"Person\",\"@id\":\"https:\\\/\\\/www.iemj.org\\\/es\\\/#\\\/schema\\\/person\\\/358e26c18aca017fcc4cc15437f7279c\",\"name\":\"Jacqueline ROTEN\",\"image\":{\"@type\":\"ImageObject\",\"inLanguage\":\"es\",\"@id\":\"https:\\\/\\\/secure.gravatar.com\\\/avatar\\\/5964256d6c6957de3a3505278957e0fb2a35119ac47ea41827a65301213c810b?s=96&d=mm&r=g\",\"url\":\"https:\\\/\\\/secure.gravatar.com\\\/avatar\\\/5964256d6c6957de3a3505278957e0fb2a35119ac47ea41827a65301213c810b?s=96&d=mm&r=g\",\"contentUrl\":\"https:\\\/\\\/secure.gravatar.com\\\/avatar\\\/5964256d6c6957de3a3505278957e0fb2a35119ac47ea41827a65301213c810b?s=96&d=mm&r=g\",\"caption\":\"Jacqueline ROTEN\"}}]}<\/script>\n<!-- \/ Yoast SEO plugin. -->","yoast_head_json":{"title":"Conferencia: La m\u00fasica sinagogal en Burdeos: del templo de la calle Causserouge (1812) a la inauguraci\u00f3n de la Gran Sinagoga (1882), por Herv\u00e9 Roten - Institut Europ\u00e9en des Musiques Juives","robots":{"index":"index","follow":"follow","max-snippet":"max-snippet:-1","max-image-preview":"max-image-preview:large","max-video-preview":"max-video-preview:-1"},"canonical":"https:\/\/www.iemj.org\/es\/conference-la-musique-synagogale-a-bordeaux-du-temple-de-la-rue-causserouge-1812-a-linauguration-de-la-grande-synagogue-1882-par-herve-roten\/","og_locale":"es_ES","og_type":"article","og_title":"Conferencia: La m\u00fasica sinagogal en Burdeos: del templo de la calle Causserouge (1812) a la inauguraci\u00f3n de la Gran Sinagoga (1882), por Herv\u00e9 Roten - Institut Europ\u00e9en des Musiques Juives","og_description":"El Consistoire Isra\u00e9lite de la Gironde organiza una serie de actos y actividades culturales para celebrar el 140 aniversario de la Gran Sinagoga de Burdeos y conmemorar la presencia de","og_url":"https:\/\/www.iemj.org\/es\/conference-la-musique-synagogale-a-bordeaux-du-temple-de-la-rue-causserouge-1812-a-linauguration-de-la-grande-synagogue-1882-par-herve-roten\/","og_site_name":"Institut Europ\u00e9en des Musiques Juives","article_publisher":"https:\/\/www.facebook.com\/MusiquesJuives\/","article_published_time":"2022-11-14T11:24:10+00:00","article_modified_time":"2023-01-23T11:46:43+00:00","og_image":[{"width":500,"height":338,"url":"https:\/\/www.iemj.org\/wp-content\/uploads\/2022\/11\/Gde-Synagogue-de-Bordeaux.jpg","type":"image\/jpeg"}],"author":"Jacqueline ROTEN","twitter_card":"summary_large_image","twitter_misc":{"Escrito por":"Jacqueline ROTEN","Tiempo de lectura":"2 minutos"},"schema":{"@context":"https:\/\/schema.org","@graph":[{"@type":"Article","@id":"https:\/\/www.iemj.org\/es\/conference-la-musique-synagogale-a-bordeaux-du-temple-de-la-rue-causserouge-1812-a-linauguration-de-la-grande-synagogue-1882-par-herve-roten\/#article","isPartOf":{"@id":"https:\/\/www.iemj.org\/es\/conference-la-musique-synagogale-a-bordeaux-du-temple-de-la-rue-causserouge-1812-a-linauguration-de-la-grande-synagogue-1882-par-herve-roten\/"},"author":{"name":"Jacqueline ROTEN","@id":"https:\/\/www.iemj.org\/es\/#\/schema\/person\/358e26c18aca017fcc4cc15437f7279c"},"headline":"Conferencia: La m\u00fasica sinagogal en Burdeos: del templo de la calle Causserouge (1812) a la inauguraci\u00f3n de la Gran Sinagoga (1882), por Herv\u00e9 Roten","datePublished":"2022-11-14T11:24:10+00:00","dateModified":"2023-01-23T11:46:43+00:00","mainEntityOfPage":{"@id":"https:\/\/www.iemj.org\/es\/conference-la-musique-synagogale-a-bordeaux-du-temple-de-la-rue-causserouge-1812-a-linauguration-de-la-grande-synagogue-1882-par-herve-roten\/"},"wordCount":404,"publisher":{"@id":"https:\/\/www.iemj.org\/es\/#organization"},"image":{"@id":"https:\/\/www.iemj.org\/es\/conference-la-musique-synagogale-a-bordeaux-du-temple-de-la-rue-causserouge-1812-a-linauguration-de-la-grande-synagogue-1882-par-herve-roten\/#primaryimage"},"thumbnailUrl":"https:\/\/www.iemj.org\/wp-content\/uploads\/2022\/11\/Gde-Synagogue-de-Bordeaux.jpg","articleSection":["Clases \/ Conferencias","Manifestaciones"],"inLanguage":"es"},{"@type":"WebPage","@id":"https:\/\/www.iemj.org\/es\/conference-la-musique-synagogale-a-bordeaux-du-temple-de-la-rue-causserouge-1812-a-linauguration-de-la-grande-synagogue-1882-par-herve-roten\/","url":"https:\/\/www.iemj.org\/es\/conference-la-musique-synagogale-a-bordeaux-du-temple-de-la-rue-causserouge-1812-a-linauguration-de-la-grande-synagogue-1882-par-herve-roten\/","name":"Conferencia: La m\u00fasica sinagogal en Burdeos: del templo de la calle Causserouge (1812) a la inauguraci\u00f3n de la Gran Sinagoga (1882), por Herv\u00e9 Roten - Institut Europ\u00e9en des Musiques Juives","isPartOf":{"@id":"https:\/\/www.iemj.org\/es\/#website"},"primaryImageOfPage":{"@id":"https:\/\/www.iemj.org\/es\/conference-la-musique-synagogale-a-bordeaux-du-temple-de-la-rue-causserouge-1812-a-linauguration-de-la-grande-synagogue-1882-par-herve-roten\/#primaryimage"},"image":{"@id":"https:\/\/www.iemj.org\/es\/conference-la-musique-synagogale-a-bordeaux-du-temple-de-la-rue-causserouge-1812-a-linauguration-de-la-grande-synagogue-1882-par-herve-roten\/#primaryimage"},"thumbnailUrl":"https:\/\/www.iemj.org\/wp-content\/uploads\/2022\/11\/Gde-Synagogue-de-Bordeaux.jpg","datePublished":"2022-11-14T11:24:10+00:00","dateModified":"2023-01-23T11:46:43+00:00","breadcrumb":{"@id":"https:\/\/www.iemj.org\/es\/conference-la-musique-synagogale-a-bordeaux-du-temple-de-la-rue-causserouge-1812-a-linauguration-de-la-grande-synagogue-1882-par-herve-roten\/#breadcrumb"},"inLanguage":"es","potentialAction":[{"@type":"ReadAction","target":["https:\/\/www.iemj.org\/es\/conference-la-musique-synagogale-a-bordeaux-du-temple-de-la-rue-causserouge-1812-a-linauguration-de-la-grande-synagogue-1882-par-herve-roten\/"]}]},{"@type":"ImageObject","inLanguage":"es","@id":"https:\/\/www.iemj.org\/es\/conference-la-musique-synagogale-a-bordeaux-du-temple-de-la-rue-causserouge-1812-a-linauguration-de-la-grande-synagogue-1882-par-herve-roten\/#primaryimage","url":"https:\/\/www.iemj.org\/wp-content\/uploads\/2022\/11\/Gde-Synagogue-de-Bordeaux.jpg","contentUrl":"https:\/\/www.iemj.org\/wp-content\/uploads\/2022\/11\/Gde-Synagogue-de-Bordeaux.jpg","width":500,"height":338},{"@type":"BreadcrumbList","@id":"https:\/\/www.iemj.org\/es\/conference-la-musique-synagogale-a-bordeaux-du-temple-de-la-rue-causserouge-1812-a-linauguration-de-la-grande-synagogue-1882-par-herve-roten\/#breadcrumb","itemListElement":[{"@type":"ListItem","position":1,"name":"Accueil","item":"https:\/\/www.iemj.org\/es\/"},{"@type":"ListItem","position":2,"name":"Conferencia: La m\u00fasica sinagogal en Burdeos: del templo de la calle Causserouge (1812) a la inauguraci\u00f3n de la Gran Sinagoga (1882), por Herv\u00e9 Roten"}]},{"@type":"WebSite","@id":"https:\/\/www.iemj.org\/es\/#website","url":"https:\/\/www.iemj.org\/es\/","name":"Institut Europ\u00e9en des Musiques Juives","description":"Des traditions musicales \u00e0 la port\u00e9e de tous","publisher":{"@id":"https:\/\/www.iemj.org\/es\/#organization"},"potentialAction":[{"@type":"SearchAction","target":{"@type":"EntryPoint","urlTemplate":"https:\/\/www.iemj.org\/es\/?s={search_term_string}"},"query-input":{"@type":"PropertyValueSpecification","valueRequired":true,"valueName":"search_term_string"}}],"inLanguage":"es"},{"@type":"Organization","@id":"https:\/\/www.iemj.org\/es\/#organization","name":"Institut Europ\u00e9en des Musiques Juives","url":"https:\/\/www.iemj.org\/es\/","logo":{"@type":"ImageObject","inLanguage":"es","@id":"https:\/\/www.iemj.org\/es\/#\/schema\/logo\/image\/","url":"https:\/\/www.iemj.org\/wp-content\/uploads\/2021\/09\/Logo-IEMJ-Paypal.jpg","contentUrl":"https:\/\/www.iemj.org\/wp-content\/uploads\/2021\/09\/Logo-IEMJ-Paypal.jpg","width":150,"height":50,"caption":"Institut Europ\u00e9en des Musiques Juives"},"image":{"@id":"https:\/\/www.iemj.org\/es\/#\/schema\/logo\/image\/"},"sameAs":["https:\/\/www.facebook.com\/MusiquesJuives\/","https:\/\/www.instagram.com\/musiquesjuives\/","https:\/\/www.youtube.com\/user\/musiquesjuives"]},{"@type":"Person","@id":"https:\/\/www.iemj.org\/es\/#\/schema\/person\/358e26c18aca017fcc4cc15437f7279c","name":"Jacqueline ROTEN","image":{"@type":"ImageObject","inLanguage":"es","@id":"https:\/\/secure.gravatar.com\/avatar\/5964256d6c6957de3a3505278957e0fb2a35119ac47ea41827a65301213c810b?s=96&d=mm&r=g","url":"https:\/\/secure.gravatar.com\/avatar\/5964256d6c6957de3a3505278957e0fb2a35119ac47ea41827a65301213c810b?s=96&d=mm&r=g","contentUrl":"https:\/\/secure.gravatar.com\/avatar\/5964256d6c6957de3a3505278957e0fb2a35119ac47ea41827a65301213c810b?s=96&d=mm&r=g","caption":"Jacqueline ROTEN"}}]}},"_links":{"self":[{"href":"https:\/\/www.iemj.org\/es\/wp-json\/wp\/v2\/posts\/90610","targetHints":{"allow":["GET"]}}],"collection":[{"href":"https:\/\/www.iemj.org\/es\/wp-json\/wp\/v2\/posts"}],"about":[{"href":"https:\/\/www.iemj.org\/es\/wp-json\/wp\/v2\/types\/post"}],"author":[{"embeddable":true,"href":"https:\/\/www.iemj.org\/es\/wp-json\/wp\/v2\/users\/5"}],"replies":[{"embeddable":true,"href":"https:\/\/www.iemj.org\/es\/wp-json\/wp\/v2\/comments?post=90610"}],"version-history":[{"count":0,"href":"https:\/\/www.iemj.org\/es\/wp-json\/wp\/v2\/posts\/90610\/revisions"}],"wp:featuredmedia":[{"embeddable":true,"href":"https:\/\/www.iemj.org\/es\/wp-json\/wp\/v2\/media\/89797"}],"wp:attachment":[{"href":"https:\/\/www.iemj.org\/es\/wp-json\/wp\/v2\/media?parent=90610"}],"wp:term":[{"taxonomy":"category","embeddable":true,"href":"https:\/\/www.iemj.org\/es\/wp-json\/wp\/v2\/categories?post=90610"},{"taxonomy":"post_tag","embeddable":true,"href":"https:\/\/www.iemj.org\/es\/wp-json\/wp\/v2\/tags?post=90610"},{"taxonomy":"technique","embeddable":true,"href":"https:\/\/www.iemj.org\/es\/wp-json\/wp\/v2\/technique?post=90610"},{"taxonomy":"squelettes","embeddable":true,"href":"https:\/\/www.iemj.org\/es\/wp-json\/wp\/v2\/squelettes?post=90610"},{"taxonomy":"sujet","embeddable":true,"href":"https:\/\/www.iemj.org\/es\/wp-json\/wp\/v2\/sujet?post=90610"},{"taxonomy":"formation","embeddable":true,"href":"https:\/\/www.iemj.org\/es\/wp-json\/wp\/v2\/formation?post=90610"},{"taxonomy":"genre","embeddable":true,"href":"https:\/\/www.iemj.org\/es\/wp-json\/wp\/v2\/genre?post=90610"},{"taxonomy":"fonds","embeddable":true,"href":"https:\/\/www.iemj.org\/es\/wp-json\/wp\/v2\/fonds?post=90610"},{"taxonomy":"tradition","embeddable":true,"href":"https:\/\/www.iemj.org\/es\/wp-json\/wp\/v2\/tradition?post=90610"},{"taxonomy":"type-de-contenu","embeddable":true,"href":"https:\/\/www.iemj.org\/es\/wp-json\/wp\/v2\/type-de-contenu?post=90610"},{"taxonomy":"interprete-compositeur","embeddable":true,"href":"https:\/\/www.iemj.org\/es\/wp-json\/wp\/v2\/interprete-compositeur?post=90610"},{"taxonomy":"frise","embeddable":true,"href":"https:\/\/www.iemj.org\/es\/wp-json\/wp\/v2\/frise?post=90610"},{"taxonomy":"type-devenement","embeddable":true,"href":"https:\/\/www.iemj.org\/es\/wp-json\/wp\/v2\/type-devenement?post=90610"},{"taxonomy":"tableaux-liens-externes","embeddable":true,"href":"https:\/\/www.iemj.org\/es\/wp-json\/wp\/v2\/tableaux-liens-externes?post=90610"}],"curies":[{"name":"wp","href":"https:\/\/api.w.org\/{rel}","templated":true}]}}