{"id":90821,"date":"2011-04-14T19:47:09","date_gmt":"2011-04-14T17:47:09","guid":{"rendered":"https:\/\/www.iemj.org\/formation-des-maitres-de-musique-de-la-ville-de-paris-2011\/"},"modified":"2022-12-08T15:17:45","modified_gmt":"2022-12-08T14:17:45","slug":"formation-des-maitres-de-musique-de-la-ville-de-paris-2011","status":"publish","type":"post","link":"https:\/\/www.iemj.org\/es\/formation-des-maitres-de-musique-de-la-ville-de-paris-2011\/","title":{"rendered":"<strong>Formaci\u00f3n de los maestros de m\u00fasica de la ciudad de Par\u00eds 2011<\/strong>"},"content":{"rendered":"\n<p><strong>Una jornada de formaci\u00f3n que ofrece una visi\u00f3n amplia de la historia de las m\u00fasicas jud\u00edas con una conferencia de Herv\u00e9 Roten seguida de un taller de improvisaciones vocales y\/o instrumentales (Niggun jas\u00eddica, klezmer) dirigido por David Lefebvre del grupo Glik.<\/strong><\/p>\n\n\n\n<!--more-->\n\n\n\n<p class=\"post_excerpt\">El CFMJ (ahora llamado <em>Instituto Europeo de M\u00fasicas Jud\u00edas<\/em>) prosigue su acci\u00f3n pedag\u00f3gica organizando de nuevo este a\u00f1o una jornada de formaci\u00f3n a la atenci\u00f3n de los Profesores de m\u00fasica de la ciudad de Par\u00eds.<\/p>\n\n\n\n<p>El patrimonio musical jud\u00edo \u2013 que pertenezca a \u00e1mbitos lit\u00fargico (cantilena, salmodia, poes\u00eda religiosa\u2026), o profano (klezmer, canciones yiddishes, judeo\u00e1rabe, judeoespa\u00f1ola\u2026) \u2013 es tan amplio como compuesto. Se caracteriza por la experiencia de la di\u00e1spora, punto de encuentro y de enfrentamiento de las ideas, pero tambi\u00e9n de las culturas. As\u00ed que no existe s\u00f3lo una sino distintas m\u00fasicas jud\u00edas, cada una resultante de una historia y un entorno cultural espec\u00edficos.<\/p>\n\n\n\n<p>Entender, o\u00edr y practicar estas m\u00fasicas en su dimensi\u00f3n hist\u00f3rica y cultural, tal es el objetivo de este taller-formaci\u00f3n que nos propone un viaje sonoro y audiovisual en el tiempo y espacio a trav\u00e9s de 3.700 a\u00f1os de m\u00fasicas jud\u00edas.<\/p>\n\n\n<p><strong>Programa de la jornada del 17 de enero de 2011:<\/strong><\/p>\n<p><strong>Ma\u00f1ana (9h-12h)<\/strong><\/p>\n<ul>\n<li>9 h : Recepci\u00f3n de los participantes y proyecci\u00f3n de un cortometraje de presentaci\u00f3n del Centro Franc\u00e9s de M\u00fasicas Jud\u00edas<\/li>\n<li>9h30 : Conferencia \u00ab Descubrimiento de las m\u00fasicas jud\u00edas \u00bb por Herv\u00e9 Roten<\/li>\n<li>11h30 : Preguntas \/ conversaci\u00f3n sobre las m\u00fasicas jud\u00edas<\/li>\n<\/ul>\n<p><strong>Tarde (13h30-16h30)<\/strong><\/p>\n<p><strong>Taller \u00abM\u00fasicas jud\u00edas de Europa del Este (Klezmer y canto jas\u00eddico) \u00bb<\/strong><\/p>\n<ul>\n<li>13h30 : Introducci\u00f3n a la m\u00fasica klezmer, m\u00fasica instrumental de los Jud\u00edos de Europa del Este (Herv\u00e9 Roten)<\/li>\n<li>14h30 : Taller de pr\u00e1ctica vocal y\/o instrumental (Niggun jas\u00eddica, klezmer) (David Lefebvre)<\/li>\n<li>16h30 : final de la formaci\u00f3n<\/li>\n<\/ul>\n<h2><a href=\"https:\/\/www.iemj.org\/es\/formation-des-maitres-de-musique-de-la-ville-de-paris-2011-2\/\" target=\"_blank\" rel=\"noopener\">Ver un fragmento del taller klezmer dirigido por David Lefebvre<\/a><\/h2>","protected":false},"excerpt":{"rendered":"<p>Una jornada de formaci\u00f3n que ofrece una visi\u00f3n amplia de la historia de las m\u00fasicas jud\u00edas con una conferencia de Herv\u00e9 Roten seguida de un taller de improvisaciones vocales y\/o<\/p>\n","protected":false},"author":1047,"featured_media":90822,"comment_status":"closed","ping_status":"closed","sticky":false,"template":"","format":"standard","meta":{"_acf_changed":false,"footnotes":""},"categories":[1372,1387],"tags":[2223],"technique":[],"squelettes":[],"sujet":[],"formation":[],"genre":[],"fonds":[],"tradition":[],"type-de-contenu":[],"interprete-compositeur":[],"frise":[],"type-devenement":[],"tableaux-liens-externes":[],"class_list":["post-90821","post","type-post","status-publish","format-standard","has-post-thumbnail","hentry","category-manifestaciones-es","category-taller-de-musica-es","tag-eventos-iemj-es"],"acf":[],"yoast_head":"<!-- This site is optimized with the Yoast SEO plugin v27.3 - https:\/\/yoast.com\/product\/yoast-seo-wordpress\/ -->\n<title>Formaci\u00f3n de los maestros de m\u00fasica de la ciudad de Par\u00eds 2011 - Institut Europ\u00e9en des Musiques Juives<\/title>\n<meta name=\"robots\" content=\"index, follow, max-snippet:-1, max-image-preview:large, max-video-preview:-1\" \/>\n<link rel=\"canonical\" href=\"https:\/\/www.iemj.org\/es\/formation-des-maitres-de-musique-de-la-ville-de-paris-2011\/\" \/>\n<meta property=\"og:locale\" content=\"es_ES\" \/>\n<meta property=\"og:type\" content=\"article\" \/>\n<meta property=\"og:title\" content=\"Formaci\u00f3n de los maestros de m\u00fasica de la ciudad de Par\u00eds 2011 - Institut Europ\u00e9en des Musiques Juives\" \/>\n<meta property=\"og:description\" content=\"Una jornada de formaci\u00f3n que ofrece una visi\u00f3n amplia de la historia de las m\u00fasicas jud\u00edas con una conferencia de Herv\u00e9 Roten seguida de un taller de improvisaciones vocales y\/o\" \/>\n<meta property=\"og:url\" content=\"https:\/\/www.iemj.org\/es\/formation-des-maitres-de-musique-de-la-ville-de-paris-2011\/\" \/>\n<meta property=\"og:site_name\" content=\"Institut Europ\u00e9en des Musiques Juives\" \/>\n<meta property=\"article:publisher\" content=\"https:\/\/www.facebook.com\/MusiquesJuives\/\" \/>\n<meta property=\"article:published_time\" content=\"2011-04-14T17:47:09+00:00\" \/>\n<meta property=\"article:modified_time\" content=\"2022-12-08T14:17:45+00:00\" \/>\n<meta property=\"og:image\" content=\"https:\/\/www.iemj.org\/wp-content\/uploads\/2011\/04\/arton172-e1620148887608.jpg\" \/>\n\t<meta property=\"og:image:width\" content=\"350\" \/>\n\t<meta property=\"og:image:height\" content=\"337\" \/>\n\t<meta property=\"og:image:type\" content=\"image\/jpeg\" \/>\n<meta name=\"author\" content=\"Nicolas Fevre\" \/>\n<meta name=\"twitter:card\" content=\"summary_large_image\" \/>\n<meta name=\"twitter:label1\" content=\"Escrito por\" \/>\n\t<meta name=\"twitter:data1\" content=\"Nicolas Fevre\" \/>\n\t<meta name=\"twitter:label2\" content=\"Tiempo de lectura\" \/>\n\t<meta name=\"twitter:data2\" content=\"2 minutos\" \/>\n<script type=\"application\/ld+json\" class=\"yoast-schema-graph\">{\"@context\":\"https:\\\/\\\/schema.org\",\"@graph\":[{\"@type\":\"Article\",\"@id\":\"https:\\\/\\\/www.iemj.org\\\/es\\\/formation-des-maitres-de-musique-de-la-ville-de-paris-2011\\\/#article\",\"isPartOf\":{\"@id\":\"https:\\\/\\\/www.iemj.org\\\/es\\\/formation-des-maitres-de-musique-de-la-ville-de-paris-2011\\\/\"},\"author\":{\"name\":\"Nicolas Fevre\",\"@id\":\"https:\\\/\\\/www.iemj.org\\\/es\\\/#\\\/schema\\\/person\\\/0dfc8632809ec10c9e7d4daf4f4b9f1c\"},\"headline\":\"Formaci\u00f3n de los maestros de m\u00fasica de la ciudad de Par\u00eds 2011\",\"datePublished\":\"2011-04-14T17:47:09+00:00\",\"dateModified\":\"2022-12-08T14:17:45+00:00\",\"mainEntityOfPage\":{\"@id\":\"https:\\\/\\\/www.iemj.org\\\/es\\\/formation-des-maitres-de-musique-de-la-ville-de-paris-2011\\\/\"},\"wordCount\":360,\"publisher\":{\"@id\":\"https:\\\/\\\/www.iemj.org\\\/es\\\/#organization\"},\"image\":{\"@id\":\"https:\\\/\\\/www.iemj.org\\\/es\\\/formation-des-maitres-de-musique-de-la-ville-de-paris-2011\\\/#primaryimage\"},\"thumbnailUrl\":\"https:\\\/\\\/www.iemj.org\\\/wp-content\\\/uploads\\\/2011\\\/04\\\/arton172-e1620148887608.jpg\",\"keywords\":[\"Eventos IEMJ\"],\"articleSection\":[\"Manifestaciones\",\"Taller de m\u00fasica\"],\"inLanguage\":\"es\"},{\"@type\":\"WebPage\",\"@id\":\"https:\\\/\\\/www.iemj.org\\\/es\\\/formation-des-maitres-de-musique-de-la-ville-de-paris-2011\\\/\",\"url\":\"https:\\\/\\\/www.iemj.org\\\/es\\\/formation-des-maitres-de-musique-de-la-ville-de-paris-2011\\\/\",\"name\":\"Formaci\u00f3n de los maestros de m\u00fasica de la ciudad de Par\u00eds 2011 - Institut Europ\u00e9en des Musiques Juives\",\"isPartOf\":{\"@id\":\"https:\\\/\\\/www.iemj.org\\\/es\\\/#website\"},\"primaryImageOfPage\":{\"@id\":\"https:\\\/\\\/www.iemj.org\\\/es\\\/formation-des-maitres-de-musique-de-la-ville-de-paris-2011\\\/#primaryimage\"},\"image\":{\"@id\":\"https:\\\/\\\/www.iemj.org\\\/es\\\/formation-des-maitres-de-musique-de-la-ville-de-paris-2011\\\/#primaryimage\"},\"thumbnailUrl\":\"https:\\\/\\\/www.iemj.org\\\/wp-content\\\/uploads\\\/2011\\\/04\\\/arton172-e1620148887608.jpg\",\"datePublished\":\"2011-04-14T17:47:09+00:00\",\"dateModified\":\"2022-12-08T14:17:45+00:00\",\"breadcrumb\":{\"@id\":\"https:\\\/\\\/www.iemj.org\\\/es\\\/formation-des-maitres-de-musique-de-la-ville-de-paris-2011\\\/#breadcrumb\"},\"inLanguage\":\"es\",\"potentialAction\":[{\"@type\":\"ReadAction\",\"target\":[\"https:\\\/\\\/www.iemj.org\\\/es\\\/formation-des-maitres-de-musique-de-la-ville-de-paris-2011\\\/\"]}]},{\"@type\":\"ImageObject\",\"inLanguage\":\"es\",\"@id\":\"https:\\\/\\\/www.iemj.org\\\/es\\\/formation-des-maitres-de-musique-de-la-ville-de-paris-2011\\\/#primaryimage\",\"url\":\"https:\\\/\\\/www.iemj.org\\\/wp-content\\\/uploads\\\/2011\\\/04\\\/arton172-e1620148887608.jpg\",\"contentUrl\":\"https:\\\/\\\/www.iemj.org\\\/wp-content\\\/uploads\\\/2011\\\/04\\\/arton172-e1620148887608.jpg\",\"width\":350,\"height\":337},{\"@type\":\"BreadcrumbList\",\"@id\":\"https:\\\/\\\/www.iemj.org\\\/es\\\/formation-des-maitres-de-musique-de-la-ville-de-paris-2011\\\/#breadcrumb\",\"itemListElement\":[{\"@type\":\"ListItem\",\"position\":1,\"name\":\"Accueil\",\"item\":\"https:\\\/\\\/www.iemj.org\\\/es\\\/\"},{\"@type\":\"ListItem\",\"position\":2,\"name\":\"Formaci\u00f3n de los maestros de m\u00fasica de la ciudad de Par\u00eds 2011\"}]},{\"@type\":\"WebSite\",\"@id\":\"https:\\\/\\\/www.iemj.org\\\/es\\\/#website\",\"url\":\"https:\\\/\\\/www.iemj.org\\\/es\\\/\",\"name\":\"Institut Europ\u00e9en des Musiques Juives\",\"description\":\"Des traditions musicales \u00e0 la port\u00e9e de tous\",\"publisher\":{\"@id\":\"https:\\\/\\\/www.iemj.org\\\/es\\\/#organization\"},\"potentialAction\":[{\"@type\":\"SearchAction\",\"target\":{\"@type\":\"EntryPoint\",\"urlTemplate\":\"https:\\\/\\\/www.iemj.org\\\/es\\\/?s={search_term_string}\"},\"query-input\":{\"@type\":\"PropertyValueSpecification\",\"valueRequired\":true,\"valueName\":\"search_term_string\"}}],\"inLanguage\":\"es\"},{\"@type\":\"Organization\",\"@id\":\"https:\\\/\\\/www.iemj.org\\\/es\\\/#organization\",\"name\":\"Institut Europ\u00e9en des Musiques Juives\",\"url\":\"https:\\\/\\\/www.iemj.org\\\/es\\\/\",\"logo\":{\"@type\":\"ImageObject\",\"inLanguage\":\"es\",\"@id\":\"https:\\\/\\\/www.iemj.org\\\/es\\\/#\\\/schema\\\/logo\\\/image\\\/\",\"url\":\"https:\\\/\\\/www.iemj.org\\\/wp-content\\\/uploads\\\/2021\\\/09\\\/Logo-IEMJ-Paypal.jpg\",\"contentUrl\":\"https:\\\/\\\/www.iemj.org\\\/wp-content\\\/uploads\\\/2021\\\/09\\\/Logo-IEMJ-Paypal.jpg\",\"width\":150,\"height\":50,\"caption\":\"Institut Europ\u00e9en des Musiques Juives\"},\"image\":{\"@id\":\"https:\\\/\\\/www.iemj.org\\\/es\\\/#\\\/schema\\\/logo\\\/image\\\/\"},\"sameAs\":[\"https:\\\/\\\/www.facebook.com\\\/MusiquesJuives\\\/\",\"https:\\\/\\\/www.instagram.com\\\/musiquesjuives\\\/\",\"https:\\\/\\\/www.youtube.com\\\/user\\\/musiquesjuives\"]},{\"@type\":\"Person\",\"@id\":\"https:\\\/\\\/www.iemj.org\\\/es\\\/#\\\/schema\\\/person\\\/0dfc8632809ec10c9e7d4daf4f4b9f1c\",\"name\":\"Nicolas Fevre\",\"image\":{\"@type\":\"ImageObject\",\"inLanguage\":\"es\",\"@id\":\"https:\\\/\\\/secure.gravatar.com\\\/avatar\\\/d879fd262de3ba26caa7035b34c65f320aa09cf4c96889ac41d9325e287ccb7b?s=96&d=mm&r=g\",\"url\":\"https:\\\/\\\/secure.gravatar.com\\\/avatar\\\/d879fd262de3ba26caa7035b34c65f320aa09cf4c96889ac41d9325e287ccb7b?s=96&d=mm&r=g\",\"contentUrl\":\"https:\\\/\\\/secure.gravatar.com\\\/avatar\\\/d879fd262de3ba26caa7035b34c65f320aa09cf4c96889ac41d9325e287ccb7b?s=96&d=mm&r=g\",\"caption\":\"Nicolas Fevre\"}}]}<\/script>\n<!-- \/ Yoast SEO plugin. -->","yoast_head_json":{"title":"Formaci\u00f3n de los maestros de m\u00fasica de la ciudad de Par\u00eds 2011 - Institut Europ\u00e9en des Musiques Juives","robots":{"index":"index","follow":"follow","max-snippet":"max-snippet:-1","max-image-preview":"max-image-preview:large","max-video-preview":"max-video-preview:-1"},"canonical":"https:\/\/www.iemj.org\/es\/formation-des-maitres-de-musique-de-la-ville-de-paris-2011\/","og_locale":"es_ES","og_type":"article","og_title":"Formaci\u00f3n de los maestros de m\u00fasica de la ciudad de Par\u00eds 2011 - Institut Europ\u00e9en des Musiques Juives","og_description":"Una jornada de formaci\u00f3n que ofrece una visi\u00f3n amplia de la historia de las m\u00fasicas jud\u00edas con una conferencia de Herv\u00e9 Roten seguida de un taller de improvisaciones vocales y\/o","og_url":"https:\/\/www.iemj.org\/es\/formation-des-maitres-de-musique-de-la-ville-de-paris-2011\/","og_site_name":"Institut Europ\u00e9en des Musiques Juives","article_publisher":"https:\/\/www.facebook.com\/MusiquesJuives\/","article_published_time":"2011-04-14T17:47:09+00:00","article_modified_time":"2022-12-08T14:17:45+00:00","og_image":[{"width":350,"height":337,"url":"https:\/\/www.iemj.org\/wp-content\/uploads\/2011\/04\/arton172-e1620148887608.jpg","type":"image\/jpeg"}],"author":"Nicolas Fevre","twitter_card":"summary_large_image","twitter_misc":{"Escrito por":"Nicolas Fevre","Tiempo de lectura":"2 minutos"},"schema":{"@context":"https:\/\/schema.org","@graph":[{"@type":"Article","@id":"https:\/\/www.iemj.org\/es\/formation-des-maitres-de-musique-de-la-ville-de-paris-2011\/#article","isPartOf":{"@id":"https:\/\/www.iemj.org\/es\/formation-des-maitres-de-musique-de-la-ville-de-paris-2011\/"},"author":{"name":"Nicolas Fevre","@id":"https:\/\/www.iemj.org\/es\/#\/schema\/person\/0dfc8632809ec10c9e7d4daf4f4b9f1c"},"headline":"Formaci\u00f3n de los maestros de m\u00fasica de la ciudad de Par\u00eds 2011","datePublished":"2011-04-14T17:47:09+00:00","dateModified":"2022-12-08T14:17:45+00:00","mainEntityOfPage":{"@id":"https:\/\/www.iemj.org\/es\/formation-des-maitres-de-musique-de-la-ville-de-paris-2011\/"},"wordCount":360,"publisher":{"@id":"https:\/\/www.iemj.org\/es\/#organization"},"image":{"@id":"https:\/\/www.iemj.org\/es\/formation-des-maitres-de-musique-de-la-ville-de-paris-2011\/#primaryimage"},"thumbnailUrl":"https:\/\/www.iemj.org\/wp-content\/uploads\/2011\/04\/arton172-e1620148887608.jpg","keywords":["Eventos IEMJ"],"articleSection":["Manifestaciones","Taller de m\u00fasica"],"inLanguage":"es"},{"@type":"WebPage","@id":"https:\/\/www.iemj.org\/es\/formation-des-maitres-de-musique-de-la-ville-de-paris-2011\/","url":"https:\/\/www.iemj.org\/es\/formation-des-maitres-de-musique-de-la-ville-de-paris-2011\/","name":"Formaci\u00f3n de los maestros de m\u00fasica de la ciudad de Par\u00eds 2011 - Institut Europ\u00e9en des Musiques Juives","isPartOf":{"@id":"https:\/\/www.iemj.org\/es\/#website"},"primaryImageOfPage":{"@id":"https:\/\/www.iemj.org\/es\/formation-des-maitres-de-musique-de-la-ville-de-paris-2011\/#primaryimage"},"image":{"@id":"https:\/\/www.iemj.org\/es\/formation-des-maitres-de-musique-de-la-ville-de-paris-2011\/#primaryimage"},"thumbnailUrl":"https:\/\/www.iemj.org\/wp-content\/uploads\/2011\/04\/arton172-e1620148887608.jpg","datePublished":"2011-04-14T17:47:09+00:00","dateModified":"2022-12-08T14:17:45+00:00","breadcrumb":{"@id":"https:\/\/www.iemj.org\/es\/formation-des-maitres-de-musique-de-la-ville-de-paris-2011\/#breadcrumb"},"inLanguage":"es","potentialAction":[{"@type":"ReadAction","target":["https:\/\/www.iemj.org\/es\/formation-des-maitres-de-musique-de-la-ville-de-paris-2011\/"]}]},{"@type":"ImageObject","inLanguage":"es","@id":"https:\/\/www.iemj.org\/es\/formation-des-maitres-de-musique-de-la-ville-de-paris-2011\/#primaryimage","url":"https:\/\/www.iemj.org\/wp-content\/uploads\/2011\/04\/arton172-e1620148887608.jpg","contentUrl":"https:\/\/www.iemj.org\/wp-content\/uploads\/2011\/04\/arton172-e1620148887608.jpg","width":350,"height":337},{"@type":"BreadcrumbList","@id":"https:\/\/www.iemj.org\/es\/formation-des-maitres-de-musique-de-la-ville-de-paris-2011\/#breadcrumb","itemListElement":[{"@type":"ListItem","position":1,"name":"Accueil","item":"https:\/\/www.iemj.org\/es\/"},{"@type":"ListItem","position":2,"name":"Formaci\u00f3n de los maestros de m\u00fasica de la ciudad de Par\u00eds 2011"}]},{"@type":"WebSite","@id":"https:\/\/www.iemj.org\/es\/#website","url":"https:\/\/www.iemj.org\/es\/","name":"Institut Europ\u00e9en des Musiques Juives","description":"Des traditions musicales \u00e0 la port\u00e9e de tous","publisher":{"@id":"https:\/\/www.iemj.org\/es\/#organization"},"potentialAction":[{"@type":"SearchAction","target":{"@type":"EntryPoint","urlTemplate":"https:\/\/www.iemj.org\/es\/?s={search_term_string}"},"query-input":{"@type":"PropertyValueSpecification","valueRequired":true,"valueName":"search_term_string"}}],"inLanguage":"es"},{"@type":"Organization","@id":"https:\/\/www.iemj.org\/es\/#organization","name":"Institut Europ\u00e9en des Musiques Juives","url":"https:\/\/www.iemj.org\/es\/","logo":{"@type":"ImageObject","inLanguage":"es","@id":"https:\/\/www.iemj.org\/es\/#\/schema\/logo\/image\/","url":"https:\/\/www.iemj.org\/wp-content\/uploads\/2021\/09\/Logo-IEMJ-Paypal.jpg","contentUrl":"https:\/\/www.iemj.org\/wp-content\/uploads\/2021\/09\/Logo-IEMJ-Paypal.jpg","width":150,"height":50,"caption":"Institut Europ\u00e9en des Musiques Juives"},"image":{"@id":"https:\/\/www.iemj.org\/es\/#\/schema\/logo\/image\/"},"sameAs":["https:\/\/www.facebook.com\/MusiquesJuives\/","https:\/\/www.instagram.com\/musiquesjuives\/","https:\/\/www.youtube.com\/user\/musiquesjuives"]},{"@type":"Person","@id":"https:\/\/www.iemj.org\/es\/#\/schema\/person\/0dfc8632809ec10c9e7d4daf4f4b9f1c","name":"Nicolas Fevre","image":{"@type":"ImageObject","inLanguage":"es","@id":"https:\/\/secure.gravatar.com\/avatar\/d879fd262de3ba26caa7035b34c65f320aa09cf4c96889ac41d9325e287ccb7b?s=96&d=mm&r=g","url":"https:\/\/secure.gravatar.com\/avatar\/d879fd262de3ba26caa7035b34c65f320aa09cf4c96889ac41d9325e287ccb7b?s=96&d=mm&r=g","contentUrl":"https:\/\/secure.gravatar.com\/avatar\/d879fd262de3ba26caa7035b34c65f320aa09cf4c96889ac41d9325e287ccb7b?s=96&d=mm&r=g","caption":"Nicolas Fevre"}}]}},"_links":{"self":[{"href":"https:\/\/www.iemj.org\/es\/wp-json\/wp\/v2\/posts\/90821","targetHints":{"allow":["GET"]}}],"collection":[{"href":"https:\/\/www.iemj.org\/es\/wp-json\/wp\/v2\/posts"}],"about":[{"href":"https:\/\/www.iemj.org\/es\/wp-json\/wp\/v2\/types\/post"}],"author":[{"embeddable":true,"href":"https:\/\/www.iemj.org\/es\/wp-json\/wp\/v2\/users\/1047"}],"replies":[{"embeddable":true,"href":"https:\/\/www.iemj.org\/es\/wp-json\/wp\/v2\/comments?post=90821"}],"version-history":[{"count":0,"href":"https:\/\/www.iemj.org\/es\/wp-json\/wp\/v2\/posts\/90821\/revisions"}],"wp:featuredmedia":[{"embeddable":true,"href":"https:\/\/www.iemj.org\/es\/wp-json\/wp\/v2\/media\/90822"}],"wp:attachment":[{"href":"https:\/\/www.iemj.org\/es\/wp-json\/wp\/v2\/media?parent=90821"}],"wp:term":[{"taxonomy":"category","embeddable":true,"href":"https:\/\/www.iemj.org\/es\/wp-json\/wp\/v2\/categories?post=90821"},{"taxonomy":"post_tag","embeddable":true,"href":"https:\/\/www.iemj.org\/es\/wp-json\/wp\/v2\/tags?post=90821"},{"taxonomy":"technique","embeddable":true,"href":"https:\/\/www.iemj.org\/es\/wp-json\/wp\/v2\/technique?post=90821"},{"taxonomy":"squelettes","embeddable":true,"href":"https:\/\/www.iemj.org\/es\/wp-json\/wp\/v2\/squelettes?post=90821"},{"taxonomy":"sujet","embeddable":true,"href":"https:\/\/www.iemj.org\/es\/wp-json\/wp\/v2\/sujet?post=90821"},{"taxonomy":"formation","embeddable":true,"href":"https:\/\/www.iemj.org\/es\/wp-json\/wp\/v2\/formation?post=90821"},{"taxonomy":"genre","embeddable":true,"href":"https:\/\/www.iemj.org\/es\/wp-json\/wp\/v2\/genre?post=90821"},{"taxonomy":"fonds","embeddable":true,"href":"https:\/\/www.iemj.org\/es\/wp-json\/wp\/v2\/fonds?post=90821"},{"taxonomy":"tradition","embeddable":true,"href":"https:\/\/www.iemj.org\/es\/wp-json\/wp\/v2\/tradition?post=90821"},{"taxonomy":"type-de-contenu","embeddable":true,"href":"https:\/\/www.iemj.org\/es\/wp-json\/wp\/v2\/type-de-contenu?post=90821"},{"taxonomy":"interprete-compositeur","embeddable":true,"href":"https:\/\/www.iemj.org\/es\/wp-json\/wp\/v2\/interprete-compositeur?post=90821"},{"taxonomy":"frise","embeddable":true,"href":"https:\/\/www.iemj.org\/es\/wp-json\/wp\/v2\/frise?post=90821"},{"taxonomy":"type-devenement","embeddable":true,"href":"https:\/\/www.iemj.org\/es\/wp-json\/wp\/v2\/type-devenement?post=90821"},{"taxonomy":"tableaux-liens-externes","embeddable":true,"href":"https:\/\/www.iemj.org\/es\/wp-json\/wp\/v2\/tableaux-liens-externes?post=90821"}],"curies":[{"name":"wp","href":"https:\/\/api.w.org\/{rel}","templated":true}]}}