{"id":91186,"date":"2022-12-15T11:56:40","date_gmt":"2022-12-15T10:56:40","guid":{"rendered":"https:\/\/www.iemj.org\/michel-heymann-confie-lensemble-de-ses-archives-musicales-a-liemj\/"},"modified":"2025-03-27T15:35:57","modified_gmt":"2025-03-27T14:35:57","slug":"michel-heymann-confie-lensemble-de-ses-archives-musicales-a-liemj","status":"publish","type":"post","link":"https:\/\/www.iemj.org\/es\/michel-heymann-confie-lensemble-de-ses-archives-musicales-a-liemj\/","title":{"rendered":"Michel Heymann confi\u00f3 todos sus archivos musicales al IEMJ"},"content":{"rendered":"<p><a href=\"https:\/\/www.iemj.org\/es\/heymann-michel-1952\/\">Michel Heymann<\/a> es uno de los \u00faltimos depositarios de la liturgia achkenazi del valle del Rin. Nacido en 1952 en Estrasburgo, aprendi\u00f3 la liturgia con Bertrand Joseph, antiguo ministro oficiante en Estrasburgo. Fue entonces uno de los \u00faltimos alumnos de la secci\u00f3n de Pedagog\u00eda y Liturgia del S\u00e9minaire Isra\u00e9lite de France antes de su cierre en 1973. A los 21 a\u00f1os, en septiembre de 1973, fue destinado a Haguenau, cargo que dej\u00f3 por Mulhouse en 1980. Ofici\u00f3 durante doce a\u00f1os en esta ciudad y grab\u00f3 casetes y discos compactos con el objetivo de preservar la liturgia de Alsacia, antes de ser contratado por la Comunidad de Luxemburgo, en la que cre\u00f3 un coro que a veces le acompa\u00f1aba durante los servicios de Shabat y las fiestas durante sus 30 a\u00f1os de oficio.<\/p>\n<figure id=\"attachment_91121\" aria-describedby=\"caption-attachment-91121\" style=\"width: 300px\" class=\"wp-caption alignright\"><img fetchpriority=\"high\" decoding=\"async\" class=\"wp-image-91121 size-medium\" src=\"https:\/\/www.iemj.org\/wp-content\/uploads\/2022\/12\/Facade-Synagogue-Luxembourg-300x169.jpg\" alt=\"\" width=\"300\" height=\"169\" srcset=\"https:\/\/www.iemj.org\/wp-content\/uploads\/2022\/12\/Facade-Synagogue-Luxembourg-300x169.jpg 300w, https:\/\/www.iemj.org\/wp-content\/uploads\/2022\/12\/Facade-Synagogue-Luxembourg.jpg 500w\" sizes=\"(max-width: 300px) 100vw, 300px\" \/><figcaption id=\"caption-attachment-91121\" class=\"wp-caption-text\"><strong>Fachada de la Sinagoga de Luxemburgo<\/strong><\/figcaption><\/figure>\n<p>Tras retirarse en 2017, Michel Heymann ha querido donar al IEMJ todos sus archivos musicales acumulados a lo largo de su dilatada carrera. Esta important\u00edsima colecci\u00f3n incluye varios centenares de documentos raros y preciosos, entre ellos colecciones de partituras impresas y manuscritas que datan del siglo XIX, centenares de grabaciones musicales (conciertos lit\u00fargicos, ceremonias, oficios, etc.) y decenas de cintas de v\u00eddeo.<\/p>\n<p>Los archivos de Michel Heymann, que trajimos de Luxemburgo, llegaron al IEMJ el 8 de diciembre de 2022. Esta colecci\u00f3n, que actualmente est\u00e1 siendo inventariada, requerir\u00e1 probablemente un buen a\u00f1o de trabajo antes de que pueda estar disponible en l\u00ednea.<\/p>\n<p>Al entregarnos la obra de su vida, Michel Heymann no s\u00f3lo nos demostr\u00f3 su confianza, sino que tambi\u00e9n nos confi\u00f3 impl\u00edcitamente la misi\u00f3n de transmitir a las generaciones futuras la liturgia alsaciana, que desgraciadamente hoy tiende a desaparecer.<\/p>\n<ul>\n<li><a href=\"https:\/\/www.iemj.org\/es\/fonds-michel-heymann\/\" target=\"_blank\" rel=\"noopener\">Consultar la colecci\u00f3n de Michel Heymann<\/a><\/li>\n<li><a href=\"https:\/\/www.iemj.org\/es\/heymann-michel-1952\/\" target=\"_blank\" rel=\"noopener\">Leer la biograf\u00eda de Michel Heymann<\/a><\/li>\n<li><a href=\"https:\/\/www.iemj.org\/es\/michel-heymann-liturgie-juive-achkenaze-traditionnelle\/\" target=\"_blank\" rel=\"noopener\">Escuchar extractos de la liturgia de Rosh Hashan\u00e1 cantada por Michel Heymann<\/a><\/li>\n<li><a href=\"http:\/\/www.judaisme-alsalor.fr\/histoire\/rabbins\/hazanim\/heyman.htm\" target=\"_blank\" rel=\"noopener\">M\u00e1s informaci\u00f3n sobre Michel Heymann y otras obras en l\u00ednea<\/a><\/li>\n<li><a href=\"https:\/\/www.iemj.org\/es\/michel-heymann-et-la-liturgie-ashkenaze-de-la-vallee-du-rhin\/\" target=\"_blank\" rel=\"noopener\">Vea el v\u00eddeo\u00a0<em>Michel Heymann y la liturgia asquenaz\u00ed del valle del Rin<\/em><\/a><\/li>\n<\/ul>\n<div id='gallery-1' class='gallery galleryid-91186 gallery-columns-1 gallery-size-full'><figure class='gallery-item'>\n\t\t\t<div class='gallery-icon landscape'>\n\t\t\t\t<a href='https:\/\/www.iemj.org\/es\/michel-heymann-confie-lensemble-de-ses-archives-musicales-a-liemj\/un-apercu-des-archives-de-michel-heymann1-2\/'><img decoding=\"async\" width=\"800\" height=\"359\" src=\"https:\/\/www.iemj.org\/wp-content\/uploads\/2022\/12\/Un-apercu-des-archives-de-Michel-Heymann1.jpg\" class=\"attachment-full size-full\" alt=\"\" srcset=\"https:\/\/www.iemj.org\/wp-content\/uploads\/2022\/12\/Un-apercu-des-archives-de-Michel-Heymann1.jpg 800w, https:\/\/www.iemj.org\/wp-content\/uploads\/2022\/12\/Un-apercu-des-archives-de-Michel-Heymann1-300x135.jpg 300w, https:\/\/www.iemj.org\/wp-content\/uploads\/2022\/12\/Un-apercu-des-archives-de-Michel-Heymann1-768x345.jpg 768w, https:\/\/www.iemj.org\/wp-content\/uploads\/2022\/12\/Un-apercu-des-archives-de-Michel-Heymann1-600x269.jpg 600w\" sizes=\"(max-width: 800px) 100vw, 800px\" \/><\/a>\n\t\t\t<\/div><\/figure>\n\t\t<\/div>\n\n<p style=\"text-align: center;\"><strong>Una mirada a los archivos de Michel Heymann<\/strong><\/p>\n\n\n<div class=\"wp-block-columns is-layout-flex wp-container-core-columns-is-layout-9d6595d7 wp-block-columns-is-layout-flex\">\n<div class=\"wp-block-column is-layout-flow wp-block-column-is-layout-flow\">\n<div class=\"wp-block-columns is-layout-flex wp-container-core-columns-is-layout-9d6595d7 wp-block-columns-is-layout-flex\">\n<div class=\"wp-block-column is-layout-flow wp-block-column-is-layout-flow\">\n<figure class=\"wp-block-image size-full is-resized\"><img decoding=\"async\" width=\"333\" height=\"500\" src=\"https:\/\/www.iemj.org\/wp-content\/uploads\/2022\/12\/Un-apercu-des-archives-de-Michel-Heymann4.jpg\" alt=\"\" class=\"wp-image-91158\" style=\"width:183px;height:274px\" srcset=\"https:\/\/www.iemj.org\/wp-content\/uploads\/2022\/12\/Un-apercu-des-archives-de-Michel-Heymann4.jpg 333w, https:\/\/www.iemj.org\/wp-content\/uploads\/2022\/12\/Un-apercu-des-archives-de-Michel-Heymann4-200x300.jpg 200w\" sizes=\"(max-width: 333px) 100vw, 333px\" \/><\/figure>\n<\/div>\n\n\n\n<div class=\"wp-block-column is-layout-flow wp-block-column-is-layout-flow\">\n<figure class=\"wp-block-image size-full is-resized\"><img loading=\"lazy\" decoding=\"async\" width=\"225\" height=\"500\" src=\"https:\/\/www.iemj.org\/wp-content\/uploads\/2022\/12\/Un-apercu-des-archives-de-Michel-Heymann2.jpg\" alt=\"\" class=\"wp-image-91141\" style=\"width:159px;height:321px\" srcset=\"https:\/\/www.iemj.org\/wp-content\/uploads\/2022\/12\/Un-apercu-des-archives-de-Michel-Heymann2.jpg 225w, https:\/\/www.iemj.org\/wp-content\/uploads\/2022\/12\/Un-apercu-des-archives-de-Michel-Heymann2-135x300.jpg 135w\" sizes=\"(max-width: 225px) 100vw, 225px\" \/><\/figure>\n<\/div>\n<\/div>\n<\/div>\n\n\n\n<div class=\"wp-block-column is-layout-flow wp-block-column-is-layout-flow\">\n<div class=\"wp-block-columns is-layout-flex wp-container-core-columns-is-layout-9d6595d7 wp-block-columns-is-layout-flex\">\n<div class=\"wp-block-column is-layout-flow wp-block-column-is-layout-flow\">\n<figure class=\"wp-block-image size-full is-resized\"><img loading=\"lazy\" decoding=\"async\" width=\"225\" height=\"500\" src=\"https:\/\/www.iemj.org\/wp-content\/uploads\/2022\/12\/Un-apercu-des-archives-de-Michel-Heymann3.jpg\" alt=\"\" class=\"wp-image-91146\" style=\"width:159px;height:321px\" srcset=\"https:\/\/www.iemj.org\/wp-content\/uploads\/2022\/12\/Un-apercu-des-archives-de-Michel-Heymann3.jpg 225w, https:\/\/www.iemj.org\/wp-content\/uploads\/2022\/12\/Un-apercu-des-archives-de-Michel-Heymann3-135x300.jpg 135w\" sizes=\"(max-width: 225px) 100vw, 225px\" \/><\/figure>\n<\/div>\n\n\n\n<div class=\"wp-block-column is-layout-flow wp-block-column-is-layout-flow\">\n<figure class=\"wp-block-image size-full is-resized\"><img loading=\"lazy\" decoding=\"async\" width=\"337\" height=\"500\" src=\"https:\/\/www.iemj.org\/wp-content\/uploads\/2022\/12\/Un-apercu-des-archives-de-Michel-Heymann5.jpg\" alt=\"\" class=\"wp-image-91153\" style=\"width:183px;height:274px\" srcset=\"https:\/\/www.iemj.org\/wp-content\/uploads\/2022\/12\/Un-apercu-des-archives-de-Michel-Heymann5.jpg 337w, https:\/\/www.iemj.org\/wp-content\/uploads\/2022\/12\/Un-apercu-des-archives-de-Michel-Heymann5-202x300.jpg 202w\" sizes=\"(max-width: 337px) 100vw, 337px\" \/><\/figure>\n<\/div>\n<\/div>\n<\/div>\n<\/div>\n","protected":false},"excerpt":{"rendered":"<p>Michel Heymann es uno de los \u00faltimos depositarios de la liturgia achkenazi del valle del Rin. Nacido en 1952 en Estrasburgo, aprendi\u00f3 la liturgia con Bertrand Joseph, antiguo ministro oficiante<\/p>\n","protected":false},"author":5,"featured_media":91120,"comment_status":"closed","ping_status":"closed","sticky":false,"template":"","format":"standard","meta":{"_acf_changed":false,"footnotes":""},"categories":[1342],"tags":[],"technique":[],"squelettes":[],"sujet":[2101,2109],"formation":[],"genre":[],"fonds":[],"tradition":[],"type-de-contenu":[],"interprete-compositeur":[3269],"frise":[],"type-devenement":[],"tableaux-liens-externes":[],"class_list":["post-91186","post","type-post","status-publish","format-standard","has-post-thumbnail","hentry","category-actualidades-es","sujet-alsacia-lorena-es","sujet-el-cantor-hazzan-es","interprete-compositeur-michel-heymann-es"],"acf":[],"yoast_head":"<!-- This site is optimized with the Yoast SEO plugin v27.3 - https:\/\/yoast.com\/product\/yoast-seo-wordpress\/ -->\n<title>Michel Heymann confi\u00f3 todos sus archivos musicales al IEMJ - Institut Europ\u00e9en des Musiques Juives<\/title>\n<meta name=\"robots\" content=\"index, follow, max-snippet:-1, max-image-preview:large, max-video-preview:-1\" \/>\n<link rel=\"canonical\" href=\"https:\/\/www.iemj.org\/es\/michel-heymann-confie-lensemble-de-ses-archives-musicales-a-liemj\/\" \/>\n<meta property=\"og:locale\" content=\"es_ES\" \/>\n<meta property=\"og:type\" content=\"article\" \/>\n<meta property=\"og:title\" content=\"Michel Heymann confi\u00f3 todos sus archivos musicales al IEMJ - Institut Europ\u00e9en des Musiques Juives\" \/>\n<meta property=\"og:description\" content=\"Michel Heymann es uno de los \u00faltimos depositarios de la liturgia achkenazi del valle del Rin. Nacido en 1952 en Estrasburgo, aprendi\u00f3 la liturgia con Bertrand Joseph, antiguo ministro oficiante\" \/>\n<meta property=\"og:url\" content=\"https:\/\/www.iemj.org\/es\/michel-heymann-confie-lensemble-de-ses-archives-musicales-a-liemj\/\" \/>\n<meta property=\"og:site_name\" content=\"Institut Europ\u00e9en des Musiques Juives\" \/>\n<meta property=\"article:publisher\" content=\"https:\/\/www.facebook.com\/MusiquesJuives\/\" \/>\n<meta property=\"article:published_time\" content=\"2022-12-15T10:56:40+00:00\" \/>\n<meta property=\"article:modified_time\" content=\"2025-03-27T14:35:57+00:00\" \/>\n<meta property=\"og:image\" content=\"https:\/\/www.iemj.org\/wp-content\/uploads\/2022\/12\/Logo-article-2.jpg\" \/>\n\t<meta property=\"og:image:width\" content=\"500\" \/>\n\t<meta property=\"og:image:height\" content=\"500\" \/>\n\t<meta property=\"og:image:type\" content=\"image\/jpeg\" \/>\n<meta name=\"author\" content=\"Jacqueline ROTEN\" \/>\n<meta name=\"twitter:card\" content=\"summary_large_image\" \/>\n<meta name=\"twitter:label1\" content=\"Escrito por\" \/>\n\t<meta name=\"twitter:data1\" content=\"Jacqueline ROTEN\" \/>\n\t<meta name=\"twitter:label2\" content=\"Tiempo de lectura\" \/>\n\t<meta name=\"twitter:data2\" content=\"3 minutos\" \/>\n<script type=\"application\/ld+json\" class=\"yoast-schema-graph\">{\"@context\":\"https:\\\/\\\/schema.org\",\"@graph\":[{\"@type\":\"Article\",\"@id\":\"https:\\\/\\\/www.iemj.org\\\/es\\\/michel-heymann-confie-lensemble-de-ses-archives-musicales-a-liemj\\\/#article\",\"isPartOf\":{\"@id\":\"https:\\\/\\\/www.iemj.org\\\/es\\\/michel-heymann-confie-lensemble-de-ses-archives-musicales-a-liemj\\\/\"},\"author\":{\"name\":\"Jacqueline ROTEN\",\"@id\":\"https:\\\/\\\/www.iemj.org\\\/es\\\/#\\\/schema\\\/person\\\/358e26c18aca017fcc4cc15437f7279c\"},\"headline\":\"Michel Heymann confi\u00f3 todos sus archivos musicales al IEMJ\",\"datePublished\":\"2022-12-15T10:56:40+00:00\",\"dateModified\":\"2025-03-27T14:35:57+00:00\",\"mainEntityOfPage\":{\"@id\":\"https:\\\/\\\/www.iemj.org\\\/es\\\/michel-heymann-confie-lensemble-de-ses-archives-musicales-a-liemj\\\/\"},\"wordCount\":370,\"publisher\":{\"@id\":\"https:\\\/\\\/www.iemj.org\\\/es\\\/#organization\"},\"image\":{\"@id\":\"https:\\\/\\\/www.iemj.org\\\/es\\\/michel-heymann-confie-lensemble-de-ses-archives-musicales-a-liemj\\\/#primaryimage\"},\"thumbnailUrl\":\"https:\\\/\\\/www.iemj.org\\\/wp-content\\\/uploads\\\/2022\\\/12\\\/Logo-article-2.jpg\",\"articleSection\":[\"Actualidades\"],\"inLanguage\":\"es\"},{\"@type\":\"WebPage\",\"@id\":\"https:\\\/\\\/www.iemj.org\\\/es\\\/michel-heymann-confie-lensemble-de-ses-archives-musicales-a-liemj\\\/\",\"url\":\"https:\\\/\\\/www.iemj.org\\\/es\\\/michel-heymann-confie-lensemble-de-ses-archives-musicales-a-liemj\\\/\",\"name\":\"Michel Heymann confi\u00f3 todos sus archivos musicales al IEMJ - Institut Europ\u00e9en des Musiques Juives\",\"isPartOf\":{\"@id\":\"https:\\\/\\\/www.iemj.org\\\/es\\\/#website\"},\"primaryImageOfPage\":{\"@id\":\"https:\\\/\\\/www.iemj.org\\\/es\\\/michel-heymann-confie-lensemble-de-ses-archives-musicales-a-liemj\\\/#primaryimage\"},\"image\":{\"@id\":\"https:\\\/\\\/www.iemj.org\\\/es\\\/michel-heymann-confie-lensemble-de-ses-archives-musicales-a-liemj\\\/#primaryimage\"},\"thumbnailUrl\":\"https:\\\/\\\/www.iemj.org\\\/wp-content\\\/uploads\\\/2022\\\/12\\\/Logo-article-2.jpg\",\"datePublished\":\"2022-12-15T10:56:40+00:00\",\"dateModified\":\"2025-03-27T14:35:57+00:00\",\"breadcrumb\":{\"@id\":\"https:\\\/\\\/www.iemj.org\\\/es\\\/michel-heymann-confie-lensemble-de-ses-archives-musicales-a-liemj\\\/#breadcrumb\"},\"inLanguage\":\"es\",\"potentialAction\":[{\"@type\":\"ReadAction\",\"target\":[\"https:\\\/\\\/www.iemj.org\\\/es\\\/michel-heymann-confie-lensemble-de-ses-archives-musicales-a-liemj\\\/\"]}]},{\"@type\":\"ImageObject\",\"inLanguage\":\"es\",\"@id\":\"https:\\\/\\\/www.iemj.org\\\/es\\\/michel-heymann-confie-lensemble-de-ses-archives-musicales-a-liemj\\\/#primaryimage\",\"url\":\"https:\\\/\\\/www.iemj.org\\\/wp-content\\\/uploads\\\/2022\\\/12\\\/Logo-article-2.jpg\",\"contentUrl\":\"https:\\\/\\\/www.iemj.org\\\/wp-content\\\/uploads\\\/2022\\\/12\\\/Logo-article-2.jpg\",\"width\":500,\"height\":500},{\"@type\":\"BreadcrumbList\",\"@id\":\"https:\\\/\\\/www.iemj.org\\\/es\\\/michel-heymann-confie-lensemble-de-ses-archives-musicales-a-liemj\\\/#breadcrumb\",\"itemListElement\":[{\"@type\":\"ListItem\",\"position\":1,\"name\":\"Accueil\",\"item\":\"https:\\\/\\\/www.iemj.org\\\/es\\\/\"},{\"@type\":\"ListItem\",\"position\":2,\"name\":\"Michel Heymann confi\u00f3 todos sus archivos musicales al IEMJ\"}]},{\"@type\":\"WebSite\",\"@id\":\"https:\\\/\\\/www.iemj.org\\\/es\\\/#website\",\"url\":\"https:\\\/\\\/www.iemj.org\\\/es\\\/\",\"name\":\"Institut Europ\u00e9en des Musiques Juives\",\"description\":\"Des traditions musicales \u00e0 la port\u00e9e de tous\",\"publisher\":{\"@id\":\"https:\\\/\\\/www.iemj.org\\\/es\\\/#organization\"},\"potentialAction\":[{\"@type\":\"SearchAction\",\"target\":{\"@type\":\"EntryPoint\",\"urlTemplate\":\"https:\\\/\\\/www.iemj.org\\\/es\\\/?s={search_term_string}\"},\"query-input\":{\"@type\":\"PropertyValueSpecification\",\"valueRequired\":true,\"valueName\":\"search_term_string\"}}],\"inLanguage\":\"es\"},{\"@type\":\"Organization\",\"@id\":\"https:\\\/\\\/www.iemj.org\\\/es\\\/#organization\",\"name\":\"Institut Europ\u00e9en des Musiques Juives\",\"url\":\"https:\\\/\\\/www.iemj.org\\\/es\\\/\",\"logo\":{\"@type\":\"ImageObject\",\"inLanguage\":\"es\",\"@id\":\"https:\\\/\\\/www.iemj.org\\\/es\\\/#\\\/schema\\\/logo\\\/image\\\/\",\"url\":\"https:\\\/\\\/www.iemj.org\\\/wp-content\\\/uploads\\\/2021\\\/09\\\/Logo-IEMJ-Paypal.jpg\",\"contentUrl\":\"https:\\\/\\\/www.iemj.org\\\/wp-content\\\/uploads\\\/2021\\\/09\\\/Logo-IEMJ-Paypal.jpg\",\"width\":150,\"height\":50,\"caption\":\"Institut Europ\u00e9en des Musiques Juives\"},\"image\":{\"@id\":\"https:\\\/\\\/www.iemj.org\\\/es\\\/#\\\/schema\\\/logo\\\/image\\\/\"},\"sameAs\":[\"https:\\\/\\\/www.facebook.com\\\/MusiquesJuives\\\/\",\"https:\\\/\\\/www.instagram.com\\\/musiquesjuives\\\/\",\"https:\\\/\\\/www.youtube.com\\\/user\\\/musiquesjuives\"]},{\"@type\":\"Person\",\"@id\":\"https:\\\/\\\/www.iemj.org\\\/es\\\/#\\\/schema\\\/person\\\/358e26c18aca017fcc4cc15437f7279c\",\"name\":\"Jacqueline ROTEN\",\"image\":{\"@type\":\"ImageObject\",\"inLanguage\":\"es\",\"@id\":\"https:\\\/\\\/secure.gravatar.com\\\/avatar\\\/5964256d6c6957de3a3505278957e0fb2a35119ac47ea41827a65301213c810b?s=96&d=mm&r=g\",\"url\":\"https:\\\/\\\/secure.gravatar.com\\\/avatar\\\/5964256d6c6957de3a3505278957e0fb2a35119ac47ea41827a65301213c810b?s=96&d=mm&r=g\",\"contentUrl\":\"https:\\\/\\\/secure.gravatar.com\\\/avatar\\\/5964256d6c6957de3a3505278957e0fb2a35119ac47ea41827a65301213c810b?s=96&d=mm&r=g\",\"caption\":\"Jacqueline ROTEN\"}}]}<\/script>\n<!-- \/ Yoast SEO plugin. -->","yoast_head_json":{"title":"Michel Heymann confi\u00f3 todos sus archivos musicales al IEMJ - Institut Europ\u00e9en des Musiques Juives","robots":{"index":"index","follow":"follow","max-snippet":"max-snippet:-1","max-image-preview":"max-image-preview:large","max-video-preview":"max-video-preview:-1"},"canonical":"https:\/\/www.iemj.org\/es\/michel-heymann-confie-lensemble-de-ses-archives-musicales-a-liemj\/","og_locale":"es_ES","og_type":"article","og_title":"Michel Heymann confi\u00f3 todos sus archivos musicales al IEMJ - Institut Europ\u00e9en des Musiques Juives","og_description":"Michel Heymann es uno de los \u00faltimos depositarios de la liturgia achkenazi del valle del Rin. Nacido en 1952 en Estrasburgo, aprendi\u00f3 la liturgia con Bertrand Joseph, antiguo ministro oficiante","og_url":"https:\/\/www.iemj.org\/es\/michel-heymann-confie-lensemble-de-ses-archives-musicales-a-liemj\/","og_site_name":"Institut Europ\u00e9en des Musiques Juives","article_publisher":"https:\/\/www.facebook.com\/MusiquesJuives\/","article_published_time":"2022-12-15T10:56:40+00:00","article_modified_time":"2025-03-27T14:35:57+00:00","og_image":[{"width":500,"height":500,"url":"https:\/\/www.iemj.org\/wp-content\/uploads\/2022\/12\/Logo-article-2.jpg","type":"image\/jpeg"}],"author":"Jacqueline ROTEN","twitter_card":"summary_large_image","twitter_misc":{"Escrito por":"Jacqueline ROTEN","Tiempo de lectura":"3 minutos"},"schema":{"@context":"https:\/\/schema.org","@graph":[{"@type":"Article","@id":"https:\/\/www.iemj.org\/es\/michel-heymann-confie-lensemble-de-ses-archives-musicales-a-liemj\/#article","isPartOf":{"@id":"https:\/\/www.iemj.org\/es\/michel-heymann-confie-lensemble-de-ses-archives-musicales-a-liemj\/"},"author":{"name":"Jacqueline ROTEN","@id":"https:\/\/www.iemj.org\/es\/#\/schema\/person\/358e26c18aca017fcc4cc15437f7279c"},"headline":"Michel Heymann confi\u00f3 todos sus archivos musicales al IEMJ","datePublished":"2022-12-15T10:56:40+00:00","dateModified":"2025-03-27T14:35:57+00:00","mainEntityOfPage":{"@id":"https:\/\/www.iemj.org\/es\/michel-heymann-confie-lensemble-de-ses-archives-musicales-a-liemj\/"},"wordCount":370,"publisher":{"@id":"https:\/\/www.iemj.org\/es\/#organization"},"image":{"@id":"https:\/\/www.iemj.org\/es\/michel-heymann-confie-lensemble-de-ses-archives-musicales-a-liemj\/#primaryimage"},"thumbnailUrl":"https:\/\/www.iemj.org\/wp-content\/uploads\/2022\/12\/Logo-article-2.jpg","articleSection":["Actualidades"],"inLanguage":"es"},{"@type":"WebPage","@id":"https:\/\/www.iemj.org\/es\/michel-heymann-confie-lensemble-de-ses-archives-musicales-a-liemj\/","url":"https:\/\/www.iemj.org\/es\/michel-heymann-confie-lensemble-de-ses-archives-musicales-a-liemj\/","name":"Michel Heymann confi\u00f3 todos sus archivos musicales al IEMJ - Institut Europ\u00e9en des Musiques Juives","isPartOf":{"@id":"https:\/\/www.iemj.org\/es\/#website"},"primaryImageOfPage":{"@id":"https:\/\/www.iemj.org\/es\/michel-heymann-confie-lensemble-de-ses-archives-musicales-a-liemj\/#primaryimage"},"image":{"@id":"https:\/\/www.iemj.org\/es\/michel-heymann-confie-lensemble-de-ses-archives-musicales-a-liemj\/#primaryimage"},"thumbnailUrl":"https:\/\/www.iemj.org\/wp-content\/uploads\/2022\/12\/Logo-article-2.jpg","datePublished":"2022-12-15T10:56:40+00:00","dateModified":"2025-03-27T14:35:57+00:00","breadcrumb":{"@id":"https:\/\/www.iemj.org\/es\/michel-heymann-confie-lensemble-de-ses-archives-musicales-a-liemj\/#breadcrumb"},"inLanguage":"es","potentialAction":[{"@type":"ReadAction","target":["https:\/\/www.iemj.org\/es\/michel-heymann-confie-lensemble-de-ses-archives-musicales-a-liemj\/"]}]},{"@type":"ImageObject","inLanguage":"es","@id":"https:\/\/www.iemj.org\/es\/michel-heymann-confie-lensemble-de-ses-archives-musicales-a-liemj\/#primaryimage","url":"https:\/\/www.iemj.org\/wp-content\/uploads\/2022\/12\/Logo-article-2.jpg","contentUrl":"https:\/\/www.iemj.org\/wp-content\/uploads\/2022\/12\/Logo-article-2.jpg","width":500,"height":500},{"@type":"BreadcrumbList","@id":"https:\/\/www.iemj.org\/es\/michel-heymann-confie-lensemble-de-ses-archives-musicales-a-liemj\/#breadcrumb","itemListElement":[{"@type":"ListItem","position":1,"name":"Accueil","item":"https:\/\/www.iemj.org\/es\/"},{"@type":"ListItem","position":2,"name":"Michel Heymann confi\u00f3 todos sus archivos musicales al IEMJ"}]},{"@type":"WebSite","@id":"https:\/\/www.iemj.org\/es\/#website","url":"https:\/\/www.iemj.org\/es\/","name":"Institut Europ\u00e9en des Musiques Juives","description":"Des traditions musicales \u00e0 la port\u00e9e de tous","publisher":{"@id":"https:\/\/www.iemj.org\/es\/#organization"},"potentialAction":[{"@type":"SearchAction","target":{"@type":"EntryPoint","urlTemplate":"https:\/\/www.iemj.org\/es\/?s={search_term_string}"},"query-input":{"@type":"PropertyValueSpecification","valueRequired":true,"valueName":"search_term_string"}}],"inLanguage":"es"},{"@type":"Organization","@id":"https:\/\/www.iemj.org\/es\/#organization","name":"Institut Europ\u00e9en des Musiques Juives","url":"https:\/\/www.iemj.org\/es\/","logo":{"@type":"ImageObject","inLanguage":"es","@id":"https:\/\/www.iemj.org\/es\/#\/schema\/logo\/image\/","url":"https:\/\/www.iemj.org\/wp-content\/uploads\/2021\/09\/Logo-IEMJ-Paypal.jpg","contentUrl":"https:\/\/www.iemj.org\/wp-content\/uploads\/2021\/09\/Logo-IEMJ-Paypal.jpg","width":150,"height":50,"caption":"Institut Europ\u00e9en des Musiques Juives"},"image":{"@id":"https:\/\/www.iemj.org\/es\/#\/schema\/logo\/image\/"},"sameAs":["https:\/\/www.facebook.com\/MusiquesJuives\/","https:\/\/www.instagram.com\/musiquesjuives\/","https:\/\/www.youtube.com\/user\/musiquesjuives"]},{"@type":"Person","@id":"https:\/\/www.iemj.org\/es\/#\/schema\/person\/358e26c18aca017fcc4cc15437f7279c","name":"Jacqueline ROTEN","image":{"@type":"ImageObject","inLanguage":"es","@id":"https:\/\/secure.gravatar.com\/avatar\/5964256d6c6957de3a3505278957e0fb2a35119ac47ea41827a65301213c810b?s=96&d=mm&r=g","url":"https:\/\/secure.gravatar.com\/avatar\/5964256d6c6957de3a3505278957e0fb2a35119ac47ea41827a65301213c810b?s=96&d=mm&r=g","contentUrl":"https:\/\/secure.gravatar.com\/avatar\/5964256d6c6957de3a3505278957e0fb2a35119ac47ea41827a65301213c810b?s=96&d=mm&r=g","caption":"Jacqueline ROTEN"}}]}},"_links":{"self":[{"href":"https:\/\/www.iemj.org\/es\/wp-json\/wp\/v2\/posts\/91186","targetHints":{"allow":["GET"]}}],"collection":[{"href":"https:\/\/www.iemj.org\/es\/wp-json\/wp\/v2\/posts"}],"about":[{"href":"https:\/\/www.iemj.org\/es\/wp-json\/wp\/v2\/types\/post"}],"author":[{"embeddable":true,"href":"https:\/\/www.iemj.org\/es\/wp-json\/wp\/v2\/users\/5"}],"replies":[{"embeddable":true,"href":"https:\/\/www.iemj.org\/es\/wp-json\/wp\/v2\/comments?post=91186"}],"version-history":[{"count":0,"href":"https:\/\/www.iemj.org\/es\/wp-json\/wp\/v2\/posts\/91186\/revisions"}],"wp:featuredmedia":[{"embeddable":true,"href":"https:\/\/www.iemj.org\/es\/wp-json\/wp\/v2\/media\/91120"}],"wp:attachment":[{"href":"https:\/\/www.iemj.org\/es\/wp-json\/wp\/v2\/media?parent=91186"}],"wp:term":[{"taxonomy":"category","embeddable":true,"href":"https:\/\/www.iemj.org\/es\/wp-json\/wp\/v2\/categories?post=91186"},{"taxonomy":"post_tag","embeddable":true,"href":"https:\/\/www.iemj.org\/es\/wp-json\/wp\/v2\/tags?post=91186"},{"taxonomy":"technique","embeddable":true,"href":"https:\/\/www.iemj.org\/es\/wp-json\/wp\/v2\/technique?post=91186"},{"taxonomy":"squelettes","embeddable":true,"href":"https:\/\/www.iemj.org\/es\/wp-json\/wp\/v2\/squelettes?post=91186"},{"taxonomy":"sujet","embeddable":true,"href":"https:\/\/www.iemj.org\/es\/wp-json\/wp\/v2\/sujet?post=91186"},{"taxonomy":"formation","embeddable":true,"href":"https:\/\/www.iemj.org\/es\/wp-json\/wp\/v2\/formation?post=91186"},{"taxonomy":"genre","embeddable":true,"href":"https:\/\/www.iemj.org\/es\/wp-json\/wp\/v2\/genre?post=91186"},{"taxonomy":"fonds","embeddable":true,"href":"https:\/\/www.iemj.org\/es\/wp-json\/wp\/v2\/fonds?post=91186"},{"taxonomy":"tradition","embeddable":true,"href":"https:\/\/www.iemj.org\/es\/wp-json\/wp\/v2\/tradition?post=91186"},{"taxonomy":"type-de-contenu","embeddable":true,"href":"https:\/\/www.iemj.org\/es\/wp-json\/wp\/v2\/type-de-contenu?post=91186"},{"taxonomy":"interprete-compositeur","embeddable":true,"href":"https:\/\/www.iemj.org\/es\/wp-json\/wp\/v2\/interprete-compositeur?post=91186"},{"taxonomy":"frise","embeddable":true,"href":"https:\/\/www.iemj.org\/es\/wp-json\/wp\/v2\/frise?post=91186"},{"taxonomy":"type-devenement","embeddable":true,"href":"https:\/\/www.iemj.org\/es\/wp-json\/wp\/v2\/type-devenement?post=91186"},{"taxonomy":"tableaux-liens-externes","embeddable":true,"href":"https:\/\/www.iemj.org\/es\/wp-json\/wp\/v2\/tableaux-liens-externes?post=91186"}],"curies":[{"name":"wp","href":"https:\/\/api.w.org\/{rel}","templated":true}]}}