{"id":91358,"date":"2022-12-27T17:17:47","date_gmt":"2022-12-27T16:17:47","guid":{"rendered":"https:\/\/www.iemj.org\/les-affiches-de-concert-de-jacques-chalude-dit-ben-baruch\/"},"modified":"2023-01-30T11:35:25","modified_gmt":"2023-01-30T10:35:25","slug":"les-affiches-de-concert-de-jacques-chalude-dit-ben-baruch","status":"publish","type":"post","link":"https:\/\/www.iemj.org\/es\/les-affiches-de-concert-de-jacques-chalude-dit-ben-baruch\/","title":{"rendered":"Los carteles de conciertos de Jacques Chalude, conocido como Ben Baruch"},"content":{"rendered":"\n<p>Donado al IEMJ en 2015 por su hijo Jo\u00ebl Chalude, la <a href=\"https:\/\/www.iemj.org\/es\/fonds-jacques-chalude-dit-ben-baruch\/\" target=\"_blank\" rel=\"noreferrer noopener\">colecci\u00f3n de los archivos de Jacques Chalude, tambi\u00e9n conocido como Ben Baruch<\/a>, comprende m\u00e1s de 440 documentos, entre ellos magn\u00edficos discos de 78 rpm pintados, partituras de canciones y liturgias en \u00eddish, as\u00ed como cerca de un centenar de carteles de conciertos y recortes de prensa de los a\u00f1os 1930 a 1980.<\/p>\n\n\n\n<p>Nacido el 20 de septiembre de 1914 en Staeiszyn, en la regi\u00f3n polaca de Kalisz, en el seno de una familia religiosa, Yitshak Zaludkowski y su familia se trasladaron a Bruselas en 1919. En 1940, poco despu\u00e9s de la invasi\u00f3n alemana de B\u00e9lgica, se exili\u00f3 en Francia y adopt\u00f3 el nombre de Jacques Chalude. Durante la guerra, continu\u00f3 sus estudios de canto l\u00edrico y actu\u00f3 en varios escenarios. Al final de la guerra, de vuelta en Par\u00eds, se convierte en solista en la Radiodiffusion fran\u00e7aise (la Compa\u00f1\u00eda Francesa de Radiodifusi\u00f3n).<\/p>\n\n\n\n<p>En 1945, contratado bajo el nombre de Ben Baruch en el Habibi Club que dirig\u00eda Sigmunt Berland en Par\u00eds, interpret\u00f3 un repertorio compuesto principalmente por canciones en yiddish y hebreo. Pero a partir de 1952, decidi\u00f3 dar prioridad al canto religioso y actu\u00f3 como hazzan, sobre todo en la sinagoga Notre-Dame-de-Nazareth, donde ofici\u00f3 hasta 1976. Muri\u00f3 en Par\u00eds en 1997.<\/p>\n\n\n\n<p>A lo largo de su carrera, Ben Baruch ha interpretado diversos estilos musicales: desde \u00f3pera hasta canciones de cabaret en yiddish, desde liturgia jud\u00eda polaca hasta melod\u00edas del consistorio asquenaz\u00ed.<\/p>\n\n\n\n<p>El montaje de v\u00eddeo \u00abBen Baruch en la cartelera\u00bb, que ofrecemos a continuaci\u00f3n, recorre la carrera de este extraordinario cantante a trav\u00e9s de una selecci\u00f3n de carteles, m\u00fasica y fotograf\u00edas.<\/p>\n\n\n\n<p><a href=\"https:\/\/www.iemj.org\/es\/chalude-jacques-dit-ben-baruch-1914-1997\/\" target=\"_blank\" rel=\"noreferrer noopener\">Leer la biograf\u00eda de Ben Baruch<\/a><\/p>\n\n\n\n<p><a href=\"https:\/\/www.iemj.org\/es\/fonds-jacques-chalude-dit-ben-baruch\/\" target=\"_blank\" rel=\"noreferrer noopener\">Consultar los archivos de Jacques Chalude, conocido como Ben Baruch<\/a><\/p>\n\n\n\n<p><a href=\"https:\/\/www.iemj.org\/es\/les-disques-78-tours-peints-de-ben-baruch\/\" target=\"_blank\" rel=\"noreferrer noopener\">Descubrir los discos pintados de Ben Baruch<\/a><\/p>\n\n\n\n<p><a href=\"https:\/\/www.iemj.org\/jacques-chalude-dit-ben-baruch-lartiste-aux-multiples-facettes\/\" target=\"_blank\" rel=\"noreferrer noopener\">Escuchar el programa de radio Jacques Chalude, alias Ben Baruch: el artista polifac\u00e9tico (en franc\u00e9s)<\/a><\/p>\n\n\n\n<p><a href=\"https:\/\/www.iemj.org\/es\/produit\/casket-of-the-jewish-musics-in-paris-in-the-aftermath-of-ww-ii\/\">Comprar la colecci\u00f3n \u00abLa m\u00fasica jud\u00eda en el Par\u00eds de la posguerra &#8211; Elesdisc 1948-1953, coll Archives, vol. II. 1 \u00e0 6.<\/a><\/p>\n\n\n\n<figure class=\"wp-block-embed is-type-video is-provider-youtube wp-block-embed-youtube wp-embed-aspect-4-3 wp-has-aspect-ratio\"><div class=\"wp-block-embed__wrapper\">\n<iframe title=\"LES AFFICHES DE CONCERTS DE JACQUES CHALUDE, DIT BEN BARUCH\" width=\"640\" height=\"480\" src=\"https:\/\/www.youtube.com\/embed\/UpSRw9UbGrM?feature=oembed\" frameborder=\"0\" allow=\"accelerometer; autoplay; clipboard-write; encrypted-media; gyroscope; picture-in-picture; web-share\" referrerpolicy=\"strict-origin-when-cross-origin\" allowfullscreen><\/iframe>\n<\/div><figcaption class=\"wp-element-caption\"><strong>Ben Baruch \u00e0 l\u2019affiche<\/strong> <strong><em>(Ben Baruch en el punto de mira)<\/em><\/strong><\/figcaption><\/figure>\n","protected":false},"excerpt":{"rendered":"<p>Donado al IEMJ en 2015 por su hijo Jo\u00ebl Chalude, la colecci\u00f3n de los archivos de Jacques Chalude, tambi\u00e9n conocido como Ben Baruch, comprende m\u00e1s de 440 documentos, entre ellos<\/p>\n","protected":false},"author":5,"featured_media":91354,"comment_status":"closed","ping_status":"closed","sticky":false,"template":"","format":"standard","meta":{"_acf_changed":false,"footnotes":""},"categories":[1566],"tags":[],"technique":[],"squelettes":[],"sujet":[],"formation":[],"genre":[],"fonds":[],"tradition":[],"type-de-contenu":[],"interprete-compositeur":[3102],"frise":[],"type-devenement":[],"tableaux-liens-externes":[],"class_list":["post-91358","post","type-post","status-publish","format-standard","has-post-thumbnail","hentry","category-imprescindibles-es","interprete-compositeur-ben-baruch-es"],"acf":[],"yoast_head":"<!-- This site is optimized with the Yoast SEO plugin v27.3 - https:\/\/yoast.com\/product\/yoast-seo-wordpress\/ -->\n<title>Los carteles de conciertos de Jacques Chalude, conocido como Ben Baruch - Institut Europ\u00e9en des Musiques Juives<\/title>\n<meta name=\"robots\" content=\"index, follow, max-snippet:-1, max-image-preview:large, max-video-preview:-1\" \/>\n<link rel=\"canonical\" href=\"https:\/\/www.iemj.org\/es\/les-affiches-de-concert-de-jacques-chalude-dit-ben-baruch\/\" \/>\n<meta property=\"og:locale\" content=\"es_ES\" \/>\n<meta property=\"og:type\" content=\"article\" \/>\n<meta property=\"og:title\" content=\"Los carteles de conciertos de Jacques Chalude, conocido como Ben Baruch - Institut Europ\u00e9en des Musiques Juives\" \/>\n<meta property=\"og:description\" content=\"Donado al IEMJ en 2015 por su hijo Jo\u00ebl Chalude, la colecci\u00f3n de los archivos de Jacques Chalude, tambi\u00e9n conocido como Ben Baruch, comprende m\u00e1s de 440 documentos, entre ellos\" \/>\n<meta property=\"og:url\" content=\"https:\/\/www.iemj.org\/es\/les-affiches-de-concert-de-jacques-chalude-dit-ben-baruch\/\" \/>\n<meta property=\"og:site_name\" content=\"Institut Europ\u00e9en des Musiques Juives\" \/>\n<meta property=\"article:publisher\" content=\"https:\/\/www.facebook.com\/MusiquesJuives\/\" \/>\n<meta property=\"article:published_time\" content=\"2022-12-27T16:17:47+00:00\" \/>\n<meta property=\"article:modified_time\" content=\"2023-01-30T10:35:25+00:00\" \/>\n<meta property=\"og:image\" content=\"https:\/\/www.iemj.org\/wp-content\/uploads\/2022\/12\/Logo-article-3.jpg\" \/>\n\t<meta property=\"og:image:width\" content=\"500\" \/>\n\t<meta property=\"og:image:height\" content=\"500\" \/>\n\t<meta property=\"og:image:type\" content=\"image\/jpeg\" \/>\n<meta name=\"author\" content=\"Jacqueline ROTEN\" \/>\n<meta name=\"twitter:card\" content=\"summary_large_image\" \/>\n<meta name=\"twitter:label1\" content=\"Escrito por\" \/>\n\t<meta name=\"twitter:data1\" content=\"Jacqueline ROTEN\" \/>\n\t<meta name=\"twitter:label2\" content=\"Tiempo de lectura\" \/>\n\t<meta name=\"twitter:data2\" content=\"2 minutos\" \/>\n<script type=\"application\/ld+json\" class=\"yoast-schema-graph\">{\"@context\":\"https:\\\/\\\/schema.org\",\"@graph\":[{\"@type\":\"Article\",\"@id\":\"https:\\\/\\\/www.iemj.org\\\/es\\\/les-affiches-de-concert-de-jacques-chalude-dit-ben-baruch\\\/#article\",\"isPartOf\":{\"@id\":\"https:\\\/\\\/www.iemj.org\\\/es\\\/les-affiches-de-concert-de-jacques-chalude-dit-ben-baruch\\\/\"},\"author\":{\"name\":\"Jacqueline ROTEN\",\"@id\":\"https:\\\/\\\/www.iemj.org\\\/es\\\/#\\\/schema\\\/person\\\/358e26c18aca017fcc4cc15437f7279c\"},\"headline\":\"Los carteles de conciertos de Jacques Chalude, conocido como Ben Baruch\",\"datePublished\":\"2022-12-27T16:17:47+00:00\",\"dateModified\":\"2023-01-30T10:35:25+00:00\",\"mainEntityOfPage\":{\"@id\":\"https:\\\/\\\/www.iemj.org\\\/es\\\/les-affiches-de-concert-de-jacques-chalude-dit-ben-baruch\\\/\"},\"wordCount\":387,\"publisher\":{\"@id\":\"https:\\\/\\\/www.iemj.org\\\/es\\\/#organization\"},\"image\":{\"@id\":\"https:\\\/\\\/www.iemj.org\\\/es\\\/les-affiches-de-concert-de-jacques-chalude-dit-ben-baruch\\\/#primaryimage\"},\"thumbnailUrl\":\"https:\\\/\\\/www.iemj.org\\\/wp-content\\\/uploads\\\/2022\\\/12\\\/Logo-article-3.jpg\",\"articleSection\":[\"Imprescindibles\"],\"inLanguage\":\"es\"},{\"@type\":\"WebPage\",\"@id\":\"https:\\\/\\\/www.iemj.org\\\/es\\\/les-affiches-de-concert-de-jacques-chalude-dit-ben-baruch\\\/\",\"url\":\"https:\\\/\\\/www.iemj.org\\\/es\\\/les-affiches-de-concert-de-jacques-chalude-dit-ben-baruch\\\/\",\"name\":\"Los carteles de conciertos de Jacques Chalude, conocido como Ben Baruch - Institut Europ\u00e9en des Musiques Juives\",\"isPartOf\":{\"@id\":\"https:\\\/\\\/www.iemj.org\\\/es\\\/#website\"},\"primaryImageOfPage\":{\"@id\":\"https:\\\/\\\/www.iemj.org\\\/es\\\/les-affiches-de-concert-de-jacques-chalude-dit-ben-baruch\\\/#primaryimage\"},\"image\":{\"@id\":\"https:\\\/\\\/www.iemj.org\\\/es\\\/les-affiches-de-concert-de-jacques-chalude-dit-ben-baruch\\\/#primaryimage\"},\"thumbnailUrl\":\"https:\\\/\\\/www.iemj.org\\\/wp-content\\\/uploads\\\/2022\\\/12\\\/Logo-article-3.jpg\",\"datePublished\":\"2022-12-27T16:17:47+00:00\",\"dateModified\":\"2023-01-30T10:35:25+00:00\",\"breadcrumb\":{\"@id\":\"https:\\\/\\\/www.iemj.org\\\/es\\\/les-affiches-de-concert-de-jacques-chalude-dit-ben-baruch\\\/#breadcrumb\"},\"inLanguage\":\"es\",\"potentialAction\":[{\"@type\":\"ReadAction\",\"target\":[\"https:\\\/\\\/www.iemj.org\\\/es\\\/les-affiches-de-concert-de-jacques-chalude-dit-ben-baruch\\\/\"]}]},{\"@type\":\"ImageObject\",\"inLanguage\":\"es\",\"@id\":\"https:\\\/\\\/www.iemj.org\\\/es\\\/les-affiches-de-concert-de-jacques-chalude-dit-ben-baruch\\\/#primaryimage\",\"url\":\"https:\\\/\\\/www.iemj.org\\\/wp-content\\\/uploads\\\/2022\\\/12\\\/Logo-article-3.jpg\",\"contentUrl\":\"https:\\\/\\\/www.iemj.org\\\/wp-content\\\/uploads\\\/2022\\\/12\\\/Logo-article-3.jpg\",\"width\":500,\"height\":500},{\"@type\":\"BreadcrumbList\",\"@id\":\"https:\\\/\\\/www.iemj.org\\\/es\\\/les-affiches-de-concert-de-jacques-chalude-dit-ben-baruch\\\/#breadcrumb\",\"itemListElement\":[{\"@type\":\"ListItem\",\"position\":1,\"name\":\"Accueil\",\"item\":\"https:\\\/\\\/www.iemj.org\\\/es\\\/\"},{\"@type\":\"ListItem\",\"position\":2,\"name\":\"Los carteles de conciertos de Jacques Chalude, conocido como Ben Baruch\"}]},{\"@type\":\"WebSite\",\"@id\":\"https:\\\/\\\/www.iemj.org\\\/es\\\/#website\",\"url\":\"https:\\\/\\\/www.iemj.org\\\/es\\\/\",\"name\":\"Institut Europ\u00e9en des Musiques Juives\",\"description\":\"Des traditions musicales \u00e0 la port\u00e9e de tous\",\"publisher\":{\"@id\":\"https:\\\/\\\/www.iemj.org\\\/es\\\/#organization\"},\"potentialAction\":[{\"@type\":\"SearchAction\",\"target\":{\"@type\":\"EntryPoint\",\"urlTemplate\":\"https:\\\/\\\/www.iemj.org\\\/es\\\/?s={search_term_string}\"},\"query-input\":{\"@type\":\"PropertyValueSpecification\",\"valueRequired\":true,\"valueName\":\"search_term_string\"}}],\"inLanguage\":\"es\"},{\"@type\":\"Organization\",\"@id\":\"https:\\\/\\\/www.iemj.org\\\/es\\\/#organization\",\"name\":\"Institut Europ\u00e9en des Musiques Juives\",\"url\":\"https:\\\/\\\/www.iemj.org\\\/es\\\/\",\"logo\":{\"@type\":\"ImageObject\",\"inLanguage\":\"es\",\"@id\":\"https:\\\/\\\/www.iemj.org\\\/es\\\/#\\\/schema\\\/logo\\\/image\\\/\",\"url\":\"https:\\\/\\\/www.iemj.org\\\/wp-content\\\/uploads\\\/2021\\\/09\\\/Logo-IEMJ-Paypal.jpg\",\"contentUrl\":\"https:\\\/\\\/www.iemj.org\\\/wp-content\\\/uploads\\\/2021\\\/09\\\/Logo-IEMJ-Paypal.jpg\",\"width\":150,\"height\":50,\"caption\":\"Institut Europ\u00e9en des Musiques Juives\"},\"image\":{\"@id\":\"https:\\\/\\\/www.iemj.org\\\/es\\\/#\\\/schema\\\/logo\\\/image\\\/\"},\"sameAs\":[\"https:\\\/\\\/www.facebook.com\\\/MusiquesJuives\\\/\",\"https:\\\/\\\/www.instagram.com\\\/musiquesjuives\\\/\",\"https:\\\/\\\/www.youtube.com\\\/user\\\/musiquesjuives\"]},{\"@type\":\"Person\",\"@id\":\"https:\\\/\\\/www.iemj.org\\\/es\\\/#\\\/schema\\\/person\\\/358e26c18aca017fcc4cc15437f7279c\",\"name\":\"Jacqueline ROTEN\",\"image\":{\"@type\":\"ImageObject\",\"inLanguage\":\"es\",\"@id\":\"https:\\\/\\\/secure.gravatar.com\\\/avatar\\\/5964256d6c6957de3a3505278957e0fb2a35119ac47ea41827a65301213c810b?s=96&d=mm&r=g\",\"url\":\"https:\\\/\\\/secure.gravatar.com\\\/avatar\\\/5964256d6c6957de3a3505278957e0fb2a35119ac47ea41827a65301213c810b?s=96&d=mm&r=g\",\"contentUrl\":\"https:\\\/\\\/secure.gravatar.com\\\/avatar\\\/5964256d6c6957de3a3505278957e0fb2a35119ac47ea41827a65301213c810b?s=96&d=mm&r=g\",\"caption\":\"Jacqueline ROTEN\"}}]}<\/script>\n<!-- \/ Yoast SEO plugin. -->","yoast_head_json":{"title":"Los carteles de conciertos de Jacques Chalude, conocido como Ben Baruch - Institut Europ\u00e9en des Musiques Juives","robots":{"index":"index","follow":"follow","max-snippet":"max-snippet:-1","max-image-preview":"max-image-preview:large","max-video-preview":"max-video-preview:-1"},"canonical":"https:\/\/www.iemj.org\/es\/les-affiches-de-concert-de-jacques-chalude-dit-ben-baruch\/","og_locale":"es_ES","og_type":"article","og_title":"Los carteles de conciertos de Jacques Chalude, conocido como Ben Baruch - Institut Europ\u00e9en des Musiques Juives","og_description":"Donado al IEMJ en 2015 por su hijo Jo\u00ebl Chalude, la colecci\u00f3n de los archivos de Jacques Chalude, tambi\u00e9n conocido como Ben Baruch, comprende m\u00e1s de 440 documentos, entre ellos","og_url":"https:\/\/www.iemj.org\/es\/les-affiches-de-concert-de-jacques-chalude-dit-ben-baruch\/","og_site_name":"Institut Europ\u00e9en des Musiques Juives","article_publisher":"https:\/\/www.facebook.com\/MusiquesJuives\/","article_published_time":"2022-12-27T16:17:47+00:00","article_modified_time":"2023-01-30T10:35:25+00:00","og_image":[{"width":500,"height":500,"url":"https:\/\/www.iemj.org\/wp-content\/uploads\/2022\/12\/Logo-article-3.jpg","type":"image\/jpeg"}],"author":"Jacqueline ROTEN","twitter_card":"summary_large_image","twitter_misc":{"Escrito por":"Jacqueline ROTEN","Tiempo de lectura":"2 minutos"},"schema":{"@context":"https:\/\/schema.org","@graph":[{"@type":"Article","@id":"https:\/\/www.iemj.org\/es\/les-affiches-de-concert-de-jacques-chalude-dit-ben-baruch\/#article","isPartOf":{"@id":"https:\/\/www.iemj.org\/es\/les-affiches-de-concert-de-jacques-chalude-dit-ben-baruch\/"},"author":{"name":"Jacqueline ROTEN","@id":"https:\/\/www.iemj.org\/es\/#\/schema\/person\/358e26c18aca017fcc4cc15437f7279c"},"headline":"Los carteles de conciertos de Jacques Chalude, conocido como Ben Baruch","datePublished":"2022-12-27T16:17:47+00:00","dateModified":"2023-01-30T10:35:25+00:00","mainEntityOfPage":{"@id":"https:\/\/www.iemj.org\/es\/les-affiches-de-concert-de-jacques-chalude-dit-ben-baruch\/"},"wordCount":387,"publisher":{"@id":"https:\/\/www.iemj.org\/es\/#organization"},"image":{"@id":"https:\/\/www.iemj.org\/es\/les-affiches-de-concert-de-jacques-chalude-dit-ben-baruch\/#primaryimage"},"thumbnailUrl":"https:\/\/www.iemj.org\/wp-content\/uploads\/2022\/12\/Logo-article-3.jpg","articleSection":["Imprescindibles"],"inLanguage":"es"},{"@type":"WebPage","@id":"https:\/\/www.iemj.org\/es\/les-affiches-de-concert-de-jacques-chalude-dit-ben-baruch\/","url":"https:\/\/www.iemj.org\/es\/les-affiches-de-concert-de-jacques-chalude-dit-ben-baruch\/","name":"Los carteles de conciertos de Jacques Chalude, conocido como Ben Baruch - Institut Europ\u00e9en des Musiques Juives","isPartOf":{"@id":"https:\/\/www.iemj.org\/es\/#website"},"primaryImageOfPage":{"@id":"https:\/\/www.iemj.org\/es\/les-affiches-de-concert-de-jacques-chalude-dit-ben-baruch\/#primaryimage"},"image":{"@id":"https:\/\/www.iemj.org\/es\/les-affiches-de-concert-de-jacques-chalude-dit-ben-baruch\/#primaryimage"},"thumbnailUrl":"https:\/\/www.iemj.org\/wp-content\/uploads\/2022\/12\/Logo-article-3.jpg","datePublished":"2022-12-27T16:17:47+00:00","dateModified":"2023-01-30T10:35:25+00:00","breadcrumb":{"@id":"https:\/\/www.iemj.org\/es\/les-affiches-de-concert-de-jacques-chalude-dit-ben-baruch\/#breadcrumb"},"inLanguage":"es","potentialAction":[{"@type":"ReadAction","target":["https:\/\/www.iemj.org\/es\/les-affiches-de-concert-de-jacques-chalude-dit-ben-baruch\/"]}]},{"@type":"ImageObject","inLanguage":"es","@id":"https:\/\/www.iemj.org\/es\/les-affiches-de-concert-de-jacques-chalude-dit-ben-baruch\/#primaryimage","url":"https:\/\/www.iemj.org\/wp-content\/uploads\/2022\/12\/Logo-article-3.jpg","contentUrl":"https:\/\/www.iemj.org\/wp-content\/uploads\/2022\/12\/Logo-article-3.jpg","width":500,"height":500},{"@type":"BreadcrumbList","@id":"https:\/\/www.iemj.org\/es\/les-affiches-de-concert-de-jacques-chalude-dit-ben-baruch\/#breadcrumb","itemListElement":[{"@type":"ListItem","position":1,"name":"Accueil","item":"https:\/\/www.iemj.org\/es\/"},{"@type":"ListItem","position":2,"name":"Los carteles de conciertos de Jacques Chalude, conocido como Ben Baruch"}]},{"@type":"WebSite","@id":"https:\/\/www.iemj.org\/es\/#website","url":"https:\/\/www.iemj.org\/es\/","name":"Institut Europ\u00e9en des Musiques Juives","description":"Des traditions musicales \u00e0 la port\u00e9e de tous","publisher":{"@id":"https:\/\/www.iemj.org\/es\/#organization"},"potentialAction":[{"@type":"SearchAction","target":{"@type":"EntryPoint","urlTemplate":"https:\/\/www.iemj.org\/es\/?s={search_term_string}"},"query-input":{"@type":"PropertyValueSpecification","valueRequired":true,"valueName":"search_term_string"}}],"inLanguage":"es"},{"@type":"Organization","@id":"https:\/\/www.iemj.org\/es\/#organization","name":"Institut Europ\u00e9en des Musiques Juives","url":"https:\/\/www.iemj.org\/es\/","logo":{"@type":"ImageObject","inLanguage":"es","@id":"https:\/\/www.iemj.org\/es\/#\/schema\/logo\/image\/","url":"https:\/\/www.iemj.org\/wp-content\/uploads\/2021\/09\/Logo-IEMJ-Paypal.jpg","contentUrl":"https:\/\/www.iemj.org\/wp-content\/uploads\/2021\/09\/Logo-IEMJ-Paypal.jpg","width":150,"height":50,"caption":"Institut Europ\u00e9en des Musiques Juives"},"image":{"@id":"https:\/\/www.iemj.org\/es\/#\/schema\/logo\/image\/"},"sameAs":["https:\/\/www.facebook.com\/MusiquesJuives\/","https:\/\/www.instagram.com\/musiquesjuives\/","https:\/\/www.youtube.com\/user\/musiquesjuives"]},{"@type":"Person","@id":"https:\/\/www.iemj.org\/es\/#\/schema\/person\/358e26c18aca017fcc4cc15437f7279c","name":"Jacqueline ROTEN","image":{"@type":"ImageObject","inLanguage":"es","@id":"https:\/\/secure.gravatar.com\/avatar\/5964256d6c6957de3a3505278957e0fb2a35119ac47ea41827a65301213c810b?s=96&d=mm&r=g","url":"https:\/\/secure.gravatar.com\/avatar\/5964256d6c6957de3a3505278957e0fb2a35119ac47ea41827a65301213c810b?s=96&d=mm&r=g","contentUrl":"https:\/\/secure.gravatar.com\/avatar\/5964256d6c6957de3a3505278957e0fb2a35119ac47ea41827a65301213c810b?s=96&d=mm&r=g","caption":"Jacqueline ROTEN"}}]}},"_links":{"self":[{"href":"https:\/\/www.iemj.org\/es\/wp-json\/wp\/v2\/posts\/91358","targetHints":{"allow":["GET"]}}],"collection":[{"href":"https:\/\/www.iemj.org\/es\/wp-json\/wp\/v2\/posts"}],"about":[{"href":"https:\/\/www.iemj.org\/es\/wp-json\/wp\/v2\/types\/post"}],"author":[{"embeddable":true,"href":"https:\/\/www.iemj.org\/es\/wp-json\/wp\/v2\/users\/5"}],"replies":[{"embeddable":true,"href":"https:\/\/www.iemj.org\/es\/wp-json\/wp\/v2\/comments?post=91358"}],"version-history":[{"count":0,"href":"https:\/\/www.iemj.org\/es\/wp-json\/wp\/v2\/posts\/91358\/revisions"}],"wp:featuredmedia":[{"embeddable":true,"href":"https:\/\/www.iemj.org\/es\/wp-json\/wp\/v2\/media\/91354"}],"wp:attachment":[{"href":"https:\/\/www.iemj.org\/es\/wp-json\/wp\/v2\/media?parent=91358"}],"wp:term":[{"taxonomy":"category","embeddable":true,"href":"https:\/\/www.iemj.org\/es\/wp-json\/wp\/v2\/categories?post=91358"},{"taxonomy":"post_tag","embeddable":true,"href":"https:\/\/www.iemj.org\/es\/wp-json\/wp\/v2\/tags?post=91358"},{"taxonomy":"technique","embeddable":true,"href":"https:\/\/www.iemj.org\/es\/wp-json\/wp\/v2\/technique?post=91358"},{"taxonomy":"squelettes","embeddable":true,"href":"https:\/\/www.iemj.org\/es\/wp-json\/wp\/v2\/squelettes?post=91358"},{"taxonomy":"sujet","embeddable":true,"href":"https:\/\/www.iemj.org\/es\/wp-json\/wp\/v2\/sujet?post=91358"},{"taxonomy":"formation","embeddable":true,"href":"https:\/\/www.iemj.org\/es\/wp-json\/wp\/v2\/formation?post=91358"},{"taxonomy":"genre","embeddable":true,"href":"https:\/\/www.iemj.org\/es\/wp-json\/wp\/v2\/genre?post=91358"},{"taxonomy":"fonds","embeddable":true,"href":"https:\/\/www.iemj.org\/es\/wp-json\/wp\/v2\/fonds?post=91358"},{"taxonomy":"tradition","embeddable":true,"href":"https:\/\/www.iemj.org\/es\/wp-json\/wp\/v2\/tradition?post=91358"},{"taxonomy":"type-de-contenu","embeddable":true,"href":"https:\/\/www.iemj.org\/es\/wp-json\/wp\/v2\/type-de-contenu?post=91358"},{"taxonomy":"interprete-compositeur","embeddable":true,"href":"https:\/\/www.iemj.org\/es\/wp-json\/wp\/v2\/interprete-compositeur?post=91358"},{"taxonomy":"frise","embeddable":true,"href":"https:\/\/www.iemj.org\/es\/wp-json\/wp\/v2\/frise?post=91358"},{"taxonomy":"type-devenement","embeddable":true,"href":"https:\/\/www.iemj.org\/es\/wp-json\/wp\/v2\/type-devenement?post=91358"},{"taxonomy":"tableaux-liens-externes","embeddable":true,"href":"https:\/\/www.iemj.org\/es\/wp-json\/wp\/v2\/tableaux-liens-externes?post=91358"}],"curies":[{"name":"wp","href":"https:\/\/api.w.org\/{rel}","templated":true}]}}