{"id":91683,"date":"2018-05-14T14:57:11","date_gmt":"2018-05-14T12:57:11","guid":{"rendered":"https:\/\/www.iemj.org\/sirba-orchestra\/"},"modified":"2025-09-09T16:46:23","modified_gmt":"2025-09-09T14:46:23","slug":"sirba-orchestra","status":"publish","type":"post","link":"https:\/\/www.iemj.org\/es\/sirba-orchestra\/","title":{"rendered":"Sirba Orchestra !"},"content":{"rendered":"<p>Sirba Orchestra ! Un encuentro entre el Sirba Octet, una orquesta sinf\u00f3nica y uno de los mayores int\u00e9rpretes de balalaika, Nicolas Kedroff. Un florilegio de los temas m\u00e1s bonitos de cabaret gitano y de m\u00fasica klezmer !<\/p>\n<p>Un proyecto musical en que el <strong>Sirba Octet<\/strong> invita a<strong> Nicolas Kedroff<\/strong> y su instrumento m\u00e1gico de Rusia, la balalaika para sublimar algunas pistas, y la <strong>Orquesta Filarm\u00f3nica Real de Lieja<\/strong> bajo la direcci\u00f3n de <strong>Christian Arming<\/strong> por una ruta sin fronteras con acentos m\u00faltiples, festivos, melanc\u00f3licos o apasionados..<\/p>\n<p>Se contestan por turnos en un cabaret de melod\u00edas rusas y gitanas que celebra las canciones de amor y los romances imprescindibles de este repertorio, con pistas de m\u00fasica folcl\u00f3rica jud\u00eda o de jazz yiddish. <em>Gayen zay in shvartze reien<\/em>, un canto del gueto, parte central del programa, luminoso y conmovedor, poema transcrito por primera vez para orquesta, agrupa todas las emociones intensas de historias de esas culturas.<\/p>\n<p>Sirba Octet prosigue en este nuevo \u00e1lbum su encuentro entre tradici\u00f3n oral y tradici\u00f3n escrita, combina el cl\u00e1sico y las m\u00fasicas del mundo en arreglos in\u00e9ditos que tienen desde hace 15 a\u00f1os la caracter\u00edstica del universo del conjunto : la del \u201cClassic World\u201d.<\/p>\n<p><a href=\"https:\/\/www.sirbaoctet.com\/en\/programme\/sirba-orchestra\/\" target=\"_blank\" rel=\"noopener\">M\u00e1s informaci\u00f3n<\/a><br \/><a href=\"https:\/\/www.sirbaoctet.com\/en\/disque\/sirba-orchestra\/\" target=\"_blank\" rel=\"noopener\">Pedir el CD<\/a><br \/><a href=\"https:\/\/www.iemj.org\/interprete-compositor\/sirba-octet-es\/\" target=\"_blank\" rel=\"noopener\">Descubra los otros CD de Sirba Octet<\/a><br \/><a href=\"https:\/\/www.iemj.org\/es\/les-chemins-du-klezmer-sirba-octet-ou-la-classique-world\/\">Escuchar el programa de radio de Herv\u00e9 Roten : Los caminos del klezmer : Sirba Octet o la Cl\u00e1sica World<\/a><\/p>\n\n<div class=\"wp-block-image\">\n<figure class=\"aligncenter size-large\"><img fetchpriority=\"high\" decoding=\"async\" width=\"1024\" height=\"133\" src=\"https:\/\/www.iemj.org\/wp-content\/uploads\/2024\/03\/AUDIO-PLAYER-1024x133.png\" alt=\"\" class=\"wp-image-110610\" srcset=\"https:\/\/www.iemj.org\/wp-content\/uploads\/2024\/03\/AUDIO-PLAYER-1024x133.png 1024w, https:\/\/www.iemj.org\/wp-content\/uploads\/2024\/03\/AUDIO-PLAYER-300x39.png 300w, https:\/\/www.iemj.org\/wp-content\/uploads\/2024\/03\/AUDIO-PLAYER-768x100.png 768w, https:\/\/www.iemj.org\/wp-content\/uploads\/2024\/03\/AUDIO-PLAYER-600x78.png 600w, https:\/\/www.iemj.org\/wp-content\/uploads\/2024\/03\/AUDIO-PLAYER.png 1210w\" sizes=\"(max-width: 1024px) 100vw, 1024px\" \/><\/figure>\n<\/div>\n\n\n<div class=\"wp-block-file\"><a id=\"wp-block-file--media-20cbd2b8-c558-4c34-a988-1fa9c399eae3\" href=\"https:\/\/www.iemj.org\/wp-content\/uploads\/2018\/05\/cd_950_01.mp3\">Katioucha \/ Otchi Tchornye (extrait)<\/a><\/div>\n\n\n\n<div class=\"wp-block-file\"><a id=\"wp-block-file--media-af0816d5-4047-457b-858e-187b2b673901\" href=\"https:\/\/www.iemj.org\/wp-content\/uploads\/2018\/05\/cd_950_04.mp3\">Tata, vine pastele (extrait)<\/a><\/div>\n\n\n\n<div class=\"wp-block-file\"><a id=\"wp-block-file--media-684b1fe2-e624-430e-b28a-aba5f1298b30\" href=\"https:\/\/www.iemj.org\/wp-content\/uploads\/2018\/05\/cd_950_05.mp3\">Kalinka (extrait)<\/a><\/div>\n\n\n\n<div class=\"wp-block-file\"><a id=\"wp-block-file--media-969527d4-35a6-448f-905b-a99c98bb7d9e\" href=\"https:\/\/www.iemj.org\/wp-content\/uploads\/2018\/05\/cd_950_06.mp3\">Farges mikh nit \/ Zug es Meir Noch Amol (extrait)<\/a><\/div>\n\n\n\n<div class=\"wp-block-file\"><a id=\"wp-block-file--media-66ac7169-dc5e-4fe3-a4f1-1999157f7224\" href=\"https:\/\/www.iemj.org\/wp-content\/uploads\/2018\/05\/cd_950_08.mp3\">Ja Vstretil Vas (extrait)<\/a><\/div>\n\n\n\n<div class=\"wp-block-file\"><a id=\"wp-block-file--media-8f168fe9-661c-4dd4-90dc-b4bb364bd4db\" href=\"https:\/\/www.iemj.org\/wp-content\/uploads\/2018\/05\/cd_950_12.mp3\">Dos broitele \/ A Vaible a Tsnien<\/a><\/div>\n","protected":false},"excerpt":{"rendered":"<p>Sirba Orchestra ! Un encuentro entre el Sirba Octet, una orquesta sinf\u00f3nica y uno de los mayores int\u00e9rpretes de balalaika, Nicolas Kedroff. Un florilegio de los temas m\u00e1s bonitos de<\/p>\n","protected":false},"author":1048,"featured_media":91684,"comment_status":"closed","ping_status":"closed","sticky":false,"template":"","format":"standard","meta":{"_acf_changed":false,"footnotes":""},"categories":[1568,1565],"tags":[],"technique":[],"squelettes":[],"sujet":[],"formation":[],"genre":[1876],"fonds":[],"tradition":[],"type-de-contenu":[],"interprete-compositeur":[3304],"frise":[],"type-devenement":[],"tableaux-liens-externes":[],"class_list":["post-91683","post","type-post","status-publish","format-standard","has-post-thumbnail","hentry","category-cd-es","category-ultimas-adquisiciones-es","genre-klezmer-es","interprete-compositeur-sirba-octet-es"],"acf":[],"yoast_head":"<!-- This site is optimized with the Yoast SEO plugin v27.3 - https:\/\/yoast.com\/product\/yoast-seo-wordpress\/ -->\n<title>Sirba Orchestra ! - Institut Europ\u00e9en des Musiques Juives<\/title>\n<meta name=\"robots\" content=\"index, follow, max-snippet:-1, max-image-preview:large, max-video-preview:-1\" \/>\n<link rel=\"canonical\" href=\"https:\/\/www.iemj.org\/es\/sirba-orchestra\/\" \/>\n<meta property=\"og:locale\" content=\"es_ES\" \/>\n<meta property=\"og:type\" content=\"article\" \/>\n<meta property=\"og:title\" content=\"Sirba Orchestra ! - Institut Europ\u00e9en des Musiques Juives\" \/>\n<meta property=\"og:description\" content=\"Sirba Orchestra ! Un encuentro entre el Sirba Octet, una orquesta sinf\u00f3nica y uno de los mayores int\u00e9rpretes de balalaika, Nicolas Kedroff. Un florilegio de los temas m\u00e1s bonitos de\" \/>\n<meta property=\"og:url\" content=\"https:\/\/www.iemj.org\/es\/sirba-orchestra\/\" \/>\n<meta property=\"og:site_name\" content=\"Institut Europ\u00e9en des Musiques Juives\" \/>\n<meta property=\"article:publisher\" content=\"https:\/\/www.facebook.com\/MusiquesJuives\/\" \/>\n<meta property=\"article:published_time\" content=\"2018-05-14T12:57:11+00:00\" \/>\n<meta property=\"article:modified_time\" content=\"2025-09-09T14:46:23+00:00\" \/>\n<meta property=\"og:image\" content=\"https:\/\/www.iemj.org\/wp-content\/uploads\/2018\/05\/arton3385-e1619185243348.jpg\" \/>\n\t<meta property=\"og:image:width\" content=\"350\" \/>\n\t<meta property=\"og:image:height\" content=\"346\" \/>\n\t<meta property=\"og:image:type\" content=\"image\/jpeg\" \/>\n<meta name=\"author\" content=\"Jean-Gabriel Davis\" \/>\n<meta name=\"twitter:card\" content=\"summary_large_image\" \/>\n<meta name=\"twitter:label1\" content=\"Escrito por\" \/>\n\t<meta name=\"twitter:data1\" content=\"Jean-Gabriel Davis\" \/>\n\t<meta name=\"twitter:label2\" content=\"Tiempo de lectura\" \/>\n\t<meta name=\"twitter:data2\" content=\"2 minutos\" \/>\n<script type=\"application\/ld+json\" class=\"yoast-schema-graph\">{\"@context\":\"https:\\\/\\\/schema.org\",\"@graph\":[{\"@type\":\"Article\",\"@id\":\"https:\\\/\\\/www.iemj.org\\\/es\\\/sirba-orchestra\\\/#article\",\"isPartOf\":{\"@id\":\"https:\\\/\\\/www.iemj.org\\\/es\\\/sirba-orchestra\\\/\"},\"author\":{\"name\":\"Jean-Gabriel Davis\",\"@id\":\"https:\\\/\\\/www.iemj.org\\\/es\\\/#\\\/schema\\\/person\\\/c9bc1c386a3749579a2d675e72a18666\"},\"headline\":\"Sirba Orchestra !\",\"datePublished\":\"2018-05-14T12:57:11+00:00\",\"dateModified\":\"2025-09-09T14:46:23+00:00\",\"mainEntityOfPage\":{\"@id\":\"https:\\\/\\\/www.iemj.org\\\/es\\\/sirba-orchestra\\\/\"},\"wordCount\":277,\"publisher\":{\"@id\":\"https:\\\/\\\/www.iemj.org\\\/es\\\/#organization\"},\"image\":{\"@id\":\"https:\\\/\\\/www.iemj.org\\\/es\\\/sirba-orchestra\\\/#primaryimage\"},\"thumbnailUrl\":\"https:\\\/\\\/www.iemj.org\\\/wp-content\\\/uploads\\\/2018\\\/05\\\/arton3385-e1619185243348.jpg\",\"articleSection\":[\"CD\",\"\u00daltimas adquisiciones\"],\"inLanguage\":\"es\"},{\"@type\":\"WebPage\",\"@id\":\"https:\\\/\\\/www.iemj.org\\\/es\\\/sirba-orchestra\\\/\",\"url\":\"https:\\\/\\\/www.iemj.org\\\/es\\\/sirba-orchestra\\\/\",\"name\":\"Sirba Orchestra ! - Institut Europ\u00e9en des Musiques Juives\",\"isPartOf\":{\"@id\":\"https:\\\/\\\/www.iemj.org\\\/es\\\/#website\"},\"primaryImageOfPage\":{\"@id\":\"https:\\\/\\\/www.iemj.org\\\/es\\\/sirba-orchestra\\\/#primaryimage\"},\"image\":{\"@id\":\"https:\\\/\\\/www.iemj.org\\\/es\\\/sirba-orchestra\\\/#primaryimage\"},\"thumbnailUrl\":\"https:\\\/\\\/www.iemj.org\\\/wp-content\\\/uploads\\\/2018\\\/05\\\/arton3385-e1619185243348.jpg\",\"datePublished\":\"2018-05-14T12:57:11+00:00\",\"dateModified\":\"2025-09-09T14:46:23+00:00\",\"breadcrumb\":{\"@id\":\"https:\\\/\\\/www.iemj.org\\\/es\\\/sirba-orchestra\\\/#breadcrumb\"},\"inLanguage\":\"es\",\"potentialAction\":[{\"@type\":\"ReadAction\",\"target\":[\"https:\\\/\\\/www.iemj.org\\\/es\\\/sirba-orchestra\\\/\"]}]},{\"@type\":\"ImageObject\",\"inLanguage\":\"es\",\"@id\":\"https:\\\/\\\/www.iemj.org\\\/es\\\/sirba-orchestra\\\/#primaryimage\",\"url\":\"https:\\\/\\\/www.iemj.org\\\/wp-content\\\/uploads\\\/2018\\\/05\\\/arton3385-e1619185243348.jpg\",\"contentUrl\":\"https:\\\/\\\/www.iemj.org\\\/wp-content\\\/uploads\\\/2018\\\/05\\\/arton3385-e1619185243348.jpg\",\"width\":350,\"height\":346},{\"@type\":\"BreadcrumbList\",\"@id\":\"https:\\\/\\\/www.iemj.org\\\/es\\\/sirba-orchestra\\\/#breadcrumb\",\"itemListElement\":[{\"@type\":\"ListItem\",\"position\":1,\"name\":\"Accueil\",\"item\":\"https:\\\/\\\/www.iemj.org\\\/es\\\/\"},{\"@type\":\"ListItem\",\"position\":2,\"name\":\"Sirba Orchestra !\"}]},{\"@type\":\"WebSite\",\"@id\":\"https:\\\/\\\/www.iemj.org\\\/es\\\/#website\",\"url\":\"https:\\\/\\\/www.iemj.org\\\/es\\\/\",\"name\":\"Institut Europ\u00e9en des Musiques Juives\",\"description\":\"Des traditions musicales \u00e0 la port\u00e9e de tous\",\"publisher\":{\"@id\":\"https:\\\/\\\/www.iemj.org\\\/es\\\/#organization\"},\"potentialAction\":[{\"@type\":\"SearchAction\",\"target\":{\"@type\":\"EntryPoint\",\"urlTemplate\":\"https:\\\/\\\/www.iemj.org\\\/es\\\/?s={search_term_string}\"},\"query-input\":{\"@type\":\"PropertyValueSpecification\",\"valueRequired\":true,\"valueName\":\"search_term_string\"}}],\"inLanguage\":\"es\"},{\"@type\":\"Organization\",\"@id\":\"https:\\\/\\\/www.iemj.org\\\/es\\\/#organization\",\"name\":\"Institut Europ\u00e9en des Musiques Juives\",\"url\":\"https:\\\/\\\/www.iemj.org\\\/es\\\/\",\"logo\":{\"@type\":\"ImageObject\",\"inLanguage\":\"es\",\"@id\":\"https:\\\/\\\/www.iemj.org\\\/es\\\/#\\\/schema\\\/logo\\\/image\\\/\",\"url\":\"https:\\\/\\\/www.iemj.org\\\/wp-content\\\/uploads\\\/2021\\\/09\\\/Logo-IEMJ-Paypal.jpg\",\"contentUrl\":\"https:\\\/\\\/www.iemj.org\\\/wp-content\\\/uploads\\\/2021\\\/09\\\/Logo-IEMJ-Paypal.jpg\",\"width\":150,\"height\":50,\"caption\":\"Institut Europ\u00e9en des Musiques Juives\"},\"image\":{\"@id\":\"https:\\\/\\\/www.iemj.org\\\/es\\\/#\\\/schema\\\/logo\\\/image\\\/\"},\"sameAs\":[\"https:\\\/\\\/www.facebook.com\\\/MusiquesJuives\\\/\",\"https:\\\/\\\/www.instagram.com\\\/musiquesjuives\\\/\",\"https:\\\/\\\/www.youtube.com\\\/user\\\/musiquesjuives\"]},{\"@type\":\"Person\",\"@id\":\"https:\\\/\\\/www.iemj.org\\\/es\\\/#\\\/schema\\\/person\\\/c9bc1c386a3749579a2d675e72a18666\",\"name\":\"Jean-Gabriel Davis\",\"image\":{\"@type\":\"ImageObject\",\"inLanguage\":\"es\",\"@id\":\"https:\\\/\\\/secure.gravatar.com\\\/avatar\\\/2b90d67bdf392c9b3a21fab87c0fa7edaf1fb3a058172a1ffd61033fcec7aec1?s=96&d=mm&r=g\",\"url\":\"https:\\\/\\\/secure.gravatar.com\\\/avatar\\\/2b90d67bdf392c9b3a21fab87c0fa7edaf1fb3a058172a1ffd61033fcec7aec1?s=96&d=mm&r=g\",\"contentUrl\":\"https:\\\/\\\/secure.gravatar.com\\\/avatar\\\/2b90d67bdf392c9b3a21fab87c0fa7edaf1fb3a058172a1ffd61033fcec7aec1?s=96&d=mm&r=g\",\"caption\":\"Jean-Gabriel Davis\"}}]}<\/script>\n<!-- \/ Yoast SEO plugin. -->","yoast_head_json":{"title":"Sirba Orchestra ! - Institut Europ\u00e9en des Musiques Juives","robots":{"index":"index","follow":"follow","max-snippet":"max-snippet:-1","max-image-preview":"max-image-preview:large","max-video-preview":"max-video-preview:-1"},"canonical":"https:\/\/www.iemj.org\/es\/sirba-orchestra\/","og_locale":"es_ES","og_type":"article","og_title":"Sirba Orchestra ! - Institut Europ\u00e9en des Musiques Juives","og_description":"Sirba Orchestra ! Un encuentro entre el Sirba Octet, una orquesta sinf\u00f3nica y uno de los mayores int\u00e9rpretes de balalaika, Nicolas Kedroff. Un florilegio de los temas m\u00e1s bonitos de","og_url":"https:\/\/www.iemj.org\/es\/sirba-orchestra\/","og_site_name":"Institut Europ\u00e9en des Musiques Juives","article_publisher":"https:\/\/www.facebook.com\/MusiquesJuives\/","article_published_time":"2018-05-14T12:57:11+00:00","article_modified_time":"2025-09-09T14:46:23+00:00","og_image":[{"width":350,"height":346,"url":"https:\/\/www.iemj.org\/wp-content\/uploads\/2018\/05\/arton3385-e1619185243348.jpg","type":"image\/jpeg"}],"author":"Jean-Gabriel Davis","twitter_card":"summary_large_image","twitter_misc":{"Escrito por":"Jean-Gabriel Davis","Tiempo de lectura":"2 minutos"},"schema":{"@context":"https:\/\/schema.org","@graph":[{"@type":"Article","@id":"https:\/\/www.iemj.org\/es\/sirba-orchestra\/#article","isPartOf":{"@id":"https:\/\/www.iemj.org\/es\/sirba-orchestra\/"},"author":{"name":"Jean-Gabriel Davis","@id":"https:\/\/www.iemj.org\/es\/#\/schema\/person\/c9bc1c386a3749579a2d675e72a18666"},"headline":"Sirba Orchestra !","datePublished":"2018-05-14T12:57:11+00:00","dateModified":"2025-09-09T14:46:23+00:00","mainEntityOfPage":{"@id":"https:\/\/www.iemj.org\/es\/sirba-orchestra\/"},"wordCount":277,"publisher":{"@id":"https:\/\/www.iemj.org\/es\/#organization"},"image":{"@id":"https:\/\/www.iemj.org\/es\/sirba-orchestra\/#primaryimage"},"thumbnailUrl":"https:\/\/www.iemj.org\/wp-content\/uploads\/2018\/05\/arton3385-e1619185243348.jpg","articleSection":["CD","\u00daltimas adquisiciones"],"inLanguage":"es"},{"@type":"WebPage","@id":"https:\/\/www.iemj.org\/es\/sirba-orchestra\/","url":"https:\/\/www.iemj.org\/es\/sirba-orchestra\/","name":"Sirba Orchestra ! - Institut Europ\u00e9en des Musiques Juives","isPartOf":{"@id":"https:\/\/www.iemj.org\/es\/#website"},"primaryImageOfPage":{"@id":"https:\/\/www.iemj.org\/es\/sirba-orchestra\/#primaryimage"},"image":{"@id":"https:\/\/www.iemj.org\/es\/sirba-orchestra\/#primaryimage"},"thumbnailUrl":"https:\/\/www.iemj.org\/wp-content\/uploads\/2018\/05\/arton3385-e1619185243348.jpg","datePublished":"2018-05-14T12:57:11+00:00","dateModified":"2025-09-09T14:46:23+00:00","breadcrumb":{"@id":"https:\/\/www.iemj.org\/es\/sirba-orchestra\/#breadcrumb"},"inLanguage":"es","potentialAction":[{"@type":"ReadAction","target":["https:\/\/www.iemj.org\/es\/sirba-orchestra\/"]}]},{"@type":"ImageObject","inLanguage":"es","@id":"https:\/\/www.iemj.org\/es\/sirba-orchestra\/#primaryimage","url":"https:\/\/www.iemj.org\/wp-content\/uploads\/2018\/05\/arton3385-e1619185243348.jpg","contentUrl":"https:\/\/www.iemj.org\/wp-content\/uploads\/2018\/05\/arton3385-e1619185243348.jpg","width":350,"height":346},{"@type":"BreadcrumbList","@id":"https:\/\/www.iemj.org\/es\/sirba-orchestra\/#breadcrumb","itemListElement":[{"@type":"ListItem","position":1,"name":"Accueil","item":"https:\/\/www.iemj.org\/es\/"},{"@type":"ListItem","position":2,"name":"Sirba Orchestra !"}]},{"@type":"WebSite","@id":"https:\/\/www.iemj.org\/es\/#website","url":"https:\/\/www.iemj.org\/es\/","name":"Institut Europ\u00e9en des Musiques Juives","description":"Des traditions musicales \u00e0 la port\u00e9e de tous","publisher":{"@id":"https:\/\/www.iemj.org\/es\/#organization"},"potentialAction":[{"@type":"SearchAction","target":{"@type":"EntryPoint","urlTemplate":"https:\/\/www.iemj.org\/es\/?s={search_term_string}"},"query-input":{"@type":"PropertyValueSpecification","valueRequired":true,"valueName":"search_term_string"}}],"inLanguage":"es"},{"@type":"Organization","@id":"https:\/\/www.iemj.org\/es\/#organization","name":"Institut Europ\u00e9en des Musiques Juives","url":"https:\/\/www.iemj.org\/es\/","logo":{"@type":"ImageObject","inLanguage":"es","@id":"https:\/\/www.iemj.org\/es\/#\/schema\/logo\/image\/","url":"https:\/\/www.iemj.org\/wp-content\/uploads\/2021\/09\/Logo-IEMJ-Paypal.jpg","contentUrl":"https:\/\/www.iemj.org\/wp-content\/uploads\/2021\/09\/Logo-IEMJ-Paypal.jpg","width":150,"height":50,"caption":"Institut Europ\u00e9en des Musiques Juives"},"image":{"@id":"https:\/\/www.iemj.org\/es\/#\/schema\/logo\/image\/"},"sameAs":["https:\/\/www.facebook.com\/MusiquesJuives\/","https:\/\/www.instagram.com\/musiquesjuives\/","https:\/\/www.youtube.com\/user\/musiquesjuives"]},{"@type":"Person","@id":"https:\/\/www.iemj.org\/es\/#\/schema\/person\/c9bc1c386a3749579a2d675e72a18666","name":"Jean-Gabriel Davis","image":{"@type":"ImageObject","inLanguage":"es","@id":"https:\/\/secure.gravatar.com\/avatar\/2b90d67bdf392c9b3a21fab87c0fa7edaf1fb3a058172a1ffd61033fcec7aec1?s=96&d=mm&r=g","url":"https:\/\/secure.gravatar.com\/avatar\/2b90d67bdf392c9b3a21fab87c0fa7edaf1fb3a058172a1ffd61033fcec7aec1?s=96&d=mm&r=g","contentUrl":"https:\/\/secure.gravatar.com\/avatar\/2b90d67bdf392c9b3a21fab87c0fa7edaf1fb3a058172a1ffd61033fcec7aec1?s=96&d=mm&r=g","caption":"Jean-Gabriel Davis"}}]}},"_links":{"self":[{"href":"https:\/\/www.iemj.org\/es\/wp-json\/wp\/v2\/posts\/91683","targetHints":{"allow":["GET"]}}],"collection":[{"href":"https:\/\/www.iemj.org\/es\/wp-json\/wp\/v2\/posts"}],"about":[{"href":"https:\/\/www.iemj.org\/es\/wp-json\/wp\/v2\/types\/post"}],"author":[{"embeddable":true,"href":"https:\/\/www.iemj.org\/es\/wp-json\/wp\/v2\/users\/1048"}],"replies":[{"embeddable":true,"href":"https:\/\/www.iemj.org\/es\/wp-json\/wp\/v2\/comments?post=91683"}],"version-history":[{"count":0,"href":"https:\/\/www.iemj.org\/es\/wp-json\/wp\/v2\/posts\/91683\/revisions"}],"wp:featuredmedia":[{"embeddable":true,"href":"https:\/\/www.iemj.org\/es\/wp-json\/wp\/v2\/media\/91684"}],"wp:attachment":[{"href":"https:\/\/www.iemj.org\/es\/wp-json\/wp\/v2\/media?parent=91683"}],"wp:term":[{"taxonomy":"category","embeddable":true,"href":"https:\/\/www.iemj.org\/es\/wp-json\/wp\/v2\/categories?post=91683"},{"taxonomy":"post_tag","embeddable":true,"href":"https:\/\/www.iemj.org\/es\/wp-json\/wp\/v2\/tags?post=91683"},{"taxonomy":"technique","embeddable":true,"href":"https:\/\/www.iemj.org\/es\/wp-json\/wp\/v2\/technique?post=91683"},{"taxonomy":"squelettes","embeddable":true,"href":"https:\/\/www.iemj.org\/es\/wp-json\/wp\/v2\/squelettes?post=91683"},{"taxonomy":"sujet","embeddable":true,"href":"https:\/\/www.iemj.org\/es\/wp-json\/wp\/v2\/sujet?post=91683"},{"taxonomy":"formation","embeddable":true,"href":"https:\/\/www.iemj.org\/es\/wp-json\/wp\/v2\/formation?post=91683"},{"taxonomy":"genre","embeddable":true,"href":"https:\/\/www.iemj.org\/es\/wp-json\/wp\/v2\/genre?post=91683"},{"taxonomy":"fonds","embeddable":true,"href":"https:\/\/www.iemj.org\/es\/wp-json\/wp\/v2\/fonds?post=91683"},{"taxonomy":"tradition","embeddable":true,"href":"https:\/\/www.iemj.org\/es\/wp-json\/wp\/v2\/tradition?post=91683"},{"taxonomy":"type-de-contenu","embeddable":true,"href":"https:\/\/www.iemj.org\/es\/wp-json\/wp\/v2\/type-de-contenu?post=91683"},{"taxonomy":"interprete-compositeur","embeddable":true,"href":"https:\/\/www.iemj.org\/es\/wp-json\/wp\/v2\/interprete-compositeur?post=91683"},{"taxonomy":"frise","embeddable":true,"href":"https:\/\/www.iemj.org\/es\/wp-json\/wp\/v2\/frise?post=91683"},{"taxonomy":"type-devenement","embeddable":true,"href":"https:\/\/www.iemj.org\/es\/wp-json\/wp\/v2\/type-devenement?post=91683"},{"taxonomy":"tableaux-liens-externes","embeddable":true,"href":"https:\/\/www.iemj.org\/es\/wp-json\/wp\/v2\/tableaux-liens-externes?post=91683"}],"curies":[{"name":"wp","href":"https:\/\/api.w.org\/{rel}","templated":true}]}}