{"id":92012,"date":"2019-02-05T12:15:23","date_gmt":"2019-02-05T11:15:23","guid":{"rendered":"https:\/\/www.iemj.org\/m-offenbach-nous-ecrit\/"},"modified":"2023-05-31T11:48:09","modified_gmt":"2023-05-31T09:48:09","slug":"m-offenbach-nous-ecrit","status":"publish","type":"post","link":"https:\/\/www.iemj.org\/es\/m-offenbach-nous-ecrit\/","title":{"rendered":"M. Offenbach nous \u00e9crit"},"content":{"rendered":"<p>Publicado en enero de 2019 por Actes Sud Beaux-Arts\/Palazzetto Bru Zane, este libro de Jean-Claude Yon, basado en la correspondencia de Offenbach con el fundador de Le Figaro, nos ofrece un acceso privilegiado al pensamiento y a la personalidad de un m\u00fasico tan c\u00f3modo con las palabras como con las notas.<\/p>\n<p><!--more--><\/p>\n<p>Offenbach, celebrado en 2019 por el bicentenario de su nacimiento (1819), aparece como siempre: ineludible en el escenario del entretenimiento l\u00edrico, pero conspirado, desnaturalizado, parodiado&#8230; Las cartas aqu\u00ed reunidas, anotadas, comentadas, analizadas, muestran la inteligencia de un autor de los bulevares que ya lo entend\u00eda todo sobre la nuestra sociedad medi\u00e1tica del siglo XXI: una conciencia afilada, la de un muy relevante comunicador.<\/p>\n<p>Desde 1854 hasta su muerte, Jacques Offenbach envi\u00f3 decenas de cartas al <strong><em>Figaro<\/em><\/strong> para su publicaci\u00f3n: argumentos publicitarios, defensas contra los ataques de que era objeto, informaciones divertidas y picantes propias de una mente impertinente y fantasiosa: un artista delirante que tambi\u00e9n esgrim\u00eda la cr\u00edtica maliciosa y la irreverencia contra todas las formas de poder. <strong>Jean-Claude Yon<\/strong>*, gran historiador del teatro franc\u00e9s del siglo XIX y autor de una magistral biograf\u00eda sobre Jacques Offenbach, es el iniciador de esta recopilaci\u00f3n epistolar de primer orden, que nos lleva al centro del pensamiento medi\u00e1tico del autor de La Belle H\u00e9l\u00e8ne, La P\u00e9richole y Les Contes d&#8217;Hoffmann.<\/p>\n<p>\u00abPuedo decir que cada uno ha triunfado en el g\u00e9nero que ha creado, \u00e9l en la opereta-bouffe, yo en el peque\u00f1o periodismo; nuestros \u00e9xitos han sido hermanos, pues los que van a o\u00edr la m\u00fasica de Offenbach leen el F\u00edgaro y viceversa\u00bb, escrib\u00eda Hippolyte de Villemessant en 1873. En efecto, desde 1854 hasta su muerte en 1880, Jacques Offenbach, gracias a su amistad con el fundador de Le Figaro, hizo de este \u00faltimo su peri\u00f3dico, publicando numerosas cartas abiertas y una gran variedad de textos. Al recopilar y comentar este corpus original de cerca ciento veinte textos, Jean-Claude Yon nos transporta al coraz\u00f3n del aura medi\u00e1tica del autor de La Belle H\u00e9l\u00e8ne y nos ofrece un acceso privilegiado al pensamiento y a la personalidad de un m\u00fasico que se sent\u00eda tan c\u00f3modo con las palabras como con las notas.<\/p>\n<p><em>* <a href=\"https:\/\/fr.wikipedia.org\/wiki\/Jean-Claude_Yon\">Jean-Claude Yon<\/a> <\/em><em>es profesor de Historia Contempor\u00e1nea en la Universidad de Versalles Saint-Quentin-en-Yvelines. Es especialista en la historia del espect\u00e1culo del siglo XIX y director del Centre d\u2019Histoire Culturelle des Soci\u00e9t\u00e9s Contemporaines <\/em>(Centro de Historia Cultural de las Sociedades Contempor\u00e1neas)<em> (CHCSC). Tambi\u00e9n es director de estudios en la \u00c9cole Pratique des Hautes \u00c9tudes (EPHE).<\/em><\/p>\n<p><a href=\"https:\/\/www.iemj.org\/es\/offenbach-jacques-1819-1880\/\" target=\"_blank\" rel=\"noopener\">Leer la biograf\u00eda sobre Jacques Offenbach<\/a><br \/>\n<a href=\"https:\/\/www.iemj.org\/classique-vous-avez-dit-classique-deux-emissions-consacrees-a-jacques-offenbach\/\" target=\"_blank\" rel=\"noopener\">Escuchar los programas de radio de Laure Schnapper de los d\u00edas 16 y 30 de enero de 2019 en Juda\u00efques FM sobre Jacques Offenbach<\/a><br \/>\n<a href=\"https:\/\/www.actes-sud.fr\/node\/66955\" target=\"_blank\" rel=\"noopener\">Enlace al libro &#8211; \u00c9ditions Actes Sud<\/a><\/p>\n<p><iframe style=\"border: none; width: 100%; height: 500px;\" src=\"https:\/\/e.issuu.com\/anonymous-embed.html?u=actes_sud&amp;d=m._offenbach_nous__crit_extrait\" allowfullscreen=\"allowfullscreen\"><\/iframe><\/p>\n","protected":false},"excerpt":{"rendered":"<p>Publicado en enero de 2019 por Actes Sud Beaux-Arts\/Palazzetto Bru Zane, este libro de Jean-Claude Yon, basado en la correspondencia de Offenbach con el fundador de Le Figaro, nos ofrece<\/p>\n","protected":false},"author":5,"featured_media":92013,"comment_status":"closed","ping_status":"open","sticky":false,"template":"","format":"standard","meta":{"_acf_changed":false,"footnotes":""},"categories":[1577,1565],"tags":[],"technique":[],"squelettes":[],"sujet":[],"formation":[],"genre":[],"fonds":[],"tradition":[],"type-de-contenu":[],"interprete-compositeur":[],"frise":[],"type-devenement":[],"tableaux-liens-externes":[],"class_list":["post-92012","post","type-post","status-publish","format-standard","has-post-thumbnail","hentry","category-libros-articulos-es","category-ultimas-adquisiciones-es"],"acf":[],"yoast_head":"<!-- This site is optimized with the Yoast SEO plugin v27.3 - https:\/\/yoast.com\/product\/yoast-seo-wordpress\/ -->\n<title>M. Offenbach nous \u00e9crit - Institut Europ\u00e9en des Musiques Juives<\/title>\n<meta name=\"robots\" content=\"index, follow, max-snippet:-1, max-image-preview:large, max-video-preview:-1\" \/>\n<link rel=\"canonical\" href=\"https:\/\/www.iemj.org\/es\/m-offenbach-nous-ecrit\/\" \/>\n<meta property=\"og:locale\" content=\"es_ES\" \/>\n<meta property=\"og:type\" content=\"article\" \/>\n<meta property=\"og:title\" content=\"M. Offenbach nous \u00e9crit - Institut Europ\u00e9en des Musiques Juives\" \/>\n<meta property=\"og:description\" content=\"Publicado en enero de 2019 por Actes Sud Beaux-Arts\/Palazzetto Bru Zane, este libro de Jean-Claude Yon, basado en la correspondencia de Offenbach con el fundador de Le Figaro, nos ofrece\" \/>\n<meta property=\"og:url\" content=\"https:\/\/www.iemj.org\/es\/m-offenbach-nous-ecrit\/\" \/>\n<meta property=\"og:site_name\" content=\"Institut Europ\u00e9en des Musiques Juives\" \/>\n<meta property=\"article:publisher\" content=\"https:\/\/www.facebook.com\/MusiquesJuives\/\" \/>\n<meta property=\"article:published_time\" content=\"2019-02-05T11:15:23+00:00\" \/>\n<meta property=\"article:modified_time\" content=\"2023-05-31T09:48:09+00:00\" \/>\n<meta property=\"og:image\" content=\"https:\/\/www.iemj.org\/wp-content\/uploads\/2019\/02\/arton3927-e1619100791277.jpg\" \/>\n\t<meta property=\"og:image:width\" content=\"350\" \/>\n\t<meta property=\"og:image:height\" content=\"546\" \/>\n\t<meta property=\"og:image:type\" content=\"image\/jpeg\" \/>\n<meta name=\"author\" content=\"Jacqueline ROTEN\" \/>\n<meta name=\"twitter:card\" content=\"summary_large_image\" \/>\n<meta name=\"twitter:label1\" content=\"Escrito por\" \/>\n\t<meta name=\"twitter:data1\" content=\"Jacqueline ROTEN\" \/>\n\t<meta name=\"twitter:label2\" content=\"Tiempo de lectura\" \/>\n\t<meta name=\"twitter:data2\" content=\"3 minutos\" \/>\n<script type=\"application\/ld+json\" class=\"yoast-schema-graph\">{\"@context\":\"https:\\\/\\\/schema.org\",\"@graph\":[{\"@type\":\"Article\",\"@id\":\"https:\\\/\\\/www.iemj.org\\\/es\\\/m-offenbach-nous-ecrit\\\/#article\",\"isPartOf\":{\"@id\":\"https:\\\/\\\/www.iemj.org\\\/es\\\/m-offenbach-nous-ecrit\\\/\"},\"author\":{\"name\":\"Jacqueline ROTEN\",\"@id\":\"https:\\\/\\\/www.iemj.org\\\/es\\\/#\\\/schema\\\/person\\\/358e26c18aca017fcc4cc15437f7279c\"},\"headline\":\"M. Offenbach nous \u00e9crit\",\"datePublished\":\"2019-02-05T11:15:23+00:00\",\"dateModified\":\"2023-05-31T09:48:09+00:00\",\"mainEntityOfPage\":{\"@id\":\"https:\\\/\\\/www.iemj.org\\\/es\\\/m-offenbach-nous-ecrit\\\/\"},\"wordCount\":484,\"publisher\":{\"@id\":\"https:\\\/\\\/www.iemj.org\\\/es\\\/#organization\"},\"image\":{\"@id\":\"https:\\\/\\\/www.iemj.org\\\/es\\\/m-offenbach-nous-ecrit\\\/#primaryimage\"},\"thumbnailUrl\":\"https:\\\/\\\/www.iemj.org\\\/wp-content\\\/uploads\\\/2019\\\/02\\\/arton3927-e1619100791277.jpg\",\"articleSection\":[\"Libros, art\u00edculos\",\"\u00daltimas adquisiciones\"],\"inLanguage\":\"es\"},{\"@type\":\"WebPage\",\"@id\":\"https:\\\/\\\/www.iemj.org\\\/es\\\/m-offenbach-nous-ecrit\\\/\",\"url\":\"https:\\\/\\\/www.iemj.org\\\/es\\\/m-offenbach-nous-ecrit\\\/\",\"name\":\"M. Offenbach nous \u00e9crit - Institut Europ\u00e9en des Musiques Juives\",\"isPartOf\":{\"@id\":\"https:\\\/\\\/www.iemj.org\\\/es\\\/#website\"},\"primaryImageOfPage\":{\"@id\":\"https:\\\/\\\/www.iemj.org\\\/es\\\/m-offenbach-nous-ecrit\\\/#primaryimage\"},\"image\":{\"@id\":\"https:\\\/\\\/www.iemj.org\\\/es\\\/m-offenbach-nous-ecrit\\\/#primaryimage\"},\"thumbnailUrl\":\"https:\\\/\\\/www.iemj.org\\\/wp-content\\\/uploads\\\/2019\\\/02\\\/arton3927-e1619100791277.jpg\",\"datePublished\":\"2019-02-05T11:15:23+00:00\",\"dateModified\":\"2023-05-31T09:48:09+00:00\",\"breadcrumb\":{\"@id\":\"https:\\\/\\\/www.iemj.org\\\/es\\\/m-offenbach-nous-ecrit\\\/#breadcrumb\"},\"inLanguage\":\"es\",\"potentialAction\":[{\"@type\":\"ReadAction\",\"target\":[\"https:\\\/\\\/www.iemj.org\\\/es\\\/m-offenbach-nous-ecrit\\\/\"]}]},{\"@type\":\"ImageObject\",\"inLanguage\":\"es\",\"@id\":\"https:\\\/\\\/www.iemj.org\\\/es\\\/m-offenbach-nous-ecrit\\\/#primaryimage\",\"url\":\"https:\\\/\\\/www.iemj.org\\\/wp-content\\\/uploads\\\/2019\\\/02\\\/arton3927-e1619100791277.jpg\",\"contentUrl\":\"https:\\\/\\\/www.iemj.org\\\/wp-content\\\/uploads\\\/2019\\\/02\\\/arton3927-e1619100791277.jpg\",\"width\":350,\"height\":546},{\"@type\":\"BreadcrumbList\",\"@id\":\"https:\\\/\\\/www.iemj.org\\\/es\\\/m-offenbach-nous-ecrit\\\/#breadcrumb\",\"itemListElement\":[{\"@type\":\"ListItem\",\"position\":1,\"name\":\"Accueil\",\"item\":\"https:\\\/\\\/www.iemj.org\\\/es\\\/\"},{\"@type\":\"ListItem\",\"position\":2,\"name\":\"M. Offenbach nous \u00e9crit\"}]},{\"@type\":\"WebSite\",\"@id\":\"https:\\\/\\\/www.iemj.org\\\/es\\\/#website\",\"url\":\"https:\\\/\\\/www.iemj.org\\\/es\\\/\",\"name\":\"Institut Europ\u00e9en des Musiques Juives\",\"description\":\"Des traditions musicales \u00e0 la port\u00e9e de tous\",\"publisher\":{\"@id\":\"https:\\\/\\\/www.iemj.org\\\/es\\\/#organization\"},\"potentialAction\":[{\"@type\":\"SearchAction\",\"target\":{\"@type\":\"EntryPoint\",\"urlTemplate\":\"https:\\\/\\\/www.iemj.org\\\/es\\\/?s={search_term_string}\"},\"query-input\":{\"@type\":\"PropertyValueSpecification\",\"valueRequired\":true,\"valueName\":\"search_term_string\"}}],\"inLanguage\":\"es\"},{\"@type\":\"Organization\",\"@id\":\"https:\\\/\\\/www.iemj.org\\\/es\\\/#organization\",\"name\":\"Institut Europ\u00e9en des Musiques Juives\",\"url\":\"https:\\\/\\\/www.iemj.org\\\/es\\\/\",\"logo\":{\"@type\":\"ImageObject\",\"inLanguage\":\"es\",\"@id\":\"https:\\\/\\\/www.iemj.org\\\/es\\\/#\\\/schema\\\/logo\\\/image\\\/\",\"url\":\"https:\\\/\\\/www.iemj.org\\\/wp-content\\\/uploads\\\/2021\\\/09\\\/Logo-IEMJ-Paypal.jpg\",\"contentUrl\":\"https:\\\/\\\/www.iemj.org\\\/wp-content\\\/uploads\\\/2021\\\/09\\\/Logo-IEMJ-Paypal.jpg\",\"width\":150,\"height\":50,\"caption\":\"Institut Europ\u00e9en des Musiques Juives\"},\"image\":{\"@id\":\"https:\\\/\\\/www.iemj.org\\\/es\\\/#\\\/schema\\\/logo\\\/image\\\/\"},\"sameAs\":[\"https:\\\/\\\/www.facebook.com\\\/MusiquesJuives\\\/\",\"https:\\\/\\\/www.instagram.com\\\/musiquesjuives\\\/\",\"https:\\\/\\\/www.youtube.com\\\/user\\\/musiquesjuives\"]},{\"@type\":\"Person\",\"@id\":\"https:\\\/\\\/www.iemj.org\\\/es\\\/#\\\/schema\\\/person\\\/358e26c18aca017fcc4cc15437f7279c\",\"name\":\"Jacqueline ROTEN\",\"image\":{\"@type\":\"ImageObject\",\"inLanguage\":\"es\",\"@id\":\"https:\\\/\\\/secure.gravatar.com\\\/avatar\\\/5964256d6c6957de3a3505278957e0fb2a35119ac47ea41827a65301213c810b?s=96&d=mm&r=g\",\"url\":\"https:\\\/\\\/secure.gravatar.com\\\/avatar\\\/5964256d6c6957de3a3505278957e0fb2a35119ac47ea41827a65301213c810b?s=96&d=mm&r=g\",\"contentUrl\":\"https:\\\/\\\/secure.gravatar.com\\\/avatar\\\/5964256d6c6957de3a3505278957e0fb2a35119ac47ea41827a65301213c810b?s=96&d=mm&r=g\",\"caption\":\"Jacqueline ROTEN\"}}]}<\/script>\n<!-- \/ Yoast SEO plugin. -->","yoast_head_json":{"title":"M. Offenbach nous \u00e9crit - Institut Europ\u00e9en des Musiques Juives","robots":{"index":"index","follow":"follow","max-snippet":"max-snippet:-1","max-image-preview":"max-image-preview:large","max-video-preview":"max-video-preview:-1"},"canonical":"https:\/\/www.iemj.org\/es\/m-offenbach-nous-ecrit\/","og_locale":"es_ES","og_type":"article","og_title":"M. Offenbach nous \u00e9crit - Institut Europ\u00e9en des Musiques Juives","og_description":"Publicado en enero de 2019 por Actes Sud Beaux-Arts\/Palazzetto Bru Zane, este libro de Jean-Claude Yon, basado en la correspondencia de Offenbach con el fundador de Le Figaro, nos ofrece","og_url":"https:\/\/www.iemj.org\/es\/m-offenbach-nous-ecrit\/","og_site_name":"Institut Europ\u00e9en des Musiques Juives","article_publisher":"https:\/\/www.facebook.com\/MusiquesJuives\/","article_published_time":"2019-02-05T11:15:23+00:00","article_modified_time":"2023-05-31T09:48:09+00:00","og_image":[{"width":350,"height":546,"url":"https:\/\/www.iemj.org\/wp-content\/uploads\/2019\/02\/arton3927-e1619100791277.jpg","type":"image\/jpeg"}],"author":"Jacqueline ROTEN","twitter_card":"summary_large_image","twitter_misc":{"Escrito por":"Jacqueline ROTEN","Tiempo de lectura":"3 minutos"},"schema":{"@context":"https:\/\/schema.org","@graph":[{"@type":"Article","@id":"https:\/\/www.iemj.org\/es\/m-offenbach-nous-ecrit\/#article","isPartOf":{"@id":"https:\/\/www.iemj.org\/es\/m-offenbach-nous-ecrit\/"},"author":{"name":"Jacqueline ROTEN","@id":"https:\/\/www.iemj.org\/es\/#\/schema\/person\/358e26c18aca017fcc4cc15437f7279c"},"headline":"M. Offenbach nous \u00e9crit","datePublished":"2019-02-05T11:15:23+00:00","dateModified":"2023-05-31T09:48:09+00:00","mainEntityOfPage":{"@id":"https:\/\/www.iemj.org\/es\/m-offenbach-nous-ecrit\/"},"wordCount":484,"publisher":{"@id":"https:\/\/www.iemj.org\/es\/#organization"},"image":{"@id":"https:\/\/www.iemj.org\/es\/m-offenbach-nous-ecrit\/#primaryimage"},"thumbnailUrl":"https:\/\/www.iemj.org\/wp-content\/uploads\/2019\/02\/arton3927-e1619100791277.jpg","articleSection":["Libros, art\u00edculos","\u00daltimas adquisiciones"],"inLanguage":"es"},{"@type":"WebPage","@id":"https:\/\/www.iemj.org\/es\/m-offenbach-nous-ecrit\/","url":"https:\/\/www.iemj.org\/es\/m-offenbach-nous-ecrit\/","name":"M. Offenbach nous \u00e9crit - Institut Europ\u00e9en des Musiques Juives","isPartOf":{"@id":"https:\/\/www.iemj.org\/es\/#website"},"primaryImageOfPage":{"@id":"https:\/\/www.iemj.org\/es\/m-offenbach-nous-ecrit\/#primaryimage"},"image":{"@id":"https:\/\/www.iemj.org\/es\/m-offenbach-nous-ecrit\/#primaryimage"},"thumbnailUrl":"https:\/\/www.iemj.org\/wp-content\/uploads\/2019\/02\/arton3927-e1619100791277.jpg","datePublished":"2019-02-05T11:15:23+00:00","dateModified":"2023-05-31T09:48:09+00:00","breadcrumb":{"@id":"https:\/\/www.iemj.org\/es\/m-offenbach-nous-ecrit\/#breadcrumb"},"inLanguage":"es","potentialAction":[{"@type":"ReadAction","target":["https:\/\/www.iemj.org\/es\/m-offenbach-nous-ecrit\/"]}]},{"@type":"ImageObject","inLanguage":"es","@id":"https:\/\/www.iemj.org\/es\/m-offenbach-nous-ecrit\/#primaryimage","url":"https:\/\/www.iemj.org\/wp-content\/uploads\/2019\/02\/arton3927-e1619100791277.jpg","contentUrl":"https:\/\/www.iemj.org\/wp-content\/uploads\/2019\/02\/arton3927-e1619100791277.jpg","width":350,"height":546},{"@type":"BreadcrumbList","@id":"https:\/\/www.iemj.org\/es\/m-offenbach-nous-ecrit\/#breadcrumb","itemListElement":[{"@type":"ListItem","position":1,"name":"Accueil","item":"https:\/\/www.iemj.org\/es\/"},{"@type":"ListItem","position":2,"name":"M. Offenbach nous \u00e9crit"}]},{"@type":"WebSite","@id":"https:\/\/www.iemj.org\/es\/#website","url":"https:\/\/www.iemj.org\/es\/","name":"Institut Europ\u00e9en des Musiques Juives","description":"Des traditions musicales \u00e0 la port\u00e9e de tous","publisher":{"@id":"https:\/\/www.iemj.org\/es\/#organization"},"potentialAction":[{"@type":"SearchAction","target":{"@type":"EntryPoint","urlTemplate":"https:\/\/www.iemj.org\/es\/?s={search_term_string}"},"query-input":{"@type":"PropertyValueSpecification","valueRequired":true,"valueName":"search_term_string"}}],"inLanguage":"es"},{"@type":"Organization","@id":"https:\/\/www.iemj.org\/es\/#organization","name":"Institut Europ\u00e9en des Musiques Juives","url":"https:\/\/www.iemj.org\/es\/","logo":{"@type":"ImageObject","inLanguage":"es","@id":"https:\/\/www.iemj.org\/es\/#\/schema\/logo\/image\/","url":"https:\/\/www.iemj.org\/wp-content\/uploads\/2021\/09\/Logo-IEMJ-Paypal.jpg","contentUrl":"https:\/\/www.iemj.org\/wp-content\/uploads\/2021\/09\/Logo-IEMJ-Paypal.jpg","width":150,"height":50,"caption":"Institut Europ\u00e9en des Musiques Juives"},"image":{"@id":"https:\/\/www.iemj.org\/es\/#\/schema\/logo\/image\/"},"sameAs":["https:\/\/www.facebook.com\/MusiquesJuives\/","https:\/\/www.instagram.com\/musiquesjuives\/","https:\/\/www.youtube.com\/user\/musiquesjuives"]},{"@type":"Person","@id":"https:\/\/www.iemj.org\/es\/#\/schema\/person\/358e26c18aca017fcc4cc15437f7279c","name":"Jacqueline ROTEN","image":{"@type":"ImageObject","inLanguage":"es","@id":"https:\/\/secure.gravatar.com\/avatar\/5964256d6c6957de3a3505278957e0fb2a35119ac47ea41827a65301213c810b?s=96&d=mm&r=g","url":"https:\/\/secure.gravatar.com\/avatar\/5964256d6c6957de3a3505278957e0fb2a35119ac47ea41827a65301213c810b?s=96&d=mm&r=g","contentUrl":"https:\/\/secure.gravatar.com\/avatar\/5964256d6c6957de3a3505278957e0fb2a35119ac47ea41827a65301213c810b?s=96&d=mm&r=g","caption":"Jacqueline ROTEN"}}]}},"_links":{"self":[{"href":"https:\/\/www.iemj.org\/es\/wp-json\/wp\/v2\/posts\/92012","targetHints":{"allow":["GET"]}}],"collection":[{"href":"https:\/\/www.iemj.org\/es\/wp-json\/wp\/v2\/posts"}],"about":[{"href":"https:\/\/www.iemj.org\/es\/wp-json\/wp\/v2\/types\/post"}],"author":[{"embeddable":true,"href":"https:\/\/www.iemj.org\/es\/wp-json\/wp\/v2\/users\/5"}],"replies":[{"embeddable":true,"href":"https:\/\/www.iemj.org\/es\/wp-json\/wp\/v2\/comments?post=92012"}],"version-history":[{"count":0,"href":"https:\/\/www.iemj.org\/es\/wp-json\/wp\/v2\/posts\/92012\/revisions"}],"wp:featuredmedia":[{"embeddable":true,"href":"https:\/\/www.iemj.org\/es\/wp-json\/wp\/v2\/media\/92013"}],"wp:attachment":[{"href":"https:\/\/www.iemj.org\/es\/wp-json\/wp\/v2\/media?parent=92012"}],"wp:term":[{"taxonomy":"category","embeddable":true,"href":"https:\/\/www.iemj.org\/es\/wp-json\/wp\/v2\/categories?post=92012"},{"taxonomy":"post_tag","embeddable":true,"href":"https:\/\/www.iemj.org\/es\/wp-json\/wp\/v2\/tags?post=92012"},{"taxonomy":"technique","embeddable":true,"href":"https:\/\/www.iemj.org\/es\/wp-json\/wp\/v2\/technique?post=92012"},{"taxonomy":"squelettes","embeddable":true,"href":"https:\/\/www.iemj.org\/es\/wp-json\/wp\/v2\/squelettes?post=92012"},{"taxonomy":"sujet","embeddable":true,"href":"https:\/\/www.iemj.org\/es\/wp-json\/wp\/v2\/sujet?post=92012"},{"taxonomy":"formation","embeddable":true,"href":"https:\/\/www.iemj.org\/es\/wp-json\/wp\/v2\/formation?post=92012"},{"taxonomy":"genre","embeddable":true,"href":"https:\/\/www.iemj.org\/es\/wp-json\/wp\/v2\/genre?post=92012"},{"taxonomy":"fonds","embeddable":true,"href":"https:\/\/www.iemj.org\/es\/wp-json\/wp\/v2\/fonds?post=92012"},{"taxonomy":"tradition","embeddable":true,"href":"https:\/\/www.iemj.org\/es\/wp-json\/wp\/v2\/tradition?post=92012"},{"taxonomy":"type-de-contenu","embeddable":true,"href":"https:\/\/www.iemj.org\/es\/wp-json\/wp\/v2\/type-de-contenu?post=92012"},{"taxonomy":"interprete-compositeur","embeddable":true,"href":"https:\/\/www.iemj.org\/es\/wp-json\/wp\/v2\/interprete-compositeur?post=92012"},{"taxonomy":"frise","embeddable":true,"href":"https:\/\/www.iemj.org\/es\/wp-json\/wp\/v2\/frise?post=92012"},{"taxonomy":"type-devenement","embeddable":true,"href":"https:\/\/www.iemj.org\/es\/wp-json\/wp\/v2\/type-devenement?post=92012"},{"taxonomy":"tableaux-liens-externes","embeddable":true,"href":"https:\/\/www.iemj.org\/es\/wp-json\/wp\/v2\/tableaux-liens-externes?post=92012"}],"curies":[{"name":"wp","href":"https:\/\/api.w.org\/{rel}","templated":true}]}}