{"id":92063,"date":"2019-11-12T15:00:57","date_gmt":"2019-11-12T14:00:57","guid":{"rendered":"https:\/\/www.iemj.org\/isaac-offenbach-and-his-son-jacques\/"},"modified":"2023-01-11T17:25:07","modified_gmt":"2023-01-11T16:25:07","slug":"isaac-offenbach-and-his-son-jacques","status":"publish","type":"post","link":"https:\/\/www.iemj.org\/es\/isaac-offenbach-and-his-son-jacques\/","title":{"rendered":"Isaac Offenbach and his son Jacques"},"content":{"rendered":"<p><a href=\"https:\/\/www.iemj.org\/es\/offenbach-isaac-1779-1850\/\">Isaac Offenbach<\/a> (1779-1850) fue cantor en la sinagoga de Colonia (Alemania) durante casi 30 a\u00f1os y escritor y compositor de talento. Este libro, escrito por Jacobo Kaufmann a partir de documentos y fuentes hasta ahora desconocidos, permite al lector entender mejor la inspiraci\u00f3n musical de Offenbach y el medio ambiente en el que creci\u00f3. <a href=\"https:\/\/www.iemj.org\/es\/offenbach-jacques-1819-1880\/\">Jacques Offenbach<\/a> estaba claramente influido por las composiciones lit\u00fargicas de su padre Isaac. Esta nueva visi\u00f3n de las fuentes de la obra de Jacques Offenbach, que combina m\u00fasica jud\u00eda, alemana y francesa, nos muestra una faceta del compositor descuidada por los bi\u00f3grafos durante casi 150 a\u00f1os.<\/p>\n<p>Al mismo tiempo, descubrimos una colorida descripci\u00f3n de la vida jud\u00eda del siglo XIX en Francia y Alemania, los dilemas y pruebas de la \u00e9poca en un contexto de cambio social, pol\u00edtico y cultural.<\/p>\n<p>Este libro tambi\u00e9n incluye una obra musical y varios poemas in\u00e9ditos, un \u00e1rbol geneal\u00f3gico de la familia Offenbach, m\u00e1s de 30 ilustraciones de reproducciones de partituras y manuscritos de Isaac Offenbach, as\u00ed como numerosos documentos recientemente descubiertos sobre su hijo Jacques.<\/p>\n<p>La lectura de este libro se completar\u00e1 \u00fatilmente con la audici\u00f3n del CD <a href=\"https:\/\/www.iemj.org\/es\/jacques-offenbach-et-ses-proches-de-la-synagogue-a-lopera\/\">Jacques Offenbach et ses proches \u2013 De la synagogue \u00e0 l\u2019op\u00e9ra<\/a>, publicado en 2019 por las Ediciones del IEMJ.<\/p>\n<p><strong>Jacobo Kaufmann<\/strong><br \/>\nNacido en Buenos Aires (Argentina), Jacobo Kaufmann ha desarrollado una carrera internacional como director de teatro y \u00f3pera, escen\u00f3grafo, dramaturgo, escritor, traductor e investigador. Ha sido director de \u00f3pera en la Academia de M\u00fasica de Jerusal\u00e9n y ha impartido masterclasses por todo el mundo. Jacobo Kaufmann se ha interesado durante muchos a\u00f1os por el teatro y la m\u00fasica jud\u00edos, y ha llevado a cabo una amplia investigaci\u00f3n sobre la vida y la obra de Jacques e Isaac Offenbach. Sus libros<em> Isaac Offenbach and his son Jacques<\/em>, as\u00ed como<em> Jacques Offenbach in Spain, Italy and Portugal<\/em>, escritos a partir de documentos in\u00e9ditos, han sido traducidos en numerosos idiomas y gozan de renombre internacional.<\/p>\n<p><a href=\"https:\/\/www.iemj.org\/es\/offenbach-isaac-1779-1850\/\" target=\"_blank\" rel=\"noopener\">Leer la biograf\u00eda de Isaac Offenbach<\/a><br \/>\n<a href=\"https:\/\/www.iemj.org\/es\/offenbach-jacques-1819-1880\/\" target=\"_blank\" rel=\"noopener\">Leer la biograf\u00eda de Jacques Offenbach<\/a><br \/>\n<a href=\"https:\/\/www.iemj.org\/es\/produit\/jacques-offenbach-and-friends-from-the-synagogue-to-the-opera\/\" target=\"_blank\" rel=\"noopener\">Pedir el CD Jacques Offenbach et ses proches \u2013 De la synagogue \u00e0 l\u2019op\u00e9ra<\/a><br \/>\n<a href=\"http:\/\/www.certeza.com\/?s=Jacobo+Kaufmann\" target=\"_blank\" rel=\"noopener\">Consultar las obras de Jacobo Kaufmann en la web de Certeza Riopiedras<\/a><\/p>\n","protected":false},"excerpt":{"rendered":"<p>Isaac Offenbach (1779-1850) fue cantor en la sinagoga de Colonia (Alemania) durante casi 30 a\u00f1os y escritor y compositor de talento. Este libro, escrito por Jacobo Kaufmann a partir de<\/p>\n","protected":false},"author":1048,"featured_media":92064,"comment_status":"closed","ping_status":"closed","sticky":false,"template":"","format":"standard","meta":{"_acf_changed":false,"footnotes":""},"categories":[1577,1565],"tags":[],"technique":[],"squelettes":[],"sujet":[],"formation":[],"genre":[],"fonds":[],"tradition":[],"type-de-contenu":[],"interprete-compositeur":[3200],"frise":[],"type-devenement":[],"tableaux-liens-externes":[],"class_list":["post-92063","post","type-post","status-publish","format-standard","has-post-thumbnail","hentry","category-libros-articulos-es","category-ultimas-adquisiciones-es","interprete-compositeur-jacques-offenbach-es-2"],"acf":[],"yoast_head":"<!-- This site is optimized with the Yoast SEO plugin v27.3 - https:\/\/yoast.com\/product\/yoast-seo-wordpress\/ -->\n<title>Isaac Offenbach and his son Jacques - Institut Europ\u00e9en des Musiques Juives<\/title>\n<meta name=\"robots\" content=\"index, follow, max-snippet:-1, max-image-preview:large, max-video-preview:-1\" \/>\n<link rel=\"canonical\" href=\"https:\/\/www.iemj.org\/es\/isaac-offenbach-and-his-son-jacques\/\" \/>\n<meta property=\"og:locale\" content=\"es_ES\" \/>\n<meta property=\"og:type\" content=\"article\" \/>\n<meta property=\"og:title\" content=\"Isaac Offenbach and his son Jacques - Institut Europ\u00e9en des Musiques Juives\" \/>\n<meta property=\"og:description\" content=\"Isaac Offenbach (1779-1850) fue cantor en la sinagoga de Colonia (Alemania) durante casi 30 a\u00f1os y escritor y compositor de talento. Este libro, escrito por Jacobo Kaufmann a partir de\" \/>\n<meta property=\"og:url\" content=\"https:\/\/www.iemj.org\/es\/isaac-offenbach-and-his-son-jacques\/\" \/>\n<meta property=\"og:site_name\" content=\"Institut Europ\u00e9en des Musiques Juives\" \/>\n<meta property=\"article:publisher\" content=\"https:\/\/www.facebook.com\/MusiquesJuives\/\" \/>\n<meta property=\"article:published_time\" content=\"2019-11-12T14:00:57+00:00\" \/>\n<meta property=\"article:modified_time\" content=\"2023-01-11T16:25:07+00:00\" \/>\n<meta property=\"og:image\" content=\"https:\/\/www.iemj.org\/wp-content\/uploads\/2019\/11\/arton4381.jpg\" \/>\n\t<meta property=\"og:image:width\" content=\"273\" \/>\n\t<meta property=\"og:image:height\" content=\"400\" \/>\n\t<meta property=\"og:image:type\" content=\"image\/jpeg\" \/>\n<meta name=\"author\" content=\"Jean-Gabriel Davis\" \/>\n<meta name=\"twitter:card\" content=\"summary_large_image\" \/>\n<meta name=\"twitter:label1\" content=\"Escrito por\" \/>\n\t<meta name=\"twitter:data1\" content=\"Jean-Gabriel Davis\" \/>\n\t<meta name=\"twitter:label2\" content=\"Tiempo de lectura\" \/>\n\t<meta name=\"twitter:data2\" content=\"2 minutos\" \/>\n<script type=\"application\/ld+json\" class=\"yoast-schema-graph\">{\"@context\":\"https:\\\/\\\/schema.org\",\"@graph\":[{\"@type\":\"Article\",\"@id\":\"https:\\\/\\\/www.iemj.org\\\/es\\\/isaac-offenbach-and-his-son-jacques\\\/#article\",\"isPartOf\":{\"@id\":\"https:\\\/\\\/www.iemj.org\\\/es\\\/isaac-offenbach-and-his-son-jacques\\\/\"},\"author\":{\"name\":\"Jean-Gabriel Davis\",\"@id\":\"https:\\\/\\\/www.iemj.org\\\/es\\\/#\\\/schema\\\/person\\\/c9bc1c386a3749579a2d675e72a18666\"},\"headline\":\"Isaac Offenbach and his son Jacques\",\"datePublished\":\"2019-11-12T14:00:57+00:00\",\"dateModified\":\"2023-01-11T16:25:07+00:00\",\"mainEntityOfPage\":{\"@id\":\"https:\\\/\\\/www.iemj.org\\\/es\\\/isaac-offenbach-and-his-son-jacques\\\/\"},\"wordCount\":387,\"publisher\":{\"@id\":\"https:\\\/\\\/www.iemj.org\\\/es\\\/#organization\"},\"image\":{\"@id\":\"https:\\\/\\\/www.iemj.org\\\/es\\\/isaac-offenbach-and-his-son-jacques\\\/#primaryimage\"},\"thumbnailUrl\":\"https:\\\/\\\/www.iemj.org\\\/wp-content\\\/uploads\\\/2019\\\/11\\\/arton4381.jpg\",\"articleSection\":[\"Libros, art\u00edculos\",\"\u00daltimas adquisiciones\"],\"inLanguage\":\"es\"},{\"@type\":\"WebPage\",\"@id\":\"https:\\\/\\\/www.iemj.org\\\/es\\\/isaac-offenbach-and-his-son-jacques\\\/\",\"url\":\"https:\\\/\\\/www.iemj.org\\\/es\\\/isaac-offenbach-and-his-son-jacques\\\/\",\"name\":\"Isaac Offenbach and his son Jacques - Institut Europ\u00e9en des Musiques Juives\",\"isPartOf\":{\"@id\":\"https:\\\/\\\/www.iemj.org\\\/es\\\/#website\"},\"primaryImageOfPage\":{\"@id\":\"https:\\\/\\\/www.iemj.org\\\/es\\\/isaac-offenbach-and-his-son-jacques\\\/#primaryimage\"},\"image\":{\"@id\":\"https:\\\/\\\/www.iemj.org\\\/es\\\/isaac-offenbach-and-his-son-jacques\\\/#primaryimage\"},\"thumbnailUrl\":\"https:\\\/\\\/www.iemj.org\\\/wp-content\\\/uploads\\\/2019\\\/11\\\/arton4381.jpg\",\"datePublished\":\"2019-11-12T14:00:57+00:00\",\"dateModified\":\"2023-01-11T16:25:07+00:00\",\"breadcrumb\":{\"@id\":\"https:\\\/\\\/www.iemj.org\\\/es\\\/isaac-offenbach-and-his-son-jacques\\\/#breadcrumb\"},\"inLanguage\":\"es\",\"potentialAction\":[{\"@type\":\"ReadAction\",\"target\":[\"https:\\\/\\\/www.iemj.org\\\/es\\\/isaac-offenbach-and-his-son-jacques\\\/\"]}]},{\"@type\":\"ImageObject\",\"inLanguage\":\"es\",\"@id\":\"https:\\\/\\\/www.iemj.org\\\/es\\\/isaac-offenbach-and-his-son-jacques\\\/#primaryimage\",\"url\":\"https:\\\/\\\/www.iemj.org\\\/wp-content\\\/uploads\\\/2019\\\/11\\\/arton4381.jpg\",\"contentUrl\":\"https:\\\/\\\/www.iemj.org\\\/wp-content\\\/uploads\\\/2019\\\/11\\\/arton4381.jpg\",\"width\":273,\"height\":400},{\"@type\":\"BreadcrumbList\",\"@id\":\"https:\\\/\\\/www.iemj.org\\\/es\\\/isaac-offenbach-and-his-son-jacques\\\/#breadcrumb\",\"itemListElement\":[{\"@type\":\"ListItem\",\"position\":1,\"name\":\"Accueil\",\"item\":\"https:\\\/\\\/www.iemj.org\\\/es\\\/\"},{\"@type\":\"ListItem\",\"position\":2,\"name\":\"Isaac Offenbach and his son Jacques\"}]},{\"@type\":\"WebSite\",\"@id\":\"https:\\\/\\\/www.iemj.org\\\/es\\\/#website\",\"url\":\"https:\\\/\\\/www.iemj.org\\\/es\\\/\",\"name\":\"Institut Europ\u00e9en des Musiques Juives\",\"description\":\"Des traditions musicales \u00e0 la port\u00e9e de tous\",\"publisher\":{\"@id\":\"https:\\\/\\\/www.iemj.org\\\/es\\\/#organization\"},\"potentialAction\":[{\"@type\":\"SearchAction\",\"target\":{\"@type\":\"EntryPoint\",\"urlTemplate\":\"https:\\\/\\\/www.iemj.org\\\/es\\\/?s={search_term_string}\"},\"query-input\":{\"@type\":\"PropertyValueSpecification\",\"valueRequired\":true,\"valueName\":\"search_term_string\"}}],\"inLanguage\":\"es\"},{\"@type\":\"Organization\",\"@id\":\"https:\\\/\\\/www.iemj.org\\\/es\\\/#organization\",\"name\":\"Institut Europ\u00e9en des Musiques Juives\",\"url\":\"https:\\\/\\\/www.iemj.org\\\/es\\\/\",\"logo\":{\"@type\":\"ImageObject\",\"inLanguage\":\"es\",\"@id\":\"https:\\\/\\\/www.iemj.org\\\/es\\\/#\\\/schema\\\/logo\\\/image\\\/\",\"url\":\"https:\\\/\\\/www.iemj.org\\\/wp-content\\\/uploads\\\/2021\\\/09\\\/Logo-IEMJ-Paypal.jpg\",\"contentUrl\":\"https:\\\/\\\/www.iemj.org\\\/wp-content\\\/uploads\\\/2021\\\/09\\\/Logo-IEMJ-Paypal.jpg\",\"width\":150,\"height\":50,\"caption\":\"Institut Europ\u00e9en des Musiques Juives\"},\"image\":{\"@id\":\"https:\\\/\\\/www.iemj.org\\\/es\\\/#\\\/schema\\\/logo\\\/image\\\/\"},\"sameAs\":[\"https:\\\/\\\/www.facebook.com\\\/MusiquesJuives\\\/\",\"https:\\\/\\\/www.instagram.com\\\/musiquesjuives\\\/\",\"https:\\\/\\\/www.youtube.com\\\/user\\\/musiquesjuives\"]},{\"@type\":\"Person\",\"@id\":\"https:\\\/\\\/www.iemj.org\\\/es\\\/#\\\/schema\\\/person\\\/c9bc1c386a3749579a2d675e72a18666\",\"name\":\"Jean-Gabriel Davis\",\"image\":{\"@type\":\"ImageObject\",\"inLanguage\":\"es\",\"@id\":\"https:\\\/\\\/secure.gravatar.com\\\/avatar\\\/2b90d67bdf392c9b3a21fab87c0fa7edaf1fb3a058172a1ffd61033fcec7aec1?s=96&d=mm&r=g\",\"url\":\"https:\\\/\\\/secure.gravatar.com\\\/avatar\\\/2b90d67bdf392c9b3a21fab87c0fa7edaf1fb3a058172a1ffd61033fcec7aec1?s=96&d=mm&r=g\",\"contentUrl\":\"https:\\\/\\\/secure.gravatar.com\\\/avatar\\\/2b90d67bdf392c9b3a21fab87c0fa7edaf1fb3a058172a1ffd61033fcec7aec1?s=96&d=mm&r=g\",\"caption\":\"Jean-Gabriel Davis\"}}]}<\/script>\n<!-- \/ Yoast SEO plugin. -->","yoast_head_json":{"title":"Isaac Offenbach and his son Jacques - Institut Europ\u00e9en des Musiques Juives","robots":{"index":"index","follow":"follow","max-snippet":"max-snippet:-1","max-image-preview":"max-image-preview:large","max-video-preview":"max-video-preview:-1"},"canonical":"https:\/\/www.iemj.org\/es\/isaac-offenbach-and-his-son-jacques\/","og_locale":"es_ES","og_type":"article","og_title":"Isaac Offenbach and his son Jacques - Institut Europ\u00e9en des Musiques Juives","og_description":"Isaac Offenbach (1779-1850) fue cantor en la sinagoga de Colonia (Alemania) durante casi 30 a\u00f1os y escritor y compositor de talento. Este libro, escrito por Jacobo Kaufmann a partir de","og_url":"https:\/\/www.iemj.org\/es\/isaac-offenbach-and-his-son-jacques\/","og_site_name":"Institut Europ\u00e9en des Musiques Juives","article_publisher":"https:\/\/www.facebook.com\/MusiquesJuives\/","article_published_time":"2019-11-12T14:00:57+00:00","article_modified_time":"2023-01-11T16:25:07+00:00","og_image":[{"width":273,"height":400,"url":"https:\/\/www.iemj.org\/wp-content\/uploads\/2019\/11\/arton4381.jpg","type":"image\/jpeg"}],"author":"Jean-Gabriel Davis","twitter_card":"summary_large_image","twitter_misc":{"Escrito por":"Jean-Gabriel Davis","Tiempo de lectura":"2 minutos"},"schema":{"@context":"https:\/\/schema.org","@graph":[{"@type":"Article","@id":"https:\/\/www.iemj.org\/es\/isaac-offenbach-and-his-son-jacques\/#article","isPartOf":{"@id":"https:\/\/www.iemj.org\/es\/isaac-offenbach-and-his-son-jacques\/"},"author":{"name":"Jean-Gabriel Davis","@id":"https:\/\/www.iemj.org\/es\/#\/schema\/person\/c9bc1c386a3749579a2d675e72a18666"},"headline":"Isaac Offenbach and his son Jacques","datePublished":"2019-11-12T14:00:57+00:00","dateModified":"2023-01-11T16:25:07+00:00","mainEntityOfPage":{"@id":"https:\/\/www.iemj.org\/es\/isaac-offenbach-and-his-son-jacques\/"},"wordCount":387,"publisher":{"@id":"https:\/\/www.iemj.org\/es\/#organization"},"image":{"@id":"https:\/\/www.iemj.org\/es\/isaac-offenbach-and-his-son-jacques\/#primaryimage"},"thumbnailUrl":"https:\/\/www.iemj.org\/wp-content\/uploads\/2019\/11\/arton4381.jpg","articleSection":["Libros, art\u00edculos","\u00daltimas adquisiciones"],"inLanguage":"es"},{"@type":"WebPage","@id":"https:\/\/www.iemj.org\/es\/isaac-offenbach-and-his-son-jacques\/","url":"https:\/\/www.iemj.org\/es\/isaac-offenbach-and-his-son-jacques\/","name":"Isaac Offenbach and his son Jacques - Institut Europ\u00e9en des Musiques Juives","isPartOf":{"@id":"https:\/\/www.iemj.org\/es\/#website"},"primaryImageOfPage":{"@id":"https:\/\/www.iemj.org\/es\/isaac-offenbach-and-his-son-jacques\/#primaryimage"},"image":{"@id":"https:\/\/www.iemj.org\/es\/isaac-offenbach-and-his-son-jacques\/#primaryimage"},"thumbnailUrl":"https:\/\/www.iemj.org\/wp-content\/uploads\/2019\/11\/arton4381.jpg","datePublished":"2019-11-12T14:00:57+00:00","dateModified":"2023-01-11T16:25:07+00:00","breadcrumb":{"@id":"https:\/\/www.iemj.org\/es\/isaac-offenbach-and-his-son-jacques\/#breadcrumb"},"inLanguage":"es","potentialAction":[{"@type":"ReadAction","target":["https:\/\/www.iemj.org\/es\/isaac-offenbach-and-his-son-jacques\/"]}]},{"@type":"ImageObject","inLanguage":"es","@id":"https:\/\/www.iemj.org\/es\/isaac-offenbach-and-his-son-jacques\/#primaryimage","url":"https:\/\/www.iemj.org\/wp-content\/uploads\/2019\/11\/arton4381.jpg","contentUrl":"https:\/\/www.iemj.org\/wp-content\/uploads\/2019\/11\/arton4381.jpg","width":273,"height":400},{"@type":"BreadcrumbList","@id":"https:\/\/www.iemj.org\/es\/isaac-offenbach-and-his-son-jacques\/#breadcrumb","itemListElement":[{"@type":"ListItem","position":1,"name":"Accueil","item":"https:\/\/www.iemj.org\/es\/"},{"@type":"ListItem","position":2,"name":"Isaac Offenbach and his son Jacques"}]},{"@type":"WebSite","@id":"https:\/\/www.iemj.org\/es\/#website","url":"https:\/\/www.iemj.org\/es\/","name":"Institut Europ\u00e9en des Musiques Juives","description":"Des traditions musicales \u00e0 la port\u00e9e de tous","publisher":{"@id":"https:\/\/www.iemj.org\/es\/#organization"},"potentialAction":[{"@type":"SearchAction","target":{"@type":"EntryPoint","urlTemplate":"https:\/\/www.iemj.org\/es\/?s={search_term_string}"},"query-input":{"@type":"PropertyValueSpecification","valueRequired":true,"valueName":"search_term_string"}}],"inLanguage":"es"},{"@type":"Organization","@id":"https:\/\/www.iemj.org\/es\/#organization","name":"Institut Europ\u00e9en des Musiques Juives","url":"https:\/\/www.iemj.org\/es\/","logo":{"@type":"ImageObject","inLanguage":"es","@id":"https:\/\/www.iemj.org\/es\/#\/schema\/logo\/image\/","url":"https:\/\/www.iemj.org\/wp-content\/uploads\/2021\/09\/Logo-IEMJ-Paypal.jpg","contentUrl":"https:\/\/www.iemj.org\/wp-content\/uploads\/2021\/09\/Logo-IEMJ-Paypal.jpg","width":150,"height":50,"caption":"Institut Europ\u00e9en des Musiques Juives"},"image":{"@id":"https:\/\/www.iemj.org\/es\/#\/schema\/logo\/image\/"},"sameAs":["https:\/\/www.facebook.com\/MusiquesJuives\/","https:\/\/www.instagram.com\/musiquesjuives\/","https:\/\/www.youtube.com\/user\/musiquesjuives"]},{"@type":"Person","@id":"https:\/\/www.iemj.org\/es\/#\/schema\/person\/c9bc1c386a3749579a2d675e72a18666","name":"Jean-Gabriel Davis","image":{"@type":"ImageObject","inLanguage":"es","@id":"https:\/\/secure.gravatar.com\/avatar\/2b90d67bdf392c9b3a21fab87c0fa7edaf1fb3a058172a1ffd61033fcec7aec1?s=96&d=mm&r=g","url":"https:\/\/secure.gravatar.com\/avatar\/2b90d67bdf392c9b3a21fab87c0fa7edaf1fb3a058172a1ffd61033fcec7aec1?s=96&d=mm&r=g","contentUrl":"https:\/\/secure.gravatar.com\/avatar\/2b90d67bdf392c9b3a21fab87c0fa7edaf1fb3a058172a1ffd61033fcec7aec1?s=96&d=mm&r=g","caption":"Jean-Gabriel Davis"}}]}},"_links":{"self":[{"href":"https:\/\/www.iemj.org\/es\/wp-json\/wp\/v2\/posts\/92063","targetHints":{"allow":["GET"]}}],"collection":[{"href":"https:\/\/www.iemj.org\/es\/wp-json\/wp\/v2\/posts"}],"about":[{"href":"https:\/\/www.iemj.org\/es\/wp-json\/wp\/v2\/types\/post"}],"author":[{"embeddable":true,"href":"https:\/\/www.iemj.org\/es\/wp-json\/wp\/v2\/users\/1048"}],"replies":[{"embeddable":true,"href":"https:\/\/www.iemj.org\/es\/wp-json\/wp\/v2\/comments?post=92063"}],"version-history":[{"count":0,"href":"https:\/\/www.iemj.org\/es\/wp-json\/wp\/v2\/posts\/92063\/revisions"}],"wp:featuredmedia":[{"embeddable":true,"href":"https:\/\/www.iemj.org\/es\/wp-json\/wp\/v2\/media\/92064"}],"wp:attachment":[{"href":"https:\/\/www.iemj.org\/es\/wp-json\/wp\/v2\/media?parent=92063"}],"wp:term":[{"taxonomy":"category","embeddable":true,"href":"https:\/\/www.iemj.org\/es\/wp-json\/wp\/v2\/categories?post=92063"},{"taxonomy":"post_tag","embeddable":true,"href":"https:\/\/www.iemj.org\/es\/wp-json\/wp\/v2\/tags?post=92063"},{"taxonomy":"technique","embeddable":true,"href":"https:\/\/www.iemj.org\/es\/wp-json\/wp\/v2\/technique?post=92063"},{"taxonomy":"squelettes","embeddable":true,"href":"https:\/\/www.iemj.org\/es\/wp-json\/wp\/v2\/squelettes?post=92063"},{"taxonomy":"sujet","embeddable":true,"href":"https:\/\/www.iemj.org\/es\/wp-json\/wp\/v2\/sujet?post=92063"},{"taxonomy":"formation","embeddable":true,"href":"https:\/\/www.iemj.org\/es\/wp-json\/wp\/v2\/formation?post=92063"},{"taxonomy":"genre","embeddable":true,"href":"https:\/\/www.iemj.org\/es\/wp-json\/wp\/v2\/genre?post=92063"},{"taxonomy":"fonds","embeddable":true,"href":"https:\/\/www.iemj.org\/es\/wp-json\/wp\/v2\/fonds?post=92063"},{"taxonomy":"tradition","embeddable":true,"href":"https:\/\/www.iemj.org\/es\/wp-json\/wp\/v2\/tradition?post=92063"},{"taxonomy":"type-de-contenu","embeddable":true,"href":"https:\/\/www.iemj.org\/es\/wp-json\/wp\/v2\/type-de-contenu?post=92063"},{"taxonomy":"interprete-compositeur","embeddable":true,"href":"https:\/\/www.iemj.org\/es\/wp-json\/wp\/v2\/interprete-compositeur?post=92063"},{"taxonomy":"frise","embeddable":true,"href":"https:\/\/www.iemj.org\/es\/wp-json\/wp\/v2\/frise?post=92063"},{"taxonomy":"type-devenement","embeddable":true,"href":"https:\/\/www.iemj.org\/es\/wp-json\/wp\/v2\/type-devenement?post=92063"},{"taxonomy":"tableaux-liens-externes","embeddable":true,"href":"https:\/\/www.iemj.org\/es\/wp-json\/wp\/v2\/tableaux-liens-externes?post=92063"}],"curies":[{"name":"wp","href":"https:\/\/api.w.org\/{rel}","templated":true}]}}