{"id":92153,"date":"2019-09-02T16:31:39","date_gmt":"2019-09-02T14:31:39","guid":{"rendered":"https:\/\/www.iemj.org\/3-cd-du-groupe-ventanas-avec-tamar-ilana\/"},"modified":"2025-09-17T17:23:31","modified_gmt":"2025-09-17T15:23:31","slug":"3-cd-du-groupe-ventanas-avec-tamar-ilana","status":"publish","type":"post","link":"https:\/\/www.iemj.org\/es\/3-cd-du-groupe-ventanas-avec-tamar-ilana\/","title":{"rendered":"3 CD du groupe Ventanas, avec Tamar Ilana"},"content":{"rendered":"\n<p><strong><a href=\"http:\/\/ventanasmusic.com\">Tamar Ilana &amp; Ventanas<\/a><\/strong>, es un conjunto de World Music (m\u00fasicas del mundo) basado en Toronto, dirigido por la carism\u00e1tica cantante y bailarina Tamar Ilana, reuniendo los mejores m\u00fasicos de la World Music de la ciudad.<br>Inspirados por artistas legendarios como el Silk Road Ensemble, Paco de Luc\u00eda y tambi\u00e9n Yasmin Levy, juntos, reinventan las melod\u00edas mediterr\u00e1neas y los r\u00edtmos flamenco mezclando interpretaciones contempor\u00e1neas de antiguas baladas con composiciones originales.<\/p>\n\n\n\n<p>El 1er CD <strong><em>Ventanas<\/em>,<\/strong> publicado en 2013, incluye principalmente composiciones sobre melod\u00edas originarias de Turqu\u00eda, pero tambi\u00e9n de Kosovo, Grecia o tambi\u00e9n&nbsp; Bulgaria.<\/p>\n\n\n\n<div class=\"wp-block-columns are-vertically-aligned-center is-layout-flex wp-container-core-columns-is-layout-9d6595d7 wp-block-columns-is-layout-flex\">\n<div class=\"wp-block-column is-vertically-aligned-center is-layout-flow wp-block-column-is-layout-flow\" style=\"flex-basis:50%\"><div class=\"wp-block-image\">\n<figure class=\"aligncenter is-resized\"><img fetchpriority=\"high\" decoding=\"async\" width=\"250\" height=\"252\" src=\"https:\/\/www.iemj.org\/wp-content\/uploads\/2019\/09\/couv_cd_ventanas_250_px_vertic.jpg\" alt=\"couv_cd_ventanas_250_px_vertic.jpg\" class=\"wp-image-24612\" style=\"width:468px\"\/><\/figure>\n<\/div><\/div>\n\n\n\n<div class=\"wp-block-column is-vertically-aligned-center is-layout-flow wp-block-column-is-layout-flow\" style=\"flex-basis:50%\"><div class=\"wp-block-image\">\n<figure class=\"aligncenter is-resized\"><img decoding=\"async\" width=\"496\" height=\"500\" src=\"https:\/\/www.iemj.org\/wp-content\/uploads\/2019\/09\/couv4_cd_ventanas_500_px_vertic.jpg\" alt=\"couv4_cd_ventanas_500_px_vertic.jpg\" class=\"wp-image-24614\" style=\"width:468px\"\/><\/figure>\n<\/div><\/div>\n<\/div>\n\n\n\n<p>El 2ndo CD<em><strong> Arrelumbre<\/strong><\/em>, publicado en 2015, tambi\u00e9n se compone de melod\u00edas sefard\u00edes de Turqu\u00eda o de Macedonia, pero con toques de r\u00edtmos flamenco, haci\u00e9ndolas particularmente endiabladas y bailables.<\/p>\n\n\n\n<div class=\"wp-block-columns are-vertically-aligned-center is-layout-flex wp-container-core-columns-is-layout-9d6595d7 wp-block-columns-is-layout-flex\">\n<div class=\"wp-block-column is-vertically-aligned-center is-layout-flow wp-block-column-is-layout-flow\" style=\"flex-basis:50%\"><div class=\"wp-block-image\">\n<figure class=\"aligncenter is-resized\"><img decoding=\"async\" width=\"254\" height=\"250\" src=\"https:\/\/www.iemj.org\/wp-content\/uploads\/2019\/09\/couv_cd_ventanas-arrelumbre_250_px_vertic.jpg\" alt=\"couv_cd_ventanas-arrelumbre_250_px_vertic.jpg\" class=\"wp-image-24616\" style=\"width:468px\"\/><\/figure>\n<\/div><\/div>\n\n\n\n<div class=\"wp-block-column is-vertically-aligned-center is-layout-flow wp-block-column-is-layout-flow\" style=\"flex-basis:50%\"><div class=\"wp-block-image\">\n<figure class=\"aligncenter is-resized\"><img loading=\"lazy\" decoding=\"async\" width=\"508\" height=\"500\" src=\"https:\/\/www.iemj.org\/wp-content\/uploads\/2019\/09\/couv4_cd_ventanas-arrelumbre_500_px_vertic.jpg\" alt=\"couv4_cd_ventanas-arrelumbre_500_px_vertic.jpg\" class=\"wp-image-24618\" style=\"width:468px\"\/><\/figure>\n<\/div><\/div>\n<\/div>\n\n\n\n<p>Luego, el \u00faltimo CD <em><strong>Mistr\u00e1l<\/strong><\/em>, que acaba de publicarse en 2019 es igualmente diverso, sin duda m\u00e1s orientado hacia Medio Oriente, sin perder su toque de flamenco y sus melod\u00edas otomanas.<\/p>\n\n\n\n<div class=\"wp-block-columns are-vertically-aligned-center is-layout-flex wp-container-core-columns-is-layout-9d6595d7 wp-block-columns-is-layout-flex\">\n<div class=\"wp-block-column is-vertically-aligned-center is-layout-flow wp-block-column-is-layout-flow\" style=\"flex-basis:50%\"><div class=\"wp-block-image\">\n<figure class=\"aligncenter is-resized\"><img loading=\"lazy\" decoding=\"async\" width=\"250\" height=\"276\" src=\"https:\/\/www.iemj.org\/wp-content\/uploads\/2019\/09\/couv_cd_ventanas-mitral_250_px_vertic-r90.jpg\" alt=\"couv_cd_ventanas-mitral_250_px_vertic-r90.jpg\" class=\"wp-image-24620\" style=\"width:464px;height:auto\"\/><\/figure>\n<\/div><\/div>\n\n\n\n<div class=\"wp-block-column is-vertically-aligned-center is-layout-flow wp-block-column-is-layout-flow\" style=\"flex-basis:50%\"><div class=\"wp-block-image\">\n<figure class=\"aligncenter is-resized\"><img loading=\"lazy\" decoding=\"async\" width=\"554\" height=\"500\" src=\"https:\/\/www.iemj.org\/wp-content\/uploads\/2019\/09\/couv4_cd_ventanas-mitral_500_px_vertic.jpg\" alt=\"couv4_cd_ventanas-mitral_500_px_vertic.jpg\" class=\"wp-image-24622\" style=\"width:468px\"\/><\/figure>\n<\/div><\/div>\n<\/div>\n\n\n\n<h2 class=\"wp-block-heading\"><a href=\"http:\/\/www.tamarilana.com\/music.html\" target=\"_blank\" rel=\"noopener\">Pedir los CD de Tamar Ilana &amp; Ventanas<\/a><\/h2>\n\n\n<div class=\"wp-block-image\">\n<figure class=\"aligncenter size-large\"><img loading=\"lazy\" decoding=\"async\" width=\"1024\" height=\"133\" src=\"https:\/\/www.iemj.org\/wp-content\/uploads\/2024\/03\/AUDIO-PLAYER-1024x133.png\" alt=\"\" class=\"wp-image-110610\" srcset=\"https:\/\/www.iemj.org\/wp-content\/uploads\/2024\/03\/AUDIO-PLAYER-1024x133.png 1024w, https:\/\/www.iemj.org\/wp-content\/uploads\/2024\/03\/AUDIO-PLAYER-300x39.png 300w, https:\/\/www.iemj.org\/wp-content\/uploads\/2024\/03\/AUDIO-PLAYER-768x100.png 768w, https:\/\/www.iemj.org\/wp-content\/uploads\/2024\/03\/AUDIO-PLAYER-600x78.png 600w, https:\/\/www.iemj.org\/wp-content\/uploads\/2024\/03\/AUDIO-PLAYER.png 1210w\" sizes=\"(max-width: 1024px) 100vw, 1024px\" \/><\/figure>\n<\/div>\n\n\n<div class=\"wp-block-file\"><a id=\"wp-block-file--media-be1be864-8991-4666-bdc6-ba220506b67f\" href=\"https:\/\/www.iemj.org\/wp-content\/uploads\/2019\/07\/ventanas_01_tha_spaso_kupes_greece_.mp3\">Album Ventanas &#8211; 1 &#8211; Tha Spaso Kupes, Greece (Extrait)<\/a><\/div>\n\n\n\n<div class=\"wp-block-file\"><a id=\"wp-block-file--media-daba931f-f312-42c0-b052-062ee53f53fa\" href=\"https:\/\/www.iemj.org\/wp-content\/uploads\/2019\/07\/ventanas_03_gusta_mi_magla_kosovo_.mp3\">Album Ventanas &#8211; 3 &#8211; Gusta mi magla, Kosovo (Extrait)<\/a><\/div>\n\n\n\n<div class=\"wp-block-file\"><a id=\"wp-block-file--media-08fa6e8a-eabf-49b1-9292-53d0497b39aa\" href=\"https:\/\/www.iemj.org\/wp-content\/uploads\/2019\/07\/ventanas_04_oy_que_buena_bulgarian_sephardic_.mp3\">Album Ventanas &#8211; 4 &#8211; Oy que buena, Bulgarian Sephardic (Extrait)<\/a><\/div>\n\n\n\n<div class=\"wp-block-file\"><a id=\"wp-block-file--media-13eba3db-cd28-4d9b-aaa1-3dbf6b7fd44a\" href=\"https:\/\/www.iemj.org\/wp-content\/uploads\/2019\/07\/ventanas_08_frog_song_si_veriash_a_la_rana_turkish_sephardic_.mp3\">Album Ventanas &#8211; 8 &#8211; Frog song si veriash a la rana, Turkish sephardic (Extrait)<\/a><\/div>\n\n\n\n<div class=\"wp-block-file\"><a id=\"wp-block-file--media-3ce4a1dd-f776-4a32-8dbb-016666e09e38\" href=\"https:\/\/www.iemj.org\/wp-content\/uploads\/2019\/07\/arrelumbre_01_primavera.mp3\">Album Arrelumbre &#8211; 1 &#8211; Primavera (Extrait)<\/a><\/div>\n\n\n\n<div class=\"wp-block-file\"><a id=\"wp-block-file--media-adb473f7-65b6-4d97-951e-a005a14ff9d4\" href=\"https:\/\/www.iemj.org\/wp-content\/uploads\/2019\/07\/arrelumbre_03_arrelumbre_moroccan_sephardic_.mp3\">Album Arrelumbre &#8211; 3 &#8211; Arrelumbre, Moroccan Sephardic (Extrait)<\/a><\/div>\n\n\n\n<div class=\"wp-block-file\"><a id=\"wp-block-file--media-acbbfd81-7412-44fc-aa89-08ab70bb5cb0\" href=\"https:\/\/www.iemj.org\/wp-content\/uploads\/2019\/07\/arrelumbre_08_la_sala_del_crimen_cana_.mp3\">Album Arrelumbre &#8211; 8 La sala del crimen, Ca\u00f1a (Extrait)<\/a><\/div>\n\n\n\n<div class=\"wp-block-file\"><a id=\"wp-block-file--media-6e0c6289-d494-4fd2-9aee-a03c420f7c10\" href=\"https:\/\/www.iemj.org\/wp-content\/uploads\/2019\/07\/arrelumbre_11_ven_a_mi_colombianas_.mp3\">Album Arrelumbre &#8211; 11 &#8211; Ven a mi, Colombianas (Extrait)<\/a><\/div>\n\n\n\n<div class=\"wp-block-file\"><a id=\"wp-block-file--media-900a77af-3a75-4a7e-be6e-cda0a16a24e3\" href=\"https:\/\/www.iemj.org\/wp-content\/uploads\/2019\/07\/mistral_01_witirhal.mp3\">Album Mistr\u00e1l &#8211; 1 &#8211; Witirhal, Saudi Arabia &#8211; Maddah (Extrait)<\/a><\/div>\n\n\n\n<div class=\"wp-block-file\"><a id=\"wp-block-file--media-e0a72197-7425-4bdd-8894-3e5a1778f462\" href=\"https:\/\/www.iemj.org\/wp-content\/uploads\/2019\/07\/mistral_02_toward_the_light.mp3\">Album Mistr\u00e1l &#8211; 2 &#8211; Toward the light, Moroccan Sephardic &#8211; Levy (Extrait)<\/a><\/div>\n\n\n\n<div class=\"wp-block-file\"><a id=\"wp-block-file--media-95d8977b-49a5-4552-946a-285964b93f3b\" href=\"https:\/\/www.iemj.org\/wp-content\/uploads\/2019\/07\/mistral_05_asfour.mp3\">Album Mistr\u00e1l &#8211; 5 &#8211; Asfour, Lebanon &#8211; Khalife (Extrait)<\/a><\/div>\n\n\n\n<div class=\"wp-block-file\"><a id=\"wp-block-file--media-bff06ef2-ef16-45fa-9380-303c2585c845\" href=\"https:\/\/www.iemj.org\/wp-content\/uploads\/2019\/07\/mistral_08_sueno.mp3\">Album Mistr\u00e1l &#8211; 8 &#8211; Sue\u00f1o, Deutsch (Extrait)<\/a><\/div>\n","protected":false},"excerpt":{"rendered":"<p>Tamar Ilana &amp; Ventanas, es un conjunto de World Music (m\u00fasicas del mundo) basado en Toronto, dirigido por la carism\u00e1tica cantante y bailarina Tamar Ilana, reuniendo los mejores m\u00fasicos de<\/p>\n","protected":false},"author":5,"featured_media":92154,"comment_status":"closed","ping_status":"closed","sticky":false,"template":"","format":"standard","meta":{"_acf_changed":false,"footnotes":""},"categories":[1568,1565],"tags":[],"technique":[],"squelettes":[],"sujet":[],"formation":[],"genre":[1889],"fonds":[],"tradition":[],"type-de-contenu":[],"interprete-compositeur":[],"frise":[],"type-devenement":[],"tableaux-liens-externes":[],"class_list":["post-92153","post","type-post","status-publish","format-standard","has-post-thumbnail","hentry","category-cd-es","category-ultimas-adquisiciones-es","genre-judeo-espanol-es"],"acf":[],"yoast_head":"<!-- This site is optimized with the Yoast SEO plugin v27.3 - https:\/\/yoast.com\/product\/yoast-seo-wordpress\/ -->\n<title>3 CD du groupe Ventanas, avec Tamar Ilana - Institut Europ\u00e9en des Musiques Juives<\/title>\n<meta name=\"robots\" content=\"index, follow, max-snippet:-1, max-image-preview:large, max-video-preview:-1\" \/>\n<link rel=\"canonical\" href=\"https:\/\/www.iemj.org\/es\/3-cd-du-groupe-ventanas-avec-tamar-ilana\/\" \/>\n<meta property=\"og:locale\" content=\"es_ES\" \/>\n<meta property=\"og:type\" content=\"article\" \/>\n<meta property=\"og:title\" content=\"3 CD du groupe Ventanas, avec Tamar Ilana - Institut Europ\u00e9en des Musiques Juives\" \/>\n<meta property=\"og:description\" content=\"Tamar Ilana &amp; Ventanas, es un conjunto de World Music (m\u00fasicas del mundo) basado en Toronto, dirigido por la carism\u00e1tica cantante y bailarina Tamar Ilana, reuniendo los mejores m\u00fasicos de\" \/>\n<meta property=\"og:url\" content=\"https:\/\/www.iemj.org\/es\/3-cd-du-groupe-ventanas-avec-tamar-ilana\/\" \/>\n<meta property=\"og:site_name\" content=\"Institut Europ\u00e9en des Musiques Juives\" \/>\n<meta property=\"article:publisher\" content=\"https:\/\/www.facebook.com\/MusiquesJuives\/\" \/>\n<meta property=\"article:published_time\" content=\"2019-09-02T14:31:39+00:00\" \/>\n<meta property=\"article:modified_time\" content=\"2025-09-17T15:23:31+00:00\" \/>\n<meta property=\"og:image\" content=\"https:\/\/www.iemj.org\/wp-content\/uploads\/2019\/09\/arton4268-e1619086895539.jpg\" \/>\n\t<meta property=\"og:image:width\" content=\"350\" \/>\n\t<meta property=\"og:image:height\" content=\"367\" \/>\n\t<meta property=\"og:image:type\" content=\"image\/jpeg\" \/>\n<meta name=\"author\" content=\"Jacqueline ROTEN\" \/>\n<meta name=\"twitter:card\" content=\"summary_large_image\" \/>\n<meta name=\"twitter:label1\" content=\"Escrito por\" \/>\n\t<meta name=\"twitter:data1\" content=\"Jacqueline ROTEN\" \/>\n\t<meta name=\"twitter:label2\" content=\"Tiempo de lectura\" \/>\n\t<meta name=\"twitter:data2\" content=\"3 minutos\" \/>\n<script type=\"application\/ld+json\" class=\"yoast-schema-graph\">{\"@context\":\"https:\\\/\\\/schema.org\",\"@graph\":[{\"@type\":\"Article\",\"@id\":\"https:\\\/\\\/www.iemj.org\\\/es\\\/3-cd-du-groupe-ventanas-avec-tamar-ilana\\\/#article\",\"isPartOf\":{\"@id\":\"https:\\\/\\\/www.iemj.org\\\/es\\\/3-cd-du-groupe-ventanas-avec-tamar-ilana\\\/\"},\"author\":{\"name\":\"Jacqueline ROTEN\",\"@id\":\"https:\\\/\\\/www.iemj.org\\\/es\\\/#\\\/schema\\\/person\\\/358e26c18aca017fcc4cc15437f7279c\"},\"headline\":\"3 CD du groupe Ventanas, avec Tamar Ilana\",\"datePublished\":\"2019-09-02T14:31:39+00:00\",\"dateModified\":\"2025-09-17T15:23:31+00:00\",\"mainEntityOfPage\":{\"@id\":\"https:\\\/\\\/www.iemj.org\\\/es\\\/3-cd-du-groupe-ventanas-avec-tamar-ilana\\\/\"},\"wordCount\":306,\"publisher\":{\"@id\":\"https:\\\/\\\/www.iemj.org\\\/es\\\/#organization\"},\"image\":{\"@id\":\"https:\\\/\\\/www.iemj.org\\\/es\\\/3-cd-du-groupe-ventanas-avec-tamar-ilana\\\/#primaryimage\"},\"thumbnailUrl\":\"https:\\\/\\\/www.iemj.org\\\/wp-content\\\/uploads\\\/2019\\\/09\\\/arton4268-e1619086895539.jpg\",\"articleSection\":[\"CD\",\"\u00daltimas adquisiciones\"],\"inLanguage\":\"es\"},{\"@type\":\"WebPage\",\"@id\":\"https:\\\/\\\/www.iemj.org\\\/es\\\/3-cd-du-groupe-ventanas-avec-tamar-ilana\\\/\",\"url\":\"https:\\\/\\\/www.iemj.org\\\/es\\\/3-cd-du-groupe-ventanas-avec-tamar-ilana\\\/\",\"name\":\"3 CD du groupe Ventanas, avec Tamar Ilana - Institut Europ\u00e9en des Musiques Juives\",\"isPartOf\":{\"@id\":\"https:\\\/\\\/www.iemj.org\\\/es\\\/#website\"},\"primaryImageOfPage\":{\"@id\":\"https:\\\/\\\/www.iemj.org\\\/es\\\/3-cd-du-groupe-ventanas-avec-tamar-ilana\\\/#primaryimage\"},\"image\":{\"@id\":\"https:\\\/\\\/www.iemj.org\\\/es\\\/3-cd-du-groupe-ventanas-avec-tamar-ilana\\\/#primaryimage\"},\"thumbnailUrl\":\"https:\\\/\\\/www.iemj.org\\\/wp-content\\\/uploads\\\/2019\\\/09\\\/arton4268-e1619086895539.jpg\",\"datePublished\":\"2019-09-02T14:31:39+00:00\",\"dateModified\":\"2025-09-17T15:23:31+00:00\",\"breadcrumb\":{\"@id\":\"https:\\\/\\\/www.iemj.org\\\/es\\\/3-cd-du-groupe-ventanas-avec-tamar-ilana\\\/#breadcrumb\"},\"inLanguage\":\"es\",\"potentialAction\":[{\"@type\":\"ReadAction\",\"target\":[\"https:\\\/\\\/www.iemj.org\\\/es\\\/3-cd-du-groupe-ventanas-avec-tamar-ilana\\\/\"]}]},{\"@type\":\"ImageObject\",\"inLanguage\":\"es\",\"@id\":\"https:\\\/\\\/www.iemj.org\\\/es\\\/3-cd-du-groupe-ventanas-avec-tamar-ilana\\\/#primaryimage\",\"url\":\"https:\\\/\\\/www.iemj.org\\\/wp-content\\\/uploads\\\/2019\\\/09\\\/arton4268-e1619086895539.jpg\",\"contentUrl\":\"https:\\\/\\\/www.iemj.org\\\/wp-content\\\/uploads\\\/2019\\\/09\\\/arton4268-e1619086895539.jpg\",\"width\":350,\"height\":367},{\"@type\":\"BreadcrumbList\",\"@id\":\"https:\\\/\\\/www.iemj.org\\\/es\\\/3-cd-du-groupe-ventanas-avec-tamar-ilana\\\/#breadcrumb\",\"itemListElement\":[{\"@type\":\"ListItem\",\"position\":1,\"name\":\"Accueil\",\"item\":\"https:\\\/\\\/www.iemj.org\\\/es\\\/\"},{\"@type\":\"ListItem\",\"position\":2,\"name\":\"3 CD du groupe Ventanas, avec Tamar Ilana\"}]},{\"@type\":\"WebSite\",\"@id\":\"https:\\\/\\\/www.iemj.org\\\/es\\\/#website\",\"url\":\"https:\\\/\\\/www.iemj.org\\\/es\\\/\",\"name\":\"Institut Europ\u00e9en des Musiques Juives\",\"description\":\"Des traditions musicales \u00e0 la port\u00e9e de tous\",\"publisher\":{\"@id\":\"https:\\\/\\\/www.iemj.org\\\/es\\\/#organization\"},\"potentialAction\":[{\"@type\":\"SearchAction\",\"target\":{\"@type\":\"EntryPoint\",\"urlTemplate\":\"https:\\\/\\\/www.iemj.org\\\/es\\\/?s={search_term_string}\"},\"query-input\":{\"@type\":\"PropertyValueSpecification\",\"valueRequired\":true,\"valueName\":\"search_term_string\"}}],\"inLanguage\":\"es\"},{\"@type\":\"Organization\",\"@id\":\"https:\\\/\\\/www.iemj.org\\\/es\\\/#organization\",\"name\":\"Institut Europ\u00e9en des Musiques Juives\",\"url\":\"https:\\\/\\\/www.iemj.org\\\/es\\\/\",\"logo\":{\"@type\":\"ImageObject\",\"inLanguage\":\"es\",\"@id\":\"https:\\\/\\\/www.iemj.org\\\/es\\\/#\\\/schema\\\/logo\\\/image\\\/\",\"url\":\"https:\\\/\\\/www.iemj.org\\\/wp-content\\\/uploads\\\/2021\\\/09\\\/Logo-IEMJ-Paypal.jpg\",\"contentUrl\":\"https:\\\/\\\/www.iemj.org\\\/wp-content\\\/uploads\\\/2021\\\/09\\\/Logo-IEMJ-Paypal.jpg\",\"width\":150,\"height\":50,\"caption\":\"Institut Europ\u00e9en des Musiques Juives\"},\"image\":{\"@id\":\"https:\\\/\\\/www.iemj.org\\\/es\\\/#\\\/schema\\\/logo\\\/image\\\/\"},\"sameAs\":[\"https:\\\/\\\/www.facebook.com\\\/MusiquesJuives\\\/\",\"https:\\\/\\\/www.instagram.com\\\/musiquesjuives\\\/\",\"https:\\\/\\\/www.youtube.com\\\/user\\\/musiquesjuives\"]},{\"@type\":\"Person\",\"@id\":\"https:\\\/\\\/www.iemj.org\\\/es\\\/#\\\/schema\\\/person\\\/358e26c18aca017fcc4cc15437f7279c\",\"name\":\"Jacqueline ROTEN\",\"image\":{\"@type\":\"ImageObject\",\"inLanguage\":\"es\",\"@id\":\"https:\\\/\\\/secure.gravatar.com\\\/avatar\\\/5964256d6c6957de3a3505278957e0fb2a35119ac47ea41827a65301213c810b?s=96&d=mm&r=g\",\"url\":\"https:\\\/\\\/secure.gravatar.com\\\/avatar\\\/5964256d6c6957de3a3505278957e0fb2a35119ac47ea41827a65301213c810b?s=96&d=mm&r=g\",\"contentUrl\":\"https:\\\/\\\/secure.gravatar.com\\\/avatar\\\/5964256d6c6957de3a3505278957e0fb2a35119ac47ea41827a65301213c810b?s=96&d=mm&r=g\",\"caption\":\"Jacqueline ROTEN\"}}]}<\/script>\n<!-- \/ Yoast SEO plugin. -->","yoast_head_json":{"title":"3 CD du groupe Ventanas, avec Tamar Ilana - Institut Europ\u00e9en des Musiques Juives","robots":{"index":"index","follow":"follow","max-snippet":"max-snippet:-1","max-image-preview":"max-image-preview:large","max-video-preview":"max-video-preview:-1"},"canonical":"https:\/\/www.iemj.org\/es\/3-cd-du-groupe-ventanas-avec-tamar-ilana\/","og_locale":"es_ES","og_type":"article","og_title":"3 CD du groupe Ventanas, avec Tamar Ilana - Institut Europ\u00e9en des Musiques Juives","og_description":"Tamar Ilana &amp; Ventanas, es un conjunto de World Music (m\u00fasicas del mundo) basado en Toronto, dirigido por la carism\u00e1tica cantante y bailarina Tamar Ilana, reuniendo los mejores m\u00fasicos de","og_url":"https:\/\/www.iemj.org\/es\/3-cd-du-groupe-ventanas-avec-tamar-ilana\/","og_site_name":"Institut Europ\u00e9en des Musiques Juives","article_publisher":"https:\/\/www.facebook.com\/MusiquesJuives\/","article_published_time":"2019-09-02T14:31:39+00:00","article_modified_time":"2025-09-17T15:23:31+00:00","og_image":[{"width":350,"height":367,"url":"https:\/\/www.iemj.org\/wp-content\/uploads\/2019\/09\/arton4268-e1619086895539.jpg","type":"image\/jpeg"}],"author":"Jacqueline ROTEN","twitter_card":"summary_large_image","twitter_misc":{"Escrito por":"Jacqueline ROTEN","Tiempo de lectura":"3 minutos"},"schema":{"@context":"https:\/\/schema.org","@graph":[{"@type":"Article","@id":"https:\/\/www.iemj.org\/es\/3-cd-du-groupe-ventanas-avec-tamar-ilana\/#article","isPartOf":{"@id":"https:\/\/www.iemj.org\/es\/3-cd-du-groupe-ventanas-avec-tamar-ilana\/"},"author":{"name":"Jacqueline ROTEN","@id":"https:\/\/www.iemj.org\/es\/#\/schema\/person\/358e26c18aca017fcc4cc15437f7279c"},"headline":"3 CD du groupe Ventanas, avec Tamar Ilana","datePublished":"2019-09-02T14:31:39+00:00","dateModified":"2025-09-17T15:23:31+00:00","mainEntityOfPage":{"@id":"https:\/\/www.iemj.org\/es\/3-cd-du-groupe-ventanas-avec-tamar-ilana\/"},"wordCount":306,"publisher":{"@id":"https:\/\/www.iemj.org\/es\/#organization"},"image":{"@id":"https:\/\/www.iemj.org\/es\/3-cd-du-groupe-ventanas-avec-tamar-ilana\/#primaryimage"},"thumbnailUrl":"https:\/\/www.iemj.org\/wp-content\/uploads\/2019\/09\/arton4268-e1619086895539.jpg","articleSection":["CD","\u00daltimas adquisiciones"],"inLanguage":"es"},{"@type":"WebPage","@id":"https:\/\/www.iemj.org\/es\/3-cd-du-groupe-ventanas-avec-tamar-ilana\/","url":"https:\/\/www.iemj.org\/es\/3-cd-du-groupe-ventanas-avec-tamar-ilana\/","name":"3 CD du groupe Ventanas, avec Tamar Ilana - Institut Europ\u00e9en des Musiques Juives","isPartOf":{"@id":"https:\/\/www.iemj.org\/es\/#website"},"primaryImageOfPage":{"@id":"https:\/\/www.iemj.org\/es\/3-cd-du-groupe-ventanas-avec-tamar-ilana\/#primaryimage"},"image":{"@id":"https:\/\/www.iemj.org\/es\/3-cd-du-groupe-ventanas-avec-tamar-ilana\/#primaryimage"},"thumbnailUrl":"https:\/\/www.iemj.org\/wp-content\/uploads\/2019\/09\/arton4268-e1619086895539.jpg","datePublished":"2019-09-02T14:31:39+00:00","dateModified":"2025-09-17T15:23:31+00:00","breadcrumb":{"@id":"https:\/\/www.iemj.org\/es\/3-cd-du-groupe-ventanas-avec-tamar-ilana\/#breadcrumb"},"inLanguage":"es","potentialAction":[{"@type":"ReadAction","target":["https:\/\/www.iemj.org\/es\/3-cd-du-groupe-ventanas-avec-tamar-ilana\/"]}]},{"@type":"ImageObject","inLanguage":"es","@id":"https:\/\/www.iemj.org\/es\/3-cd-du-groupe-ventanas-avec-tamar-ilana\/#primaryimage","url":"https:\/\/www.iemj.org\/wp-content\/uploads\/2019\/09\/arton4268-e1619086895539.jpg","contentUrl":"https:\/\/www.iemj.org\/wp-content\/uploads\/2019\/09\/arton4268-e1619086895539.jpg","width":350,"height":367},{"@type":"BreadcrumbList","@id":"https:\/\/www.iemj.org\/es\/3-cd-du-groupe-ventanas-avec-tamar-ilana\/#breadcrumb","itemListElement":[{"@type":"ListItem","position":1,"name":"Accueil","item":"https:\/\/www.iemj.org\/es\/"},{"@type":"ListItem","position":2,"name":"3 CD du groupe Ventanas, avec Tamar Ilana"}]},{"@type":"WebSite","@id":"https:\/\/www.iemj.org\/es\/#website","url":"https:\/\/www.iemj.org\/es\/","name":"Institut Europ\u00e9en des Musiques Juives","description":"Des traditions musicales \u00e0 la port\u00e9e de tous","publisher":{"@id":"https:\/\/www.iemj.org\/es\/#organization"},"potentialAction":[{"@type":"SearchAction","target":{"@type":"EntryPoint","urlTemplate":"https:\/\/www.iemj.org\/es\/?s={search_term_string}"},"query-input":{"@type":"PropertyValueSpecification","valueRequired":true,"valueName":"search_term_string"}}],"inLanguage":"es"},{"@type":"Organization","@id":"https:\/\/www.iemj.org\/es\/#organization","name":"Institut Europ\u00e9en des Musiques Juives","url":"https:\/\/www.iemj.org\/es\/","logo":{"@type":"ImageObject","inLanguage":"es","@id":"https:\/\/www.iemj.org\/es\/#\/schema\/logo\/image\/","url":"https:\/\/www.iemj.org\/wp-content\/uploads\/2021\/09\/Logo-IEMJ-Paypal.jpg","contentUrl":"https:\/\/www.iemj.org\/wp-content\/uploads\/2021\/09\/Logo-IEMJ-Paypal.jpg","width":150,"height":50,"caption":"Institut Europ\u00e9en des Musiques Juives"},"image":{"@id":"https:\/\/www.iemj.org\/es\/#\/schema\/logo\/image\/"},"sameAs":["https:\/\/www.facebook.com\/MusiquesJuives\/","https:\/\/www.instagram.com\/musiquesjuives\/","https:\/\/www.youtube.com\/user\/musiquesjuives"]},{"@type":"Person","@id":"https:\/\/www.iemj.org\/es\/#\/schema\/person\/358e26c18aca017fcc4cc15437f7279c","name":"Jacqueline ROTEN","image":{"@type":"ImageObject","inLanguage":"es","@id":"https:\/\/secure.gravatar.com\/avatar\/5964256d6c6957de3a3505278957e0fb2a35119ac47ea41827a65301213c810b?s=96&d=mm&r=g","url":"https:\/\/secure.gravatar.com\/avatar\/5964256d6c6957de3a3505278957e0fb2a35119ac47ea41827a65301213c810b?s=96&d=mm&r=g","contentUrl":"https:\/\/secure.gravatar.com\/avatar\/5964256d6c6957de3a3505278957e0fb2a35119ac47ea41827a65301213c810b?s=96&d=mm&r=g","caption":"Jacqueline ROTEN"}}]}},"_links":{"self":[{"href":"https:\/\/www.iemj.org\/es\/wp-json\/wp\/v2\/posts\/92153","targetHints":{"allow":["GET"]}}],"collection":[{"href":"https:\/\/www.iemj.org\/es\/wp-json\/wp\/v2\/posts"}],"about":[{"href":"https:\/\/www.iemj.org\/es\/wp-json\/wp\/v2\/types\/post"}],"author":[{"embeddable":true,"href":"https:\/\/www.iemj.org\/es\/wp-json\/wp\/v2\/users\/5"}],"replies":[{"embeddable":true,"href":"https:\/\/www.iemj.org\/es\/wp-json\/wp\/v2\/comments?post=92153"}],"version-history":[{"count":0,"href":"https:\/\/www.iemj.org\/es\/wp-json\/wp\/v2\/posts\/92153\/revisions"}],"wp:featuredmedia":[{"embeddable":true,"href":"https:\/\/www.iemj.org\/es\/wp-json\/wp\/v2\/media\/92154"}],"wp:attachment":[{"href":"https:\/\/www.iemj.org\/es\/wp-json\/wp\/v2\/media?parent=92153"}],"wp:term":[{"taxonomy":"category","embeddable":true,"href":"https:\/\/www.iemj.org\/es\/wp-json\/wp\/v2\/categories?post=92153"},{"taxonomy":"post_tag","embeddable":true,"href":"https:\/\/www.iemj.org\/es\/wp-json\/wp\/v2\/tags?post=92153"},{"taxonomy":"technique","embeddable":true,"href":"https:\/\/www.iemj.org\/es\/wp-json\/wp\/v2\/technique?post=92153"},{"taxonomy":"squelettes","embeddable":true,"href":"https:\/\/www.iemj.org\/es\/wp-json\/wp\/v2\/squelettes?post=92153"},{"taxonomy":"sujet","embeddable":true,"href":"https:\/\/www.iemj.org\/es\/wp-json\/wp\/v2\/sujet?post=92153"},{"taxonomy":"formation","embeddable":true,"href":"https:\/\/www.iemj.org\/es\/wp-json\/wp\/v2\/formation?post=92153"},{"taxonomy":"genre","embeddable":true,"href":"https:\/\/www.iemj.org\/es\/wp-json\/wp\/v2\/genre?post=92153"},{"taxonomy":"fonds","embeddable":true,"href":"https:\/\/www.iemj.org\/es\/wp-json\/wp\/v2\/fonds?post=92153"},{"taxonomy":"tradition","embeddable":true,"href":"https:\/\/www.iemj.org\/es\/wp-json\/wp\/v2\/tradition?post=92153"},{"taxonomy":"type-de-contenu","embeddable":true,"href":"https:\/\/www.iemj.org\/es\/wp-json\/wp\/v2\/type-de-contenu?post=92153"},{"taxonomy":"interprete-compositeur","embeddable":true,"href":"https:\/\/www.iemj.org\/es\/wp-json\/wp\/v2\/interprete-compositeur?post=92153"},{"taxonomy":"frise","embeddable":true,"href":"https:\/\/www.iemj.org\/es\/wp-json\/wp\/v2\/frise?post=92153"},{"taxonomy":"type-devenement","embeddable":true,"href":"https:\/\/www.iemj.org\/es\/wp-json\/wp\/v2\/type-devenement?post=92153"},{"taxonomy":"tableaux-liens-externes","embeddable":true,"href":"https:\/\/www.iemj.org\/es\/wp-json\/wp\/v2\/tableaux-liens-externes?post=92153"}],"curies":[{"name":"wp","href":"https:\/\/api.w.org\/{rel}","templated":true}]}}