{"id":92237,"date":"2019-05-14T17:45:03","date_gmt":"2019-05-14T15:45:03","guid":{"rendered":"https:\/\/www.iemj.org\/the-yiddish-cabaret-korngold-schulhoff-desyatnikov\/"},"modified":"2025-09-09T17:41:10","modified_gmt":"2025-09-09T15:41:10","slug":"the-yiddish-cabaret-korngold-schulhoff-desyatnikov","status":"publish","type":"post","link":"https:\/\/www.iemj.org\/es\/the-yiddish-cabaret-korngold-schulhoff-desyatnikov\/","title":{"rendered":"The yiddish cabaret &#8211; Korngold \/ Schulhoff \/ Desyatnikov"},"content":{"rendered":"<p class=\"post_excerpt\">Harmonia Mundi, 2019<\/p>\n<p><!--more--><\/p>\n<p>El programa de este disco resulta de un trabajo del Cuarteto de Jerusal\u00e9n sobre la m\u00fasica de los cabarets yiddish en Polonia durante el per\u00edodo de entreguerras. Durante casi dos a\u00f1os, los cuatro m\u00fasicos, asistidos por la music\u00f3loga Gila Flam, han realizado investigaciones en los archivos de la Biblioteca Nacional de Jerusal\u00e9n. Tras una larga labor, seleccionaron cinco canciones yiddish que se interpretaban en los cabarets jud\u00edos de Varsovia y de Lodz entre 1919 y 1939. La primera es una canci\u00f3n nost\u00e1lgica sobre la ciudad de Varsovia (<em>Varshe<\/em>), la segunda, una parodia de una canci\u00f3n estadounidense que cuenta la historia de una prostituta jud\u00eda (<em>In a hoyz vu men veynt un men lakht<\/em>). Las tercera (<em>I<\/em><em>kh ganve in der nakht<\/em>) y quinta canciones (<em>Ikh vel shoyn mer nit ganvenen<\/em>) vienen del repertorio de los \u00ab cantos de los ladrones \u00bb yiddish de la mafia jud\u00eda. La cuarta canci\u00f3n (<em>Yosl und Sore-Dvoshe<\/em>) es un d\u00fao entre un hombre y una mujer que viven en la pobreza pero sue\u00f1an con tener una gran familia y vivir felices en una gran ciudad.<\/p>\n<p>Estas cinco canciones sirvieroni de base para una creaci\u00f3n del compositor israel\u00ed Leonid Desyatnikov (1955) que realiz\u00f3 una adaptaci\u00f3n para voces (interpretada aqu\u00ed en yiddish por la soprano israel\u00ed Hila Baggio) y cuarteto de cuerda. Como lo detalla Desyatnikov en el folleto documentado del disco redactado por Gila Flam : \u00ab Mi ciclo es una serie de transcripciones libres de esta m\u00fasica, com\u00fanmente conocida como \u00ab baja gama \u00bb. Es la cultura ecl\u00e9ctica del proletariado y de los extranjeros, la cultura de lo chic barato, y, al mismo tiempo \u2013 bajo sus mejores formas -, una cultura insolente y talentuosa, llena de auto-iron\u00eda y de desesperanza latente. \u00bb Gila Flam a\u00f1ade que \u00ab los m\u00fasicos e int\u00e9rpretes jud\u00edos desempe\u00f1aban un papel fundamental en la m\u00fasica popular en Polonia, contribuyendo as\u00ed a apliar el repertorio de las canciones polacas y yiddish. Al hacerlo, han influenciado toda la m\u00fasica de cabaret europea, la m\u00fasica de las pel\u00edculas de Hollywood y la m\u00fasica de los teatros de Broadway en Estados Unidos. \u00bb<\/p>\n<p>Y fue precisamente en Hollywood que el compositor jud\u00edo Erich Wolfgang Korngold (1897-1957) realiz\u00f3 la mayor\u00eda de su carrera. Nacido en Brno en Austria-Hungr\u00eda el 29 de mayo de 1897, ni\u00f1o prodigio, a veces comparado con Mozart, fue uno de los \u00faltimos representantes del romanticismo vien\u00e9s. En 1925, fue el compositor m\u00e1s interpretado despu\u00e9s de Richard Strauss en los pa\u00edses german\u00f3fonos. En 1934, realiz\u00f3 una primera estancia en Estados Unidos, donde compuso principalmente m\u00fasica de pel\u00edcula para la compa\u00f1\u00eda Warner Bros. Tras una breve vuelta a Viena en 1937, emigr\u00f3 de manera definitiva en 1938. En un per\u00edodo de doce a\u00f1os, escribi\u00f3 dieciocho m\u00fasicas de cine, dos de las cuales (Anthony Adverse y Robin des Bois) han sido premiadas con \u00d3scars.<br \/>Su <em>Cuarteto de cuerda n\u00b0 2 op. 26<\/em>, de cuatro movimientos, fue compuesto en 1933 y creado en Viena por el cuarteto Rose el 16 de marzo de 1934, justo antes de la mudanza del compositor a Estados Unidos. Seg\u00fan el cuarteto de cuerda de Jerusal\u00e9n, esta obra de Korngold representa su profunda nostalgia de las tradiciones musicales de Europa central.<\/p>\n<p>La \u00faltima obra de este disco \u2013 un poco ecl\u00e9ctica \u2013 se debe al compositor checo Erwin Schulhoff (1894-1942). Nacido en Praga en 1894 en una familia jud\u00eda, Schulhoff fue descubierto muy temprano e impulsado por Dvo\u0159\u00e1k. Su estilo se caracteriza por una mezcla de atonalidad, surrealismo y repertorios populares. Detenido por los Nazis el 22 de junio de 1941, fue internado en la fortaleza de W\u00fclzburg, en Baviera, donde muri\u00f3 de tuberculosis el 28 de agosto de 1942.<br \/>Sus <em>Cinco piezas para cuarteto de cuerda<\/em> (1923), dedicadas a Darius Milhaud, fueron interpretadas por primera vez en Salzburgo el 8 de agosto de 1924. Consisten en un encadenamiento de bailes (vals, tango, tarantela\u2026) que extraen su inspiraci\u00f3n en la m\u00fasica popular de la \u00e9poca.<\/p>\n<p><a href=\"http:\/\/www.jerusalem-quartet.com\/index.php\/news\/1258-yiddish-a-new-project-celebrating-jewish-influence-on-xx-century-music\" target=\"_blank\" rel=\"noopener\">M\u00e1s informaci\u00f3n sobre el Jerusalem Quartet<\/a><br \/><a href=\"https:\/\/musique.fnac.com\/a13475634\/Erich-Wolfgang-Korngold-The-Yiddish-Cabaret-CD-album\" target=\"_blank\" rel=\"noopener\">Pedir el CD<\/a><\/p>\n\n\n<h2 class=\"wp-block-heading\"><\/h2>\n\n\n<div class=\"wp-block-image\">\n<figure class=\"aligncenter size-large\"><img fetchpriority=\"high\" decoding=\"async\" width=\"1024\" height=\"133\" src=\"https:\/\/www.iemj.org\/wp-content\/uploads\/2024\/03\/AUDIO-PLAYER-1024x133.png\" alt=\"\" class=\"wp-image-110610\" srcset=\"https:\/\/www.iemj.org\/wp-content\/uploads\/2024\/03\/AUDIO-PLAYER-1024x133.png 1024w, https:\/\/www.iemj.org\/wp-content\/uploads\/2024\/03\/AUDIO-PLAYER-300x39.png 300w, https:\/\/www.iemj.org\/wp-content\/uploads\/2024\/03\/AUDIO-PLAYER-768x100.png 768w, https:\/\/www.iemj.org\/wp-content\/uploads\/2024\/03\/AUDIO-PLAYER-600x78.png 600w, https:\/\/www.iemj.org\/wp-content\/uploads\/2024\/03\/AUDIO-PLAYER.png 1210w\" sizes=\"(max-width: 1024px) 100vw, 1024px\" \/><\/figure>\n<\/div>\n\n\n<div class=\"wp-block-file\"><a id=\"wp-block-file--media-8de879dc-ce51-4e9d-81e1-def72ccd52ad\" href=\"https:\/\/www.iemj.org\/wp-content\/uploads\/2019\/05\/1_korngold_quatuor_cordes_n_2_2_intermezzo_siteiemj.mp3\">Korngold &#8211; Intermezzo (Quatuor \u00e0 cordes n\u00b0 2) (Extrait)<\/a><\/div>\n\n\n\n<div class=\"wp-block-file\"><a id=\"wp-block-file--media-9497d117-5694-4d5c-bb72-6939cbac5807\" href=\"https:\/\/www.iemj.org\/wp-content\/uploads\/2019\/05\/2_schulhoff_cinq_pi_ces_pour_quatuor_cordes_5_alla_tarantella_siteiemj.mp3\">Schulhoff &#8211; Alla Tarantella (Cinq pi\u00e8ces pour quatuor \u00e0 cordes) (Extrait)<\/a><\/div>\n\n\n\n<div class=\"wp-block-file\"><a id=\"wp-block-file--media-5d83776b-0af3-472a-9a9e-5282963b6b46\" href=\"https:\/\/www.iemj.org\/wp-content\/uploads\/2019\/05\/3_desyatnikov_5_chansons_de_cabaret_yiddish_pour_voix_et_quatuor_cordes_1_varshe_siteiemj.mp3\">Desyatnikov &#8211; Varshe (5 chansons de cabaret yiddish pour voix et quatuor \u00e0 cordes) (Extrait)<\/a><\/div>\n\n\n\n<div class=\"wp-block-file\"><a id=\"wp-block-file--media-4e3b4de3-c60c-41a1-abb7-2c21aa04875f\" href=\"https:\/\/www.iemj.org\/wp-content\/uploads\/2019\/05\/4_desyatnikov_5_chansons_de_cabaret_yiddish_pour_voix_et_quatuor_cordes_2_in_a_hoyz_siteiemj.mp3\">Desyatnikov &#8211; In a hoyz (5 chansons de cabaret yiddish pour voix et quatuor \u00e0 cordes) (Extrait)<\/a><\/div>\n\n\n\n<div class=\"wp-block-file\"><a id=\"wp-block-file--media-577c1cfb-d986-4117-aa1e-862393dacf1c\" href=\"https:\/\/www.iemj.org\/wp-content\/uploads\/2019\/05\/5_desyatnikov_5_chansons_de_cabaret_yiddish_pour_voix_et_quatuor_cordes_3_ikh_ganve_in_der_nakht_siteiemj.mp3\">Desyatnikov &#8211; Ikh ganve in der nakht (5 chansons de cabaret yiddish pour voix et quatuor \u00e0 cordes) (Extrait)<\/a><\/div>\n\n\n\n<div class=\"wp-block-file\"><a id=\"wp-block-file--media-90c36e2e-74b9-4ad7-a30a-a25dfc0574ea\" href=\"https:\/\/www.iemj.org\/wp-content\/uploads\/2019\/05\/6_desyatnikov_5_chansons_de_cabaret_yiddish_pour_voix_et_quatuor_cordes_4_yosl_und_sore-dvoshe_siteiemj.mp3\">Desyatnikov &#8211; Yosl und Sore, Dvoshe (5 chansons de cabaret yiddish pour voix et quatuor \u00e0 cordes) (Extrait)<\/a><\/div>\n\n\n\n<div class=\"wp-block-file\"><a id=\"wp-block-file--media-da6e0a23-cea2-4d1e-8c5d-829b300b90f3\" href=\"https:\/\/www.iemj.org\/wp-content\/uploads\/2019\/05\/7_desyatnikov_5_chansons_de_cabaret_yiddish_pour_voix_et_quatuor_cordes_5_ikh_vel_shoyn_mer_nit_ganvenen_siteiemj.mp3\">Desyatnikov &#8211; Ikh vel shoyn mer nit ganvenen (5 chansons de cabaret yiddish pour voix et quatuor \u00e0 cordes) (Extrait)<\/a><\/div>\n","protected":false},"excerpt":{"rendered":"<p>Harmonia Mundi, 2019<\/p>\n","protected":false},"author":1045,"featured_media":92238,"comment_status":"closed","ping_status":"closed","sticky":false,"template":"","format":"standard","meta":{"_acf_changed":false,"footnotes":""},"categories":[1568,1565],"tags":[],"technique":[],"squelettes":[],"sujet":[],"formation":[],"genre":[1899,1863],"fonds":[],"tradition":[],"type-de-contenu":[],"interprete-compositeur":[],"frise":[],"type-devenement":[],"tableaux-liens-externes":[],"class_list":["post-92237","post","type-post","status-publish","format-standard","has-post-thumbnail","hentry","category-cd-es","category-ultimas-adquisiciones-es","genre-musica-clasica-es","genre-yiddish-es"],"acf":[],"yoast_head":"<!-- This site is optimized with the Yoast SEO plugin v27.3 - https:\/\/yoast.com\/product\/yoast-seo-wordpress\/ -->\n<title>The yiddish cabaret - Korngold \/ Schulhoff \/ Desyatnikov - Institut Europ\u00e9en des Musiques Juives<\/title>\n<meta name=\"robots\" content=\"index, follow, max-snippet:-1, max-image-preview:large, max-video-preview:-1\" \/>\n<link rel=\"canonical\" href=\"https:\/\/www.iemj.org\/es\/the-yiddish-cabaret-korngold-schulhoff-desyatnikov\/\" \/>\n<meta property=\"og:locale\" content=\"es_ES\" \/>\n<meta property=\"og:type\" content=\"article\" \/>\n<meta property=\"og:title\" content=\"The yiddish cabaret - Korngold \/ Schulhoff \/ Desyatnikov - Institut Europ\u00e9en des Musiques Juives\" \/>\n<meta property=\"og:description\" content=\"Harmonia Mundi, 2019\" \/>\n<meta property=\"og:url\" content=\"https:\/\/www.iemj.org\/es\/the-yiddish-cabaret-korngold-schulhoff-desyatnikov\/\" \/>\n<meta property=\"og:site_name\" content=\"Institut Europ\u00e9en des Musiques Juives\" \/>\n<meta property=\"article:publisher\" content=\"https:\/\/www.facebook.com\/MusiquesJuives\/\" \/>\n<meta property=\"article:published_time\" content=\"2019-05-14T15:45:03+00:00\" \/>\n<meta property=\"article:modified_time\" content=\"2025-09-09T15:41:10+00:00\" \/>\n<meta property=\"og:image\" content=\"https:\/\/www.iemj.org\/wp-content\/uploads\/2019\/05\/arton4152-e1619097026872.jpg\" \/>\n\t<meta property=\"og:image:width\" content=\"350\" \/>\n\t<meta property=\"og:image:height\" content=\"350\" \/>\n\t<meta property=\"og:image:type\" content=\"image\/jpeg\" \/>\n<meta name=\"author\" content=\"Herv\u00e9 Roten\" \/>\n<meta name=\"twitter:card\" content=\"summary_large_image\" \/>\n<meta name=\"twitter:label1\" content=\"Escrito por\" \/>\n\t<meta name=\"twitter:data1\" content=\"Herv\u00e9 Roten\" \/>\n\t<meta name=\"twitter:label2\" content=\"Tiempo de lectura\" \/>\n\t<meta name=\"twitter:data2\" content=\"5 minutos\" \/>\n<script type=\"application\/ld+json\" class=\"yoast-schema-graph\">{\"@context\":\"https:\\\/\\\/schema.org\",\"@graph\":[{\"@type\":\"Article\",\"@id\":\"https:\\\/\\\/www.iemj.org\\\/es\\\/the-yiddish-cabaret-korngold-schulhoff-desyatnikov\\\/#article\",\"isPartOf\":{\"@id\":\"https:\\\/\\\/www.iemj.org\\\/es\\\/the-yiddish-cabaret-korngold-schulhoff-desyatnikov\\\/\"},\"author\":{\"name\":\"Herv\u00e9 Roten\",\"@id\":\"https:\\\/\\\/www.iemj.org\\\/es\\\/#\\\/schema\\\/person\\\/906134402c29d5c76e7b726261dd4bbd\"},\"headline\":\"The yiddish cabaret &#8211; Korngold \\\/ Schulhoff \\\/ Desyatnikov\",\"datePublished\":\"2019-05-14T15:45:03+00:00\",\"dateModified\":\"2025-09-09T15:41:10+00:00\",\"mainEntityOfPage\":{\"@id\":\"https:\\\/\\\/www.iemj.org\\\/es\\\/the-yiddish-cabaret-korngold-schulhoff-desyatnikov\\\/\"},\"wordCount\":793,\"publisher\":{\"@id\":\"https:\\\/\\\/www.iemj.org\\\/es\\\/#organization\"},\"image\":{\"@id\":\"https:\\\/\\\/www.iemj.org\\\/es\\\/the-yiddish-cabaret-korngold-schulhoff-desyatnikov\\\/#primaryimage\"},\"thumbnailUrl\":\"https:\\\/\\\/www.iemj.org\\\/wp-content\\\/uploads\\\/2019\\\/05\\\/arton4152-e1619097026872.jpg\",\"articleSection\":[\"CD\",\"\u00daltimas adquisiciones\"],\"inLanguage\":\"es\"},{\"@type\":\"WebPage\",\"@id\":\"https:\\\/\\\/www.iemj.org\\\/es\\\/the-yiddish-cabaret-korngold-schulhoff-desyatnikov\\\/\",\"url\":\"https:\\\/\\\/www.iemj.org\\\/es\\\/the-yiddish-cabaret-korngold-schulhoff-desyatnikov\\\/\",\"name\":\"The yiddish cabaret - Korngold \\\/ Schulhoff \\\/ Desyatnikov - Institut Europ\u00e9en des Musiques Juives\",\"isPartOf\":{\"@id\":\"https:\\\/\\\/www.iemj.org\\\/es\\\/#website\"},\"primaryImageOfPage\":{\"@id\":\"https:\\\/\\\/www.iemj.org\\\/es\\\/the-yiddish-cabaret-korngold-schulhoff-desyatnikov\\\/#primaryimage\"},\"image\":{\"@id\":\"https:\\\/\\\/www.iemj.org\\\/es\\\/the-yiddish-cabaret-korngold-schulhoff-desyatnikov\\\/#primaryimage\"},\"thumbnailUrl\":\"https:\\\/\\\/www.iemj.org\\\/wp-content\\\/uploads\\\/2019\\\/05\\\/arton4152-e1619097026872.jpg\",\"datePublished\":\"2019-05-14T15:45:03+00:00\",\"dateModified\":\"2025-09-09T15:41:10+00:00\",\"breadcrumb\":{\"@id\":\"https:\\\/\\\/www.iemj.org\\\/es\\\/the-yiddish-cabaret-korngold-schulhoff-desyatnikov\\\/#breadcrumb\"},\"inLanguage\":\"es\",\"potentialAction\":[{\"@type\":\"ReadAction\",\"target\":[\"https:\\\/\\\/www.iemj.org\\\/es\\\/the-yiddish-cabaret-korngold-schulhoff-desyatnikov\\\/\"]}]},{\"@type\":\"ImageObject\",\"inLanguage\":\"es\",\"@id\":\"https:\\\/\\\/www.iemj.org\\\/es\\\/the-yiddish-cabaret-korngold-schulhoff-desyatnikov\\\/#primaryimage\",\"url\":\"https:\\\/\\\/www.iemj.org\\\/wp-content\\\/uploads\\\/2019\\\/05\\\/arton4152-e1619097026872.jpg\",\"contentUrl\":\"https:\\\/\\\/www.iemj.org\\\/wp-content\\\/uploads\\\/2019\\\/05\\\/arton4152-e1619097026872.jpg\",\"width\":350,\"height\":350},{\"@type\":\"BreadcrumbList\",\"@id\":\"https:\\\/\\\/www.iemj.org\\\/es\\\/the-yiddish-cabaret-korngold-schulhoff-desyatnikov\\\/#breadcrumb\",\"itemListElement\":[{\"@type\":\"ListItem\",\"position\":1,\"name\":\"Accueil\",\"item\":\"https:\\\/\\\/www.iemj.org\\\/es\\\/\"},{\"@type\":\"ListItem\",\"position\":2,\"name\":\"The yiddish cabaret &#8211; Korngold \\\/ Schulhoff \\\/ Desyatnikov\"}]},{\"@type\":\"WebSite\",\"@id\":\"https:\\\/\\\/www.iemj.org\\\/es\\\/#website\",\"url\":\"https:\\\/\\\/www.iemj.org\\\/es\\\/\",\"name\":\"Institut Europ\u00e9en des Musiques Juives\",\"description\":\"Des traditions musicales \u00e0 la port\u00e9e de tous\",\"publisher\":{\"@id\":\"https:\\\/\\\/www.iemj.org\\\/es\\\/#organization\"},\"potentialAction\":[{\"@type\":\"SearchAction\",\"target\":{\"@type\":\"EntryPoint\",\"urlTemplate\":\"https:\\\/\\\/www.iemj.org\\\/es\\\/?s={search_term_string}\"},\"query-input\":{\"@type\":\"PropertyValueSpecification\",\"valueRequired\":true,\"valueName\":\"search_term_string\"}}],\"inLanguage\":\"es\"},{\"@type\":\"Organization\",\"@id\":\"https:\\\/\\\/www.iemj.org\\\/es\\\/#organization\",\"name\":\"Institut Europ\u00e9en des Musiques Juives\",\"url\":\"https:\\\/\\\/www.iemj.org\\\/es\\\/\",\"logo\":{\"@type\":\"ImageObject\",\"inLanguage\":\"es\",\"@id\":\"https:\\\/\\\/www.iemj.org\\\/es\\\/#\\\/schema\\\/logo\\\/image\\\/\",\"url\":\"https:\\\/\\\/www.iemj.org\\\/wp-content\\\/uploads\\\/2021\\\/09\\\/Logo-IEMJ-Paypal.jpg\",\"contentUrl\":\"https:\\\/\\\/www.iemj.org\\\/wp-content\\\/uploads\\\/2021\\\/09\\\/Logo-IEMJ-Paypal.jpg\",\"width\":150,\"height\":50,\"caption\":\"Institut Europ\u00e9en des Musiques Juives\"},\"image\":{\"@id\":\"https:\\\/\\\/www.iemj.org\\\/es\\\/#\\\/schema\\\/logo\\\/image\\\/\"},\"sameAs\":[\"https:\\\/\\\/www.facebook.com\\\/MusiquesJuives\\\/\",\"https:\\\/\\\/www.instagram.com\\\/musiquesjuives\\\/\",\"https:\\\/\\\/www.youtube.com\\\/user\\\/musiquesjuives\"]},{\"@type\":\"Person\",\"@id\":\"https:\\\/\\\/www.iemj.org\\\/es\\\/#\\\/schema\\\/person\\\/906134402c29d5c76e7b726261dd4bbd\",\"name\":\"Herv\u00e9 Roten\",\"image\":{\"@type\":\"ImageObject\",\"inLanguage\":\"es\",\"@id\":\"https:\\\/\\\/secure.gravatar.com\\\/avatar\\\/f96ad2db538a26481f18384936b5cd0610c92d390c4dc382209216d455f685ff?s=96&d=mm&r=g\",\"url\":\"https:\\\/\\\/secure.gravatar.com\\\/avatar\\\/f96ad2db538a26481f18384936b5cd0610c92d390c4dc382209216d455f685ff?s=96&d=mm&r=g\",\"contentUrl\":\"https:\\\/\\\/secure.gravatar.com\\\/avatar\\\/f96ad2db538a26481f18384936b5cd0610c92d390c4dc382209216d455f685ff?s=96&d=mm&r=g\",\"caption\":\"Herv\u00e9 Roten\"}}]}<\/script>\n<!-- \/ Yoast SEO plugin. -->","yoast_head_json":{"title":"The yiddish cabaret - Korngold \/ Schulhoff \/ Desyatnikov - Institut Europ\u00e9en des Musiques Juives","robots":{"index":"index","follow":"follow","max-snippet":"max-snippet:-1","max-image-preview":"max-image-preview:large","max-video-preview":"max-video-preview:-1"},"canonical":"https:\/\/www.iemj.org\/es\/the-yiddish-cabaret-korngold-schulhoff-desyatnikov\/","og_locale":"es_ES","og_type":"article","og_title":"The yiddish cabaret - Korngold \/ Schulhoff \/ Desyatnikov - Institut Europ\u00e9en des Musiques Juives","og_description":"Harmonia Mundi, 2019","og_url":"https:\/\/www.iemj.org\/es\/the-yiddish-cabaret-korngold-schulhoff-desyatnikov\/","og_site_name":"Institut Europ\u00e9en des Musiques Juives","article_publisher":"https:\/\/www.facebook.com\/MusiquesJuives\/","article_published_time":"2019-05-14T15:45:03+00:00","article_modified_time":"2025-09-09T15:41:10+00:00","og_image":[{"width":350,"height":350,"url":"https:\/\/www.iemj.org\/wp-content\/uploads\/2019\/05\/arton4152-e1619097026872.jpg","type":"image\/jpeg"}],"author":"Herv\u00e9 Roten","twitter_card":"summary_large_image","twitter_misc":{"Escrito por":"Herv\u00e9 Roten","Tiempo de lectura":"5 minutos"},"schema":{"@context":"https:\/\/schema.org","@graph":[{"@type":"Article","@id":"https:\/\/www.iemj.org\/es\/the-yiddish-cabaret-korngold-schulhoff-desyatnikov\/#article","isPartOf":{"@id":"https:\/\/www.iemj.org\/es\/the-yiddish-cabaret-korngold-schulhoff-desyatnikov\/"},"author":{"name":"Herv\u00e9 Roten","@id":"https:\/\/www.iemj.org\/es\/#\/schema\/person\/906134402c29d5c76e7b726261dd4bbd"},"headline":"The yiddish cabaret &#8211; Korngold \/ Schulhoff \/ Desyatnikov","datePublished":"2019-05-14T15:45:03+00:00","dateModified":"2025-09-09T15:41:10+00:00","mainEntityOfPage":{"@id":"https:\/\/www.iemj.org\/es\/the-yiddish-cabaret-korngold-schulhoff-desyatnikov\/"},"wordCount":793,"publisher":{"@id":"https:\/\/www.iemj.org\/es\/#organization"},"image":{"@id":"https:\/\/www.iemj.org\/es\/the-yiddish-cabaret-korngold-schulhoff-desyatnikov\/#primaryimage"},"thumbnailUrl":"https:\/\/www.iemj.org\/wp-content\/uploads\/2019\/05\/arton4152-e1619097026872.jpg","articleSection":["CD","\u00daltimas adquisiciones"],"inLanguage":"es"},{"@type":"WebPage","@id":"https:\/\/www.iemj.org\/es\/the-yiddish-cabaret-korngold-schulhoff-desyatnikov\/","url":"https:\/\/www.iemj.org\/es\/the-yiddish-cabaret-korngold-schulhoff-desyatnikov\/","name":"The yiddish cabaret - Korngold \/ Schulhoff \/ Desyatnikov - Institut Europ\u00e9en des Musiques Juives","isPartOf":{"@id":"https:\/\/www.iemj.org\/es\/#website"},"primaryImageOfPage":{"@id":"https:\/\/www.iemj.org\/es\/the-yiddish-cabaret-korngold-schulhoff-desyatnikov\/#primaryimage"},"image":{"@id":"https:\/\/www.iemj.org\/es\/the-yiddish-cabaret-korngold-schulhoff-desyatnikov\/#primaryimage"},"thumbnailUrl":"https:\/\/www.iemj.org\/wp-content\/uploads\/2019\/05\/arton4152-e1619097026872.jpg","datePublished":"2019-05-14T15:45:03+00:00","dateModified":"2025-09-09T15:41:10+00:00","breadcrumb":{"@id":"https:\/\/www.iemj.org\/es\/the-yiddish-cabaret-korngold-schulhoff-desyatnikov\/#breadcrumb"},"inLanguage":"es","potentialAction":[{"@type":"ReadAction","target":["https:\/\/www.iemj.org\/es\/the-yiddish-cabaret-korngold-schulhoff-desyatnikov\/"]}]},{"@type":"ImageObject","inLanguage":"es","@id":"https:\/\/www.iemj.org\/es\/the-yiddish-cabaret-korngold-schulhoff-desyatnikov\/#primaryimage","url":"https:\/\/www.iemj.org\/wp-content\/uploads\/2019\/05\/arton4152-e1619097026872.jpg","contentUrl":"https:\/\/www.iemj.org\/wp-content\/uploads\/2019\/05\/arton4152-e1619097026872.jpg","width":350,"height":350},{"@type":"BreadcrumbList","@id":"https:\/\/www.iemj.org\/es\/the-yiddish-cabaret-korngold-schulhoff-desyatnikov\/#breadcrumb","itemListElement":[{"@type":"ListItem","position":1,"name":"Accueil","item":"https:\/\/www.iemj.org\/es\/"},{"@type":"ListItem","position":2,"name":"The yiddish cabaret &#8211; Korngold \/ Schulhoff \/ Desyatnikov"}]},{"@type":"WebSite","@id":"https:\/\/www.iemj.org\/es\/#website","url":"https:\/\/www.iemj.org\/es\/","name":"Institut Europ\u00e9en des Musiques Juives","description":"Des traditions musicales \u00e0 la port\u00e9e de tous","publisher":{"@id":"https:\/\/www.iemj.org\/es\/#organization"},"potentialAction":[{"@type":"SearchAction","target":{"@type":"EntryPoint","urlTemplate":"https:\/\/www.iemj.org\/es\/?s={search_term_string}"},"query-input":{"@type":"PropertyValueSpecification","valueRequired":true,"valueName":"search_term_string"}}],"inLanguage":"es"},{"@type":"Organization","@id":"https:\/\/www.iemj.org\/es\/#organization","name":"Institut Europ\u00e9en des Musiques Juives","url":"https:\/\/www.iemj.org\/es\/","logo":{"@type":"ImageObject","inLanguage":"es","@id":"https:\/\/www.iemj.org\/es\/#\/schema\/logo\/image\/","url":"https:\/\/www.iemj.org\/wp-content\/uploads\/2021\/09\/Logo-IEMJ-Paypal.jpg","contentUrl":"https:\/\/www.iemj.org\/wp-content\/uploads\/2021\/09\/Logo-IEMJ-Paypal.jpg","width":150,"height":50,"caption":"Institut Europ\u00e9en des Musiques Juives"},"image":{"@id":"https:\/\/www.iemj.org\/es\/#\/schema\/logo\/image\/"},"sameAs":["https:\/\/www.facebook.com\/MusiquesJuives\/","https:\/\/www.instagram.com\/musiquesjuives\/","https:\/\/www.youtube.com\/user\/musiquesjuives"]},{"@type":"Person","@id":"https:\/\/www.iemj.org\/es\/#\/schema\/person\/906134402c29d5c76e7b726261dd4bbd","name":"Herv\u00e9 Roten","image":{"@type":"ImageObject","inLanguage":"es","@id":"https:\/\/secure.gravatar.com\/avatar\/f96ad2db538a26481f18384936b5cd0610c92d390c4dc382209216d455f685ff?s=96&d=mm&r=g","url":"https:\/\/secure.gravatar.com\/avatar\/f96ad2db538a26481f18384936b5cd0610c92d390c4dc382209216d455f685ff?s=96&d=mm&r=g","contentUrl":"https:\/\/secure.gravatar.com\/avatar\/f96ad2db538a26481f18384936b5cd0610c92d390c4dc382209216d455f685ff?s=96&d=mm&r=g","caption":"Herv\u00e9 Roten"}}]}},"_links":{"self":[{"href":"https:\/\/www.iemj.org\/es\/wp-json\/wp\/v2\/posts\/92237","targetHints":{"allow":["GET"]}}],"collection":[{"href":"https:\/\/www.iemj.org\/es\/wp-json\/wp\/v2\/posts"}],"about":[{"href":"https:\/\/www.iemj.org\/es\/wp-json\/wp\/v2\/types\/post"}],"author":[{"embeddable":true,"href":"https:\/\/www.iemj.org\/es\/wp-json\/wp\/v2\/users\/1045"}],"replies":[{"embeddable":true,"href":"https:\/\/www.iemj.org\/es\/wp-json\/wp\/v2\/comments?post=92237"}],"version-history":[{"count":0,"href":"https:\/\/www.iemj.org\/es\/wp-json\/wp\/v2\/posts\/92237\/revisions"}],"wp:featuredmedia":[{"embeddable":true,"href":"https:\/\/www.iemj.org\/es\/wp-json\/wp\/v2\/media\/92238"}],"wp:attachment":[{"href":"https:\/\/www.iemj.org\/es\/wp-json\/wp\/v2\/media?parent=92237"}],"wp:term":[{"taxonomy":"category","embeddable":true,"href":"https:\/\/www.iemj.org\/es\/wp-json\/wp\/v2\/categories?post=92237"},{"taxonomy":"post_tag","embeddable":true,"href":"https:\/\/www.iemj.org\/es\/wp-json\/wp\/v2\/tags?post=92237"},{"taxonomy":"technique","embeddable":true,"href":"https:\/\/www.iemj.org\/es\/wp-json\/wp\/v2\/technique?post=92237"},{"taxonomy":"squelettes","embeddable":true,"href":"https:\/\/www.iemj.org\/es\/wp-json\/wp\/v2\/squelettes?post=92237"},{"taxonomy":"sujet","embeddable":true,"href":"https:\/\/www.iemj.org\/es\/wp-json\/wp\/v2\/sujet?post=92237"},{"taxonomy":"formation","embeddable":true,"href":"https:\/\/www.iemj.org\/es\/wp-json\/wp\/v2\/formation?post=92237"},{"taxonomy":"genre","embeddable":true,"href":"https:\/\/www.iemj.org\/es\/wp-json\/wp\/v2\/genre?post=92237"},{"taxonomy":"fonds","embeddable":true,"href":"https:\/\/www.iemj.org\/es\/wp-json\/wp\/v2\/fonds?post=92237"},{"taxonomy":"tradition","embeddable":true,"href":"https:\/\/www.iemj.org\/es\/wp-json\/wp\/v2\/tradition?post=92237"},{"taxonomy":"type-de-contenu","embeddable":true,"href":"https:\/\/www.iemj.org\/es\/wp-json\/wp\/v2\/type-de-contenu?post=92237"},{"taxonomy":"interprete-compositeur","embeddable":true,"href":"https:\/\/www.iemj.org\/es\/wp-json\/wp\/v2\/interprete-compositeur?post=92237"},{"taxonomy":"frise","embeddable":true,"href":"https:\/\/www.iemj.org\/es\/wp-json\/wp\/v2\/frise?post=92237"},{"taxonomy":"type-devenement","embeddable":true,"href":"https:\/\/www.iemj.org\/es\/wp-json\/wp\/v2\/type-devenement?post=92237"},{"taxonomy":"tableaux-liens-externes","embeddable":true,"href":"https:\/\/www.iemj.org\/es\/wp-json\/wp\/v2\/tableaux-liens-externes?post=92237"}],"curies":[{"name":"wp","href":"https:\/\/api.w.org\/{rel}","templated":true}]}}