{"id":92245,"date":"2019-04-18T09:02:20","date_gmt":"2019-04-18T07:02:20","guid":{"rendered":"https:\/\/www.iemj.org\/horse-raddish-haskalah\/"},"modified":"2025-09-17T10:18:15","modified_gmt":"2025-09-17T08:18:15","slug":"horse-raddish-haskalah","status":"publish","type":"post","link":"https:\/\/www.iemj.org\/es\/horse-raddish-haskalah\/","title":{"rendered":"Horse Raddish &#8211; Haskalah"},"content":{"rendered":"<p><strong>HASKALAH<\/strong><\/p>\n<p>El t\u00edtulo del \u00e1lbum viene del movimiento hom\u00f3nimo creado por Moses Mendelssohn a mediados del siglo XVIII. Se refiere a la revoluci\u00f3n de las luces a trav\u00e9s del filtro de la identidad jud\u00eda en una visi\u00f3n modernista, una manera de pensar reformada en busca de una sociedad ut\u00f3pica y humanista. Un deseo m\u00e1s pagano que piadoso que nos hace viajar a los confines de un universo fant\u00e1stico, abigarrado con colores vivos y una mezcla de culturas. No es dif\u00edcil adivinar que se trata de superh\u00e9roes desarmados, personajes en busca de amor universal o \u00edntimo que se interesan por los \u00e1mbitos profanos como la literatura, la filosof\u00eda, la m\u00fasica y las matem\u00e1ticas. Resultado de muchos a\u00f1os de conciertos donde la fuerza narrativa tom\u00f3 su lugar, estos universos militan por un folclore del futuro.<\/p>\n<p><strong>Horse Raddish<\/strong><\/p>\n<p><span lang=\"ES\">En estos tiempos en que lo distinto asusta, en que lo lejano no provoca m\u00e1s deseos, nosotros, Horse Raddish, nos alimentamos \u2013 SI \u2013 tomamos un bocado de la m\u00fasica n\u00f3mada de estos pueblos parias. A veces melanc\u00f3lica, a veces endiablada, rica en su diversidad de historias, de amor y de tradiciones mezcladas. Ven a viajar\u2026 \u00ab No pidas indicaciones a alguien que conozca el camino, corres el riesgo de no extraviarte \u00bb\u2026 Erigiendo esa manera de pensar hebrea en manifiesto, Horse Raddish desplaza los ra\u00edces de la m\u00fasica Klezmer prestando atenci\u00f3n extraviarse por atajos donde se cruzan un rock\u2019n roll \u00ab crunchy \u00bb con un jazz vanguardista pero l\u00fadico. Colectivo de improvisadores con la pasi\u00f3n de la interpretaci\u00f3n como \u00fanica ambici\u00f3n, Horse Raddish ha construido una s\u00f3lida reputaci\u00f3n en el escenario. Una m\u00fasica del coraz\u00f3n que contamina el cuerpo, que tiene que escuchar y bailar, sentado o de pie.<\/span><\/p>\n<p><strong>Con :<\/strong><br \/>C\u00e9dric Chatelain : flauta, saxof\u00f3n soprano<br \/>Alexandre Leitao : acorde\u00f3n<br \/>Michel Schick : clarinete, clarinete bajo<br \/>Michel Ta\u00efeb : guitarra el\u00e9ctrica, canto<br \/>Simon Clavel : bater\u00eda<br \/>Fran\u00e7ois Puyalto : bajo e\u00e9lctrico<\/p>\n<p><em>\u00ab <\/em><em>So\u00f1adores desvergonzados incluso a veces emocionados pero sobre todo improvisadores experimentados, esos seis vaqueros del swing yiddish galopan por Europa central con sus instrumentos de cobre y guitarras el\u00e9ctricas a la manera rock musette\u2026 <\/em><em>\u00bb<\/em><br \/>Anne Berthod \u2013 T\u00e9l\u00e9rama<\/p>\n<p><a href=\"https:\/\/horse-raddish.com\/\" target=\"_blank\" rel=\"noopener\">Escuchar el programa de radio \u201cEl yiddish el\u00e9ctrico : del jazz rock al punk\u201d, con Michel Schick del grupo Horse Raddish<\/a><br \/><a href=\"https:\/\/www.iemj.org\/le-yiddish-electrique-du-jazz-rock-au-punk\/\">\u00c9couter l&#8217;\u00e9mission de radio \u00abLe yiddish \u00e9lectrique : du jazz rock au punk\u00bb, avec Michel Schick du groupe Horse Raddish<\/a><\/p>\n<h2><a href=\"https:\/\/www.iemj.org\/es\/produit\/horse-raddish-haskalah\/\" target=\"_blank\" rel=\"noopener\">Pedir el CD Haskalah en la tienda del IEMJ<\/a><\/h2>\n<p>\u00a0<\/p>\n<p><img fetchpriority=\"high\" decoding=\"async\" class=\" aligncenter size-full wp-image-23150\" src=\"https:\/\/www.iemj.org\/wp-content\/uploads\/2019\/04\/couv4_haskalah_compressed.jpg\" alt=\"couv4_haskalah_compressed.jpg\" width=\"490\" height=\"432\" align=\"middle\" srcset=\"https:\/\/www.iemj.org\/wp-content\/uploads\/2019\/04\/couv4_haskalah_compressed.jpg 490w, https:\/\/www.iemj.org\/wp-content\/uploads\/2019\/04\/couv4_haskalah_compressed-300x264.jpg 300w\" sizes=\"(max-width: 490px) 100vw, 490px\" \/><\/p>\n\n\n<h2 class=\"wp-block-heading\"><\/h2>\n\n\n<div class=\"wp-block-image\">\n<figure class=\"aligncenter size-large\"><img decoding=\"async\" width=\"1024\" height=\"133\" src=\"https:\/\/www.iemj.org\/wp-content\/uploads\/2024\/03\/AUDIO-PLAYER-1024x133.png\" alt=\"\" class=\"wp-image-110610\" srcset=\"https:\/\/www.iemj.org\/wp-content\/uploads\/2024\/03\/AUDIO-PLAYER-1024x133.png 1024w, https:\/\/www.iemj.org\/wp-content\/uploads\/2024\/03\/AUDIO-PLAYER-300x39.png 300w, https:\/\/www.iemj.org\/wp-content\/uploads\/2024\/03\/AUDIO-PLAYER-768x100.png 768w, https:\/\/www.iemj.org\/wp-content\/uploads\/2024\/03\/AUDIO-PLAYER-600x78.png 600w, https:\/\/www.iemj.org\/wp-content\/uploads\/2024\/03\/AUDIO-PLAYER.png 1210w\" sizes=\"(max-width: 1024px) 100vw, 1024px\" \/><\/figure>\n<\/div>\n\n\n<div class=\"wp-block-file\"><a id=\"wp-block-file--media-538314cb-c2b8-4bfa-9686-107013e507b8\" href=\"https:\/\/www.iemj.org\/wp-content\/uploads\/2019\/03\/01_-_golem_comics_-_michel_schick_.mp3\">01 &#8211; Golem &amp; Comics &#8211; (Michel Schick) &#8211; Extrait<\/a><\/div>\n\n\n\n<div class=\"wp-block-file\"><a id=\"wp-block-file--media-af1a5123-ccb9-4aea-af04-4481fbb7f349\" href=\"https:\/\/www.iemj.org\/wp-content\/uploads\/2019\/03\/02_-_shtetl_-_michel_taieb_.mp3\">02 &#8211; Shtetl &#8211; (Michel Ta\u00efeb) &#8211; Extrait<\/a><\/div>\n\n\n\n<div class=\"wp-block-file\"><a id=\"wp-block-file--media-c70efb84-231b-4037-99f9-cf9e0ad892dd\" href=\"https:\/\/www.iemj.org\/wp-content\/uploads\/2019\/03\/03_-_klezmer_de_chine_-_michel_schick_.mp3\">03 &#8211; Klezmer de Chine &#8211; (Michel Schick) &#8211; Extrait<\/a><\/div>\n\n\n\n<div class=\"wp-block-file\"><a id=\"wp-block-file--media-1bd0c438-86f8-4baf-913b-bdc86d800bb3\" href=\"https:\/\/www.iemj.org\/wp-content\/uploads\/2019\/03\/04_-_d_hiver_souhaits_1_-_cedric_chatelain_.mp3\">04 &#8211; D&#8217;Hiver Souhaits 1 &#8211; (Cedric Chatelain) &#8211; Extrait<\/a><\/div>\n\n\n\n<div class=\"wp-block-file\"><a id=\"wp-block-file--media-152c8805-ad6c-4f7e-9901-2ba6aadba0e7\" href=\"https:\/\/www.iemj.org\/wp-content\/uploads\/2019\/03\/05_-_nadia_a_la_poutre_-_michel_schick_.mp3\">05 &#8211; Nadia \u00e0 la poutre &#8211; (Michel Schick) &#8211; Extrait<\/a><\/div>\n\n\n\n<div class=\"wp-block-file\"><a id=\"wp-block-file--media-f4b94bf6-f896-404d-a866-d855332092e7\" href=\"https:\/\/www.iemj.org\/wp-content\/uploads\/2019\/03\/06_-_la_haskalah_des_cachinski_-_michel_schick_.mp3\">06 &#8211; La Haskalah des Cachinski &#8211; (Michel Schick) &#8211; Extrait<\/a><\/div>\n\n\n\n<div class=\"wp-block-file\"><a id=\"wp-block-file--media-0ff87a44-d3e1-46a5-9ff9-e98e22c1b4d9\" href=\"https:\/\/www.iemj.org\/wp-content\/uploads\/2019\/03\/07_-_buenos_aires_-_traditionnel_collection_ruth_rubin_.mp3\">07 &#8211; Buenos Aires &#8211; (Traditionnel, Collection Ruth Rubin) &#8211; Extrait<\/a><\/div>\n\n\n\n<div class=\"wp-block-file\"><a id=\"wp-block-file--media-74258914-9dc8-44d7-a128-dc95e2b3d828\" href=\"https:\/\/www.iemj.org\/wp-content\/uploads\/2019\/03\/08_-_brooklin_peanuts_-_michel_taieb_.mp3\">08 &#8211; Brooklin Peanuts &#8211; (Michel Ta\u00cfeb) &#8211; Extrait<\/a><\/div>\n","protected":false},"excerpt":{"rendered":"<p>HASKALAH El t\u00edtulo del \u00e1lbum viene del movimiento hom\u00f3nimo creado por Moses Mendelssohn a mediados del siglo XVIII. Se refiere a la revoluci\u00f3n de las luces a trav\u00e9s del filtro<\/p>\n","protected":false},"author":5,"featured_media":92246,"comment_status":"closed","ping_status":"closed","sticky":false,"template":"","format":"standard","meta":{"_acf_changed":false,"footnotes":""},"categories":[1568,1565],"tags":[],"technique":[],"squelettes":[],"sujet":[],"formation":[],"genre":[1886,1867,1863],"fonds":[],"tradition":[],"type-de-contenu":[],"interprete-compositeur":[],"frise":[],"type-devenement":[],"tableaux-liens-externes":[],"class_list":["post-92245","post","type-post","status-publish","format-standard","has-post-thumbnail","hentry","category-cd-es","category-ultimas-adquisiciones-es","genre-jazz-es","genre-rock-es","genre-yiddish-es"],"acf":[],"yoast_head":"<!-- This site is optimized with the Yoast SEO plugin v27.3 - https:\/\/yoast.com\/product\/yoast-seo-wordpress\/ -->\n<title>Horse Raddish - Haskalah - Institut Europ\u00e9en des Musiques Juives<\/title>\n<meta name=\"robots\" content=\"index, follow, max-snippet:-1, max-image-preview:large, max-video-preview:-1\" \/>\n<link rel=\"canonical\" href=\"https:\/\/www.iemj.org\/es\/horse-raddish-haskalah\/\" \/>\n<meta property=\"og:locale\" content=\"es_ES\" \/>\n<meta property=\"og:type\" content=\"article\" \/>\n<meta property=\"og:title\" content=\"Horse Raddish - Haskalah - Institut Europ\u00e9en des Musiques Juives\" \/>\n<meta property=\"og:description\" content=\"HASKALAH El t\u00edtulo del \u00e1lbum viene del movimiento hom\u00f3nimo creado por Moses Mendelssohn a mediados del siglo XVIII. Se refiere a la revoluci\u00f3n de las luces a trav\u00e9s del filtro\" \/>\n<meta property=\"og:url\" content=\"https:\/\/www.iemj.org\/es\/horse-raddish-haskalah\/\" \/>\n<meta property=\"og:site_name\" content=\"Institut Europ\u00e9en des Musiques Juives\" \/>\n<meta property=\"article:publisher\" content=\"https:\/\/www.facebook.com\/MusiquesJuives\/\" \/>\n<meta property=\"article:published_time\" content=\"2019-04-18T07:02:20+00:00\" \/>\n<meta property=\"article:modified_time\" content=\"2025-09-17T08:18:15+00:00\" \/>\n<meta property=\"og:image\" content=\"https:\/\/www.iemj.org\/wp-content\/uploads\/2019\/04\/arton4025-e1619097128678.jpg\" \/>\n\t<meta property=\"og:image:width\" content=\"350\" \/>\n\t<meta property=\"og:image:height\" content=\"350\" \/>\n\t<meta property=\"og:image:type\" content=\"image\/jpeg\" \/>\n<meta name=\"author\" content=\"Jacqueline ROTEN\" \/>\n<meta name=\"twitter:card\" content=\"summary_large_image\" \/>\n<meta name=\"twitter:label1\" content=\"Escrito por\" \/>\n\t<meta name=\"twitter:data1\" content=\"Jacqueline ROTEN\" \/>\n\t<meta name=\"twitter:label2\" content=\"Tiempo de lectura\" \/>\n\t<meta name=\"twitter:data2\" content=\"3 minutos\" \/>\n<script type=\"application\/ld+json\" class=\"yoast-schema-graph\">{\"@context\":\"https:\\\/\\\/schema.org\",\"@graph\":[{\"@type\":\"Article\",\"@id\":\"https:\\\/\\\/www.iemj.org\\\/es\\\/horse-raddish-haskalah\\\/#article\",\"isPartOf\":{\"@id\":\"https:\\\/\\\/www.iemj.org\\\/es\\\/horse-raddish-haskalah\\\/\"},\"author\":{\"name\":\"Jacqueline ROTEN\",\"@id\":\"https:\\\/\\\/www.iemj.org\\\/es\\\/#\\\/schema\\\/person\\\/358e26c18aca017fcc4cc15437f7279c\"},\"headline\":\"Horse Raddish &#8211; Haskalah\",\"datePublished\":\"2019-04-18T07:02:20+00:00\",\"dateModified\":\"2025-09-17T08:18:15+00:00\",\"mainEntityOfPage\":{\"@id\":\"https:\\\/\\\/www.iemj.org\\\/es\\\/horse-raddish-haskalah\\\/\"},\"wordCount\":507,\"publisher\":{\"@id\":\"https:\\\/\\\/www.iemj.org\\\/es\\\/#organization\"},\"image\":{\"@id\":\"https:\\\/\\\/www.iemj.org\\\/es\\\/horse-raddish-haskalah\\\/#primaryimage\"},\"thumbnailUrl\":\"https:\\\/\\\/www.iemj.org\\\/wp-content\\\/uploads\\\/2019\\\/04\\\/arton4025-e1619097128678.jpg\",\"articleSection\":[\"CD\",\"\u00daltimas adquisiciones\"],\"inLanguage\":\"es\"},{\"@type\":\"WebPage\",\"@id\":\"https:\\\/\\\/www.iemj.org\\\/es\\\/horse-raddish-haskalah\\\/\",\"url\":\"https:\\\/\\\/www.iemj.org\\\/es\\\/horse-raddish-haskalah\\\/\",\"name\":\"Horse Raddish - Haskalah - Institut Europ\u00e9en des Musiques Juives\",\"isPartOf\":{\"@id\":\"https:\\\/\\\/www.iemj.org\\\/es\\\/#website\"},\"primaryImageOfPage\":{\"@id\":\"https:\\\/\\\/www.iemj.org\\\/es\\\/horse-raddish-haskalah\\\/#primaryimage\"},\"image\":{\"@id\":\"https:\\\/\\\/www.iemj.org\\\/es\\\/horse-raddish-haskalah\\\/#primaryimage\"},\"thumbnailUrl\":\"https:\\\/\\\/www.iemj.org\\\/wp-content\\\/uploads\\\/2019\\\/04\\\/arton4025-e1619097128678.jpg\",\"datePublished\":\"2019-04-18T07:02:20+00:00\",\"dateModified\":\"2025-09-17T08:18:15+00:00\",\"breadcrumb\":{\"@id\":\"https:\\\/\\\/www.iemj.org\\\/es\\\/horse-raddish-haskalah\\\/#breadcrumb\"},\"inLanguage\":\"es\",\"potentialAction\":[{\"@type\":\"ReadAction\",\"target\":[\"https:\\\/\\\/www.iemj.org\\\/es\\\/horse-raddish-haskalah\\\/\"]}]},{\"@type\":\"ImageObject\",\"inLanguage\":\"es\",\"@id\":\"https:\\\/\\\/www.iemj.org\\\/es\\\/horse-raddish-haskalah\\\/#primaryimage\",\"url\":\"https:\\\/\\\/www.iemj.org\\\/wp-content\\\/uploads\\\/2019\\\/04\\\/arton4025-e1619097128678.jpg\",\"contentUrl\":\"https:\\\/\\\/www.iemj.org\\\/wp-content\\\/uploads\\\/2019\\\/04\\\/arton4025-e1619097128678.jpg\",\"width\":350,\"height\":350},{\"@type\":\"BreadcrumbList\",\"@id\":\"https:\\\/\\\/www.iemj.org\\\/es\\\/horse-raddish-haskalah\\\/#breadcrumb\",\"itemListElement\":[{\"@type\":\"ListItem\",\"position\":1,\"name\":\"Accueil\",\"item\":\"https:\\\/\\\/www.iemj.org\\\/es\\\/\"},{\"@type\":\"ListItem\",\"position\":2,\"name\":\"Horse Raddish &#8211; Haskalah\"}]},{\"@type\":\"WebSite\",\"@id\":\"https:\\\/\\\/www.iemj.org\\\/es\\\/#website\",\"url\":\"https:\\\/\\\/www.iemj.org\\\/es\\\/\",\"name\":\"Institut Europ\u00e9en des Musiques Juives\",\"description\":\"Des traditions musicales \u00e0 la port\u00e9e de tous\",\"publisher\":{\"@id\":\"https:\\\/\\\/www.iemj.org\\\/es\\\/#organization\"},\"potentialAction\":[{\"@type\":\"SearchAction\",\"target\":{\"@type\":\"EntryPoint\",\"urlTemplate\":\"https:\\\/\\\/www.iemj.org\\\/es\\\/?s={search_term_string}\"},\"query-input\":{\"@type\":\"PropertyValueSpecification\",\"valueRequired\":true,\"valueName\":\"search_term_string\"}}],\"inLanguage\":\"es\"},{\"@type\":\"Organization\",\"@id\":\"https:\\\/\\\/www.iemj.org\\\/es\\\/#organization\",\"name\":\"Institut Europ\u00e9en des Musiques Juives\",\"url\":\"https:\\\/\\\/www.iemj.org\\\/es\\\/\",\"logo\":{\"@type\":\"ImageObject\",\"inLanguage\":\"es\",\"@id\":\"https:\\\/\\\/www.iemj.org\\\/es\\\/#\\\/schema\\\/logo\\\/image\\\/\",\"url\":\"https:\\\/\\\/www.iemj.org\\\/wp-content\\\/uploads\\\/2021\\\/09\\\/Logo-IEMJ-Paypal.jpg\",\"contentUrl\":\"https:\\\/\\\/www.iemj.org\\\/wp-content\\\/uploads\\\/2021\\\/09\\\/Logo-IEMJ-Paypal.jpg\",\"width\":150,\"height\":50,\"caption\":\"Institut Europ\u00e9en des Musiques Juives\"},\"image\":{\"@id\":\"https:\\\/\\\/www.iemj.org\\\/es\\\/#\\\/schema\\\/logo\\\/image\\\/\"},\"sameAs\":[\"https:\\\/\\\/www.facebook.com\\\/MusiquesJuives\\\/\",\"https:\\\/\\\/www.instagram.com\\\/musiquesjuives\\\/\",\"https:\\\/\\\/www.youtube.com\\\/user\\\/musiquesjuives\"]},{\"@type\":\"Person\",\"@id\":\"https:\\\/\\\/www.iemj.org\\\/es\\\/#\\\/schema\\\/person\\\/358e26c18aca017fcc4cc15437f7279c\",\"name\":\"Jacqueline ROTEN\",\"image\":{\"@type\":\"ImageObject\",\"inLanguage\":\"es\",\"@id\":\"https:\\\/\\\/secure.gravatar.com\\\/avatar\\\/5964256d6c6957de3a3505278957e0fb2a35119ac47ea41827a65301213c810b?s=96&d=mm&r=g\",\"url\":\"https:\\\/\\\/secure.gravatar.com\\\/avatar\\\/5964256d6c6957de3a3505278957e0fb2a35119ac47ea41827a65301213c810b?s=96&d=mm&r=g\",\"contentUrl\":\"https:\\\/\\\/secure.gravatar.com\\\/avatar\\\/5964256d6c6957de3a3505278957e0fb2a35119ac47ea41827a65301213c810b?s=96&d=mm&r=g\",\"caption\":\"Jacqueline ROTEN\"}}]}<\/script>\n<!-- \/ Yoast SEO plugin. -->","yoast_head_json":{"title":"Horse Raddish - Haskalah - Institut Europ\u00e9en des Musiques Juives","robots":{"index":"index","follow":"follow","max-snippet":"max-snippet:-1","max-image-preview":"max-image-preview:large","max-video-preview":"max-video-preview:-1"},"canonical":"https:\/\/www.iemj.org\/es\/horse-raddish-haskalah\/","og_locale":"es_ES","og_type":"article","og_title":"Horse Raddish - Haskalah - Institut Europ\u00e9en des Musiques Juives","og_description":"HASKALAH El t\u00edtulo del \u00e1lbum viene del movimiento hom\u00f3nimo creado por Moses Mendelssohn a mediados del siglo XVIII. Se refiere a la revoluci\u00f3n de las luces a trav\u00e9s del filtro","og_url":"https:\/\/www.iemj.org\/es\/horse-raddish-haskalah\/","og_site_name":"Institut Europ\u00e9en des Musiques Juives","article_publisher":"https:\/\/www.facebook.com\/MusiquesJuives\/","article_published_time":"2019-04-18T07:02:20+00:00","article_modified_time":"2025-09-17T08:18:15+00:00","og_image":[{"width":350,"height":350,"url":"https:\/\/www.iemj.org\/wp-content\/uploads\/2019\/04\/arton4025-e1619097128678.jpg","type":"image\/jpeg"}],"author":"Jacqueline ROTEN","twitter_card":"summary_large_image","twitter_misc":{"Escrito por":"Jacqueline ROTEN","Tiempo de lectura":"3 minutos"},"schema":{"@context":"https:\/\/schema.org","@graph":[{"@type":"Article","@id":"https:\/\/www.iemj.org\/es\/horse-raddish-haskalah\/#article","isPartOf":{"@id":"https:\/\/www.iemj.org\/es\/horse-raddish-haskalah\/"},"author":{"name":"Jacqueline ROTEN","@id":"https:\/\/www.iemj.org\/es\/#\/schema\/person\/358e26c18aca017fcc4cc15437f7279c"},"headline":"Horse Raddish &#8211; Haskalah","datePublished":"2019-04-18T07:02:20+00:00","dateModified":"2025-09-17T08:18:15+00:00","mainEntityOfPage":{"@id":"https:\/\/www.iemj.org\/es\/horse-raddish-haskalah\/"},"wordCount":507,"publisher":{"@id":"https:\/\/www.iemj.org\/es\/#organization"},"image":{"@id":"https:\/\/www.iemj.org\/es\/horse-raddish-haskalah\/#primaryimage"},"thumbnailUrl":"https:\/\/www.iemj.org\/wp-content\/uploads\/2019\/04\/arton4025-e1619097128678.jpg","articleSection":["CD","\u00daltimas adquisiciones"],"inLanguage":"es"},{"@type":"WebPage","@id":"https:\/\/www.iemj.org\/es\/horse-raddish-haskalah\/","url":"https:\/\/www.iemj.org\/es\/horse-raddish-haskalah\/","name":"Horse Raddish - Haskalah - Institut Europ\u00e9en des Musiques Juives","isPartOf":{"@id":"https:\/\/www.iemj.org\/es\/#website"},"primaryImageOfPage":{"@id":"https:\/\/www.iemj.org\/es\/horse-raddish-haskalah\/#primaryimage"},"image":{"@id":"https:\/\/www.iemj.org\/es\/horse-raddish-haskalah\/#primaryimage"},"thumbnailUrl":"https:\/\/www.iemj.org\/wp-content\/uploads\/2019\/04\/arton4025-e1619097128678.jpg","datePublished":"2019-04-18T07:02:20+00:00","dateModified":"2025-09-17T08:18:15+00:00","breadcrumb":{"@id":"https:\/\/www.iemj.org\/es\/horse-raddish-haskalah\/#breadcrumb"},"inLanguage":"es","potentialAction":[{"@type":"ReadAction","target":["https:\/\/www.iemj.org\/es\/horse-raddish-haskalah\/"]}]},{"@type":"ImageObject","inLanguage":"es","@id":"https:\/\/www.iemj.org\/es\/horse-raddish-haskalah\/#primaryimage","url":"https:\/\/www.iemj.org\/wp-content\/uploads\/2019\/04\/arton4025-e1619097128678.jpg","contentUrl":"https:\/\/www.iemj.org\/wp-content\/uploads\/2019\/04\/arton4025-e1619097128678.jpg","width":350,"height":350},{"@type":"BreadcrumbList","@id":"https:\/\/www.iemj.org\/es\/horse-raddish-haskalah\/#breadcrumb","itemListElement":[{"@type":"ListItem","position":1,"name":"Accueil","item":"https:\/\/www.iemj.org\/es\/"},{"@type":"ListItem","position":2,"name":"Horse Raddish &#8211; Haskalah"}]},{"@type":"WebSite","@id":"https:\/\/www.iemj.org\/es\/#website","url":"https:\/\/www.iemj.org\/es\/","name":"Institut Europ\u00e9en des Musiques Juives","description":"Des traditions musicales \u00e0 la port\u00e9e de tous","publisher":{"@id":"https:\/\/www.iemj.org\/es\/#organization"},"potentialAction":[{"@type":"SearchAction","target":{"@type":"EntryPoint","urlTemplate":"https:\/\/www.iemj.org\/es\/?s={search_term_string}"},"query-input":{"@type":"PropertyValueSpecification","valueRequired":true,"valueName":"search_term_string"}}],"inLanguage":"es"},{"@type":"Organization","@id":"https:\/\/www.iemj.org\/es\/#organization","name":"Institut Europ\u00e9en des Musiques Juives","url":"https:\/\/www.iemj.org\/es\/","logo":{"@type":"ImageObject","inLanguage":"es","@id":"https:\/\/www.iemj.org\/es\/#\/schema\/logo\/image\/","url":"https:\/\/www.iemj.org\/wp-content\/uploads\/2021\/09\/Logo-IEMJ-Paypal.jpg","contentUrl":"https:\/\/www.iemj.org\/wp-content\/uploads\/2021\/09\/Logo-IEMJ-Paypal.jpg","width":150,"height":50,"caption":"Institut Europ\u00e9en des Musiques Juives"},"image":{"@id":"https:\/\/www.iemj.org\/es\/#\/schema\/logo\/image\/"},"sameAs":["https:\/\/www.facebook.com\/MusiquesJuives\/","https:\/\/www.instagram.com\/musiquesjuives\/","https:\/\/www.youtube.com\/user\/musiquesjuives"]},{"@type":"Person","@id":"https:\/\/www.iemj.org\/es\/#\/schema\/person\/358e26c18aca017fcc4cc15437f7279c","name":"Jacqueline ROTEN","image":{"@type":"ImageObject","inLanguage":"es","@id":"https:\/\/secure.gravatar.com\/avatar\/5964256d6c6957de3a3505278957e0fb2a35119ac47ea41827a65301213c810b?s=96&d=mm&r=g","url":"https:\/\/secure.gravatar.com\/avatar\/5964256d6c6957de3a3505278957e0fb2a35119ac47ea41827a65301213c810b?s=96&d=mm&r=g","contentUrl":"https:\/\/secure.gravatar.com\/avatar\/5964256d6c6957de3a3505278957e0fb2a35119ac47ea41827a65301213c810b?s=96&d=mm&r=g","caption":"Jacqueline ROTEN"}}]}},"_links":{"self":[{"href":"https:\/\/www.iemj.org\/es\/wp-json\/wp\/v2\/posts\/92245","targetHints":{"allow":["GET"]}}],"collection":[{"href":"https:\/\/www.iemj.org\/es\/wp-json\/wp\/v2\/posts"}],"about":[{"href":"https:\/\/www.iemj.org\/es\/wp-json\/wp\/v2\/types\/post"}],"author":[{"embeddable":true,"href":"https:\/\/www.iemj.org\/es\/wp-json\/wp\/v2\/users\/5"}],"replies":[{"embeddable":true,"href":"https:\/\/www.iemj.org\/es\/wp-json\/wp\/v2\/comments?post=92245"}],"version-history":[{"count":0,"href":"https:\/\/www.iemj.org\/es\/wp-json\/wp\/v2\/posts\/92245\/revisions"}],"wp:featuredmedia":[{"embeddable":true,"href":"https:\/\/www.iemj.org\/es\/wp-json\/wp\/v2\/media\/92246"}],"wp:attachment":[{"href":"https:\/\/www.iemj.org\/es\/wp-json\/wp\/v2\/media?parent=92245"}],"wp:term":[{"taxonomy":"category","embeddable":true,"href":"https:\/\/www.iemj.org\/es\/wp-json\/wp\/v2\/categories?post=92245"},{"taxonomy":"post_tag","embeddable":true,"href":"https:\/\/www.iemj.org\/es\/wp-json\/wp\/v2\/tags?post=92245"},{"taxonomy":"technique","embeddable":true,"href":"https:\/\/www.iemj.org\/es\/wp-json\/wp\/v2\/technique?post=92245"},{"taxonomy":"squelettes","embeddable":true,"href":"https:\/\/www.iemj.org\/es\/wp-json\/wp\/v2\/squelettes?post=92245"},{"taxonomy":"sujet","embeddable":true,"href":"https:\/\/www.iemj.org\/es\/wp-json\/wp\/v2\/sujet?post=92245"},{"taxonomy":"formation","embeddable":true,"href":"https:\/\/www.iemj.org\/es\/wp-json\/wp\/v2\/formation?post=92245"},{"taxonomy":"genre","embeddable":true,"href":"https:\/\/www.iemj.org\/es\/wp-json\/wp\/v2\/genre?post=92245"},{"taxonomy":"fonds","embeddable":true,"href":"https:\/\/www.iemj.org\/es\/wp-json\/wp\/v2\/fonds?post=92245"},{"taxonomy":"tradition","embeddable":true,"href":"https:\/\/www.iemj.org\/es\/wp-json\/wp\/v2\/tradition?post=92245"},{"taxonomy":"type-de-contenu","embeddable":true,"href":"https:\/\/www.iemj.org\/es\/wp-json\/wp\/v2\/type-de-contenu?post=92245"},{"taxonomy":"interprete-compositeur","embeddable":true,"href":"https:\/\/www.iemj.org\/es\/wp-json\/wp\/v2\/interprete-compositeur?post=92245"},{"taxonomy":"frise","embeddable":true,"href":"https:\/\/www.iemj.org\/es\/wp-json\/wp\/v2\/frise?post=92245"},{"taxonomy":"type-devenement","embeddable":true,"href":"https:\/\/www.iemj.org\/es\/wp-json\/wp\/v2\/type-devenement?post=92245"},{"taxonomy":"tableaux-liens-externes","embeddable":true,"href":"https:\/\/www.iemj.org\/es\/wp-json\/wp\/v2\/tableaux-liens-externes?post=92245"}],"curies":[{"name":"wp","href":"https:\/\/api.w.org\/{rel}","templated":true}]}}