{"id":92256,"date":"2019-05-21T16:56:36","date_gmt":"2019-05-21T14:56:36","guid":{"rendered":"https:\/\/www.iemj.org\/cantor-haim-ischakis\/"},"modified":"2025-09-17T10:12:46","modified_gmt":"2025-09-17T08:12:46","slug":"cantor-haim-ischakis","status":"publish","type":"post","link":"https:\/\/www.iemj.org\/es\/cantor-haim-ischakis\/","title":{"rendered":"Cantor Haim Ischakis"},"content":{"rendered":"<p>Publicada en 2018 por el <a href=\"https:\/\/www.ezjm.hmtm-hannover.de\/de\/start\/\" target=\"_blank\" rel=\"noopener\">Europ\u00e4ische Zentrum f\u00fcr J\u00fcdische Musik (EZJM)<\/a> de Hannover, esta colecci\u00f3n de 4 CD presenta una visi\u00f3n musical amplia sobre la tradici\u00f3n lit\u00fargica de los jud\u00edos romaniotes de Grecia.<\/p>\n<p><!--more--><\/p>\n<p>Los Romaniotes (este t\u00e9rmino se refiere a los antiguos habitantes del Imperio Romano de Oriente o Imperio Bizantino) son jud\u00edos helenizados que han vivido alrededor del Mediterr\u00e1neo oriental y del mar Negro durante m\u00e1s de 2 000 a\u00f1os. Algunas tradiciones hacen\u00a0 remontar su presencia al exilio babil\u00f3nico. Estos jud\u00edos helenizados se instalaron en los Estados reales procedentes del Imperio de Alejandro, en particular en Egipto de los Ptolomeos. Se apropiaron la lengua y la cultura griegas pero conservaron su fe, y son el origen de un importante conjunto de literatura judeo-helen\u00edstica, que incluye entre otras las primeras traducciones de la Biblia hebrea (por ejemplo la Septuaginta), los libros deuterocan\u00f3nicos, que no se aceptan en le Tanaj, los libros intertestamentarios, y los primeros intentos de integrar la filosof\u00eda en el juda\u00edsmo, cuyo\u00a0 representante m\u00e1s brillante es Fil\u00f3n de Alejandr\u00eda.<\/p>\n<figure id=\"attachment_24038\" aria-describedby=\"caption-attachment-24038\" style=\"width: 252px\" class=\"wp-caption alignright\"><img fetchpriority=\"high\" decoding=\"async\" class=\"wp-image-24038\" src=\"https:\/\/www.iemj.org\/wp-content\/uploads\/2019\/05\/rabbi_moshe_pesach_juif_romaniote_wikipedia_-_redim-196x300.jpg\" alt=\"rabbi_moshe_pesach_juif_romaniote_wikipedia_-_redim.jpg\" width=\"252\" height=\"386\" srcset=\"https:\/\/www.iemj.org\/wp-content\/uploads\/2019\/05\/rabbi_moshe_pesach_juif_romaniote_wikipedia_-_redim-196x300.jpg 196w, https:\/\/www.iemj.org\/wp-content\/uploads\/2019\/05\/rabbi_moshe_pesach_juif_romaniote_wikipedia_-_redim.jpg 252w\" sizes=\"(max-width: 252px) 100vw, 252px\" \/><figcaption id=\"caption-attachment-24038\" class=\"wp-caption-text\"><strong>Mois\u00e9s-Simeon Pesach, rabino de la comunidad romaniota de Volos, 1939<\/strong><\/figcaption><\/figure>\n<p>Tras la ca\u00edda del Imperio Bizantino, en 1453, los romaniotes adoptaron la norma otomana. Siguieron practicando su propio rito, su propia lengua (el judeogriego\/yev\u00e1nico) y otras particularidades (se basaron en el Talmud de Jerusal\u00e9n mientras que la mayor parte de los jud\u00edos del mundo se bas\u00f3 en el Talmud de Babilonia), pero, con la llegada de los Jud\u00edos expulsados de la pen\u00ednsula ib\u00e9rica, la cultura romaniota se disolvi\u00f3 gradualmente en la de los Sefard\u00edes.<\/p>\n<p class=\"Textbody\" style=\"text-align: justify;\"><span lang=\"ES\">La comunidad, asesinada en el Holocausto, se ha reducido a decenas de miles de miembros en Grecia y se ha recontituido en parte en Israel y en los Estados Unidos. A principios del siglo XXI, s\u00f3lo quedaban cuatro comunidades romaniotes peque\u00f1as activas : en Sal\u00f3nica y Io\u00e1nina en Grecia, en Nueva York y Jerusal\u00e9n.<\/span><\/p>\n<p>Esta compilaci\u00f3n de grabaciones de campo, realizada entre 2016 y 2017 por <strong>Sarah Ross<\/strong>, directora del EZJM, y <strong>Miranda L. Crowdus<\/strong>, asistente de investigaci\u00f3n, tiene como objetivo hacer accesible este repertorio de los jud\u00edos romaniotes para generaciones futuras. 70 oraciones de los distintos oficios del a\u00f1o fueron grabadas junto al cantor Haim Ischakis, uno de los \u00faltimos expertos de la tradici\u00f3n romaniote.<\/p>\n<p>Haim Ischakis naci\u00f3 en Atenas en 1959. Sus padres eran de Io\u00e1nina y Calcis, dos ciudades en las que viv\u00eda antes de la guerra una comunidad romaniote pr\u00f3spera. Haim Ischakis estudi\u00f3 en el liceo L\u00e9onin, un centro escolar franco-griego, antes de continuar sus estudios en la Universidad hebrea de Jerusal\u00e9n. Vuelto a Grecia en 1981, se dedic\u00f3 a la perpetuaci\u00f3n de la cultura jud\u00eda romaniote tras la muerte de su padre en 1996, conservando en particular su tradici\u00f3n musical que enriquece a veces con nuevas melod\u00edas.<\/p>\n<p>Fue as\u00ed como, contrariamente a la afirmaci\u00f3n del folleto sobre la existencia de un repertorio original de m\u00fasica jud\u00eda romaniote, una gran parte de las melod\u00edas de esta colecci\u00f3n viene de diversos or\u00edgenes. Aunque la manera de cantar y algunos adornos parecen espec\u00edficos del rito romaniote, podemos observar la presencia de muchas melod\u00edas del rito sefard\u00ed portugu\u00e9s de Francia (ver la lista de reproducci\u00f3n m\u00e1s abajo los n\u00b0 2 [<em>Rau vanim <\/em><em>debido<\/em> al compositor <a href=\"https:\/\/www.iemj.org\/es\/jonas-emile-1827-1905\/\" target=\"_blank\" rel=\"noopener\">Emile Jonas<\/a>], 7. [<em>Et Shaarei ratson<\/em> : melod\u00eda com\u00fan a la mayor parte de las tradiciones sefard\u00edes] y 8. [<em>Lemaancha Elokai<\/em>]. Tambi\u00e9n encontramos melod\u00edas asquenaz\u00edes (9. <em>Uvenucho Yomar<\/em> de<a href=\"https:\/\/www.iemj.org\/es\/lewandowski-louis-lazarus-1821-1894\/\" target=\"_blank\" rel=\"noopener\"> Louis Lewandowski<\/a>, 10. <em>Maoz Tzur <\/em>[melod\u00eda asquenaz\u00ed cl\u00e1sica] y 11. <em>Echad Mi Yodea<\/em> [canci\u00f3n de Pesach con la melod\u00eda asquenaz\u00ed tradicional]). Finalmente, se observan canciones judeoespa\u00f1olas (4. <em>Befi Yesharim<\/em><em> con<\/em> la melod\u00eda de<a href=\"https:\/\/www.iemj.org\/es\/uskudara-fel-shara-terk-in-america-et-cetera\/\" target=\"_blank\" rel=\"noopener\"> <em>\u00dcsk\u00fcdara<\/em><\/a>, 5. <em>Kedusha<\/em><em> con<\/em> <em>La rosa enflorece<\/em>) y israel\u00ed (3. <em>Nishmat<\/em><em> con<\/em> la melod\u00eda de <a href=\"https:\/\/www.iemj.org\/es\/yeroushalayim-shel-zahav-jerusalem-dor\/\" target=\"_blank\" rel=\"noopener\"><em>Yerushalayim Shel Zahav<\/em><\/a>).<\/p>\n<p>Como tal, este \u00ab patchwork \u00bb es t\u00edpico de las tradiciones jud\u00edas. No obstante, cabe lamentar que este intento de hacer revivir una tradici\u00f3n moribunda se base en la grabaci\u00f3n de una fuente de sonido \u00fanica, lo que dificulta la identificaci\u00f3n de lo que pertenece a lo individual o a lo colectivo, a la tradici\u00f3n o a la adaptaci\u00f3n.<\/p>\n<p><a href=\"https:\/\/www.ezjm.hmtm-hannover.de\/en\/research\/cd-project-romaniote-tradition\/\" target=\"_blank\" rel=\"noopener\">Pedir la colecci\u00f3n Cantor Haim Ischakis<\/a><br \/><a href=\"https:\/\/fr.wikipedia.org\/wiki\/Romaniote#cite_note-Ioannina-5\" target=\"_blank\" rel=\"noopener\">Consultar el art\u00edculo de Wikipedia sobre los jud\u00edos romaniotes<\/a><\/p>\n\n\n<h2 class=\"wp-block-heading\"><\/h2>\n\n\n<div class=\"wp-block-image\">\n<figure class=\"aligncenter size-large\"><img decoding=\"async\" width=\"1024\" height=\"133\" src=\"https:\/\/www.iemj.org\/wp-content\/uploads\/2024\/03\/AUDIO-PLAYER-1024x133.png\" alt=\"\" class=\"wp-image-110610\" srcset=\"https:\/\/www.iemj.org\/wp-content\/uploads\/2024\/03\/AUDIO-PLAYER-1024x133.png 1024w, https:\/\/www.iemj.org\/wp-content\/uploads\/2024\/03\/AUDIO-PLAYER-300x39.png 300w, https:\/\/www.iemj.org\/wp-content\/uploads\/2024\/03\/AUDIO-PLAYER-768x100.png 768w, https:\/\/www.iemj.org\/wp-content\/uploads\/2024\/03\/AUDIO-PLAYER-600x78.png 600w, https:\/\/www.iemj.org\/wp-content\/uploads\/2024\/03\/AUDIO-PLAYER.png 1210w\" sizes=\"(max-width: 1024px) 100vw, 1024px\" \/><\/figure>\n<\/div>\n\n\n<div class=\"wp-block-file\"><a id=\"wp-block-file--media-01cec526-da9f-4266-a6c1-8fc4311e6d5d\" href=\"https:\/\/www.iemj.org\/wp-content\/uploads\/2019\/05\/1_kaddish_de_shabbat_extrait_.mp3\">1) Kaddish de Shabbat (Extrait)<\/a><\/div>\n\n\n\n<div class=\"wp-block-file\"><a id=\"wp-block-file--media-17481d35-9911-4c56-921f-3c104f53e13e\" href=\"https:\/\/www.iemj.org\/wp-content\/uploads\/2019\/05\/2_rau_vanim_extrait_.mp3\">2) Rau vanim (Extrait)<\/a><\/div>\n\n\n\n<div class=\"wp-block-file\"><a id=\"wp-block-file--media-2d9eb6e8-11d8-492c-962b-afd0171eff9a\" href=\"https:\/\/www.iemj.org\/wp-content\/uploads\/2019\/05\/3_nishmat_kol_chai_extrait_.mp3\">3) Nishmat kol Chai (Extrait)<\/a><\/div>\n\n\n\n<div class=\"wp-block-file\"><a id=\"wp-block-file--media-3b359a2a-c773-463a-adc8-a53867fc0a1b\" href=\"https:\/\/www.iemj.org\/wp-content\/uploads\/2019\/05\/4_befi_yesharim_titromam_extrait_.mp3\">4) Befi Yesharim Titromam (Extrait)<\/a><\/div>\n\n\n\n<div class=\"wp-block-file\"><a id=\"wp-block-file--media-58c81603-6920-4167-bad1-50bf643e4749\" href=\"https:\/\/www.iemj.org\/wp-content\/uploads\/2019\/05\/5_kedusha_nakdishach_venaaritsach_extrait_.mp3\">5) Kedusha Nakdishach Venaaritsach (Extrait)<\/a><\/div>\n\n\n\n<div class=\"wp-block-file\"><a id=\"wp-block-file--media-49dec783-56c6-4123-8251-5c46a7d6314f\" href=\"https:\/\/www.iemj.org\/wp-content\/uploads\/2019\/05\/6_achot_ketana_extrait_.mp3\">6) Achot Ketana (Extrait)<\/a><\/div>\n\n\n\n<div class=\"wp-block-file\"><a id=\"wp-block-file--media-79fcfc84-babb-4596-8530-cb702cde6f88\" href=\"https:\/\/www.iemj.org\/wp-content\/uploads\/2019\/05\/7_et_shaare_ratson_extrait_.mp3\">7) Et  Shaare Ratson (Extrait)<\/a><\/div>\n\n\n\n<div class=\"wp-block-file\"><a id=\"wp-block-file--media-95748fd6-e8d9-4ce9-8851-1ab58b2611ba\" href=\"https:\/\/www.iemj.org\/wp-content\/uploads\/2019\/05\/8_lemaancha_elokai_extrait_.mp3\">8) Lemaancha Elokai (Extrait)<\/a><\/div>\n\n\n\n<div class=\"wp-block-file\"><a id=\"wp-block-file--media-defcc7a1-792e-41c4-bc9a-e78ca1c401d6\" href=\"https:\/\/www.iemj.org\/wp-content\/uploads\/2019\/05\/9_uvnucho_yomar_extrait_.mp3\">9) Uvnucho Yomar (Extrait)<\/a><\/div>\n\n\n\n<div class=\"wp-block-file\"><a id=\"wp-block-file--media-e4b0023b-7179-46e3-a73b-509ef5e24528\" href=\"https:\/\/www.iemj.org\/wp-content\/uploads\/2019\/05\/10_maoz_tsur_extrait_.mp3\">10) Maoz Tsur (Extrait)<\/a><\/div>\n\n\n\n<div class=\"wp-block-file\"><a id=\"wp-block-file--media-d9e3aca9-dabe-48b9-b69e-631e225f878e\" href=\"https:\/\/www.iemj.org\/wp-content\/uploads\/2019\/05\/11_echad_mi_yodea_extrait_.mp3\">11) Echad Mi Yodea (Extrait)<\/a><\/div>\n","protected":false},"excerpt":{"rendered":"<p>Publicada en 2018 por el Europ\u00e4ische Zentrum f\u00fcr J\u00fcdische Musik (EZJM) de Hannover, esta colecci\u00f3n de 4 CD presenta una visi\u00f3n musical amplia sobre la tradici\u00f3n lit\u00fargica de los jud\u00edos<\/p>\n","protected":false},"author":1045,"featured_media":92257,"comment_status":"closed","ping_status":"closed","sticky":false,"template":"","format":"standard","meta":{"_acf_changed":false,"footnotes":""},"categories":[1568,1565],"tags":[4046],"technique":[],"squelettes":[],"sujet":[],"formation":[],"genre":[1890],"fonds":[],"tradition":[1969],"type-de-contenu":[],"interprete-compositeur":[],"frise":[],"type-devenement":[],"tableaux-liens-externes":[],"class_list":["post-92256","post","type-post","status-publish","format-standard","has-post-thumbnail","hentry","category-cd-es","category-ultimas-adquisiciones-es","tag-grecia-es","genre-liturgia-es","tradition-rito-romantico-es"],"acf":[],"yoast_head":"<!-- This site is optimized with the Yoast SEO plugin v27.3 - https:\/\/yoast.com\/product\/yoast-seo-wordpress\/ -->\n<title>Cantor Haim Ischakis - Institut Europ\u00e9en des Musiques Juives<\/title>\n<meta name=\"robots\" content=\"index, follow, max-snippet:-1, max-image-preview:large, max-video-preview:-1\" \/>\n<link rel=\"canonical\" href=\"https:\/\/www.iemj.org\/es\/cantor-haim-ischakis\/\" \/>\n<meta property=\"og:locale\" content=\"es_ES\" \/>\n<meta property=\"og:type\" content=\"article\" \/>\n<meta property=\"og:title\" content=\"Cantor Haim Ischakis - Institut Europ\u00e9en des Musiques Juives\" \/>\n<meta property=\"og:description\" content=\"Publicada en 2018 por el Europ\u00e4ische Zentrum f\u00fcr J\u00fcdische Musik (EZJM) de Hannover, esta colecci\u00f3n de 4 CD presenta una visi\u00f3n musical amplia sobre la tradici\u00f3n lit\u00fargica de los jud\u00edos\" \/>\n<meta property=\"og:url\" content=\"https:\/\/www.iemj.org\/es\/cantor-haim-ischakis\/\" \/>\n<meta property=\"og:site_name\" content=\"Institut Europ\u00e9en des Musiques Juives\" \/>\n<meta property=\"article:publisher\" content=\"https:\/\/www.facebook.com\/MusiquesJuives\/\" \/>\n<meta property=\"article:published_time\" content=\"2019-05-21T14:56:36+00:00\" \/>\n<meta property=\"article:modified_time\" content=\"2025-09-17T08:12:46+00:00\" \/>\n<meta property=\"og:image\" content=\"https:\/\/www.iemj.org\/wp-content\/uploads\/2019\/05\/arton4169-e1619095324361.jpg\" \/>\n\t<meta property=\"og:image:width\" content=\"350\" \/>\n\t<meta property=\"og:image:height\" content=\"325\" \/>\n\t<meta property=\"og:image:type\" content=\"image\/jpeg\" \/>\n<meta name=\"author\" content=\"Herv\u00e9 Roten\" \/>\n<meta name=\"twitter:card\" content=\"summary_large_image\" \/>\n<meta name=\"twitter:label1\" content=\"Escrito por\" \/>\n\t<meta name=\"twitter:data1\" content=\"Herv\u00e9 Roten\" \/>\n\t<meta name=\"twitter:label2\" content=\"Tiempo de lectura\" \/>\n\t<meta name=\"twitter:data2\" content=\"5 minutos\" \/>\n<script type=\"application\/ld+json\" class=\"yoast-schema-graph\">{\"@context\":\"https:\\\/\\\/schema.org\",\"@graph\":[{\"@type\":\"Article\",\"@id\":\"https:\\\/\\\/www.iemj.org\\\/es\\\/cantor-haim-ischakis\\\/#article\",\"isPartOf\":{\"@id\":\"https:\\\/\\\/www.iemj.org\\\/es\\\/cantor-haim-ischakis\\\/\"},\"author\":{\"name\":\"Herv\u00e9 Roten\",\"@id\":\"https:\\\/\\\/www.iemj.org\\\/es\\\/#\\\/schema\\\/person\\\/906134402c29d5c76e7b726261dd4bbd\"},\"headline\":\"Cantor Haim Ischakis\",\"datePublished\":\"2019-05-21T14:56:36+00:00\",\"dateModified\":\"2025-09-17T08:12:46+00:00\",\"mainEntityOfPage\":{\"@id\":\"https:\\\/\\\/www.iemj.org\\\/es\\\/cantor-haim-ischakis\\\/\"},\"wordCount\":795,\"publisher\":{\"@id\":\"https:\\\/\\\/www.iemj.org\\\/es\\\/#organization\"},\"image\":{\"@id\":\"https:\\\/\\\/www.iemj.org\\\/es\\\/cantor-haim-ischakis\\\/#primaryimage\"},\"thumbnailUrl\":\"https:\\\/\\\/www.iemj.org\\\/wp-content\\\/uploads\\\/2019\\\/05\\\/arton4169-e1619095324361.jpg\",\"keywords\":[\"Grecia\"],\"articleSection\":[\"CD\",\"\u00daltimas adquisiciones\"],\"inLanguage\":\"es\"},{\"@type\":\"WebPage\",\"@id\":\"https:\\\/\\\/www.iemj.org\\\/es\\\/cantor-haim-ischakis\\\/\",\"url\":\"https:\\\/\\\/www.iemj.org\\\/es\\\/cantor-haim-ischakis\\\/\",\"name\":\"Cantor Haim Ischakis - Institut Europ\u00e9en des Musiques Juives\",\"isPartOf\":{\"@id\":\"https:\\\/\\\/www.iemj.org\\\/es\\\/#website\"},\"primaryImageOfPage\":{\"@id\":\"https:\\\/\\\/www.iemj.org\\\/es\\\/cantor-haim-ischakis\\\/#primaryimage\"},\"image\":{\"@id\":\"https:\\\/\\\/www.iemj.org\\\/es\\\/cantor-haim-ischakis\\\/#primaryimage\"},\"thumbnailUrl\":\"https:\\\/\\\/www.iemj.org\\\/wp-content\\\/uploads\\\/2019\\\/05\\\/arton4169-e1619095324361.jpg\",\"datePublished\":\"2019-05-21T14:56:36+00:00\",\"dateModified\":\"2025-09-17T08:12:46+00:00\",\"breadcrumb\":{\"@id\":\"https:\\\/\\\/www.iemj.org\\\/es\\\/cantor-haim-ischakis\\\/#breadcrumb\"},\"inLanguage\":\"es\",\"potentialAction\":[{\"@type\":\"ReadAction\",\"target\":[\"https:\\\/\\\/www.iemj.org\\\/es\\\/cantor-haim-ischakis\\\/\"]}]},{\"@type\":\"ImageObject\",\"inLanguage\":\"es\",\"@id\":\"https:\\\/\\\/www.iemj.org\\\/es\\\/cantor-haim-ischakis\\\/#primaryimage\",\"url\":\"https:\\\/\\\/www.iemj.org\\\/wp-content\\\/uploads\\\/2019\\\/05\\\/arton4169-e1619095324361.jpg\",\"contentUrl\":\"https:\\\/\\\/www.iemj.org\\\/wp-content\\\/uploads\\\/2019\\\/05\\\/arton4169-e1619095324361.jpg\",\"width\":350,\"height\":325},{\"@type\":\"BreadcrumbList\",\"@id\":\"https:\\\/\\\/www.iemj.org\\\/es\\\/cantor-haim-ischakis\\\/#breadcrumb\",\"itemListElement\":[{\"@type\":\"ListItem\",\"position\":1,\"name\":\"Accueil\",\"item\":\"https:\\\/\\\/www.iemj.org\\\/es\\\/\"},{\"@type\":\"ListItem\",\"position\":2,\"name\":\"Cantor Haim Ischakis\"}]},{\"@type\":\"WebSite\",\"@id\":\"https:\\\/\\\/www.iemj.org\\\/es\\\/#website\",\"url\":\"https:\\\/\\\/www.iemj.org\\\/es\\\/\",\"name\":\"Institut Europ\u00e9en des Musiques Juives\",\"description\":\"Des traditions musicales \u00e0 la port\u00e9e de tous\",\"publisher\":{\"@id\":\"https:\\\/\\\/www.iemj.org\\\/es\\\/#organization\"},\"potentialAction\":[{\"@type\":\"SearchAction\",\"target\":{\"@type\":\"EntryPoint\",\"urlTemplate\":\"https:\\\/\\\/www.iemj.org\\\/es\\\/?s={search_term_string}\"},\"query-input\":{\"@type\":\"PropertyValueSpecification\",\"valueRequired\":true,\"valueName\":\"search_term_string\"}}],\"inLanguage\":\"es\"},{\"@type\":\"Organization\",\"@id\":\"https:\\\/\\\/www.iemj.org\\\/es\\\/#organization\",\"name\":\"Institut Europ\u00e9en des Musiques Juives\",\"url\":\"https:\\\/\\\/www.iemj.org\\\/es\\\/\",\"logo\":{\"@type\":\"ImageObject\",\"inLanguage\":\"es\",\"@id\":\"https:\\\/\\\/www.iemj.org\\\/es\\\/#\\\/schema\\\/logo\\\/image\\\/\",\"url\":\"https:\\\/\\\/www.iemj.org\\\/wp-content\\\/uploads\\\/2021\\\/09\\\/Logo-IEMJ-Paypal.jpg\",\"contentUrl\":\"https:\\\/\\\/www.iemj.org\\\/wp-content\\\/uploads\\\/2021\\\/09\\\/Logo-IEMJ-Paypal.jpg\",\"width\":150,\"height\":50,\"caption\":\"Institut Europ\u00e9en des Musiques Juives\"},\"image\":{\"@id\":\"https:\\\/\\\/www.iemj.org\\\/es\\\/#\\\/schema\\\/logo\\\/image\\\/\"},\"sameAs\":[\"https:\\\/\\\/www.facebook.com\\\/MusiquesJuives\\\/\",\"https:\\\/\\\/www.instagram.com\\\/musiquesjuives\\\/\",\"https:\\\/\\\/www.youtube.com\\\/user\\\/musiquesjuives\"]},{\"@type\":\"Person\",\"@id\":\"https:\\\/\\\/www.iemj.org\\\/es\\\/#\\\/schema\\\/person\\\/906134402c29d5c76e7b726261dd4bbd\",\"name\":\"Herv\u00e9 Roten\",\"image\":{\"@type\":\"ImageObject\",\"inLanguage\":\"es\",\"@id\":\"https:\\\/\\\/secure.gravatar.com\\\/avatar\\\/f96ad2db538a26481f18384936b5cd0610c92d390c4dc382209216d455f685ff?s=96&d=mm&r=g\",\"url\":\"https:\\\/\\\/secure.gravatar.com\\\/avatar\\\/f96ad2db538a26481f18384936b5cd0610c92d390c4dc382209216d455f685ff?s=96&d=mm&r=g\",\"contentUrl\":\"https:\\\/\\\/secure.gravatar.com\\\/avatar\\\/f96ad2db538a26481f18384936b5cd0610c92d390c4dc382209216d455f685ff?s=96&d=mm&r=g\",\"caption\":\"Herv\u00e9 Roten\"}}]}<\/script>\n<!-- \/ Yoast SEO plugin. -->","yoast_head_json":{"title":"Cantor Haim Ischakis - Institut Europ\u00e9en des Musiques Juives","robots":{"index":"index","follow":"follow","max-snippet":"max-snippet:-1","max-image-preview":"max-image-preview:large","max-video-preview":"max-video-preview:-1"},"canonical":"https:\/\/www.iemj.org\/es\/cantor-haim-ischakis\/","og_locale":"es_ES","og_type":"article","og_title":"Cantor Haim Ischakis - Institut Europ\u00e9en des Musiques Juives","og_description":"Publicada en 2018 por el Europ\u00e4ische Zentrum f\u00fcr J\u00fcdische Musik (EZJM) de Hannover, esta colecci\u00f3n de 4 CD presenta una visi\u00f3n musical amplia sobre la tradici\u00f3n lit\u00fargica de los jud\u00edos","og_url":"https:\/\/www.iemj.org\/es\/cantor-haim-ischakis\/","og_site_name":"Institut Europ\u00e9en des Musiques Juives","article_publisher":"https:\/\/www.facebook.com\/MusiquesJuives\/","article_published_time":"2019-05-21T14:56:36+00:00","article_modified_time":"2025-09-17T08:12:46+00:00","og_image":[{"width":350,"height":325,"url":"https:\/\/www.iemj.org\/wp-content\/uploads\/2019\/05\/arton4169-e1619095324361.jpg","type":"image\/jpeg"}],"author":"Herv\u00e9 Roten","twitter_card":"summary_large_image","twitter_misc":{"Escrito por":"Herv\u00e9 Roten","Tiempo de lectura":"5 minutos"},"schema":{"@context":"https:\/\/schema.org","@graph":[{"@type":"Article","@id":"https:\/\/www.iemj.org\/es\/cantor-haim-ischakis\/#article","isPartOf":{"@id":"https:\/\/www.iemj.org\/es\/cantor-haim-ischakis\/"},"author":{"name":"Herv\u00e9 Roten","@id":"https:\/\/www.iemj.org\/es\/#\/schema\/person\/906134402c29d5c76e7b726261dd4bbd"},"headline":"Cantor Haim Ischakis","datePublished":"2019-05-21T14:56:36+00:00","dateModified":"2025-09-17T08:12:46+00:00","mainEntityOfPage":{"@id":"https:\/\/www.iemj.org\/es\/cantor-haim-ischakis\/"},"wordCount":795,"publisher":{"@id":"https:\/\/www.iemj.org\/es\/#organization"},"image":{"@id":"https:\/\/www.iemj.org\/es\/cantor-haim-ischakis\/#primaryimage"},"thumbnailUrl":"https:\/\/www.iemj.org\/wp-content\/uploads\/2019\/05\/arton4169-e1619095324361.jpg","keywords":["Grecia"],"articleSection":["CD","\u00daltimas adquisiciones"],"inLanguage":"es"},{"@type":"WebPage","@id":"https:\/\/www.iemj.org\/es\/cantor-haim-ischakis\/","url":"https:\/\/www.iemj.org\/es\/cantor-haim-ischakis\/","name":"Cantor Haim Ischakis - Institut Europ\u00e9en des Musiques Juives","isPartOf":{"@id":"https:\/\/www.iemj.org\/es\/#website"},"primaryImageOfPage":{"@id":"https:\/\/www.iemj.org\/es\/cantor-haim-ischakis\/#primaryimage"},"image":{"@id":"https:\/\/www.iemj.org\/es\/cantor-haim-ischakis\/#primaryimage"},"thumbnailUrl":"https:\/\/www.iemj.org\/wp-content\/uploads\/2019\/05\/arton4169-e1619095324361.jpg","datePublished":"2019-05-21T14:56:36+00:00","dateModified":"2025-09-17T08:12:46+00:00","breadcrumb":{"@id":"https:\/\/www.iemj.org\/es\/cantor-haim-ischakis\/#breadcrumb"},"inLanguage":"es","potentialAction":[{"@type":"ReadAction","target":["https:\/\/www.iemj.org\/es\/cantor-haim-ischakis\/"]}]},{"@type":"ImageObject","inLanguage":"es","@id":"https:\/\/www.iemj.org\/es\/cantor-haim-ischakis\/#primaryimage","url":"https:\/\/www.iemj.org\/wp-content\/uploads\/2019\/05\/arton4169-e1619095324361.jpg","contentUrl":"https:\/\/www.iemj.org\/wp-content\/uploads\/2019\/05\/arton4169-e1619095324361.jpg","width":350,"height":325},{"@type":"BreadcrumbList","@id":"https:\/\/www.iemj.org\/es\/cantor-haim-ischakis\/#breadcrumb","itemListElement":[{"@type":"ListItem","position":1,"name":"Accueil","item":"https:\/\/www.iemj.org\/es\/"},{"@type":"ListItem","position":2,"name":"Cantor Haim Ischakis"}]},{"@type":"WebSite","@id":"https:\/\/www.iemj.org\/es\/#website","url":"https:\/\/www.iemj.org\/es\/","name":"Institut Europ\u00e9en des Musiques Juives","description":"Des traditions musicales \u00e0 la port\u00e9e de tous","publisher":{"@id":"https:\/\/www.iemj.org\/es\/#organization"},"potentialAction":[{"@type":"SearchAction","target":{"@type":"EntryPoint","urlTemplate":"https:\/\/www.iemj.org\/es\/?s={search_term_string}"},"query-input":{"@type":"PropertyValueSpecification","valueRequired":true,"valueName":"search_term_string"}}],"inLanguage":"es"},{"@type":"Organization","@id":"https:\/\/www.iemj.org\/es\/#organization","name":"Institut Europ\u00e9en des Musiques Juives","url":"https:\/\/www.iemj.org\/es\/","logo":{"@type":"ImageObject","inLanguage":"es","@id":"https:\/\/www.iemj.org\/es\/#\/schema\/logo\/image\/","url":"https:\/\/www.iemj.org\/wp-content\/uploads\/2021\/09\/Logo-IEMJ-Paypal.jpg","contentUrl":"https:\/\/www.iemj.org\/wp-content\/uploads\/2021\/09\/Logo-IEMJ-Paypal.jpg","width":150,"height":50,"caption":"Institut Europ\u00e9en des Musiques Juives"},"image":{"@id":"https:\/\/www.iemj.org\/es\/#\/schema\/logo\/image\/"},"sameAs":["https:\/\/www.facebook.com\/MusiquesJuives\/","https:\/\/www.instagram.com\/musiquesjuives\/","https:\/\/www.youtube.com\/user\/musiquesjuives"]},{"@type":"Person","@id":"https:\/\/www.iemj.org\/es\/#\/schema\/person\/906134402c29d5c76e7b726261dd4bbd","name":"Herv\u00e9 Roten","image":{"@type":"ImageObject","inLanguage":"es","@id":"https:\/\/secure.gravatar.com\/avatar\/f96ad2db538a26481f18384936b5cd0610c92d390c4dc382209216d455f685ff?s=96&d=mm&r=g","url":"https:\/\/secure.gravatar.com\/avatar\/f96ad2db538a26481f18384936b5cd0610c92d390c4dc382209216d455f685ff?s=96&d=mm&r=g","contentUrl":"https:\/\/secure.gravatar.com\/avatar\/f96ad2db538a26481f18384936b5cd0610c92d390c4dc382209216d455f685ff?s=96&d=mm&r=g","caption":"Herv\u00e9 Roten"}}]}},"_links":{"self":[{"href":"https:\/\/www.iemj.org\/es\/wp-json\/wp\/v2\/posts\/92256","targetHints":{"allow":["GET"]}}],"collection":[{"href":"https:\/\/www.iemj.org\/es\/wp-json\/wp\/v2\/posts"}],"about":[{"href":"https:\/\/www.iemj.org\/es\/wp-json\/wp\/v2\/types\/post"}],"author":[{"embeddable":true,"href":"https:\/\/www.iemj.org\/es\/wp-json\/wp\/v2\/users\/1045"}],"replies":[{"embeddable":true,"href":"https:\/\/www.iemj.org\/es\/wp-json\/wp\/v2\/comments?post=92256"}],"version-history":[{"count":0,"href":"https:\/\/www.iemj.org\/es\/wp-json\/wp\/v2\/posts\/92256\/revisions"}],"wp:featuredmedia":[{"embeddable":true,"href":"https:\/\/www.iemj.org\/es\/wp-json\/wp\/v2\/media\/92257"}],"wp:attachment":[{"href":"https:\/\/www.iemj.org\/es\/wp-json\/wp\/v2\/media?parent=92256"}],"wp:term":[{"taxonomy":"category","embeddable":true,"href":"https:\/\/www.iemj.org\/es\/wp-json\/wp\/v2\/categories?post=92256"},{"taxonomy":"post_tag","embeddable":true,"href":"https:\/\/www.iemj.org\/es\/wp-json\/wp\/v2\/tags?post=92256"},{"taxonomy":"technique","embeddable":true,"href":"https:\/\/www.iemj.org\/es\/wp-json\/wp\/v2\/technique?post=92256"},{"taxonomy":"squelettes","embeddable":true,"href":"https:\/\/www.iemj.org\/es\/wp-json\/wp\/v2\/squelettes?post=92256"},{"taxonomy":"sujet","embeddable":true,"href":"https:\/\/www.iemj.org\/es\/wp-json\/wp\/v2\/sujet?post=92256"},{"taxonomy":"formation","embeddable":true,"href":"https:\/\/www.iemj.org\/es\/wp-json\/wp\/v2\/formation?post=92256"},{"taxonomy":"genre","embeddable":true,"href":"https:\/\/www.iemj.org\/es\/wp-json\/wp\/v2\/genre?post=92256"},{"taxonomy":"fonds","embeddable":true,"href":"https:\/\/www.iemj.org\/es\/wp-json\/wp\/v2\/fonds?post=92256"},{"taxonomy":"tradition","embeddable":true,"href":"https:\/\/www.iemj.org\/es\/wp-json\/wp\/v2\/tradition?post=92256"},{"taxonomy":"type-de-contenu","embeddable":true,"href":"https:\/\/www.iemj.org\/es\/wp-json\/wp\/v2\/type-de-contenu?post=92256"},{"taxonomy":"interprete-compositeur","embeddable":true,"href":"https:\/\/www.iemj.org\/es\/wp-json\/wp\/v2\/interprete-compositeur?post=92256"},{"taxonomy":"frise","embeddable":true,"href":"https:\/\/www.iemj.org\/es\/wp-json\/wp\/v2\/frise?post=92256"},{"taxonomy":"type-devenement","embeddable":true,"href":"https:\/\/www.iemj.org\/es\/wp-json\/wp\/v2\/type-devenement?post=92256"},{"taxonomy":"tableaux-liens-externes","embeddable":true,"href":"https:\/\/www.iemj.org\/es\/wp-json\/wp\/v2\/tableaux-liens-externes?post=92256"}],"curies":[{"name":"wp","href":"https:\/\/api.w.org\/{rel}","templated":true}]}}