{"id":92305,"date":"2019-02-12T18:21:32","date_gmt":"2019-02-12T17:21:32","guid":{"rendered":"https:\/\/www.iemj.org\/sutzkever-project-2\/"},"modified":"2025-09-17T10:31:06","modified_gmt":"2025-09-17T08:31:06","slug":"sutzkever-project-2","status":"publish","type":"post","link":"https:\/\/www.iemj.org\/es\/sutzkever-project-2\/","title":{"rendered":"Sutzkever Project"},"content":{"rendered":"<p>En 2010, el disco <em>Sutzkever Project<\/em> fue el resultado de la asociaci\u00f3n entre el compositor Olivier Milhaud, el sobrino-nieto de Darius Milhaud, y la profesora y traductora de yiddish Batia Baum. En este encuentro, Batia Baum habl\u00f3 de la peronalidad y la obra fascinante del poeta Avrom Sutzkever. Una obra desfasada en la que el poeta ve\u00a0 estrellas aparecer en la cloaca del gueto de Vilno y alucina, viendo una puesta del sol en su propria sangre mezclada con cal. La poes\u00eda yiddish de Sutzkever frustra la atrocidad al recrear el mundo por una orden de vida y belleza\u2026<\/p>\n<p>Seducido por los textos de ese gran poeta, Olivier Milhaud sinti\u00f3 la necesidad de musicalizarlos. Fue gracias a este encuentro, en 2015, con la cantante M\u00e9lanie Gardyn y en 2016 con la pianista Natacha Medvedeva que iba a nacer Sutzkever Project, que gan\u00f3 en 2017 el 1er premio del <em>Festival Internacional de M\u00fasicas Jud\u00edas de Amsterdam<\/em><em> y el<\/em> <em>Premio<\/em><em> Mira Rafalowicz<\/em><em> por<\/em> la mejor interpretaci\u00f3n en yiddish.<\/p>\n<p><img fetchpriority=\"high\" decoding=\"async\" class=\" alignright size-full wp-image-22739\" src=\"https:\/\/www.iemj.org\/wp-content\/uploads\/2019\/02\/cd_1140_couv4_-_redim.jpg\" alt=\"cd_1140_couv4_-_redim.jpg\" width=\"341\" height=\"300\" align=\"right\" srcset=\"https:\/\/www.iemj.org\/wp-content\/uploads\/2019\/02\/cd_1140_couv4_-_redim.jpg 341w, https:\/\/www.iemj.org\/wp-content\/uploads\/2019\/02\/cd_1140_couv4_-_redim-300x264.jpg 300w\" sizes=\"(max-width: 341px) 100vw, 341px\" \/><\/p>\n<p>El disco <em>Sutzkever Project<\/em>, publicado en 2018, nos propone 12 poemas de Avrom Sutzkever evocando temas y universos muy distintos : la naturaleza siberiana relacionada con la muerte del padre (<em>Sibir<\/em>), la naturaleza encarnada en dos \u00e1rboles enamorados, fusionales (<em>tsvey beymer<\/em>), un nido desierto (<em>Di farloyrene nest<\/em>), la oraci\u00f3n y el recuerdo del abuelo (<em>Tikn os<\/em>), el G\u00e9nesis y la ca\u00edda del para\u00edso (<em>Der boym fun lebn, Der boym fun visn<\/em>), el horror transfigurado en una especie de pintura-poema, de visi\u00f3n (<em>Farfroyrene yidn, ikh lig in an orn<\/em>), el horror en una melod\u00eda c\u00ednica (<em>A vogn shikh<\/em>), alucinaci\u00f3n de una puesta del sol en la cal como versos de poemas (<em>Di sturmisten<\/em>) o tambi\u00e9n el desencanto de una \u00e9poca (<em>Penemer in zumpn<\/em>), una interrogaci\u00f3n m\u00edstica (<em>Tsou vemen geher ikh ?<\/em>),\u00a0 palabras que se encarnan \u2013 la rosa-viol\u00edn (<em>Di fidlroyz<\/em>), \u00bf una aparici\u00f3n o un sue\u00f1o ? \u2013 la bailarina (<em>Di tentserin<\/em>).<\/p>\n<p>Cada canto se construy\u00f3 alrededor de un <em>significante musical <\/em>(como de una palabra, de un leitmotiv para Sutzkever), es decir de un motivo arm\u00f3nico, mel\u00f3dico y\/o r\u00edtmico en torno al cual se basa el resto.<\/p>\n<p>La m\u00fasica de Olivier Milhaud, inspirada en la liturgia jud\u00eda, y hermosamente interpretada por M\u00e9lanie Gardyn y Natacha Medvedeva, se inscribe en la l\u00ednea de Bloch, Ravel, Eisler, Shostakovich\u2026<\/p>\n<p>\u00a1 Un gran \u00e9xito !<\/p>\n<p><a href=\"https:\/\/www.iemj.org\/wp-content\/uploads\/2019\/02\/bio_sutzkever-dossier-anima.pdf\">Pedir el CD Sutzkever Project en la tienda del IEMJ<\/a><\/p>\n<h2><a href=\"https:\/\/www.iemj.org\/wp-content\/uploads\/2019\/02\/bio_sutzkever-dossier-anima.pdf\">Pedir el CD Sutzkever Project en la tienda del IEMJ<\/a><\/h2>\n\n\n<h2 class=\"wp-block-heading\"><\/h2>\n\n\n<div class=\"wp-block-image\">\n<figure class=\"aligncenter size-large\"><img decoding=\"async\" width=\"1024\" height=\"133\" src=\"https:\/\/www.iemj.org\/wp-content\/uploads\/2024\/03\/AUDIO-PLAYER-1024x133.png\" alt=\"\" class=\"wp-image-110610\" srcset=\"https:\/\/www.iemj.org\/wp-content\/uploads\/2024\/03\/AUDIO-PLAYER-1024x133.png 1024w, https:\/\/www.iemj.org\/wp-content\/uploads\/2024\/03\/AUDIO-PLAYER-300x39.png 300w, https:\/\/www.iemj.org\/wp-content\/uploads\/2024\/03\/AUDIO-PLAYER-768x100.png 768w, https:\/\/www.iemj.org\/wp-content\/uploads\/2024\/03\/AUDIO-PLAYER-600x78.png 600w, https:\/\/www.iemj.org\/wp-content\/uploads\/2024\/03\/AUDIO-PLAYER.png 1210w\" sizes=\"(max-width: 1024px) 100vw, 1024px\" \/><\/figure>\n<\/div>\n\n\n<div class=\"wp-block-file\"><a id=\"wp-block-file--media-8c6560cf-4179-45f9-8ba2-706528ef9f97\" href=\"https:\/\/www.iemj.org\/wp-content\/uploads\/2019\/02\/01_petit_soleil_ex.mp3\">01 Petit soleil EX<\/a><\/div>\n\n\n\n<div class=\"wp-block-file\"><a id=\"wp-block-file--media-a13be597-8794-4db5-a1e2-5b0fe66baf79\" href=\"https:\/\/www.iemj.org\/wp-content\/uploads\/2019\/02\/02_juifs_gel_s_ex.mp3\">02 Juifs gel\u00e9s EX<\/a><\/div>\n\n\n\n<div class=\"wp-block-file\"><a id=\"wp-block-file--media-dc27339d-7e05-44cf-912e-9d78d6dbe948\" href=\"https:\/\/www.iemj.org\/wp-content\/uploads\/2019\/02\/03_a_qui_j_appartiens_ex.mp3\">03 A qui j appartiens EX<\/a><\/div>\n\n\n\n<div class=\"wp-block-file\"><a id=\"wp-block-file--media-4de1bcb3-f34e-46d1-8a36-f75c93073de6\" href=\"https:\/\/www.iemj.org\/wp-content\/uploads\/2019\/02\/04_visages_dans_les_mar_cages_ex.mp3\">04 Un visage dans les mar\u00e9cages EX<\/a><\/div>\n\n\n\n<div class=\"wp-block-file\"><a id=\"wp-block-file--media-f0f22ab8-0f94-4690-822a-2ff391618908\" href=\"https:\/\/www.iemj.org\/wp-content\/uploads\/2019\/02\/05_deux_arbres_ex.mp3\">05 Deux arbres EX<\/a><\/div>\n\n\n\n<div class=\"wp-block-file\"><a id=\"wp-block-file--media-fb7bb7bf-9255-41e8-875f-0ed00b747bae\" href=\"https:\/\/www.iemj.org\/wp-content\/uploads\/2019\/02\/06_un_wagon_de_chaussures_ex.mp3\">06 Un wagon de chaussures EX<\/a><\/div>\n\n\n\n<div class=\"wp-block-file\"><a id=\"wp-block-file--media-94df1a73-76e4-4a0b-85e7-e9502794def9\" href=\"https:\/\/www.iemj.org\/wp-content\/uploads\/2019\/02\/07_au_bord_du_lac_narotch_ex.mp3\">07 Au bord du lac Narotch EX<\/a><\/div>\n\n\n\n<div class=\"wp-block-file\"><a id=\"wp-block-file--media-48c05b5b-3af5-49f5-a3f3-0dbd7e89930d\" href=\"https:\/\/www.iemj.org\/wp-content\/uploads\/2019\/02\/08_je_gis_dans_un_cercueil_ex.mp3\">08 Je gis dans un cercueil EX<\/a><\/div>\n\n\n\n<div class=\"wp-block-file\"><a id=\"wp-block-file--media-12efa678-e96c-4438-9851-bd4b5f04d803\" href=\"https:\/\/www.iemj.org\/wp-content\/uploads\/2019\/02\/09_nid_perdu_ex.mp3\">09 Nid perdu EX<\/a><\/div>\n\n\n\n<div class=\"wp-block-file\"><a id=\"wp-block-file--media-a14a73e6-63d1-42dd-b11e-e1c6a2f019d2\" href=\"https:\/\/www.iemj.org\/wp-content\/uploads\/2019\/02\/10_qui_restera_ex.mp3\">10 Qui restera EX<\/a><\/div>\n\n\n\n<div class=\"wp-block-file\"><a id=\"wp-block-file--media-f0b9624e-928f-4fe5-b3b5-8fbf12929bb2\" href=\"https:\/\/www.iemj.org\/wp-content\/uploads\/2019\/02\/11_chant_de_r_paration_ex.mp3\">11 Chant de r\u00e9paration EX<\/a><\/div>\n\n\n\n<div class=\"wp-block-file\"><a id=\"wp-block-file--media-b0b4dad2-4eb4-43c4-b138-15a752fd6eb6\" href=\"https:\/\/www.iemj.org\/wp-content\/uploads\/2019\/02\/12_a_travers_les_nuits_ensoleill_es_ex.mp3\">12 A travers les nuits ensoleill\u00e9es EX<\/a><\/div>\n","protected":false},"excerpt":{"rendered":"<p>En 2010, el disco Sutzkever Project fue el resultado de la asociaci\u00f3n entre el compositor Olivier Milhaud, el sobrino-nieto de Darius Milhaud, y la profesora y traductora de yiddish Batia<\/p>\n","protected":false},"author":1045,"featured_media":92306,"comment_status":"closed","ping_status":"closed","sticky":false,"template":"","format":"standard","meta":{"_acf_changed":false,"footnotes":""},"categories":[1568,1565],"tags":[],"technique":[],"squelettes":[],"sujet":[],"formation":[],"genre":[1899,1863],"fonds":[],"tradition":[],"type-de-contenu":[],"interprete-compositeur":[],"frise":[],"type-devenement":[],"tableaux-liens-externes":[],"class_list":["post-92305","post","type-post","status-publish","format-standard","has-post-thumbnail","hentry","category-cd-es","category-ultimas-adquisiciones-es","genre-musica-clasica-es","genre-yiddish-es"],"acf":[],"yoast_head":"<!-- This site is optimized with the Yoast SEO plugin v27.3 - https:\/\/yoast.com\/product\/yoast-seo-wordpress\/ -->\n<title>Sutzkever Project - Institut Europ\u00e9en des Musiques Juives<\/title>\n<meta name=\"robots\" content=\"index, follow, max-snippet:-1, max-image-preview:large, max-video-preview:-1\" \/>\n<link rel=\"canonical\" href=\"https:\/\/www.iemj.org\/es\/sutzkever-project-2\/\" \/>\n<meta property=\"og:locale\" content=\"es_ES\" \/>\n<meta property=\"og:type\" content=\"article\" \/>\n<meta property=\"og:title\" content=\"Sutzkever Project - Institut Europ\u00e9en des Musiques Juives\" \/>\n<meta property=\"og:description\" content=\"En 2010, el disco Sutzkever Project fue el resultado de la asociaci\u00f3n entre el compositor Olivier Milhaud, el sobrino-nieto de Darius Milhaud, y la profesora y traductora de yiddish Batia\" \/>\n<meta property=\"og:url\" content=\"https:\/\/www.iemj.org\/es\/sutzkever-project-2\/\" \/>\n<meta property=\"og:site_name\" content=\"Institut Europ\u00e9en des Musiques Juives\" \/>\n<meta property=\"article:publisher\" content=\"https:\/\/www.facebook.com\/MusiquesJuives\/\" \/>\n<meta property=\"article:published_time\" content=\"2019-02-12T17:21:32+00:00\" \/>\n<meta property=\"article:modified_time\" content=\"2025-09-17T08:31:06+00:00\" \/>\n<meta property=\"og:image\" content=\"https:\/\/www.iemj.org\/wp-content\/uploads\/2019\/02\/arton3946-e1619099731992.jpg\" \/>\n\t<meta property=\"og:image:width\" content=\"350\" \/>\n\t<meta property=\"og:image:height\" content=\"308\" \/>\n\t<meta property=\"og:image:type\" content=\"image\/jpeg\" \/>\n<meta name=\"author\" content=\"Herv\u00e9 Roten\" \/>\n<meta name=\"twitter:card\" content=\"summary_large_image\" \/>\n<meta name=\"twitter:label1\" content=\"Escrito por\" \/>\n\t<meta name=\"twitter:data1\" content=\"Herv\u00e9 Roten\" \/>\n\t<meta name=\"twitter:label2\" content=\"Tiempo de lectura\" \/>\n\t<meta name=\"twitter:data2\" content=\"3 minutos\" \/>\n<script type=\"application\/ld+json\" class=\"yoast-schema-graph\">{\"@context\":\"https:\\\/\\\/schema.org\",\"@graph\":[{\"@type\":\"Article\",\"@id\":\"https:\\\/\\\/www.iemj.org\\\/es\\\/sutzkever-project-2\\\/#article\",\"isPartOf\":{\"@id\":\"https:\\\/\\\/www.iemj.org\\\/es\\\/sutzkever-project-2\\\/\"},\"author\":{\"name\":\"Herv\u00e9 Roten\",\"@id\":\"https:\\\/\\\/www.iemj.org\\\/es\\\/#\\\/schema\\\/person\\\/906134402c29d5c76e7b726261dd4bbd\"},\"headline\":\"Sutzkever Project\",\"datePublished\":\"2019-02-12T17:21:32+00:00\",\"dateModified\":\"2025-09-17T08:31:06+00:00\",\"mainEntityOfPage\":{\"@id\":\"https:\\\/\\\/www.iemj.org\\\/es\\\/sutzkever-project-2\\\/\"},\"wordCount\":479,\"publisher\":{\"@id\":\"https:\\\/\\\/www.iemj.org\\\/es\\\/#organization\"},\"image\":{\"@id\":\"https:\\\/\\\/www.iemj.org\\\/es\\\/sutzkever-project-2\\\/#primaryimage\"},\"thumbnailUrl\":\"https:\\\/\\\/www.iemj.org\\\/wp-content\\\/uploads\\\/2019\\\/02\\\/arton3946-e1619099731992.jpg\",\"articleSection\":[\"CD\",\"\u00daltimas adquisiciones\"],\"inLanguage\":\"es\"},{\"@type\":\"WebPage\",\"@id\":\"https:\\\/\\\/www.iemj.org\\\/es\\\/sutzkever-project-2\\\/\",\"url\":\"https:\\\/\\\/www.iemj.org\\\/es\\\/sutzkever-project-2\\\/\",\"name\":\"Sutzkever Project - Institut Europ\u00e9en des Musiques Juives\",\"isPartOf\":{\"@id\":\"https:\\\/\\\/www.iemj.org\\\/es\\\/#website\"},\"primaryImageOfPage\":{\"@id\":\"https:\\\/\\\/www.iemj.org\\\/es\\\/sutzkever-project-2\\\/#primaryimage\"},\"image\":{\"@id\":\"https:\\\/\\\/www.iemj.org\\\/es\\\/sutzkever-project-2\\\/#primaryimage\"},\"thumbnailUrl\":\"https:\\\/\\\/www.iemj.org\\\/wp-content\\\/uploads\\\/2019\\\/02\\\/arton3946-e1619099731992.jpg\",\"datePublished\":\"2019-02-12T17:21:32+00:00\",\"dateModified\":\"2025-09-17T08:31:06+00:00\",\"breadcrumb\":{\"@id\":\"https:\\\/\\\/www.iemj.org\\\/es\\\/sutzkever-project-2\\\/#breadcrumb\"},\"inLanguage\":\"es\",\"potentialAction\":[{\"@type\":\"ReadAction\",\"target\":[\"https:\\\/\\\/www.iemj.org\\\/es\\\/sutzkever-project-2\\\/\"]}]},{\"@type\":\"ImageObject\",\"inLanguage\":\"es\",\"@id\":\"https:\\\/\\\/www.iemj.org\\\/es\\\/sutzkever-project-2\\\/#primaryimage\",\"url\":\"https:\\\/\\\/www.iemj.org\\\/wp-content\\\/uploads\\\/2019\\\/02\\\/arton3946-e1619099731992.jpg\",\"contentUrl\":\"https:\\\/\\\/www.iemj.org\\\/wp-content\\\/uploads\\\/2019\\\/02\\\/arton3946-e1619099731992.jpg\",\"width\":350,\"height\":308},{\"@type\":\"BreadcrumbList\",\"@id\":\"https:\\\/\\\/www.iemj.org\\\/es\\\/sutzkever-project-2\\\/#breadcrumb\",\"itemListElement\":[{\"@type\":\"ListItem\",\"position\":1,\"name\":\"Accueil\",\"item\":\"https:\\\/\\\/www.iemj.org\\\/es\\\/\"},{\"@type\":\"ListItem\",\"position\":2,\"name\":\"Sutzkever Project\"}]},{\"@type\":\"WebSite\",\"@id\":\"https:\\\/\\\/www.iemj.org\\\/es\\\/#website\",\"url\":\"https:\\\/\\\/www.iemj.org\\\/es\\\/\",\"name\":\"Institut Europ\u00e9en des Musiques Juives\",\"description\":\"Des traditions musicales \u00e0 la port\u00e9e de tous\",\"publisher\":{\"@id\":\"https:\\\/\\\/www.iemj.org\\\/es\\\/#organization\"},\"potentialAction\":[{\"@type\":\"SearchAction\",\"target\":{\"@type\":\"EntryPoint\",\"urlTemplate\":\"https:\\\/\\\/www.iemj.org\\\/es\\\/?s={search_term_string}\"},\"query-input\":{\"@type\":\"PropertyValueSpecification\",\"valueRequired\":true,\"valueName\":\"search_term_string\"}}],\"inLanguage\":\"es\"},{\"@type\":\"Organization\",\"@id\":\"https:\\\/\\\/www.iemj.org\\\/es\\\/#organization\",\"name\":\"Institut Europ\u00e9en des Musiques Juives\",\"url\":\"https:\\\/\\\/www.iemj.org\\\/es\\\/\",\"logo\":{\"@type\":\"ImageObject\",\"inLanguage\":\"es\",\"@id\":\"https:\\\/\\\/www.iemj.org\\\/es\\\/#\\\/schema\\\/logo\\\/image\\\/\",\"url\":\"https:\\\/\\\/www.iemj.org\\\/wp-content\\\/uploads\\\/2021\\\/09\\\/Logo-IEMJ-Paypal.jpg\",\"contentUrl\":\"https:\\\/\\\/www.iemj.org\\\/wp-content\\\/uploads\\\/2021\\\/09\\\/Logo-IEMJ-Paypal.jpg\",\"width\":150,\"height\":50,\"caption\":\"Institut Europ\u00e9en des Musiques Juives\"},\"image\":{\"@id\":\"https:\\\/\\\/www.iemj.org\\\/es\\\/#\\\/schema\\\/logo\\\/image\\\/\"},\"sameAs\":[\"https:\\\/\\\/www.facebook.com\\\/MusiquesJuives\\\/\",\"https:\\\/\\\/www.instagram.com\\\/musiquesjuives\\\/\",\"https:\\\/\\\/www.youtube.com\\\/user\\\/musiquesjuives\"]},{\"@type\":\"Person\",\"@id\":\"https:\\\/\\\/www.iemj.org\\\/es\\\/#\\\/schema\\\/person\\\/906134402c29d5c76e7b726261dd4bbd\",\"name\":\"Herv\u00e9 Roten\",\"image\":{\"@type\":\"ImageObject\",\"inLanguage\":\"es\",\"@id\":\"https:\\\/\\\/secure.gravatar.com\\\/avatar\\\/f96ad2db538a26481f18384936b5cd0610c92d390c4dc382209216d455f685ff?s=96&d=mm&r=g\",\"url\":\"https:\\\/\\\/secure.gravatar.com\\\/avatar\\\/f96ad2db538a26481f18384936b5cd0610c92d390c4dc382209216d455f685ff?s=96&d=mm&r=g\",\"contentUrl\":\"https:\\\/\\\/secure.gravatar.com\\\/avatar\\\/f96ad2db538a26481f18384936b5cd0610c92d390c4dc382209216d455f685ff?s=96&d=mm&r=g\",\"caption\":\"Herv\u00e9 Roten\"}}]}<\/script>\n<!-- \/ Yoast SEO plugin. -->","yoast_head_json":{"title":"Sutzkever Project - Institut Europ\u00e9en des Musiques Juives","robots":{"index":"index","follow":"follow","max-snippet":"max-snippet:-1","max-image-preview":"max-image-preview:large","max-video-preview":"max-video-preview:-1"},"canonical":"https:\/\/www.iemj.org\/es\/sutzkever-project-2\/","og_locale":"es_ES","og_type":"article","og_title":"Sutzkever Project - Institut Europ\u00e9en des Musiques Juives","og_description":"En 2010, el disco Sutzkever Project fue el resultado de la asociaci\u00f3n entre el compositor Olivier Milhaud, el sobrino-nieto de Darius Milhaud, y la profesora y traductora de yiddish Batia","og_url":"https:\/\/www.iemj.org\/es\/sutzkever-project-2\/","og_site_name":"Institut Europ\u00e9en des Musiques Juives","article_publisher":"https:\/\/www.facebook.com\/MusiquesJuives\/","article_published_time":"2019-02-12T17:21:32+00:00","article_modified_time":"2025-09-17T08:31:06+00:00","og_image":[{"width":350,"height":308,"url":"https:\/\/www.iemj.org\/wp-content\/uploads\/2019\/02\/arton3946-e1619099731992.jpg","type":"image\/jpeg"}],"author":"Herv\u00e9 Roten","twitter_card":"summary_large_image","twitter_misc":{"Escrito por":"Herv\u00e9 Roten","Tiempo de lectura":"3 minutos"},"schema":{"@context":"https:\/\/schema.org","@graph":[{"@type":"Article","@id":"https:\/\/www.iemj.org\/es\/sutzkever-project-2\/#article","isPartOf":{"@id":"https:\/\/www.iemj.org\/es\/sutzkever-project-2\/"},"author":{"name":"Herv\u00e9 Roten","@id":"https:\/\/www.iemj.org\/es\/#\/schema\/person\/906134402c29d5c76e7b726261dd4bbd"},"headline":"Sutzkever Project","datePublished":"2019-02-12T17:21:32+00:00","dateModified":"2025-09-17T08:31:06+00:00","mainEntityOfPage":{"@id":"https:\/\/www.iemj.org\/es\/sutzkever-project-2\/"},"wordCount":479,"publisher":{"@id":"https:\/\/www.iemj.org\/es\/#organization"},"image":{"@id":"https:\/\/www.iemj.org\/es\/sutzkever-project-2\/#primaryimage"},"thumbnailUrl":"https:\/\/www.iemj.org\/wp-content\/uploads\/2019\/02\/arton3946-e1619099731992.jpg","articleSection":["CD","\u00daltimas adquisiciones"],"inLanguage":"es"},{"@type":"WebPage","@id":"https:\/\/www.iemj.org\/es\/sutzkever-project-2\/","url":"https:\/\/www.iemj.org\/es\/sutzkever-project-2\/","name":"Sutzkever Project - Institut Europ\u00e9en des Musiques Juives","isPartOf":{"@id":"https:\/\/www.iemj.org\/es\/#website"},"primaryImageOfPage":{"@id":"https:\/\/www.iemj.org\/es\/sutzkever-project-2\/#primaryimage"},"image":{"@id":"https:\/\/www.iemj.org\/es\/sutzkever-project-2\/#primaryimage"},"thumbnailUrl":"https:\/\/www.iemj.org\/wp-content\/uploads\/2019\/02\/arton3946-e1619099731992.jpg","datePublished":"2019-02-12T17:21:32+00:00","dateModified":"2025-09-17T08:31:06+00:00","breadcrumb":{"@id":"https:\/\/www.iemj.org\/es\/sutzkever-project-2\/#breadcrumb"},"inLanguage":"es","potentialAction":[{"@type":"ReadAction","target":["https:\/\/www.iemj.org\/es\/sutzkever-project-2\/"]}]},{"@type":"ImageObject","inLanguage":"es","@id":"https:\/\/www.iemj.org\/es\/sutzkever-project-2\/#primaryimage","url":"https:\/\/www.iemj.org\/wp-content\/uploads\/2019\/02\/arton3946-e1619099731992.jpg","contentUrl":"https:\/\/www.iemj.org\/wp-content\/uploads\/2019\/02\/arton3946-e1619099731992.jpg","width":350,"height":308},{"@type":"BreadcrumbList","@id":"https:\/\/www.iemj.org\/es\/sutzkever-project-2\/#breadcrumb","itemListElement":[{"@type":"ListItem","position":1,"name":"Accueil","item":"https:\/\/www.iemj.org\/es\/"},{"@type":"ListItem","position":2,"name":"Sutzkever Project"}]},{"@type":"WebSite","@id":"https:\/\/www.iemj.org\/es\/#website","url":"https:\/\/www.iemj.org\/es\/","name":"Institut Europ\u00e9en des Musiques Juives","description":"Des traditions musicales \u00e0 la port\u00e9e de tous","publisher":{"@id":"https:\/\/www.iemj.org\/es\/#organization"},"potentialAction":[{"@type":"SearchAction","target":{"@type":"EntryPoint","urlTemplate":"https:\/\/www.iemj.org\/es\/?s={search_term_string}"},"query-input":{"@type":"PropertyValueSpecification","valueRequired":true,"valueName":"search_term_string"}}],"inLanguage":"es"},{"@type":"Organization","@id":"https:\/\/www.iemj.org\/es\/#organization","name":"Institut Europ\u00e9en des Musiques Juives","url":"https:\/\/www.iemj.org\/es\/","logo":{"@type":"ImageObject","inLanguage":"es","@id":"https:\/\/www.iemj.org\/es\/#\/schema\/logo\/image\/","url":"https:\/\/www.iemj.org\/wp-content\/uploads\/2021\/09\/Logo-IEMJ-Paypal.jpg","contentUrl":"https:\/\/www.iemj.org\/wp-content\/uploads\/2021\/09\/Logo-IEMJ-Paypal.jpg","width":150,"height":50,"caption":"Institut Europ\u00e9en des Musiques Juives"},"image":{"@id":"https:\/\/www.iemj.org\/es\/#\/schema\/logo\/image\/"},"sameAs":["https:\/\/www.facebook.com\/MusiquesJuives\/","https:\/\/www.instagram.com\/musiquesjuives\/","https:\/\/www.youtube.com\/user\/musiquesjuives"]},{"@type":"Person","@id":"https:\/\/www.iemj.org\/es\/#\/schema\/person\/906134402c29d5c76e7b726261dd4bbd","name":"Herv\u00e9 Roten","image":{"@type":"ImageObject","inLanguage":"es","@id":"https:\/\/secure.gravatar.com\/avatar\/f96ad2db538a26481f18384936b5cd0610c92d390c4dc382209216d455f685ff?s=96&d=mm&r=g","url":"https:\/\/secure.gravatar.com\/avatar\/f96ad2db538a26481f18384936b5cd0610c92d390c4dc382209216d455f685ff?s=96&d=mm&r=g","contentUrl":"https:\/\/secure.gravatar.com\/avatar\/f96ad2db538a26481f18384936b5cd0610c92d390c4dc382209216d455f685ff?s=96&d=mm&r=g","caption":"Herv\u00e9 Roten"}}]}},"_links":{"self":[{"href":"https:\/\/www.iemj.org\/es\/wp-json\/wp\/v2\/posts\/92305","targetHints":{"allow":["GET"]}}],"collection":[{"href":"https:\/\/www.iemj.org\/es\/wp-json\/wp\/v2\/posts"}],"about":[{"href":"https:\/\/www.iemj.org\/es\/wp-json\/wp\/v2\/types\/post"}],"author":[{"embeddable":true,"href":"https:\/\/www.iemj.org\/es\/wp-json\/wp\/v2\/users\/1045"}],"replies":[{"embeddable":true,"href":"https:\/\/www.iemj.org\/es\/wp-json\/wp\/v2\/comments?post=92305"}],"version-history":[{"count":0,"href":"https:\/\/www.iemj.org\/es\/wp-json\/wp\/v2\/posts\/92305\/revisions"}],"wp:featuredmedia":[{"embeddable":true,"href":"https:\/\/www.iemj.org\/es\/wp-json\/wp\/v2\/media\/92306"}],"wp:attachment":[{"href":"https:\/\/www.iemj.org\/es\/wp-json\/wp\/v2\/media?parent=92305"}],"wp:term":[{"taxonomy":"category","embeddable":true,"href":"https:\/\/www.iemj.org\/es\/wp-json\/wp\/v2\/categories?post=92305"},{"taxonomy":"post_tag","embeddable":true,"href":"https:\/\/www.iemj.org\/es\/wp-json\/wp\/v2\/tags?post=92305"},{"taxonomy":"technique","embeddable":true,"href":"https:\/\/www.iemj.org\/es\/wp-json\/wp\/v2\/technique?post=92305"},{"taxonomy":"squelettes","embeddable":true,"href":"https:\/\/www.iemj.org\/es\/wp-json\/wp\/v2\/squelettes?post=92305"},{"taxonomy":"sujet","embeddable":true,"href":"https:\/\/www.iemj.org\/es\/wp-json\/wp\/v2\/sujet?post=92305"},{"taxonomy":"formation","embeddable":true,"href":"https:\/\/www.iemj.org\/es\/wp-json\/wp\/v2\/formation?post=92305"},{"taxonomy":"genre","embeddable":true,"href":"https:\/\/www.iemj.org\/es\/wp-json\/wp\/v2\/genre?post=92305"},{"taxonomy":"fonds","embeddable":true,"href":"https:\/\/www.iemj.org\/es\/wp-json\/wp\/v2\/fonds?post=92305"},{"taxonomy":"tradition","embeddable":true,"href":"https:\/\/www.iemj.org\/es\/wp-json\/wp\/v2\/tradition?post=92305"},{"taxonomy":"type-de-contenu","embeddable":true,"href":"https:\/\/www.iemj.org\/es\/wp-json\/wp\/v2\/type-de-contenu?post=92305"},{"taxonomy":"interprete-compositeur","embeddable":true,"href":"https:\/\/www.iemj.org\/es\/wp-json\/wp\/v2\/interprete-compositeur?post=92305"},{"taxonomy":"frise","embeddable":true,"href":"https:\/\/www.iemj.org\/es\/wp-json\/wp\/v2\/frise?post=92305"},{"taxonomy":"type-devenement","embeddable":true,"href":"https:\/\/www.iemj.org\/es\/wp-json\/wp\/v2\/type-devenement?post=92305"},{"taxonomy":"tableaux-liens-externes","embeddable":true,"href":"https:\/\/www.iemj.org\/es\/wp-json\/wp\/v2\/tableaux-liens-externes?post=92305"}],"curies":[{"name":"wp","href":"https:\/\/api.w.org\/{rel}","templated":true}]}}