{"id":92316,"date":"2019-01-21T11:07:51","date_gmt":"2019-01-21T10:07:51","guid":{"rendered":"https:\/\/www.iemj.org\/kz-musik-encyclopedie-des-musiques-composees-dans-les-camps-de-concentration-1933-1945\/"},"modified":"2025-04-16T15:52:01","modified_gmt":"2025-04-16T13:52:01","slug":"kz-musik-encyclopedie-des-musiques-composees-dans-les-camps-de-concentration-1933-1945","status":"publish","type":"post","link":"https:\/\/www.iemj.org\/es\/kz-musik-encyclopedie-des-musiques-composees-dans-les-camps-de-concentration-1933-1945\/","title":{"rendered":"KZ Musik: Enciclopedia de las m\u00fasicas compuestas en los campos de concentraci\u00f3n (1933-1945)"},"content":{"rendered":"<p>Publicada en 2011 por Musikstrasse, esa colecci\u00f3n de 24 CD re\u00fane m\u00e1s de 500 piezas de m\u00fasica compuestas en los campos de concentraci\u00f3n entre 1933 y 1945.<\/p>\n<p>\u00d3peras, sinfon\u00edas, m\u00fasica de c\u00e1mara, Lieder, m\u00fasica coral, cabaret, jazz, m\u00fasica tradicional o popular\u2026 Todos esos g\u00e9neros musicales grabados por m\u00fasicos contempor\u00e1neos bajo la direcci\u00f3n del pianista, compositor y music\u00f3logo italiano <a href=\"https:\/\/fr.wikipedia.org\/wiki\/Francesco_Lotoro\">Francesco Lotoro<\/a>.<\/p>\n<p>Estas m\u00fasicas fueron escritas entre 1933 y 1945 por jud\u00edos, gitanos, homosexuales, opositores pol\u00edticos, discapacitados, personas de diversos tipos, que fueron deportadas, asesinadas, o que sobrevivieron a los campos de la muerte.<\/p>\n<p>Resultado de una investigaci\u00f3n musicol\u00f3gica que dur\u00f3 22 a\u00f1os, esa enciclopedia, dirigida por Francesco Lotoro, y producida por el sello Muzikstrasse, es una referencia mundial en cuanto a las m\u00fasicas escritas durante el Holocausto.<\/p>\n<p>Cada uno de los 24 CD tiene un folleto en ingl\u00e9s y en italiano, incluyendo las biograf\u00edas de los compositores, fotos, anotaciones relativas a las obras, los nombres de los campos donde las m\u00fasicas fueron escritas, y las letras en la lengua original para las obras cantadas.<\/p>\n<p>Un 25a folleto, tambi\u00e9n en italiano y en ingl\u00e9s, presenta cada campo de concentraci\u00f3n, de Auschwitz a Fullen (Alemania), pasando por el campo italiano de Giado en Libia, o tambi\u00e9n el campo japon\u00e9s de Changi en Singapur. Una biograf\u00eda breve de los m\u00fasicos que participaron en la grabaci\u00f3n de esta colecci\u00f3n, complementa este folleto.<\/p>\n<p>Esta enciclopedia, verdadera referencia de la m\u00fasica compuesta en los campos, fue dada al IEMJ por la <a href=\"http:\/\/www.musikstrasse.it\/index.php?lang=ENG\">Asociaci\u00f3n \u201cJanusz Korczak Jeunesse\u201d<\/a>. Deseamos expresar nuestro m\u00e1s sincero agradecimiento a la asociaci\u00f3n.<\/p>\n<p><a href=\"https:\/\/fr.wikipedia.org\/wiki\/Francesco_Lotoro\">Consultar la biograf\u00eda de Francesco Lotoro<\/a><br \/>\n<a href=\"http:\/\/www.rachelnet.net\/F\/?func=find-c&amp;ccl_term=WRD+%3D+kz+musik+&amp;local_base=iemcg\" target=\"_blank\" rel=\"noopener\">Consultar la lista de las piezas incluidas en la colecci\u00f3n KZ Musik en nuestro cat\u00e1logo en l\u00ednea<\/a><br \/>\n<a href=\"http:\/\/www.musikstrasse.it\/index.php?lang=ENG\" target=\"_blank\" rel=\"noopener\">Consultar el sitio del editor<\/a><br \/>\n<a href=\"http:\/\/www.kzmusik.com\/\">Comprar la enciclopedia (p\u00e1gina web en italiano)<\/a><\/p>\n\n<div class=\"wp-block-image\">\n<figure class=\"aligncenter size-large\"><img fetchpriority=\"high\" decoding=\"async\" width=\"1024\" height=\"133\" src=\"https:\/\/www.iemj.org\/wp-content\/uploads\/2024\/03\/AUDIO-PLAYER-1024x133.png\" alt=\"\" class=\"wp-image-110610\" srcset=\"https:\/\/www.iemj.org\/wp-content\/uploads\/2024\/03\/AUDIO-PLAYER-1024x133.png 1024w, https:\/\/www.iemj.org\/wp-content\/uploads\/2024\/03\/AUDIO-PLAYER-300x39.png 300w, https:\/\/www.iemj.org\/wp-content\/uploads\/2024\/03\/AUDIO-PLAYER-768x100.png 768w, https:\/\/www.iemj.org\/wp-content\/uploads\/2024\/03\/AUDIO-PLAYER-600x78.png 600w, https:\/\/www.iemj.org\/wp-content\/uploads\/2024\/03\/AUDIO-PLAYER.png 1210w\" sizes=\"(max-width: 1024px) 100vw, 1024px\" \/><\/figure>\n<\/div>","protected":false},"excerpt":{"rendered":"<p>Publicada en 2011 por Musikstrasse, esa colecci\u00f3n de 24 CD re\u00fane m\u00e1s de 500 piezas de m\u00fasica compuestas en los campos de concentraci\u00f3n entre 1933 y 1945. \u00d3peras, sinfon\u00edas, m\u00fasica<\/p>\n","protected":false},"author":1048,"featured_media":92317,"comment_status":"closed","ping_status":"open","sticky":false,"template":"","format":"standard","meta":{"_acf_changed":false,"footnotes":""},"categories":[1568,1565],"tags":[],"technique":[],"squelettes":[],"sujet":[1803],"formation":[],"genre":[],"fonds":[],"tradition":[],"type-de-contenu":[],"interprete-compositeur":[],"frise":[],"type-devenement":[],"tableaux-liens-externes":[],"class_list":["post-92316","post","type-post","status-publish","format-standard","has-post-thumbnail","hentry","category-cd-es","category-ultimas-adquisiciones-es","sujet-shoah-es"],"acf":[],"yoast_head":"<!-- This site is optimized with the Yoast SEO plugin v27.3 - https:\/\/yoast.com\/product\/yoast-seo-wordpress\/ -->\n<title>KZ Musik: Enciclopedia de las m\u00fasicas compuestas en los campos de concentraci\u00f3n (1933-1945) - Institut Europ\u00e9en des Musiques Juives<\/title>\n<meta name=\"robots\" content=\"index, follow, max-snippet:-1, max-image-preview:large, max-video-preview:-1\" \/>\n<link rel=\"canonical\" href=\"https:\/\/www.iemj.org\/es\/kz-musik-encyclopedie-des-musiques-composees-dans-les-camps-de-concentration-1933-1945\/\" \/>\n<meta property=\"og:locale\" content=\"es_ES\" \/>\n<meta property=\"og:type\" content=\"article\" \/>\n<meta property=\"og:title\" content=\"KZ Musik: Enciclopedia de las m\u00fasicas compuestas en los campos de concentraci\u00f3n (1933-1945) - Institut Europ\u00e9en des Musiques Juives\" \/>\n<meta property=\"og:description\" content=\"Publicada en 2011 por Musikstrasse, esa colecci\u00f3n de 24 CD re\u00fane m\u00e1s de 500 piezas de m\u00fasica compuestas en los campos de concentraci\u00f3n entre 1933 y 1945. \u00d3peras, sinfon\u00edas, m\u00fasica\" \/>\n<meta property=\"og:url\" content=\"https:\/\/www.iemj.org\/es\/kz-musik-encyclopedie-des-musiques-composees-dans-les-camps-de-concentration-1933-1945\/\" \/>\n<meta property=\"og:site_name\" content=\"Institut Europ\u00e9en des Musiques Juives\" \/>\n<meta property=\"article:publisher\" content=\"https:\/\/www.facebook.com\/MusiquesJuives\/\" \/>\n<meta property=\"article:published_time\" content=\"2019-01-21T10:07:51+00:00\" \/>\n<meta property=\"article:modified_time\" content=\"2025-04-16T13:52:01+00:00\" \/>\n<meta property=\"og:image\" content=\"https:\/\/www.iemj.org\/wp-content\/uploads\/2019\/01\/arton3888-e1619109903833.jpg\" \/>\n\t<meta property=\"og:image:width\" content=\"350\" \/>\n\t<meta property=\"og:image:height\" content=\"314\" \/>\n\t<meta property=\"og:image:type\" content=\"image\/jpeg\" \/>\n<meta name=\"author\" content=\"Jean-Gabriel Davis\" \/>\n<meta name=\"twitter:card\" content=\"summary_large_image\" \/>\n<meta name=\"twitter:label1\" content=\"Escrito por\" \/>\n\t<meta name=\"twitter:data1\" content=\"Jean-Gabriel Davis\" \/>\n\t<meta name=\"twitter:label2\" content=\"Tiempo de lectura\" \/>\n\t<meta name=\"twitter:data2\" content=\"2 minutos\" \/>\n<script type=\"application\/ld+json\" class=\"yoast-schema-graph\">{\"@context\":\"https:\\\/\\\/schema.org\",\"@graph\":[{\"@type\":\"Article\",\"@id\":\"https:\\\/\\\/www.iemj.org\\\/es\\\/kz-musik-encyclopedie-des-musiques-composees-dans-les-camps-de-concentration-1933-1945\\\/#article\",\"isPartOf\":{\"@id\":\"https:\\\/\\\/www.iemj.org\\\/es\\\/kz-musik-encyclopedie-des-musiques-composees-dans-les-camps-de-concentration-1933-1945\\\/\"},\"author\":{\"name\":\"Jean-Gabriel Davis\",\"@id\":\"https:\\\/\\\/www.iemj.org\\\/es\\\/#\\\/schema\\\/person\\\/c9bc1c386a3749579a2d675e72a18666\"},\"headline\":\"KZ Musik: Enciclopedia de las m\u00fasicas compuestas en los campos de concentraci\u00f3n (1933-1945)\",\"datePublished\":\"2019-01-21T10:07:51+00:00\",\"dateModified\":\"2025-04-16T13:52:01+00:00\",\"mainEntityOfPage\":{\"@id\":\"https:\\\/\\\/www.iemj.org\\\/es\\\/kz-musik-encyclopedie-des-musiques-composees-dans-les-camps-de-concentration-1933-1945\\\/\"},\"wordCount\":341,\"publisher\":{\"@id\":\"https:\\\/\\\/www.iemj.org\\\/es\\\/#organization\"},\"image\":{\"@id\":\"https:\\\/\\\/www.iemj.org\\\/es\\\/kz-musik-encyclopedie-des-musiques-composees-dans-les-camps-de-concentration-1933-1945\\\/#primaryimage\"},\"thumbnailUrl\":\"https:\\\/\\\/www.iemj.org\\\/wp-content\\\/uploads\\\/2019\\\/01\\\/arton3888-e1619109903833.jpg\",\"articleSection\":[\"CD\",\"\u00daltimas adquisiciones\"],\"inLanguage\":\"es\"},{\"@type\":\"WebPage\",\"@id\":\"https:\\\/\\\/www.iemj.org\\\/es\\\/kz-musik-encyclopedie-des-musiques-composees-dans-les-camps-de-concentration-1933-1945\\\/\",\"url\":\"https:\\\/\\\/www.iemj.org\\\/es\\\/kz-musik-encyclopedie-des-musiques-composees-dans-les-camps-de-concentration-1933-1945\\\/\",\"name\":\"KZ Musik: Enciclopedia de las m\u00fasicas compuestas en los campos de concentraci\u00f3n (1933-1945) - Institut Europ\u00e9en des Musiques Juives\",\"isPartOf\":{\"@id\":\"https:\\\/\\\/www.iemj.org\\\/es\\\/#website\"},\"primaryImageOfPage\":{\"@id\":\"https:\\\/\\\/www.iemj.org\\\/es\\\/kz-musik-encyclopedie-des-musiques-composees-dans-les-camps-de-concentration-1933-1945\\\/#primaryimage\"},\"image\":{\"@id\":\"https:\\\/\\\/www.iemj.org\\\/es\\\/kz-musik-encyclopedie-des-musiques-composees-dans-les-camps-de-concentration-1933-1945\\\/#primaryimage\"},\"thumbnailUrl\":\"https:\\\/\\\/www.iemj.org\\\/wp-content\\\/uploads\\\/2019\\\/01\\\/arton3888-e1619109903833.jpg\",\"datePublished\":\"2019-01-21T10:07:51+00:00\",\"dateModified\":\"2025-04-16T13:52:01+00:00\",\"breadcrumb\":{\"@id\":\"https:\\\/\\\/www.iemj.org\\\/es\\\/kz-musik-encyclopedie-des-musiques-composees-dans-les-camps-de-concentration-1933-1945\\\/#breadcrumb\"},\"inLanguage\":\"es\",\"potentialAction\":[{\"@type\":\"ReadAction\",\"target\":[\"https:\\\/\\\/www.iemj.org\\\/es\\\/kz-musik-encyclopedie-des-musiques-composees-dans-les-camps-de-concentration-1933-1945\\\/\"]}]},{\"@type\":\"ImageObject\",\"inLanguage\":\"es\",\"@id\":\"https:\\\/\\\/www.iemj.org\\\/es\\\/kz-musik-encyclopedie-des-musiques-composees-dans-les-camps-de-concentration-1933-1945\\\/#primaryimage\",\"url\":\"https:\\\/\\\/www.iemj.org\\\/wp-content\\\/uploads\\\/2019\\\/01\\\/arton3888-e1619109903833.jpg\",\"contentUrl\":\"https:\\\/\\\/www.iemj.org\\\/wp-content\\\/uploads\\\/2019\\\/01\\\/arton3888-e1619109903833.jpg\",\"width\":350,\"height\":314},{\"@type\":\"BreadcrumbList\",\"@id\":\"https:\\\/\\\/www.iemj.org\\\/es\\\/kz-musik-encyclopedie-des-musiques-composees-dans-les-camps-de-concentration-1933-1945\\\/#breadcrumb\",\"itemListElement\":[{\"@type\":\"ListItem\",\"position\":1,\"name\":\"Accueil\",\"item\":\"https:\\\/\\\/www.iemj.org\\\/es\\\/\"},{\"@type\":\"ListItem\",\"position\":2,\"name\":\"KZ Musik: Enciclopedia de las m\u00fasicas compuestas en los campos de concentraci\u00f3n (1933-1945)\"}]},{\"@type\":\"WebSite\",\"@id\":\"https:\\\/\\\/www.iemj.org\\\/es\\\/#website\",\"url\":\"https:\\\/\\\/www.iemj.org\\\/es\\\/\",\"name\":\"Institut Europ\u00e9en des Musiques Juives\",\"description\":\"Des traditions musicales \u00e0 la port\u00e9e de tous\",\"publisher\":{\"@id\":\"https:\\\/\\\/www.iemj.org\\\/es\\\/#organization\"},\"potentialAction\":[{\"@type\":\"SearchAction\",\"target\":{\"@type\":\"EntryPoint\",\"urlTemplate\":\"https:\\\/\\\/www.iemj.org\\\/es\\\/?s={search_term_string}\"},\"query-input\":{\"@type\":\"PropertyValueSpecification\",\"valueRequired\":true,\"valueName\":\"search_term_string\"}}],\"inLanguage\":\"es\"},{\"@type\":\"Organization\",\"@id\":\"https:\\\/\\\/www.iemj.org\\\/es\\\/#organization\",\"name\":\"Institut Europ\u00e9en des Musiques Juives\",\"url\":\"https:\\\/\\\/www.iemj.org\\\/es\\\/\",\"logo\":{\"@type\":\"ImageObject\",\"inLanguage\":\"es\",\"@id\":\"https:\\\/\\\/www.iemj.org\\\/es\\\/#\\\/schema\\\/logo\\\/image\\\/\",\"url\":\"https:\\\/\\\/www.iemj.org\\\/wp-content\\\/uploads\\\/2021\\\/09\\\/Logo-IEMJ-Paypal.jpg\",\"contentUrl\":\"https:\\\/\\\/www.iemj.org\\\/wp-content\\\/uploads\\\/2021\\\/09\\\/Logo-IEMJ-Paypal.jpg\",\"width\":150,\"height\":50,\"caption\":\"Institut Europ\u00e9en des Musiques Juives\"},\"image\":{\"@id\":\"https:\\\/\\\/www.iemj.org\\\/es\\\/#\\\/schema\\\/logo\\\/image\\\/\"},\"sameAs\":[\"https:\\\/\\\/www.facebook.com\\\/MusiquesJuives\\\/\",\"https:\\\/\\\/www.instagram.com\\\/musiquesjuives\\\/\",\"https:\\\/\\\/www.youtube.com\\\/user\\\/musiquesjuives\"]},{\"@type\":\"Person\",\"@id\":\"https:\\\/\\\/www.iemj.org\\\/es\\\/#\\\/schema\\\/person\\\/c9bc1c386a3749579a2d675e72a18666\",\"name\":\"Jean-Gabriel Davis\",\"image\":{\"@type\":\"ImageObject\",\"inLanguage\":\"es\",\"@id\":\"https:\\\/\\\/secure.gravatar.com\\\/avatar\\\/2b90d67bdf392c9b3a21fab87c0fa7edaf1fb3a058172a1ffd61033fcec7aec1?s=96&d=mm&r=g\",\"url\":\"https:\\\/\\\/secure.gravatar.com\\\/avatar\\\/2b90d67bdf392c9b3a21fab87c0fa7edaf1fb3a058172a1ffd61033fcec7aec1?s=96&d=mm&r=g\",\"contentUrl\":\"https:\\\/\\\/secure.gravatar.com\\\/avatar\\\/2b90d67bdf392c9b3a21fab87c0fa7edaf1fb3a058172a1ffd61033fcec7aec1?s=96&d=mm&r=g\",\"caption\":\"Jean-Gabriel Davis\"}}]}<\/script>\n<!-- \/ Yoast SEO plugin. -->","yoast_head_json":{"title":"KZ Musik: Enciclopedia de las m\u00fasicas compuestas en los campos de concentraci\u00f3n (1933-1945) - Institut Europ\u00e9en des Musiques Juives","robots":{"index":"index","follow":"follow","max-snippet":"max-snippet:-1","max-image-preview":"max-image-preview:large","max-video-preview":"max-video-preview:-1"},"canonical":"https:\/\/www.iemj.org\/es\/kz-musik-encyclopedie-des-musiques-composees-dans-les-camps-de-concentration-1933-1945\/","og_locale":"es_ES","og_type":"article","og_title":"KZ Musik: Enciclopedia de las m\u00fasicas compuestas en los campos de concentraci\u00f3n (1933-1945) - Institut Europ\u00e9en des Musiques Juives","og_description":"Publicada en 2011 por Musikstrasse, esa colecci\u00f3n de 24 CD re\u00fane m\u00e1s de 500 piezas de m\u00fasica compuestas en los campos de concentraci\u00f3n entre 1933 y 1945. \u00d3peras, sinfon\u00edas, m\u00fasica","og_url":"https:\/\/www.iemj.org\/es\/kz-musik-encyclopedie-des-musiques-composees-dans-les-camps-de-concentration-1933-1945\/","og_site_name":"Institut Europ\u00e9en des Musiques Juives","article_publisher":"https:\/\/www.facebook.com\/MusiquesJuives\/","article_published_time":"2019-01-21T10:07:51+00:00","article_modified_time":"2025-04-16T13:52:01+00:00","og_image":[{"width":350,"height":314,"url":"https:\/\/www.iemj.org\/wp-content\/uploads\/2019\/01\/arton3888-e1619109903833.jpg","type":"image\/jpeg"}],"author":"Jean-Gabriel Davis","twitter_card":"summary_large_image","twitter_misc":{"Escrito por":"Jean-Gabriel Davis","Tiempo de lectura":"2 minutos"},"schema":{"@context":"https:\/\/schema.org","@graph":[{"@type":"Article","@id":"https:\/\/www.iemj.org\/es\/kz-musik-encyclopedie-des-musiques-composees-dans-les-camps-de-concentration-1933-1945\/#article","isPartOf":{"@id":"https:\/\/www.iemj.org\/es\/kz-musik-encyclopedie-des-musiques-composees-dans-les-camps-de-concentration-1933-1945\/"},"author":{"name":"Jean-Gabriel Davis","@id":"https:\/\/www.iemj.org\/es\/#\/schema\/person\/c9bc1c386a3749579a2d675e72a18666"},"headline":"KZ Musik: Enciclopedia de las m\u00fasicas compuestas en los campos de concentraci\u00f3n (1933-1945)","datePublished":"2019-01-21T10:07:51+00:00","dateModified":"2025-04-16T13:52:01+00:00","mainEntityOfPage":{"@id":"https:\/\/www.iemj.org\/es\/kz-musik-encyclopedie-des-musiques-composees-dans-les-camps-de-concentration-1933-1945\/"},"wordCount":341,"publisher":{"@id":"https:\/\/www.iemj.org\/es\/#organization"},"image":{"@id":"https:\/\/www.iemj.org\/es\/kz-musik-encyclopedie-des-musiques-composees-dans-les-camps-de-concentration-1933-1945\/#primaryimage"},"thumbnailUrl":"https:\/\/www.iemj.org\/wp-content\/uploads\/2019\/01\/arton3888-e1619109903833.jpg","articleSection":["CD","\u00daltimas adquisiciones"],"inLanguage":"es"},{"@type":"WebPage","@id":"https:\/\/www.iemj.org\/es\/kz-musik-encyclopedie-des-musiques-composees-dans-les-camps-de-concentration-1933-1945\/","url":"https:\/\/www.iemj.org\/es\/kz-musik-encyclopedie-des-musiques-composees-dans-les-camps-de-concentration-1933-1945\/","name":"KZ Musik: Enciclopedia de las m\u00fasicas compuestas en los campos de concentraci\u00f3n (1933-1945) - Institut Europ\u00e9en des Musiques Juives","isPartOf":{"@id":"https:\/\/www.iemj.org\/es\/#website"},"primaryImageOfPage":{"@id":"https:\/\/www.iemj.org\/es\/kz-musik-encyclopedie-des-musiques-composees-dans-les-camps-de-concentration-1933-1945\/#primaryimage"},"image":{"@id":"https:\/\/www.iemj.org\/es\/kz-musik-encyclopedie-des-musiques-composees-dans-les-camps-de-concentration-1933-1945\/#primaryimage"},"thumbnailUrl":"https:\/\/www.iemj.org\/wp-content\/uploads\/2019\/01\/arton3888-e1619109903833.jpg","datePublished":"2019-01-21T10:07:51+00:00","dateModified":"2025-04-16T13:52:01+00:00","breadcrumb":{"@id":"https:\/\/www.iemj.org\/es\/kz-musik-encyclopedie-des-musiques-composees-dans-les-camps-de-concentration-1933-1945\/#breadcrumb"},"inLanguage":"es","potentialAction":[{"@type":"ReadAction","target":["https:\/\/www.iemj.org\/es\/kz-musik-encyclopedie-des-musiques-composees-dans-les-camps-de-concentration-1933-1945\/"]}]},{"@type":"ImageObject","inLanguage":"es","@id":"https:\/\/www.iemj.org\/es\/kz-musik-encyclopedie-des-musiques-composees-dans-les-camps-de-concentration-1933-1945\/#primaryimage","url":"https:\/\/www.iemj.org\/wp-content\/uploads\/2019\/01\/arton3888-e1619109903833.jpg","contentUrl":"https:\/\/www.iemj.org\/wp-content\/uploads\/2019\/01\/arton3888-e1619109903833.jpg","width":350,"height":314},{"@type":"BreadcrumbList","@id":"https:\/\/www.iemj.org\/es\/kz-musik-encyclopedie-des-musiques-composees-dans-les-camps-de-concentration-1933-1945\/#breadcrumb","itemListElement":[{"@type":"ListItem","position":1,"name":"Accueil","item":"https:\/\/www.iemj.org\/es\/"},{"@type":"ListItem","position":2,"name":"KZ Musik: Enciclopedia de las m\u00fasicas compuestas en los campos de concentraci\u00f3n (1933-1945)"}]},{"@type":"WebSite","@id":"https:\/\/www.iemj.org\/es\/#website","url":"https:\/\/www.iemj.org\/es\/","name":"Institut Europ\u00e9en des Musiques Juives","description":"Des traditions musicales \u00e0 la port\u00e9e de tous","publisher":{"@id":"https:\/\/www.iemj.org\/es\/#organization"},"potentialAction":[{"@type":"SearchAction","target":{"@type":"EntryPoint","urlTemplate":"https:\/\/www.iemj.org\/es\/?s={search_term_string}"},"query-input":{"@type":"PropertyValueSpecification","valueRequired":true,"valueName":"search_term_string"}}],"inLanguage":"es"},{"@type":"Organization","@id":"https:\/\/www.iemj.org\/es\/#organization","name":"Institut Europ\u00e9en des Musiques Juives","url":"https:\/\/www.iemj.org\/es\/","logo":{"@type":"ImageObject","inLanguage":"es","@id":"https:\/\/www.iemj.org\/es\/#\/schema\/logo\/image\/","url":"https:\/\/www.iemj.org\/wp-content\/uploads\/2021\/09\/Logo-IEMJ-Paypal.jpg","contentUrl":"https:\/\/www.iemj.org\/wp-content\/uploads\/2021\/09\/Logo-IEMJ-Paypal.jpg","width":150,"height":50,"caption":"Institut Europ\u00e9en des Musiques Juives"},"image":{"@id":"https:\/\/www.iemj.org\/es\/#\/schema\/logo\/image\/"},"sameAs":["https:\/\/www.facebook.com\/MusiquesJuives\/","https:\/\/www.instagram.com\/musiquesjuives\/","https:\/\/www.youtube.com\/user\/musiquesjuives"]},{"@type":"Person","@id":"https:\/\/www.iemj.org\/es\/#\/schema\/person\/c9bc1c386a3749579a2d675e72a18666","name":"Jean-Gabriel Davis","image":{"@type":"ImageObject","inLanguage":"es","@id":"https:\/\/secure.gravatar.com\/avatar\/2b90d67bdf392c9b3a21fab87c0fa7edaf1fb3a058172a1ffd61033fcec7aec1?s=96&d=mm&r=g","url":"https:\/\/secure.gravatar.com\/avatar\/2b90d67bdf392c9b3a21fab87c0fa7edaf1fb3a058172a1ffd61033fcec7aec1?s=96&d=mm&r=g","contentUrl":"https:\/\/secure.gravatar.com\/avatar\/2b90d67bdf392c9b3a21fab87c0fa7edaf1fb3a058172a1ffd61033fcec7aec1?s=96&d=mm&r=g","caption":"Jean-Gabriel Davis"}}]}},"_links":{"self":[{"href":"https:\/\/www.iemj.org\/es\/wp-json\/wp\/v2\/posts\/92316","targetHints":{"allow":["GET"]}}],"collection":[{"href":"https:\/\/www.iemj.org\/es\/wp-json\/wp\/v2\/posts"}],"about":[{"href":"https:\/\/www.iemj.org\/es\/wp-json\/wp\/v2\/types\/post"}],"author":[{"embeddable":true,"href":"https:\/\/www.iemj.org\/es\/wp-json\/wp\/v2\/users\/1048"}],"replies":[{"embeddable":true,"href":"https:\/\/www.iemj.org\/es\/wp-json\/wp\/v2\/comments?post=92316"}],"version-history":[{"count":0,"href":"https:\/\/www.iemj.org\/es\/wp-json\/wp\/v2\/posts\/92316\/revisions"}],"wp:featuredmedia":[{"embeddable":true,"href":"https:\/\/www.iemj.org\/es\/wp-json\/wp\/v2\/media\/92317"}],"wp:attachment":[{"href":"https:\/\/www.iemj.org\/es\/wp-json\/wp\/v2\/media?parent=92316"}],"wp:term":[{"taxonomy":"category","embeddable":true,"href":"https:\/\/www.iemj.org\/es\/wp-json\/wp\/v2\/categories?post=92316"},{"taxonomy":"post_tag","embeddable":true,"href":"https:\/\/www.iemj.org\/es\/wp-json\/wp\/v2\/tags?post=92316"},{"taxonomy":"technique","embeddable":true,"href":"https:\/\/www.iemj.org\/es\/wp-json\/wp\/v2\/technique?post=92316"},{"taxonomy":"squelettes","embeddable":true,"href":"https:\/\/www.iemj.org\/es\/wp-json\/wp\/v2\/squelettes?post=92316"},{"taxonomy":"sujet","embeddable":true,"href":"https:\/\/www.iemj.org\/es\/wp-json\/wp\/v2\/sujet?post=92316"},{"taxonomy":"formation","embeddable":true,"href":"https:\/\/www.iemj.org\/es\/wp-json\/wp\/v2\/formation?post=92316"},{"taxonomy":"genre","embeddable":true,"href":"https:\/\/www.iemj.org\/es\/wp-json\/wp\/v2\/genre?post=92316"},{"taxonomy":"fonds","embeddable":true,"href":"https:\/\/www.iemj.org\/es\/wp-json\/wp\/v2\/fonds?post=92316"},{"taxonomy":"tradition","embeddable":true,"href":"https:\/\/www.iemj.org\/es\/wp-json\/wp\/v2\/tradition?post=92316"},{"taxonomy":"type-de-contenu","embeddable":true,"href":"https:\/\/www.iemj.org\/es\/wp-json\/wp\/v2\/type-de-contenu?post=92316"},{"taxonomy":"interprete-compositeur","embeddable":true,"href":"https:\/\/www.iemj.org\/es\/wp-json\/wp\/v2\/interprete-compositeur?post=92316"},{"taxonomy":"frise","embeddable":true,"href":"https:\/\/www.iemj.org\/es\/wp-json\/wp\/v2\/frise?post=92316"},{"taxonomy":"type-devenement","embeddable":true,"href":"https:\/\/www.iemj.org\/es\/wp-json\/wp\/v2\/type-devenement?post=92316"},{"taxonomy":"tableaux-liens-externes","embeddable":true,"href":"https:\/\/www.iemj.org\/es\/wp-json\/wp\/v2\/tableaux-liens-externes?post=92316"}],"curies":[{"name":"wp","href":"https:\/\/api.w.org\/{rel}","templated":true}]}}