{"id":92364,"date":"2018-10-29T16:28:21","date_gmt":"2018-10-29T15:28:21","guid":{"rendered":"https:\/\/www.iemj.org\/coplas-sefardies-de-alberto-hemsi-vol-2\/"},"modified":"2025-02-25T15:29:04","modified_gmt":"2025-02-25T14:29:04","slug":"coplas-sefardies-de-alberto-hemsi-vol-2","status":"publish","type":"post","link":"https:\/\/www.iemj.org\/es\/coplas-sefardies-de-alberto-hemsi-vol-2\/","title":{"rendered":"Coplas Sefardies de Alberto Hemsi &#8211; Vol.2"},"content":{"rendered":"<p>\u00a1 La integral de las obras para voces y piano de Alberto Hemsi ahora disponible en CD !<\/p>\n<p><!--more--><\/p>\n<p>Con ocasi\u00f3n de los 120 a\u00f1os del nacimiento de Alberto Hemsi (1898-1975), Assaf Levitin, cantor de la sinagoga liberal de Hannover, y el pianista Naaman Wagner se dedicaron a realizar la grabaci\u00f3n integral de las obras para voces y piano de este compositor a\u00fan poco conocido. Este proyecto fue en particular apoyado por el Europa\u00efsche Zentrum f\u00fcr J\u00fcdische Musik de Hannover.<\/p>\n<p><a href=\"https:\/\/www.iemj.org\/es\/hemsi-alberto-1898-1975\/\">Alberto Hemsi <\/a>era un gran admirador del folclore sefard\u00ed y sus tradiciones musicales. Como pianista y compositor, recopil\u00f3 230 poemas y melod\u00edas en las comunidades sefard\u00edes del antiguo Imperio Otomano entre 1923 y 1937. Dentro de ese importante conjunto, Hemsi seleccion\u00f3 60 melod\u00edas tradicionales y compuso \u00ab partes pian\u00edsticas, cuya realizaci\u00f3n result\u00f3 bastante dif\u00edcil, porque no se trataba \u2018de acompa\u00f1ar\u2019 sencillamente los dichos cantos, sino de enmarcarlos con\u00a0 peque\u00f1os esquemas sinf\u00f3nicos, para hacerles sugerir en la medida de lo posible, el ambiente, el estado de \u00e1nimo, el tema y la melod\u00eda \u00bb. Verdadera simbiosis entre m\u00fasica tradicional y arte sabio, las 60 <em>Coplas Sefardies <\/em>de Alberto Hemsi ofrecen una visi\u00f3n renovada de la tradici\u00f3n judeoespa\u00f1ola.<\/p>\n<p>Tras la publicaci\u00f3n del primer volumen de las <a href=\"https:\/\/www.iemj.org\/coplas-sefardies-de-alberto-hemsi-vol-1\/\"><em>Coplas Sefardies<\/em><\/a>, el 23 de febrero de 2018, este segundo volumen publicado en octubre de 2018 incluye 18 nuevas canciones judeoespa\u00f1olas (cuadernos 4 a 6) recogidas en Izmir y en Anatolia, y 8 melod\u00edas : <em>Kal Nidrey<\/em>, op. 12, <em>Arba\u2019a Shirim<\/em> (Cuatro cantos), op. 42 y tres <em>Visiones B\u00edblicas<\/em>, op. 48.<\/p>\n<p>75 minutos de pura felicidad, magn\u00edficamente interpretadas por Assaf Levitin y Naaman Wagner\u2026<\/p>\n<p><a href=\"https:\/\/www.rondeau.de\/advanced_search_result.php?keywords=Coplas&amp;x=16&amp;y=12\" target=\"_blank\" rel=\"noopener\">Comprar los CD Coplas Sefardies \u2013 Canciones judeoespa\u00f1olas de Alberto Hemsi \u2013 Vol.1 y 2<\/a><br \/><a href=\"https:\/\/www.iemj.org\/es\/hemsi-alberto-1898-1975\/\" target=\"_blank\" rel=\"noopener\">M\u00e1s informaci\u00f3n sobre Alberto Hemsi<\/a><br \/><a href=\"https:\/\/www.iemj.org\/es\/video-alberto-hemsi-un-compositeur-au-service-de-la-culture-sefarade\/\" target=\"_blank\" rel=\"noopener\">Ver la pel\u00edcula Alberto Hemsi, un compositor al servicio de la cultura sefard\u00ed<\/a><br \/><a href=\"https:\/\/www.iemj.org\/es\/fonds-alberto-hemsi\/\" target=\"_blank\" rel=\"noopener\">Consultar los archivos de Alberto Hemsi depositados en el IEMJ<\/a><\/p>\n<p><img decoding=\"async\" class=\"alignnone  wp-image-110610\" src=\"https:\/\/www.iemj.org\/wp-content\/uploads\/2024\/03\/AUDIO-PLAYER-300x39.png\" alt=\"\" width=\"615\" height=\"80\" srcset=\"https:\/\/www.iemj.org\/wp-content\/uploads\/2024\/03\/AUDIO-PLAYER-300x39.png 300w, https:\/\/www.iemj.org\/wp-content\/uploads\/2024\/03\/AUDIO-PLAYER-1024x133.png 1024w, https:\/\/www.iemj.org\/wp-content\/uploads\/2024\/03\/AUDIO-PLAYER-768x100.png 768w, https:\/\/www.iemj.org\/wp-content\/uploads\/2024\/03\/AUDIO-PLAYER-600x78.png 600w, https:\/\/www.iemj.org\/wp-content\/uploads\/2024\/03\/AUDIO-PLAYER.png 1210w\" sizes=\"(max-width: 615px) 100vw, 615px\" \/><\/p>\n\n\n<h2 class=\"wp-block-heading\"><\/h2>\n\n\n\n<div class=\"wp-block-file\"><a id=\"wp-block-file--media-f5fb43f2-e95c-476b-8805-7a0985d82286\" href=\"https:\/\/www.iemj.org\/wp-content\/uploads\/2018\/10\/1_una_matica_de_ruda_alberto_hemsi.mp3\">Una matica de Ruda Alberto Hemsi<\/a><\/div>\n\n\n\n<div class=\"wp-block-file\"><a id=\"wp-block-file--media-8f6b97b0-566c-4181-ae19-d0d4d1fd0b1a\" href=\"https:\/\/www.iemj.org\/wp-content\/uploads\/2018\/10\/2_abaxex_abaxo_galenica_gentil_alberto_hemsi.mp3\">Abaxex abaxo galenica gentil Alberto Hemsi<\/a><\/div>\n\n\n\n<div class=\"wp-block-file\"><a id=\"wp-block-file--media-c3ba7b5d-f177-412f-836e-8f7461f71b92\" href=\"https:\/\/www.iemj.org\/wp-content\/uploads\/2018\/10\/3_morenica_a_mi_me_llaman_alberto_hemsi.mp3\">Morenica a mi me llaman Alberto Hemsi<\/a><\/div>\n\n\n\n<div class=\"wp-block-file\"><a id=\"wp-block-file--media-c080d404-d102-4eb6-aa79-4f208401b8a8\" href=\"https:\/\/www.iemj.org\/wp-content\/uploads\/2018\/10\/4_vamos_para_la_urilla_alberto_hemsi.mp3\">Vamos para la urilla Alberto Hemsi<\/a><\/div>\n\n\n\n<div class=\"wp-block-file\"><a id=\"wp-block-file--media-f3833af8-da5b-46fa-9398-d9d87815c069\" href=\"https:\/\/www.iemj.org\/wp-content\/uploads\/2018\/10\/5_shalom_aleykhem_alberto_hemsi.mp3\">Shalom aleykhem Alberto Hemsi<\/a><\/div>\n\n\n\n<div class=\"wp-block-file\"><a id=\"wp-block-file--media-cbb8faca-76c0-4986-84e2-9fe04dcf74b5\" href=\"https:\/\/www.iemj.org\/wp-content\/uploads\/2018\/10\/6_vision_d_isaie_alberto_hemsi.mp3\">Vision d Isaie Alberto Hemsi<\/a><\/div>\n","protected":false},"excerpt":{"rendered":"<p>\u00a1 La integral de las obras para voces y piano de Alberto Hemsi ahora disponible en CD !<\/p>\n","protected":false},"author":1045,"featured_media":92365,"comment_status":"closed","ping_status":"open","sticky":false,"template":"","format":"standard","meta":{"_acf_changed":false,"footnotes":""},"categories":[1568,1565],"tags":[],"technique":[],"squelettes":[],"sujet":[],"formation":[],"genre":[1889,1899],"fonds":[],"tradition":[],"type-de-contenu":[],"interprete-compositeur":[3080],"frise":[],"type-devenement":[],"tableaux-liens-externes":[],"class_list":["post-92364","post","type-post","status-publish","format-standard","has-post-thumbnail","hentry","category-cd-es","category-ultimas-adquisiciones-es","genre-judeo-espanol-es","genre-musica-clasica-es","interprete-compositeur-alberto-hemsi-es"],"acf":[],"yoast_head":"<!-- This site is optimized with the Yoast SEO plugin v27.3 - https:\/\/yoast.com\/product\/yoast-seo-wordpress\/ -->\n<title>Coplas Sefardies de Alberto Hemsi - Vol.2 - Institut Europ\u00e9en des Musiques Juives<\/title>\n<meta name=\"robots\" content=\"index, follow, max-snippet:-1, max-image-preview:large, max-video-preview:-1\" \/>\n<link rel=\"canonical\" href=\"https:\/\/www.iemj.org\/es\/coplas-sefardies-de-alberto-hemsi-vol-2\/\" \/>\n<meta property=\"og:locale\" content=\"es_ES\" \/>\n<meta property=\"og:type\" content=\"article\" \/>\n<meta property=\"og:title\" content=\"Coplas Sefardies de Alberto Hemsi - Vol.2 - Institut Europ\u00e9en des Musiques Juives\" \/>\n<meta property=\"og:description\" content=\"\u00a1 La integral de las obras para voces y piano de Alberto Hemsi ahora disponible en CD !\" \/>\n<meta property=\"og:url\" content=\"https:\/\/www.iemj.org\/es\/coplas-sefardies-de-alberto-hemsi-vol-2\/\" \/>\n<meta property=\"og:site_name\" content=\"Institut Europ\u00e9en des Musiques Juives\" \/>\n<meta property=\"article:publisher\" content=\"https:\/\/www.facebook.com\/MusiquesJuives\/\" \/>\n<meta property=\"article:published_time\" content=\"2018-10-29T15:28:21+00:00\" \/>\n<meta property=\"article:modified_time\" content=\"2025-02-25T14:29:04+00:00\" \/>\n<meta property=\"og:image\" content=\"https:\/\/www.iemj.org\/wp-content\/uploads\/2018\/10\/arton3710-e1619112156219.jpg\" \/>\n\t<meta property=\"og:image:width\" content=\"350\" \/>\n\t<meta property=\"og:image:height\" content=\"347\" \/>\n\t<meta property=\"og:image:type\" content=\"image\/jpeg\" \/>\n<meta name=\"author\" content=\"Herv\u00e9 Roten\" \/>\n<meta name=\"twitter:card\" content=\"summary_large_image\" \/>\n<meta name=\"twitter:label1\" content=\"Escrito por\" \/>\n\t<meta name=\"twitter:data1\" content=\"Herv\u00e9 Roten\" \/>\n\t<meta name=\"twitter:label2\" content=\"Tiempo de lectura\" \/>\n\t<meta name=\"twitter:data2\" content=\"2 minutos\" \/>\n<script type=\"application\/ld+json\" class=\"yoast-schema-graph\">{\"@context\":\"https:\\\/\\\/schema.org\",\"@graph\":[{\"@type\":\"Article\",\"@id\":\"https:\\\/\\\/www.iemj.org\\\/es\\\/coplas-sefardies-de-alberto-hemsi-vol-2\\\/#article\",\"isPartOf\":{\"@id\":\"https:\\\/\\\/www.iemj.org\\\/es\\\/coplas-sefardies-de-alberto-hemsi-vol-2\\\/\"},\"author\":{\"name\":\"Herv\u00e9 Roten\",\"@id\":\"https:\\\/\\\/www.iemj.org\\\/es\\\/#\\\/schema\\\/person\\\/906134402c29d5c76e7b726261dd4bbd\"},\"headline\":\"Coplas Sefardies de Alberto Hemsi &#8211; Vol.2\",\"datePublished\":\"2018-10-29T15:28:21+00:00\",\"dateModified\":\"2025-02-25T14:29:04+00:00\",\"mainEntityOfPage\":{\"@id\":\"https:\\\/\\\/www.iemj.org\\\/es\\\/coplas-sefardies-de-alberto-hemsi-vol-2\\\/\"},\"wordCount\":356,\"publisher\":{\"@id\":\"https:\\\/\\\/www.iemj.org\\\/es\\\/#organization\"},\"image\":{\"@id\":\"https:\\\/\\\/www.iemj.org\\\/es\\\/coplas-sefardies-de-alberto-hemsi-vol-2\\\/#primaryimage\"},\"thumbnailUrl\":\"https:\\\/\\\/www.iemj.org\\\/wp-content\\\/uploads\\\/2018\\\/10\\\/arton3710-e1619112156219.jpg\",\"articleSection\":[\"CD\",\"\u00daltimas adquisiciones\"],\"inLanguage\":\"es\"},{\"@type\":\"WebPage\",\"@id\":\"https:\\\/\\\/www.iemj.org\\\/es\\\/coplas-sefardies-de-alberto-hemsi-vol-2\\\/\",\"url\":\"https:\\\/\\\/www.iemj.org\\\/es\\\/coplas-sefardies-de-alberto-hemsi-vol-2\\\/\",\"name\":\"Coplas Sefardies de Alberto Hemsi - Vol.2 - Institut Europ\u00e9en des Musiques Juives\",\"isPartOf\":{\"@id\":\"https:\\\/\\\/www.iemj.org\\\/es\\\/#website\"},\"primaryImageOfPage\":{\"@id\":\"https:\\\/\\\/www.iemj.org\\\/es\\\/coplas-sefardies-de-alberto-hemsi-vol-2\\\/#primaryimage\"},\"image\":{\"@id\":\"https:\\\/\\\/www.iemj.org\\\/es\\\/coplas-sefardies-de-alberto-hemsi-vol-2\\\/#primaryimage\"},\"thumbnailUrl\":\"https:\\\/\\\/www.iemj.org\\\/wp-content\\\/uploads\\\/2018\\\/10\\\/arton3710-e1619112156219.jpg\",\"datePublished\":\"2018-10-29T15:28:21+00:00\",\"dateModified\":\"2025-02-25T14:29:04+00:00\",\"breadcrumb\":{\"@id\":\"https:\\\/\\\/www.iemj.org\\\/es\\\/coplas-sefardies-de-alberto-hemsi-vol-2\\\/#breadcrumb\"},\"inLanguage\":\"es\",\"potentialAction\":[{\"@type\":\"ReadAction\",\"target\":[\"https:\\\/\\\/www.iemj.org\\\/es\\\/coplas-sefardies-de-alberto-hemsi-vol-2\\\/\"]}]},{\"@type\":\"ImageObject\",\"inLanguage\":\"es\",\"@id\":\"https:\\\/\\\/www.iemj.org\\\/es\\\/coplas-sefardies-de-alberto-hemsi-vol-2\\\/#primaryimage\",\"url\":\"https:\\\/\\\/www.iemj.org\\\/wp-content\\\/uploads\\\/2018\\\/10\\\/arton3710-e1619112156219.jpg\",\"contentUrl\":\"https:\\\/\\\/www.iemj.org\\\/wp-content\\\/uploads\\\/2018\\\/10\\\/arton3710-e1619112156219.jpg\",\"width\":350,\"height\":347},{\"@type\":\"BreadcrumbList\",\"@id\":\"https:\\\/\\\/www.iemj.org\\\/es\\\/coplas-sefardies-de-alberto-hemsi-vol-2\\\/#breadcrumb\",\"itemListElement\":[{\"@type\":\"ListItem\",\"position\":1,\"name\":\"Accueil\",\"item\":\"https:\\\/\\\/www.iemj.org\\\/es\\\/\"},{\"@type\":\"ListItem\",\"position\":2,\"name\":\"Coplas Sefardies de Alberto Hemsi &#8211; Vol.2\"}]},{\"@type\":\"WebSite\",\"@id\":\"https:\\\/\\\/www.iemj.org\\\/es\\\/#website\",\"url\":\"https:\\\/\\\/www.iemj.org\\\/es\\\/\",\"name\":\"Institut Europ\u00e9en des Musiques Juives\",\"description\":\"Des traditions musicales \u00e0 la port\u00e9e de tous\",\"publisher\":{\"@id\":\"https:\\\/\\\/www.iemj.org\\\/es\\\/#organization\"},\"potentialAction\":[{\"@type\":\"SearchAction\",\"target\":{\"@type\":\"EntryPoint\",\"urlTemplate\":\"https:\\\/\\\/www.iemj.org\\\/es\\\/?s={search_term_string}\"},\"query-input\":{\"@type\":\"PropertyValueSpecification\",\"valueRequired\":true,\"valueName\":\"search_term_string\"}}],\"inLanguage\":\"es\"},{\"@type\":\"Organization\",\"@id\":\"https:\\\/\\\/www.iemj.org\\\/es\\\/#organization\",\"name\":\"Institut Europ\u00e9en des Musiques Juives\",\"url\":\"https:\\\/\\\/www.iemj.org\\\/es\\\/\",\"logo\":{\"@type\":\"ImageObject\",\"inLanguage\":\"es\",\"@id\":\"https:\\\/\\\/www.iemj.org\\\/es\\\/#\\\/schema\\\/logo\\\/image\\\/\",\"url\":\"https:\\\/\\\/www.iemj.org\\\/wp-content\\\/uploads\\\/2021\\\/09\\\/Logo-IEMJ-Paypal.jpg\",\"contentUrl\":\"https:\\\/\\\/www.iemj.org\\\/wp-content\\\/uploads\\\/2021\\\/09\\\/Logo-IEMJ-Paypal.jpg\",\"width\":150,\"height\":50,\"caption\":\"Institut Europ\u00e9en des Musiques Juives\"},\"image\":{\"@id\":\"https:\\\/\\\/www.iemj.org\\\/es\\\/#\\\/schema\\\/logo\\\/image\\\/\"},\"sameAs\":[\"https:\\\/\\\/www.facebook.com\\\/MusiquesJuives\\\/\",\"https:\\\/\\\/www.instagram.com\\\/musiquesjuives\\\/\",\"https:\\\/\\\/www.youtube.com\\\/user\\\/musiquesjuives\"]},{\"@type\":\"Person\",\"@id\":\"https:\\\/\\\/www.iemj.org\\\/es\\\/#\\\/schema\\\/person\\\/906134402c29d5c76e7b726261dd4bbd\",\"name\":\"Herv\u00e9 Roten\",\"image\":{\"@type\":\"ImageObject\",\"inLanguage\":\"es\",\"@id\":\"https:\\\/\\\/secure.gravatar.com\\\/avatar\\\/f96ad2db538a26481f18384936b5cd0610c92d390c4dc382209216d455f685ff?s=96&d=mm&r=g\",\"url\":\"https:\\\/\\\/secure.gravatar.com\\\/avatar\\\/f96ad2db538a26481f18384936b5cd0610c92d390c4dc382209216d455f685ff?s=96&d=mm&r=g\",\"contentUrl\":\"https:\\\/\\\/secure.gravatar.com\\\/avatar\\\/f96ad2db538a26481f18384936b5cd0610c92d390c4dc382209216d455f685ff?s=96&d=mm&r=g\",\"caption\":\"Herv\u00e9 Roten\"}}]}<\/script>\n<!-- \/ Yoast SEO plugin. -->","yoast_head_json":{"title":"Coplas Sefardies de Alberto Hemsi - Vol.2 - Institut Europ\u00e9en des Musiques Juives","robots":{"index":"index","follow":"follow","max-snippet":"max-snippet:-1","max-image-preview":"max-image-preview:large","max-video-preview":"max-video-preview:-1"},"canonical":"https:\/\/www.iemj.org\/es\/coplas-sefardies-de-alberto-hemsi-vol-2\/","og_locale":"es_ES","og_type":"article","og_title":"Coplas Sefardies de Alberto Hemsi - Vol.2 - Institut Europ\u00e9en des Musiques Juives","og_description":"\u00a1 La integral de las obras para voces y piano de Alberto Hemsi ahora disponible en CD !","og_url":"https:\/\/www.iemj.org\/es\/coplas-sefardies-de-alberto-hemsi-vol-2\/","og_site_name":"Institut Europ\u00e9en des Musiques Juives","article_publisher":"https:\/\/www.facebook.com\/MusiquesJuives\/","article_published_time":"2018-10-29T15:28:21+00:00","article_modified_time":"2025-02-25T14:29:04+00:00","og_image":[{"width":350,"height":347,"url":"https:\/\/www.iemj.org\/wp-content\/uploads\/2018\/10\/arton3710-e1619112156219.jpg","type":"image\/jpeg"}],"author":"Herv\u00e9 Roten","twitter_card":"summary_large_image","twitter_misc":{"Escrito por":"Herv\u00e9 Roten","Tiempo de lectura":"2 minutos"},"schema":{"@context":"https:\/\/schema.org","@graph":[{"@type":"Article","@id":"https:\/\/www.iemj.org\/es\/coplas-sefardies-de-alberto-hemsi-vol-2\/#article","isPartOf":{"@id":"https:\/\/www.iemj.org\/es\/coplas-sefardies-de-alberto-hemsi-vol-2\/"},"author":{"name":"Herv\u00e9 Roten","@id":"https:\/\/www.iemj.org\/es\/#\/schema\/person\/906134402c29d5c76e7b726261dd4bbd"},"headline":"Coplas Sefardies de Alberto Hemsi &#8211; Vol.2","datePublished":"2018-10-29T15:28:21+00:00","dateModified":"2025-02-25T14:29:04+00:00","mainEntityOfPage":{"@id":"https:\/\/www.iemj.org\/es\/coplas-sefardies-de-alberto-hemsi-vol-2\/"},"wordCount":356,"publisher":{"@id":"https:\/\/www.iemj.org\/es\/#organization"},"image":{"@id":"https:\/\/www.iemj.org\/es\/coplas-sefardies-de-alberto-hemsi-vol-2\/#primaryimage"},"thumbnailUrl":"https:\/\/www.iemj.org\/wp-content\/uploads\/2018\/10\/arton3710-e1619112156219.jpg","articleSection":["CD","\u00daltimas adquisiciones"],"inLanguage":"es"},{"@type":"WebPage","@id":"https:\/\/www.iemj.org\/es\/coplas-sefardies-de-alberto-hemsi-vol-2\/","url":"https:\/\/www.iemj.org\/es\/coplas-sefardies-de-alberto-hemsi-vol-2\/","name":"Coplas Sefardies de Alberto Hemsi - Vol.2 - Institut Europ\u00e9en des Musiques Juives","isPartOf":{"@id":"https:\/\/www.iemj.org\/es\/#website"},"primaryImageOfPage":{"@id":"https:\/\/www.iemj.org\/es\/coplas-sefardies-de-alberto-hemsi-vol-2\/#primaryimage"},"image":{"@id":"https:\/\/www.iemj.org\/es\/coplas-sefardies-de-alberto-hemsi-vol-2\/#primaryimage"},"thumbnailUrl":"https:\/\/www.iemj.org\/wp-content\/uploads\/2018\/10\/arton3710-e1619112156219.jpg","datePublished":"2018-10-29T15:28:21+00:00","dateModified":"2025-02-25T14:29:04+00:00","breadcrumb":{"@id":"https:\/\/www.iemj.org\/es\/coplas-sefardies-de-alberto-hemsi-vol-2\/#breadcrumb"},"inLanguage":"es","potentialAction":[{"@type":"ReadAction","target":["https:\/\/www.iemj.org\/es\/coplas-sefardies-de-alberto-hemsi-vol-2\/"]}]},{"@type":"ImageObject","inLanguage":"es","@id":"https:\/\/www.iemj.org\/es\/coplas-sefardies-de-alberto-hemsi-vol-2\/#primaryimage","url":"https:\/\/www.iemj.org\/wp-content\/uploads\/2018\/10\/arton3710-e1619112156219.jpg","contentUrl":"https:\/\/www.iemj.org\/wp-content\/uploads\/2018\/10\/arton3710-e1619112156219.jpg","width":350,"height":347},{"@type":"BreadcrumbList","@id":"https:\/\/www.iemj.org\/es\/coplas-sefardies-de-alberto-hemsi-vol-2\/#breadcrumb","itemListElement":[{"@type":"ListItem","position":1,"name":"Accueil","item":"https:\/\/www.iemj.org\/es\/"},{"@type":"ListItem","position":2,"name":"Coplas Sefardies de Alberto Hemsi &#8211; Vol.2"}]},{"@type":"WebSite","@id":"https:\/\/www.iemj.org\/es\/#website","url":"https:\/\/www.iemj.org\/es\/","name":"Institut Europ\u00e9en des Musiques Juives","description":"Des traditions musicales \u00e0 la port\u00e9e de tous","publisher":{"@id":"https:\/\/www.iemj.org\/es\/#organization"},"potentialAction":[{"@type":"SearchAction","target":{"@type":"EntryPoint","urlTemplate":"https:\/\/www.iemj.org\/es\/?s={search_term_string}"},"query-input":{"@type":"PropertyValueSpecification","valueRequired":true,"valueName":"search_term_string"}}],"inLanguage":"es"},{"@type":"Organization","@id":"https:\/\/www.iemj.org\/es\/#organization","name":"Institut Europ\u00e9en des Musiques Juives","url":"https:\/\/www.iemj.org\/es\/","logo":{"@type":"ImageObject","inLanguage":"es","@id":"https:\/\/www.iemj.org\/es\/#\/schema\/logo\/image\/","url":"https:\/\/www.iemj.org\/wp-content\/uploads\/2021\/09\/Logo-IEMJ-Paypal.jpg","contentUrl":"https:\/\/www.iemj.org\/wp-content\/uploads\/2021\/09\/Logo-IEMJ-Paypal.jpg","width":150,"height":50,"caption":"Institut Europ\u00e9en des Musiques Juives"},"image":{"@id":"https:\/\/www.iemj.org\/es\/#\/schema\/logo\/image\/"},"sameAs":["https:\/\/www.facebook.com\/MusiquesJuives\/","https:\/\/www.instagram.com\/musiquesjuives\/","https:\/\/www.youtube.com\/user\/musiquesjuives"]},{"@type":"Person","@id":"https:\/\/www.iemj.org\/es\/#\/schema\/person\/906134402c29d5c76e7b726261dd4bbd","name":"Herv\u00e9 Roten","image":{"@type":"ImageObject","inLanguage":"es","@id":"https:\/\/secure.gravatar.com\/avatar\/f96ad2db538a26481f18384936b5cd0610c92d390c4dc382209216d455f685ff?s=96&d=mm&r=g","url":"https:\/\/secure.gravatar.com\/avatar\/f96ad2db538a26481f18384936b5cd0610c92d390c4dc382209216d455f685ff?s=96&d=mm&r=g","contentUrl":"https:\/\/secure.gravatar.com\/avatar\/f96ad2db538a26481f18384936b5cd0610c92d390c4dc382209216d455f685ff?s=96&d=mm&r=g","caption":"Herv\u00e9 Roten"}}]}},"_links":{"self":[{"href":"https:\/\/www.iemj.org\/es\/wp-json\/wp\/v2\/posts\/92364","targetHints":{"allow":["GET"]}}],"collection":[{"href":"https:\/\/www.iemj.org\/es\/wp-json\/wp\/v2\/posts"}],"about":[{"href":"https:\/\/www.iemj.org\/es\/wp-json\/wp\/v2\/types\/post"}],"author":[{"embeddable":true,"href":"https:\/\/www.iemj.org\/es\/wp-json\/wp\/v2\/users\/1045"}],"replies":[{"embeddable":true,"href":"https:\/\/www.iemj.org\/es\/wp-json\/wp\/v2\/comments?post=92364"}],"version-history":[{"count":0,"href":"https:\/\/www.iemj.org\/es\/wp-json\/wp\/v2\/posts\/92364\/revisions"}],"wp:featuredmedia":[{"embeddable":true,"href":"https:\/\/www.iemj.org\/es\/wp-json\/wp\/v2\/media\/92365"}],"wp:attachment":[{"href":"https:\/\/www.iemj.org\/es\/wp-json\/wp\/v2\/media?parent=92364"}],"wp:term":[{"taxonomy":"category","embeddable":true,"href":"https:\/\/www.iemj.org\/es\/wp-json\/wp\/v2\/categories?post=92364"},{"taxonomy":"post_tag","embeddable":true,"href":"https:\/\/www.iemj.org\/es\/wp-json\/wp\/v2\/tags?post=92364"},{"taxonomy":"technique","embeddable":true,"href":"https:\/\/www.iemj.org\/es\/wp-json\/wp\/v2\/technique?post=92364"},{"taxonomy":"squelettes","embeddable":true,"href":"https:\/\/www.iemj.org\/es\/wp-json\/wp\/v2\/squelettes?post=92364"},{"taxonomy":"sujet","embeddable":true,"href":"https:\/\/www.iemj.org\/es\/wp-json\/wp\/v2\/sujet?post=92364"},{"taxonomy":"formation","embeddable":true,"href":"https:\/\/www.iemj.org\/es\/wp-json\/wp\/v2\/formation?post=92364"},{"taxonomy":"genre","embeddable":true,"href":"https:\/\/www.iemj.org\/es\/wp-json\/wp\/v2\/genre?post=92364"},{"taxonomy":"fonds","embeddable":true,"href":"https:\/\/www.iemj.org\/es\/wp-json\/wp\/v2\/fonds?post=92364"},{"taxonomy":"tradition","embeddable":true,"href":"https:\/\/www.iemj.org\/es\/wp-json\/wp\/v2\/tradition?post=92364"},{"taxonomy":"type-de-contenu","embeddable":true,"href":"https:\/\/www.iemj.org\/es\/wp-json\/wp\/v2\/type-de-contenu?post=92364"},{"taxonomy":"interprete-compositeur","embeddable":true,"href":"https:\/\/www.iemj.org\/es\/wp-json\/wp\/v2\/interprete-compositeur?post=92364"},{"taxonomy":"frise","embeddable":true,"href":"https:\/\/www.iemj.org\/es\/wp-json\/wp\/v2\/frise?post=92364"},{"taxonomy":"type-devenement","embeddable":true,"href":"https:\/\/www.iemj.org\/es\/wp-json\/wp\/v2\/type-devenement?post=92364"},{"taxonomy":"tableaux-liens-externes","embeddable":true,"href":"https:\/\/www.iemj.org\/es\/wp-json\/wp\/v2\/tableaux-liens-externes?post=92364"}],"curies":[{"name":"wp","href":"https:\/\/api.w.org\/{rel}","templated":true}]}}