{"id":92536,"date":"2014-05-06T10:50:57","date_gmt":"2014-05-06T08:50:57","guid":{"rendered":"https:\/\/www.iemj.org\/les-musigrains-une-institution-pedagogique-et-musicale-1939-1986\/"},"modified":"2023-01-18T16:04:13","modified_gmt":"2023-01-18T15:04:13","slug":"les-musigrains-une-institution-pedagogique-et-musicale-1939-1986","status":"publish","type":"post","link":"https:\/\/www.iemj.org\/es\/les-musigrains-une-institution-pedagogique-et-musicale-1939-1986\/","title":{"rendered":"Les Musigrains &#8211; Une institution p\u00e9dagogique et musicale (1939 &#8211; 1986)"},"content":{"rendered":"<p>Editions L\u2019Harmattan, Paris, 2013, 222 p.<\/p>\n<p><!--more-->Los Musigrains es una aventura pedag\u00f3gico-musical que se desarrolla en las salas de conciertos parisinas. Miles de mel\u00f3manos en semilla (en grano) han asistido a m\u00e1s de 400 conciertos ofrecidos por cientos de int\u00e9rpretes y que generalmente incluyen obras breves contempor\u00e1neas. Este libro se centra en los principales elementos de los Musigrains (historia, biograf\u00edas, int\u00e9rpretes,&#8230;) y a continuaci\u00f3n presenta testimonios, entre ellos los de personas del entorno de Germaine Arbeau-Bonnefoy y su equipo.<\/p>\n<p>Los Musigrains es el nombre de una asociaci\u00f3n parisina de conciertos-conferencias pedag\u00f3gicas, creada en julio de 1939 y que funcion\u00f3 entre febrero de 1941 y mayo de 1986. Este nombre es, de hecho, el del ciclo de conciertos para escolares fundado en 1945. La asociaci\u00f3n se llam\u00f3 \u00c9volution Musicale de la Jeunesse (EMJ), nombre que tambi\u00e9n utiliz\u00f3 el ciclo superior, mientras que en 1965 se cre\u00f3 un ciclo preparatorio para alumnos m\u00e1s j\u00f3venes.<\/p>\n<p>Alojados en los primeros y \u00faltimos a\u00f1os en la antigua Salle du Conservatoire, la Salle Pleyel y la Salle Gaveau, la Mutualit\u00e9 y el Th\u00e9\u00e2tre du Ch\u00e2telet, los Musigrains estuvieron asociados principalmente al Th\u00e9\u00e2tre des Champs-\u00c9lys\u00e9es desde 1949 hasta 1978.<\/p>\n<p>Fundados por Germaine Arbeau-Bonnefoy (1893-1986), una profesora de piano con cierto talento para contar historias y una amplia red de contactos en el mundo musical parisino, inclu\u00edan ejercicios para reconocer el timbre de los instrumentos que tocaban fuera del escenario y la interpretaci\u00f3n de breves obras contempor\u00e1neas. Los conciertos de fin de curso y algunos otros se dedicaron a la danza.<\/p>\n<figure id=\"attachment_6914\" aria-describedby=\"caption-attachment-6914\" style=\"width: 216px\" class=\"wp-caption alignleft\"><img fetchpriority=\"high\" decoding=\"async\" class=\" alignleft size-full wp-image-6914\" title=\"Germaine Arbeau-Bonnefoy\" src=\"https:\/\/www.iemj.org\/wp-content\/uploads\/2014\/05\/arbeau-bonnefoy_germain.jpg\" alt=\"Germaine Arbeau-Bonnefoy\" width=\"216\" height=\"298\" align=\"left\" \/><figcaption id=\"caption-attachment-6914\" class=\"wp-caption-text\"><strong>Germaine Arbeau-Bonnefoy<\/strong><\/figcaption><\/figure>\n<p>La orquesta de la Soci\u00e9t\u00e9 des concerts du Conservatoire, luego de los Concerts Lamoureux, estaba dirigida por Robert Blot, director de la \u00d3pera de Par\u00eds, sustituido en caso de desplazamiento por Witold Dobrzynski y, tras su muerte en 1983, por Michel Capelier. <a href=\"https:\/\/www.iemj.org\/es\/zadoc-kahn-genevieve-1914-2001\/\">Genevi\u00e8ve Zadoc-Kahn<\/a>, profesora de piano y m\u00fasica, fue la directora de escena.<\/p>\n<p>La Se\u00f1ora Arbeau-Bonnefoy fue asistida o, a partir de 1977, sustituida en la presentaci\u00f3n de los conciertos por los pianistas y profesores R\u00e9my Stricker, Jean-Pierre Armengaud (tambi\u00e9n music\u00f3logos y autores) y por Michel Capelier (tambi\u00e9n director de orquesta y compositor).<\/p>\n<p>La actriz Akakia-Viala, sobrina de \u00c9douard Autant y Louise Lara, tuvo un papel importante en la creaci\u00f3n de m\u00e1scaras, trajes y diapositivas y en la redacci\u00f3n e ilustraci\u00f3n de los peri\u00f3dicos que acompa\u00f1aban y desarrollaban el tema de los conciertos.<\/p>\n<p>Cientos de artistas de calidad, tanto principiantes como experimentados, actuaron en el escenario de los Musigrains, inspirando muchas vocaciones musicales entre los j\u00f3venes.<\/p>\n<p>Art\u00edculo extra\u00eddo en gran parte de <a href=\"http:\/\/fr.wikipedia.org\/wiki\/Musigrains\">Wikip\u00e9dia<\/a><\/p>\n<p><a href=\"https:\/\/www.editions-harmattan.fr\/livre-les_musigrains_une_institution_pedagogique_et_musicale_laurent_herz-9782343020204-41929.html\" target=\"_blank\" rel=\"noopener\">Pedir el libro<\/a><\/p>\n","protected":false},"excerpt":{"rendered":"<p>Editions L\u2019Harmattan, Paris, 2013, 222 p.<\/p>\n","protected":false},"author":1045,"featured_media":38236,"comment_status":"closed","ping_status":"open","sticky":false,"template":"","format":"standard","meta":{"_acf_changed":false,"footnotes":""},"categories":[1577,1565],"tags":[],"technique":[],"squelettes":[],"sujet":[],"formation":[],"genre":[],"fonds":[],"tradition":[],"type-de-contenu":[],"interprete-compositeur":[],"frise":[],"type-devenement":[],"tableaux-liens-externes":[],"class_list":["post-92536","post","type-post","status-publish","format-standard","has-post-thumbnail","hentry","category-libros-articulos-es","category-ultimas-adquisiciones-es"],"acf":[],"yoast_head":"<!-- This site is optimized with the Yoast SEO plugin v27.3 - https:\/\/yoast.com\/product\/yoast-seo-wordpress\/ -->\n<title>Les Musigrains - Une institution p\u00e9dagogique et musicale (1939 - 1986) - Institut Europ\u00e9en des Musiques Juives<\/title>\n<meta name=\"robots\" content=\"index, follow, max-snippet:-1, max-image-preview:large, max-video-preview:-1\" \/>\n<link rel=\"canonical\" href=\"https:\/\/www.iemj.org\/es\/les-musigrains-une-institution-pedagogique-et-musicale-1939-1986\/\" \/>\n<meta property=\"og:locale\" content=\"es_ES\" \/>\n<meta property=\"og:type\" content=\"article\" \/>\n<meta property=\"og:title\" content=\"Les Musigrains - Une institution p\u00e9dagogique et musicale (1939 - 1986) - Institut Europ\u00e9en des Musiques Juives\" \/>\n<meta property=\"og:description\" content=\"Editions L\u2019Harmattan, Paris, 2013, 222 p.\" \/>\n<meta property=\"og:url\" content=\"https:\/\/www.iemj.org\/es\/les-musigrains-une-institution-pedagogique-et-musicale-1939-1986\/\" \/>\n<meta property=\"og:site_name\" content=\"Institut Europ\u00e9en des Musiques Juives\" \/>\n<meta property=\"article:publisher\" content=\"https:\/\/www.facebook.com\/MusiquesJuives\/\" \/>\n<meta property=\"article:published_time\" content=\"2014-05-06T08:50:57+00:00\" \/>\n<meta property=\"article:modified_time\" content=\"2023-01-18T15:04:13+00:00\" \/>\n<meta property=\"og:image\" content=\"https:\/\/www.iemj.org\/wp-content\/uploads\/2014\/05\/Les-musigrains_COUV.jpg\" \/>\n\t<meta property=\"og:image:width\" content=\"316\" \/>\n\t<meta property=\"og:image:height\" content=\"501\" \/>\n\t<meta property=\"og:image:type\" content=\"image\/jpeg\" \/>\n<meta name=\"author\" content=\"Herv\u00e9 Roten\" \/>\n<meta name=\"twitter:card\" content=\"summary_large_image\" \/>\n<meta name=\"twitter:label1\" content=\"Escrito por\" \/>\n\t<meta name=\"twitter:data1\" content=\"Herv\u00e9 Roten\" \/>\n\t<meta name=\"twitter:label2\" content=\"Tiempo de lectura\" \/>\n\t<meta name=\"twitter:data2\" content=\"3 minutos\" \/>\n<script type=\"application\/ld+json\" class=\"yoast-schema-graph\">{\"@context\":\"https:\\\/\\\/schema.org\",\"@graph\":[{\"@type\":\"Article\",\"@id\":\"https:\\\/\\\/www.iemj.org\\\/es\\\/les-musigrains-une-institution-pedagogique-et-musicale-1939-1986\\\/#article\",\"isPartOf\":{\"@id\":\"https:\\\/\\\/www.iemj.org\\\/es\\\/les-musigrains-une-institution-pedagogique-et-musicale-1939-1986\\\/\"},\"author\":{\"name\":\"Herv\u00e9 Roten\",\"@id\":\"https:\\\/\\\/www.iemj.org\\\/es\\\/#\\\/schema\\\/person\\\/906134402c29d5c76e7b726261dd4bbd\"},\"headline\":\"Les Musigrains &#8211; Une institution p\u00e9dagogique et musicale (1939 &#8211; 1986)\",\"datePublished\":\"2014-05-06T08:50:57+00:00\",\"dateModified\":\"2023-01-18T15:04:13+00:00\",\"mainEntityOfPage\":{\"@id\":\"https:\\\/\\\/www.iemj.org\\\/es\\\/les-musigrains-une-institution-pedagogique-et-musicale-1939-1986\\\/\"},\"wordCount\":471,\"publisher\":{\"@id\":\"https:\\\/\\\/www.iemj.org\\\/es\\\/#organization\"},\"image\":{\"@id\":\"https:\\\/\\\/www.iemj.org\\\/es\\\/les-musigrains-une-institution-pedagogique-et-musicale-1939-1986\\\/#primaryimage\"},\"thumbnailUrl\":\"https:\\\/\\\/www.iemj.org\\\/wp-content\\\/uploads\\\/2014\\\/05\\\/Les-musigrains_COUV.jpg\",\"articleSection\":[\"Libros, art\u00edculos\",\"\u00daltimas adquisiciones\"],\"inLanguage\":\"es\"},{\"@type\":\"WebPage\",\"@id\":\"https:\\\/\\\/www.iemj.org\\\/es\\\/les-musigrains-une-institution-pedagogique-et-musicale-1939-1986\\\/\",\"url\":\"https:\\\/\\\/www.iemj.org\\\/es\\\/les-musigrains-une-institution-pedagogique-et-musicale-1939-1986\\\/\",\"name\":\"Les Musigrains - Une institution p\u00e9dagogique et musicale (1939 - 1986) - Institut Europ\u00e9en des Musiques Juives\",\"isPartOf\":{\"@id\":\"https:\\\/\\\/www.iemj.org\\\/es\\\/#website\"},\"primaryImageOfPage\":{\"@id\":\"https:\\\/\\\/www.iemj.org\\\/es\\\/les-musigrains-une-institution-pedagogique-et-musicale-1939-1986\\\/#primaryimage\"},\"image\":{\"@id\":\"https:\\\/\\\/www.iemj.org\\\/es\\\/les-musigrains-une-institution-pedagogique-et-musicale-1939-1986\\\/#primaryimage\"},\"thumbnailUrl\":\"https:\\\/\\\/www.iemj.org\\\/wp-content\\\/uploads\\\/2014\\\/05\\\/Les-musigrains_COUV.jpg\",\"datePublished\":\"2014-05-06T08:50:57+00:00\",\"dateModified\":\"2023-01-18T15:04:13+00:00\",\"breadcrumb\":{\"@id\":\"https:\\\/\\\/www.iemj.org\\\/es\\\/les-musigrains-une-institution-pedagogique-et-musicale-1939-1986\\\/#breadcrumb\"},\"inLanguage\":\"es\",\"potentialAction\":[{\"@type\":\"ReadAction\",\"target\":[\"https:\\\/\\\/www.iemj.org\\\/es\\\/les-musigrains-une-institution-pedagogique-et-musicale-1939-1986\\\/\"]}]},{\"@type\":\"ImageObject\",\"inLanguage\":\"es\",\"@id\":\"https:\\\/\\\/www.iemj.org\\\/es\\\/les-musigrains-une-institution-pedagogique-et-musicale-1939-1986\\\/#primaryimage\",\"url\":\"https:\\\/\\\/www.iemj.org\\\/wp-content\\\/uploads\\\/2014\\\/05\\\/Les-musigrains_COUV.jpg\",\"contentUrl\":\"https:\\\/\\\/www.iemj.org\\\/wp-content\\\/uploads\\\/2014\\\/05\\\/Les-musigrains_COUV.jpg\",\"width\":316,\"height\":501},{\"@type\":\"BreadcrumbList\",\"@id\":\"https:\\\/\\\/www.iemj.org\\\/es\\\/les-musigrains-une-institution-pedagogique-et-musicale-1939-1986\\\/#breadcrumb\",\"itemListElement\":[{\"@type\":\"ListItem\",\"position\":1,\"name\":\"Accueil\",\"item\":\"https:\\\/\\\/www.iemj.org\\\/es\\\/\"},{\"@type\":\"ListItem\",\"position\":2,\"name\":\"Les Musigrains &#8211; Une institution p\u00e9dagogique et musicale (1939 &#8211; 1986)\"}]},{\"@type\":\"WebSite\",\"@id\":\"https:\\\/\\\/www.iemj.org\\\/es\\\/#website\",\"url\":\"https:\\\/\\\/www.iemj.org\\\/es\\\/\",\"name\":\"Institut Europ\u00e9en des Musiques Juives\",\"description\":\"Des traditions musicales \u00e0 la port\u00e9e de tous\",\"publisher\":{\"@id\":\"https:\\\/\\\/www.iemj.org\\\/es\\\/#organization\"},\"potentialAction\":[{\"@type\":\"SearchAction\",\"target\":{\"@type\":\"EntryPoint\",\"urlTemplate\":\"https:\\\/\\\/www.iemj.org\\\/es\\\/?s={search_term_string}\"},\"query-input\":{\"@type\":\"PropertyValueSpecification\",\"valueRequired\":true,\"valueName\":\"search_term_string\"}}],\"inLanguage\":\"es\"},{\"@type\":\"Organization\",\"@id\":\"https:\\\/\\\/www.iemj.org\\\/es\\\/#organization\",\"name\":\"Institut Europ\u00e9en des Musiques Juives\",\"url\":\"https:\\\/\\\/www.iemj.org\\\/es\\\/\",\"logo\":{\"@type\":\"ImageObject\",\"inLanguage\":\"es\",\"@id\":\"https:\\\/\\\/www.iemj.org\\\/es\\\/#\\\/schema\\\/logo\\\/image\\\/\",\"url\":\"https:\\\/\\\/www.iemj.org\\\/wp-content\\\/uploads\\\/2021\\\/09\\\/Logo-IEMJ-Paypal.jpg\",\"contentUrl\":\"https:\\\/\\\/www.iemj.org\\\/wp-content\\\/uploads\\\/2021\\\/09\\\/Logo-IEMJ-Paypal.jpg\",\"width\":150,\"height\":50,\"caption\":\"Institut Europ\u00e9en des Musiques Juives\"},\"image\":{\"@id\":\"https:\\\/\\\/www.iemj.org\\\/es\\\/#\\\/schema\\\/logo\\\/image\\\/\"},\"sameAs\":[\"https:\\\/\\\/www.facebook.com\\\/MusiquesJuives\\\/\",\"https:\\\/\\\/www.instagram.com\\\/musiquesjuives\\\/\",\"https:\\\/\\\/www.youtube.com\\\/user\\\/musiquesjuives\"]},{\"@type\":\"Person\",\"@id\":\"https:\\\/\\\/www.iemj.org\\\/es\\\/#\\\/schema\\\/person\\\/906134402c29d5c76e7b726261dd4bbd\",\"name\":\"Herv\u00e9 Roten\",\"image\":{\"@type\":\"ImageObject\",\"inLanguage\":\"es\",\"@id\":\"https:\\\/\\\/secure.gravatar.com\\\/avatar\\\/f96ad2db538a26481f18384936b5cd0610c92d390c4dc382209216d455f685ff?s=96&d=mm&r=g\",\"url\":\"https:\\\/\\\/secure.gravatar.com\\\/avatar\\\/f96ad2db538a26481f18384936b5cd0610c92d390c4dc382209216d455f685ff?s=96&d=mm&r=g\",\"contentUrl\":\"https:\\\/\\\/secure.gravatar.com\\\/avatar\\\/f96ad2db538a26481f18384936b5cd0610c92d390c4dc382209216d455f685ff?s=96&d=mm&r=g\",\"caption\":\"Herv\u00e9 Roten\"}}]}<\/script>\n<!-- \/ Yoast SEO plugin. -->","yoast_head_json":{"title":"Les Musigrains - Une institution p\u00e9dagogique et musicale (1939 - 1986) - Institut Europ\u00e9en des Musiques Juives","robots":{"index":"index","follow":"follow","max-snippet":"max-snippet:-1","max-image-preview":"max-image-preview:large","max-video-preview":"max-video-preview:-1"},"canonical":"https:\/\/www.iemj.org\/es\/les-musigrains-une-institution-pedagogique-et-musicale-1939-1986\/","og_locale":"es_ES","og_type":"article","og_title":"Les Musigrains - Une institution p\u00e9dagogique et musicale (1939 - 1986) - Institut Europ\u00e9en des Musiques Juives","og_description":"Editions L\u2019Harmattan, Paris, 2013, 222 p.","og_url":"https:\/\/www.iemj.org\/es\/les-musigrains-une-institution-pedagogique-et-musicale-1939-1986\/","og_site_name":"Institut Europ\u00e9en des Musiques Juives","article_publisher":"https:\/\/www.facebook.com\/MusiquesJuives\/","article_published_time":"2014-05-06T08:50:57+00:00","article_modified_time":"2023-01-18T15:04:13+00:00","og_image":[{"width":316,"height":501,"url":"https:\/\/www.iemj.org\/wp-content\/uploads\/2014\/05\/Les-musigrains_COUV.jpg","type":"image\/jpeg"}],"author":"Herv\u00e9 Roten","twitter_card":"summary_large_image","twitter_misc":{"Escrito por":"Herv\u00e9 Roten","Tiempo de lectura":"3 minutos"},"schema":{"@context":"https:\/\/schema.org","@graph":[{"@type":"Article","@id":"https:\/\/www.iemj.org\/es\/les-musigrains-une-institution-pedagogique-et-musicale-1939-1986\/#article","isPartOf":{"@id":"https:\/\/www.iemj.org\/es\/les-musigrains-une-institution-pedagogique-et-musicale-1939-1986\/"},"author":{"name":"Herv\u00e9 Roten","@id":"https:\/\/www.iemj.org\/es\/#\/schema\/person\/906134402c29d5c76e7b726261dd4bbd"},"headline":"Les Musigrains &#8211; Une institution p\u00e9dagogique et musicale (1939 &#8211; 1986)","datePublished":"2014-05-06T08:50:57+00:00","dateModified":"2023-01-18T15:04:13+00:00","mainEntityOfPage":{"@id":"https:\/\/www.iemj.org\/es\/les-musigrains-une-institution-pedagogique-et-musicale-1939-1986\/"},"wordCount":471,"publisher":{"@id":"https:\/\/www.iemj.org\/es\/#organization"},"image":{"@id":"https:\/\/www.iemj.org\/es\/les-musigrains-une-institution-pedagogique-et-musicale-1939-1986\/#primaryimage"},"thumbnailUrl":"https:\/\/www.iemj.org\/wp-content\/uploads\/2014\/05\/Les-musigrains_COUV.jpg","articleSection":["Libros, art\u00edculos","\u00daltimas adquisiciones"],"inLanguage":"es"},{"@type":"WebPage","@id":"https:\/\/www.iemj.org\/es\/les-musigrains-une-institution-pedagogique-et-musicale-1939-1986\/","url":"https:\/\/www.iemj.org\/es\/les-musigrains-une-institution-pedagogique-et-musicale-1939-1986\/","name":"Les Musigrains - Une institution p\u00e9dagogique et musicale (1939 - 1986) - Institut Europ\u00e9en des Musiques Juives","isPartOf":{"@id":"https:\/\/www.iemj.org\/es\/#website"},"primaryImageOfPage":{"@id":"https:\/\/www.iemj.org\/es\/les-musigrains-une-institution-pedagogique-et-musicale-1939-1986\/#primaryimage"},"image":{"@id":"https:\/\/www.iemj.org\/es\/les-musigrains-une-institution-pedagogique-et-musicale-1939-1986\/#primaryimage"},"thumbnailUrl":"https:\/\/www.iemj.org\/wp-content\/uploads\/2014\/05\/Les-musigrains_COUV.jpg","datePublished":"2014-05-06T08:50:57+00:00","dateModified":"2023-01-18T15:04:13+00:00","breadcrumb":{"@id":"https:\/\/www.iemj.org\/es\/les-musigrains-une-institution-pedagogique-et-musicale-1939-1986\/#breadcrumb"},"inLanguage":"es","potentialAction":[{"@type":"ReadAction","target":["https:\/\/www.iemj.org\/es\/les-musigrains-une-institution-pedagogique-et-musicale-1939-1986\/"]}]},{"@type":"ImageObject","inLanguage":"es","@id":"https:\/\/www.iemj.org\/es\/les-musigrains-une-institution-pedagogique-et-musicale-1939-1986\/#primaryimage","url":"https:\/\/www.iemj.org\/wp-content\/uploads\/2014\/05\/Les-musigrains_COUV.jpg","contentUrl":"https:\/\/www.iemj.org\/wp-content\/uploads\/2014\/05\/Les-musigrains_COUV.jpg","width":316,"height":501},{"@type":"BreadcrumbList","@id":"https:\/\/www.iemj.org\/es\/les-musigrains-une-institution-pedagogique-et-musicale-1939-1986\/#breadcrumb","itemListElement":[{"@type":"ListItem","position":1,"name":"Accueil","item":"https:\/\/www.iemj.org\/es\/"},{"@type":"ListItem","position":2,"name":"Les Musigrains &#8211; Une institution p\u00e9dagogique et musicale (1939 &#8211; 1986)"}]},{"@type":"WebSite","@id":"https:\/\/www.iemj.org\/es\/#website","url":"https:\/\/www.iemj.org\/es\/","name":"Institut Europ\u00e9en des Musiques Juives","description":"Des traditions musicales \u00e0 la port\u00e9e de tous","publisher":{"@id":"https:\/\/www.iemj.org\/es\/#organization"},"potentialAction":[{"@type":"SearchAction","target":{"@type":"EntryPoint","urlTemplate":"https:\/\/www.iemj.org\/es\/?s={search_term_string}"},"query-input":{"@type":"PropertyValueSpecification","valueRequired":true,"valueName":"search_term_string"}}],"inLanguage":"es"},{"@type":"Organization","@id":"https:\/\/www.iemj.org\/es\/#organization","name":"Institut Europ\u00e9en des Musiques Juives","url":"https:\/\/www.iemj.org\/es\/","logo":{"@type":"ImageObject","inLanguage":"es","@id":"https:\/\/www.iemj.org\/es\/#\/schema\/logo\/image\/","url":"https:\/\/www.iemj.org\/wp-content\/uploads\/2021\/09\/Logo-IEMJ-Paypal.jpg","contentUrl":"https:\/\/www.iemj.org\/wp-content\/uploads\/2021\/09\/Logo-IEMJ-Paypal.jpg","width":150,"height":50,"caption":"Institut Europ\u00e9en des Musiques Juives"},"image":{"@id":"https:\/\/www.iemj.org\/es\/#\/schema\/logo\/image\/"},"sameAs":["https:\/\/www.facebook.com\/MusiquesJuives\/","https:\/\/www.instagram.com\/musiquesjuives\/","https:\/\/www.youtube.com\/user\/musiquesjuives"]},{"@type":"Person","@id":"https:\/\/www.iemj.org\/es\/#\/schema\/person\/906134402c29d5c76e7b726261dd4bbd","name":"Herv\u00e9 Roten","image":{"@type":"ImageObject","inLanguage":"es","@id":"https:\/\/secure.gravatar.com\/avatar\/f96ad2db538a26481f18384936b5cd0610c92d390c4dc382209216d455f685ff?s=96&d=mm&r=g","url":"https:\/\/secure.gravatar.com\/avatar\/f96ad2db538a26481f18384936b5cd0610c92d390c4dc382209216d455f685ff?s=96&d=mm&r=g","contentUrl":"https:\/\/secure.gravatar.com\/avatar\/f96ad2db538a26481f18384936b5cd0610c92d390c4dc382209216d455f685ff?s=96&d=mm&r=g","caption":"Herv\u00e9 Roten"}}]}},"_links":{"self":[{"href":"https:\/\/www.iemj.org\/es\/wp-json\/wp\/v2\/posts\/92536","targetHints":{"allow":["GET"]}}],"collection":[{"href":"https:\/\/www.iemj.org\/es\/wp-json\/wp\/v2\/posts"}],"about":[{"href":"https:\/\/www.iemj.org\/es\/wp-json\/wp\/v2\/types\/post"}],"author":[{"embeddable":true,"href":"https:\/\/www.iemj.org\/es\/wp-json\/wp\/v2\/users\/1045"}],"replies":[{"embeddable":true,"href":"https:\/\/www.iemj.org\/es\/wp-json\/wp\/v2\/comments?post=92536"}],"version-history":[{"count":0,"href":"https:\/\/www.iemj.org\/es\/wp-json\/wp\/v2\/posts\/92536\/revisions"}],"wp:featuredmedia":[{"embeddable":true,"href":"https:\/\/www.iemj.org\/es\/wp-json\/wp\/v2\/media\/38236"}],"wp:attachment":[{"href":"https:\/\/www.iemj.org\/es\/wp-json\/wp\/v2\/media?parent=92536"}],"wp:term":[{"taxonomy":"category","embeddable":true,"href":"https:\/\/www.iemj.org\/es\/wp-json\/wp\/v2\/categories?post=92536"},{"taxonomy":"post_tag","embeddable":true,"href":"https:\/\/www.iemj.org\/es\/wp-json\/wp\/v2\/tags?post=92536"},{"taxonomy":"technique","embeddable":true,"href":"https:\/\/www.iemj.org\/es\/wp-json\/wp\/v2\/technique?post=92536"},{"taxonomy":"squelettes","embeddable":true,"href":"https:\/\/www.iemj.org\/es\/wp-json\/wp\/v2\/squelettes?post=92536"},{"taxonomy":"sujet","embeddable":true,"href":"https:\/\/www.iemj.org\/es\/wp-json\/wp\/v2\/sujet?post=92536"},{"taxonomy":"formation","embeddable":true,"href":"https:\/\/www.iemj.org\/es\/wp-json\/wp\/v2\/formation?post=92536"},{"taxonomy":"genre","embeddable":true,"href":"https:\/\/www.iemj.org\/es\/wp-json\/wp\/v2\/genre?post=92536"},{"taxonomy":"fonds","embeddable":true,"href":"https:\/\/www.iemj.org\/es\/wp-json\/wp\/v2\/fonds?post=92536"},{"taxonomy":"tradition","embeddable":true,"href":"https:\/\/www.iemj.org\/es\/wp-json\/wp\/v2\/tradition?post=92536"},{"taxonomy":"type-de-contenu","embeddable":true,"href":"https:\/\/www.iemj.org\/es\/wp-json\/wp\/v2\/type-de-contenu?post=92536"},{"taxonomy":"interprete-compositeur","embeddable":true,"href":"https:\/\/www.iemj.org\/es\/wp-json\/wp\/v2\/interprete-compositeur?post=92536"},{"taxonomy":"frise","embeddable":true,"href":"https:\/\/www.iemj.org\/es\/wp-json\/wp\/v2\/frise?post=92536"},{"taxonomy":"type-devenement","embeddable":true,"href":"https:\/\/www.iemj.org\/es\/wp-json\/wp\/v2\/type-devenement?post=92536"},{"taxonomy":"tableaux-liens-externes","embeddable":true,"href":"https:\/\/www.iemj.org\/es\/wp-json\/wp\/v2\/tableaux-liens-externes?post=92536"}],"curies":[{"name":"wp","href":"https:\/\/api.w.org\/{rel}","templated":true}]}}