{"id":92940,"date":"2023-01-20T11:22:02","date_gmt":"2023-01-20T10:22:02","guid":{"rendered":"https:\/\/www.iemj.org\/jacintas-zingers\/"},"modified":"2023-01-24T10:55:34","modified_gmt":"2023-01-24T09:55:34","slug":"jacintas-zingers","status":"publish","type":"post","link":"https:\/\/www.iemj.org\/es\/jacintas-zingers\/","title":{"rendered":"Jacintas Zingers"},"content":{"rendered":"<p>Jacintas Zingers es un coro con un repertorio compuesto principalmente por canciones en yiddish, al que ocasionalmente se a\u00f1aden temas en hebreo, judeoespa\u00f1ol, griego o franc\u00e9s.<\/p>\n<p>Desde 2001, est\u00e1 dirigido por la cantante de origen argentino <a href=\"https:\/\/www.iemj.org\/es\/jacinta-5\/\" target=\"_blank\" rel=\"noopener\">Jacinta<\/a>, responsable de la selecci\u00f3n y armonizaci\u00f3n de las canciones, de la investigaci\u00f3n biogr\u00e1fica e iconogr\u00e1fica, as\u00ed como de la transcripci\u00f3n y traducci\u00f3n de los textos.<\/p>\n<h2><strong>Breve historia<\/strong><\/h2>\n<p>En 1989, la A.E.D.C.Y. (Association pour l\u2019\u00e9tude et la diffusion de la culture yiddish &#8211; <em>Asociaci\u00f3n para el Estudio y la Difusi\u00f3n de la Cultura Yiddish<\/em>) cre\u00f3 un taller de canci\u00f3n yiddish dirigido por Fanny Amiel. Tras la muerte de Fanny, varios animadores tomaron el relevo, entre ellos <a href=\"https:\/\/www.iemj.org\/es\/jacques-grober-chansons-yiddish-dhier-et-daujourdhui\/\" target=\"_blank\" rel=\"noopener\">Jacques Grober<\/a> de 1997 a 1998.<\/p>\n<p>En 2001, Jacinta se convierte en la l\u00edder de este grupo vocal amateur. Su compromiso y su pasi\u00f3n atra\u00edan a un n\u00famero cada vez mayor de participantes (m\u00e1s de 120 cantantes), de modo que en 2004 crea otros dos grupos con tres formas diferentes de acercarse al canto yiddish:<\/p>\n<ul>\n<li>un taller de canciones,<br \/>un coro a 2 voces,<br \/>un grupo polif\u00f3nico para el que se requiere una audici\u00f3n adem\u00e1s de la asistencia.<\/li>\n<\/ul>\n<p>En 2005, Jacinta se traslada al <a href=\"https:\/\/www.cerclebernardlazare.org\/\" target=\"_blank\" rel=\"noopener\">Cercle Bernard Lazare<\/a> y da al coro el nombre de Jacinta&#8217;s Zingers. En grupos de 30 o 40 personas, el coro da numerosos conciertos en Par\u00eds y en la regi\u00f3n parisina (H\u00f4tel de Ville, Voix sur Berges, Cath\u00e9drale Arm\u00e9nienne, iglesias de Saint-Leu-Saint-Gilles y Maisons Alfort, Journ\u00e9e des chorales <span class=\"footnote_referrer\"><a role=\"button\" tabindex=\"0\" onclick=\"footnote_moveToReference_92940_1('footnote_plugin_reference_92940_1_1');\" onkeypress=\"footnote_moveToReference_92940_1('footnote_plugin_reference_92940_1_1');\" ><sup id=\"footnote_plugin_tooltip_92940_1_1\" class=\"footnote_plugin_tooltip_text\">[1]<\/sup><\/a><span id=\"footnote_plugin_tooltip_text_92940_1_1\" class=\"footnote_tooltip\">El Encuentro de Coros, bajo la \u00e9gida de Yiddish sans Fronti\u00e8re (<em>Yiddish sin Fronteras<\/em>), es una iniciativa de Jacinta<\/span><\/span><script type=\"text\/javascript\"> jQuery('#footnote_plugin_tooltip_92940_1_1').tooltip({ tip: '#footnote_plugin_tooltip_text_92940_1_1', tipClass: 'footnote_tooltip', effect: 'fade', predelay: 0, fadeInSpeed: 200, delay: 400, fadeOutSpeed: 200, position: 'top center', relative: true, offset: [-7, 0], });<\/script>&#8230; ), y participa en varias conmemoraciones de la Memoria de la Shoah (D\u00eda de la Liberaci\u00f3n de Auschwitz, Apr\u00e8s-midis de la rue N\u00e9laton, Ceremonia de los ni\u00f1os deportados [organizada por la asociaci\u00f3n Fils et Filles des D\u00e9port\u00e9s Juifs de France, creada por Serge y Beate Klarsfeld]).<\/p>\n<p>Desde hace varios a\u00f1os, las voces de los ni\u00f1os se mezclan con las de los coristas: Jacinta&#8217;s Zingers se ha abierto as\u00ed a los hijos o nietos de los coristas, dando al coro una dimensi\u00f3n intergeneracional.<\/p>\n<p>Tras casi dos a\u00f1os de clases de Zoom durante la Pandemia, el coro Jacintas Zingers fue acogido en octubre de 2021 en el Centre <a href=\"https:\/\/www.centre-medem.org\/\" target=\"_blank\" rel=\"noopener\">Medem Arbeter Ring<\/a>, 52 rue Ren\u00e9 Boulanger, Paris 10<sup>e<\/sup>.<\/p>\n<ul>\n<li><a href=\"https:\/\/www.centre-medem.org\/chorale-jacintas-zingers\/\" target=\"_blank\" rel=\"noopener\">Consultar la p\u00e1gina web de Medem y el procedimiento de inscripci\u00f3n<\/a><\/li>\n<li><a href=\"http:\/\/jacintazingers.blogspot.com\/\" target=\"_blank\" rel=\"noopener\">Visitar el blog de los Jacinta\u2019s Zingers (2005 \u00e0 2020)<\/a><\/li>\n<li><a href=\"https:\/\/www.youtube.com\/@jacinta604\" target=\"_blank\" rel=\"noopener\">Escuchar los Jacintas Zingers en el canal You Tube de Jacinta<\/a><\/li>\n<\/ul>\n\n\n<figure class=\"wp-block-embed is-type-video is-provider-youtube wp-block-embed-youtube wp-embed-aspect-16-9 wp-has-aspect-ratio\"><div class=\"wp-block-embed__wrapper\">\n<iframe title=\"YIDDL mitn FIDL, JACINTA&#039;S ZINGERS (chorale)\" width=\"640\" height=\"360\" src=\"https:\/\/www.youtube.com\/embed\/tg4ZLShejXg?feature=oembed\" frameborder=\"0\" allow=\"accelerometer; autoplay; clipboard-write; encrypted-media; gyroscope; picture-in-picture; web-share\" referrerpolicy=\"strict-origin-when-cross-origin\" allowfullscreen><\/iframe>\n<\/div><figcaption class=\"wp-element-caption\"><strong>Yiddl mitn Fidl (<em>Jacintas Zingers<\/em>)<\/strong><\/figcaption><\/figure>\n<div class=\"speaker-mute footnotes_reference_container\"> <div class=\"footnote_container_prepare\"><p><span role=\"button\" tabindex=\"0\" class=\"footnote_reference_container_label pointer\" onclick=\"footnote_expand_collapse_reference_container_92940_1();\">&#x202F;<\/span><span role=\"button\" tabindex=\"0\" class=\"footnote_reference_container_collapse_button\" style=\"display: none;\" onclick=\"footnote_expand_collapse_reference_container_92940_1();\">[<a id=\"footnote_reference_container_collapse_button_92940_1\">+<\/a>]<\/span><\/p><\/div> <div id=\"footnote_references_container_92940_1\" style=\"\"><table class=\"footnotes_table footnote-reference-container\"><caption class=\"accessibility\">References<\/caption> <tbody> \r\n\r\n<tr class=\"footnotes_plugin_reference_row\"> <th scope=\"row\" class=\"footnote_plugin_index_combi pointer\"  onclick=\"footnote_moveToAnchor_92940_1('footnote_plugin_tooltip_92940_1_1');\"><a id=\"footnote_plugin_reference_92940_1_1\" class=\"footnote_backlink\">1<\/a><\/th> <td class=\"footnote_plugin_text\">El Encuentro de Coros, bajo la \u00e9gida de Yiddish sans Fronti\u00e8re (<em>Yiddish sin Fronteras<\/em>), es una iniciativa de Jacinta<\/td><\/tr>\r\n\r\n <\/tbody> <\/table> <\/div><\/div><script type=\"text\/javascript\"> function footnote_expand_reference_container_92940_1() { jQuery('#footnote_references_container_92940_1').show(); jQuery('#footnote_reference_container_collapse_button_92940_1').text('\u2212'); } function footnote_collapse_reference_container_92940_1() { jQuery('#footnote_references_container_92940_1').hide(); jQuery('#footnote_reference_container_collapse_button_92940_1').text('+'); } function footnote_expand_collapse_reference_container_92940_1() { if (jQuery('#footnote_references_container_92940_1').is(':hidden')) { footnote_expand_reference_container_92940_1(); } else { footnote_collapse_reference_container_92940_1(); } } function footnote_moveToReference_92940_1(p_str_TargetID) { footnote_expand_reference_container_92940_1(); var l_obj_Target = jQuery('#' + p_str_TargetID); if (l_obj_Target.length) { jQuery( 'html, body' ).delay( 0 ); jQuery('html, body').animate({ scrollTop: l_obj_Target.offset().top - window.innerHeight * 0.2 }, 380); } } function footnote_moveToAnchor_92940_1(p_str_TargetID) { footnote_expand_reference_container_92940_1(); var l_obj_Target = jQuery('#' + p_str_TargetID); if (l_obj_Target.length) { jQuery( 'html, body' ).delay( 0 ); jQuery('html, body').animate({ scrollTop: l_obj_Target.offset().top - window.innerHeight * 0.2 }, 380); } }<\/script>","protected":false},"excerpt":{"rendered":"<p>Jacintas Zingers es un coro con un repertorio compuesto principalmente por canciones en yiddish, al que ocasionalmente se a\u00f1aden temas en hebreo, judeoespa\u00f1ol, griego o franc\u00e9s. Desde 2001, est\u00e1 dirigido<\/p>\n","protected":false},"author":5,"featured_media":92703,"comment_status":"closed","ping_status":"closed","sticky":false,"template":"","format":"standard","meta":{"_acf_changed":false,"footnotes":""},"categories":[1404,1424,1519],"tags":[],"technique":[],"squelettes":[],"sujet":[],"formation":[],"genre":[],"fonds":[],"tradition":[],"type-de-contenu":[],"interprete-compositeur":[],"frise":[],"type-devenement":[],"tableaux-liens-externes":[],"class_list":["post-92940","post","type-post","status-publish","format-standard","has-post-thumbnail","hentry","category-descubrir-es","category-enlaces-externos-es","category-practicas-de-aficionados-es"],"acf":[],"yoast_head":"<!-- This site is optimized with the Yoast SEO plugin v27.3 - https:\/\/yoast.com\/product\/yoast-seo-wordpress\/ -->\n<title>Jacintas Zingers - Institut Europ\u00e9en des Musiques Juives<\/title>\n<meta name=\"robots\" content=\"index, follow, max-snippet:-1, max-image-preview:large, max-video-preview:-1\" \/>\n<link rel=\"canonical\" href=\"https:\/\/www.iemj.org\/es\/jacintas-zingers\/\" \/>\n<meta property=\"og:locale\" content=\"es_ES\" \/>\n<meta property=\"og:type\" content=\"article\" \/>\n<meta property=\"og:title\" content=\"Jacintas Zingers - Institut Europ\u00e9en des Musiques Juives\" \/>\n<meta property=\"og:description\" content=\"Jacintas Zingers es un coro con un repertorio compuesto principalmente por canciones en yiddish, al que ocasionalmente se a\u00f1aden temas en hebreo, judeoespa\u00f1ol, griego o franc\u00e9s. Desde 2001, est\u00e1 dirigido\" \/>\n<meta property=\"og:url\" content=\"https:\/\/www.iemj.org\/es\/jacintas-zingers\/\" \/>\n<meta property=\"og:site_name\" content=\"Institut Europ\u00e9en des Musiques Juives\" \/>\n<meta property=\"article:publisher\" content=\"https:\/\/www.facebook.com\/MusiquesJuives\/\" \/>\n<meta property=\"article:published_time\" content=\"2023-01-20T10:22:02+00:00\" \/>\n<meta property=\"article:modified_time\" content=\"2023-01-24T09:55:34+00:00\" \/>\n<meta property=\"og:image\" content=\"https:\/\/www.iemj.org\/wp-content\/uploads\/2023\/01\/Logo-article-liens-externes-Jacintas-Singers.jpg\" \/>\n\t<meta property=\"og:image:width\" content=\"370\" \/>\n\t<meta property=\"og:image:height\" content=\"370\" \/>\n\t<meta property=\"og:image:type\" content=\"image\/jpeg\" \/>\n<meta name=\"author\" content=\"Jacqueline ROTEN\" \/>\n<meta name=\"twitter:card\" content=\"summary_large_image\" \/>\n<meta name=\"twitter:label1\" content=\"Escrito por\" \/>\n\t<meta name=\"twitter:data1\" content=\"Jacqueline ROTEN\" \/>\n\t<meta name=\"twitter:label2\" content=\"Tiempo de lectura\" \/>\n\t<meta name=\"twitter:data2\" content=\"3 minutos\" \/>\n<script type=\"application\/ld+json\" class=\"yoast-schema-graph\">{\"@context\":\"https:\\\/\\\/schema.org\",\"@graph\":[{\"@type\":\"Article\",\"@id\":\"https:\\\/\\\/www.iemj.org\\\/es\\\/jacintas-zingers\\\/#article\",\"isPartOf\":{\"@id\":\"https:\\\/\\\/www.iemj.org\\\/es\\\/jacintas-zingers\\\/\"},\"author\":{\"name\":\"Jacqueline ROTEN\",\"@id\":\"https:\\\/\\\/www.iemj.org\\\/es\\\/#\\\/schema\\\/person\\\/358e26c18aca017fcc4cc15437f7279c\"},\"headline\":\"Jacintas Zingers\",\"datePublished\":\"2023-01-20T10:22:02+00:00\",\"dateModified\":\"2023-01-24T09:55:34+00:00\",\"mainEntityOfPage\":{\"@id\":\"https:\\\/\\\/www.iemj.org\\\/es\\\/jacintas-zingers\\\/\"},\"wordCount\":455,\"publisher\":{\"@id\":\"https:\\\/\\\/www.iemj.org\\\/es\\\/#organization\"},\"image\":{\"@id\":\"https:\\\/\\\/www.iemj.org\\\/es\\\/jacintas-zingers\\\/#primaryimage\"},\"thumbnailUrl\":\"https:\\\/\\\/www.iemj.org\\\/wp-content\\\/uploads\\\/2023\\\/01\\\/Logo-article-liens-externes-Jacintas-Singers.jpg\",\"articleSection\":[\"Descubrir\",\"Enlaces externos\",\"Pr\u00e1cticas de aficionados\"],\"inLanguage\":\"es\"},{\"@type\":\"WebPage\",\"@id\":\"https:\\\/\\\/www.iemj.org\\\/es\\\/jacintas-zingers\\\/\",\"url\":\"https:\\\/\\\/www.iemj.org\\\/es\\\/jacintas-zingers\\\/\",\"name\":\"Jacintas Zingers - Institut Europ\u00e9en des Musiques Juives\",\"isPartOf\":{\"@id\":\"https:\\\/\\\/www.iemj.org\\\/es\\\/#website\"},\"primaryImageOfPage\":{\"@id\":\"https:\\\/\\\/www.iemj.org\\\/es\\\/jacintas-zingers\\\/#primaryimage\"},\"image\":{\"@id\":\"https:\\\/\\\/www.iemj.org\\\/es\\\/jacintas-zingers\\\/#primaryimage\"},\"thumbnailUrl\":\"https:\\\/\\\/www.iemj.org\\\/wp-content\\\/uploads\\\/2023\\\/01\\\/Logo-article-liens-externes-Jacintas-Singers.jpg\",\"datePublished\":\"2023-01-20T10:22:02+00:00\",\"dateModified\":\"2023-01-24T09:55:34+00:00\",\"breadcrumb\":{\"@id\":\"https:\\\/\\\/www.iemj.org\\\/es\\\/jacintas-zingers\\\/#breadcrumb\"},\"inLanguage\":\"es\",\"potentialAction\":[{\"@type\":\"ReadAction\",\"target\":[\"https:\\\/\\\/www.iemj.org\\\/es\\\/jacintas-zingers\\\/\"]}]},{\"@type\":\"ImageObject\",\"inLanguage\":\"es\",\"@id\":\"https:\\\/\\\/www.iemj.org\\\/es\\\/jacintas-zingers\\\/#primaryimage\",\"url\":\"https:\\\/\\\/www.iemj.org\\\/wp-content\\\/uploads\\\/2023\\\/01\\\/Logo-article-liens-externes-Jacintas-Singers.jpg\",\"contentUrl\":\"https:\\\/\\\/www.iemj.org\\\/wp-content\\\/uploads\\\/2023\\\/01\\\/Logo-article-liens-externes-Jacintas-Singers.jpg\",\"width\":370,\"height\":370},{\"@type\":\"BreadcrumbList\",\"@id\":\"https:\\\/\\\/www.iemj.org\\\/es\\\/jacintas-zingers\\\/#breadcrumb\",\"itemListElement\":[{\"@type\":\"ListItem\",\"position\":1,\"name\":\"Accueil\",\"item\":\"https:\\\/\\\/www.iemj.org\\\/es\\\/\"},{\"@type\":\"ListItem\",\"position\":2,\"name\":\"Jacintas Zingers\"}]},{\"@type\":\"WebSite\",\"@id\":\"https:\\\/\\\/www.iemj.org\\\/es\\\/#website\",\"url\":\"https:\\\/\\\/www.iemj.org\\\/es\\\/\",\"name\":\"Institut Europ\u00e9en des Musiques Juives\",\"description\":\"Des traditions musicales \u00e0 la port\u00e9e de tous\",\"publisher\":{\"@id\":\"https:\\\/\\\/www.iemj.org\\\/es\\\/#organization\"},\"potentialAction\":[{\"@type\":\"SearchAction\",\"target\":{\"@type\":\"EntryPoint\",\"urlTemplate\":\"https:\\\/\\\/www.iemj.org\\\/es\\\/?s={search_term_string}\"},\"query-input\":{\"@type\":\"PropertyValueSpecification\",\"valueRequired\":true,\"valueName\":\"search_term_string\"}}],\"inLanguage\":\"es\"},{\"@type\":\"Organization\",\"@id\":\"https:\\\/\\\/www.iemj.org\\\/es\\\/#organization\",\"name\":\"Institut Europ\u00e9en des Musiques Juives\",\"url\":\"https:\\\/\\\/www.iemj.org\\\/es\\\/\",\"logo\":{\"@type\":\"ImageObject\",\"inLanguage\":\"es\",\"@id\":\"https:\\\/\\\/www.iemj.org\\\/es\\\/#\\\/schema\\\/logo\\\/image\\\/\",\"url\":\"https:\\\/\\\/www.iemj.org\\\/wp-content\\\/uploads\\\/2021\\\/09\\\/Logo-IEMJ-Paypal.jpg\",\"contentUrl\":\"https:\\\/\\\/www.iemj.org\\\/wp-content\\\/uploads\\\/2021\\\/09\\\/Logo-IEMJ-Paypal.jpg\",\"width\":150,\"height\":50,\"caption\":\"Institut Europ\u00e9en des Musiques Juives\"},\"image\":{\"@id\":\"https:\\\/\\\/www.iemj.org\\\/es\\\/#\\\/schema\\\/logo\\\/image\\\/\"},\"sameAs\":[\"https:\\\/\\\/www.facebook.com\\\/MusiquesJuives\\\/\",\"https:\\\/\\\/www.instagram.com\\\/musiquesjuives\\\/\",\"https:\\\/\\\/www.youtube.com\\\/user\\\/musiquesjuives\"]},{\"@type\":\"Person\",\"@id\":\"https:\\\/\\\/www.iemj.org\\\/es\\\/#\\\/schema\\\/person\\\/358e26c18aca017fcc4cc15437f7279c\",\"name\":\"Jacqueline ROTEN\",\"image\":{\"@type\":\"ImageObject\",\"inLanguage\":\"es\",\"@id\":\"https:\\\/\\\/secure.gravatar.com\\\/avatar\\\/5964256d6c6957de3a3505278957e0fb2a35119ac47ea41827a65301213c810b?s=96&d=mm&r=g\",\"url\":\"https:\\\/\\\/secure.gravatar.com\\\/avatar\\\/5964256d6c6957de3a3505278957e0fb2a35119ac47ea41827a65301213c810b?s=96&d=mm&r=g\",\"contentUrl\":\"https:\\\/\\\/secure.gravatar.com\\\/avatar\\\/5964256d6c6957de3a3505278957e0fb2a35119ac47ea41827a65301213c810b?s=96&d=mm&r=g\",\"caption\":\"Jacqueline ROTEN\"}}]}<\/script>\n<!-- \/ Yoast SEO plugin. -->","yoast_head_json":{"title":"Jacintas Zingers - Institut Europ\u00e9en des Musiques Juives","robots":{"index":"index","follow":"follow","max-snippet":"max-snippet:-1","max-image-preview":"max-image-preview:large","max-video-preview":"max-video-preview:-1"},"canonical":"https:\/\/www.iemj.org\/es\/jacintas-zingers\/","og_locale":"es_ES","og_type":"article","og_title":"Jacintas Zingers - Institut Europ\u00e9en des Musiques Juives","og_description":"Jacintas Zingers es un coro con un repertorio compuesto principalmente por canciones en yiddish, al que ocasionalmente se a\u00f1aden temas en hebreo, judeoespa\u00f1ol, griego o franc\u00e9s. Desde 2001, est\u00e1 dirigido","og_url":"https:\/\/www.iemj.org\/es\/jacintas-zingers\/","og_site_name":"Institut Europ\u00e9en des Musiques Juives","article_publisher":"https:\/\/www.facebook.com\/MusiquesJuives\/","article_published_time":"2023-01-20T10:22:02+00:00","article_modified_time":"2023-01-24T09:55:34+00:00","og_image":[{"width":370,"height":370,"url":"https:\/\/www.iemj.org\/wp-content\/uploads\/2023\/01\/Logo-article-liens-externes-Jacintas-Singers.jpg","type":"image\/jpeg"}],"author":"Jacqueline ROTEN","twitter_card":"summary_large_image","twitter_misc":{"Escrito por":"Jacqueline ROTEN","Tiempo de lectura":"3 minutos"},"schema":{"@context":"https:\/\/schema.org","@graph":[{"@type":"Article","@id":"https:\/\/www.iemj.org\/es\/jacintas-zingers\/#article","isPartOf":{"@id":"https:\/\/www.iemj.org\/es\/jacintas-zingers\/"},"author":{"name":"Jacqueline ROTEN","@id":"https:\/\/www.iemj.org\/es\/#\/schema\/person\/358e26c18aca017fcc4cc15437f7279c"},"headline":"Jacintas Zingers","datePublished":"2023-01-20T10:22:02+00:00","dateModified":"2023-01-24T09:55:34+00:00","mainEntityOfPage":{"@id":"https:\/\/www.iemj.org\/es\/jacintas-zingers\/"},"wordCount":455,"publisher":{"@id":"https:\/\/www.iemj.org\/es\/#organization"},"image":{"@id":"https:\/\/www.iemj.org\/es\/jacintas-zingers\/#primaryimage"},"thumbnailUrl":"https:\/\/www.iemj.org\/wp-content\/uploads\/2023\/01\/Logo-article-liens-externes-Jacintas-Singers.jpg","articleSection":["Descubrir","Enlaces externos","Pr\u00e1cticas de aficionados"],"inLanguage":"es"},{"@type":"WebPage","@id":"https:\/\/www.iemj.org\/es\/jacintas-zingers\/","url":"https:\/\/www.iemj.org\/es\/jacintas-zingers\/","name":"Jacintas Zingers - Institut Europ\u00e9en des Musiques Juives","isPartOf":{"@id":"https:\/\/www.iemj.org\/es\/#website"},"primaryImageOfPage":{"@id":"https:\/\/www.iemj.org\/es\/jacintas-zingers\/#primaryimage"},"image":{"@id":"https:\/\/www.iemj.org\/es\/jacintas-zingers\/#primaryimage"},"thumbnailUrl":"https:\/\/www.iemj.org\/wp-content\/uploads\/2023\/01\/Logo-article-liens-externes-Jacintas-Singers.jpg","datePublished":"2023-01-20T10:22:02+00:00","dateModified":"2023-01-24T09:55:34+00:00","breadcrumb":{"@id":"https:\/\/www.iemj.org\/es\/jacintas-zingers\/#breadcrumb"},"inLanguage":"es","potentialAction":[{"@type":"ReadAction","target":["https:\/\/www.iemj.org\/es\/jacintas-zingers\/"]}]},{"@type":"ImageObject","inLanguage":"es","@id":"https:\/\/www.iemj.org\/es\/jacintas-zingers\/#primaryimage","url":"https:\/\/www.iemj.org\/wp-content\/uploads\/2023\/01\/Logo-article-liens-externes-Jacintas-Singers.jpg","contentUrl":"https:\/\/www.iemj.org\/wp-content\/uploads\/2023\/01\/Logo-article-liens-externes-Jacintas-Singers.jpg","width":370,"height":370},{"@type":"BreadcrumbList","@id":"https:\/\/www.iemj.org\/es\/jacintas-zingers\/#breadcrumb","itemListElement":[{"@type":"ListItem","position":1,"name":"Accueil","item":"https:\/\/www.iemj.org\/es\/"},{"@type":"ListItem","position":2,"name":"Jacintas Zingers"}]},{"@type":"WebSite","@id":"https:\/\/www.iemj.org\/es\/#website","url":"https:\/\/www.iemj.org\/es\/","name":"Institut Europ\u00e9en des Musiques Juives","description":"Des traditions musicales \u00e0 la port\u00e9e de tous","publisher":{"@id":"https:\/\/www.iemj.org\/es\/#organization"},"potentialAction":[{"@type":"SearchAction","target":{"@type":"EntryPoint","urlTemplate":"https:\/\/www.iemj.org\/es\/?s={search_term_string}"},"query-input":{"@type":"PropertyValueSpecification","valueRequired":true,"valueName":"search_term_string"}}],"inLanguage":"es"},{"@type":"Organization","@id":"https:\/\/www.iemj.org\/es\/#organization","name":"Institut Europ\u00e9en des Musiques Juives","url":"https:\/\/www.iemj.org\/es\/","logo":{"@type":"ImageObject","inLanguage":"es","@id":"https:\/\/www.iemj.org\/es\/#\/schema\/logo\/image\/","url":"https:\/\/www.iemj.org\/wp-content\/uploads\/2021\/09\/Logo-IEMJ-Paypal.jpg","contentUrl":"https:\/\/www.iemj.org\/wp-content\/uploads\/2021\/09\/Logo-IEMJ-Paypal.jpg","width":150,"height":50,"caption":"Institut Europ\u00e9en des Musiques Juives"},"image":{"@id":"https:\/\/www.iemj.org\/es\/#\/schema\/logo\/image\/"},"sameAs":["https:\/\/www.facebook.com\/MusiquesJuives\/","https:\/\/www.instagram.com\/musiquesjuives\/","https:\/\/www.youtube.com\/user\/musiquesjuives"]},{"@type":"Person","@id":"https:\/\/www.iemj.org\/es\/#\/schema\/person\/358e26c18aca017fcc4cc15437f7279c","name":"Jacqueline ROTEN","image":{"@type":"ImageObject","inLanguage":"es","@id":"https:\/\/secure.gravatar.com\/avatar\/5964256d6c6957de3a3505278957e0fb2a35119ac47ea41827a65301213c810b?s=96&d=mm&r=g","url":"https:\/\/secure.gravatar.com\/avatar\/5964256d6c6957de3a3505278957e0fb2a35119ac47ea41827a65301213c810b?s=96&d=mm&r=g","contentUrl":"https:\/\/secure.gravatar.com\/avatar\/5964256d6c6957de3a3505278957e0fb2a35119ac47ea41827a65301213c810b?s=96&d=mm&r=g","caption":"Jacqueline ROTEN"}}]}},"_links":{"self":[{"href":"https:\/\/www.iemj.org\/es\/wp-json\/wp\/v2\/posts\/92940","targetHints":{"allow":["GET"]}}],"collection":[{"href":"https:\/\/www.iemj.org\/es\/wp-json\/wp\/v2\/posts"}],"about":[{"href":"https:\/\/www.iemj.org\/es\/wp-json\/wp\/v2\/types\/post"}],"author":[{"embeddable":true,"href":"https:\/\/www.iemj.org\/es\/wp-json\/wp\/v2\/users\/5"}],"replies":[{"embeddable":true,"href":"https:\/\/www.iemj.org\/es\/wp-json\/wp\/v2\/comments?post=92940"}],"version-history":[{"count":0,"href":"https:\/\/www.iemj.org\/es\/wp-json\/wp\/v2\/posts\/92940\/revisions"}],"wp:featuredmedia":[{"embeddable":true,"href":"https:\/\/www.iemj.org\/es\/wp-json\/wp\/v2\/media\/92703"}],"wp:attachment":[{"href":"https:\/\/www.iemj.org\/es\/wp-json\/wp\/v2\/media?parent=92940"}],"wp:term":[{"taxonomy":"category","embeddable":true,"href":"https:\/\/www.iemj.org\/es\/wp-json\/wp\/v2\/categories?post=92940"},{"taxonomy":"post_tag","embeddable":true,"href":"https:\/\/www.iemj.org\/es\/wp-json\/wp\/v2\/tags?post=92940"},{"taxonomy":"technique","embeddable":true,"href":"https:\/\/www.iemj.org\/es\/wp-json\/wp\/v2\/technique?post=92940"},{"taxonomy":"squelettes","embeddable":true,"href":"https:\/\/www.iemj.org\/es\/wp-json\/wp\/v2\/squelettes?post=92940"},{"taxonomy":"sujet","embeddable":true,"href":"https:\/\/www.iemj.org\/es\/wp-json\/wp\/v2\/sujet?post=92940"},{"taxonomy":"formation","embeddable":true,"href":"https:\/\/www.iemj.org\/es\/wp-json\/wp\/v2\/formation?post=92940"},{"taxonomy":"genre","embeddable":true,"href":"https:\/\/www.iemj.org\/es\/wp-json\/wp\/v2\/genre?post=92940"},{"taxonomy":"fonds","embeddable":true,"href":"https:\/\/www.iemj.org\/es\/wp-json\/wp\/v2\/fonds?post=92940"},{"taxonomy":"tradition","embeddable":true,"href":"https:\/\/www.iemj.org\/es\/wp-json\/wp\/v2\/tradition?post=92940"},{"taxonomy":"type-de-contenu","embeddable":true,"href":"https:\/\/www.iemj.org\/es\/wp-json\/wp\/v2\/type-de-contenu?post=92940"},{"taxonomy":"interprete-compositeur","embeddable":true,"href":"https:\/\/www.iemj.org\/es\/wp-json\/wp\/v2\/interprete-compositeur?post=92940"},{"taxonomy":"frise","embeddable":true,"href":"https:\/\/www.iemj.org\/es\/wp-json\/wp\/v2\/frise?post=92940"},{"taxonomy":"type-devenement","embeddable":true,"href":"https:\/\/www.iemj.org\/es\/wp-json\/wp\/v2\/type-devenement?post=92940"},{"taxonomy":"tableaux-liens-externes","embeddable":true,"href":"https:\/\/www.iemj.org\/es\/wp-json\/wp\/v2\/tableaux-liens-externes?post=92940"}],"curies":[{"name":"wp","href":"https:\/\/api.w.org\/{rel}","templated":true}]}}