{"id":92980,"date":"2023-01-19T15:58:08","date_gmt":"2023-01-19T14:58:08","guid":{"rendered":"https:\/\/www.iemj.org\/jacinta-5\/"},"modified":"2023-01-24T15:55:25","modified_gmt":"2023-01-24T14:55:25","slug":"jacinta-5","status":"publish","type":"post","link":"https:\/\/www.iemj.org\/es\/jacinta-5\/","title":{"rendered":"Jacinta"},"content":{"rendered":"<p>Autora, compositora, arreglista, actriz y cantante, Sof\u00eda Jacinta Szlechtman naci\u00f3 el 30 de septiembre de 1950 en Buenos Aires, en el seno de una familia jud\u00eda ruso-polaca. Sus abuelos maternos proced\u00edan de Khmelnits (<a href=\"https:\/\/es.wikipedia.org\/wiki\/Jmelnitski\" target=\"_blank\" rel=\"noopener\">Jmelnitski<\/a>) en Buenos Aires alrededor de 1920. Su madre naci\u00f3 en Argentina en 1924. Su padre naci\u00f3 en Lodz (Polonia) en 1921 y lleg\u00f3 a Buenos Aires en 1950, tras haber viajado por algunos pa\u00edses latinoamericanos despu\u00e9s de la guerra.<\/p>\n<p>\u00abEl yiddish formaba parte de mi vida cotidiana. Primero, en la voz de mi padre, que cantaba para m\u00ed las melod\u00edas que le tarareaba su madre, en conversaciones en yiddish y espa\u00f1ol con mis abuelos maternos, y luego en la escuela de yiddish, donde estudi\u00e9 gram\u00e1tica, sintaxis, literatura&#8230;\u00bb [&#8230;]. En la escuela Yitskhok Leybush Peretz del movimiento ICUF, dirigida por el escritor y poeta Tsalel Blitz, los ni\u00f1os cantaron el himno nacional argentino y las melod\u00edas a la bandera nacional en adaptaciones al idish, escritas por LERER Blitz\u00bb<span class=\"footnote_referrer\"><a role=\"button\" tabindex=\"0\" onclick=\"footnote_moveToReference_92980_1('footnote_plugin_reference_92980_1_1');\" onkeypress=\"footnote_moveToReference_92980_1('footnote_plugin_reference_92980_1_1');\" ><sup id=\"footnote_plugin_tooltip_92980_1_1\" class=\"footnote_plugin_tooltip_text\">[1]<\/sup><\/a><span id=\"footnote_plugin_tooltip_text_92980_1_1\" class=\"footnote_tooltip\">Extracto de los correos electr\u00f3nicos de Jacinta a Herv\u00e9 Roten, 8 de octubre de 2021 y 18 de enero de 2023<\/span><\/span><script type=\"text\/javascript\"> jQuery('#footnote_plugin_tooltip_92980_1_1').tooltip({ tip: '#footnote_plugin_tooltip_text_92980_1_1', tipClass: 'footnote_tooltip', effect: 'fade', predelay: 0, fadeInSpeed: 200, delay: 400, fadeOutSpeed: 200, position: 'top center', relative: true, offset: [-7, 0], });<\/script>.<\/p>\n<figure id=\"attachment_92646\" aria-describedby=\"caption-attachment-92646\" style=\"width: 544px\" class=\"wp-caption aligncenter\"><img fetchpriority=\"high\" decoding=\"async\" class=\"wp-image-92646\" src=\"https:\/\/www.iemj.org\/wp-content\/uploads\/2023\/01\/I_444_A-lecole-yiddish-I.L.-Peretz.-Jacinta-est-la-1e-au-3e-rang-ecole-primaire-300x227.jpg\" alt=\"\" width=\"544\" height=\"412\" srcset=\"https:\/\/www.iemj.org\/wp-content\/uploads\/2023\/01\/I_444_A-lecole-yiddish-I.L.-Peretz.-Jacinta-est-la-1e-au-3e-rang-ecole-primaire-300x227.jpg 300w, https:\/\/www.iemj.org\/wp-content\/uploads\/2023\/01\/I_444_A-lecole-yiddish-I.L.-Peretz.-Jacinta-est-la-1e-au-3e-rang-ecole-primaire.jpg 500w\" sizes=\"(max-width: 544px) 100vw, 544px\" \/><figcaption id=\"caption-attachment-92646\" class=\"wp-caption-text\"><strong>En la Escuela Yiddish I.L. Peretz. Jacinta es la 1\u00aa en el 3er puesto, escuela primaria<\/strong><\/figcaption><\/figure>\n<p>Buena alumna en la escuela primaria y en la escuela yiddish, los profesores de m\u00fasica se fijaron en ella y a menudo cantaba como solista en las celebraciones o en conmemoraciones, como el levantamiento del gueto de Varsovia. A los seis a\u00f1os se uni\u00f3 a un coro y, a los doce, dirigi\u00f3 un peque\u00f1o grupo vocal de m\u00fasica argentina e yiddish. Pero fue <a href=\"https:\/\/es.wikipedia.org\/wiki\/Atahualpa_Yupanqui\" target=\"_blank\" rel=\"noopener\">Atahualpa Yupanqui<\/a>, cantor de los pueblos humillados de Am\u00e9rica Latina, quien marc\u00f3 el despertar de Jacinta al instrumento que la acompa\u00f1ar\u00eda en el escenario: la guitarra.<\/p>\n<figure id=\"attachment_92651\" aria-describedby=\"caption-attachment-92651\" style=\"width: 184px\" class=\"wp-caption alignleft\"><img decoding=\"async\" class=\"wp-image-92651\" src=\"https:\/\/www.iemj.org\/wp-content\/uploads\/2023\/01\/I_411_Jacinta-17-ans-tournee-littoral-argentin-221x300.jpg\" alt=\"\" width=\"184\" height=\"250\" srcset=\"https:\/\/www.iemj.org\/wp-content\/uploads\/2023\/01\/I_411_Jacinta-17-ans-tournee-littoral-argentin-221x300.jpg 221w, https:\/\/www.iemj.org\/wp-content\/uploads\/2023\/01\/I_411_Jacinta-17-ans-tournee-littoral-argentin.jpg 369w\" sizes=\"(max-width: 184px) 100vw, 184px\" \/><figcaption id=\"caption-attachment-92651\" class=\"wp-caption-text\"><strong>Jacinta 17 a\u00f1os, de gira por la costa argentina<\/strong><\/figcaption><\/figure>\n<p>En 1977 conoci\u00f3 a su futuro marido de origen espa\u00f1ol en Buenos Aires y le sigui\u00f3 a Par\u00eds. Al a\u00f1o siguiente, actu\u00f3 en el Festival de Avi\u00f1\u00f3n en el espect\u00e1culo <em>Le Chant profond juif<\/em> (El canto profundo jud\u00edo), de la actriz y productora de radio y televisi\u00f3n Eve Griliquez. Cant\u00f3 canciones judeoespa\u00f1olas con el ensemble Kol Aviv, la cantante yiddish Talila y los actores Michel de Maulne y Jean-Paul Lahore. La primera parte del espect\u00e1culo est\u00e1 dedicada a canciones y poes\u00edas judeoespa\u00f1olas y cuentos marroqu\u00edes; la segunda, a poes\u00edas y canciones yiddish.<\/p>\n<p>\u00a0<\/p>\n<div class=\"mceTemp\">\u00a0<\/div>\n<figure id=\"attachment_92656\" aria-describedby=\"caption-attachment-92656\" style=\"width: 300px\" class=\"wp-caption alignright\"><img decoding=\"async\" class=\"wp-image-92656 size-medium\" src=\"https:\/\/www.iemj.org\/wp-content\/uploads\/2023\/01\/I_448_Club-Trottoirs-de-Buenos-Aires-rue-des-Lombards-Paris-300x202.jpg\" alt=\"\" width=\"300\" height=\"202\" srcset=\"https:\/\/www.iemj.org\/wp-content\/uploads\/2023\/01\/I_448_Club-Trottoirs-de-Buenos-Aires-rue-des-Lombards-Paris-300x202.jpg 300w, https:\/\/www.iemj.org\/wp-content\/uploads\/2023\/01\/I_448_Club-Trottoirs-de-Buenos-Aires-rue-des-Lombards-Paris.jpg 500w\" sizes=\"(max-width: 300px) 100vw, 300px\" \/><figcaption id=\"caption-attachment-92656\" class=\"wp-caption-text\"><strong>Club Trottoirs de Buenos Aires, rue des Lombards, Par\u00eds<\/strong><\/figcaption><\/figure>\n<p>Entre 1982 y 1988, cant\u00f3 regularmente en el <a href=\"https:\/\/es.wikipedia.org\/wiki\/Trottoirs_de_Buenos_Aires\" target=\"_blank\" rel=\"noopener\">Trottoirs de Buenos Aires<\/a>, m\u00edtico local parisino dedicado al tango argentino. Acompa\u00f1\u00e1ndose a s\u00ed misma con la guitarra o seguida por un pianista, interpret\u00f3 el tango con un estilo personal y tierno, versionando a Carlos Gardel, Homero Manzi e introduciendo composiciones suyas en espa\u00f1ol, que a menudo aluden a su infancia, a sus abuelos jud\u00edos rusos, al tiempo que mencionan la contribuci\u00f3n de los inmigrantes al tango argentino.<\/p>\n<p>\u00a0<\/p>\n<p>Gracias a su \u00e9xito, en 1982 Carri\u00e8re grab\u00f3 su primer LP, Tango mi coraz\u00f3n. Dos a\u00f1os m\u00e1s tarde, autoprodujo una casete, <em>Du baroque espagnol au tango<\/em>, y particip\u00f3 en un homenaje a <a href=\"https:\/\/es.wikipedia.org\/wiki\/Osvaldo_Pugliese\" target=\"_blank\" rel=\"noopener\">Osvaldo Pugliese<\/a>, en su presencia, en el Bataclan de Par\u00eds.<\/p>\n<figure id=\"attachment_92661\" aria-describedby=\"caption-attachment-92661\" style=\"width: 300px\" class=\"wp-caption alignleft\"><img loading=\"lazy\" decoding=\"async\" class=\"wp-image-92661 size-medium\" src=\"https:\/\/www.iemj.org\/wp-content\/uploads\/2023\/01\/I_430_Jacinta-dans-le-spectacle-Le-Dibouk-300x256.jpg\" alt=\"\" width=\"300\" height=\"256\" srcset=\"https:\/\/www.iemj.org\/wp-content\/uploads\/2023\/01\/I_430_Jacinta-dans-le-spectacle-Le-Dibouk-300x256.jpg 300w, https:\/\/www.iemj.org\/wp-content\/uploads\/2023\/01\/I_430_Jacinta-dans-le-spectacle-Le-Dibouk.jpg 500w\" sizes=\"(max-width: 300px) 100vw, 300px\" \/><figcaption id=\"caption-attachment-92661\" class=\"wp-caption-text\"><strong>Jacinta en el espect\u00e1culo Le Dibouk<\/strong><\/figcaption><\/figure>\n<p>Jacinta tambi\u00e9n apareci\u00f3 en la pel\u00edcula <em>Johanna d&#8217;Arc of Mongolia<\/em>, de Ulrike Ottinger, con Delphine Seyrig (1989), y en el teatro, donde actu\u00f3 en <em>Le Dibbouk<\/em>, dirigida por Bernard Djaoui en 1990, y en la revista <em>Mortadela<\/em>, de Alfredo Arias (Moli\u00e8re a la mejor interpretaci\u00f3n musical, 1992).<\/p>\n<p>Sin embargo, Jacinta no se olvida de sus or\u00edgenes. Canta habitualmente en yiddish, judeoespa\u00f1ol y espa\u00f1ol, pero no duda en explorar las canciones francesas y en interpretar sus propias composiciones <span class=\"footnote_referrer\"><a role=\"button\" tabindex=\"0\" onclick=\"footnote_moveToReference_92980_1('footnote_plugin_reference_92980_1_2');\" onkeypress=\"footnote_moveToReference_92980_1('footnote_plugin_reference_92980_1_2');\" ><sup id=\"footnote_plugin_tooltip_92980_1_2\" class=\"footnote_plugin_tooltip_text\">[2]<\/sup><\/a><span id=\"footnote_plugin_tooltip_text_92980_1_2\" class=\"footnote_tooltip\">Jacinta ha puesto m\u00fasica, en particular, a dos poemas de una de sus coristas, amiga suya, Catherine Franck, fallecida en 2022: <em>Les ateliers de couture<\/em> y <em>Tissages d&#8217;Heun&#8217;chy<\/em><\/span><\/span><script type=\"text\/javascript\"> jQuery('#footnote_plugin_tooltip_92980_1_2').tooltip({ tip: '#footnote_plugin_tooltip_text_92980_1_2', tipClass: 'footnote_tooltip', effect: 'fade', predelay: 0, fadeInSpeed: 200, delay: 400, fadeOutSpeed: 200, position: 'top center', relative: true, offset: [-7, 0], });<\/script>. Entre 1986 y 1999, grab\u00f3 dos \u00e1lbumes de canciones yiddish (<em>Dos Lid fun goldenem Land<\/em>, casete, 1986; <em>Autres chansons yiddish<\/em>, Ocora Radio-France, casete y CD, 1992) y un CD de canciones judeoespa\u00f1olas (<em>Morenica<\/em>, Chant du Monde, distribuci\u00f3n Harmonia Mundi, 1999). En 2016, el productor Patrick Campistron lanz\u00f3 el CD <em>Ofrecer mi coraz\u00f3n<\/em>, sello Soupir. Jacinta interpreta t\u00edtulos como \u00abYoukali\u00bb, \u00abPoup\u00e9e de Cire\u00bb, canciones sudamericanas como \u00abTe recuerdo Amanda\u00bb, \u00abAmapola\u00bb y una de sus composiciones \u00abSos la noche\u00bb con el acordeonista David Venitucci.<\/p>\n<figure id=\"attachment_92671\" aria-describedby=\"caption-attachment-92671\" style=\"width: 474px\" class=\"wp-caption aligncenter\"><img loading=\"lazy\" decoding=\"async\" class=\"wp-image-92671\" src=\"https:\/\/www.iemj.org\/wp-content\/uploads\/2023\/01\/K7_1167_VIG2_La-Chanson-du-Pays-dOr_Cassette-audio-300x179.jpg\" alt=\"\" width=\"474\" height=\"283\" srcset=\"https:\/\/www.iemj.org\/wp-content\/uploads\/2023\/01\/K7_1167_VIG2_La-Chanson-du-Pays-dOr_Cassette-audio-300x179.jpg 300w, https:\/\/www.iemj.org\/wp-content\/uploads\/2023\/01\/K7_1167_VIG2_La-Chanson-du-Pays-dOr_Cassette-audio.jpg 598w\" sizes=\"(max-width: 474px) 100vw, 474px\" \/><figcaption id=\"caption-attachment-92671\" class=\"wp-caption-text\"><strong>Cinta de audio &#8211; La Chanson du Pays d\u2019Or<\/strong><\/figcaption><\/figure>\n<p>Deseosa de transmitir su pasi\u00f3n por el canto, Jacinta dirige desde 2001 el coro <a href=\"http:\/\/jacintazingers.blogspot.com\/\">Jacintas Zingers<\/a>, primero en la Asociaci\u00f3n para el Estudio y la Difusi\u00f3n de la Cultura Yiddish (AEDCY) y la Maison de la Culture Yiddish (MCY), despu\u00e9s en el Cercle Bernard Lazare, y a partir de 2021 en el Centro Medem. Sus coristas, de todas las edades, admiran sus cualidades como profesora y m\u00fasico-arreglista. Pero m\u00e1s all\u00e1 de este aspecto puramente musical, observa que:<\/p>\n<p>\u00abPara los mayores, el yiddish (judeoespa\u00f1ol tambi\u00e9n para algunos) era la lengua de una infancia oculta, la de unos padres deportados. Y me encontr\u00e9 entre esas almas mortificadas, cant\u00e1ndoles ese yiddish prohibido, haci\u00e9ndoles sentir que era m\u00e1s que una lengua, sino un sabor, una forma de vida, una alegr\u00eda entre tantas penas&#8230;<\/p>\n<p>Otra corista, cuyos padres hab\u00edan sido capturados, me cont\u00f3 que hab\u00eda intentado cantar en yiddish, en vano. S\u00f3lo conmigo sinti\u00f3 que ya no era una lengua muerta, sino la lengua de los muertos queridos, que pudo redescubrir en la m\u00fasica, con otras personas a su alrededor.<\/p>\n<figure id=\"attachment_92682\" aria-describedby=\"caption-attachment-92682\" style=\"width: 322px\" class=\"wp-caption alignright\"><img loading=\"lazy\" decoding=\"async\" class=\"wp-image-92682\" src=\"https:\/\/www.iemj.org\/wp-content\/uploads\/2023\/01\/I_421_Lors-dune-fete-privee-spectacle-prime-300x212.jpg\" alt=\"\" width=\"322\" height=\"228\" srcset=\"https:\/\/www.iemj.org\/wp-content\/uploads\/2023\/01\/I_421_Lors-dune-fete-privee-spectacle-prime-300x212.jpg 300w, https:\/\/www.iemj.org\/wp-content\/uploads\/2023\/01\/I_421_Lors-dune-fete-privee-spectacle-prime.jpg 500w\" sizes=\"(max-width: 322px) 100vw, 322px\" \/><figcaption id=\"caption-attachment-92682\" class=\"wp-caption-text\"><strong>En una fiesta privada, actuaci\u00f3n premiada<\/strong><\/figcaption><\/figure>\n<p>No tuve hijos, pero mis coristas, j\u00f3venes y mayores, son \u00abmayne kinder\u00bb [mis hijos]\u00bb<span class=\"footnote_referrer\"><a role=\"button\" tabindex=\"0\" onclick=\"footnote_moveToReference_92980_1('footnote_plugin_reference_92980_1_3');\" onkeypress=\"footnote_moveToReference_92980_1('footnote_plugin_reference_92980_1_3');\" ><sup id=\"footnote_plugin_tooltip_92980_1_3\" class=\"footnote_plugin_tooltip_text\">[3]<\/sup><\/a><span id=\"footnote_plugin_tooltip_text_92980_1_3\" class=\"footnote_tooltip\">Extracto de un correo electr\u00f3nico de Jacinta a Herv\u00e9 Roten fechado el 8 de octubre de 2021<\/span><\/span><script type=\"text\/javascript\"> jQuery('#footnote_plugin_tooltip_92980_1_3').tooltip({ tip: '#footnote_plugin_tooltip_text_92980_1_3', tipClass: 'footnote_tooltip', effect: 'fade', predelay: 0, fadeInSpeed: 200, delay: 400, fadeOutSpeed: 200, position: 'top center', relative: true, offset: [-7, 0], });<\/script>.<\/p>\n<p>Jacinta ha recibido numerosos premios por su carrera: el Premio Korman <span class=\"footnote_referrer\"><a role=\"button\" tabindex=\"0\" onclick=\"footnote_moveToReference_92980_1('footnote_plugin_reference_92980_1_4');\" onkeypress=\"footnote_moveToReference_92980_1('footnote_plugin_reference_92980_1_4');\" ><sup id=\"footnote_plugin_tooltip_92980_1_4\" class=\"footnote_plugin_tooltip_text\">[4]<\/sup><\/a><span id=\"footnote_plugin_tooltip_text_92980_1_4\" class=\"footnote_tooltip\">El Premio Ydl Korman se concede por actividades en favor de la cultura yiddish en todos los campos, Arte, Literatura, Escultura, M\u00fasica, Historia, Shoah, etc., desde 1986<\/span><\/span><script type=\"text\/javascript\"> jQuery('#footnote_plugin_tooltip_92980_1_4').tooltip({ tip: '#footnote_plugin_tooltip_text_92980_1_4', tipClass: 'footnote_tooltip', effect: 'fade', predelay: 0, fadeInSpeed: 200, delay: 400, fadeOutSpeed: 200, position: 'top center', relative: true, offset: [-7, 0], });<\/script> en 2003, Premio de la Academia Charles Cros por su CD de rimas infantiles y rondas argentinas en 2004, y Premio Cukierman <span class=\"footnote_referrer\"><a role=\"button\" tabindex=\"0\" onclick=\"footnote_moveToReference_92980_1('footnote_plugin_reference_92980_1_5');\" onkeypress=\"footnote_moveToReference_92980_1('footnote_plugin_reference_92980_1_5');\" ><sup id=\"footnote_plugin_tooltip_92980_1_5\" class=\"footnote_plugin_tooltip_text\">[5]<\/sup><\/a><span id=\"footnote_plugin_tooltip_text_92980_1_5\" class=\"footnote_tooltip\">El Premio Max Cukierman fue fundado en 1982 por Roger y Henri Cukierman para perpetuar la memoria de sus padres y su apego a la cultura yiddish<\/span><\/span><script type=\"text\/javascript\"> jQuery('#footnote_plugin_tooltip_92980_1_5').tooltip({ tip: '#footnote_plugin_tooltip_text_92980_1_5', tipClass: 'footnote_tooltip', effect: 'fade', predelay: 0, fadeInSpeed: 200, delay: 400, fadeOutSpeed: 200, position: 'top center', relative: true, offset: [-7, 0], });<\/script> en 2008.<\/p>\n<p><strong>Fuentes: <\/strong><\/p>\n<ul>\n<li><a href=\"https:\/\/www.jacinta-s.com\/\" target=\"_blank\" rel=\"noopener\">Sitio web de Jacinta<\/a><\/li>\n<li><a href=\"http:\/\/www.bibletango.com\/tangopersonnages\/perso_bio\/persobio_j\/jacinta_bb.htm#:~:text=Elle%20chantait%20des%20valses%20et,p%C3%A9riodes%20de%20deux%20mois%20environ\" target=\"_blank\" rel=\"noopener\">Bible Tango<\/a><\/li>\n<li>Akadem : <a style=\"font-size: revert; background-color: var(--bs-body-bg); font-family: var(--bs-body-font-family); font-weight: var(--bs-body-font-weight); text-align: var(--bs-body-text-align);\" href=\"https:\/\/akadem.org\/magazine\/2017-2018\/chanter-le-yiddish-de-buenos-aires-a-paris-avec-jacinta-23-04-2018-100294_4753.php\" target=\"_blank\" rel=\"noopener\">Chanter le yiddish de Buenos Aires \u00e0 Paris (Cantar en yiddish de Buenos Aires a Par\u00eds)<\/a><\/li>\n<li>IEMJ : <a href=\"https:\/\/www.iemj.org\/es\/jacinta-entre-chansons-yiddish-judeo-espagnole-et-tango\/\" target=\"_blank\" rel=\"noopener\">Jacinta, entre yiddish, canciones judeoespa\u00f1olas y tango<\/a><\/li>\n<\/ul>\n<p><strong>Enlaces:<\/strong><\/p>\n<ul>\n<li><a href=\"https:\/\/www.iemj.org\/es\/jacinta-entre-chansons-yiddish-judeo-espagnole-et-tango\/\" target=\"_blank\" rel=\"noopener\">Mirar el v\u00eddeo Jacinta, entre canciones yiddish, judeoespa\u00f1ol y tango<\/a><\/li>\n<li><a style=\"font-size: revert; background-color: var(--bs-body-bg); font-family: var(--bs-body-font-family); font-weight: var(--bs-body-font-weight); text-align: var(--bs-body-text-align);\" href=\"https:\/\/www.iemj.org\/es\/jacinta-une-vie-en-chanson\/\" target=\"_blank\" rel=\"noopener\">Escuchar la lista de reproducci\u00f3n Jacinta, canciones de vida<\/a><\/li>\n<li><a href=\"https:\/\/www.iemj.org\/fonds-jacinta\/\" target=\"_blank\" rel=\"noopener\">Consulter le fonds d\u2019archives de Jacinta d\u00e9pos\u00e9 \u00e0 l\u2019IEMJ<\/a><\/li>\n<li><a style=\"font-size: revert; background-color: var(--bs-body-bg); font-family: var(--bs-body-font-family); font-weight: var(--bs-body-font-weight); text-align: var(--bs-body-text-align);\" href=\"https:\/\/www.iemj.org\/es\/jacintas-zingers\/\" target=\"_blank\" rel=\"noopener\">M\u00e1s informaci\u00f3n sobre el Coro Jacintas Zingers<\/a><\/li>\n<li><a href=\"https:\/\/www.youtube.com\/@jacinta604\" target=\"_blank\" rel=\"noopener\">Visitar el canal You Tube de Jacinta<\/a><\/li>\n<\/ul>\n\n\n<div class=\"wp-block-columns is-layout-flex wp-container-core-columns-is-layout-9d6595d7 wp-block-columns-is-layout-flex\">\n<div class=\"wp-block-column is-layout-flow wp-block-column-is-layout-flow\">\n<figure class=\"wp-block-embed is-type-video is-provider-youtube wp-block-embed-youtube wp-embed-aspect-16-9 wp-has-aspect-ratio\"><div class=\"wp-block-embed__wrapper\">\n<iframe title=\"IN DER FINSTER\" width=\"640\" height=\"360\" src=\"https:\/\/www.youtube.com\/embed\/YoIrYHEoSK8?feature=oembed\" frameborder=\"0\" allow=\"accelerometer; autoplay; clipboard-write; encrypted-media; gyroscope; picture-in-picture; web-share\" referrerpolicy=\"strict-origin-when-cross-origin\" allowfullscreen><\/iframe>\n<\/div><figcaption class=\"wp-element-caption\"><strong>In der fintster (Jacinta)<\/strong><\/figcaption><\/figure>\n<\/div>\n\n\n\n<div class=\"wp-block-column is-layout-flow wp-block-column-is-layout-flow\">\n<figure class=\"wp-block-embed is-type-video is-provider-youtube wp-block-embed-youtube wp-embed-aspect-16-9 wp-has-aspect-ratio\"><div class=\"wp-block-embed__wrapper\">\n<iframe title=\"CRIADOR, hasta cu\u00e1ndo,  BORE AD ANA\" width=\"640\" height=\"360\" src=\"https:\/\/www.youtube.com\/embed\/1wmcnh41eF4?feature=oembed\" frameborder=\"0\" allow=\"accelerometer; autoplay; clipboard-write; encrypted-media; gyroscope; picture-in-picture; web-share\" referrerpolicy=\"strict-origin-when-cross-origin\" allowfullscreen><\/iframe>\n<\/div><figcaption class=\"wp-element-caption\"><strong>Criador, hasta cu\u00e1ndo (Jacinta)<\/strong><\/figcaption><\/figure>\n<\/div>\n<\/div>\n\n\n\n<figure class=\"wp-block-embed aligncenter is-provider-youtube wp-block-embed-youtube\"><div class=\"wp-block-embed__wrapper\">\n<iframe title=\"sur un saule pleureur\" width=\"640\" height=\"360\" src=\"https:\/\/www.youtube.com\/embed\/TQzcqgLbZRg?feature=oembed\" frameborder=\"0\" allow=\"accelerometer; autoplay; clipboard-write; encrypted-media; gyroscope; picture-in-picture; web-share\" referrerpolicy=\"strict-origin-when-cross-origin\" allowfullscreen><\/iframe> \n<\/div><\/figure>\n\n\n<p style=\"text-align: left;\"><strong>Sur un saule pleureur (Jacinta)<\/strong><\/p><div class=\"speaker-mute footnotes_reference_container\"> <div class=\"footnote_container_prepare\"><p><span role=\"button\" tabindex=\"0\" class=\"footnote_reference_container_label pointer\" onclick=\"footnote_expand_collapse_reference_container_92980_1();\">&#x202F;<\/span><span role=\"button\" tabindex=\"0\" class=\"footnote_reference_container_collapse_button\" style=\"display: none;\" onclick=\"footnote_expand_collapse_reference_container_92980_1();\">[<a id=\"footnote_reference_container_collapse_button_92980_1\">+<\/a>]<\/span><\/p><\/div> <div id=\"footnote_references_container_92980_1\" style=\"\"><table class=\"footnotes_table footnote-reference-container\"><caption class=\"accessibility\">References<\/caption> <tbody> \r\n\r\n<tr class=\"footnotes_plugin_reference_row\"> <th scope=\"row\" class=\"footnote_plugin_index_combi pointer\"  onclick=\"footnote_moveToAnchor_92980_1('footnote_plugin_tooltip_92980_1_1');\"><a id=\"footnote_plugin_reference_92980_1_1\" class=\"footnote_backlink\">1<\/a><\/th> <td class=\"footnote_plugin_text\">Extracto de los correos electr\u00f3nicos de Jacinta a Herv\u00e9 Roten, 8 de octubre de 2021 y 18 de enero de 2023<\/td><\/tr>\r\n\r\n<tr class=\"footnotes_plugin_reference_row\"> <th scope=\"row\" class=\"footnote_plugin_index_combi pointer\"  onclick=\"footnote_moveToAnchor_92980_1('footnote_plugin_tooltip_92980_1_2');\"><a id=\"footnote_plugin_reference_92980_1_2\" class=\"footnote_backlink\">2<\/a><\/th> <td class=\"footnote_plugin_text\">Jacinta ha puesto m\u00fasica, en particular, a dos poemas de una de sus coristas, amiga suya, Catherine Franck, fallecida en 2022: <em>Les ateliers de couture<\/em> y <em>Tissages d&#8217;Heun&#8217;chy<\/em><\/td><\/tr>\r\n\r\n<tr class=\"footnotes_plugin_reference_row\"> <th scope=\"row\" class=\"footnote_plugin_index_combi pointer\"  onclick=\"footnote_moveToAnchor_92980_1('footnote_plugin_tooltip_92980_1_3');\"><a id=\"footnote_plugin_reference_92980_1_3\" class=\"footnote_backlink\">3<\/a><\/th> <td class=\"footnote_plugin_text\">Extracto de un correo electr\u00f3nico de Jacinta a Herv\u00e9 Roten fechado el 8 de octubre de 2021<\/td><\/tr>\r\n\r\n<tr class=\"footnotes_plugin_reference_row\"> <th scope=\"row\" class=\"footnote_plugin_index_combi pointer\"  onclick=\"footnote_moveToAnchor_92980_1('footnote_plugin_tooltip_92980_1_4');\"><a id=\"footnote_plugin_reference_92980_1_4\" class=\"footnote_backlink\">4<\/a><\/th> <td class=\"footnote_plugin_text\">El Premio Ydl Korman se concede por actividades en favor de la cultura yiddish en todos los campos, Arte, Literatura, Escultura, M\u00fasica, Historia, Shoah, etc., desde 1986<\/td><\/tr>\r\n\r\n<tr class=\"footnotes_plugin_reference_row\"> <th scope=\"row\" class=\"footnote_plugin_index_combi pointer\"  onclick=\"footnote_moveToAnchor_92980_1('footnote_plugin_tooltip_92980_1_5');\"><a id=\"footnote_plugin_reference_92980_1_5\" class=\"footnote_backlink\">5<\/a><\/th> <td class=\"footnote_plugin_text\">El Premio Max Cukierman fue fundado en 1982 por Roger y Henri Cukierman para perpetuar la memoria de sus padres y su apego a la cultura yiddish<\/td><\/tr>\r\n\r\n <\/tbody> <\/table> <\/div><\/div><script type=\"text\/javascript\"> function footnote_expand_reference_container_92980_1() { jQuery('#footnote_references_container_92980_1').show(); jQuery('#footnote_reference_container_collapse_button_92980_1').text('\u2212'); } function footnote_collapse_reference_container_92980_1() { jQuery('#footnote_references_container_92980_1').hide(); jQuery('#footnote_reference_container_collapse_button_92980_1').text('+'); } function footnote_expand_collapse_reference_container_92980_1() { if (jQuery('#footnote_references_container_92980_1').is(':hidden')) { footnote_expand_reference_container_92980_1(); } else { footnote_collapse_reference_container_92980_1(); } } function footnote_moveToReference_92980_1(p_str_TargetID) { footnote_expand_reference_container_92980_1(); var l_obj_Target = jQuery('#' + p_str_TargetID); if (l_obj_Target.length) { jQuery( 'html, body' ).delay( 0 ); jQuery('html, body').animate({ scrollTop: l_obj_Target.offset().top - window.innerHeight * 0.2 }, 380); } } function footnote_moveToAnchor_92980_1(p_str_TargetID) { footnote_expand_reference_container_92980_1(); var l_obj_Target = jQuery('#' + p_str_TargetID); if (l_obj_Target.length) { jQuery( 'html, body' ).delay( 0 ); jQuery('html, body').animate({ scrollTop: l_obj_Target.offset().top - window.innerHeight * 0.2 }, 380); } }<\/script>","protected":false},"excerpt":{"rendered":"<p>Autora, compositora, arreglista, actriz y cantante, Sof\u00eda Jacinta Szlechtman naci\u00f3 el 30 de septiembre de 1950 en Buenos Aires, en el seno de una familia jud\u00eda ruso-polaca. Sus abuelos maternos<\/p>\n","protected":false},"author":5,"featured_media":92631,"comment_status":"closed","ping_status":"closed","sticky":false,"template":"","format":"standard","meta":{"_acf_changed":false,"footnotes":""},"categories":[1417],"tags":[],"technique":[],"squelettes":[],"sujet":[],"formation":[],"genre":[],"fonds":[],"tradition":[],"type-de-contenu":[],"interprete-compositeur":[],"frise":[],"type-devenement":[],"tableaux-liens-externes":[],"class_list":["post-92980","post","type-post","status-publish","format-standard","has-post-thumbnail","hentry","category-biografias-es"],"acf":[],"yoast_head":"<!-- This site is optimized with the Yoast SEO plugin v27.3 - https:\/\/yoast.com\/product\/yoast-seo-wordpress\/ -->\n<title>Jacinta - Institut Europ\u00e9en des Musiques Juives<\/title>\n<meta name=\"robots\" content=\"index, follow, max-snippet:-1, max-image-preview:large, max-video-preview:-1\" \/>\n<link rel=\"canonical\" href=\"https:\/\/www.iemj.org\/es\/jacinta-5\/\" \/>\n<meta property=\"og:locale\" content=\"es_ES\" \/>\n<meta property=\"og:type\" content=\"article\" \/>\n<meta property=\"og:title\" content=\"Jacinta - Institut Europ\u00e9en des Musiques Juives\" \/>\n<meta property=\"og:description\" content=\"Autora, compositora, arreglista, actriz y cantante, Sof\u00eda Jacinta Szlechtman naci\u00f3 el 30 de septiembre de 1950 en Buenos Aires, en el seno de una familia jud\u00eda ruso-polaca. Sus abuelos maternos\" \/>\n<meta property=\"og:url\" content=\"https:\/\/www.iemj.org\/es\/jacinta-5\/\" \/>\n<meta property=\"og:site_name\" content=\"Institut Europ\u00e9en des Musiques Juives\" \/>\n<meta property=\"article:publisher\" content=\"https:\/\/www.facebook.com\/MusiquesJuives\/\" \/>\n<meta property=\"article:published_time\" content=\"2023-01-19T14:58:08+00:00\" \/>\n<meta property=\"article:modified_time\" content=\"2023-01-24T14:55:25+00:00\" \/>\n<meta property=\"og:image\" content=\"https:\/\/www.iemj.org\/wp-content\/uploads\/2023\/01\/Logo-bio-Jacinta.jpg\" \/>\n\t<meta property=\"og:image:width\" content=\"144\" \/>\n\t<meta property=\"og:image:height\" content=\"218\" \/>\n\t<meta property=\"og:image:type\" content=\"image\/jpeg\" \/>\n<meta name=\"author\" content=\"Jacqueline ROTEN\" \/>\n<meta name=\"twitter:card\" content=\"summary_large_image\" \/>\n<meta name=\"twitter:label1\" content=\"Escrito por\" \/>\n\t<meta name=\"twitter:data1\" content=\"Jacqueline ROTEN\" \/>\n\t<meta name=\"twitter:label2\" content=\"Tiempo de lectura\" \/>\n\t<meta name=\"twitter:data2\" content=\"8 minutos\" \/>\n<script type=\"application\/ld+json\" class=\"yoast-schema-graph\">{\"@context\":\"https:\\\/\\\/schema.org\",\"@graph\":[{\"@type\":\"Article\",\"@id\":\"https:\\\/\\\/www.iemj.org\\\/es\\\/jacinta-5\\\/#article\",\"isPartOf\":{\"@id\":\"https:\\\/\\\/www.iemj.org\\\/es\\\/jacinta-5\\\/\"},\"author\":{\"name\":\"Jacqueline ROTEN\",\"@id\":\"https:\\\/\\\/www.iemj.org\\\/es\\\/#\\\/schema\\\/person\\\/358e26c18aca017fcc4cc15437f7279c\"},\"headline\":\"Jacinta\",\"datePublished\":\"2023-01-19T14:58:08+00:00\",\"dateModified\":\"2023-01-24T14:55:25+00:00\",\"mainEntityOfPage\":{\"@id\":\"https:\\\/\\\/www.iemj.org\\\/es\\\/jacinta-5\\\/\"},\"wordCount\":1217,\"publisher\":{\"@id\":\"https:\\\/\\\/www.iemj.org\\\/es\\\/#organization\"},\"image\":{\"@id\":\"https:\\\/\\\/www.iemj.org\\\/es\\\/jacinta-5\\\/#primaryimage\"},\"thumbnailUrl\":\"https:\\\/\\\/www.iemj.org\\\/wp-content\\\/uploads\\\/2023\\\/01\\\/Logo-bio-Jacinta.jpg\",\"articleSection\":[\"Biograf\u00edas\"],\"inLanguage\":\"es\"},{\"@type\":\"WebPage\",\"@id\":\"https:\\\/\\\/www.iemj.org\\\/es\\\/jacinta-5\\\/\",\"url\":\"https:\\\/\\\/www.iemj.org\\\/es\\\/jacinta-5\\\/\",\"name\":\"Jacinta - Institut Europ\u00e9en des Musiques Juives\",\"isPartOf\":{\"@id\":\"https:\\\/\\\/www.iemj.org\\\/es\\\/#website\"},\"primaryImageOfPage\":{\"@id\":\"https:\\\/\\\/www.iemj.org\\\/es\\\/jacinta-5\\\/#primaryimage\"},\"image\":{\"@id\":\"https:\\\/\\\/www.iemj.org\\\/es\\\/jacinta-5\\\/#primaryimage\"},\"thumbnailUrl\":\"https:\\\/\\\/www.iemj.org\\\/wp-content\\\/uploads\\\/2023\\\/01\\\/Logo-bio-Jacinta.jpg\",\"datePublished\":\"2023-01-19T14:58:08+00:00\",\"dateModified\":\"2023-01-24T14:55:25+00:00\",\"breadcrumb\":{\"@id\":\"https:\\\/\\\/www.iemj.org\\\/es\\\/jacinta-5\\\/#breadcrumb\"},\"inLanguage\":\"es\",\"potentialAction\":[{\"@type\":\"ReadAction\",\"target\":[\"https:\\\/\\\/www.iemj.org\\\/es\\\/jacinta-5\\\/\"]}]},{\"@type\":\"ImageObject\",\"inLanguage\":\"es\",\"@id\":\"https:\\\/\\\/www.iemj.org\\\/es\\\/jacinta-5\\\/#primaryimage\",\"url\":\"https:\\\/\\\/www.iemj.org\\\/wp-content\\\/uploads\\\/2023\\\/01\\\/Logo-bio-Jacinta.jpg\",\"contentUrl\":\"https:\\\/\\\/www.iemj.org\\\/wp-content\\\/uploads\\\/2023\\\/01\\\/Logo-bio-Jacinta.jpg\",\"width\":144,\"height\":218},{\"@type\":\"BreadcrumbList\",\"@id\":\"https:\\\/\\\/www.iemj.org\\\/es\\\/jacinta-5\\\/#breadcrumb\",\"itemListElement\":[{\"@type\":\"ListItem\",\"position\":1,\"name\":\"Accueil\",\"item\":\"https:\\\/\\\/www.iemj.org\\\/es\\\/\"},{\"@type\":\"ListItem\",\"position\":2,\"name\":\"Jacinta\"}]},{\"@type\":\"WebSite\",\"@id\":\"https:\\\/\\\/www.iemj.org\\\/es\\\/#website\",\"url\":\"https:\\\/\\\/www.iemj.org\\\/es\\\/\",\"name\":\"Institut Europ\u00e9en des Musiques Juives\",\"description\":\"Des traditions musicales \u00e0 la port\u00e9e de tous\",\"publisher\":{\"@id\":\"https:\\\/\\\/www.iemj.org\\\/es\\\/#organization\"},\"potentialAction\":[{\"@type\":\"SearchAction\",\"target\":{\"@type\":\"EntryPoint\",\"urlTemplate\":\"https:\\\/\\\/www.iemj.org\\\/es\\\/?s={search_term_string}\"},\"query-input\":{\"@type\":\"PropertyValueSpecification\",\"valueRequired\":true,\"valueName\":\"search_term_string\"}}],\"inLanguage\":\"es\"},{\"@type\":\"Organization\",\"@id\":\"https:\\\/\\\/www.iemj.org\\\/es\\\/#organization\",\"name\":\"Institut Europ\u00e9en des Musiques Juives\",\"url\":\"https:\\\/\\\/www.iemj.org\\\/es\\\/\",\"logo\":{\"@type\":\"ImageObject\",\"inLanguage\":\"es\",\"@id\":\"https:\\\/\\\/www.iemj.org\\\/es\\\/#\\\/schema\\\/logo\\\/image\\\/\",\"url\":\"https:\\\/\\\/www.iemj.org\\\/wp-content\\\/uploads\\\/2021\\\/09\\\/Logo-IEMJ-Paypal.jpg\",\"contentUrl\":\"https:\\\/\\\/www.iemj.org\\\/wp-content\\\/uploads\\\/2021\\\/09\\\/Logo-IEMJ-Paypal.jpg\",\"width\":150,\"height\":50,\"caption\":\"Institut Europ\u00e9en des Musiques Juives\"},\"image\":{\"@id\":\"https:\\\/\\\/www.iemj.org\\\/es\\\/#\\\/schema\\\/logo\\\/image\\\/\"},\"sameAs\":[\"https:\\\/\\\/www.facebook.com\\\/MusiquesJuives\\\/\",\"https:\\\/\\\/www.instagram.com\\\/musiquesjuives\\\/\",\"https:\\\/\\\/www.youtube.com\\\/user\\\/musiquesjuives\"]},{\"@type\":\"Person\",\"@id\":\"https:\\\/\\\/www.iemj.org\\\/es\\\/#\\\/schema\\\/person\\\/358e26c18aca017fcc4cc15437f7279c\",\"name\":\"Jacqueline ROTEN\",\"image\":{\"@type\":\"ImageObject\",\"inLanguage\":\"es\",\"@id\":\"https:\\\/\\\/secure.gravatar.com\\\/avatar\\\/5964256d6c6957de3a3505278957e0fb2a35119ac47ea41827a65301213c810b?s=96&d=mm&r=g\",\"url\":\"https:\\\/\\\/secure.gravatar.com\\\/avatar\\\/5964256d6c6957de3a3505278957e0fb2a35119ac47ea41827a65301213c810b?s=96&d=mm&r=g\",\"contentUrl\":\"https:\\\/\\\/secure.gravatar.com\\\/avatar\\\/5964256d6c6957de3a3505278957e0fb2a35119ac47ea41827a65301213c810b?s=96&d=mm&r=g\",\"caption\":\"Jacqueline ROTEN\"}}]}<\/script>\n<!-- \/ Yoast SEO plugin. -->","yoast_head_json":{"title":"Jacinta - Institut Europ\u00e9en des Musiques Juives","robots":{"index":"index","follow":"follow","max-snippet":"max-snippet:-1","max-image-preview":"max-image-preview:large","max-video-preview":"max-video-preview:-1"},"canonical":"https:\/\/www.iemj.org\/es\/jacinta-5\/","og_locale":"es_ES","og_type":"article","og_title":"Jacinta - Institut Europ\u00e9en des Musiques Juives","og_description":"Autora, compositora, arreglista, actriz y cantante, Sof\u00eda Jacinta Szlechtman naci\u00f3 el 30 de septiembre de 1950 en Buenos Aires, en el seno de una familia jud\u00eda ruso-polaca. Sus abuelos maternos","og_url":"https:\/\/www.iemj.org\/es\/jacinta-5\/","og_site_name":"Institut Europ\u00e9en des Musiques Juives","article_publisher":"https:\/\/www.facebook.com\/MusiquesJuives\/","article_published_time":"2023-01-19T14:58:08+00:00","article_modified_time":"2023-01-24T14:55:25+00:00","og_image":[{"width":144,"height":218,"url":"https:\/\/www.iemj.org\/wp-content\/uploads\/2023\/01\/Logo-bio-Jacinta.jpg","type":"image\/jpeg"}],"author":"Jacqueline ROTEN","twitter_card":"summary_large_image","twitter_misc":{"Escrito por":"Jacqueline ROTEN","Tiempo de lectura":"8 minutos"},"schema":{"@context":"https:\/\/schema.org","@graph":[{"@type":"Article","@id":"https:\/\/www.iemj.org\/es\/jacinta-5\/#article","isPartOf":{"@id":"https:\/\/www.iemj.org\/es\/jacinta-5\/"},"author":{"name":"Jacqueline ROTEN","@id":"https:\/\/www.iemj.org\/es\/#\/schema\/person\/358e26c18aca017fcc4cc15437f7279c"},"headline":"Jacinta","datePublished":"2023-01-19T14:58:08+00:00","dateModified":"2023-01-24T14:55:25+00:00","mainEntityOfPage":{"@id":"https:\/\/www.iemj.org\/es\/jacinta-5\/"},"wordCount":1217,"publisher":{"@id":"https:\/\/www.iemj.org\/es\/#organization"},"image":{"@id":"https:\/\/www.iemj.org\/es\/jacinta-5\/#primaryimage"},"thumbnailUrl":"https:\/\/www.iemj.org\/wp-content\/uploads\/2023\/01\/Logo-bio-Jacinta.jpg","articleSection":["Biograf\u00edas"],"inLanguage":"es"},{"@type":"WebPage","@id":"https:\/\/www.iemj.org\/es\/jacinta-5\/","url":"https:\/\/www.iemj.org\/es\/jacinta-5\/","name":"Jacinta - Institut Europ\u00e9en des Musiques Juives","isPartOf":{"@id":"https:\/\/www.iemj.org\/es\/#website"},"primaryImageOfPage":{"@id":"https:\/\/www.iemj.org\/es\/jacinta-5\/#primaryimage"},"image":{"@id":"https:\/\/www.iemj.org\/es\/jacinta-5\/#primaryimage"},"thumbnailUrl":"https:\/\/www.iemj.org\/wp-content\/uploads\/2023\/01\/Logo-bio-Jacinta.jpg","datePublished":"2023-01-19T14:58:08+00:00","dateModified":"2023-01-24T14:55:25+00:00","breadcrumb":{"@id":"https:\/\/www.iemj.org\/es\/jacinta-5\/#breadcrumb"},"inLanguage":"es","potentialAction":[{"@type":"ReadAction","target":["https:\/\/www.iemj.org\/es\/jacinta-5\/"]}]},{"@type":"ImageObject","inLanguage":"es","@id":"https:\/\/www.iemj.org\/es\/jacinta-5\/#primaryimage","url":"https:\/\/www.iemj.org\/wp-content\/uploads\/2023\/01\/Logo-bio-Jacinta.jpg","contentUrl":"https:\/\/www.iemj.org\/wp-content\/uploads\/2023\/01\/Logo-bio-Jacinta.jpg","width":144,"height":218},{"@type":"BreadcrumbList","@id":"https:\/\/www.iemj.org\/es\/jacinta-5\/#breadcrumb","itemListElement":[{"@type":"ListItem","position":1,"name":"Accueil","item":"https:\/\/www.iemj.org\/es\/"},{"@type":"ListItem","position":2,"name":"Jacinta"}]},{"@type":"WebSite","@id":"https:\/\/www.iemj.org\/es\/#website","url":"https:\/\/www.iemj.org\/es\/","name":"Institut Europ\u00e9en des Musiques Juives","description":"Des traditions musicales \u00e0 la port\u00e9e de tous","publisher":{"@id":"https:\/\/www.iemj.org\/es\/#organization"},"potentialAction":[{"@type":"SearchAction","target":{"@type":"EntryPoint","urlTemplate":"https:\/\/www.iemj.org\/es\/?s={search_term_string}"},"query-input":{"@type":"PropertyValueSpecification","valueRequired":true,"valueName":"search_term_string"}}],"inLanguage":"es"},{"@type":"Organization","@id":"https:\/\/www.iemj.org\/es\/#organization","name":"Institut Europ\u00e9en des Musiques Juives","url":"https:\/\/www.iemj.org\/es\/","logo":{"@type":"ImageObject","inLanguage":"es","@id":"https:\/\/www.iemj.org\/es\/#\/schema\/logo\/image\/","url":"https:\/\/www.iemj.org\/wp-content\/uploads\/2021\/09\/Logo-IEMJ-Paypal.jpg","contentUrl":"https:\/\/www.iemj.org\/wp-content\/uploads\/2021\/09\/Logo-IEMJ-Paypal.jpg","width":150,"height":50,"caption":"Institut Europ\u00e9en des Musiques Juives"},"image":{"@id":"https:\/\/www.iemj.org\/es\/#\/schema\/logo\/image\/"},"sameAs":["https:\/\/www.facebook.com\/MusiquesJuives\/","https:\/\/www.instagram.com\/musiquesjuives\/","https:\/\/www.youtube.com\/user\/musiquesjuives"]},{"@type":"Person","@id":"https:\/\/www.iemj.org\/es\/#\/schema\/person\/358e26c18aca017fcc4cc15437f7279c","name":"Jacqueline ROTEN","image":{"@type":"ImageObject","inLanguage":"es","@id":"https:\/\/secure.gravatar.com\/avatar\/5964256d6c6957de3a3505278957e0fb2a35119ac47ea41827a65301213c810b?s=96&d=mm&r=g","url":"https:\/\/secure.gravatar.com\/avatar\/5964256d6c6957de3a3505278957e0fb2a35119ac47ea41827a65301213c810b?s=96&d=mm&r=g","contentUrl":"https:\/\/secure.gravatar.com\/avatar\/5964256d6c6957de3a3505278957e0fb2a35119ac47ea41827a65301213c810b?s=96&d=mm&r=g","caption":"Jacqueline ROTEN"}}]}},"_links":{"self":[{"href":"https:\/\/www.iemj.org\/es\/wp-json\/wp\/v2\/posts\/92980","targetHints":{"allow":["GET"]}}],"collection":[{"href":"https:\/\/www.iemj.org\/es\/wp-json\/wp\/v2\/posts"}],"about":[{"href":"https:\/\/www.iemj.org\/es\/wp-json\/wp\/v2\/types\/post"}],"author":[{"embeddable":true,"href":"https:\/\/www.iemj.org\/es\/wp-json\/wp\/v2\/users\/5"}],"replies":[{"embeddable":true,"href":"https:\/\/www.iemj.org\/es\/wp-json\/wp\/v2\/comments?post=92980"}],"version-history":[{"count":0,"href":"https:\/\/www.iemj.org\/es\/wp-json\/wp\/v2\/posts\/92980\/revisions"}],"wp:featuredmedia":[{"embeddable":true,"href":"https:\/\/www.iemj.org\/es\/wp-json\/wp\/v2\/media\/92631"}],"wp:attachment":[{"href":"https:\/\/www.iemj.org\/es\/wp-json\/wp\/v2\/media?parent=92980"}],"wp:term":[{"taxonomy":"category","embeddable":true,"href":"https:\/\/www.iemj.org\/es\/wp-json\/wp\/v2\/categories?post=92980"},{"taxonomy":"post_tag","embeddable":true,"href":"https:\/\/www.iemj.org\/es\/wp-json\/wp\/v2\/tags?post=92980"},{"taxonomy":"technique","embeddable":true,"href":"https:\/\/www.iemj.org\/es\/wp-json\/wp\/v2\/technique?post=92980"},{"taxonomy":"squelettes","embeddable":true,"href":"https:\/\/www.iemj.org\/es\/wp-json\/wp\/v2\/squelettes?post=92980"},{"taxonomy":"sujet","embeddable":true,"href":"https:\/\/www.iemj.org\/es\/wp-json\/wp\/v2\/sujet?post=92980"},{"taxonomy":"formation","embeddable":true,"href":"https:\/\/www.iemj.org\/es\/wp-json\/wp\/v2\/formation?post=92980"},{"taxonomy":"genre","embeddable":true,"href":"https:\/\/www.iemj.org\/es\/wp-json\/wp\/v2\/genre?post=92980"},{"taxonomy":"fonds","embeddable":true,"href":"https:\/\/www.iemj.org\/es\/wp-json\/wp\/v2\/fonds?post=92980"},{"taxonomy":"tradition","embeddable":true,"href":"https:\/\/www.iemj.org\/es\/wp-json\/wp\/v2\/tradition?post=92980"},{"taxonomy":"type-de-contenu","embeddable":true,"href":"https:\/\/www.iemj.org\/es\/wp-json\/wp\/v2\/type-de-contenu?post=92980"},{"taxonomy":"interprete-compositeur","embeddable":true,"href":"https:\/\/www.iemj.org\/es\/wp-json\/wp\/v2\/interprete-compositeur?post=92980"},{"taxonomy":"frise","embeddable":true,"href":"https:\/\/www.iemj.org\/es\/wp-json\/wp\/v2\/frise?post=92980"},{"taxonomy":"type-devenement","embeddable":true,"href":"https:\/\/www.iemj.org\/es\/wp-json\/wp\/v2\/type-devenement?post=92980"},{"taxonomy":"tableaux-liens-externes","embeddable":true,"href":"https:\/\/www.iemj.org\/es\/wp-json\/wp\/v2\/tableaux-liens-externes?post=92980"}],"curies":[{"name":"wp","href":"https:\/\/api.w.org\/{rel}","templated":true}]}}