{"id":93442,"date":"2023-02-01T16:35:13","date_gmt":"2023-02-01T15:35:13","guid":{"rendered":"https:\/\/www.iemj.org\/tsuzamen-sirba-octet\/"},"modified":"2025-10-19T17:50:57","modified_gmt":"2025-10-19T15:50:57","slug":"tsuzamen-sirba-octet","status":"publish","type":"post","link":"https:\/\/www.iemj.org\/es\/tsuzamen-sirba-octet\/","title":{"rendered":"Tsuzamen &#8211;\u00a0Sirba Octet"},"content":{"rendered":"<p><strong>Armenian, Yiddish and Gypsy Music<\/strong><br \/>Sirba Records, janvier 2023<\/p>\n<p><!--more--><\/p>\n<p>Tsuzamen (que significa \u00bb ensemble \u00bb en yiddish) es el s\u00e9ptimo \u00e1lbum del <a href=\"https:\/\/www.iemj.org\/es\/sirba-octet-2\/\" target=\"_blank\" rel=\"noopener\">Sirba Octet<\/a>, un grupo fundado en 2003 por el violinista Richard Schmoucler, que quer\u00eda combinar la m\u00fasica cl\u00e1sica con la m\u00fasica tradicional de Europa del Este. El resultado es un universo musical muy especial que Richard Schmouclerc describe como \u00abMundo Cl\u00e1sico\u00bb.<\/p>\n<p>Este s\u00e9ptimo CD, que re\u00fane a los excelentes m\u00fasicos de la Orquesta de Par\u00eds, al cimbalista tradicional Iurie Morar y a los arreglos siempre extravagantes de Cyrille Lehn, es una aut\u00e9ntica delicia para el oyente que viaja a trav\u00e9s de la m\u00fasica de los armenios, los jud\u00edos y los roman\u00edes: tres pueblos que han conocido el exilio y cuyos caminos se trazan y se cruzan a trav\u00e9s de Europa.<\/p>\n<p>Tsuzamen fue concebido originalmente para ser interpretado en gran formato, con la participaci\u00f3n de un coro de ni\u00f1os junto a los ocho m\u00fasicos del ensemble. El Coro de Ni\u00f1os de la Orquesta de Par\u00eds se inici\u00f3 as\u00ed en las canciones de tres culturas y lenguas diferentes. En la m\u00fasica yiddish, el canto acompa\u00f1a las celebraciones, los rituales y el ritmo de los eventos de la vida. La m\u00fasica armenia, mezcla de folclore y m\u00fasica sacra, evoca espiritualidad, filosof\u00eda y lirismo. La m\u00fasica gitana revela una gran diversidad de formas, fuentes y contenidos. Se ha nutrido de la m\u00fasica de los pueblos ind\u00edgenas que los roman\u00edes, gitanos y manouches sol\u00edan encontrar en sus vidas n\u00f3madas.<\/p>\n<p>En la versi\u00f3n CD, el coro est\u00e1 desgraciadamente ausente, pero la vivacidad y la paleta expresiva de los m\u00fasicos nos hacen traspasar las fronteras y permitir que las m\u00fasicas -armenia, jud\u00eda, gitana- confraternicen en ritmo y color.<\/p>\n<p>\u00a1Un viaje intenso y cautivador!<\/p>\n<p><strong>El Sirba Octet se compone de:<\/strong><br \/>Richard Schmoucler, viol\u00edn y director art\u00edstico<br \/>Laurent Manaud-Pallas, viol\u00edn <br \/>Gr\u00e9goire Vecchioni, viola<br \/>Claude Giron, violonchelo<br \/>Bernard Cazauran, contrabajo<br \/>Philippe Berrod, clarinete<br \/>Christophe Henry, piano<br \/>Iurie Morar, cymbalum<br \/>Cyrille Lehn, arreglista<\/p>\n<ul>\n<li><a href=\"https:\/\/www.sirbaoctet.com\/en\/disque\/tsuzamen\/\" target=\"_blank\" rel=\"noopener\">Pedir el disco Tsuzamen<\/a><\/li>\n<li><a href=\"https:\/\/www.sirbaoctet.com\/en\/\" target=\"_blank\" rel=\"noopener\">Visitar el sitio web del Sirba Octet<\/a><\/li>\n<li><a href=\"https:\/\/www.iemj.org\/interprete-compositor\/sirba-octet-es\/\" target=\"_blank\" rel=\"noopener\">Descubra los otros CD del Sirba Octet en la web del IEMJ<\/a><\/li>\n<li><a href=\"https:\/\/www.iemj.org\/es\/les-chemins-du-klezmer-sirba-octet-ou-la-classique-world\/\" target=\"_blank\" rel=\"noopener\">Escuchar el programa de radio de Herv\u00e9 Roten: Les chemins du klezmer : Sirba Octet ou la Classique World<\/a><\/li>\n<li><a href=\"https:\/\/www.iemj.org\/es\/concert-sirba-octet-2\/\" target=\"_blank\" rel=\"noopener\">Ver extractos de v\u00eddeo del concierto \u00abSirba Octet &#8211; A yiddishe Mame\u00bb dado en 2012 en la sinagoga ULIF-Copernic<\/a><\/li>\n<\/ul>\n\n\n<figure class=\"wp-block-embed is-provider-youtube wp-block-embed-youtube\"><div class=\"wp-block-embed__wrapper\">\n<iframe title=\"TSUZAMEN - Sirba Octet - Ch\u0153ur d\u2019enfants de l\u2019Orchestre de Paris (4K)\" width=\"640\" height=\"360\" src=\"https:\/\/www.youtube.com\/embed\/K4tnKFSlmFo?feature=oembed\" frameborder=\"0\" allow=\"accelerometer; autoplay; clipboard-write; encrypted-media; gyroscope; picture-in-picture; web-share\" referrerpolicy=\"strict-origin-when-cross-origin\" allowfullscreen><\/iframe> \n<\/div><\/figure>\n\n\n<div class=\"wp-block-image\">\n<figure class=\"aligncenter size-large\"><img fetchpriority=\"high\" decoding=\"async\" width=\"1024\" height=\"133\" src=\"https:\/\/www.iemj.org\/wp-content\/uploads\/2024\/03\/AUDIO-PLAYER-1024x133.png\" alt=\"\" class=\"wp-image-110610\" srcset=\"https:\/\/www.iemj.org\/wp-content\/uploads\/2024\/03\/AUDIO-PLAYER-1024x133.png 1024w, https:\/\/www.iemj.org\/wp-content\/uploads\/2024\/03\/AUDIO-PLAYER-300x39.png 300w, https:\/\/www.iemj.org\/wp-content\/uploads\/2024\/03\/AUDIO-PLAYER-768x100.png 768w, https:\/\/www.iemj.org\/wp-content\/uploads\/2024\/03\/AUDIO-PLAYER-600x78.png 600w, https:\/\/www.iemj.org\/wp-content\/uploads\/2024\/03\/AUDIO-PLAYER.png 1210w\" sizes=\"(max-width: 1024px) 100vw, 1024px\" \/><\/figure>\n<\/div>","protected":false},"excerpt":{"rendered":"<p>Armenian, Yiddish and Gypsy MusicSirba Records, janvier 2023<\/p>\n","protected":false},"author":5,"featured_media":93433,"comment_status":"closed","ping_status":"closed","sticky":false,"template":"","format":"standard","meta":{"_acf_changed":false,"footnotes":""},"categories":[1568,1565],"tags":[],"technique":[],"squelettes":[],"sujet":[],"formation":[],"genre":[1863],"fonds":[],"tradition":[],"type-de-contenu":[],"interprete-compositeur":[3304],"frise":[],"type-devenement":[],"tableaux-liens-externes":[],"class_list":["post-93442","post","type-post","status-publish","format-standard","has-post-thumbnail","hentry","category-cd-es","category-ultimas-adquisiciones-es","genre-yiddish-es","interprete-compositeur-sirba-octet-es"],"acf":[],"yoast_head":"<!-- This site is optimized with the Yoast SEO plugin v27.3 - https:\/\/yoast.com\/product\/yoast-seo-wordpress\/ -->\n<title>Tsuzamen -\u00a0Sirba Octet - Institut Europ\u00e9en des Musiques Juives<\/title>\n<meta name=\"robots\" content=\"index, follow, max-snippet:-1, max-image-preview:large, max-video-preview:-1\" \/>\n<link rel=\"canonical\" href=\"https:\/\/www.iemj.org\/es\/tsuzamen-sirba-octet\/\" \/>\n<meta property=\"og:locale\" content=\"es_ES\" \/>\n<meta property=\"og:type\" content=\"article\" \/>\n<meta property=\"og:title\" content=\"Tsuzamen -\u00a0Sirba Octet - Institut Europ\u00e9en des Musiques Juives\" \/>\n<meta property=\"og:description\" content=\"Armenian, Yiddish and Gypsy MusicSirba Records, janvier 2023\" \/>\n<meta property=\"og:url\" content=\"https:\/\/www.iemj.org\/es\/tsuzamen-sirba-octet\/\" \/>\n<meta property=\"og:site_name\" content=\"Institut Europ\u00e9en des Musiques Juives\" \/>\n<meta property=\"article:publisher\" content=\"https:\/\/www.facebook.com\/MusiquesJuives\/\" \/>\n<meta property=\"article:published_time\" content=\"2023-02-01T15:35:13+00:00\" \/>\n<meta property=\"article:modified_time\" content=\"2025-10-19T15:50:57+00:00\" \/>\n<meta property=\"og:image\" content=\"https:\/\/www.iemj.org\/wp-content\/uploads\/2023\/02\/cover-440x440-1.jpg\" \/>\n\t<meta property=\"og:image:width\" content=\"440\" \/>\n\t<meta property=\"og:image:height\" content=\"440\" \/>\n\t<meta property=\"og:image:type\" content=\"image\/jpeg\" \/>\n<meta name=\"author\" content=\"Jacqueline ROTEN\" \/>\n<meta name=\"twitter:card\" content=\"summary_large_image\" \/>\n<meta name=\"twitter:label1\" content=\"Escrito por\" \/>\n\t<meta name=\"twitter:data1\" content=\"Jacqueline ROTEN\" \/>\n\t<meta name=\"twitter:label2\" content=\"Tiempo de lectura\" \/>\n\t<meta name=\"twitter:data2\" content=\"3 minutos\" \/>\n<script type=\"application\/ld+json\" class=\"yoast-schema-graph\">{\"@context\":\"https:\\\/\\\/schema.org\",\"@graph\":[{\"@type\":\"Article\",\"@id\":\"https:\\\/\\\/www.iemj.org\\\/es\\\/tsuzamen-sirba-octet\\\/#article\",\"isPartOf\":{\"@id\":\"https:\\\/\\\/www.iemj.org\\\/es\\\/tsuzamen-sirba-octet\\\/\"},\"author\":{\"name\":\"Jacqueline ROTEN\",\"@id\":\"https:\\\/\\\/www.iemj.org\\\/es\\\/#\\\/schema\\\/person\\\/358e26c18aca017fcc4cc15437f7279c\"},\"headline\":\"Tsuzamen &#8211;\u00a0Sirba Octet\",\"datePublished\":\"2023-02-01T15:35:13+00:00\",\"dateModified\":\"2025-10-19T15:50:57+00:00\",\"mainEntityOfPage\":{\"@id\":\"https:\\\/\\\/www.iemj.org\\\/es\\\/tsuzamen-sirba-octet\\\/\"},\"wordCount\":422,\"publisher\":{\"@id\":\"https:\\\/\\\/www.iemj.org\\\/es\\\/#organization\"},\"image\":{\"@id\":\"https:\\\/\\\/www.iemj.org\\\/es\\\/tsuzamen-sirba-octet\\\/#primaryimage\"},\"thumbnailUrl\":\"https:\\\/\\\/www.iemj.org\\\/wp-content\\\/uploads\\\/2023\\\/02\\\/cover-440x440-1.jpg\",\"articleSection\":[\"CD\",\"\u00daltimas adquisiciones\"],\"inLanguage\":\"es\"},{\"@type\":\"WebPage\",\"@id\":\"https:\\\/\\\/www.iemj.org\\\/es\\\/tsuzamen-sirba-octet\\\/\",\"url\":\"https:\\\/\\\/www.iemj.org\\\/es\\\/tsuzamen-sirba-octet\\\/\",\"name\":\"Tsuzamen -\u00a0Sirba Octet - Institut Europ\u00e9en des Musiques Juives\",\"isPartOf\":{\"@id\":\"https:\\\/\\\/www.iemj.org\\\/es\\\/#website\"},\"primaryImageOfPage\":{\"@id\":\"https:\\\/\\\/www.iemj.org\\\/es\\\/tsuzamen-sirba-octet\\\/#primaryimage\"},\"image\":{\"@id\":\"https:\\\/\\\/www.iemj.org\\\/es\\\/tsuzamen-sirba-octet\\\/#primaryimage\"},\"thumbnailUrl\":\"https:\\\/\\\/www.iemj.org\\\/wp-content\\\/uploads\\\/2023\\\/02\\\/cover-440x440-1.jpg\",\"datePublished\":\"2023-02-01T15:35:13+00:00\",\"dateModified\":\"2025-10-19T15:50:57+00:00\",\"breadcrumb\":{\"@id\":\"https:\\\/\\\/www.iemj.org\\\/es\\\/tsuzamen-sirba-octet\\\/#breadcrumb\"},\"inLanguage\":\"es\",\"potentialAction\":[{\"@type\":\"ReadAction\",\"target\":[\"https:\\\/\\\/www.iemj.org\\\/es\\\/tsuzamen-sirba-octet\\\/\"]}]},{\"@type\":\"ImageObject\",\"inLanguage\":\"es\",\"@id\":\"https:\\\/\\\/www.iemj.org\\\/es\\\/tsuzamen-sirba-octet\\\/#primaryimage\",\"url\":\"https:\\\/\\\/www.iemj.org\\\/wp-content\\\/uploads\\\/2023\\\/02\\\/cover-440x440-1.jpg\",\"contentUrl\":\"https:\\\/\\\/www.iemj.org\\\/wp-content\\\/uploads\\\/2023\\\/02\\\/cover-440x440-1.jpg\",\"width\":440,\"height\":440},{\"@type\":\"BreadcrumbList\",\"@id\":\"https:\\\/\\\/www.iemj.org\\\/es\\\/tsuzamen-sirba-octet\\\/#breadcrumb\",\"itemListElement\":[{\"@type\":\"ListItem\",\"position\":1,\"name\":\"Accueil\",\"item\":\"https:\\\/\\\/www.iemj.org\\\/es\\\/\"},{\"@type\":\"ListItem\",\"position\":2,\"name\":\"Tsuzamen &#8211;\u00a0Sirba Octet\"}]},{\"@type\":\"WebSite\",\"@id\":\"https:\\\/\\\/www.iemj.org\\\/es\\\/#website\",\"url\":\"https:\\\/\\\/www.iemj.org\\\/es\\\/\",\"name\":\"Institut Europ\u00e9en des Musiques Juives\",\"description\":\"Des traditions musicales \u00e0 la port\u00e9e de tous\",\"publisher\":{\"@id\":\"https:\\\/\\\/www.iemj.org\\\/es\\\/#organization\"},\"potentialAction\":[{\"@type\":\"SearchAction\",\"target\":{\"@type\":\"EntryPoint\",\"urlTemplate\":\"https:\\\/\\\/www.iemj.org\\\/es\\\/?s={search_term_string}\"},\"query-input\":{\"@type\":\"PropertyValueSpecification\",\"valueRequired\":true,\"valueName\":\"search_term_string\"}}],\"inLanguage\":\"es\"},{\"@type\":\"Organization\",\"@id\":\"https:\\\/\\\/www.iemj.org\\\/es\\\/#organization\",\"name\":\"Institut Europ\u00e9en des Musiques Juives\",\"url\":\"https:\\\/\\\/www.iemj.org\\\/es\\\/\",\"logo\":{\"@type\":\"ImageObject\",\"inLanguage\":\"es\",\"@id\":\"https:\\\/\\\/www.iemj.org\\\/es\\\/#\\\/schema\\\/logo\\\/image\\\/\",\"url\":\"https:\\\/\\\/www.iemj.org\\\/wp-content\\\/uploads\\\/2021\\\/09\\\/Logo-IEMJ-Paypal.jpg\",\"contentUrl\":\"https:\\\/\\\/www.iemj.org\\\/wp-content\\\/uploads\\\/2021\\\/09\\\/Logo-IEMJ-Paypal.jpg\",\"width\":150,\"height\":50,\"caption\":\"Institut Europ\u00e9en des Musiques Juives\"},\"image\":{\"@id\":\"https:\\\/\\\/www.iemj.org\\\/es\\\/#\\\/schema\\\/logo\\\/image\\\/\"},\"sameAs\":[\"https:\\\/\\\/www.facebook.com\\\/MusiquesJuives\\\/\",\"https:\\\/\\\/www.instagram.com\\\/musiquesjuives\\\/\",\"https:\\\/\\\/www.youtube.com\\\/user\\\/musiquesjuives\"]},{\"@type\":\"Person\",\"@id\":\"https:\\\/\\\/www.iemj.org\\\/es\\\/#\\\/schema\\\/person\\\/358e26c18aca017fcc4cc15437f7279c\",\"name\":\"Jacqueline ROTEN\",\"image\":{\"@type\":\"ImageObject\",\"inLanguage\":\"es\",\"@id\":\"https:\\\/\\\/secure.gravatar.com\\\/avatar\\\/5964256d6c6957de3a3505278957e0fb2a35119ac47ea41827a65301213c810b?s=96&d=mm&r=g\",\"url\":\"https:\\\/\\\/secure.gravatar.com\\\/avatar\\\/5964256d6c6957de3a3505278957e0fb2a35119ac47ea41827a65301213c810b?s=96&d=mm&r=g\",\"contentUrl\":\"https:\\\/\\\/secure.gravatar.com\\\/avatar\\\/5964256d6c6957de3a3505278957e0fb2a35119ac47ea41827a65301213c810b?s=96&d=mm&r=g\",\"caption\":\"Jacqueline ROTEN\"}}]}<\/script>\n<!-- \/ Yoast SEO plugin. -->","yoast_head_json":{"title":"Tsuzamen -\u00a0Sirba Octet - Institut Europ\u00e9en des Musiques Juives","robots":{"index":"index","follow":"follow","max-snippet":"max-snippet:-1","max-image-preview":"max-image-preview:large","max-video-preview":"max-video-preview:-1"},"canonical":"https:\/\/www.iemj.org\/es\/tsuzamen-sirba-octet\/","og_locale":"es_ES","og_type":"article","og_title":"Tsuzamen -\u00a0Sirba Octet - Institut Europ\u00e9en des Musiques Juives","og_description":"Armenian, Yiddish and Gypsy MusicSirba Records, janvier 2023","og_url":"https:\/\/www.iemj.org\/es\/tsuzamen-sirba-octet\/","og_site_name":"Institut Europ\u00e9en des Musiques Juives","article_publisher":"https:\/\/www.facebook.com\/MusiquesJuives\/","article_published_time":"2023-02-01T15:35:13+00:00","article_modified_time":"2025-10-19T15:50:57+00:00","og_image":[{"width":440,"height":440,"url":"https:\/\/www.iemj.org\/wp-content\/uploads\/2023\/02\/cover-440x440-1.jpg","type":"image\/jpeg"}],"author":"Jacqueline ROTEN","twitter_card":"summary_large_image","twitter_misc":{"Escrito por":"Jacqueline ROTEN","Tiempo de lectura":"3 minutos"},"schema":{"@context":"https:\/\/schema.org","@graph":[{"@type":"Article","@id":"https:\/\/www.iemj.org\/es\/tsuzamen-sirba-octet\/#article","isPartOf":{"@id":"https:\/\/www.iemj.org\/es\/tsuzamen-sirba-octet\/"},"author":{"name":"Jacqueline ROTEN","@id":"https:\/\/www.iemj.org\/es\/#\/schema\/person\/358e26c18aca017fcc4cc15437f7279c"},"headline":"Tsuzamen &#8211;\u00a0Sirba Octet","datePublished":"2023-02-01T15:35:13+00:00","dateModified":"2025-10-19T15:50:57+00:00","mainEntityOfPage":{"@id":"https:\/\/www.iemj.org\/es\/tsuzamen-sirba-octet\/"},"wordCount":422,"publisher":{"@id":"https:\/\/www.iemj.org\/es\/#organization"},"image":{"@id":"https:\/\/www.iemj.org\/es\/tsuzamen-sirba-octet\/#primaryimage"},"thumbnailUrl":"https:\/\/www.iemj.org\/wp-content\/uploads\/2023\/02\/cover-440x440-1.jpg","articleSection":["CD","\u00daltimas adquisiciones"],"inLanguage":"es"},{"@type":"WebPage","@id":"https:\/\/www.iemj.org\/es\/tsuzamen-sirba-octet\/","url":"https:\/\/www.iemj.org\/es\/tsuzamen-sirba-octet\/","name":"Tsuzamen -\u00a0Sirba Octet - Institut Europ\u00e9en des Musiques Juives","isPartOf":{"@id":"https:\/\/www.iemj.org\/es\/#website"},"primaryImageOfPage":{"@id":"https:\/\/www.iemj.org\/es\/tsuzamen-sirba-octet\/#primaryimage"},"image":{"@id":"https:\/\/www.iemj.org\/es\/tsuzamen-sirba-octet\/#primaryimage"},"thumbnailUrl":"https:\/\/www.iemj.org\/wp-content\/uploads\/2023\/02\/cover-440x440-1.jpg","datePublished":"2023-02-01T15:35:13+00:00","dateModified":"2025-10-19T15:50:57+00:00","breadcrumb":{"@id":"https:\/\/www.iemj.org\/es\/tsuzamen-sirba-octet\/#breadcrumb"},"inLanguage":"es","potentialAction":[{"@type":"ReadAction","target":["https:\/\/www.iemj.org\/es\/tsuzamen-sirba-octet\/"]}]},{"@type":"ImageObject","inLanguage":"es","@id":"https:\/\/www.iemj.org\/es\/tsuzamen-sirba-octet\/#primaryimage","url":"https:\/\/www.iemj.org\/wp-content\/uploads\/2023\/02\/cover-440x440-1.jpg","contentUrl":"https:\/\/www.iemj.org\/wp-content\/uploads\/2023\/02\/cover-440x440-1.jpg","width":440,"height":440},{"@type":"BreadcrumbList","@id":"https:\/\/www.iemj.org\/es\/tsuzamen-sirba-octet\/#breadcrumb","itemListElement":[{"@type":"ListItem","position":1,"name":"Accueil","item":"https:\/\/www.iemj.org\/es\/"},{"@type":"ListItem","position":2,"name":"Tsuzamen &#8211;\u00a0Sirba Octet"}]},{"@type":"WebSite","@id":"https:\/\/www.iemj.org\/es\/#website","url":"https:\/\/www.iemj.org\/es\/","name":"Institut Europ\u00e9en des Musiques Juives","description":"Des traditions musicales \u00e0 la port\u00e9e de tous","publisher":{"@id":"https:\/\/www.iemj.org\/es\/#organization"},"potentialAction":[{"@type":"SearchAction","target":{"@type":"EntryPoint","urlTemplate":"https:\/\/www.iemj.org\/es\/?s={search_term_string}"},"query-input":{"@type":"PropertyValueSpecification","valueRequired":true,"valueName":"search_term_string"}}],"inLanguage":"es"},{"@type":"Organization","@id":"https:\/\/www.iemj.org\/es\/#organization","name":"Institut Europ\u00e9en des Musiques Juives","url":"https:\/\/www.iemj.org\/es\/","logo":{"@type":"ImageObject","inLanguage":"es","@id":"https:\/\/www.iemj.org\/es\/#\/schema\/logo\/image\/","url":"https:\/\/www.iemj.org\/wp-content\/uploads\/2021\/09\/Logo-IEMJ-Paypal.jpg","contentUrl":"https:\/\/www.iemj.org\/wp-content\/uploads\/2021\/09\/Logo-IEMJ-Paypal.jpg","width":150,"height":50,"caption":"Institut Europ\u00e9en des Musiques Juives"},"image":{"@id":"https:\/\/www.iemj.org\/es\/#\/schema\/logo\/image\/"},"sameAs":["https:\/\/www.facebook.com\/MusiquesJuives\/","https:\/\/www.instagram.com\/musiquesjuives\/","https:\/\/www.youtube.com\/user\/musiquesjuives"]},{"@type":"Person","@id":"https:\/\/www.iemj.org\/es\/#\/schema\/person\/358e26c18aca017fcc4cc15437f7279c","name":"Jacqueline ROTEN","image":{"@type":"ImageObject","inLanguage":"es","@id":"https:\/\/secure.gravatar.com\/avatar\/5964256d6c6957de3a3505278957e0fb2a35119ac47ea41827a65301213c810b?s=96&d=mm&r=g","url":"https:\/\/secure.gravatar.com\/avatar\/5964256d6c6957de3a3505278957e0fb2a35119ac47ea41827a65301213c810b?s=96&d=mm&r=g","contentUrl":"https:\/\/secure.gravatar.com\/avatar\/5964256d6c6957de3a3505278957e0fb2a35119ac47ea41827a65301213c810b?s=96&d=mm&r=g","caption":"Jacqueline ROTEN"}}]}},"_links":{"self":[{"href":"https:\/\/www.iemj.org\/es\/wp-json\/wp\/v2\/posts\/93442","targetHints":{"allow":["GET"]}}],"collection":[{"href":"https:\/\/www.iemj.org\/es\/wp-json\/wp\/v2\/posts"}],"about":[{"href":"https:\/\/www.iemj.org\/es\/wp-json\/wp\/v2\/types\/post"}],"author":[{"embeddable":true,"href":"https:\/\/www.iemj.org\/es\/wp-json\/wp\/v2\/users\/5"}],"replies":[{"embeddable":true,"href":"https:\/\/www.iemj.org\/es\/wp-json\/wp\/v2\/comments?post=93442"}],"version-history":[{"count":2,"href":"https:\/\/www.iemj.org\/es\/wp-json\/wp\/v2\/posts\/93442\/revisions"}],"predecessor-version":[{"id":127195,"href":"https:\/\/www.iemj.org\/es\/wp-json\/wp\/v2\/posts\/93442\/revisions\/127195"}],"wp:featuredmedia":[{"embeddable":true,"href":"https:\/\/www.iemj.org\/es\/wp-json\/wp\/v2\/media\/93433"}],"wp:attachment":[{"href":"https:\/\/www.iemj.org\/es\/wp-json\/wp\/v2\/media?parent=93442"}],"wp:term":[{"taxonomy":"category","embeddable":true,"href":"https:\/\/www.iemj.org\/es\/wp-json\/wp\/v2\/categories?post=93442"},{"taxonomy":"post_tag","embeddable":true,"href":"https:\/\/www.iemj.org\/es\/wp-json\/wp\/v2\/tags?post=93442"},{"taxonomy":"technique","embeddable":true,"href":"https:\/\/www.iemj.org\/es\/wp-json\/wp\/v2\/technique?post=93442"},{"taxonomy":"squelettes","embeddable":true,"href":"https:\/\/www.iemj.org\/es\/wp-json\/wp\/v2\/squelettes?post=93442"},{"taxonomy":"sujet","embeddable":true,"href":"https:\/\/www.iemj.org\/es\/wp-json\/wp\/v2\/sujet?post=93442"},{"taxonomy":"formation","embeddable":true,"href":"https:\/\/www.iemj.org\/es\/wp-json\/wp\/v2\/formation?post=93442"},{"taxonomy":"genre","embeddable":true,"href":"https:\/\/www.iemj.org\/es\/wp-json\/wp\/v2\/genre?post=93442"},{"taxonomy":"fonds","embeddable":true,"href":"https:\/\/www.iemj.org\/es\/wp-json\/wp\/v2\/fonds?post=93442"},{"taxonomy":"tradition","embeddable":true,"href":"https:\/\/www.iemj.org\/es\/wp-json\/wp\/v2\/tradition?post=93442"},{"taxonomy":"type-de-contenu","embeddable":true,"href":"https:\/\/www.iemj.org\/es\/wp-json\/wp\/v2\/type-de-contenu?post=93442"},{"taxonomy":"interprete-compositeur","embeddable":true,"href":"https:\/\/www.iemj.org\/es\/wp-json\/wp\/v2\/interprete-compositeur?post=93442"},{"taxonomy":"frise","embeddable":true,"href":"https:\/\/www.iemj.org\/es\/wp-json\/wp\/v2\/frise?post=93442"},{"taxonomy":"type-devenement","embeddable":true,"href":"https:\/\/www.iemj.org\/es\/wp-json\/wp\/v2\/type-devenement?post=93442"},{"taxonomy":"tableaux-liens-externes","embeddable":true,"href":"https:\/\/www.iemj.org\/es\/wp-json\/wp\/v2\/tableaux-liens-externes?post=93442"}],"curies":[{"name":"wp","href":"https:\/\/api.w.org\/{rel}","templated":true}]}}