{"id":95017,"date":"2023-02-28T17:16:22","date_gmt":"2023-02-28T16:16:22","guid":{"rendered":"https:\/\/www.iemj.org\/le-chant-liturgique-des-juifs-dethiopie-un-destin-israelien\/"},"modified":"2023-03-01T11:22:42","modified_gmt":"2023-03-01T10:22:42","slug":"le-chant-liturgique-des-juifs-dethiopie-un-destin-israelien","status":"publish","type":"post","link":"https:\/\/www.iemj.org\/es\/le-chant-liturgique-des-juifs-dethiopie-un-destin-israelien\/","title":{"rendered":"El canto lit\u00fargico de los jud\u00edos et\u00edopes: un destino israel\u00ed"},"content":{"rendered":"<p><!--more--><\/p>\n<p><strong>Conferencia musical de Simha Arom y Olivier Tourny<\/strong><br \/>\n<strong>Organizada por el Instituto Europeo de M\u00fasicas Jud\u00edas<\/strong><br \/>\n<strong>En el marco de la 18\u00aa edici\u00f3n del Festival de las Culturas Jud\u00edas<\/strong><\/p>\n<p>Al final de los a\u00f1os ochenta y a lo largo de los noventa, la comunidad jud\u00eda et\u00edope emigr\u00f3 en masa a Israel, cumpliendo el sue\u00f1o de sus antepasados de volver a Jerusal\u00e9n. Sin embargo, debido a unas creencias y pr\u00e1cticas religiosas consideradas arcaicas, se les invit\u00f3 a unirse a un juda\u00edsmo normativo m\u00e1s adaptado al contexto del Israel contempor\u00e1neo. En estas condiciones, Simha Arom puso en marcha un programa de estudio, registro y salvaguardia de este patrimonio, en el que particip\u00f3 un equipo del Centro Franc\u00e9s de Investigaci\u00f3n de Jerusal\u00e9n y de la Universidad Hebrea. Este programa produjo un gran n\u00famero de obras y publicaciones, incluida una antolog\u00eda <a href=\"https:\/\/www.iemj.org\/es\/the-liturgy-of-beta-israel-music-of-the-ethiopian-jewish-prayer\/\">The Liturgy of Beta Israel \u2013 Music of the Ethiopian Jewish Prayer<\/a> publicada en 2018 por el Centro de Investigaci\u00f3n de M\u00fasica Jud\u00eda de la Universidad Hebrea de Jerusal\u00e9n.<\/p>\n<p>Unos treinta a\u00f1os despu\u00e9s, \u00bfqu\u00e9 ha sido de la canci\u00f3n de la comunidad jud\u00eda et\u00edope? Esta presentaci\u00f3n detallar\u00e1 su destino<\/p>\n<p style=\"text-align: center;\">\u2666\u2666\u2666\u2666\u2666\u2666\u2666\u2666\u2666\u2666<\/p>\n<hr>\n<p><strong>Los oradores:<\/strong><\/p>\n<p><img decoding=\"async\" class=\" wp-image-95043 alignright\" src=\"https:\/\/www.iemj.org\/wp-content\/uploads\/2023\/02\/Simha-Arom-300x300.jpg\" alt=\"\" width=\"141\" height=\"141\" srcset=\"https:\/\/www.iemj.org\/wp-content\/uploads\/2023\/02\/Simha-Arom-300x300.jpg 300w, https:\/\/www.iemj.org\/wp-content\/uploads\/2023\/02\/Simha-Arom-150x150.jpg 150w, https:\/\/www.iemj.org\/wp-content\/uploads\/2023\/02\/Simha-Arom-100x100.jpg 100w, https:\/\/www.iemj.org\/wp-content\/uploads\/2023\/02\/Simha-Arom.jpg 330w\" sizes=\"(max-width: 141px) 100vw, 141px\" \/>Director em\u00e9rito de investigaci\u00f3n en el CNRS, Simha Arom es miembro fundador de la Soci\u00e9t\u00e9 fran\u00e7aise d&#8217;ethnomusicologie, la Soci\u00e9t\u00e9 fran\u00e7aise d&#8217;analyse musicale, la European Society for the Cognitive Sciences of Music (ESCOM) y el European Seminar in Ethnomusicology; tambi\u00e9n es miembro de la Soci\u00e9t\u00e9 fran\u00e7aise de musicologie y del Consejo de Administraci\u00f3n del proyecto The Universe of Music (UNESCO). Simha Arom recibi\u00f3 el Premio Antoine Bernheim de la Fondation du Juda\u00efsme fran\u00e7ais en 2014.<\/p>\n<p><img decoding=\"async\" class=\" wp-image-95049 alignright\" src=\"https:\/\/www.iemj.org\/wp-content\/uploads\/2023\/02\/Olivier-Tourny-251x300.jpg\" alt=\"\" width=\"119\" height=\"142\" srcset=\"https:\/\/www.iemj.org\/wp-content\/uploads\/2023\/02\/Olivier-Tourny-251x300.jpg 251w, https:\/\/www.iemj.org\/wp-content\/uploads\/2023\/02\/Olivier-Tourny.jpg 290w\" sizes=\"(max-width: 119px) 100vw, 119px\" \/>Director de investigaci\u00f3n en el CNRS, Olivier Tourny es etnomusic\u00f3logo especializado en m\u00fasica ritual y lit\u00fargica de Etiop\u00eda y Jerusal\u00e9n. Director del programa \u00abEtnomusicolog\u00eda de Etiop\u00eda\u00bb, luego director del Centro Franc\u00e9s de Investigaci\u00f3n en Jerusal\u00e9n, actualmente trabaja en el Institut d\u2019Ethnologie M\u00e9diterran\u00e9enne, Europ\u00e9enne, Comparative d\u2019Aix-Marseille Universit\u00e9.<\/p>\n<p>Moderador: Herv\u00e9 Roten, Director del Instituto Europeo de las M\u00fasicas Jud\u00edas<\/p>\n","protected":false},"excerpt":{"rendered":"","protected":false},"author":5,"featured_media":95009,"comment_status":"closed","ping_status":"closed","sticky":false,"template":"","format":"standard","meta":{"_acf_changed":false,"footnotes":""},"categories":[1384,1372],"tags":[2084,2223],"technique":[],"squelettes":[],"sujet":[],"formation":[],"genre":[],"fonds":[],"tradition":[],"type-de-contenu":[],"interprete-compositeur":[],"frise":[],"type-devenement":[],"tableaux-liens-externes":[],"class_list":["post-95017","post","type-post","status-publish","format-standard","has-post-thumbnail","hentry","category-clases-conferencias-es","category-manifestaciones-es","tag-etiopia-es","tag-eventos-iemj-es"],"acf":[],"yoast_head":"<!-- This site is optimized with the Yoast SEO plugin v27.3 - https:\/\/yoast.com\/product\/yoast-seo-wordpress\/ -->\n<title>El canto lit\u00fargico de los jud\u00edos et\u00edopes: un destino israel\u00ed - Institut Europ\u00e9en des Musiques Juives<\/title>\n<meta name=\"robots\" content=\"index, follow, max-snippet:-1, max-image-preview:large, max-video-preview:-1\" \/>\n<link rel=\"canonical\" href=\"https:\/\/www.iemj.org\/es\/le-chant-liturgique-des-juifs-dethiopie-un-destin-israelien\/\" \/>\n<meta property=\"og:locale\" content=\"es_ES\" \/>\n<meta property=\"og:type\" content=\"article\" \/>\n<meta property=\"og:title\" content=\"El canto lit\u00fargico de los jud\u00edos et\u00edopes: un destino israel\u00ed - Institut Europ\u00e9en des Musiques Juives\" \/>\n<meta property=\"og:url\" content=\"https:\/\/www.iemj.org\/es\/le-chant-liturgique-des-juifs-dethiopie-un-destin-israelien\/\" \/>\n<meta property=\"og:site_name\" content=\"Institut Europ\u00e9en des Musiques Juives\" \/>\n<meta property=\"article:publisher\" content=\"https:\/\/www.facebook.com\/MusiquesJuives\/\" \/>\n<meta property=\"article:published_time\" content=\"2023-02-28T16:16:22+00:00\" \/>\n<meta property=\"article:modified_time\" content=\"2023-03-01T10:22:42+00:00\" \/>\n<meta property=\"og:image\" content=\"https:\/\/www.iemj.org\/wp-content\/uploads\/2023\/02\/Logo-article-Conf.-Chant-Lit-J-Ethiopie.jpg\" \/>\n\t<meta property=\"og:image:width\" content=\"500\" \/>\n\t<meta property=\"og:image:height\" content=\"500\" \/>\n\t<meta property=\"og:image:type\" content=\"image\/jpeg\" \/>\n<meta name=\"author\" content=\"Jacqueline ROTEN\" \/>\n<meta name=\"twitter:card\" content=\"summary_large_image\" \/>\n<meta name=\"twitter:label1\" content=\"Escrito por\" \/>\n\t<meta name=\"twitter:data1\" content=\"Jacqueline ROTEN\" \/>\n\t<meta name=\"twitter:label2\" content=\"Tiempo de lectura\" \/>\n\t<meta name=\"twitter:data2\" content=\"3 minutos\" \/>\n<script type=\"application\/ld+json\" class=\"yoast-schema-graph\">{\"@context\":\"https:\\\/\\\/schema.org\",\"@graph\":[{\"@type\":\"Article\",\"@id\":\"https:\\\/\\\/www.iemj.org\\\/es\\\/le-chant-liturgique-des-juifs-dethiopie-un-destin-israelien\\\/#article\",\"isPartOf\":{\"@id\":\"https:\\\/\\\/www.iemj.org\\\/es\\\/le-chant-liturgique-des-juifs-dethiopie-un-destin-israelien\\\/\"},\"author\":{\"name\":\"Jacqueline ROTEN\",\"@id\":\"https:\\\/\\\/www.iemj.org\\\/es\\\/#\\\/schema\\\/person\\\/358e26c18aca017fcc4cc15437f7279c\"},\"headline\":\"El canto lit\u00fargico de los jud\u00edos et\u00edopes: un destino israel\u00ed\",\"datePublished\":\"2023-02-28T16:16:22+00:00\",\"dateModified\":\"2023-03-01T10:22:42+00:00\",\"mainEntityOfPage\":{\"@id\":\"https:\\\/\\\/www.iemj.org\\\/es\\\/le-chant-liturgique-des-juifs-dethiopie-un-destin-israelien\\\/\"},\"wordCount\":388,\"publisher\":{\"@id\":\"https:\\\/\\\/www.iemj.org\\\/es\\\/#organization\"},\"image\":{\"@id\":\"https:\\\/\\\/www.iemj.org\\\/es\\\/le-chant-liturgique-des-juifs-dethiopie-un-destin-israelien\\\/#primaryimage\"},\"thumbnailUrl\":\"https:\\\/\\\/www.iemj.org\\\/wp-content\\\/uploads\\\/2023\\\/02\\\/Logo-article-Conf.-Chant-Lit-J-Ethiopie.jpg\",\"keywords\":[\"Etiop\u00eda\",\"Eventos IEMJ\"],\"articleSection\":[\"Clases \\\/ Conferencias\",\"Manifestaciones\"],\"inLanguage\":\"es\"},{\"@type\":\"WebPage\",\"@id\":\"https:\\\/\\\/www.iemj.org\\\/es\\\/le-chant-liturgique-des-juifs-dethiopie-un-destin-israelien\\\/\",\"url\":\"https:\\\/\\\/www.iemj.org\\\/es\\\/le-chant-liturgique-des-juifs-dethiopie-un-destin-israelien\\\/\",\"name\":\"El canto lit\u00fargico de los jud\u00edos et\u00edopes: un destino israel\u00ed - Institut Europ\u00e9en des Musiques Juives\",\"isPartOf\":{\"@id\":\"https:\\\/\\\/www.iemj.org\\\/es\\\/#website\"},\"primaryImageOfPage\":{\"@id\":\"https:\\\/\\\/www.iemj.org\\\/es\\\/le-chant-liturgique-des-juifs-dethiopie-un-destin-israelien\\\/#primaryimage\"},\"image\":{\"@id\":\"https:\\\/\\\/www.iemj.org\\\/es\\\/le-chant-liturgique-des-juifs-dethiopie-un-destin-israelien\\\/#primaryimage\"},\"thumbnailUrl\":\"https:\\\/\\\/www.iemj.org\\\/wp-content\\\/uploads\\\/2023\\\/02\\\/Logo-article-Conf.-Chant-Lit-J-Ethiopie.jpg\",\"datePublished\":\"2023-02-28T16:16:22+00:00\",\"dateModified\":\"2023-03-01T10:22:42+00:00\",\"breadcrumb\":{\"@id\":\"https:\\\/\\\/www.iemj.org\\\/es\\\/le-chant-liturgique-des-juifs-dethiopie-un-destin-israelien\\\/#breadcrumb\"},\"inLanguage\":\"es\",\"potentialAction\":[{\"@type\":\"ReadAction\",\"target\":[\"https:\\\/\\\/www.iemj.org\\\/es\\\/le-chant-liturgique-des-juifs-dethiopie-un-destin-israelien\\\/\"]}]},{\"@type\":\"ImageObject\",\"inLanguage\":\"es\",\"@id\":\"https:\\\/\\\/www.iemj.org\\\/es\\\/le-chant-liturgique-des-juifs-dethiopie-un-destin-israelien\\\/#primaryimage\",\"url\":\"https:\\\/\\\/www.iemj.org\\\/wp-content\\\/uploads\\\/2023\\\/02\\\/Logo-article-Conf.-Chant-Lit-J-Ethiopie.jpg\",\"contentUrl\":\"https:\\\/\\\/www.iemj.org\\\/wp-content\\\/uploads\\\/2023\\\/02\\\/Logo-article-Conf.-Chant-Lit-J-Ethiopie.jpg\",\"width\":500,\"height\":500},{\"@type\":\"BreadcrumbList\",\"@id\":\"https:\\\/\\\/www.iemj.org\\\/es\\\/le-chant-liturgique-des-juifs-dethiopie-un-destin-israelien\\\/#breadcrumb\",\"itemListElement\":[{\"@type\":\"ListItem\",\"position\":1,\"name\":\"Accueil\",\"item\":\"https:\\\/\\\/www.iemj.org\\\/es\\\/\"},{\"@type\":\"ListItem\",\"position\":2,\"name\":\"El canto lit\u00fargico de los jud\u00edos et\u00edopes: un destino israel\u00ed\"}]},{\"@type\":\"WebSite\",\"@id\":\"https:\\\/\\\/www.iemj.org\\\/es\\\/#website\",\"url\":\"https:\\\/\\\/www.iemj.org\\\/es\\\/\",\"name\":\"Institut Europ\u00e9en des Musiques Juives\",\"description\":\"Des traditions musicales \u00e0 la port\u00e9e de tous\",\"publisher\":{\"@id\":\"https:\\\/\\\/www.iemj.org\\\/es\\\/#organization\"},\"potentialAction\":[{\"@type\":\"SearchAction\",\"target\":{\"@type\":\"EntryPoint\",\"urlTemplate\":\"https:\\\/\\\/www.iemj.org\\\/es\\\/?s={search_term_string}\"},\"query-input\":{\"@type\":\"PropertyValueSpecification\",\"valueRequired\":true,\"valueName\":\"search_term_string\"}}],\"inLanguage\":\"es\"},{\"@type\":\"Organization\",\"@id\":\"https:\\\/\\\/www.iemj.org\\\/es\\\/#organization\",\"name\":\"Institut Europ\u00e9en des Musiques Juives\",\"url\":\"https:\\\/\\\/www.iemj.org\\\/es\\\/\",\"logo\":{\"@type\":\"ImageObject\",\"inLanguage\":\"es\",\"@id\":\"https:\\\/\\\/www.iemj.org\\\/es\\\/#\\\/schema\\\/logo\\\/image\\\/\",\"url\":\"https:\\\/\\\/www.iemj.org\\\/wp-content\\\/uploads\\\/2021\\\/09\\\/Logo-IEMJ-Paypal.jpg\",\"contentUrl\":\"https:\\\/\\\/www.iemj.org\\\/wp-content\\\/uploads\\\/2021\\\/09\\\/Logo-IEMJ-Paypal.jpg\",\"width\":150,\"height\":50,\"caption\":\"Institut Europ\u00e9en des Musiques Juives\"},\"image\":{\"@id\":\"https:\\\/\\\/www.iemj.org\\\/es\\\/#\\\/schema\\\/logo\\\/image\\\/\"},\"sameAs\":[\"https:\\\/\\\/www.facebook.com\\\/MusiquesJuives\\\/\",\"https:\\\/\\\/www.instagram.com\\\/musiquesjuives\\\/\",\"https:\\\/\\\/www.youtube.com\\\/user\\\/musiquesjuives\"]},{\"@type\":\"Person\",\"@id\":\"https:\\\/\\\/www.iemj.org\\\/es\\\/#\\\/schema\\\/person\\\/358e26c18aca017fcc4cc15437f7279c\",\"name\":\"Jacqueline ROTEN\",\"image\":{\"@type\":\"ImageObject\",\"inLanguage\":\"es\",\"@id\":\"https:\\\/\\\/secure.gravatar.com\\\/avatar\\\/5964256d6c6957de3a3505278957e0fb2a35119ac47ea41827a65301213c810b?s=96&d=mm&r=g\",\"url\":\"https:\\\/\\\/secure.gravatar.com\\\/avatar\\\/5964256d6c6957de3a3505278957e0fb2a35119ac47ea41827a65301213c810b?s=96&d=mm&r=g\",\"contentUrl\":\"https:\\\/\\\/secure.gravatar.com\\\/avatar\\\/5964256d6c6957de3a3505278957e0fb2a35119ac47ea41827a65301213c810b?s=96&d=mm&r=g\",\"caption\":\"Jacqueline ROTEN\"}}]}<\/script>\n<!-- \/ Yoast SEO plugin. -->","yoast_head_json":{"title":"El canto lit\u00fargico de los jud\u00edos et\u00edopes: un destino israel\u00ed - Institut Europ\u00e9en des Musiques Juives","robots":{"index":"index","follow":"follow","max-snippet":"max-snippet:-1","max-image-preview":"max-image-preview:large","max-video-preview":"max-video-preview:-1"},"canonical":"https:\/\/www.iemj.org\/es\/le-chant-liturgique-des-juifs-dethiopie-un-destin-israelien\/","og_locale":"es_ES","og_type":"article","og_title":"El canto lit\u00fargico de los jud\u00edos et\u00edopes: un destino israel\u00ed - Institut Europ\u00e9en des Musiques Juives","og_url":"https:\/\/www.iemj.org\/es\/le-chant-liturgique-des-juifs-dethiopie-un-destin-israelien\/","og_site_name":"Institut Europ\u00e9en des Musiques Juives","article_publisher":"https:\/\/www.facebook.com\/MusiquesJuives\/","article_published_time":"2023-02-28T16:16:22+00:00","article_modified_time":"2023-03-01T10:22:42+00:00","og_image":[{"width":500,"height":500,"url":"https:\/\/www.iemj.org\/wp-content\/uploads\/2023\/02\/Logo-article-Conf.-Chant-Lit-J-Ethiopie.jpg","type":"image\/jpeg"}],"author":"Jacqueline ROTEN","twitter_card":"summary_large_image","twitter_misc":{"Escrito por":"Jacqueline ROTEN","Tiempo de lectura":"3 minutos"},"schema":{"@context":"https:\/\/schema.org","@graph":[{"@type":"Article","@id":"https:\/\/www.iemj.org\/es\/le-chant-liturgique-des-juifs-dethiopie-un-destin-israelien\/#article","isPartOf":{"@id":"https:\/\/www.iemj.org\/es\/le-chant-liturgique-des-juifs-dethiopie-un-destin-israelien\/"},"author":{"name":"Jacqueline ROTEN","@id":"https:\/\/www.iemj.org\/es\/#\/schema\/person\/358e26c18aca017fcc4cc15437f7279c"},"headline":"El canto lit\u00fargico de los jud\u00edos et\u00edopes: un destino israel\u00ed","datePublished":"2023-02-28T16:16:22+00:00","dateModified":"2023-03-01T10:22:42+00:00","mainEntityOfPage":{"@id":"https:\/\/www.iemj.org\/es\/le-chant-liturgique-des-juifs-dethiopie-un-destin-israelien\/"},"wordCount":388,"publisher":{"@id":"https:\/\/www.iemj.org\/es\/#organization"},"image":{"@id":"https:\/\/www.iemj.org\/es\/le-chant-liturgique-des-juifs-dethiopie-un-destin-israelien\/#primaryimage"},"thumbnailUrl":"https:\/\/www.iemj.org\/wp-content\/uploads\/2023\/02\/Logo-article-Conf.-Chant-Lit-J-Ethiopie.jpg","keywords":["Etiop\u00eda","Eventos IEMJ"],"articleSection":["Clases \/ Conferencias","Manifestaciones"],"inLanguage":"es"},{"@type":"WebPage","@id":"https:\/\/www.iemj.org\/es\/le-chant-liturgique-des-juifs-dethiopie-un-destin-israelien\/","url":"https:\/\/www.iemj.org\/es\/le-chant-liturgique-des-juifs-dethiopie-un-destin-israelien\/","name":"El canto lit\u00fargico de los jud\u00edos et\u00edopes: un destino israel\u00ed - Institut Europ\u00e9en des Musiques Juives","isPartOf":{"@id":"https:\/\/www.iemj.org\/es\/#website"},"primaryImageOfPage":{"@id":"https:\/\/www.iemj.org\/es\/le-chant-liturgique-des-juifs-dethiopie-un-destin-israelien\/#primaryimage"},"image":{"@id":"https:\/\/www.iemj.org\/es\/le-chant-liturgique-des-juifs-dethiopie-un-destin-israelien\/#primaryimage"},"thumbnailUrl":"https:\/\/www.iemj.org\/wp-content\/uploads\/2023\/02\/Logo-article-Conf.-Chant-Lit-J-Ethiopie.jpg","datePublished":"2023-02-28T16:16:22+00:00","dateModified":"2023-03-01T10:22:42+00:00","breadcrumb":{"@id":"https:\/\/www.iemj.org\/es\/le-chant-liturgique-des-juifs-dethiopie-un-destin-israelien\/#breadcrumb"},"inLanguage":"es","potentialAction":[{"@type":"ReadAction","target":["https:\/\/www.iemj.org\/es\/le-chant-liturgique-des-juifs-dethiopie-un-destin-israelien\/"]}]},{"@type":"ImageObject","inLanguage":"es","@id":"https:\/\/www.iemj.org\/es\/le-chant-liturgique-des-juifs-dethiopie-un-destin-israelien\/#primaryimage","url":"https:\/\/www.iemj.org\/wp-content\/uploads\/2023\/02\/Logo-article-Conf.-Chant-Lit-J-Ethiopie.jpg","contentUrl":"https:\/\/www.iemj.org\/wp-content\/uploads\/2023\/02\/Logo-article-Conf.-Chant-Lit-J-Ethiopie.jpg","width":500,"height":500},{"@type":"BreadcrumbList","@id":"https:\/\/www.iemj.org\/es\/le-chant-liturgique-des-juifs-dethiopie-un-destin-israelien\/#breadcrumb","itemListElement":[{"@type":"ListItem","position":1,"name":"Accueil","item":"https:\/\/www.iemj.org\/es\/"},{"@type":"ListItem","position":2,"name":"El canto lit\u00fargico de los jud\u00edos et\u00edopes: un destino israel\u00ed"}]},{"@type":"WebSite","@id":"https:\/\/www.iemj.org\/es\/#website","url":"https:\/\/www.iemj.org\/es\/","name":"Institut Europ\u00e9en des Musiques Juives","description":"Des traditions musicales \u00e0 la port\u00e9e de tous","publisher":{"@id":"https:\/\/www.iemj.org\/es\/#organization"},"potentialAction":[{"@type":"SearchAction","target":{"@type":"EntryPoint","urlTemplate":"https:\/\/www.iemj.org\/es\/?s={search_term_string}"},"query-input":{"@type":"PropertyValueSpecification","valueRequired":true,"valueName":"search_term_string"}}],"inLanguage":"es"},{"@type":"Organization","@id":"https:\/\/www.iemj.org\/es\/#organization","name":"Institut Europ\u00e9en des Musiques Juives","url":"https:\/\/www.iemj.org\/es\/","logo":{"@type":"ImageObject","inLanguage":"es","@id":"https:\/\/www.iemj.org\/es\/#\/schema\/logo\/image\/","url":"https:\/\/www.iemj.org\/wp-content\/uploads\/2021\/09\/Logo-IEMJ-Paypal.jpg","contentUrl":"https:\/\/www.iemj.org\/wp-content\/uploads\/2021\/09\/Logo-IEMJ-Paypal.jpg","width":150,"height":50,"caption":"Institut Europ\u00e9en des Musiques Juives"},"image":{"@id":"https:\/\/www.iemj.org\/es\/#\/schema\/logo\/image\/"},"sameAs":["https:\/\/www.facebook.com\/MusiquesJuives\/","https:\/\/www.instagram.com\/musiquesjuives\/","https:\/\/www.youtube.com\/user\/musiquesjuives"]},{"@type":"Person","@id":"https:\/\/www.iemj.org\/es\/#\/schema\/person\/358e26c18aca017fcc4cc15437f7279c","name":"Jacqueline ROTEN","image":{"@type":"ImageObject","inLanguage":"es","@id":"https:\/\/secure.gravatar.com\/avatar\/5964256d6c6957de3a3505278957e0fb2a35119ac47ea41827a65301213c810b?s=96&d=mm&r=g","url":"https:\/\/secure.gravatar.com\/avatar\/5964256d6c6957de3a3505278957e0fb2a35119ac47ea41827a65301213c810b?s=96&d=mm&r=g","contentUrl":"https:\/\/secure.gravatar.com\/avatar\/5964256d6c6957de3a3505278957e0fb2a35119ac47ea41827a65301213c810b?s=96&d=mm&r=g","caption":"Jacqueline ROTEN"}}]}},"_links":{"self":[{"href":"https:\/\/www.iemj.org\/es\/wp-json\/wp\/v2\/posts\/95017","targetHints":{"allow":["GET"]}}],"collection":[{"href":"https:\/\/www.iemj.org\/es\/wp-json\/wp\/v2\/posts"}],"about":[{"href":"https:\/\/www.iemj.org\/es\/wp-json\/wp\/v2\/types\/post"}],"author":[{"embeddable":true,"href":"https:\/\/www.iemj.org\/es\/wp-json\/wp\/v2\/users\/5"}],"replies":[{"embeddable":true,"href":"https:\/\/www.iemj.org\/es\/wp-json\/wp\/v2\/comments?post=95017"}],"version-history":[{"count":0,"href":"https:\/\/www.iemj.org\/es\/wp-json\/wp\/v2\/posts\/95017\/revisions"}],"wp:featuredmedia":[{"embeddable":true,"href":"https:\/\/www.iemj.org\/es\/wp-json\/wp\/v2\/media\/95009"}],"wp:attachment":[{"href":"https:\/\/www.iemj.org\/es\/wp-json\/wp\/v2\/media?parent=95017"}],"wp:term":[{"taxonomy":"category","embeddable":true,"href":"https:\/\/www.iemj.org\/es\/wp-json\/wp\/v2\/categories?post=95017"},{"taxonomy":"post_tag","embeddable":true,"href":"https:\/\/www.iemj.org\/es\/wp-json\/wp\/v2\/tags?post=95017"},{"taxonomy":"technique","embeddable":true,"href":"https:\/\/www.iemj.org\/es\/wp-json\/wp\/v2\/technique?post=95017"},{"taxonomy":"squelettes","embeddable":true,"href":"https:\/\/www.iemj.org\/es\/wp-json\/wp\/v2\/squelettes?post=95017"},{"taxonomy":"sujet","embeddable":true,"href":"https:\/\/www.iemj.org\/es\/wp-json\/wp\/v2\/sujet?post=95017"},{"taxonomy":"formation","embeddable":true,"href":"https:\/\/www.iemj.org\/es\/wp-json\/wp\/v2\/formation?post=95017"},{"taxonomy":"genre","embeddable":true,"href":"https:\/\/www.iemj.org\/es\/wp-json\/wp\/v2\/genre?post=95017"},{"taxonomy":"fonds","embeddable":true,"href":"https:\/\/www.iemj.org\/es\/wp-json\/wp\/v2\/fonds?post=95017"},{"taxonomy":"tradition","embeddable":true,"href":"https:\/\/www.iemj.org\/es\/wp-json\/wp\/v2\/tradition?post=95017"},{"taxonomy":"type-de-contenu","embeddable":true,"href":"https:\/\/www.iemj.org\/es\/wp-json\/wp\/v2\/type-de-contenu?post=95017"},{"taxonomy":"interprete-compositeur","embeddable":true,"href":"https:\/\/www.iemj.org\/es\/wp-json\/wp\/v2\/interprete-compositeur?post=95017"},{"taxonomy":"frise","embeddable":true,"href":"https:\/\/www.iemj.org\/es\/wp-json\/wp\/v2\/frise?post=95017"},{"taxonomy":"type-devenement","embeddable":true,"href":"https:\/\/www.iemj.org\/es\/wp-json\/wp\/v2\/type-devenement?post=95017"},{"taxonomy":"tableaux-liens-externes","embeddable":true,"href":"https:\/\/www.iemj.org\/es\/wp-json\/wp\/v2\/tableaux-liens-externes?post=95017"}],"curies":[{"name":"wp","href":"https:\/\/api.w.org\/{rel}","templated":true}]}}