{"id":95282,"date":"2023-03-07T11:35:22","date_gmt":"2023-03-07T10:35:22","guid":{"rendered":"https:\/\/www.iemj.org\/chamber-works-by-alberto-hemsi\/"},"modified":"2025-10-19T17:45:38","modified_gmt":"2025-10-19T15:45:38","slug":"chamber-works-by-alberto-hemsi","status":"publish","type":"post","link":"https:\/\/www.iemj.org\/es\/chamber-works-by-alberto-hemsi\/","title":{"rendered":"Chamber Works by Alberto Hemsi"},"content":{"rendered":"<p><!--more--><\/p>\n<p><strong>Chandos Records Ltd, 2022<\/strong><\/p>\n<p>En julio de 2004, Myriam Capelluto Hemsi don\u00f3 al Instituto Europeo de las M\u00fasicas Jud\u00edas todo los archivos musicales de su marido, el compositor jud\u00edo-espa\u00f1ol <a href=\"https:\/\/www.iemj.org\/es\/hemsi-alberto-1898-1975\/\">Alberto Hemsi<\/a> (1896 \u2013 1975). Estos archivos conten\u00edan 226 partituras impresas y manuscritas de Alberto Hemsi, incluidas muchas obras in\u00e9ditas, que est\u00e1n accesibles en el cat\u00e1logo del IEMJ.<\/p>\n<p>Gran parte de la obra de Hemsi est\u00e1 ligada a la m\u00fasica judeoespa\u00f1ola, m\u00fasica que form\u00f3 parte de su infancia en el Imperio Otomano. Tras unos s\u00f3lidos estudios musicales en Mil\u00e1n (Italia) entre 1913 y 1919, Hemsi emprendi\u00f3 investigaciones etnogr\u00e1ficas y folcl\u00f3ricas a su regreso a su pa\u00eds natal, sobre todo entre las ancianas y cantaderas, esas cantantes semiprofesionales, famosas por sus bellas voces, a las que las familias invitaban a cantar en acontecimientos especiales (bodas y otras celebraciones). Ha recogido y recopilado 60 canciones tradicionales judeoespa\u00f1olas (Les Coplas Sefardies), a las que ha dado un original acompa\u00f1amiento de piano que recuerda a los grandes pianistas-compositores de principios de siglo &#8211; Enrique Granados, Isaac Alb\u00e9niz y, sobre todo, Manuel de Falla y Maurice Ravel.<\/p>\n<p><img fetchpriority=\"high\" decoding=\"async\" class=\"size-medium wp-image-95252 alignright\" src=\"https:\/\/www.iemj.org\/wp-content\/uploads\/2023\/03\/alberto-hemsi-20-ans-192x300.jpg\" alt=\"\" width=\"192\" height=\"300\" srcset=\"https:\/\/www.iemj.org\/wp-content\/uploads\/2023\/03\/alberto-hemsi-20-ans-192x300.jpg 192w, https:\/\/www.iemj.org\/wp-content\/uploads\/2023\/03\/alberto-hemsi-20-ans.jpg 320w\" sizes=\"(max-width: 192px) 100vw, 192px\" \/>Las Coplas Sefardies se han publicado en varias ediciones fonogr\u00e1ficas desde 1990 (con los cantantes Mira Zakai, Pedro Aledo, Assaf Levitin, Tehila Nini Goldstein&#8230;), pero hasta ahora nunca se hab\u00edan grabado las obras instrumentales de Hemsi. El ARC Ensemble de Toronto subsana este olvido con la publicaci\u00f3n del CD <em>Chamber Works by Alberto Hemsi<\/em> en octubre de 2022. Este CD, publicado por Chandos en la colecci\u00f3n \u00abMusic in Exile\u00bb, presenta una selecci\u00f3n de cinco obras instrumentales de Hemsi, magn\u00edficamente interpretadas por Marie B\u00e9rard, Erika Raum y Emily Kruspe (violines), Steven Dann y Julien Altmann (violas), Tom Wiebe (violonchelo) y Kevin Ahfat (piano).<\/p>\n<p>La mayor\u00eda de estas obras se estrenan mundialmente. As\u00ed, las<em> Danze nuziali greche (Danzas nupciales griegas)<\/em> para violonchelo y piano, Op. 37, probablemente la \u00faltima obra que Hemsi termin\u00f3 antes de trasladarse a Par\u00eds, presentan a tres participantes en la boda, la suegra, la novia y el padrino. Dedicadas a dos fil\u00e1ntropos jud\u00edos, les <em>Tre Arie Antiche (dalle \u00abCoplas Sefardies\u00bb) <\/em>para cuarteto de cuerda, op. 30, son transcripciones de tres canciones que Hemsi hab\u00eda arreglado originalmente con acompa\u00f1amiento de piano. La <em>Pilp\u00fal Sonata\u00a0<\/em>para viol\u00edn y piano, op. 27, se inspira en aspectos ir\u00f3nicos de la argumentaci\u00f3n talm\u00fadica, creando una obra cautivadora que incorpora elementos del jazz y del impresionismo. En <img decoding=\"async\" class=\"size-medium wp-image-95261 alignright\" src=\"https:\/\/www.iemj.org\/wp-content\/uploads\/2023\/03\/photo-Arc-Ensemble-200x300.jpg\" alt=\"\" width=\"200\" height=\"300\" srcset=\"https:\/\/www.iemj.org\/wp-content\/uploads\/2023\/03\/photo-Arc-Ensemble-200x300.jpg 200w, https:\/\/www.iemj.org\/wp-content\/uploads\/2023\/03\/photo-Arc-Ensemble.jpg 333w\" sizes=\"(max-width: 200px) 100vw, 200px\" \/>el\u00a0<em>Quintet<\/em> para viola y cuarteto de cuerda, Op. 28, Hemsi rompe con el uso de temas sefard\u00edes e incluye un movimiento que imita una danza zapateada y otro que suena sospechosamente como una giga inglesa. En la\u00a0<em>M\u00e9ditation (al estilo armenio)<\/em> para violonchelo y piano, Op. 16, difundida en Egipto en los a\u00f1os veinte y treinta, las r\u00e1pidas notas repetidas del piano, los trinos decorativos y las florituras de arpegio evocan el santuri griego, un instrumento de cuerda pulsada parecido al dulcimer o al tympanon.<\/p>\n<p>Con la publicaci\u00f3n de este \u00e1lbum, el ARC Ensemble, nominado a los Grammy, ha dado un golpe maestro que atraer\u00e1 a los oyentes a escuchar Hemsi y a los m\u00fasicos a tocarlo.<\/p>\n<p>Un disco magn\u00edfico y salvador&#8230;<\/p>\n<ul>\n<li><a href=\"https:\/\/www.rcmusic.com\/about-us\/news\/arc-ensemble-uncovers-hidden-treasure-the-music-of\" target=\"_blank\" rel=\"noopener\">M\u00e1s informaci\u00f3n sobre el CD Chamber Works by Alberto Hemsi<\/a><\/li>\n<li><a href=\"https:\/\/www.iemj.org\/es\/walter-kaufmann-musique-de-chambre\/\" target=\"_blank\" rel=\"noopener\">Descubrir los otros CD de la colecci\u00f3n Music in Exile<\/a><\/li>\n<li><a href=\"https:\/\/www.iemj.org\/es\/categorie-produit\/partituras-es\/compositores-es\/hemsi-alberto-es\/\" target=\"_blank\" rel=\"noopener\">Pedir partituras de Alberto Hemsi en la tienda del IEMJ<\/a><\/li>\n<li><a href=\"https:\/\/www.iemj.org\/es\/produit\/alberto-hemsi-coplas-sefardies\/\" target=\"_blank\" rel=\"noopener\">Pedir el CD Alberto Hemsi, Coplas sefardies, coll. Patrimoines Musicaux des Juifs de France, Edition de l\u2019IEMJ, 2004.<\/a><\/li>\n<li><a href=\"https:\/\/www.iemj.org\/es\/alberto-hemsi-coplas-sefardies\/\" target=\"_blank\" rel=\"noopener\">Escuchar extractos del CD Alberto Hemsi, Coplas sefardies.<\/a><\/li>\n<li><a href=\"https:\/\/www.iemj.org\/es\/video-alberto-hemsi-un-compositeur-au-service-de-la-culture-sefarade\/\" target=\"_blank\" rel=\"noopener\">Ver la v\u00eddeo sobre Alberto Hemsi<\/a><\/li>\n<li><a href=\"https:\/\/www.youtube.com\/playlist?list=PLx_IKco0CteD3pmz8kaz9Jcz7Ge0kVHuw\" target=\"_blank\" rel=\"noopener\">Ver a Alberto Hemsi en nuestro canal de YouTube<\/a><\/li>\n<li><a href=\"http:\/\/www.rachelnet.net\/F\/?func=find-c&amp;ccl_term=WRD+%3D+Hemsi+Alberto&amp;local_base=iemcg\" target=\"_blank\" rel=\"noopener\">Consultar nuestros archivos sobre Alberto Hemsi<\/a><\/li>\n<\/ul>\n<p><img decoding=\"async\" class=\" wp-image-95262 aligncenter\" src=\"https:\/\/www.iemj.org\/wp-content\/uploads\/2023\/03\/4e-COUV-CD-HEMSI-300x234.jpg\" alt=\"\" width=\"729\" height=\"569\" srcset=\"https:\/\/www.iemj.org\/wp-content\/uploads\/2023\/03\/4e-COUV-CD-HEMSI-300x234.jpg 300w, https:\/\/www.iemj.org\/wp-content\/uploads\/2023\/03\/4e-COUV-CD-HEMSI-600x469.jpg 600w, https:\/\/www.iemj.org\/wp-content\/uploads\/2023\/03\/4e-COUV-CD-HEMSI.jpg 700w\" sizes=\"(max-width: 729px) 100vw, 729px\" \/><\/p>\n\n\n<figure class=\"wp-block-embed is-type-video is-provider-youtube wp-block-embed-youtube wp-embed-aspect-16-9 wp-has-aspect-ratio\"><div class=\"wp-block-embed__wrapper\">\n<iframe title=\"ARC Ensemble: Alberto Hemsi, Chamber Works\" width=\"640\" height=\"360\" src=\"https:\/\/www.youtube.com\/embed\/y4w36KptkhU?feature=oembed\" frameborder=\"0\" allow=\"accelerometer; autoplay; clipboard-write; encrypted-media; gyroscope; picture-in-picture; web-share\" referrerpolicy=\"strict-origin-when-cross-origin\" allowfullscreen><\/iframe>\n<\/div><\/figure>\n\n\n<div class=\"wp-block-image\">\n<figure class=\"aligncenter size-large\"><img loading=\"lazy\" decoding=\"async\" width=\"1024\" height=\"133\" src=\"https:\/\/www.iemj.org\/wp-content\/uploads\/2024\/03\/AUDIO-PLAYER-1024x133.png\" alt=\"\" class=\"wp-image-110610\" srcset=\"https:\/\/www.iemj.org\/wp-content\/uploads\/2024\/03\/AUDIO-PLAYER-1024x133.png 1024w, https:\/\/www.iemj.org\/wp-content\/uploads\/2024\/03\/AUDIO-PLAYER-300x39.png 300w, https:\/\/www.iemj.org\/wp-content\/uploads\/2024\/03\/AUDIO-PLAYER-768x100.png 768w, https:\/\/www.iemj.org\/wp-content\/uploads\/2024\/03\/AUDIO-PLAYER-600x78.png 600w, https:\/\/www.iemj.org\/wp-content\/uploads\/2024\/03\/AUDIO-PLAYER.png 1210w\" sizes=\"(max-width: 1024px) 100vw, 1024px\" \/><\/figure>\n<\/div>","protected":false},"excerpt":{"rendered":"","protected":false},"author":5,"featured_media":95271,"comment_status":"closed","ping_status":"closed","sticky":false,"template":"","format":"standard","meta":{"_acf_changed":false,"footnotes":""},"categories":[1568,1565],"tags":[],"technique":[],"squelettes":[],"sujet":[],"formation":[],"genre":[],"fonds":[],"tradition":[],"type-de-contenu":[],"interprete-compositeur":[3080],"frise":[],"type-devenement":[],"tableaux-liens-externes":[],"class_list":["post-95282","post","type-post","status-publish","format-standard","has-post-thumbnail","hentry","category-cd-es","category-ultimas-adquisiciones-es","interprete-compositeur-alberto-hemsi-es"],"acf":[],"yoast_head":"<!-- This site is optimized with the Yoast SEO plugin v27.3 - https:\/\/yoast.com\/product\/yoast-seo-wordpress\/ -->\n<title>Chamber Works by Alberto Hemsi - Institut Europ\u00e9en des Musiques Juives<\/title>\n<meta name=\"robots\" content=\"index, follow, max-snippet:-1, max-image-preview:large, max-video-preview:-1\" \/>\n<link rel=\"canonical\" href=\"https:\/\/www.iemj.org\/es\/chamber-works-by-alberto-hemsi\/\" \/>\n<meta property=\"og:locale\" content=\"es_ES\" \/>\n<meta property=\"og:type\" content=\"article\" \/>\n<meta property=\"og:title\" content=\"Chamber Works by Alberto Hemsi - Institut Europ\u00e9en des Musiques Juives\" \/>\n<meta property=\"og:url\" content=\"https:\/\/www.iemj.org\/es\/chamber-works-by-alberto-hemsi\/\" \/>\n<meta property=\"og:site_name\" content=\"Institut Europ\u00e9en des Musiques Juives\" \/>\n<meta property=\"article:publisher\" content=\"https:\/\/www.facebook.com\/MusiquesJuives\/\" \/>\n<meta property=\"article:published_time\" content=\"2023-03-07T10:35:22+00:00\" \/>\n<meta property=\"article:modified_time\" content=\"2025-10-19T15:45:38+00:00\" \/>\n<meta property=\"og:image\" content=\"https:\/\/www.iemj.org\/wp-content\/uploads\/2023\/03\/Logo-CD-Hemsi-Arc-Ensemble.jpg\" \/>\n\t<meta property=\"og:image:width\" content=\"500\" \/>\n\t<meta property=\"og:image:height\" content=\"500\" \/>\n\t<meta property=\"og:image:type\" content=\"image\/jpeg\" \/>\n<meta name=\"author\" content=\"Jacqueline ROTEN\" \/>\n<meta name=\"twitter:card\" content=\"summary_large_image\" \/>\n<meta name=\"twitter:label1\" content=\"Escrito por\" \/>\n\t<meta name=\"twitter:data1\" content=\"Jacqueline ROTEN\" \/>\n\t<meta name=\"twitter:label2\" content=\"Tiempo de lectura\" \/>\n\t<meta name=\"twitter:data2\" content=\"5 minutos\" \/>\n<script type=\"application\/ld+json\" class=\"yoast-schema-graph\">{\"@context\":\"https:\\\/\\\/schema.org\",\"@graph\":[{\"@type\":\"Article\",\"@id\":\"https:\\\/\\\/www.iemj.org\\\/es\\\/chamber-works-by-alberto-hemsi\\\/#article\",\"isPartOf\":{\"@id\":\"https:\\\/\\\/www.iemj.org\\\/es\\\/chamber-works-by-alberto-hemsi\\\/\"},\"author\":{\"name\":\"Jacqueline ROTEN\",\"@id\":\"https:\\\/\\\/www.iemj.org\\\/es\\\/#\\\/schema\\\/person\\\/358e26c18aca017fcc4cc15437f7279c\"},\"headline\":\"Chamber Works by Alberto Hemsi\",\"datePublished\":\"2023-03-07T10:35:22+00:00\",\"dateModified\":\"2025-10-19T15:45:38+00:00\",\"mainEntityOfPage\":{\"@id\":\"https:\\\/\\\/www.iemj.org\\\/es\\\/chamber-works-by-alberto-hemsi\\\/\"},\"wordCount\":637,\"publisher\":{\"@id\":\"https:\\\/\\\/www.iemj.org\\\/es\\\/#organization\"},\"image\":{\"@id\":\"https:\\\/\\\/www.iemj.org\\\/es\\\/chamber-works-by-alberto-hemsi\\\/#primaryimage\"},\"thumbnailUrl\":\"https:\\\/\\\/www.iemj.org\\\/wp-content\\\/uploads\\\/2023\\\/03\\\/Logo-CD-Hemsi-Arc-Ensemble.jpg\",\"articleSection\":[\"CD\",\"\u00daltimas adquisiciones\"],\"inLanguage\":\"es\"},{\"@type\":\"WebPage\",\"@id\":\"https:\\\/\\\/www.iemj.org\\\/es\\\/chamber-works-by-alberto-hemsi\\\/\",\"url\":\"https:\\\/\\\/www.iemj.org\\\/es\\\/chamber-works-by-alberto-hemsi\\\/\",\"name\":\"Chamber Works by Alberto Hemsi - Institut Europ\u00e9en des Musiques Juives\",\"isPartOf\":{\"@id\":\"https:\\\/\\\/www.iemj.org\\\/es\\\/#website\"},\"primaryImageOfPage\":{\"@id\":\"https:\\\/\\\/www.iemj.org\\\/es\\\/chamber-works-by-alberto-hemsi\\\/#primaryimage\"},\"image\":{\"@id\":\"https:\\\/\\\/www.iemj.org\\\/es\\\/chamber-works-by-alberto-hemsi\\\/#primaryimage\"},\"thumbnailUrl\":\"https:\\\/\\\/www.iemj.org\\\/wp-content\\\/uploads\\\/2023\\\/03\\\/Logo-CD-Hemsi-Arc-Ensemble.jpg\",\"datePublished\":\"2023-03-07T10:35:22+00:00\",\"dateModified\":\"2025-10-19T15:45:38+00:00\",\"breadcrumb\":{\"@id\":\"https:\\\/\\\/www.iemj.org\\\/es\\\/chamber-works-by-alberto-hemsi\\\/#breadcrumb\"},\"inLanguage\":\"es\",\"potentialAction\":[{\"@type\":\"ReadAction\",\"target\":[\"https:\\\/\\\/www.iemj.org\\\/es\\\/chamber-works-by-alberto-hemsi\\\/\"]}]},{\"@type\":\"ImageObject\",\"inLanguage\":\"es\",\"@id\":\"https:\\\/\\\/www.iemj.org\\\/es\\\/chamber-works-by-alberto-hemsi\\\/#primaryimage\",\"url\":\"https:\\\/\\\/www.iemj.org\\\/wp-content\\\/uploads\\\/2023\\\/03\\\/Logo-CD-Hemsi-Arc-Ensemble.jpg\",\"contentUrl\":\"https:\\\/\\\/www.iemj.org\\\/wp-content\\\/uploads\\\/2023\\\/03\\\/Logo-CD-Hemsi-Arc-Ensemble.jpg\",\"width\":500,\"height\":500},{\"@type\":\"BreadcrumbList\",\"@id\":\"https:\\\/\\\/www.iemj.org\\\/es\\\/chamber-works-by-alberto-hemsi\\\/#breadcrumb\",\"itemListElement\":[{\"@type\":\"ListItem\",\"position\":1,\"name\":\"Accueil\",\"item\":\"https:\\\/\\\/www.iemj.org\\\/es\\\/\"},{\"@type\":\"ListItem\",\"position\":2,\"name\":\"Chamber Works by Alberto Hemsi\"}]},{\"@type\":\"WebSite\",\"@id\":\"https:\\\/\\\/www.iemj.org\\\/es\\\/#website\",\"url\":\"https:\\\/\\\/www.iemj.org\\\/es\\\/\",\"name\":\"Institut Europ\u00e9en des Musiques Juives\",\"description\":\"Des traditions musicales \u00e0 la port\u00e9e de tous\",\"publisher\":{\"@id\":\"https:\\\/\\\/www.iemj.org\\\/es\\\/#organization\"},\"potentialAction\":[{\"@type\":\"SearchAction\",\"target\":{\"@type\":\"EntryPoint\",\"urlTemplate\":\"https:\\\/\\\/www.iemj.org\\\/es\\\/?s={search_term_string}\"},\"query-input\":{\"@type\":\"PropertyValueSpecification\",\"valueRequired\":true,\"valueName\":\"search_term_string\"}}],\"inLanguage\":\"es\"},{\"@type\":\"Organization\",\"@id\":\"https:\\\/\\\/www.iemj.org\\\/es\\\/#organization\",\"name\":\"Institut Europ\u00e9en des Musiques Juives\",\"url\":\"https:\\\/\\\/www.iemj.org\\\/es\\\/\",\"logo\":{\"@type\":\"ImageObject\",\"inLanguage\":\"es\",\"@id\":\"https:\\\/\\\/www.iemj.org\\\/es\\\/#\\\/schema\\\/logo\\\/image\\\/\",\"url\":\"https:\\\/\\\/www.iemj.org\\\/wp-content\\\/uploads\\\/2021\\\/09\\\/Logo-IEMJ-Paypal.jpg\",\"contentUrl\":\"https:\\\/\\\/www.iemj.org\\\/wp-content\\\/uploads\\\/2021\\\/09\\\/Logo-IEMJ-Paypal.jpg\",\"width\":150,\"height\":50,\"caption\":\"Institut Europ\u00e9en des Musiques Juives\"},\"image\":{\"@id\":\"https:\\\/\\\/www.iemj.org\\\/es\\\/#\\\/schema\\\/logo\\\/image\\\/\"},\"sameAs\":[\"https:\\\/\\\/www.facebook.com\\\/MusiquesJuives\\\/\",\"https:\\\/\\\/www.instagram.com\\\/musiquesjuives\\\/\",\"https:\\\/\\\/www.youtube.com\\\/user\\\/musiquesjuives\"]},{\"@type\":\"Person\",\"@id\":\"https:\\\/\\\/www.iemj.org\\\/es\\\/#\\\/schema\\\/person\\\/358e26c18aca017fcc4cc15437f7279c\",\"name\":\"Jacqueline ROTEN\",\"image\":{\"@type\":\"ImageObject\",\"inLanguage\":\"es\",\"@id\":\"https:\\\/\\\/secure.gravatar.com\\\/avatar\\\/5964256d6c6957de3a3505278957e0fb2a35119ac47ea41827a65301213c810b?s=96&d=mm&r=g\",\"url\":\"https:\\\/\\\/secure.gravatar.com\\\/avatar\\\/5964256d6c6957de3a3505278957e0fb2a35119ac47ea41827a65301213c810b?s=96&d=mm&r=g\",\"contentUrl\":\"https:\\\/\\\/secure.gravatar.com\\\/avatar\\\/5964256d6c6957de3a3505278957e0fb2a35119ac47ea41827a65301213c810b?s=96&d=mm&r=g\",\"caption\":\"Jacqueline ROTEN\"}}]}<\/script>\n<!-- \/ Yoast SEO plugin. -->","yoast_head_json":{"title":"Chamber Works by Alberto Hemsi - Institut Europ\u00e9en des Musiques Juives","robots":{"index":"index","follow":"follow","max-snippet":"max-snippet:-1","max-image-preview":"max-image-preview:large","max-video-preview":"max-video-preview:-1"},"canonical":"https:\/\/www.iemj.org\/es\/chamber-works-by-alberto-hemsi\/","og_locale":"es_ES","og_type":"article","og_title":"Chamber Works by Alberto Hemsi - Institut Europ\u00e9en des Musiques Juives","og_url":"https:\/\/www.iemj.org\/es\/chamber-works-by-alberto-hemsi\/","og_site_name":"Institut Europ\u00e9en des Musiques Juives","article_publisher":"https:\/\/www.facebook.com\/MusiquesJuives\/","article_published_time":"2023-03-07T10:35:22+00:00","article_modified_time":"2025-10-19T15:45:38+00:00","og_image":[{"width":500,"height":500,"url":"https:\/\/www.iemj.org\/wp-content\/uploads\/2023\/03\/Logo-CD-Hemsi-Arc-Ensemble.jpg","type":"image\/jpeg"}],"author":"Jacqueline ROTEN","twitter_card":"summary_large_image","twitter_misc":{"Escrito por":"Jacqueline ROTEN","Tiempo de lectura":"5 minutos"},"schema":{"@context":"https:\/\/schema.org","@graph":[{"@type":"Article","@id":"https:\/\/www.iemj.org\/es\/chamber-works-by-alberto-hemsi\/#article","isPartOf":{"@id":"https:\/\/www.iemj.org\/es\/chamber-works-by-alberto-hemsi\/"},"author":{"name":"Jacqueline ROTEN","@id":"https:\/\/www.iemj.org\/es\/#\/schema\/person\/358e26c18aca017fcc4cc15437f7279c"},"headline":"Chamber Works by Alberto Hemsi","datePublished":"2023-03-07T10:35:22+00:00","dateModified":"2025-10-19T15:45:38+00:00","mainEntityOfPage":{"@id":"https:\/\/www.iemj.org\/es\/chamber-works-by-alberto-hemsi\/"},"wordCount":637,"publisher":{"@id":"https:\/\/www.iemj.org\/es\/#organization"},"image":{"@id":"https:\/\/www.iemj.org\/es\/chamber-works-by-alberto-hemsi\/#primaryimage"},"thumbnailUrl":"https:\/\/www.iemj.org\/wp-content\/uploads\/2023\/03\/Logo-CD-Hemsi-Arc-Ensemble.jpg","articleSection":["CD","\u00daltimas adquisiciones"],"inLanguage":"es"},{"@type":"WebPage","@id":"https:\/\/www.iemj.org\/es\/chamber-works-by-alberto-hemsi\/","url":"https:\/\/www.iemj.org\/es\/chamber-works-by-alberto-hemsi\/","name":"Chamber Works by Alberto Hemsi - Institut Europ\u00e9en des Musiques Juives","isPartOf":{"@id":"https:\/\/www.iemj.org\/es\/#website"},"primaryImageOfPage":{"@id":"https:\/\/www.iemj.org\/es\/chamber-works-by-alberto-hemsi\/#primaryimage"},"image":{"@id":"https:\/\/www.iemj.org\/es\/chamber-works-by-alberto-hemsi\/#primaryimage"},"thumbnailUrl":"https:\/\/www.iemj.org\/wp-content\/uploads\/2023\/03\/Logo-CD-Hemsi-Arc-Ensemble.jpg","datePublished":"2023-03-07T10:35:22+00:00","dateModified":"2025-10-19T15:45:38+00:00","breadcrumb":{"@id":"https:\/\/www.iemj.org\/es\/chamber-works-by-alberto-hemsi\/#breadcrumb"},"inLanguage":"es","potentialAction":[{"@type":"ReadAction","target":["https:\/\/www.iemj.org\/es\/chamber-works-by-alberto-hemsi\/"]}]},{"@type":"ImageObject","inLanguage":"es","@id":"https:\/\/www.iemj.org\/es\/chamber-works-by-alberto-hemsi\/#primaryimage","url":"https:\/\/www.iemj.org\/wp-content\/uploads\/2023\/03\/Logo-CD-Hemsi-Arc-Ensemble.jpg","contentUrl":"https:\/\/www.iemj.org\/wp-content\/uploads\/2023\/03\/Logo-CD-Hemsi-Arc-Ensemble.jpg","width":500,"height":500},{"@type":"BreadcrumbList","@id":"https:\/\/www.iemj.org\/es\/chamber-works-by-alberto-hemsi\/#breadcrumb","itemListElement":[{"@type":"ListItem","position":1,"name":"Accueil","item":"https:\/\/www.iemj.org\/es\/"},{"@type":"ListItem","position":2,"name":"Chamber Works by Alberto Hemsi"}]},{"@type":"WebSite","@id":"https:\/\/www.iemj.org\/es\/#website","url":"https:\/\/www.iemj.org\/es\/","name":"Institut Europ\u00e9en des Musiques Juives","description":"Des traditions musicales \u00e0 la port\u00e9e de tous","publisher":{"@id":"https:\/\/www.iemj.org\/es\/#organization"},"potentialAction":[{"@type":"SearchAction","target":{"@type":"EntryPoint","urlTemplate":"https:\/\/www.iemj.org\/es\/?s={search_term_string}"},"query-input":{"@type":"PropertyValueSpecification","valueRequired":true,"valueName":"search_term_string"}}],"inLanguage":"es"},{"@type":"Organization","@id":"https:\/\/www.iemj.org\/es\/#organization","name":"Institut Europ\u00e9en des Musiques Juives","url":"https:\/\/www.iemj.org\/es\/","logo":{"@type":"ImageObject","inLanguage":"es","@id":"https:\/\/www.iemj.org\/es\/#\/schema\/logo\/image\/","url":"https:\/\/www.iemj.org\/wp-content\/uploads\/2021\/09\/Logo-IEMJ-Paypal.jpg","contentUrl":"https:\/\/www.iemj.org\/wp-content\/uploads\/2021\/09\/Logo-IEMJ-Paypal.jpg","width":150,"height":50,"caption":"Institut Europ\u00e9en des Musiques Juives"},"image":{"@id":"https:\/\/www.iemj.org\/es\/#\/schema\/logo\/image\/"},"sameAs":["https:\/\/www.facebook.com\/MusiquesJuives\/","https:\/\/www.instagram.com\/musiquesjuives\/","https:\/\/www.youtube.com\/user\/musiquesjuives"]},{"@type":"Person","@id":"https:\/\/www.iemj.org\/es\/#\/schema\/person\/358e26c18aca017fcc4cc15437f7279c","name":"Jacqueline ROTEN","image":{"@type":"ImageObject","inLanguage":"es","@id":"https:\/\/secure.gravatar.com\/avatar\/5964256d6c6957de3a3505278957e0fb2a35119ac47ea41827a65301213c810b?s=96&d=mm&r=g","url":"https:\/\/secure.gravatar.com\/avatar\/5964256d6c6957de3a3505278957e0fb2a35119ac47ea41827a65301213c810b?s=96&d=mm&r=g","contentUrl":"https:\/\/secure.gravatar.com\/avatar\/5964256d6c6957de3a3505278957e0fb2a35119ac47ea41827a65301213c810b?s=96&d=mm&r=g","caption":"Jacqueline ROTEN"}}]}},"_links":{"self":[{"href":"https:\/\/www.iemj.org\/es\/wp-json\/wp\/v2\/posts\/95282","targetHints":{"allow":["GET"]}}],"collection":[{"href":"https:\/\/www.iemj.org\/es\/wp-json\/wp\/v2\/posts"}],"about":[{"href":"https:\/\/www.iemj.org\/es\/wp-json\/wp\/v2\/types\/post"}],"author":[{"embeddable":true,"href":"https:\/\/www.iemj.org\/es\/wp-json\/wp\/v2\/users\/5"}],"replies":[{"embeddable":true,"href":"https:\/\/www.iemj.org\/es\/wp-json\/wp\/v2\/comments?post=95282"}],"version-history":[{"count":2,"href":"https:\/\/www.iemj.org\/es\/wp-json\/wp\/v2\/posts\/95282\/revisions"}],"predecessor-version":[{"id":127186,"href":"https:\/\/www.iemj.org\/es\/wp-json\/wp\/v2\/posts\/95282\/revisions\/127186"}],"wp:featuredmedia":[{"embeddable":true,"href":"https:\/\/www.iemj.org\/es\/wp-json\/wp\/v2\/media\/95271"}],"wp:attachment":[{"href":"https:\/\/www.iemj.org\/es\/wp-json\/wp\/v2\/media?parent=95282"}],"wp:term":[{"taxonomy":"category","embeddable":true,"href":"https:\/\/www.iemj.org\/es\/wp-json\/wp\/v2\/categories?post=95282"},{"taxonomy":"post_tag","embeddable":true,"href":"https:\/\/www.iemj.org\/es\/wp-json\/wp\/v2\/tags?post=95282"},{"taxonomy":"technique","embeddable":true,"href":"https:\/\/www.iemj.org\/es\/wp-json\/wp\/v2\/technique?post=95282"},{"taxonomy":"squelettes","embeddable":true,"href":"https:\/\/www.iemj.org\/es\/wp-json\/wp\/v2\/squelettes?post=95282"},{"taxonomy":"sujet","embeddable":true,"href":"https:\/\/www.iemj.org\/es\/wp-json\/wp\/v2\/sujet?post=95282"},{"taxonomy":"formation","embeddable":true,"href":"https:\/\/www.iemj.org\/es\/wp-json\/wp\/v2\/formation?post=95282"},{"taxonomy":"genre","embeddable":true,"href":"https:\/\/www.iemj.org\/es\/wp-json\/wp\/v2\/genre?post=95282"},{"taxonomy":"fonds","embeddable":true,"href":"https:\/\/www.iemj.org\/es\/wp-json\/wp\/v2\/fonds?post=95282"},{"taxonomy":"tradition","embeddable":true,"href":"https:\/\/www.iemj.org\/es\/wp-json\/wp\/v2\/tradition?post=95282"},{"taxonomy":"type-de-contenu","embeddable":true,"href":"https:\/\/www.iemj.org\/es\/wp-json\/wp\/v2\/type-de-contenu?post=95282"},{"taxonomy":"interprete-compositeur","embeddable":true,"href":"https:\/\/www.iemj.org\/es\/wp-json\/wp\/v2\/interprete-compositeur?post=95282"},{"taxonomy":"frise","embeddable":true,"href":"https:\/\/www.iemj.org\/es\/wp-json\/wp\/v2\/frise?post=95282"},{"taxonomy":"type-devenement","embeddable":true,"href":"https:\/\/www.iemj.org\/es\/wp-json\/wp\/v2\/type-devenement?post=95282"},{"taxonomy":"tableaux-liens-externes","embeddable":true,"href":"https:\/\/www.iemj.org\/es\/wp-json\/wp\/v2\/tableaux-liens-externes?post=95282"}],"curies":[{"name":"wp","href":"https:\/\/api.w.org\/{rel}","templated":true}]}}